{"id":15356207,"date":"2025-01-30T19:53:14","date_gmt":"2025-01-30T18:53:14","guid":{"rendered":"https:\/\/kapitalis.com\/tunisie\/?p=15356207"},"modified":"2025-01-30T19:54:06","modified_gmt":"2025-01-30T18:54:06","slug":"rd-congo-les-tunisiens-appeles-a-la-vigilance-et-a-eviter-les-zones-de-tension","status":"publish","type":"post","link":"https:\/\/kapitalis.com\/tunisie\/2025\/01\/30\/rd-congo-les-tunisiens-appeles-a-la-vigilance-et-a-eviter-les-zones-de-tension\/","title":{"rendered":"RD Congo : Les Tunisiens appel\u00e9s \u00e0 la vigilance et \u00e0 \u00e9viter les zones de tension"},"content":{"rendered":"\n<p><em><strong>L&rsquo;Ambassade de Tunisie \u00e0 Kinshasa est en contact permanent avec tous les ressortissants tunisiens r\u00e9sidant en R\u00e9publique D\u00e9mocratique du Congo et suit de pr\u00e8s leur situation, affirme le minist\u00e8re des Affaires \u00e9trang\u00e8res dans un communiqu\u00e9 publi\u00e9 ce jeudi 30 janvier 2025.<\/strong><\/em><\/p>\n\n\n\n<!--more-->\n\n\n\n<p>La Tunisie suit avec une grande inqui\u00e9tude la r\u00e9cente escalade s\u00e9curitaire survenue \u00e0 l&rsquo;Est de la R\u00e9publique D\u00e9mocratique du Congo, ayant entra\u00een\u00e9 la perte de vies humaines et plusieurs bless\u00e9s parmi les casques bleus de la Mission de l&rsquo;ONU pour la stabilisation en R\u00e9publique D\u00e9mocratique du Congo (MONUSCO).<\/p>\n\n\n\n<p>Tout en exprimant ses sinc\u00e8res condol\u00e9ances aux familles des victimes, la Tunisie consid\u00e8re que cette grave \u00e9volution risque de saper les efforts de paix en R\u00e9publique D\u00e9mocratique du Congo et pourrait constituer une menace pour la s\u00e9curit\u00e9 et la stabilit\u00e9 de la r\u00e9gion enti\u00e8re.<\/p>\n\n\n\n<p>Attach\u00e9e aux principes de la l\u00e9galit\u00e9 internationale et engag\u00e9e dans les op\u00e9rations de maintien de la paix depuis les ann\u00e9es 1960, la Tunisie appelle \u00e0 pr\u00e9server la souverainet\u00e9 de la R\u00e9publique D\u00e9mocratique du Congo, \u00e0 circonscrire cette escalade et \u00e0 respecter l&rsquo;Accord de cessez-le-feu conclu, le 31 juillet 2024, dans le cadre du processus de Luanda.<\/p>\n\n\n\n<p>La Tunisie r\u00e9affirme son soutien aux efforts africains et onusiens visant \u00e0 mettre fin aux op\u00e9rations militaires, dans le but d&rsquo;\u00e9pargner les victimes innocentes et d&rsquo;\u00e9viter une aggravation de la situation humanitaire.<\/p>\n\n\n\n<p>Elle confirme que tous les membres de la communaut\u00e9 tunisienne en R\u00e9publique D\u00e9mocratique du Congo, y compris le contingent tunisien aupr\u00e8s de la MONUSCO sont en s\u00e9curit\u00e9.<\/p>\n\n\n\n<p>Le Minist\u00e8re informe que l&rsquo;Ambassade de Tunisie \u00e0 Kinshasa est en contact permanent avec tous les ressortissants tunisiens r\u00e9sidant en R\u00e9publique D\u00e9mocratique du Congo et suit de pr\u00e8s leur situation, tout en les invitant \u00e0 prendre les mesures de prudence et de vigilance requises, et \u00e0 \u00e9viter les zones de tension.<\/p>\n\n\n\n<p class=\"has-text-align-right\"><strong>Communiqu\u00e9<\/strong><\/p>\n","protected":false},"excerpt":{"rendered":"<p>L&rsquo;Ambassade de Tunisie \u00e0 Kinshasa est en contact permanent avec tous les ressortissants tunisiens r\u00e9sidant en R\u00e9publique D\u00e9mocratique du Congo et suit de pr\u00e8s leur situation, affirme le minist\u00e8re des Affaires \u00e9trang\u00e8res dans un communiqu\u00e9 publi\u00e9 ce jeudi 30 janvier 2025.<\/p>\n","protected":false},"author":6,"featured_media":1338382,"comment_status":"open","ping_status":"open","sticky":false,"template":"","format":"standard","meta":{"footnotes":""},"categories":[997,998,2433],"tags":[36,1488,33241,9762,120473,35880,62643],"class_list":["post-15356207","post","type-post","status-publish","format-standard","has-post-thumbnail","hentry","category-politique","category-societe","category-tunisie","tag-affrontements","tag-congo","tag-kinshasa","tag-ministere-des-affaires-etrangeres","tag-monusco","tag-rdc","tag-tunisie"],"yoast_head":"<!-- This site is optimized with the Yoast SEO plugin v26.6 - https:\/\/yoast.com\/wordpress\/plugins\/seo\/ -->\n<title>RD Congo : Les Tunisiens appel\u00e9s \u00e0 la vigilance et \u00e0 \u00e9viter les zones de tension - Kapitalis<\/title>\n<meta name=\"robots\" content=\"index, follow, max-snippet:-1, max-image-preview:large, max-video-preview:-1\" \/>\n<link rel=\"canonical\" href=\"https:\/\/kapitalis.com\/tunisie\/2025\/01\/30\/rd-congo-les-tunisiens-appeles-a-la-vigilance-et-a-eviter-les-zones-de-tension\/\" \/>\n<meta property=\"og:locale\" content=\"fr_FR\" \/>\n<meta property=\"og:type\" content=\"article\" \/>\n<meta property=\"og:title\" content=\"RD Congo : Les Tunisiens appel\u00e9s \u00e0 la vigilance et \u00e0 \u00e9viter les zones de tension - Kapitalis\" \/>\n<meta property=\"og:description\" content=\"L&rsquo;Ambassade de Tunisie \u00e0 Kinshasa est en contact permanent avec tous les ressortissants tunisiens r\u00e9sidant en R\u00e9publique D\u00e9mocratique du Congo et suit de pr\u00e8s leur situation, affirme le minist\u00e8re des Affaires \u00e9trang\u00e8res dans un communiqu\u00e9 publi\u00e9 ce jeudi 30 janvier 2025.\" \/>\n<meta property=\"og:url\" content=\"https:\/\/kapitalis.com\/tunisie\/2025\/01\/30\/rd-congo-les-tunisiens-appeles-a-la-vigilance-et-a-eviter-les-zones-de-tension\/\" \/>\n<meta property=\"og:site_name\" content=\"Kapitalis\" \/>\n<meta property=\"article:publisher\" content=\"https:\/\/www.facebook.com\/KapitalisInfo\/\" \/>\n<meta property=\"article:published_time\" content=\"2025-01-30T18:53:14+00:00\" \/>\n<meta property=\"article:modified_time\" content=\"2025-01-30T18:54:06+00:00\" \/>\n<meta property=\"og:image\" content=\"https:\/\/kapitalis.com\/tunisie\/wp-content\/uploads\/2022\/06\/ministere-tunisien-des-Affaires-etrangeres.jpg\" \/>\n\t<meta property=\"og:image:width\" content=\"1200\" \/>\n\t<meta property=\"og:image:height\" content=\"630\" \/>\n\t<meta property=\"og:image:type\" content=\"image\/jpeg\" \/>\n<meta name=\"author\" content=\"Yusra NY\" \/>\n<meta name=\"twitter:card\" content=\"summary_large_image\" \/>\n<meta name=\"twitter:creator\" content=\"@KapitalisInfo\" \/>\n<meta name=\"twitter:site\" content=\"@KapitalisInfo\" \/>\n<meta name=\"twitter:label1\" content=\"\u00c9crit par\" \/>\n\t<meta name=\"twitter:data1\" content=\"Yusra NY\" \/>\n\t<meta name=\"twitter:label2\" content=\"Dur\u00e9e de lecture estim\u00e9e\" \/>\n\t<meta name=\"twitter:data2\" content=\"2 minutes\" \/>\n<script type=\"application\/ld+json\" class=\"yoast-schema-graph\">{\"@context\":\"https:\/\/schema.org\",\"@graph\":[{\"@type\":\"Article\",\"@id\":\"https:\/\/kapitalis.com\/tunisie\/2025\/01\/30\/rd-congo-les-tunisiens-appeles-a-la-vigilance-et-a-eviter-les-zones-de-tension\/#article\",\"isPartOf\":{\"@id\":\"https:\/\/kapitalis.com\/tunisie\/2025\/01\/30\/rd-congo-les-tunisiens-appeles-a-la-vigilance-et-a-eviter-les-zones-de-tension\/\"},\"author\":{\"name\":\"Yusra NY\",\"@id\":\"https:\/\/kapitalis.com\/tunisie\/#\/schema\/person\/74bbde0154d49d790a92aaeac5bc01d5\"},\"headline\":\"RD Congo : Les Tunisiens appel\u00e9s \u00e0 la vigilance et \u00e0 \u00e9viter les zones de tension\",\"datePublished\":\"2025-01-30T18:53:14+00:00\",\"dateModified\":\"2025-01-30T18:54:06+00:00\",\"mainEntityOfPage\":{\"@id\":\"https:\/\/kapitalis.com\/tunisie\/2025\/01\/30\/rd-congo-les-tunisiens-appeles-a-la-vigilance-et-a-eviter-les-zones-de-tension\/\"},\"wordCount\":344,\"commentCount\":0,\"publisher\":{\"@id\":\"https:\/\/kapitalis.com\/tunisie\/#organization\"},\"image\":{\"@id\":\"https:\/\/kapitalis.com\/tunisie\/2025\/01\/30\/rd-congo-les-tunisiens-appeles-a-la-vigilance-et-a-eviter-les-zones-de-tension\/#primaryimage\"},\"thumbnailUrl\":\"https:\/\/kapitalis.com\/tunisie\/wp-content\/uploads\/2022\/06\/ministere-tunisien-des-Affaires-etrangeres.jpg\",\"keywords\":[\"affrontements\",\"Congo\",\"Kinshasa\",\"minist\u00e8re des affaires \u00e9trang\u00e8res\",\"MONUSCO\",\"RDC\",\"Tunisie\"],\"articleSection\":[\"POLITIQUE\",\"SOCIETE\",\"Tunisie\"],\"inLanguage\":\"fr-FR\",\"potentialAction\":[{\"@type\":\"CommentAction\",\"name\":\"Comment\",\"target\":[\"https:\/\/kapitalis.com\/tunisie\/2025\/01\/30\/rd-congo-les-tunisiens-appeles-a-la-vigilance-et-a-eviter-les-zones-de-tension\/#respond\"]}]},{\"@type\":\"WebPage\",\"@id\":\"https:\/\/kapitalis.com\/tunisie\/2025\/01\/30\/rd-congo-les-tunisiens-appeles-a-la-vigilance-et-a-eviter-les-zones-de-tension\/\",\"url\":\"https:\/\/kapitalis.com\/tunisie\/2025\/01\/30\/rd-congo-les-tunisiens-appeles-a-la-vigilance-et-a-eviter-les-zones-de-tension\/\",\"name\":\"RD Congo : Les Tunisiens appel\u00e9s \u00e0 la vigilance et \u00e0 \u00e9viter les zones de tension - Kapitalis\",\"isPartOf\":{\"@id\":\"https:\/\/kapitalis.com\/tunisie\/#website\"},\"primaryImageOfPage\":{\"@id\":\"https:\/\/kapitalis.com\/tunisie\/2025\/01\/30\/rd-congo-les-tunisiens-appeles-a-la-vigilance-et-a-eviter-les-zones-de-tension\/#primaryimage\"},\"image\":{\"@id\":\"https:\/\/kapitalis.com\/tunisie\/2025\/01\/30\/rd-congo-les-tunisiens-appeles-a-la-vigilance-et-a-eviter-les-zones-de-tension\/#primaryimage\"},\"thumbnailUrl\":\"https:\/\/kapitalis.com\/tunisie\/wp-content\/uploads\/2022\/06\/ministere-tunisien-des-Affaires-etrangeres.jpg\",\"datePublished\":\"2025-01-30T18:53:14+00:00\",\"dateModified\":\"2025-01-30T18:54:06+00:00\",\"breadcrumb\":{\"@id\":\"https:\/\/kapitalis.com\/tunisie\/2025\/01\/30\/rd-congo-les-tunisiens-appeles-a-la-vigilance-et-a-eviter-les-zones-de-tension\/#breadcrumb\"},\"inLanguage\":\"fr-FR\",\"potentialAction\":[{\"@type\":\"ReadAction\",\"target\":[\"https:\/\/kapitalis.com\/tunisie\/2025\/01\/30\/rd-congo-les-tunisiens-appeles-a-la-vigilance-et-a-eviter-les-zones-de-tension\/\"]}]},{\"@type\":\"ImageObject\",\"inLanguage\":\"fr-FR\",\"@id\":\"https:\/\/kapitalis.com\/tunisie\/2025\/01\/30\/rd-congo-les-tunisiens-appeles-a-la-vigilance-et-a-eviter-les-zones-de-tension\/#primaryimage\",\"url\":\"https:\/\/kapitalis.com\/tunisie\/wp-content\/uploads\/2022\/06\/ministere-tunisien-des-Affaires-etrangeres.jpg\",\"contentUrl\":\"https:\/\/kapitalis.com\/tunisie\/wp-content\/uploads\/2022\/06\/ministere-tunisien-des-Affaires-etrangeres.jpg\",\"width\":1200,\"height\":630},{\"@type\":\"BreadcrumbList\",\"@id\":\"https:\/\/kapitalis.com\/tunisie\/2025\/01\/30\/rd-congo-les-tunisiens-appeles-a-la-vigilance-et-a-eviter-les-zones-de-tension\/#breadcrumb\",\"itemListElement\":[{\"@type\":\"ListItem\",\"position\":1,\"name\":\"Accueil\",\"item\":\"https:\/\/kapitalis.com\/tunisie\/\"},{\"@type\":\"ListItem\",\"position\":2,\"name\":\"RD Congo : Les Tunisiens appel\u00e9s \u00e0 la vigilance et \u00e0 \u00e9viter les zones de tension\"}]},{\"@type\":\"WebSite\",\"@id\":\"https:\/\/kapitalis.com\/tunisie\/#website\",\"url\":\"https:\/\/kapitalis.com\/tunisie\/\",\"name\":\"Kapitalis\",\"description\":\"L&#039;actualit\u00e9 en Tunisie et dans le monde\",\"publisher\":{\"@id\":\"https:\/\/kapitalis.com\/tunisie\/#organization\"},\"potentialAction\":[{\"@type\":\"SearchAction\",\"target\":{\"@type\":\"EntryPoint\",\"urlTemplate\":\"https:\/\/kapitalis.com\/tunisie\/?s={search_term_string}\"},\"query-input\":{\"@type\":\"PropertyValueSpecification\",\"valueRequired\":true,\"valueName\":\"search_term_string\"}}],\"inLanguage\":\"fr-FR\"},{\"@type\":\"Organization\",\"@id\":\"https:\/\/kapitalis.com\/tunisie\/#organization\",\"name\":\"Kapitalis\",\"url\":\"https:\/\/kapitalis.com\/tunisie\/\",\"logo\":{\"@type\":\"ImageObject\",\"inLanguage\":\"fr-FR\",\"@id\":\"https:\/\/kapitalis.com\/tunisie\/#\/schema\/logo\/image\/\",\"url\":\"https:\/\/kapitalis.com\/tunisie\/wp-content\/uploads\/2022\/05\/Kapitalis-big-size.png\",\"contentUrl\":\"https:\/\/kapitalis.com\/tunisie\/wp-content\/uploads\/2022\/05\/Kapitalis-big-size.png\",\"width\":5000,\"height\":1500,\"caption\":\"Kapitalis\"},\"image\":{\"@id\":\"https:\/\/kapitalis.com\/tunisie\/#\/schema\/logo\/image\/\"},\"sameAs\":[\"https:\/\/www.facebook.com\/KapitalisInfo\/\",\"https:\/\/x.com\/KapitalisInfo\",\"https:\/\/www.youtube.com\/channel\/UC-yDYrHyfFBWWZaOw3FPg9Q\"]},{\"@type\":\"Person\",\"@id\":\"https:\/\/kapitalis.com\/tunisie\/#\/schema\/person\/74bbde0154d49d790a92aaeac5bc01d5\",\"name\":\"Yusra NY\",\"url\":\"https:\/\/kapitalis.com\/tunisie\/author\/yuza_adam\/\"}]}<\/script>\n<!-- \/ Yoast SEO plugin. -->","yoast_head_json":{"title":"RD Congo : Les Tunisiens appel\u00e9s \u00e0 la vigilance et \u00e0 \u00e9viter les zones de tension - Kapitalis","robots":{"index":"index","follow":"follow","max-snippet":"max-snippet:-1","max-image-preview":"max-image-preview:large","max-video-preview":"max-video-preview:-1"},"canonical":"https:\/\/kapitalis.com\/tunisie\/2025\/01\/30\/rd-congo-les-tunisiens-appeles-a-la-vigilance-et-a-eviter-les-zones-de-tension\/","og_locale":"fr_FR","og_type":"article","og_title":"RD Congo : Les Tunisiens appel\u00e9s \u00e0 la vigilance et \u00e0 \u00e9viter les zones de tension - Kapitalis","og_description":"L&rsquo;Ambassade de Tunisie \u00e0 Kinshasa est en contact permanent avec tous les ressortissants tunisiens r\u00e9sidant en R\u00e9publique D\u00e9mocratique du Congo et suit de pr\u00e8s leur situation, affirme le minist\u00e8re des Affaires \u00e9trang\u00e8res dans un communiqu\u00e9 publi\u00e9 ce jeudi 30 janvier 2025.","og_url":"https:\/\/kapitalis.com\/tunisie\/2025\/01\/30\/rd-congo-les-tunisiens-appeles-a-la-vigilance-et-a-eviter-les-zones-de-tension\/","og_site_name":"Kapitalis","article_publisher":"https:\/\/www.facebook.com\/KapitalisInfo\/","article_published_time":"2025-01-30T18:53:14+00:00","article_modified_time":"2025-01-30T18:54:06+00:00","og_image":[{"width":1200,"height":630,"url":"https:\/\/kapitalis.com\/tunisie\/wp-content\/uploads\/2022\/06\/ministere-tunisien-des-Affaires-etrangeres.jpg","type":"image\/jpeg"}],"author":"Yusra NY","twitter_card":"summary_large_image","twitter_creator":"@KapitalisInfo","twitter_site":"@KapitalisInfo","twitter_misc":{"\u00c9crit par":"Yusra NY","Dur\u00e9e de lecture estim\u00e9e":"2 minutes"},"schema":{"@context":"https:\/\/schema.org","@graph":[{"@type":"Article","@id":"https:\/\/kapitalis.com\/tunisie\/2025\/01\/30\/rd-congo-les-tunisiens-appeles-a-la-vigilance-et-a-eviter-les-zones-de-tension\/#article","isPartOf":{"@id":"https:\/\/kapitalis.com\/tunisie\/2025\/01\/30\/rd-congo-les-tunisiens-appeles-a-la-vigilance-et-a-eviter-les-zones-de-tension\/"},"author":{"name":"Yusra NY","@id":"https:\/\/kapitalis.com\/tunisie\/#\/schema\/person\/74bbde0154d49d790a92aaeac5bc01d5"},"headline":"RD Congo : Les Tunisiens appel\u00e9s \u00e0 la vigilance et \u00e0 \u00e9viter les zones de tension","datePublished":"2025-01-30T18:53:14+00:00","dateModified":"2025-01-30T18:54:06+00:00","mainEntityOfPage":{"@id":"https:\/\/kapitalis.com\/tunisie\/2025\/01\/30\/rd-congo-les-tunisiens-appeles-a-la-vigilance-et-a-eviter-les-zones-de-tension\/"},"wordCount":344,"commentCount":0,"publisher":{"@id":"https:\/\/kapitalis.com\/tunisie\/#organization"},"image":{"@id":"https:\/\/kapitalis.com\/tunisie\/2025\/01\/30\/rd-congo-les-tunisiens-appeles-a-la-vigilance-et-a-eviter-les-zones-de-tension\/#primaryimage"},"thumbnailUrl":"https:\/\/kapitalis.com\/tunisie\/wp-content\/uploads\/2022\/06\/ministere-tunisien-des-Affaires-etrangeres.jpg","keywords":["affrontements","Congo","Kinshasa","minist\u00e8re des affaires \u00e9trang\u00e8res","MONUSCO","RDC","Tunisie"],"articleSection":["POLITIQUE","SOCIETE","Tunisie"],"inLanguage":"fr-FR","potentialAction":[{"@type":"CommentAction","name":"Comment","target":["https:\/\/kapitalis.com\/tunisie\/2025\/01\/30\/rd-congo-les-tunisiens-appeles-a-la-vigilance-et-a-eviter-les-zones-de-tension\/#respond"]}]},{"@type":"WebPage","@id":"https:\/\/kapitalis.com\/tunisie\/2025\/01\/30\/rd-congo-les-tunisiens-appeles-a-la-vigilance-et-a-eviter-les-zones-de-tension\/","url":"https:\/\/kapitalis.com\/tunisie\/2025\/01\/30\/rd-congo-les-tunisiens-appeles-a-la-vigilance-et-a-eviter-les-zones-de-tension\/","name":"RD Congo : Les Tunisiens appel\u00e9s \u00e0 la vigilance et \u00e0 \u00e9viter les zones de tension - Kapitalis","isPartOf":{"@id":"https:\/\/kapitalis.com\/tunisie\/#website"},"primaryImageOfPage":{"@id":"https:\/\/kapitalis.com\/tunisie\/2025\/01\/30\/rd-congo-les-tunisiens-appeles-a-la-vigilance-et-a-eviter-les-zones-de-tension\/#primaryimage"},"image":{"@id":"https:\/\/kapitalis.com\/tunisie\/2025\/01\/30\/rd-congo-les-tunisiens-appeles-a-la-vigilance-et-a-eviter-les-zones-de-tension\/#primaryimage"},"thumbnailUrl":"https:\/\/kapitalis.com\/tunisie\/wp-content\/uploads\/2022\/06\/ministere-tunisien-des-Affaires-etrangeres.jpg","datePublished":"2025-01-30T18:53:14+00:00","dateModified":"2025-01-30T18:54:06+00:00","breadcrumb":{"@id":"https:\/\/kapitalis.com\/tunisie\/2025\/01\/30\/rd-congo-les-tunisiens-appeles-a-la-vigilance-et-a-eviter-les-zones-de-tension\/#breadcrumb"},"inLanguage":"fr-FR","potentialAction":[{"@type":"ReadAction","target":["https:\/\/kapitalis.com\/tunisie\/2025\/01\/30\/rd-congo-les-tunisiens-appeles-a-la-vigilance-et-a-eviter-les-zones-de-tension\/"]}]},{"@type":"ImageObject","inLanguage":"fr-FR","@id":"https:\/\/kapitalis.com\/tunisie\/2025\/01\/30\/rd-congo-les-tunisiens-appeles-a-la-vigilance-et-a-eviter-les-zones-de-tension\/#primaryimage","url":"https:\/\/kapitalis.com\/tunisie\/wp-content\/uploads\/2022\/06\/ministere-tunisien-des-Affaires-etrangeres.jpg","contentUrl":"https:\/\/kapitalis.com\/tunisie\/wp-content\/uploads\/2022\/06\/ministere-tunisien-des-Affaires-etrangeres.jpg","width":1200,"height":630},{"@type":"BreadcrumbList","@id":"https:\/\/kapitalis.com\/tunisie\/2025\/01\/30\/rd-congo-les-tunisiens-appeles-a-la-vigilance-et-a-eviter-les-zones-de-tension\/#breadcrumb","itemListElement":[{"@type":"ListItem","position":1,"name":"Accueil","item":"https:\/\/kapitalis.com\/tunisie\/"},{"@type":"ListItem","position":2,"name":"RD Congo : Les Tunisiens appel\u00e9s \u00e0 la vigilance et \u00e0 \u00e9viter les zones de tension"}]},{"@type":"WebSite","@id":"https:\/\/kapitalis.com\/tunisie\/#website","url":"https:\/\/kapitalis.com\/tunisie\/","name":"Kapitalis","description":"L&#039;actualit\u00e9 en Tunisie et dans le monde","publisher":{"@id":"https:\/\/kapitalis.com\/tunisie\/#organization"},"potentialAction":[{"@type":"SearchAction","target":{"@type":"EntryPoint","urlTemplate":"https:\/\/kapitalis.com\/tunisie\/?s={search_term_string}"},"query-input":{"@type":"PropertyValueSpecification","valueRequired":true,"valueName":"search_term_string"}}],"inLanguage":"fr-FR"},{"@type":"Organization","@id":"https:\/\/kapitalis.com\/tunisie\/#organization","name":"Kapitalis","url":"https:\/\/kapitalis.com\/tunisie\/","logo":{"@type":"ImageObject","inLanguage":"fr-FR","@id":"https:\/\/kapitalis.com\/tunisie\/#\/schema\/logo\/image\/","url":"https:\/\/kapitalis.com\/tunisie\/wp-content\/uploads\/2022\/05\/Kapitalis-big-size.png","contentUrl":"https:\/\/kapitalis.com\/tunisie\/wp-content\/uploads\/2022\/05\/Kapitalis-big-size.png","width":5000,"height":1500,"caption":"Kapitalis"},"image":{"@id":"https:\/\/kapitalis.com\/tunisie\/#\/schema\/logo\/image\/"},"sameAs":["https:\/\/www.facebook.com\/KapitalisInfo\/","https:\/\/x.com\/KapitalisInfo","https:\/\/www.youtube.com\/channel\/UC-yDYrHyfFBWWZaOw3FPg9Q"]},{"@type":"Person","@id":"https:\/\/kapitalis.com\/tunisie\/#\/schema\/person\/74bbde0154d49d790a92aaeac5bc01d5","name":"Yusra NY","url":"https:\/\/kapitalis.com\/tunisie\/author\/yuza_adam\/"}]}},"_links":{"self":[{"href":"https:\/\/kapitalis.com\/tunisie\/wp-json\/wp\/v2\/posts\/15356207","targetHints":{"allow":["GET"]}}],"collection":[{"href":"https:\/\/kapitalis.com\/tunisie\/wp-json\/wp\/v2\/posts"}],"about":[{"href":"https:\/\/kapitalis.com\/tunisie\/wp-json\/wp\/v2\/types\/post"}],"author":[{"embeddable":true,"href":"https:\/\/kapitalis.com\/tunisie\/wp-json\/wp\/v2\/users\/6"}],"replies":[{"embeddable":true,"href":"https:\/\/kapitalis.com\/tunisie\/wp-json\/wp\/v2\/comments?post=15356207"}],"version-history":[{"count":1,"href":"https:\/\/kapitalis.com\/tunisie\/wp-json\/wp\/v2\/posts\/15356207\/revisions"}],"predecessor-version":[{"id":15356263,"href":"https:\/\/kapitalis.com\/tunisie\/wp-json\/wp\/v2\/posts\/15356207\/revisions\/15356263"}],"wp:featuredmedia":[{"embeddable":true,"href":"https:\/\/kapitalis.com\/tunisie\/wp-json\/wp\/v2\/media\/1338382"}],"wp:attachment":[{"href":"https:\/\/kapitalis.com\/tunisie\/wp-json\/wp\/v2\/media?parent=15356207"}],"wp:term":[{"taxonomy":"category","embeddable":true,"href":"https:\/\/kapitalis.com\/tunisie\/wp-json\/wp\/v2\/categories?post=15356207"},{"taxonomy":"post_tag","embeddable":true,"href":"https:\/\/kapitalis.com\/tunisie\/wp-json\/wp\/v2\/tags?post=15356207"}],"curies":[{"name":"wp","href":"https:\/\/api.w.org\/{rel}","templated":true}]}}