{"id":15360293,"date":"2025-01-31T09:32:30","date_gmt":"2025-01-31T08:32:30","guid":{"rendered":"https:\/\/kapitalis.com\/tunisie\/?p=15360293"},"modified":"2025-01-31T09:32:32","modified_gmt":"2025-01-31T08:32:32","slug":"syrie-les-survivants-de-lattaque-chimique-dal-ghouta-temoignent-enfin","status":"publish","type":"post","link":"https:\/\/kapitalis.com\/tunisie\/2025\/01\/31\/syrie-les-survivants-de-lattaque-chimique-dal-ghouta-temoignent-enfin\/","title":{"rendered":"Syrie\u00a0: les survivants de l\u2019attaque chimique d&rsquo;Al-Ghouta t\u00e9moignent enfin!"},"content":{"rendered":"\n<p><strong><em>Un reportage du magazine am\u00e9ricain <a href=\"https:\/\/newlinesmag.com\/spotlight\/the-continuing-tragedy-of-ghoutas-chemical-attacks\" target=\"_blank\" rel=\"noreferrer noopener\">New Lines Magazine<\/a> met en lumi\u00e8re les t\u00e9moignages des survivants de l\u2019attaque chimique d<\/em><\/strong>\u00a0\u00bb<strong><em>Al-Ghouta orientale par le r\u00e9gime de Bachar Al-Assad, en Syrie, en 2013.<\/em><\/strong> <em>(Illustration :B\u00e2timents d<\/em>\u00a0\u00bb<em>Al-Ghouta orientale, pr\u00e8s de Damas, d\u00e9truits par les frappes a\u00e9riennes men\u00e9es par le r\u00e9gime d&rsquo;Al-Assad.)<\/em><\/p>\n\n\n\n<p><strong>Imed Bahri<\/strong><\/p>\n\n\n\n<!--more-->\n\n\n\n<p>Le massacre de la Ghouta est un double bombardement au gaz sarin, arme chimique, perp\u00e9tr\u00e9 le 21 ao\u00fbt 2013 pendant la guerre civile syrienne par les forces arm\u00e9es qui frappe plusieurs villes et quartiers \u00e0 l\u2019est et au sud de Damas dans l\u2019ancienne oasis de la Ghouta alors tenue par l\u2019Arm\u00e9e syrienne libre form\u00e9e de militaires ayant fait d\u00e9fection.<\/p>\n\n\n\n<p>C\u2019est l\u2019une des pages les plus sombres du r\u00e8gne de la famille Al-Assad et dont le monde entier se souvient des images intenables ayant fait le tour du monde mais aussi de la c\u00e9l\u00e8bre d\u00e9culott\u00e9e de Barack Obama qui avait promis de r\u00e9agir en cas d\u2019utilisation d\u2019armes chimiques mais qui n\u2019avait rien fait pour ne pas compromettre les n\u00e9gociations en cours au m\u00eame moment avec l\u2019Iran sur son programme nucl\u00e9aire.<\/p>\n\n\n\n<p>Un reportage du magazine am\u00e9ricain <a href=\"https:\/\/newlinesmag.com\/spotlight\/the-continuing-tragedy-of-ghoutas-chemical-attacks\" target=\"_blank\" rel=\"noreferrer noopener\">New Lines Magazine<\/a> met en lumi\u00e8re les t\u00e9moignages des survivants de l\u2019attaque chimique de la Ghouta orientale.<\/p>\n\n\n\n<p>Le 21 ao\u00fbt 2013, peu apr\u00e8s minuit, le r\u00e9gime syrien a lanc\u00e9 l\u2019une des attaques chimiques les plus sanglantes du XXI<sup>e<\/sup> si\u00e8cle visant cette zone fertile \u00e0 l\u2019est de Damas qui \u00e9tait sous le contr\u00f4le des rebelles.&nbsp;<\/p>\n\n\n\n<p>L\u2019arm\u00e9e a tir\u00e9 des roquettes contenant du gaz sarin, un agent neurotoxique mortel, sur plusieurs endroits tuant au moins 1 144 personnes et provoquant de graves probl\u00e8mes respiratoires chez plus de 6 000 autres.<\/p>\n\n\n\n<h2 class=\"wp-block-heading\">Les survivants du massacre t\u00e9moignant <\/h2>\n\n\n\n<p>Les survivants portent encore les cicatrices physiques et \u00e9motionnelles de cette nuit-l\u00e0 et r\u00e9clament des comptes pour les atrocit\u00e9s commises contre eux par le r\u00e9gime du pr\u00e9sident d\u00e9chu Bachar Al-Assad. Nicole Di Ilio, journaliste et \u00e9crivaine, a rencontr\u00e9 des victimes de la trag\u00e9die et s\u2019est entretenue avec eux.&nbsp;<\/p>\n\n\n\n<p>Mohammad Zarba, dont la famille \u00e9tait la seule survivante de la r\u00e9gion de Zamalka \u00e0 Ghouta, a racont\u00e9 \u00e0 Di Ilio le moment terrifiant de l\u2019attaque. Il a indiqu\u00e9 que le faible sifflement \u00e0 l\u2019ext\u00e9rieur de sa maison \u00e9tait le seul avertissement de l\u2019attaque nocturne et que son qu\u2019il a commenc\u00e9 \u00e0 ressentir des br\u00fblures aux yeux, au nez et \u00e0 la gorge peu apr\u00e8s. Son p\u00e8re est tomb\u00e9 \u00e0 terre, titubant et avait du mal \u00e0 respirer.<\/p>\n\n\n\n<p>Dans une vid\u00e9o de cette nuit-l\u00e0, on peut voir Zarba en convulsions sur une civi\u00e8re en route vers l\u2019h\u00f4pital. Il n\u2019a repris connaissance que 20 heures plus tard et s\u2019est pr\u00e9cipit\u00e9 dans le quartier pour constater que toutes les personnes qu\u2019il connaissait avaient \u00e9t\u00e9 atteintes. La peur de cette nuit-l\u00e0 ne dispara\u00eetra jamais de sa m\u00e9moire et ils n\u2019oublieront jamais ce que <em>\u00able boucher\u00bb<\/em> Bachar leur a fait.&nbsp;<\/p>\n\n\n\n<figure class=\"wp-block-embed is-type-wp-embed is-provider-kapitalis wp-block-embed-kapitalis\"><div class=\"wp-block-embed__wrapper\">\n<blockquote class=\"wp-embedded-content\" data-secret=\"r7ZkiNlfMx\"><a href=\"https:\/\/kapitalis.com\/tunisie\/2025\/01\/20\/syrie-la-fin-dune-dictature-nest-pas-toujours-lentree-dans-une-ere-de-liberte\/\">Syrie : La fin d&rsquo;une dictature n\u2019est pas toujours l\u2019entr\u00e9e dans une \u00e8re de libert\u00e9\u00a0<\/a><\/blockquote><iframe loading=\"lazy\" class=\"wp-embedded-content\" sandbox=\"allow-scripts\" security=\"restricted\" style=\"position: absolute; visibility: hidden;\" title=\"\u00ab\u00a0Syrie : La fin d&rsquo;une dictature n\u2019est pas toujours l\u2019entr\u00e9e dans une \u00e8re de libert\u00e9\u00a0\u00a0\u00bb &#8212; Kapitalis\" src=\"https:\/\/kapitalis.com\/tunisie\/2025\/01\/20\/syrie-la-fin-dune-dictature-nest-pas-toujours-lentree-dans-une-ere-de-liberte\/embed\/#?secret=Fp3W6RUQgw#?secret=r7ZkiNlfMx\" data-secret=\"r7ZkiNlfMx\" width=\"600\" height=\"338\" frameborder=\"0\" marginwidth=\"0\" marginheight=\"0\" scrolling=\"no\"><\/iframe>\n<\/div><\/figure>\n\n\n\n<p><em>New Lines Magazine<\/em> a \u00e9galement rapport\u00e9 l\u2019histoire de Mohammad Barakat Khalifa qui souffre toujours d\u2019essoufflement et de probl\u00e8mes de vision et qui n\u2019a \u00e9t\u00e9 sauv\u00e9 de l\u2019attaque que parce qu\u2019il \u00e9tait \u00e9veill\u00e9 car l\u2019attaque a tu\u00e9 des familles enti\u00e8res pendant qu\u2019elles dormaient.<\/p>\n\n\n\n<p>Khalifa a fait une description effrayante de ce qu\u2019il a vu la nuit de l\u2019attaque chimique alors que les rues de Zamalka \u00e9taient remplies de corps sans vie, certaines personnes respiraient difficilement tandis que d\u2019autres se blottissaient au sol pour tenter d\u2019\u00e9chapper au gaz.<\/p>\n\n\n\n<p>Khalifa se souvient encore de la respiration haletante des gens, de l\u2019\u00e9cume qui sortait de leur bouche et la terreur dans leurs yeux. Les rues \u00e9taient jonch\u00e9es de cadavres et il \u00e9tait impossible de traverser sans tr\u00e9bucher sur le corps de quelqu\u2019un du quartier. C\u2019\u00e9tait comme la fin du monde.<\/p>\n\n\n\n<p>Le secouriste Mohammed Ahmed Suleiman \u00e9tait parmi ceux qui se sont pr\u00e9cipit\u00e9s pour aider pour d\u00e9couvrir que son p\u00e8re, son fr\u00e8re et deux de ses neveux ont \u00e9t\u00e9 tu\u00e9s&nbsp;: ils seront enterr\u00e9s dans une fosse commune avec des centaines d\u2019autres corps.<\/p>\n\n\n\n<p>Suleiman a d\u00e9clar\u00e9 \u00e0 <em>New Lines Magazine<\/em>: <em>\u00abA chaque fois que nous ouvrions la porte d\u2019une maison, nous constations que ses habitants avaient p\u00e9ri. Nous avons vu des familles enti\u00e8res d\u00e9cim\u00e9es et le r\u00e9gime ne nous a m\u00eame pas permis de les enterrer conform\u00e9ment aux enseignements de notre religion islamique. Les corps des hommes ont \u00e9t\u00e9 enterr\u00e9s les uns sur les autres et les corps des femmes et des enfants ont \u00e9t\u00e9 plac\u00e9s dans une autre fosse commune\u00bb<\/em>.<\/p>\n\n\n\n<p>L\u2019attaque \u00e9tait d\u00e9lib\u00e9r\u00e9e, car le r\u00e9gime a programm\u00e9 la frappe \u00e0 un moment o\u00f9 le vent ne soufflait pas garantissant ainsi que le gaz se concentre au niveau du sol plut\u00f4t et ne se disperse pas.<\/p>\n\n\n\n<h2 class=\"wp-block-heading\">Al-Assad sera-t-il jug\u00e9 pour ses crimes&nbsp;?<\/h2>\n\n\n\n<p>Human Rights Watch et le R\u00e9seau syrien des droits de l\u2019homme ont document\u00e9 au moins huit roquettes tombant sur des zones cl\u00e9s de la Ghouta orientale et les enqu\u00eates ont confirm\u00e9 la responsabilit\u00e9 du r\u00e9gime malgr\u00e9 les d\u00e9n\u00e9gations r\u00e9p\u00e9t\u00e9es d\u2019Al-Assad.<\/p>\n\n\n\n<p>Bien que la Syrie ait accept\u00e9 de d\u00e9manteler son programme d\u2019armes chimiques en 2013 sous la pression internationale, des attaques ult\u00e9rieures au gaz sarin et au chlore ont \u00e9t\u00e9 enregistr\u00e9es. Le R\u00e9seau syrien des droits de l\u2019homme a recens\u00e9 222 attaques chimiques depuis 2012 dont 98% attribu\u00e9es aux forces d\u2019Al-Assad.&nbsp;Au total, les armes chimiques du r\u00e9gime ont tu\u00e9 1 514 personnes dont 214 enfants.<\/p>\n\n\n\n<figure class=\"wp-block-embed is-type-wp-embed is-provider-kapitalis wp-block-embed-kapitalis\"><div class=\"wp-block-embed__wrapper\">\n<blockquote class=\"wp-embedded-content\" data-secret=\"9OezzVI4gY\"><a href=\"https:\/\/kapitalis.com\/tunisie\/2024\/12\/15\/le-sort-funeste-de-105-000-syriens-disparus-depuis-2011-video\/\">\u00a0Le sort funeste de 105 000 Syriens disparus depuis 2011 (vid\u00e9o)<\/a><\/blockquote><iframe loading=\"lazy\" class=\"wp-embedded-content\" sandbox=\"allow-scripts\" security=\"restricted\" style=\"position: absolute; visibility: hidden;\" title=\"\u00ab\u00a0\u00a0Le sort funeste de 105 000 Syriens disparus depuis 2011 (vid\u00e9o)\u00a0\u00bb &#8212; Kapitalis\" src=\"https:\/\/kapitalis.com\/tunisie\/2024\/12\/15\/le-sort-funeste-de-105-000-syriens-disparus-depuis-2011-video\/embed\/#?secret=G5uN3F880j#?secret=9OezzVI4gY\" data-secret=\"9OezzVI4gY\" width=\"600\" height=\"338\" frameborder=\"0\" marginwidth=\"0\" marginheight=\"0\" scrolling=\"no\"><\/iframe>\n<\/div><\/figure>\n\n\n\n<p>Le magazine am\u00e9ricain indique qu\u2019apr\u00e8s l\u2019effondrement du r\u00e9gime d\u2019Al-Assad, les survivants ont finalement commenc\u00e9 \u00e0 parler publiquement des crimes commis contre eux sans crainte de punition et les Syriens exigent qu\u2019Al-Assad soit tenu responsable de ce qu\u2019ils d\u00e9crivent comme un massacre des innocents.<\/p>\n\n\n\n<p><em>\u00abAl-Assad est parti mais nous voulons le voir jug\u00e9 et tenu responsable et jusqu\u2019\u00e0 ce moment-l\u00e0, notre douleur ne dispara\u00eetra pas\u00bb<\/em>, a d\u00e9clar\u00e9 Mohammed Ahmed Suleiman.<\/p>\n","protected":false},"excerpt":{"rendered":"<p>T\u00e9moignages des survivants de l\u2019attaque chimique d\u00a0\u00bbAl-Ghouta orientale par le r\u00e9gime de Bachar Al-Assad, en Syrie, en 2013.<\/p>\n","protected":false},"author":8,"featured_media":15360316,"comment_status":"open","ping_status":"open","sticky":false,"template":"","format":"standard","meta":{"footnotes":""},"categories":[992,997,2433],"tags":[120485,5737,5428,120484,99282,873],"class_list":["post-15360293","post","type-post","status-publish","format-standard","has-post-thumbnail","hentry","category-a-la-une","category-politique","category-tunisie","tag-attaque-chimique","tag-bachar-al-assad","tag-damas","tag-gaz-sarin","tag-ghouta","tag-syrie"],"yoast_head":"<!-- This site is optimized with the Yoast SEO plugin v26.6 - https:\/\/yoast.com\/wordpress\/plugins\/seo\/ -->\n<title>Syrie\u00a0: les survivants de l\u2019attaque chimique d&#039;Al-Ghouta t\u00e9moignent enfin! - Kapitalis<\/title>\n<meta name=\"robots\" content=\"index, follow, max-snippet:-1, max-image-preview:large, max-video-preview:-1\" \/>\n<link rel=\"canonical\" href=\"https:\/\/kapitalis.com\/tunisie\/2025\/01\/31\/syrie-les-survivants-de-lattaque-chimique-dal-ghouta-temoignent-enfin\/\" \/>\n<meta property=\"og:locale\" content=\"fr_FR\" \/>\n<meta property=\"og:type\" content=\"article\" \/>\n<meta property=\"og:title\" content=\"Syrie\u00a0: les survivants de l\u2019attaque chimique d&#039;Al-Ghouta t\u00e9moignent enfin! - Kapitalis\" \/>\n<meta property=\"og:description\" content=\"T\u00e9moignages des survivants de l\u2019attaque chimique d&#039;&#039;Al-Ghouta orientale par le r\u00e9gime de Bachar Al-Assad, en Syrie, en 2013.\" \/>\n<meta property=\"og:url\" content=\"https:\/\/kapitalis.com\/tunisie\/2025\/01\/31\/syrie-les-survivants-de-lattaque-chimique-dal-ghouta-temoignent-enfin\/\" \/>\n<meta property=\"og:site_name\" content=\"Kapitalis\" \/>\n<meta property=\"article:publisher\" content=\"https:\/\/www.facebook.com\/KapitalisInfo\/\" \/>\n<meta property=\"article:published_time\" content=\"2025-01-31T08:32:30+00:00\" \/>\n<meta property=\"article:modified_time\" content=\"2025-01-31T08:32:32+00:00\" \/>\n<meta property=\"og:image\" content=\"https:\/\/kapitalis.com\/tunisie\/wp-content\/uploads\/2025\/01\/Ghouta-arraque-chimique-2013.jpg\" \/>\n\t<meta property=\"og:image:width\" content=\"1200\" \/>\n\t<meta property=\"og:image:height\" content=\"630\" \/>\n\t<meta property=\"og:image:type\" content=\"image\/jpeg\" \/>\n<meta name=\"author\" content=\"webmaster kapitalis\" \/>\n<meta name=\"twitter:card\" content=\"summary_large_image\" \/>\n<meta name=\"twitter:creator\" content=\"@KapitalisInfo\" \/>\n<meta name=\"twitter:site\" content=\"@KapitalisInfo\" \/>\n<meta name=\"twitter:label1\" content=\"\u00c9crit par\" \/>\n\t<meta name=\"twitter:data1\" content=\"webmaster kapitalis\" \/>\n\t<meta name=\"twitter:label2\" content=\"Dur\u00e9e de lecture estim\u00e9e\" \/>\n\t<meta name=\"twitter:data2\" content=\"6 minutes\" \/>\n<script type=\"application\/ld+json\" class=\"yoast-schema-graph\">{\"@context\":\"https:\/\/schema.org\",\"@graph\":[{\"@type\":\"Article\",\"@id\":\"https:\/\/kapitalis.com\/tunisie\/2025\/01\/31\/syrie-les-survivants-de-lattaque-chimique-dal-ghouta-temoignent-enfin\/#article\",\"isPartOf\":{\"@id\":\"https:\/\/kapitalis.com\/tunisie\/2025\/01\/31\/syrie-les-survivants-de-lattaque-chimique-dal-ghouta-temoignent-enfin\/\"},\"author\":{\"name\":\"webmaster kapitalis\",\"@id\":\"https:\/\/kapitalis.com\/tunisie\/#\/schema\/person\/d71f33a9ca44f7bad4698210b480c8e9\"},\"headline\":\"Syrie\u00a0: les survivants de l\u2019attaque chimique d&rsquo;Al-Ghouta t\u00e9moignent enfin!\",\"datePublished\":\"2025-01-31T08:32:30+00:00\",\"dateModified\":\"2025-01-31T08:32:32+00:00\",\"mainEntityOfPage\":{\"@id\":\"https:\/\/kapitalis.com\/tunisie\/2025\/01\/31\/syrie-les-survivants-de-lattaque-chimique-dal-ghouta-temoignent-enfin\/\"},\"wordCount\":1095,\"commentCount\":1,\"publisher\":{\"@id\":\"https:\/\/kapitalis.com\/tunisie\/#organization\"},\"image\":{\"@id\":\"https:\/\/kapitalis.com\/tunisie\/2025\/01\/31\/syrie-les-survivants-de-lattaque-chimique-dal-ghouta-temoignent-enfin\/#primaryimage\"},\"thumbnailUrl\":\"https:\/\/kapitalis.com\/tunisie\/wp-content\/uploads\/2025\/01\/Ghouta-arraque-chimique-2013.jpg\",\"keywords\":[\"attaque chimique\",\"Bachar al-Assad\",\"Damas\",\"gaz sarin\",\"Ghouta\",\"Syrie\"],\"articleSection\":[\"A LA UNE\",\"POLITIQUE\",\"Tunisie\"],\"inLanguage\":\"fr-FR\",\"potentialAction\":[{\"@type\":\"CommentAction\",\"name\":\"Comment\",\"target\":[\"https:\/\/kapitalis.com\/tunisie\/2025\/01\/31\/syrie-les-survivants-de-lattaque-chimique-dal-ghouta-temoignent-enfin\/#respond\"]}]},{\"@type\":\"WebPage\",\"@id\":\"https:\/\/kapitalis.com\/tunisie\/2025\/01\/31\/syrie-les-survivants-de-lattaque-chimique-dal-ghouta-temoignent-enfin\/\",\"url\":\"https:\/\/kapitalis.com\/tunisie\/2025\/01\/31\/syrie-les-survivants-de-lattaque-chimique-dal-ghouta-temoignent-enfin\/\",\"name\":\"Syrie\u00a0: les survivants de l\u2019attaque chimique d'Al-Ghouta t\u00e9moignent enfin! - Kapitalis\",\"isPartOf\":{\"@id\":\"https:\/\/kapitalis.com\/tunisie\/#website\"},\"primaryImageOfPage\":{\"@id\":\"https:\/\/kapitalis.com\/tunisie\/2025\/01\/31\/syrie-les-survivants-de-lattaque-chimique-dal-ghouta-temoignent-enfin\/#primaryimage\"},\"image\":{\"@id\":\"https:\/\/kapitalis.com\/tunisie\/2025\/01\/31\/syrie-les-survivants-de-lattaque-chimique-dal-ghouta-temoignent-enfin\/#primaryimage\"},\"thumbnailUrl\":\"https:\/\/kapitalis.com\/tunisie\/wp-content\/uploads\/2025\/01\/Ghouta-arraque-chimique-2013.jpg\",\"datePublished\":\"2025-01-31T08:32:30+00:00\",\"dateModified\":\"2025-01-31T08:32:32+00:00\",\"breadcrumb\":{\"@id\":\"https:\/\/kapitalis.com\/tunisie\/2025\/01\/31\/syrie-les-survivants-de-lattaque-chimique-dal-ghouta-temoignent-enfin\/#breadcrumb\"},\"inLanguage\":\"fr-FR\",\"potentialAction\":[{\"@type\":\"ReadAction\",\"target\":[\"https:\/\/kapitalis.com\/tunisie\/2025\/01\/31\/syrie-les-survivants-de-lattaque-chimique-dal-ghouta-temoignent-enfin\/\"]}]},{\"@type\":\"ImageObject\",\"inLanguage\":\"fr-FR\",\"@id\":\"https:\/\/kapitalis.com\/tunisie\/2025\/01\/31\/syrie-les-survivants-de-lattaque-chimique-dal-ghouta-temoignent-enfin\/#primaryimage\",\"url\":\"https:\/\/kapitalis.com\/tunisie\/wp-content\/uploads\/2025\/01\/Ghouta-arraque-chimique-2013.jpg\",\"contentUrl\":\"https:\/\/kapitalis.com\/tunisie\/wp-content\/uploads\/2025\/01\/Ghouta-arraque-chimique-2013.jpg\",\"width\":1200,\"height\":630},{\"@type\":\"BreadcrumbList\",\"@id\":\"https:\/\/kapitalis.com\/tunisie\/2025\/01\/31\/syrie-les-survivants-de-lattaque-chimique-dal-ghouta-temoignent-enfin\/#breadcrumb\",\"itemListElement\":[{\"@type\":\"ListItem\",\"position\":1,\"name\":\"Accueil\",\"item\":\"https:\/\/kapitalis.com\/tunisie\/\"},{\"@type\":\"ListItem\",\"position\":2,\"name\":\"Syrie\u00a0: les survivants de l\u2019attaque chimique d&rsquo;Al-Ghouta t\u00e9moignent enfin!\"}]},{\"@type\":\"WebSite\",\"@id\":\"https:\/\/kapitalis.com\/tunisie\/#website\",\"url\":\"https:\/\/kapitalis.com\/tunisie\/\",\"name\":\"Kapitalis\",\"description\":\"L&#039;actualit\u00e9 en Tunisie et dans le monde\",\"publisher\":{\"@id\":\"https:\/\/kapitalis.com\/tunisie\/#organization\"},\"potentialAction\":[{\"@type\":\"SearchAction\",\"target\":{\"@type\":\"EntryPoint\",\"urlTemplate\":\"https:\/\/kapitalis.com\/tunisie\/?s={search_term_string}\"},\"query-input\":{\"@type\":\"PropertyValueSpecification\",\"valueRequired\":true,\"valueName\":\"search_term_string\"}}],\"inLanguage\":\"fr-FR\"},{\"@type\":\"Organization\",\"@id\":\"https:\/\/kapitalis.com\/tunisie\/#organization\",\"name\":\"Kapitalis\",\"url\":\"https:\/\/kapitalis.com\/tunisie\/\",\"logo\":{\"@type\":\"ImageObject\",\"inLanguage\":\"fr-FR\",\"@id\":\"https:\/\/kapitalis.com\/tunisie\/#\/schema\/logo\/image\/\",\"url\":\"https:\/\/kapitalis.com\/tunisie\/wp-content\/uploads\/2022\/05\/Kapitalis-big-size.png\",\"contentUrl\":\"https:\/\/kapitalis.com\/tunisie\/wp-content\/uploads\/2022\/05\/Kapitalis-big-size.png\",\"width\":5000,\"height\":1500,\"caption\":\"Kapitalis\"},\"image\":{\"@id\":\"https:\/\/kapitalis.com\/tunisie\/#\/schema\/logo\/image\/\"},\"sameAs\":[\"https:\/\/www.facebook.com\/KapitalisInfo\/\",\"https:\/\/x.com\/KapitalisInfo\",\"https:\/\/www.youtube.com\/channel\/UC-yDYrHyfFBWWZaOw3FPg9Q\"]},{\"@type\":\"Person\",\"@id\":\"https:\/\/kapitalis.com\/tunisie\/#\/schema\/person\/d71f33a9ca44f7bad4698210b480c8e9\",\"name\":\"webmaster kapitalis\",\"url\":\"https:\/\/kapitalis.com\/tunisie\/author\/webmaster-kapitalis\/\"}]}<\/script>\n<!-- \/ Yoast SEO plugin. -->","yoast_head_json":{"title":"Syrie\u00a0: les survivants de l\u2019attaque chimique d'Al-Ghouta t\u00e9moignent enfin! - Kapitalis","robots":{"index":"index","follow":"follow","max-snippet":"max-snippet:-1","max-image-preview":"max-image-preview:large","max-video-preview":"max-video-preview:-1"},"canonical":"https:\/\/kapitalis.com\/tunisie\/2025\/01\/31\/syrie-les-survivants-de-lattaque-chimique-dal-ghouta-temoignent-enfin\/","og_locale":"fr_FR","og_type":"article","og_title":"Syrie\u00a0: les survivants de l\u2019attaque chimique d'Al-Ghouta t\u00e9moignent enfin! - Kapitalis","og_description":"T\u00e9moignages des survivants de l\u2019attaque chimique d''Al-Ghouta orientale par le r\u00e9gime de Bachar Al-Assad, en Syrie, en 2013.","og_url":"https:\/\/kapitalis.com\/tunisie\/2025\/01\/31\/syrie-les-survivants-de-lattaque-chimique-dal-ghouta-temoignent-enfin\/","og_site_name":"Kapitalis","article_publisher":"https:\/\/www.facebook.com\/KapitalisInfo\/","article_published_time":"2025-01-31T08:32:30+00:00","article_modified_time":"2025-01-31T08:32:32+00:00","og_image":[{"width":1200,"height":630,"url":"https:\/\/kapitalis.com\/tunisie\/wp-content\/uploads\/2025\/01\/Ghouta-arraque-chimique-2013.jpg","type":"image\/jpeg"}],"author":"webmaster kapitalis","twitter_card":"summary_large_image","twitter_creator":"@KapitalisInfo","twitter_site":"@KapitalisInfo","twitter_misc":{"\u00c9crit par":"webmaster kapitalis","Dur\u00e9e de lecture estim\u00e9e":"6 minutes"},"schema":{"@context":"https:\/\/schema.org","@graph":[{"@type":"Article","@id":"https:\/\/kapitalis.com\/tunisie\/2025\/01\/31\/syrie-les-survivants-de-lattaque-chimique-dal-ghouta-temoignent-enfin\/#article","isPartOf":{"@id":"https:\/\/kapitalis.com\/tunisie\/2025\/01\/31\/syrie-les-survivants-de-lattaque-chimique-dal-ghouta-temoignent-enfin\/"},"author":{"name":"webmaster kapitalis","@id":"https:\/\/kapitalis.com\/tunisie\/#\/schema\/person\/d71f33a9ca44f7bad4698210b480c8e9"},"headline":"Syrie\u00a0: les survivants de l\u2019attaque chimique d&rsquo;Al-Ghouta t\u00e9moignent enfin!","datePublished":"2025-01-31T08:32:30+00:00","dateModified":"2025-01-31T08:32:32+00:00","mainEntityOfPage":{"@id":"https:\/\/kapitalis.com\/tunisie\/2025\/01\/31\/syrie-les-survivants-de-lattaque-chimique-dal-ghouta-temoignent-enfin\/"},"wordCount":1095,"commentCount":1,"publisher":{"@id":"https:\/\/kapitalis.com\/tunisie\/#organization"},"image":{"@id":"https:\/\/kapitalis.com\/tunisie\/2025\/01\/31\/syrie-les-survivants-de-lattaque-chimique-dal-ghouta-temoignent-enfin\/#primaryimage"},"thumbnailUrl":"https:\/\/kapitalis.com\/tunisie\/wp-content\/uploads\/2025\/01\/Ghouta-arraque-chimique-2013.jpg","keywords":["attaque chimique","Bachar al-Assad","Damas","gaz sarin","Ghouta","Syrie"],"articleSection":["A LA UNE","POLITIQUE","Tunisie"],"inLanguage":"fr-FR","potentialAction":[{"@type":"CommentAction","name":"Comment","target":["https:\/\/kapitalis.com\/tunisie\/2025\/01\/31\/syrie-les-survivants-de-lattaque-chimique-dal-ghouta-temoignent-enfin\/#respond"]}]},{"@type":"WebPage","@id":"https:\/\/kapitalis.com\/tunisie\/2025\/01\/31\/syrie-les-survivants-de-lattaque-chimique-dal-ghouta-temoignent-enfin\/","url":"https:\/\/kapitalis.com\/tunisie\/2025\/01\/31\/syrie-les-survivants-de-lattaque-chimique-dal-ghouta-temoignent-enfin\/","name":"Syrie\u00a0: les survivants de l\u2019attaque chimique d'Al-Ghouta t\u00e9moignent enfin! - Kapitalis","isPartOf":{"@id":"https:\/\/kapitalis.com\/tunisie\/#website"},"primaryImageOfPage":{"@id":"https:\/\/kapitalis.com\/tunisie\/2025\/01\/31\/syrie-les-survivants-de-lattaque-chimique-dal-ghouta-temoignent-enfin\/#primaryimage"},"image":{"@id":"https:\/\/kapitalis.com\/tunisie\/2025\/01\/31\/syrie-les-survivants-de-lattaque-chimique-dal-ghouta-temoignent-enfin\/#primaryimage"},"thumbnailUrl":"https:\/\/kapitalis.com\/tunisie\/wp-content\/uploads\/2025\/01\/Ghouta-arraque-chimique-2013.jpg","datePublished":"2025-01-31T08:32:30+00:00","dateModified":"2025-01-31T08:32:32+00:00","breadcrumb":{"@id":"https:\/\/kapitalis.com\/tunisie\/2025\/01\/31\/syrie-les-survivants-de-lattaque-chimique-dal-ghouta-temoignent-enfin\/#breadcrumb"},"inLanguage":"fr-FR","potentialAction":[{"@type":"ReadAction","target":["https:\/\/kapitalis.com\/tunisie\/2025\/01\/31\/syrie-les-survivants-de-lattaque-chimique-dal-ghouta-temoignent-enfin\/"]}]},{"@type":"ImageObject","inLanguage":"fr-FR","@id":"https:\/\/kapitalis.com\/tunisie\/2025\/01\/31\/syrie-les-survivants-de-lattaque-chimique-dal-ghouta-temoignent-enfin\/#primaryimage","url":"https:\/\/kapitalis.com\/tunisie\/wp-content\/uploads\/2025\/01\/Ghouta-arraque-chimique-2013.jpg","contentUrl":"https:\/\/kapitalis.com\/tunisie\/wp-content\/uploads\/2025\/01\/Ghouta-arraque-chimique-2013.jpg","width":1200,"height":630},{"@type":"BreadcrumbList","@id":"https:\/\/kapitalis.com\/tunisie\/2025\/01\/31\/syrie-les-survivants-de-lattaque-chimique-dal-ghouta-temoignent-enfin\/#breadcrumb","itemListElement":[{"@type":"ListItem","position":1,"name":"Accueil","item":"https:\/\/kapitalis.com\/tunisie\/"},{"@type":"ListItem","position":2,"name":"Syrie\u00a0: les survivants de l\u2019attaque chimique d&rsquo;Al-Ghouta t\u00e9moignent enfin!"}]},{"@type":"WebSite","@id":"https:\/\/kapitalis.com\/tunisie\/#website","url":"https:\/\/kapitalis.com\/tunisie\/","name":"Kapitalis","description":"L&#039;actualit\u00e9 en Tunisie et dans le monde","publisher":{"@id":"https:\/\/kapitalis.com\/tunisie\/#organization"},"potentialAction":[{"@type":"SearchAction","target":{"@type":"EntryPoint","urlTemplate":"https:\/\/kapitalis.com\/tunisie\/?s={search_term_string}"},"query-input":{"@type":"PropertyValueSpecification","valueRequired":true,"valueName":"search_term_string"}}],"inLanguage":"fr-FR"},{"@type":"Organization","@id":"https:\/\/kapitalis.com\/tunisie\/#organization","name":"Kapitalis","url":"https:\/\/kapitalis.com\/tunisie\/","logo":{"@type":"ImageObject","inLanguage":"fr-FR","@id":"https:\/\/kapitalis.com\/tunisie\/#\/schema\/logo\/image\/","url":"https:\/\/kapitalis.com\/tunisie\/wp-content\/uploads\/2022\/05\/Kapitalis-big-size.png","contentUrl":"https:\/\/kapitalis.com\/tunisie\/wp-content\/uploads\/2022\/05\/Kapitalis-big-size.png","width":5000,"height":1500,"caption":"Kapitalis"},"image":{"@id":"https:\/\/kapitalis.com\/tunisie\/#\/schema\/logo\/image\/"},"sameAs":["https:\/\/www.facebook.com\/KapitalisInfo\/","https:\/\/x.com\/KapitalisInfo","https:\/\/www.youtube.com\/channel\/UC-yDYrHyfFBWWZaOw3FPg9Q"]},{"@type":"Person","@id":"https:\/\/kapitalis.com\/tunisie\/#\/schema\/person\/d71f33a9ca44f7bad4698210b480c8e9","name":"webmaster kapitalis","url":"https:\/\/kapitalis.com\/tunisie\/author\/webmaster-kapitalis\/"}]}},"_links":{"self":[{"href":"https:\/\/kapitalis.com\/tunisie\/wp-json\/wp\/v2\/posts\/15360293","targetHints":{"allow":["GET"]}}],"collection":[{"href":"https:\/\/kapitalis.com\/tunisie\/wp-json\/wp\/v2\/posts"}],"about":[{"href":"https:\/\/kapitalis.com\/tunisie\/wp-json\/wp\/v2\/types\/post"}],"author":[{"embeddable":true,"href":"https:\/\/kapitalis.com\/tunisie\/wp-json\/wp\/v2\/users\/8"}],"replies":[{"embeddable":true,"href":"https:\/\/kapitalis.com\/tunisie\/wp-json\/wp\/v2\/comments?post=15360293"}],"version-history":[{"count":1,"href":"https:\/\/kapitalis.com\/tunisie\/wp-json\/wp\/v2\/posts\/15360293\/revisions"}],"predecessor-version":[{"id":15360333,"href":"https:\/\/kapitalis.com\/tunisie\/wp-json\/wp\/v2\/posts\/15360293\/revisions\/15360333"}],"wp:featuredmedia":[{"embeddable":true,"href":"https:\/\/kapitalis.com\/tunisie\/wp-json\/wp\/v2\/media\/15360316"}],"wp:attachment":[{"href":"https:\/\/kapitalis.com\/tunisie\/wp-json\/wp\/v2\/media?parent=15360293"}],"wp:term":[{"taxonomy":"category","embeddable":true,"href":"https:\/\/kapitalis.com\/tunisie\/wp-json\/wp\/v2\/categories?post=15360293"},{"taxonomy":"post_tag","embeddable":true,"href":"https:\/\/kapitalis.com\/tunisie\/wp-json\/wp\/v2\/tags?post=15360293"}],"curies":[{"name":"wp","href":"https:\/\/api.w.org\/{rel}","templated":true}]}}