{"id":15360665,"date":"2025-01-31T10:20:14","date_gmt":"2025-01-31T09:20:14","guid":{"rendered":"https:\/\/kapitalis.com\/tunisie\/?p=15360665"},"modified":"2025-01-31T10:20:15","modified_gmt":"2025-01-31T09:20:15","slug":"tunisie-letat-durgence-prolonge-de-12-mois","status":"publish","type":"post","link":"https:\/\/kapitalis.com\/tunisie\/2025\/01\/31\/tunisie-letat-durgence-prolonge-de-12-mois\/","title":{"rendered":"Tunisie\u00a0: l\u2019\u00e9tat d\u2019urgence prolong\u00e9 de 12 mois"},"content":{"rendered":"\n<p><strong><em>En vertu du d\u00e9cret pr\u00e9sidentiel n\u00b074, en date du 29 janvier 2025, paru au Journal officiel n\u00b012 de l\u2019ann\u00e9e 2025, l\u2019\u00e9tat d\u2019urgence en Tunisie, qui devait prendre fin ce vendredi 31 janvier 2025, a \u00e9t\u00e9 prolong\u00e9 sur l\u2019ensemble du territoire jusqu\u2019\u00e0 la fin de cette ann\u00e9e.<\/em><\/strong><\/p>\n\n\n\n<!--more-->\n\n\n\n<p>L&rsquo;\u00e9tat d&rsquo;urgence a \u00e9t\u00e9 d\u00e9cr\u00e9t\u00e9 \u00e0 la suite d\u2019une attaque terroriste contre un bus de la Garde pr\u00e9sidentielle survenue, le 24 novembre 2015, \u00e0 Tunis et ayant fait 12 morts et 16 bless\u00e9s.<\/p>\n\n\n\n<p>Depuis cette&nbsp; attaque, l\u2019\u00e9tat d&rsquo;urgence a \u00e9t\u00e9 prolong\u00e9 \u00e0 plusieurs reprises et pour des p\u00e9riodes variables.&nbsp;<\/p>\n\n\n\n<p>Cette attaque fait suite \u00e0 celles du Bardo, le 18 mars de la m\u00eame ann\u00e9e (24 morts et 45 bless\u00e9s) et de Sousse le 26 juin (39 morts et 39 bless\u00e9s). <\/p>\n\n\n\n<p>La prolongation de l&rsquo;\u00e9tat d&rsquo;urgence donne \u00e0 penser que la menace terroriste persiste encore. \u00a0<\/p>\n\n\n\n<p class=\"has-text-align-right\"><strong>I. B.<\/strong> <\/p>\n","protected":false},"excerpt":{"rendered":"<p>L\u2019\u00e9tat d\u2019urgence en Tunisie a \u00e9t\u00e9 prolong\u00e9 sur l\u2019ensemble du territoire jusqu\u2019\u00e0 la fin de cette ann\u00e9e 2025.<\/p>\n","protected":false},"author":8,"featured_media":3625110,"comment_status":"open","ping_status":"open","sticky":false,"template":"","format":"standard","meta":{"footnotes":""},"categories":[997,2433],"tags":[2021,132,85464,854,64491,62643],"class_list":["post-15360665","post","type-post","status-publish","format-standard","has-post-thumbnail","hentry","category-politique","category-tunisie","tag-attaque-terroriste","tag-bardo","tag-etat-durgence-2","tag-sousse","tag-tunis","tag-tunisie"],"yoast_head":"<!-- This site is optimized with the Yoast SEO plugin v26.6 - https:\/\/yoast.com\/wordpress\/plugins\/seo\/ -->\n<title>Tunisie\u00a0: l\u2019\u00e9tat d\u2019urgence prolong\u00e9 de 12 mois - Kapitalis<\/title>\n<meta name=\"robots\" content=\"index, follow, max-snippet:-1, max-image-preview:large, max-video-preview:-1\" \/>\n<link rel=\"canonical\" href=\"https:\/\/kapitalis.com\/tunisie\/2025\/01\/31\/tunisie-letat-durgence-prolonge-de-12-mois\/\" \/>\n<meta property=\"og:locale\" content=\"fr_FR\" \/>\n<meta property=\"og:type\" content=\"article\" \/>\n<meta property=\"og:title\" content=\"Tunisie\u00a0: l\u2019\u00e9tat d\u2019urgence prolong\u00e9 de 12 mois - Kapitalis\" \/>\n<meta property=\"og:description\" content=\"L\u2019\u00e9tat d\u2019urgence en Tunisie a \u00e9t\u00e9 prolong\u00e9 sur l\u2019ensemble du territoire jusqu\u2019\u00e0 la fin de cette ann\u00e9e 2025.\" \/>\n<meta property=\"og:url\" content=\"https:\/\/kapitalis.com\/tunisie\/2025\/01\/31\/tunisie-letat-durgence-prolonge-de-12-mois\/\" \/>\n<meta property=\"og:site_name\" content=\"Kapitalis\" \/>\n<meta property=\"article:publisher\" content=\"https:\/\/www.facebook.com\/KapitalisInfo\/\" \/>\n<meta property=\"article:published_time\" content=\"2025-01-31T09:20:14+00:00\" \/>\n<meta property=\"article:modified_time\" content=\"2025-01-31T09:20:15+00:00\" \/>\n<meta property=\"og:image\" content=\"https:\/\/kapitalis.com\/tunisie\/wp-content\/uploads\/2022\/09\/armee-GN-Tunisie.jpg\" \/>\n\t<meta property=\"og:image:width\" content=\"1200\" \/>\n\t<meta property=\"og:image:height\" content=\"630\" \/>\n\t<meta property=\"og:image:type\" content=\"image\/jpeg\" \/>\n<meta name=\"author\" content=\"webmaster kapitalis\" \/>\n<meta name=\"twitter:card\" content=\"summary_large_image\" \/>\n<meta name=\"twitter:creator\" content=\"@KapitalisInfo\" \/>\n<meta name=\"twitter:site\" content=\"@KapitalisInfo\" \/>\n<meta name=\"twitter:label1\" content=\"\u00c9crit par\" \/>\n\t<meta name=\"twitter:data1\" content=\"webmaster kapitalis\" \/>\n\t<meta name=\"twitter:label2\" content=\"Dur\u00e9e de lecture estim\u00e9e\" \/>\n\t<meta name=\"twitter:data2\" content=\"1 minute\" \/>\n<script type=\"application\/ld+json\" class=\"yoast-schema-graph\">{\"@context\":\"https:\/\/schema.org\",\"@graph\":[{\"@type\":\"Article\",\"@id\":\"https:\/\/kapitalis.com\/tunisie\/2025\/01\/31\/tunisie-letat-durgence-prolonge-de-12-mois\/#article\",\"isPartOf\":{\"@id\":\"https:\/\/kapitalis.com\/tunisie\/2025\/01\/31\/tunisie-letat-durgence-prolonge-de-12-mois\/\"},\"author\":{\"name\":\"webmaster kapitalis\",\"@id\":\"https:\/\/kapitalis.com\/tunisie\/#\/schema\/person\/d71f33a9ca44f7bad4698210b480c8e9\"},\"headline\":\"Tunisie\u00a0: l\u2019\u00e9tat d\u2019urgence prolong\u00e9 de 12 mois\",\"datePublished\":\"2025-01-31T09:20:14+00:00\",\"dateModified\":\"2025-01-31T09:20:15+00:00\",\"mainEntityOfPage\":{\"@id\":\"https:\/\/kapitalis.com\/tunisie\/2025\/01\/31\/tunisie-letat-durgence-prolonge-de-12-mois\/\"},\"wordCount\":153,\"commentCount\":1,\"publisher\":{\"@id\":\"https:\/\/kapitalis.com\/tunisie\/#organization\"},\"image\":{\"@id\":\"https:\/\/kapitalis.com\/tunisie\/2025\/01\/31\/tunisie-letat-durgence-prolonge-de-12-mois\/#primaryimage\"},\"thumbnailUrl\":\"https:\/\/kapitalis.com\/tunisie\/wp-content\/uploads\/2022\/09\/armee-GN-Tunisie.jpg\",\"keywords\":[\"attaque terroriste\",\"Bardo\",\"\u00e9tat d\u2019urgence\",\"Sousse\",\"Tunis\",\"Tunisie\"],\"articleSection\":[\"POLITIQUE\",\"Tunisie\"],\"inLanguage\":\"fr-FR\",\"potentialAction\":[{\"@type\":\"CommentAction\",\"name\":\"Comment\",\"target\":[\"https:\/\/kapitalis.com\/tunisie\/2025\/01\/31\/tunisie-letat-durgence-prolonge-de-12-mois\/#respond\"]}]},{\"@type\":\"WebPage\",\"@id\":\"https:\/\/kapitalis.com\/tunisie\/2025\/01\/31\/tunisie-letat-durgence-prolonge-de-12-mois\/\",\"url\":\"https:\/\/kapitalis.com\/tunisie\/2025\/01\/31\/tunisie-letat-durgence-prolonge-de-12-mois\/\",\"name\":\"Tunisie\u00a0: l\u2019\u00e9tat d\u2019urgence prolong\u00e9 de 12 mois - Kapitalis\",\"isPartOf\":{\"@id\":\"https:\/\/kapitalis.com\/tunisie\/#website\"},\"primaryImageOfPage\":{\"@id\":\"https:\/\/kapitalis.com\/tunisie\/2025\/01\/31\/tunisie-letat-durgence-prolonge-de-12-mois\/#primaryimage\"},\"image\":{\"@id\":\"https:\/\/kapitalis.com\/tunisie\/2025\/01\/31\/tunisie-letat-durgence-prolonge-de-12-mois\/#primaryimage\"},\"thumbnailUrl\":\"https:\/\/kapitalis.com\/tunisie\/wp-content\/uploads\/2022\/09\/armee-GN-Tunisie.jpg\",\"datePublished\":\"2025-01-31T09:20:14+00:00\",\"dateModified\":\"2025-01-31T09:20:15+00:00\",\"breadcrumb\":{\"@id\":\"https:\/\/kapitalis.com\/tunisie\/2025\/01\/31\/tunisie-letat-durgence-prolonge-de-12-mois\/#breadcrumb\"},\"inLanguage\":\"fr-FR\",\"potentialAction\":[{\"@type\":\"ReadAction\",\"target\":[\"https:\/\/kapitalis.com\/tunisie\/2025\/01\/31\/tunisie-letat-durgence-prolonge-de-12-mois\/\"]}]},{\"@type\":\"ImageObject\",\"inLanguage\":\"fr-FR\",\"@id\":\"https:\/\/kapitalis.com\/tunisie\/2025\/01\/31\/tunisie-letat-durgence-prolonge-de-12-mois\/#primaryimage\",\"url\":\"https:\/\/kapitalis.com\/tunisie\/wp-content\/uploads\/2022\/09\/armee-GN-Tunisie.jpg\",\"contentUrl\":\"https:\/\/kapitalis.com\/tunisie\/wp-content\/uploads\/2022\/09\/armee-GN-Tunisie.jpg\",\"width\":1200,\"height\":630},{\"@type\":\"BreadcrumbList\",\"@id\":\"https:\/\/kapitalis.com\/tunisie\/2025\/01\/31\/tunisie-letat-durgence-prolonge-de-12-mois\/#breadcrumb\",\"itemListElement\":[{\"@type\":\"ListItem\",\"position\":1,\"name\":\"Accueil\",\"item\":\"https:\/\/kapitalis.com\/tunisie\/\"},{\"@type\":\"ListItem\",\"position\":2,\"name\":\"Tunisie\u00a0: l\u2019\u00e9tat d\u2019urgence prolong\u00e9 de 12 mois\"}]},{\"@type\":\"WebSite\",\"@id\":\"https:\/\/kapitalis.com\/tunisie\/#website\",\"url\":\"https:\/\/kapitalis.com\/tunisie\/\",\"name\":\"Kapitalis\",\"description\":\"L&#039;actualit\u00e9 en Tunisie et dans le monde\",\"publisher\":{\"@id\":\"https:\/\/kapitalis.com\/tunisie\/#organization\"},\"potentialAction\":[{\"@type\":\"SearchAction\",\"target\":{\"@type\":\"EntryPoint\",\"urlTemplate\":\"https:\/\/kapitalis.com\/tunisie\/?s={search_term_string}\"},\"query-input\":{\"@type\":\"PropertyValueSpecification\",\"valueRequired\":true,\"valueName\":\"search_term_string\"}}],\"inLanguage\":\"fr-FR\"},{\"@type\":\"Organization\",\"@id\":\"https:\/\/kapitalis.com\/tunisie\/#organization\",\"name\":\"Kapitalis\",\"url\":\"https:\/\/kapitalis.com\/tunisie\/\",\"logo\":{\"@type\":\"ImageObject\",\"inLanguage\":\"fr-FR\",\"@id\":\"https:\/\/kapitalis.com\/tunisie\/#\/schema\/logo\/image\/\",\"url\":\"https:\/\/kapitalis.com\/tunisie\/wp-content\/uploads\/2022\/05\/Kapitalis-big-size.png\",\"contentUrl\":\"https:\/\/kapitalis.com\/tunisie\/wp-content\/uploads\/2022\/05\/Kapitalis-big-size.png\",\"width\":5000,\"height\":1500,\"caption\":\"Kapitalis\"},\"image\":{\"@id\":\"https:\/\/kapitalis.com\/tunisie\/#\/schema\/logo\/image\/\"},\"sameAs\":[\"https:\/\/www.facebook.com\/KapitalisInfo\/\",\"https:\/\/x.com\/KapitalisInfo\",\"https:\/\/www.youtube.com\/channel\/UC-yDYrHyfFBWWZaOw3FPg9Q\"]},{\"@type\":\"Person\",\"@id\":\"https:\/\/kapitalis.com\/tunisie\/#\/schema\/person\/d71f33a9ca44f7bad4698210b480c8e9\",\"name\":\"webmaster kapitalis\",\"url\":\"https:\/\/kapitalis.com\/tunisie\/author\/webmaster-kapitalis\/\"}]}<\/script>\n<!-- \/ Yoast SEO plugin. -->","yoast_head_json":{"title":"Tunisie\u00a0: l\u2019\u00e9tat d\u2019urgence prolong\u00e9 de 12 mois - Kapitalis","robots":{"index":"index","follow":"follow","max-snippet":"max-snippet:-1","max-image-preview":"max-image-preview:large","max-video-preview":"max-video-preview:-1"},"canonical":"https:\/\/kapitalis.com\/tunisie\/2025\/01\/31\/tunisie-letat-durgence-prolonge-de-12-mois\/","og_locale":"fr_FR","og_type":"article","og_title":"Tunisie\u00a0: l\u2019\u00e9tat d\u2019urgence prolong\u00e9 de 12 mois - Kapitalis","og_description":"L\u2019\u00e9tat d\u2019urgence en Tunisie a \u00e9t\u00e9 prolong\u00e9 sur l\u2019ensemble du territoire jusqu\u2019\u00e0 la fin de cette ann\u00e9e 2025.","og_url":"https:\/\/kapitalis.com\/tunisie\/2025\/01\/31\/tunisie-letat-durgence-prolonge-de-12-mois\/","og_site_name":"Kapitalis","article_publisher":"https:\/\/www.facebook.com\/KapitalisInfo\/","article_published_time":"2025-01-31T09:20:14+00:00","article_modified_time":"2025-01-31T09:20:15+00:00","og_image":[{"width":1200,"height":630,"url":"https:\/\/kapitalis.com\/tunisie\/wp-content\/uploads\/2022\/09\/armee-GN-Tunisie.jpg","type":"image\/jpeg"}],"author":"webmaster kapitalis","twitter_card":"summary_large_image","twitter_creator":"@KapitalisInfo","twitter_site":"@KapitalisInfo","twitter_misc":{"\u00c9crit par":"webmaster kapitalis","Dur\u00e9e de lecture estim\u00e9e":"1 minute"},"schema":{"@context":"https:\/\/schema.org","@graph":[{"@type":"Article","@id":"https:\/\/kapitalis.com\/tunisie\/2025\/01\/31\/tunisie-letat-durgence-prolonge-de-12-mois\/#article","isPartOf":{"@id":"https:\/\/kapitalis.com\/tunisie\/2025\/01\/31\/tunisie-letat-durgence-prolonge-de-12-mois\/"},"author":{"name":"webmaster kapitalis","@id":"https:\/\/kapitalis.com\/tunisie\/#\/schema\/person\/d71f33a9ca44f7bad4698210b480c8e9"},"headline":"Tunisie\u00a0: l\u2019\u00e9tat d\u2019urgence prolong\u00e9 de 12 mois","datePublished":"2025-01-31T09:20:14+00:00","dateModified":"2025-01-31T09:20:15+00:00","mainEntityOfPage":{"@id":"https:\/\/kapitalis.com\/tunisie\/2025\/01\/31\/tunisie-letat-durgence-prolonge-de-12-mois\/"},"wordCount":153,"commentCount":1,"publisher":{"@id":"https:\/\/kapitalis.com\/tunisie\/#organization"},"image":{"@id":"https:\/\/kapitalis.com\/tunisie\/2025\/01\/31\/tunisie-letat-durgence-prolonge-de-12-mois\/#primaryimage"},"thumbnailUrl":"https:\/\/kapitalis.com\/tunisie\/wp-content\/uploads\/2022\/09\/armee-GN-Tunisie.jpg","keywords":["attaque terroriste","Bardo","\u00e9tat d\u2019urgence","Sousse","Tunis","Tunisie"],"articleSection":["POLITIQUE","Tunisie"],"inLanguage":"fr-FR","potentialAction":[{"@type":"CommentAction","name":"Comment","target":["https:\/\/kapitalis.com\/tunisie\/2025\/01\/31\/tunisie-letat-durgence-prolonge-de-12-mois\/#respond"]}]},{"@type":"WebPage","@id":"https:\/\/kapitalis.com\/tunisie\/2025\/01\/31\/tunisie-letat-durgence-prolonge-de-12-mois\/","url":"https:\/\/kapitalis.com\/tunisie\/2025\/01\/31\/tunisie-letat-durgence-prolonge-de-12-mois\/","name":"Tunisie\u00a0: l\u2019\u00e9tat d\u2019urgence prolong\u00e9 de 12 mois - Kapitalis","isPartOf":{"@id":"https:\/\/kapitalis.com\/tunisie\/#website"},"primaryImageOfPage":{"@id":"https:\/\/kapitalis.com\/tunisie\/2025\/01\/31\/tunisie-letat-durgence-prolonge-de-12-mois\/#primaryimage"},"image":{"@id":"https:\/\/kapitalis.com\/tunisie\/2025\/01\/31\/tunisie-letat-durgence-prolonge-de-12-mois\/#primaryimage"},"thumbnailUrl":"https:\/\/kapitalis.com\/tunisie\/wp-content\/uploads\/2022\/09\/armee-GN-Tunisie.jpg","datePublished":"2025-01-31T09:20:14+00:00","dateModified":"2025-01-31T09:20:15+00:00","breadcrumb":{"@id":"https:\/\/kapitalis.com\/tunisie\/2025\/01\/31\/tunisie-letat-durgence-prolonge-de-12-mois\/#breadcrumb"},"inLanguage":"fr-FR","potentialAction":[{"@type":"ReadAction","target":["https:\/\/kapitalis.com\/tunisie\/2025\/01\/31\/tunisie-letat-durgence-prolonge-de-12-mois\/"]}]},{"@type":"ImageObject","inLanguage":"fr-FR","@id":"https:\/\/kapitalis.com\/tunisie\/2025\/01\/31\/tunisie-letat-durgence-prolonge-de-12-mois\/#primaryimage","url":"https:\/\/kapitalis.com\/tunisie\/wp-content\/uploads\/2022\/09\/armee-GN-Tunisie.jpg","contentUrl":"https:\/\/kapitalis.com\/tunisie\/wp-content\/uploads\/2022\/09\/armee-GN-Tunisie.jpg","width":1200,"height":630},{"@type":"BreadcrumbList","@id":"https:\/\/kapitalis.com\/tunisie\/2025\/01\/31\/tunisie-letat-durgence-prolonge-de-12-mois\/#breadcrumb","itemListElement":[{"@type":"ListItem","position":1,"name":"Accueil","item":"https:\/\/kapitalis.com\/tunisie\/"},{"@type":"ListItem","position":2,"name":"Tunisie\u00a0: l\u2019\u00e9tat d\u2019urgence prolong\u00e9 de 12 mois"}]},{"@type":"WebSite","@id":"https:\/\/kapitalis.com\/tunisie\/#website","url":"https:\/\/kapitalis.com\/tunisie\/","name":"Kapitalis","description":"L&#039;actualit\u00e9 en Tunisie et dans le monde","publisher":{"@id":"https:\/\/kapitalis.com\/tunisie\/#organization"},"potentialAction":[{"@type":"SearchAction","target":{"@type":"EntryPoint","urlTemplate":"https:\/\/kapitalis.com\/tunisie\/?s={search_term_string}"},"query-input":{"@type":"PropertyValueSpecification","valueRequired":true,"valueName":"search_term_string"}}],"inLanguage":"fr-FR"},{"@type":"Organization","@id":"https:\/\/kapitalis.com\/tunisie\/#organization","name":"Kapitalis","url":"https:\/\/kapitalis.com\/tunisie\/","logo":{"@type":"ImageObject","inLanguage":"fr-FR","@id":"https:\/\/kapitalis.com\/tunisie\/#\/schema\/logo\/image\/","url":"https:\/\/kapitalis.com\/tunisie\/wp-content\/uploads\/2022\/05\/Kapitalis-big-size.png","contentUrl":"https:\/\/kapitalis.com\/tunisie\/wp-content\/uploads\/2022\/05\/Kapitalis-big-size.png","width":5000,"height":1500,"caption":"Kapitalis"},"image":{"@id":"https:\/\/kapitalis.com\/tunisie\/#\/schema\/logo\/image\/"},"sameAs":["https:\/\/www.facebook.com\/KapitalisInfo\/","https:\/\/x.com\/KapitalisInfo","https:\/\/www.youtube.com\/channel\/UC-yDYrHyfFBWWZaOw3FPg9Q"]},{"@type":"Person","@id":"https:\/\/kapitalis.com\/tunisie\/#\/schema\/person\/d71f33a9ca44f7bad4698210b480c8e9","name":"webmaster kapitalis","url":"https:\/\/kapitalis.com\/tunisie\/author\/webmaster-kapitalis\/"}]}},"_links":{"self":[{"href":"https:\/\/kapitalis.com\/tunisie\/wp-json\/wp\/v2\/posts\/15360665","targetHints":{"allow":["GET"]}}],"collection":[{"href":"https:\/\/kapitalis.com\/tunisie\/wp-json\/wp\/v2\/posts"}],"about":[{"href":"https:\/\/kapitalis.com\/tunisie\/wp-json\/wp\/v2\/types\/post"}],"author":[{"embeddable":true,"href":"https:\/\/kapitalis.com\/tunisie\/wp-json\/wp\/v2\/users\/8"}],"replies":[{"embeddable":true,"href":"https:\/\/kapitalis.com\/tunisie\/wp-json\/wp\/v2\/comments?post=15360665"}],"version-history":[{"count":1,"href":"https:\/\/kapitalis.com\/tunisie\/wp-json\/wp\/v2\/posts\/15360665\/revisions"}],"predecessor-version":[{"id":15360683,"href":"https:\/\/kapitalis.com\/tunisie\/wp-json\/wp\/v2\/posts\/15360665\/revisions\/15360683"}],"wp:featuredmedia":[{"embeddable":true,"href":"https:\/\/kapitalis.com\/tunisie\/wp-json\/wp\/v2\/media\/3625110"}],"wp:attachment":[{"href":"https:\/\/kapitalis.com\/tunisie\/wp-json\/wp\/v2\/media?parent=15360665"}],"wp:term":[{"taxonomy":"category","embeddable":true,"href":"https:\/\/kapitalis.com\/tunisie\/wp-json\/wp\/v2\/categories?post=15360665"},{"taxonomy":"post_tag","embeddable":true,"href":"https:\/\/kapitalis.com\/tunisie\/wp-json\/wp\/v2\/tags?post=15360665"}],"curies":[{"name":"wp","href":"https:\/\/api.w.org\/{rel}","templated":true}]}}