{"id":15360745,"date":"2025-01-31T10:32:02","date_gmt":"2025-01-31T09:32:02","guid":{"rendered":"https:\/\/kapitalis.com\/tunisie\/?p=15360745"},"modified":"2025-01-31T10:34:32","modified_gmt":"2025-01-31T09:34:32","slug":"le-conseil-arabe-des-specialites-de-sante-ouvre-un-bureau-a-tunis","status":"publish","type":"post","link":"https:\/\/kapitalis.com\/tunisie\/2025\/01\/31\/le-conseil-arabe-des-specialites-de-sante-ouvre-un-bureau-a-tunis\/","title":{"rendered":"Le Conseil arabe des sp\u00e9cialit\u00e9s de sant\u00e9 ouvre un bureau \u00e0 Tunis"},"content":{"rendered":"\n<p><strong><em>R\u00e9uni, jeudi 30 janvier 2025, au palais du gouvernement \u00e0 la Kasbah, sous la pr\u00e9sidence du chef du gouvernement, Kamel Maddouri, le conseil des ministres a examin\u00e9 une s\u00e9rie de projets de loi et de d\u00e9crets, dont celui relatif \u00e0 un projet de loi organique portant approbation d\u2019un accord de si\u00e8ge entre le gouvernement tunisien et le Conseil arabe des sp\u00e9cialit\u00e9s de sant\u00e9.<\/em><\/strong><\/p>\n\n\n\n<!--more-->\n\n\n\n<p>Selon un communiqu\u00e9 de la pr\u00e9sidence du gouvernement publi\u00e9 hier soir, cet accord donnera droit \u00e0 l\u2019ouverture d\u2019un bureau de coordination \u00e0 Tunis dont la cr\u00e9ation va conforter le r\u00f4le de la Tunisie et des pays du Maghreb arabe dans les activit\u00e9s du Conseil arabe des sp\u00e9cialit\u00e9s de sant\u00e9 en leur permettant de b\u00e9n\u00e9ficier des programmes et des services fournis par le Conseil aux pays membres.<\/p>\n\n\n\n<p>L\u2019ouverture de ce bureau de coordination ne manquera pas \u00e9galement de renforcer le r\u00f4le et le positionnement de la Tunisie \u00e0 l\u2019\u00e9chelle r\u00e9gionale et arabe et conforter ainsi sa contribution dans le domaine de la formation dans le secteur de la sant\u00e9.<\/p>\n\n\n\n<p class=\"has-text-align-right\"><strong>I. B.<\/strong> <\/p>\n","protected":false},"excerpt":{"rendered":"<p>Projet de loi organique portant approbation d\u2019un accord de si\u00e8ge entre le gouvernement tunisien et le Conseil arabe des sp\u00e9cialit\u00e9s de sant\u00e9.<\/p>\n","protected":false},"author":8,"featured_media":4833320,"comment_status":"open","ping_status":"open","sticky":false,"template":"","format":"standard","meta":{"footnotes":""},"categories":[997,2433],"tags":[120486,5445,106500,99528,810,62643],"class_list":["post-15360745","post","type-post","status-publish","format-standard","has-post-thumbnail","hentry","category-politique","category-tunisie","tag-accord-de-siege","tag-conseil-des-ministres","tag-kamel-maddouri","tag-maghreb-arabe","tag-sante","tag-tunisie"],"yoast_head":"<!-- This site is optimized with the Yoast SEO plugin v26.6 - https:\/\/yoast.com\/wordpress\/plugins\/seo\/ -->\n<title>Le Conseil arabe des sp\u00e9cialit\u00e9s de sant\u00e9 ouvre un bureau \u00e0 Tunis - Kapitalis<\/title>\n<meta name=\"robots\" content=\"index, follow, max-snippet:-1, max-image-preview:large, max-video-preview:-1\" \/>\n<link rel=\"canonical\" href=\"https:\/\/kapitalis.com\/tunisie\/2025\/01\/31\/le-conseil-arabe-des-specialites-de-sante-ouvre-un-bureau-a-tunis\/\" \/>\n<meta property=\"og:locale\" content=\"fr_FR\" \/>\n<meta property=\"og:type\" content=\"article\" \/>\n<meta property=\"og:title\" content=\"Le Conseil arabe des sp\u00e9cialit\u00e9s de sant\u00e9 ouvre un bureau \u00e0 Tunis - Kapitalis\" \/>\n<meta property=\"og:description\" content=\"Projet de loi organique portant approbation d\u2019un accord de si\u00e8ge entre le gouvernement tunisien et le Conseil arabe des sp\u00e9cialit\u00e9s de sant\u00e9.\" \/>\n<meta property=\"og:url\" content=\"https:\/\/kapitalis.com\/tunisie\/2025\/01\/31\/le-conseil-arabe-des-specialites-de-sante-ouvre-un-bureau-a-tunis\/\" \/>\n<meta property=\"og:site_name\" content=\"Kapitalis\" \/>\n<meta property=\"article:publisher\" content=\"https:\/\/www.facebook.com\/KapitalisInfo\/\" \/>\n<meta property=\"article:published_time\" content=\"2025-01-31T09:32:02+00:00\" \/>\n<meta property=\"article:modified_time\" content=\"2025-01-31T09:34:32+00:00\" \/>\n<meta property=\"og:image\" content=\"https:\/\/kapitalis.com\/tunisie\/wp-content\/uploads\/2022\/11\/Palais-du-gouvernement-Tunis.jpg\" \/>\n\t<meta property=\"og:image:width\" content=\"1200\" \/>\n\t<meta property=\"og:image:height\" content=\"630\" \/>\n\t<meta property=\"og:image:type\" content=\"image\/jpeg\" \/>\n<meta name=\"author\" content=\"webmaster kapitalis\" \/>\n<meta name=\"twitter:card\" content=\"summary_large_image\" \/>\n<meta name=\"twitter:creator\" content=\"@KapitalisInfo\" \/>\n<meta name=\"twitter:site\" content=\"@KapitalisInfo\" \/>\n<meta name=\"twitter:label1\" content=\"\u00c9crit par\" \/>\n\t<meta name=\"twitter:data1\" content=\"webmaster kapitalis\" \/>\n\t<meta name=\"twitter:label2\" content=\"Dur\u00e9e de lecture estim\u00e9e\" \/>\n\t<meta name=\"twitter:data2\" content=\"2 minutes\" \/>\n<script type=\"application\/ld+json\" class=\"yoast-schema-graph\">{\"@context\":\"https:\/\/schema.org\",\"@graph\":[{\"@type\":\"Article\",\"@id\":\"https:\/\/kapitalis.com\/tunisie\/2025\/01\/31\/le-conseil-arabe-des-specialites-de-sante-ouvre-un-bureau-a-tunis\/#article\",\"isPartOf\":{\"@id\":\"https:\/\/kapitalis.com\/tunisie\/2025\/01\/31\/le-conseil-arabe-des-specialites-de-sante-ouvre-un-bureau-a-tunis\/\"},\"author\":{\"name\":\"webmaster kapitalis\",\"@id\":\"https:\/\/kapitalis.com\/tunisie\/#\/schema\/person\/d71f33a9ca44f7bad4698210b480c8e9\"},\"headline\":\"Le Conseil arabe des sp\u00e9cialit\u00e9s de sant\u00e9 ouvre un bureau \u00e0 Tunis\",\"datePublished\":\"2025-01-31T09:32:02+00:00\",\"dateModified\":\"2025-01-31T09:34:32+00:00\",\"mainEntityOfPage\":{\"@id\":\"https:\/\/kapitalis.com\/tunisie\/2025\/01\/31\/le-conseil-arabe-des-specialites-de-sante-ouvre-un-bureau-a-tunis\/\"},\"wordCount\":201,\"commentCount\":0,\"publisher\":{\"@id\":\"https:\/\/kapitalis.com\/tunisie\/#organization\"},\"image\":{\"@id\":\"https:\/\/kapitalis.com\/tunisie\/2025\/01\/31\/le-conseil-arabe-des-specialites-de-sante-ouvre-un-bureau-a-tunis\/#primaryimage\"},\"thumbnailUrl\":\"https:\/\/kapitalis.com\/tunisie\/wp-content\/uploads\/2022\/11\/Palais-du-gouvernement-Tunis.jpg\",\"keywords\":[\"accord de si\u00e8ge\",\"conseil des ministres\",\"Kamel Maddouri\",\"Maghreb arabe\",\"Sant\u00e9\",\"Tunisie\"],\"articleSection\":[\"POLITIQUE\",\"Tunisie\"],\"inLanguage\":\"fr-FR\",\"potentialAction\":[{\"@type\":\"CommentAction\",\"name\":\"Comment\",\"target\":[\"https:\/\/kapitalis.com\/tunisie\/2025\/01\/31\/le-conseil-arabe-des-specialites-de-sante-ouvre-un-bureau-a-tunis\/#respond\"]}]},{\"@type\":\"WebPage\",\"@id\":\"https:\/\/kapitalis.com\/tunisie\/2025\/01\/31\/le-conseil-arabe-des-specialites-de-sante-ouvre-un-bureau-a-tunis\/\",\"url\":\"https:\/\/kapitalis.com\/tunisie\/2025\/01\/31\/le-conseil-arabe-des-specialites-de-sante-ouvre-un-bureau-a-tunis\/\",\"name\":\"Le Conseil arabe des sp\u00e9cialit\u00e9s de sant\u00e9 ouvre un bureau \u00e0 Tunis - Kapitalis\",\"isPartOf\":{\"@id\":\"https:\/\/kapitalis.com\/tunisie\/#website\"},\"primaryImageOfPage\":{\"@id\":\"https:\/\/kapitalis.com\/tunisie\/2025\/01\/31\/le-conseil-arabe-des-specialites-de-sante-ouvre-un-bureau-a-tunis\/#primaryimage\"},\"image\":{\"@id\":\"https:\/\/kapitalis.com\/tunisie\/2025\/01\/31\/le-conseil-arabe-des-specialites-de-sante-ouvre-un-bureau-a-tunis\/#primaryimage\"},\"thumbnailUrl\":\"https:\/\/kapitalis.com\/tunisie\/wp-content\/uploads\/2022\/11\/Palais-du-gouvernement-Tunis.jpg\",\"datePublished\":\"2025-01-31T09:32:02+00:00\",\"dateModified\":\"2025-01-31T09:34:32+00:00\",\"breadcrumb\":{\"@id\":\"https:\/\/kapitalis.com\/tunisie\/2025\/01\/31\/le-conseil-arabe-des-specialites-de-sante-ouvre-un-bureau-a-tunis\/#breadcrumb\"},\"inLanguage\":\"fr-FR\",\"potentialAction\":[{\"@type\":\"ReadAction\",\"target\":[\"https:\/\/kapitalis.com\/tunisie\/2025\/01\/31\/le-conseil-arabe-des-specialites-de-sante-ouvre-un-bureau-a-tunis\/\"]}]},{\"@type\":\"ImageObject\",\"inLanguage\":\"fr-FR\",\"@id\":\"https:\/\/kapitalis.com\/tunisie\/2025\/01\/31\/le-conseil-arabe-des-specialites-de-sante-ouvre-un-bureau-a-tunis\/#primaryimage\",\"url\":\"https:\/\/kapitalis.com\/tunisie\/wp-content\/uploads\/2022\/11\/Palais-du-gouvernement-Tunis.jpg\",\"contentUrl\":\"https:\/\/kapitalis.com\/tunisie\/wp-content\/uploads\/2022\/11\/Palais-du-gouvernement-Tunis.jpg\",\"width\":1200,\"height\":630},{\"@type\":\"BreadcrumbList\",\"@id\":\"https:\/\/kapitalis.com\/tunisie\/2025\/01\/31\/le-conseil-arabe-des-specialites-de-sante-ouvre-un-bureau-a-tunis\/#breadcrumb\",\"itemListElement\":[{\"@type\":\"ListItem\",\"position\":1,\"name\":\"Accueil\",\"item\":\"https:\/\/kapitalis.com\/tunisie\/\"},{\"@type\":\"ListItem\",\"position\":2,\"name\":\"Le Conseil arabe des sp\u00e9cialit\u00e9s de sant\u00e9 ouvre un bureau \u00e0 Tunis\"}]},{\"@type\":\"WebSite\",\"@id\":\"https:\/\/kapitalis.com\/tunisie\/#website\",\"url\":\"https:\/\/kapitalis.com\/tunisie\/\",\"name\":\"Kapitalis\",\"description\":\"L&#039;actualit\u00e9 en Tunisie et dans le monde\",\"publisher\":{\"@id\":\"https:\/\/kapitalis.com\/tunisie\/#organization\"},\"potentialAction\":[{\"@type\":\"SearchAction\",\"target\":{\"@type\":\"EntryPoint\",\"urlTemplate\":\"https:\/\/kapitalis.com\/tunisie\/?s={search_term_string}\"},\"query-input\":{\"@type\":\"PropertyValueSpecification\",\"valueRequired\":true,\"valueName\":\"search_term_string\"}}],\"inLanguage\":\"fr-FR\"},{\"@type\":\"Organization\",\"@id\":\"https:\/\/kapitalis.com\/tunisie\/#organization\",\"name\":\"Kapitalis\",\"url\":\"https:\/\/kapitalis.com\/tunisie\/\",\"logo\":{\"@type\":\"ImageObject\",\"inLanguage\":\"fr-FR\",\"@id\":\"https:\/\/kapitalis.com\/tunisie\/#\/schema\/logo\/image\/\",\"url\":\"https:\/\/kapitalis.com\/tunisie\/wp-content\/uploads\/2022\/05\/Kapitalis-big-size.png\",\"contentUrl\":\"https:\/\/kapitalis.com\/tunisie\/wp-content\/uploads\/2022\/05\/Kapitalis-big-size.png\",\"width\":5000,\"height\":1500,\"caption\":\"Kapitalis\"},\"image\":{\"@id\":\"https:\/\/kapitalis.com\/tunisie\/#\/schema\/logo\/image\/\"},\"sameAs\":[\"https:\/\/www.facebook.com\/KapitalisInfo\/\",\"https:\/\/x.com\/KapitalisInfo\",\"https:\/\/www.youtube.com\/channel\/UC-yDYrHyfFBWWZaOw3FPg9Q\"]},{\"@type\":\"Person\",\"@id\":\"https:\/\/kapitalis.com\/tunisie\/#\/schema\/person\/d71f33a9ca44f7bad4698210b480c8e9\",\"name\":\"webmaster kapitalis\",\"url\":\"https:\/\/kapitalis.com\/tunisie\/author\/webmaster-kapitalis\/\"}]}<\/script>\n<!-- \/ Yoast SEO plugin. -->","yoast_head_json":{"title":"Le Conseil arabe des sp\u00e9cialit\u00e9s de sant\u00e9 ouvre un bureau \u00e0 Tunis - Kapitalis","robots":{"index":"index","follow":"follow","max-snippet":"max-snippet:-1","max-image-preview":"max-image-preview:large","max-video-preview":"max-video-preview:-1"},"canonical":"https:\/\/kapitalis.com\/tunisie\/2025\/01\/31\/le-conseil-arabe-des-specialites-de-sante-ouvre-un-bureau-a-tunis\/","og_locale":"fr_FR","og_type":"article","og_title":"Le Conseil arabe des sp\u00e9cialit\u00e9s de sant\u00e9 ouvre un bureau \u00e0 Tunis - Kapitalis","og_description":"Projet de loi organique portant approbation d\u2019un accord de si\u00e8ge entre le gouvernement tunisien et le Conseil arabe des sp\u00e9cialit\u00e9s de sant\u00e9.","og_url":"https:\/\/kapitalis.com\/tunisie\/2025\/01\/31\/le-conseil-arabe-des-specialites-de-sante-ouvre-un-bureau-a-tunis\/","og_site_name":"Kapitalis","article_publisher":"https:\/\/www.facebook.com\/KapitalisInfo\/","article_published_time":"2025-01-31T09:32:02+00:00","article_modified_time":"2025-01-31T09:34:32+00:00","og_image":[{"width":1200,"height":630,"url":"https:\/\/kapitalis.com\/tunisie\/wp-content\/uploads\/2022\/11\/Palais-du-gouvernement-Tunis.jpg","type":"image\/jpeg"}],"author":"webmaster kapitalis","twitter_card":"summary_large_image","twitter_creator":"@KapitalisInfo","twitter_site":"@KapitalisInfo","twitter_misc":{"\u00c9crit par":"webmaster kapitalis","Dur\u00e9e de lecture estim\u00e9e":"2 minutes"},"schema":{"@context":"https:\/\/schema.org","@graph":[{"@type":"Article","@id":"https:\/\/kapitalis.com\/tunisie\/2025\/01\/31\/le-conseil-arabe-des-specialites-de-sante-ouvre-un-bureau-a-tunis\/#article","isPartOf":{"@id":"https:\/\/kapitalis.com\/tunisie\/2025\/01\/31\/le-conseil-arabe-des-specialites-de-sante-ouvre-un-bureau-a-tunis\/"},"author":{"name":"webmaster kapitalis","@id":"https:\/\/kapitalis.com\/tunisie\/#\/schema\/person\/d71f33a9ca44f7bad4698210b480c8e9"},"headline":"Le Conseil arabe des sp\u00e9cialit\u00e9s de sant\u00e9 ouvre un bureau \u00e0 Tunis","datePublished":"2025-01-31T09:32:02+00:00","dateModified":"2025-01-31T09:34:32+00:00","mainEntityOfPage":{"@id":"https:\/\/kapitalis.com\/tunisie\/2025\/01\/31\/le-conseil-arabe-des-specialites-de-sante-ouvre-un-bureau-a-tunis\/"},"wordCount":201,"commentCount":0,"publisher":{"@id":"https:\/\/kapitalis.com\/tunisie\/#organization"},"image":{"@id":"https:\/\/kapitalis.com\/tunisie\/2025\/01\/31\/le-conseil-arabe-des-specialites-de-sante-ouvre-un-bureau-a-tunis\/#primaryimage"},"thumbnailUrl":"https:\/\/kapitalis.com\/tunisie\/wp-content\/uploads\/2022\/11\/Palais-du-gouvernement-Tunis.jpg","keywords":["accord de si\u00e8ge","conseil des ministres","Kamel Maddouri","Maghreb arabe","Sant\u00e9","Tunisie"],"articleSection":["POLITIQUE","Tunisie"],"inLanguage":"fr-FR","potentialAction":[{"@type":"CommentAction","name":"Comment","target":["https:\/\/kapitalis.com\/tunisie\/2025\/01\/31\/le-conseil-arabe-des-specialites-de-sante-ouvre-un-bureau-a-tunis\/#respond"]}]},{"@type":"WebPage","@id":"https:\/\/kapitalis.com\/tunisie\/2025\/01\/31\/le-conseil-arabe-des-specialites-de-sante-ouvre-un-bureau-a-tunis\/","url":"https:\/\/kapitalis.com\/tunisie\/2025\/01\/31\/le-conseil-arabe-des-specialites-de-sante-ouvre-un-bureau-a-tunis\/","name":"Le Conseil arabe des sp\u00e9cialit\u00e9s de sant\u00e9 ouvre un bureau \u00e0 Tunis - Kapitalis","isPartOf":{"@id":"https:\/\/kapitalis.com\/tunisie\/#website"},"primaryImageOfPage":{"@id":"https:\/\/kapitalis.com\/tunisie\/2025\/01\/31\/le-conseil-arabe-des-specialites-de-sante-ouvre-un-bureau-a-tunis\/#primaryimage"},"image":{"@id":"https:\/\/kapitalis.com\/tunisie\/2025\/01\/31\/le-conseil-arabe-des-specialites-de-sante-ouvre-un-bureau-a-tunis\/#primaryimage"},"thumbnailUrl":"https:\/\/kapitalis.com\/tunisie\/wp-content\/uploads\/2022\/11\/Palais-du-gouvernement-Tunis.jpg","datePublished":"2025-01-31T09:32:02+00:00","dateModified":"2025-01-31T09:34:32+00:00","breadcrumb":{"@id":"https:\/\/kapitalis.com\/tunisie\/2025\/01\/31\/le-conseil-arabe-des-specialites-de-sante-ouvre-un-bureau-a-tunis\/#breadcrumb"},"inLanguage":"fr-FR","potentialAction":[{"@type":"ReadAction","target":["https:\/\/kapitalis.com\/tunisie\/2025\/01\/31\/le-conseil-arabe-des-specialites-de-sante-ouvre-un-bureau-a-tunis\/"]}]},{"@type":"ImageObject","inLanguage":"fr-FR","@id":"https:\/\/kapitalis.com\/tunisie\/2025\/01\/31\/le-conseil-arabe-des-specialites-de-sante-ouvre-un-bureau-a-tunis\/#primaryimage","url":"https:\/\/kapitalis.com\/tunisie\/wp-content\/uploads\/2022\/11\/Palais-du-gouvernement-Tunis.jpg","contentUrl":"https:\/\/kapitalis.com\/tunisie\/wp-content\/uploads\/2022\/11\/Palais-du-gouvernement-Tunis.jpg","width":1200,"height":630},{"@type":"BreadcrumbList","@id":"https:\/\/kapitalis.com\/tunisie\/2025\/01\/31\/le-conseil-arabe-des-specialites-de-sante-ouvre-un-bureau-a-tunis\/#breadcrumb","itemListElement":[{"@type":"ListItem","position":1,"name":"Accueil","item":"https:\/\/kapitalis.com\/tunisie\/"},{"@type":"ListItem","position":2,"name":"Le Conseil arabe des sp\u00e9cialit\u00e9s de sant\u00e9 ouvre un bureau \u00e0 Tunis"}]},{"@type":"WebSite","@id":"https:\/\/kapitalis.com\/tunisie\/#website","url":"https:\/\/kapitalis.com\/tunisie\/","name":"Kapitalis","description":"L&#039;actualit\u00e9 en Tunisie et dans le monde","publisher":{"@id":"https:\/\/kapitalis.com\/tunisie\/#organization"},"potentialAction":[{"@type":"SearchAction","target":{"@type":"EntryPoint","urlTemplate":"https:\/\/kapitalis.com\/tunisie\/?s={search_term_string}"},"query-input":{"@type":"PropertyValueSpecification","valueRequired":true,"valueName":"search_term_string"}}],"inLanguage":"fr-FR"},{"@type":"Organization","@id":"https:\/\/kapitalis.com\/tunisie\/#organization","name":"Kapitalis","url":"https:\/\/kapitalis.com\/tunisie\/","logo":{"@type":"ImageObject","inLanguage":"fr-FR","@id":"https:\/\/kapitalis.com\/tunisie\/#\/schema\/logo\/image\/","url":"https:\/\/kapitalis.com\/tunisie\/wp-content\/uploads\/2022\/05\/Kapitalis-big-size.png","contentUrl":"https:\/\/kapitalis.com\/tunisie\/wp-content\/uploads\/2022\/05\/Kapitalis-big-size.png","width":5000,"height":1500,"caption":"Kapitalis"},"image":{"@id":"https:\/\/kapitalis.com\/tunisie\/#\/schema\/logo\/image\/"},"sameAs":["https:\/\/www.facebook.com\/KapitalisInfo\/","https:\/\/x.com\/KapitalisInfo","https:\/\/www.youtube.com\/channel\/UC-yDYrHyfFBWWZaOw3FPg9Q"]},{"@type":"Person","@id":"https:\/\/kapitalis.com\/tunisie\/#\/schema\/person\/d71f33a9ca44f7bad4698210b480c8e9","name":"webmaster kapitalis","url":"https:\/\/kapitalis.com\/tunisie\/author\/webmaster-kapitalis\/"}]}},"_links":{"self":[{"href":"https:\/\/kapitalis.com\/tunisie\/wp-json\/wp\/v2\/posts\/15360745","targetHints":{"allow":["GET"]}}],"collection":[{"href":"https:\/\/kapitalis.com\/tunisie\/wp-json\/wp\/v2\/posts"}],"about":[{"href":"https:\/\/kapitalis.com\/tunisie\/wp-json\/wp\/v2\/types\/post"}],"author":[{"embeddable":true,"href":"https:\/\/kapitalis.com\/tunisie\/wp-json\/wp\/v2\/users\/8"}],"replies":[{"embeddable":true,"href":"https:\/\/kapitalis.com\/tunisie\/wp-json\/wp\/v2\/comments?post=15360745"}],"version-history":[{"count":2,"href":"https:\/\/kapitalis.com\/tunisie\/wp-json\/wp\/v2\/posts\/15360745\/revisions"}],"predecessor-version":[{"id":15360789,"href":"https:\/\/kapitalis.com\/tunisie\/wp-json\/wp\/v2\/posts\/15360745\/revisions\/15360789"}],"wp:featuredmedia":[{"embeddable":true,"href":"https:\/\/kapitalis.com\/tunisie\/wp-json\/wp\/v2\/media\/4833320"}],"wp:attachment":[{"href":"https:\/\/kapitalis.com\/tunisie\/wp-json\/wp\/v2\/media?parent=15360745"}],"wp:term":[{"taxonomy":"category","embeddable":true,"href":"https:\/\/kapitalis.com\/tunisie\/wp-json\/wp\/v2\/categories?post=15360745"},{"taxonomy":"post_tag","embeddable":true,"href":"https:\/\/kapitalis.com\/tunisie\/wp-json\/wp\/v2\/tags?post=15360745"}],"curies":[{"name":"wp","href":"https:\/\/api.w.org\/{rel}","templated":true}]}}