{"id":15361632,"date":"2025-01-31T12:53:09","date_gmt":"2025-01-31T11:53:09","guid":{"rendered":"https:\/\/kapitalis.com\/tunisie\/?p=15361632"},"modified":"2025-01-31T12:53:11","modified_gmt":"2025-01-31T11:53:11","slug":"carthage-days-of-puppet-arts-du-1er-au-8-fevrier-2025-en-tunisie-video","status":"publish","type":"post","link":"https:\/\/kapitalis.com\/tunisie\/2025\/01\/31\/carthage-days-of-puppet-arts-du-1er-au-8-fevrier-2025-en-tunisie-video\/","title":{"rendered":"Carthage Days of Puppet Arts du 1er au 8 f\u00e9vrier 2025 en Tunisie (Vid\u00e9o)"},"content":{"rendered":"\n<p><strong><em>Dans un voyage sublim\u00e9 par des fils suspendus entre l\u2019ombre et la lumi\u00e8re, la marionnette d\u2019ici et d\u2019ailleurs s\u2019appr\u00eate \u00e0 retrouver ses amis et passionn\u00e9s, tous attendus au rendez-vous de la 6<sup>e<\/sup> \u00e9dition des Journ\u00e9es des arts de la marionnette de Carthage (Jamc), qui se tiendra du 1<sup>er<\/sup> au 8 f\u00e9vrier 2025.<\/em><\/strong> <a href=\"https:\/\/scontent.ftun1-2.fna.fbcdn.net\/v\/t39.30808-6\/474949415_1163480762140409_8654019449235914793_n.png?stp=dst-png_s960x960&amp;_nc_cat=107&amp;ccb=1-7&amp;_nc_sid=cc71e4&amp;_nc_ohc=lskl4KOl0DUQ7kNvgGlAFV7&amp;_nc_zt=23&amp;_nc_ht=scontent.ftun1-2.fna&amp;_nc_gid=ASVlc82kY3i2Bvf2TLhldzU&amp;oh=00_AYDtTP4xxf0gsgt-d3OpO4iB0DBnO8DBptJ9EL7-l3mQmw&amp;oe=67A270E8\" target=\"_blank\" rel=\"noreferrer noopener\">Vid\u00e9o. <\/a><\/p>\n\n\n\n<!--more-->\n\n\n\n<p>Le festival invite \u00e0 voir des exp\u00e9riences esth\u00e9tiques et artistiques multiples, o\u00f9 seuls les fils invisibles tissent des contes et des r\u00eaves, o\u00f9 le bois, le tissu et l\u2019imaginaire fusionnent et o\u00f9 des marionnettes, loin d\u2019\u00eatre de simples objets, deviennent des po\u00e8mes vivants et des messagers de l\u2019\u00e2me humaine, comme l\u2019a si bien dit le com\u00e9dien et metteur en sc\u00e8ne fran\u00e7ais Jean-Louis Barrault.<\/p>\n\n\n\n<p>Au-del\u00e0 des repr\u00e9sentations programm\u00e9es pour cette \u00e9dition d\u00e9di\u00e9e \u00e0 la m\u00e9moire d\u2019Abdelhaq Khemir, pionnier de l&rsquo;art de la marionnette en Tunisie, ce sont les fils d\u2019une tradition s\u00e9culaire, continuant de relier les g\u00e9n\u00e9rations, qui invitent \u00e0 une immersion totale dans l\u2019univers cr\u00e9atif et imaginaire des marionnettistes.<\/p>\n\n\n\n<p>Sign\u00e9e par l\u2019artiste Oussama Mekni, la c\u00e9r\u00e9monie d\u2019ouverture marquera le d\u00e9but de ce voyage sensoriel et cr\u00e9atif, promettant une immersion dans des univers peupl\u00e9s de magie et de po\u00e9sie.<\/p>\n\n\n\n<p>Avec l\u2019introduction du cin\u00e9ma d\u2019animation, ce nouveau rendez-vous annuel s\u2019ouvre sur une promesse de magie, avec la projection exceptionnelle, le 1<sup>er<\/sup> f\u00e9vrier, du premier film tunisien d\u2019animation, <em>\u2018\u2018Le Bout du Fil\u2019\u2019<\/em>, produit par le Centre national d\u2019art de la marionnette. Port\u00e9 par un sc\u00e9nario et une mise en sc\u00e8ne de Zied Lamine, ce film vient d\u2019\u00eatre retenu dans la s\u00e9lection officielle du festival Animatex 2025 au Caire.<\/p>\n\n\n\n<p>Parmi les performances programm\u00e9es le jour d\u2019ouverture figure le spectacle <em>\u2018\u2018Atfel Ezzitoun\u2019\u2019<\/em> (Les Enfants de l\u2019olivier), port\u00e9 par l\u2019auteur-compositeur et interpr\u00e8te de chansons pour enfants, Sami Dorbez, aux c\u00f4t\u00e9s de l\u2019invit\u00e9 d\u2019honneur, Anis Haddad, l\u2019ami adul\u00e9 des enfants.<\/p>\n\n\n\n<p>Des masterclasses anim\u00e9es par des experts internationaux, ainsi que des ateliers destin\u00e9s aux enfants, aux \u00e9ducateurs et aux \u00e9tudiants, visent \u00e0 approfondir les connaissances et \u00e0 transmettre la passion de l\u2019art de la marionnette \u00e0 travers les g\u00e9n\u00e9rations.<\/p>\n\n\n\n<p>A ce titre, parmi les invit\u00e9s attendus pour cette \u00e9dition, figure notamment Jordi Bertran, marionnettiste espagnol de renom, consid\u00e9r\u00e9 comme une icone dans l\u2019art de la marionnette et du th\u00e9\u00e2tre d\u2019objets. Il est notamment reconnu pour son travail avec des marionnettes \u00e0 fils et ses spectacles empreints de po\u00e9sie et d\u2019humour.<\/p>\n\n\n\n<p>Les Jamc en chiffres, c&rsquo;est pas moins de 100 marionnettistes venus de 19 pays diff\u00e9rents, avec 23 spectacles au programme, dont 16 \u00e9trangers et 7 tunisiens, outre 11 ateliers et 4 masterclasses.<\/p>\n\n\n\n<p>Au-del\u00e0 de la capitale, les Jamc \u00e9tendent leur magie \u00e0 Mahdia, Monastir et Hammamet, permettant \u00e0 un large public de s&rsquo;impr\u00e9gner de cet art mill\u00e9naire.<\/p>\n\n\n\n<p>Organis\u00e9es par le Centre national d\u2019art de la marionnette, relevant du minist\u00e8re des Affaires culturelles, les Jamc 2025 s\u2019annoncent ainsi comme un espace sans fronti\u00e8res, o\u00f9 l\u2019art de la marionnette se d\u00e9ploie dans toute sa diversit\u00e9 pour raconter des histoires d\u2019ici et d\u2019ailleurs, et permettre \u00e0 chacun de se retrouver, l\u2019espace d\u2019un instant, enfant et r\u00eaveur.<\/p>\n\n\n\n<p>Pour l\u2019Italie, gr\u00e2ce au soutien de l\u2019Institut culturel italien de Tunis, la participation de l\u2019artiste et chor\u00e9graphe Antonella D\u2019Ascenzi est attendue, avec le spectacle <em>\u2018\u2018<\/em><em>Piccolo Circo di Filo<\/em><em>\u2019\u2019<\/em>, le 2 f\u00e9vrier au Th\u00e9\u00e2tre des R\u00e9gions de Tunis.<\/p>\n\n\n\n<p>Ce spectacle &nbsp;est une \u0153uvre de danse et de th\u00e9\u00e2tre visuel avec marionnettes et vid\u00e9o-mapping d\u00e9di\u00e9e \u00e0 un tr\u00e8s jeune public. Il combine l\u2019univers de la danse avec celui de la marionnette, stimulant fortement l\u2019imagination du spectateur, \u00e0 travers une exp\u00e9rience visuelle et sensorielle \u00e0 fort impact sc\u00e9nique et \u00e9motionnel, lit-on dans la note de pr\u00e9sentation de l\u2019\u00e9v\u00e9nement.<\/p>\n\n\n\n<p class=\"has-text-align-right\"><strong>I. B.<em> <\/em><\/strong><em>(avec Tap).<\/em><\/p>\n","protected":false},"excerpt":{"rendered":"<p>La 6e \u00e9dition des Journ\u00e9es des arts de la marionnette de Carthage (Jamc) se tiendra du 1er au 8 f\u00e9vrier 2025.<\/p>\n","protected":false},"author":8,"featured_media":15361664,"comment_status":"open","ping_status":"open","sticky":false,"template":"","format":"standard","meta":{"footnotes":""},"categories":[994,2433,4806],"tags":[120496,120498,113656,120495,120499,120493,120497,120494],"class_list":["post-15361632","post","type-post","status-publish","format-standard","has-post-thumbnail","hentry","category-culture","category-tunisie","category-videos","tag-abdelhaq-khemir","tag-anis-haddad","tag-arts-de-la-marionnette","tag-jamc","tag-jordi-bertran","tag-oussama-mekni","tag-sami-dorbez","tag-zied-lamine"],"yoast_head":"<!-- This site is optimized with the Yoast SEO plugin v26.6 - https:\/\/yoast.com\/wordpress\/plugins\/seo\/ -->\n<title>Carthage Days of Puppet Arts du 1er au 8 f\u00e9vrier 2025 en Tunisie (Vid\u00e9o) - Kapitalis<\/title>\n<meta name=\"robots\" content=\"index, follow, max-snippet:-1, max-image-preview:large, max-video-preview:-1\" \/>\n<link rel=\"canonical\" href=\"https:\/\/kapitalis.com\/tunisie\/2025\/01\/31\/carthage-days-of-puppet-arts-du-1er-au-8-fevrier-2025-en-tunisie-video\/\" \/>\n<meta property=\"og:locale\" content=\"fr_FR\" \/>\n<meta property=\"og:type\" content=\"article\" \/>\n<meta property=\"og:title\" content=\"Carthage Days of Puppet Arts du 1er au 8 f\u00e9vrier 2025 en Tunisie (Vid\u00e9o) - Kapitalis\" \/>\n<meta property=\"og:description\" content=\"La 6e \u00e9dition des Journ\u00e9es des arts de la marionnette de Carthage (Jamc) se tiendra du 1er au 8 f\u00e9vrier 2025.\" \/>\n<meta property=\"og:url\" content=\"https:\/\/kapitalis.com\/tunisie\/2025\/01\/31\/carthage-days-of-puppet-arts-du-1er-au-8-fevrier-2025-en-tunisie-video\/\" \/>\n<meta property=\"og:site_name\" content=\"Kapitalis\" \/>\n<meta property=\"article:publisher\" content=\"https:\/\/www.facebook.com\/KapitalisInfo\/\" \/>\n<meta property=\"article:published_time\" content=\"2025-01-31T11:53:09+00:00\" \/>\n<meta property=\"article:modified_time\" content=\"2025-01-31T11:53:11+00:00\" \/>\n<meta property=\"og:image\" content=\"https:\/\/kapitalis.com\/tunisie\/wp-content\/uploads\/2025\/01\/JAMC-2025.jpg\" \/>\n\t<meta property=\"og:image:width\" content=\"1200\" \/>\n\t<meta property=\"og:image:height\" content=\"630\" \/>\n\t<meta property=\"og:image:type\" content=\"image\/jpeg\" \/>\n<meta name=\"author\" content=\"webmaster kapitalis\" \/>\n<meta name=\"twitter:card\" content=\"summary_large_image\" \/>\n<meta name=\"twitter:creator\" content=\"@KapitalisInfo\" \/>\n<meta name=\"twitter:site\" content=\"@KapitalisInfo\" \/>\n<meta name=\"twitter:label1\" content=\"\u00c9crit par\" \/>\n\t<meta name=\"twitter:data1\" content=\"webmaster kapitalis\" \/>\n\t<meta name=\"twitter:label2\" content=\"Dur\u00e9e de lecture estim\u00e9e\" \/>\n\t<meta name=\"twitter:data2\" content=\"4 minutes\" \/>\n<script type=\"application\/ld+json\" class=\"yoast-schema-graph\">{\"@context\":\"https:\/\/schema.org\",\"@graph\":[{\"@type\":\"Article\",\"@id\":\"https:\/\/kapitalis.com\/tunisie\/2025\/01\/31\/carthage-days-of-puppet-arts-du-1er-au-8-fevrier-2025-en-tunisie-video\/#article\",\"isPartOf\":{\"@id\":\"https:\/\/kapitalis.com\/tunisie\/2025\/01\/31\/carthage-days-of-puppet-arts-du-1er-au-8-fevrier-2025-en-tunisie-video\/\"},\"author\":{\"name\":\"webmaster kapitalis\",\"@id\":\"https:\/\/kapitalis.com\/tunisie\/#\/schema\/person\/d71f33a9ca44f7bad4698210b480c8e9\"},\"headline\":\"Carthage Days of Puppet Arts du 1er au 8 f\u00e9vrier 2025 en Tunisie (Vid\u00e9o)\",\"datePublished\":\"2025-01-31T11:53:09+00:00\",\"dateModified\":\"2025-01-31T11:53:11+00:00\",\"mainEntityOfPage\":{\"@id\":\"https:\/\/kapitalis.com\/tunisie\/2025\/01\/31\/carthage-days-of-puppet-arts-du-1er-au-8-fevrier-2025-en-tunisie-video\/\"},\"wordCount\":697,\"commentCount\":0,\"publisher\":{\"@id\":\"https:\/\/kapitalis.com\/tunisie\/#organization\"},\"image\":{\"@id\":\"https:\/\/kapitalis.com\/tunisie\/2025\/01\/31\/carthage-days-of-puppet-arts-du-1er-au-8-fevrier-2025-en-tunisie-video\/#primaryimage\"},\"thumbnailUrl\":\"https:\/\/kapitalis.com\/tunisie\/wp-content\/uploads\/2025\/01\/JAMC-2025.jpg\",\"keywords\":[\"Abdelhaq Khemir\",\"Anis Haddad\",\"arts de la marionnette\",\"Jamc\",\"Jordi Bertran\",\"Oussama Mekni\",\"Sami Dorbez\",\"Zied Lamine\"],\"articleSection\":[\"CULTURE\",\"Tunisie\",\"VIDEOS\"],\"inLanguage\":\"fr-FR\",\"potentialAction\":[{\"@type\":\"CommentAction\",\"name\":\"Comment\",\"target\":[\"https:\/\/kapitalis.com\/tunisie\/2025\/01\/31\/carthage-days-of-puppet-arts-du-1er-au-8-fevrier-2025-en-tunisie-video\/#respond\"]}]},{\"@type\":\"WebPage\",\"@id\":\"https:\/\/kapitalis.com\/tunisie\/2025\/01\/31\/carthage-days-of-puppet-arts-du-1er-au-8-fevrier-2025-en-tunisie-video\/\",\"url\":\"https:\/\/kapitalis.com\/tunisie\/2025\/01\/31\/carthage-days-of-puppet-arts-du-1er-au-8-fevrier-2025-en-tunisie-video\/\",\"name\":\"Carthage Days of Puppet Arts du 1er au 8 f\u00e9vrier 2025 en Tunisie (Vid\u00e9o) - Kapitalis\",\"isPartOf\":{\"@id\":\"https:\/\/kapitalis.com\/tunisie\/#website\"},\"primaryImageOfPage\":{\"@id\":\"https:\/\/kapitalis.com\/tunisie\/2025\/01\/31\/carthage-days-of-puppet-arts-du-1er-au-8-fevrier-2025-en-tunisie-video\/#primaryimage\"},\"image\":{\"@id\":\"https:\/\/kapitalis.com\/tunisie\/2025\/01\/31\/carthage-days-of-puppet-arts-du-1er-au-8-fevrier-2025-en-tunisie-video\/#primaryimage\"},\"thumbnailUrl\":\"https:\/\/kapitalis.com\/tunisie\/wp-content\/uploads\/2025\/01\/JAMC-2025.jpg\",\"datePublished\":\"2025-01-31T11:53:09+00:00\",\"dateModified\":\"2025-01-31T11:53:11+00:00\",\"breadcrumb\":{\"@id\":\"https:\/\/kapitalis.com\/tunisie\/2025\/01\/31\/carthage-days-of-puppet-arts-du-1er-au-8-fevrier-2025-en-tunisie-video\/#breadcrumb\"},\"inLanguage\":\"fr-FR\",\"potentialAction\":[{\"@type\":\"ReadAction\",\"target\":[\"https:\/\/kapitalis.com\/tunisie\/2025\/01\/31\/carthage-days-of-puppet-arts-du-1er-au-8-fevrier-2025-en-tunisie-video\/\"]}]},{\"@type\":\"ImageObject\",\"inLanguage\":\"fr-FR\",\"@id\":\"https:\/\/kapitalis.com\/tunisie\/2025\/01\/31\/carthage-days-of-puppet-arts-du-1er-au-8-fevrier-2025-en-tunisie-video\/#primaryimage\",\"url\":\"https:\/\/kapitalis.com\/tunisie\/wp-content\/uploads\/2025\/01\/JAMC-2025.jpg\",\"contentUrl\":\"https:\/\/kapitalis.com\/tunisie\/wp-content\/uploads\/2025\/01\/JAMC-2025.jpg\",\"width\":1200,\"height\":630},{\"@type\":\"BreadcrumbList\",\"@id\":\"https:\/\/kapitalis.com\/tunisie\/2025\/01\/31\/carthage-days-of-puppet-arts-du-1er-au-8-fevrier-2025-en-tunisie-video\/#breadcrumb\",\"itemListElement\":[{\"@type\":\"ListItem\",\"position\":1,\"name\":\"Accueil\",\"item\":\"https:\/\/kapitalis.com\/tunisie\/\"},{\"@type\":\"ListItem\",\"position\":2,\"name\":\"Carthage Days of Puppet Arts du 1er au 8 f\u00e9vrier 2025 en Tunisie (Vid\u00e9o)\"}]},{\"@type\":\"WebSite\",\"@id\":\"https:\/\/kapitalis.com\/tunisie\/#website\",\"url\":\"https:\/\/kapitalis.com\/tunisie\/\",\"name\":\"Kapitalis\",\"description\":\"L&#039;actualit\u00e9 en Tunisie et dans le monde\",\"publisher\":{\"@id\":\"https:\/\/kapitalis.com\/tunisie\/#organization\"},\"potentialAction\":[{\"@type\":\"SearchAction\",\"target\":{\"@type\":\"EntryPoint\",\"urlTemplate\":\"https:\/\/kapitalis.com\/tunisie\/?s={search_term_string}\"},\"query-input\":{\"@type\":\"PropertyValueSpecification\",\"valueRequired\":true,\"valueName\":\"search_term_string\"}}],\"inLanguage\":\"fr-FR\"},{\"@type\":\"Organization\",\"@id\":\"https:\/\/kapitalis.com\/tunisie\/#organization\",\"name\":\"Kapitalis\",\"url\":\"https:\/\/kapitalis.com\/tunisie\/\",\"logo\":{\"@type\":\"ImageObject\",\"inLanguage\":\"fr-FR\",\"@id\":\"https:\/\/kapitalis.com\/tunisie\/#\/schema\/logo\/image\/\",\"url\":\"https:\/\/kapitalis.com\/tunisie\/wp-content\/uploads\/2022\/05\/Kapitalis-big-size.png\",\"contentUrl\":\"https:\/\/kapitalis.com\/tunisie\/wp-content\/uploads\/2022\/05\/Kapitalis-big-size.png\",\"width\":5000,\"height\":1500,\"caption\":\"Kapitalis\"},\"image\":{\"@id\":\"https:\/\/kapitalis.com\/tunisie\/#\/schema\/logo\/image\/\"},\"sameAs\":[\"https:\/\/www.facebook.com\/KapitalisInfo\/\",\"https:\/\/x.com\/KapitalisInfo\",\"https:\/\/www.youtube.com\/channel\/UC-yDYrHyfFBWWZaOw3FPg9Q\"]},{\"@type\":\"Person\",\"@id\":\"https:\/\/kapitalis.com\/tunisie\/#\/schema\/person\/d71f33a9ca44f7bad4698210b480c8e9\",\"name\":\"webmaster kapitalis\",\"url\":\"https:\/\/kapitalis.com\/tunisie\/author\/webmaster-kapitalis\/\"}]}<\/script>\n<!-- \/ Yoast SEO plugin. -->","yoast_head_json":{"title":"Carthage Days of Puppet Arts du 1er au 8 f\u00e9vrier 2025 en Tunisie (Vid\u00e9o) - Kapitalis","robots":{"index":"index","follow":"follow","max-snippet":"max-snippet:-1","max-image-preview":"max-image-preview:large","max-video-preview":"max-video-preview:-1"},"canonical":"https:\/\/kapitalis.com\/tunisie\/2025\/01\/31\/carthage-days-of-puppet-arts-du-1er-au-8-fevrier-2025-en-tunisie-video\/","og_locale":"fr_FR","og_type":"article","og_title":"Carthage Days of Puppet Arts du 1er au 8 f\u00e9vrier 2025 en Tunisie (Vid\u00e9o) - Kapitalis","og_description":"La 6e \u00e9dition des Journ\u00e9es des arts de la marionnette de Carthage (Jamc) se tiendra du 1er au 8 f\u00e9vrier 2025.","og_url":"https:\/\/kapitalis.com\/tunisie\/2025\/01\/31\/carthage-days-of-puppet-arts-du-1er-au-8-fevrier-2025-en-tunisie-video\/","og_site_name":"Kapitalis","article_publisher":"https:\/\/www.facebook.com\/KapitalisInfo\/","article_published_time":"2025-01-31T11:53:09+00:00","article_modified_time":"2025-01-31T11:53:11+00:00","og_image":[{"width":1200,"height":630,"url":"https:\/\/kapitalis.com\/tunisie\/wp-content\/uploads\/2025\/01\/JAMC-2025.jpg","type":"image\/jpeg"}],"author":"webmaster kapitalis","twitter_card":"summary_large_image","twitter_creator":"@KapitalisInfo","twitter_site":"@KapitalisInfo","twitter_misc":{"\u00c9crit par":"webmaster kapitalis","Dur\u00e9e de lecture estim\u00e9e":"4 minutes"},"schema":{"@context":"https:\/\/schema.org","@graph":[{"@type":"Article","@id":"https:\/\/kapitalis.com\/tunisie\/2025\/01\/31\/carthage-days-of-puppet-arts-du-1er-au-8-fevrier-2025-en-tunisie-video\/#article","isPartOf":{"@id":"https:\/\/kapitalis.com\/tunisie\/2025\/01\/31\/carthage-days-of-puppet-arts-du-1er-au-8-fevrier-2025-en-tunisie-video\/"},"author":{"name":"webmaster kapitalis","@id":"https:\/\/kapitalis.com\/tunisie\/#\/schema\/person\/d71f33a9ca44f7bad4698210b480c8e9"},"headline":"Carthage Days of Puppet Arts du 1er au 8 f\u00e9vrier 2025 en Tunisie (Vid\u00e9o)","datePublished":"2025-01-31T11:53:09+00:00","dateModified":"2025-01-31T11:53:11+00:00","mainEntityOfPage":{"@id":"https:\/\/kapitalis.com\/tunisie\/2025\/01\/31\/carthage-days-of-puppet-arts-du-1er-au-8-fevrier-2025-en-tunisie-video\/"},"wordCount":697,"commentCount":0,"publisher":{"@id":"https:\/\/kapitalis.com\/tunisie\/#organization"},"image":{"@id":"https:\/\/kapitalis.com\/tunisie\/2025\/01\/31\/carthage-days-of-puppet-arts-du-1er-au-8-fevrier-2025-en-tunisie-video\/#primaryimage"},"thumbnailUrl":"https:\/\/kapitalis.com\/tunisie\/wp-content\/uploads\/2025\/01\/JAMC-2025.jpg","keywords":["Abdelhaq Khemir","Anis Haddad","arts de la marionnette","Jamc","Jordi Bertran","Oussama Mekni","Sami Dorbez","Zied Lamine"],"articleSection":["CULTURE","Tunisie","VIDEOS"],"inLanguage":"fr-FR","potentialAction":[{"@type":"CommentAction","name":"Comment","target":["https:\/\/kapitalis.com\/tunisie\/2025\/01\/31\/carthage-days-of-puppet-arts-du-1er-au-8-fevrier-2025-en-tunisie-video\/#respond"]}]},{"@type":"WebPage","@id":"https:\/\/kapitalis.com\/tunisie\/2025\/01\/31\/carthage-days-of-puppet-arts-du-1er-au-8-fevrier-2025-en-tunisie-video\/","url":"https:\/\/kapitalis.com\/tunisie\/2025\/01\/31\/carthage-days-of-puppet-arts-du-1er-au-8-fevrier-2025-en-tunisie-video\/","name":"Carthage Days of Puppet Arts du 1er au 8 f\u00e9vrier 2025 en Tunisie (Vid\u00e9o) - Kapitalis","isPartOf":{"@id":"https:\/\/kapitalis.com\/tunisie\/#website"},"primaryImageOfPage":{"@id":"https:\/\/kapitalis.com\/tunisie\/2025\/01\/31\/carthage-days-of-puppet-arts-du-1er-au-8-fevrier-2025-en-tunisie-video\/#primaryimage"},"image":{"@id":"https:\/\/kapitalis.com\/tunisie\/2025\/01\/31\/carthage-days-of-puppet-arts-du-1er-au-8-fevrier-2025-en-tunisie-video\/#primaryimage"},"thumbnailUrl":"https:\/\/kapitalis.com\/tunisie\/wp-content\/uploads\/2025\/01\/JAMC-2025.jpg","datePublished":"2025-01-31T11:53:09+00:00","dateModified":"2025-01-31T11:53:11+00:00","breadcrumb":{"@id":"https:\/\/kapitalis.com\/tunisie\/2025\/01\/31\/carthage-days-of-puppet-arts-du-1er-au-8-fevrier-2025-en-tunisie-video\/#breadcrumb"},"inLanguage":"fr-FR","potentialAction":[{"@type":"ReadAction","target":["https:\/\/kapitalis.com\/tunisie\/2025\/01\/31\/carthage-days-of-puppet-arts-du-1er-au-8-fevrier-2025-en-tunisie-video\/"]}]},{"@type":"ImageObject","inLanguage":"fr-FR","@id":"https:\/\/kapitalis.com\/tunisie\/2025\/01\/31\/carthage-days-of-puppet-arts-du-1er-au-8-fevrier-2025-en-tunisie-video\/#primaryimage","url":"https:\/\/kapitalis.com\/tunisie\/wp-content\/uploads\/2025\/01\/JAMC-2025.jpg","contentUrl":"https:\/\/kapitalis.com\/tunisie\/wp-content\/uploads\/2025\/01\/JAMC-2025.jpg","width":1200,"height":630},{"@type":"BreadcrumbList","@id":"https:\/\/kapitalis.com\/tunisie\/2025\/01\/31\/carthage-days-of-puppet-arts-du-1er-au-8-fevrier-2025-en-tunisie-video\/#breadcrumb","itemListElement":[{"@type":"ListItem","position":1,"name":"Accueil","item":"https:\/\/kapitalis.com\/tunisie\/"},{"@type":"ListItem","position":2,"name":"Carthage Days of Puppet Arts du 1er au 8 f\u00e9vrier 2025 en Tunisie (Vid\u00e9o)"}]},{"@type":"WebSite","@id":"https:\/\/kapitalis.com\/tunisie\/#website","url":"https:\/\/kapitalis.com\/tunisie\/","name":"Kapitalis","description":"L&#039;actualit\u00e9 en Tunisie et dans le monde","publisher":{"@id":"https:\/\/kapitalis.com\/tunisie\/#organization"},"potentialAction":[{"@type":"SearchAction","target":{"@type":"EntryPoint","urlTemplate":"https:\/\/kapitalis.com\/tunisie\/?s={search_term_string}"},"query-input":{"@type":"PropertyValueSpecification","valueRequired":true,"valueName":"search_term_string"}}],"inLanguage":"fr-FR"},{"@type":"Organization","@id":"https:\/\/kapitalis.com\/tunisie\/#organization","name":"Kapitalis","url":"https:\/\/kapitalis.com\/tunisie\/","logo":{"@type":"ImageObject","inLanguage":"fr-FR","@id":"https:\/\/kapitalis.com\/tunisie\/#\/schema\/logo\/image\/","url":"https:\/\/kapitalis.com\/tunisie\/wp-content\/uploads\/2022\/05\/Kapitalis-big-size.png","contentUrl":"https:\/\/kapitalis.com\/tunisie\/wp-content\/uploads\/2022\/05\/Kapitalis-big-size.png","width":5000,"height":1500,"caption":"Kapitalis"},"image":{"@id":"https:\/\/kapitalis.com\/tunisie\/#\/schema\/logo\/image\/"},"sameAs":["https:\/\/www.facebook.com\/KapitalisInfo\/","https:\/\/x.com\/KapitalisInfo","https:\/\/www.youtube.com\/channel\/UC-yDYrHyfFBWWZaOw3FPg9Q"]},{"@type":"Person","@id":"https:\/\/kapitalis.com\/tunisie\/#\/schema\/person\/d71f33a9ca44f7bad4698210b480c8e9","name":"webmaster kapitalis","url":"https:\/\/kapitalis.com\/tunisie\/author\/webmaster-kapitalis\/"}]}},"_links":{"self":[{"href":"https:\/\/kapitalis.com\/tunisie\/wp-json\/wp\/v2\/posts\/15361632","targetHints":{"allow":["GET"]}}],"collection":[{"href":"https:\/\/kapitalis.com\/tunisie\/wp-json\/wp\/v2\/posts"}],"about":[{"href":"https:\/\/kapitalis.com\/tunisie\/wp-json\/wp\/v2\/types\/post"}],"author":[{"embeddable":true,"href":"https:\/\/kapitalis.com\/tunisie\/wp-json\/wp\/v2\/users\/8"}],"replies":[{"embeddable":true,"href":"https:\/\/kapitalis.com\/tunisie\/wp-json\/wp\/v2\/comments?post=15361632"}],"version-history":[{"count":1,"href":"https:\/\/kapitalis.com\/tunisie\/wp-json\/wp\/v2\/posts\/15361632\/revisions"}],"predecessor-version":[{"id":15361676,"href":"https:\/\/kapitalis.com\/tunisie\/wp-json\/wp\/v2\/posts\/15361632\/revisions\/15361676"}],"wp:featuredmedia":[{"embeddable":true,"href":"https:\/\/kapitalis.com\/tunisie\/wp-json\/wp\/v2\/media\/15361664"}],"wp:attachment":[{"href":"https:\/\/kapitalis.com\/tunisie\/wp-json\/wp\/v2\/media?parent=15361632"}],"wp:term":[{"taxonomy":"category","embeddable":true,"href":"https:\/\/kapitalis.com\/tunisie\/wp-json\/wp\/v2\/categories?post=15361632"},{"taxonomy":"post_tag","embeddable":true,"href":"https:\/\/kapitalis.com\/tunisie\/wp-json\/wp\/v2\/tags?post=15361632"}],"curies":[{"name":"wp","href":"https:\/\/api.w.org\/{rel}","templated":true}]}}