{"id":15361738,"date":"2025-01-31T13:09:38","date_gmt":"2025-01-31T12:09:38","guid":{"rendered":"https:\/\/kapitalis.com\/tunisie\/?p=15361738"},"modified":"2025-01-31T13:09:39","modified_gmt":"2025-01-31T12:09:39","slug":"un-bateau-electrique-reliera-le-maroc-et-lespagne-en-2027","status":"publish","type":"post","link":"https:\/\/kapitalis.com\/tunisie\/2025\/01\/31\/un-bateau-electrique-reliera-le-maroc-et-lespagne-en-2027\/","title":{"rendered":"Un bateau \u00e9lectrique reliera le Maroc et l\u2019Espagne\u00a0en 2027"},"content":{"rendered":"\n<p><strong><em>Un projet vise \u00e0 relier le port de Tanger, au Maroc, et Tarifa, en Espagne, avec un bateau \u00e9lectrique et donc z\u00e9ro \u00e9mission.<\/em><\/strong><\/p>\n\n\n\n<!--more-->\n\n\n\n<p>L\u2019armateur espagnol Bale\u00e0ria a remport\u00e9 en d\u00e9cembre dernier l\u2019appel d\u2019offres pour un contrat de 15 ans attribu\u00e9 par l\u2019Autorit\u00e9 portuaire de la Baie d\u2019Alg\u00e9siras (APBA) pour g\u00e9rer le corridor maritime reliant les deux continents et mesurant 18 milles marins (environ 28 kilom\u00e8tres) entre les deux ports.<\/p>\n\n\n\n<p>Le lancement du projet est pr\u00e9vu pour 2027; les catamarans fr\u00e8res Espa\u00f1a 2030 et Marruecos 2030 qui exploiteront la route seront construits au chantier naval Armon \u00e0 Gij\u00f3n, en Espagne.<\/p>\n\n\n\n<p>Les navires seront \u00e9quip\u00e9s de 16 MW d\u2019\u00e9nergie \u00e9lectrique provenant de quatre unit\u00e9s de propulsion \u00e9lectrique et disposeront d\u2019une capacit\u00e9 de batterie de 11 500 kWh. Chaque catamaran mesurera 25 m\u00e8tres de large et pourra accueillir 804 passagers ainsi que 225 voitures, capables d\u2019atteindre une vitesse maximale de 26 n\u0153uds et en cas d\u2019urgence, ils pourront compter sur quatre g\u00e9n\u00e9rateurs de r\u00e9serve diesel qui fourniront une capacit\u00e9 totale de 11 200 kW.<\/p>\n\n\n\n<p>Bien entendu, les ports devront \u00e9galement s\u2019\u00e9quiper de syst\u00e8mes de recharge sp\u00e9cialis\u00e9s pour ces bateaux verts. L\u2019itin\u00e9raire a une grande importance \u00e9conomique puisqu&rsquo;en 2024 il y a eu 3.442.770 passagers, avec une augmentation de 6,9% par rapport \u00e0 l\u2019ann\u00e9e pr\u00e9c\u00e9dente.<\/p>\n\n\n\n<p>\u00c0 l\u2019avenir, on estime pouvoir accueillir jusqu\u2019\u00e0 quatre millions de passagers.<\/p>\n","protected":false},"excerpt":{"rendered":"<p>Les catamarans fr\u00e8res Espa\u00f1a 2030 et Marruecos 2030 relieront les ports de Tanger et de Tarifa en 2027. <\/p>\n","protected":false},"author":8,"featured_media":15361759,"comment_status":"open","ping_status":"open","sticky":false,"template":"","format":"standard","meta":{"footnotes":""},"categories":[995,2433],"tags":[120502,120500,120501,341,577,79060,120503],"class_list":["post-15361738","post","type-post","status-publish","format-standard","has-post-thumbnail","hentry","category-economie","category-tunisie","tag-armon-a-gijon","tag-balearia","tag-energie-electrique","tag-espagne","tag-maroc","tag-tanger","tag-tarifa"],"yoast_head":"<!-- This site is optimized with the Yoast SEO plugin v26.6 - https:\/\/yoast.com\/wordpress\/plugins\/seo\/ -->\n<title>Un bateau \u00e9lectrique reliera le Maroc et l\u2019Espagne\u00a0en 2027 - Kapitalis<\/title>\n<meta name=\"robots\" content=\"index, follow, max-snippet:-1, max-image-preview:large, max-video-preview:-1\" \/>\n<link rel=\"canonical\" href=\"https:\/\/kapitalis.com\/tunisie\/2025\/01\/31\/un-bateau-electrique-reliera-le-maroc-et-lespagne-en-2027\/\" \/>\n<meta property=\"og:locale\" content=\"fr_FR\" \/>\n<meta property=\"og:type\" content=\"article\" \/>\n<meta property=\"og:title\" content=\"Un bateau \u00e9lectrique reliera le Maroc et l\u2019Espagne\u00a0en 2027 - Kapitalis\" \/>\n<meta property=\"og:description\" content=\"Les catamarans fr\u00e8res Espa\u00f1a 2030 et Marruecos 2030 relieront les ports de Tanger et de Tarifa en 2027.\" \/>\n<meta property=\"og:url\" content=\"https:\/\/kapitalis.com\/tunisie\/2025\/01\/31\/un-bateau-electrique-reliera-le-maroc-et-lespagne-en-2027\/\" \/>\n<meta property=\"og:site_name\" content=\"Kapitalis\" \/>\n<meta property=\"article:publisher\" content=\"https:\/\/www.facebook.com\/KapitalisInfo\/\" \/>\n<meta property=\"article:published_time\" content=\"2025-01-31T12:09:38+00:00\" \/>\n<meta property=\"article:modified_time\" content=\"2025-01-31T12:09:39+00:00\" \/>\n<meta property=\"og:image\" content=\"https:\/\/kapitalis.com\/tunisie\/wp-content\/uploads\/2025\/01\/Tanger-Tarifa.jpg\" \/>\n\t<meta property=\"og:image:width\" content=\"1200\" \/>\n\t<meta property=\"og:image:height\" content=\"630\" \/>\n\t<meta property=\"og:image:type\" content=\"image\/jpeg\" \/>\n<meta name=\"author\" content=\"webmaster kapitalis\" \/>\n<meta name=\"twitter:card\" content=\"summary_large_image\" \/>\n<meta name=\"twitter:creator\" content=\"@KapitalisInfo\" \/>\n<meta name=\"twitter:site\" content=\"@KapitalisInfo\" \/>\n<meta name=\"twitter:label1\" content=\"\u00c9crit par\" \/>\n\t<meta name=\"twitter:data1\" content=\"webmaster kapitalis\" \/>\n\t<meta name=\"twitter:label2\" content=\"Dur\u00e9e de lecture estim\u00e9e\" \/>\n\t<meta name=\"twitter:data2\" content=\"2 minutes\" \/>\n<script type=\"application\/ld+json\" class=\"yoast-schema-graph\">{\"@context\":\"https:\/\/schema.org\",\"@graph\":[{\"@type\":\"Article\",\"@id\":\"https:\/\/kapitalis.com\/tunisie\/2025\/01\/31\/un-bateau-electrique-reliera-le-maroc-et-lespagne-en-2027\/#article\",\"isPartOf\":{\"@id\":\"https:\/\/kapitalis.com\/tunisie\/2025\/01\/31\/un-bateau-electrique-reliera-le-maroc-et-lespagne-en-2027\/\"},\"author\":{\"name\":\"webmaster kapitalis\",\"@id\":\"https:\/\/kapitalis.com\/tunisie\/#\/schema\/person\/d71f33a9ca44f7bad4698210b480c8e9\"},\"headline\":\"Un bateau \u00e9lectrique reliera le Maroc et l\u2019Espagne\u00a0en 2027\",\"datePublished\":\"2025-01-31T12:09:38+00:00\",\"dateModified\":\"2025-01-31T12:09:39+00:00\",\"mainEntityOfPage\":{\"@id\":\"https:\/\/kapitalis.com\/tunisie\/2025\/01\/31\/un-bateau-electrique-reliera-le-maroc-et-lespagne-en-2027\/\"},\"wordCount\":247,\"commentCount\":0,\"publisher\":{\"@id\":\"https:\/\/kapitalis.com\/tunisie\/#organization\"},\"image\":{\"@id\":\"https:\/\/kapitalis.com\/tunisie\/2025\/01\/31\/un-bateau-electrique-reliera-le-maroc-et-lespagne-en-2027\/#primaryimage\"},\"thumbnailUrl\":\"https:\/\/kapitalis.com\/tunisie\/wp-content\/uploads\/2025\/01\/Tanger-Tarifa.jpg\",\"keywords\":[\"Armon \u00e0 Gij\u00f3n\",\"Bale\u00e0ria\",\"\u00e9nergie \u00e9lectrique\",\"Espagne\",\"Maroc\",\"Tanger\",\"Tarifa\"],\"articleSection\":[\"ECONOMIE\",\"Tunisie\"],\"inLanguage\":\"fr-FR\",\"potentialAction\":[{\"@type\":\"CommentAction\",\"name\":\"Comment\",\"target\":[\"https:\/\/kapitalis.com\/tunisie\/2025\/01\/31\/un-bateau-electrique-reliera-le-maroc-et-lespagne-en-2027\/#respond\"]}]},{\"@type\":\"WebPage\",\"@id\":\"https:\/\/kapitalis.com\/tunisie\/2025\/01\/31\/un-bateau-electrique-reliera-le-maroc-et-lespagne-en-2027\/\",\"url\":\"https:\/\/kapitalis.com\/tunisie\/2025\/01\/31\/un-bateau-electrique-reliera-le-maroc-et-lespagne-en-2027\/\",\"name\":\"Un bateau \u00e9lectrique reliera le Maroc et l\u2019Espagne\u00a0en 2027 - Kapitalis\",\"isPartOf\":{\"@id\":\"https:\/\/kapitalis.com\/tunisie\/#website\"},\"primaryImageOfPage\":{\"@id\":\"https:\/\/kapitalis.com\/tunisie\/2025\/01\/31\/un-bateau-electrique-reliera-le-maroc-et-lespagne-en-2027\/#primaryimage\"},\"image\":{\"@id\":\"https:\/\/kapitalis.com\/tunisie\/2025\/01\/31\/un-bateau-electrique-reliera-le-maroc-et-lespagne-en-2027\/#primaryimage\"},\"thumbnailUrl\":\"https:\/\/kapitalis.com\/tunisie\/wp-content\/uploads\/2025\/01\/Tanger-Tarifa.jpg\",\"datePublished\":\"2025-01-31T12:09:38+00:00\",\"dateModified\":\"2025-01-31T12:09:39+00:00\",\"breadcrumb\":{\"@id\":\"https:\/\/kapitalis.com\/tunisie\/2025\/01\/31\/un-bateau-electrique-reliera-le-maroc-et-lespagne-en-2027\/#breadcrumb\"},\"inLanguage\":\"fr-FR\",\"potentialAction\":[{\"@type\":\"ReadAction\",\"target\":[\"https:\/\/kapitalis.com\/tunisie\/2025\/01\/31\/un-bateau-electrique-reliera-le-maroc-et-lespagne-en-2027\/\"]}]},{\"@type\":\"ImageObject\",\"inLanguage\":\"fr-FR\",\"@id\":\"https:\/\/kapitalis.com\/tunisie\/2025\/01\/31\/un-bateau-electrique-reliera-le-maroc-et-lespagne-en-2027\/#primaryimage\",\"url\":\"https:\/\/kapitalis.com\/tunisie\/wp-content\/uploads\/2025\/01\/Tanger-Tarifa.jpg\",\"contentUrl\":\"https:\/\/kapitalis.com\/tunisie\/wp-content\/uploads\/2025\/01\/Tanger-Tarifa.jpg\",\"width\":1200,\"height\":630},{\"@type\":\"BreadcrumbList\",\"@id\":\"https:\/\/kapitalis.com\/tunisie\/2025\/01\/31\/un-bateau-electrique-reliera-le-maroc-et-lespagne-en-2027\/#breadcrumb\",\"itemListElement\":[{\"@type\":\"ListItem\",\"position\":1,\"name\":\"Accueil\",\"item\":\"https:\/\/kapitalis.com\/tunisie\/\"},{\"@type\":\"ListItem\",\"position\":2,\"name\":\"Un bateau \u00e9lectrique reliera le Maroc et l\u2019Espagne\u00a0en 2027\"}]},{\"@type\":\"WebSite\",\"@id\":\"https:\/\/kapitalis.com\/tunisie\/#website\",\"url\":\"https:\/\/kapitalis.com\/tunisie\/\",\"name\":\"Kapitalis\",\"description\":\"L&#039;actualit\u00e9 en Tunisie et dans le monde\",\"publisher\":{\"@id\":\"https:\/\/kapitalis.com\/tunisie\/#organization\"},\"potentialAction\":[{\"@type\":\"SearchAction\",\"target\":{\"@type\":\"EntryPoint\",\"urlTemplate\":\"https:\/\/kapitalis.com\/tunisie\/?s={search_term_string}\"},\"query-input\":{\"@type\":\"PropertyValueSpecification\",\"valueRequired\":true,\"valueName\":\"search_term_string\"}}],\"inLanguage\":\"fr-FR\"},{\"@type\":\"Organization\",\"@id\":\"https:\/\/kapitalis.com\/tunisie\/#organization\",\"name\":\"Kapitalis\",\"url\":\"https:\/\/kapitalis.com\/tunisie\/\",\"logo\":{\"@type\":\"ImageObject\",\"inLanguage\":\"fr-FR\",\"@id\":\"https:\/\/kapitalis.com\/tunisie\/#\/schema\/logo\/image\/\",\"url\":\"https:\/\/kapitalis.com\/tunisie\/wp-content\/uploads\/2022\/05\/Kapitalis-big-size.png\",\"contentUrl\":\"https:\/\/kapitalis.com\/tunisie\/wp-content\/uploads\/2022\/05\/Kapitalis-big-size.png\",\"width\":5000,\"height\":1500,\"caption\":\"Kapitalis\"},\"image\":{\"@id\":\"https:\/\/kapitalis.com\/tunisie\/#\/schema\/logo\/image\/\"},\"sameAs\":[\"https:\/\/www.facebook.com\/KapitalisInfo\/\",\"https:\/\/x.com\/KapitalisInfo\",\"https:\/\/www.youtube.com\/channel\/UC-yDYrHyfFBWWZaOw3FPg9Q\"]},{\"@type\":\"Person\",\"@id\":\"https:\/\/kapitalis.com\/tunisie\/#\/schema\/person\/d71f33a9ca44f7bad4698210b480c8e9\",\"name\":\"webmaster kapitalis\",\"url\":\"https:\/\/kapitalis.com\/tunisie\/author\/webmaster-kapitalis\/\"}]}<\/script>\n<!-- \/ Yoast SEO plugin. -->","yoast_head_json":{"title":"Un bateau \u00e9lectrique reliera le Maroc et l\u2019Espagne\u00a0en 2027 - Kapitalis","robots":{"index":"index","follow":"follow","max-snippet":"max-snippet:-1","max-image-preview":"max-image-preview:large","max-video-preview":"max-video-preview:-1"},"canonical":"https:\/\/kapitalis.com\/tunisie\/2025\/01\/31\/un-bateau-electrique-reliera-le-maroc-et-lespagne-en-2027\/","og_locale":"fr_FR","og_type":"article","og_title":"Un bateau \u00e9lectrique reliera le Maroc et l\u2019Espagne\u00a0en 2027 - Kapitalis","og_description":"Les catamarans fr\u00e8res Espa\u00f1a 2030 et Marruecos 2030 relieront les ports de Tanger et de Tarifa en 2027.","og_url":"https:\/\/kapitalis.com\/tunisie\/2025\/01\/31\/un-bateau-electrique-reliera-le-maroc-et-lespagne-en-2027\/","og_site_name":"Kapitalis","article_publisher":"https:\/\/www.facebook.com\/KapitalisInfo\/","article_published_time":"2025-01-31T12:09:38+00:00","article_modified_time":"2025-01-31T12:09:39+00:00","og_image":[{"width":1200,"height":630,"url":"https:\/\/kapitalis.com\/tunisie\/wp-content\/uploads\/2025\/01\/Tanger-Tarifa.jpg","type":"image\/jpeg"}],"author":"webmaster kapitalis","twitter_card":"summary_large_image","twitter_creator":"@KapitalisInfo","twitter_site":"@KapitalisInfo","twitter_misc":{"\u00c9crit par":"webmaster kapitalis","Dur\u00e9e de lecture estim\u00e9e":"2 minutes"},"schema":{"@context":"https:\/\/schema.org","@graph":[{"@type":"Article","@id":"https:\/\/kapitalis.com\/tunisie\/2025\/01\/31\/un-bateau-electrique-reliera-le-maroc-et-lespagne-en-2027\/#article","isPartOf":{"@id":"https:\/\/kapitalis.com\/tunisie\/2025\/01\/31\/un-bateau-electrique-reliera-le-maroc-et-lespagne-en-2027\/"},"author":{"name":"webmaster kapitalis","@id":"https:\/\/kapitalis.com\/tunisie\/#\/schema\/person\/d71f33a9ca44f7bad4698210b480c8e9"},"headline":"Un bateau \u00e9lectrique reliera le Maroc et l\u2019Espagne\u00a0en 2027","datePublished":"2025-01-31T12:09:38+00:00","dateModified":"2025-01-31T12:09:39+00:00","mainEntityOfPage":{"@id":"https:\/\/kapitalis.com\/tunisie\/2025\/01\/31\/un-bateau-electrique-reliera-le-maroc-et-lespagne-en-2027\/"},"wordCount":247,"commentCount":0,"publisher":{"@id":"https:\/\/kapitalis.com\/tunisie\/#organization"},"image":{"@id":"https:\/\/kapitalis.com\/tunisie\/2025\/01\/31\/un-bateau-electrique-reliera-le-maroc-et-lespagne-en-2027\/#primaryimage"},"thumbnailUrl":"https:\/\/kapitalis.com\/tunisie\/wp-content\/uploads\/2025\/01\/Tanger-Tarifa.jpg","keywords":["Armon \u00e0 Gij\u00f3n","Bale\u00e0ria","\u00e9nergie \u00e9lectrique","Espagne","Maroc","Tanger","Tarifa"],"articleSection":["ECONOMIE","Tunisie"],"inLanguage":"fr-FR","potentialAction":[{"@type":"CommentAction","name":"Comment","target":["https:\/\/kapitalis.com\/tunisie\/2025\/01\/31\/un-bateau-electrique-reliera-le-maroc-et-lespagne-en-2027\/#respond"]}]},{"@type":"WebPage","@id":"https:\/\/kapitalis.com\/tunisie\/2025\/01\/31\/un-bateau-electrique-reliera-le-maroc-et-lespagne-en-2027\/","url":"https:\/\/kapitalis.com\/tunisie\/2025\/01\/31\/un-bateau-electrique-reliera-le-maroc-et-lespagne-en-2027\/","name":"Un bateau \u00e9lectrique reliera le Maroc et l\u2019Espagne\u00a0en 2027 - Kapitalis","isPartOf":{"@id":"https:\/\/kapitalis.com\/tunisie\/#website"},"primaryImageOfPage":{"@id":"https:\/\/kapitalis.com\/tunisie\/2025\/01\/31\/un-bateau-electrique-reliera-le-maroc-et-lespagne-en-2027\/#primaryimage"},"image":{"@id":"https:\/\/kapitalis.com\/tunisie\/2025\/01\/31\/un-bateau-electrique-reliera-le-maroc-et-lespagne-en-2027\/#primaryimage"},"thumbnailUrl":"https:\/\/kapitalis.com\/tunisie\/wp-content\/uploads\/2025\/01\/Tanger-Tarifa.jpg","datePublished":"2025-01-31T12:09:38+00:00","dateModified":"2025-01-31T12:09:39+00:00","breadcrumb":{"@id":"https:\/\/kapitalis.com\/tunisie\/2025\/01\/31\/un-bateau-electrique-reliera-le-maroc-et-lespagne-en-2027\/#breadcrumb"},"inLanguage":"fr-FR","potentialAction":[{"@type":"ReadAction","target":["https:\/\/kapitalis.com\/tunisie\/2025\/01\/31\/un-bateau-electrique-reliera-le-maroc-et-lespagne-en-2027\/"]}]},{"@type":"ImageObject","inLanguage":"fr-FR","@id":"https:\/\/kapitalis.com\/tunisie\/2025\/01\/31\/un-bateau-electrique-reliera-le-maroc-et-lespagne-en-2027\/#primaryimage","url":"https:\/\/kapitalis.com\/tunisie\/wp-content\/uploads\/2025\/01\/Tanger-Tarifa.jpg","contentUrl":"https:\/\/kapitalis.com\/tunisie\/wp-content\/uploads\/2025\/01\/Tanger-Tarifa.jpg","width":1200,"height":630},{"@type":"BreadcrumbList","@id":"https:\/\/kapitalis.com\/tunisie\/2025\/01\/31\/un-bateau-electrique-reliera-le-maroc-et-lespagne-en-2027\/#breadcrumb","itemListElement":[{"@type":"ListItem","position":1,"name":"Accueil","item":"https:\/\/kapitalis.com\/tunisie\/"},{"@type":"ListItem","position":2,"name":"Un bateau \u00e9lectrique reliera le Maroc et l\u2019Espagne\u00a0en 2027"}]},{"@type":"WebSite","@id":"https:\/\/kapitalis.com\/tunisie\/#website","url":"https:\/\/kapitalis.com\/tunisie\/","name":"Kapitalis","description":"L&#039;actualit\u00e9 en Tunisie et dans le monde","publisher":{"@id":"https:\/\/kapitalis.com\/tunisie\/#organization"},"potentialAction":[{"@type":"SearchAction","target":{"@type":"EntryPoint","urlTemplate":"https:\/\/kapitalis.com\/tunisie\/?s={search_term_string}"},"query-input":{"@type":"PropertyValueSpecification","valueRequired":true,"valueName":"search_term_string"}}],"inLanguage":"fr-FR"},{"@type":"Organization","@id":"https:\/\/kapitalis.com\/tunisie\/#organization","name":"Kapitalis","url":"https:\/\/kapitalis.com\/tunisie\/","logo":{"@type":"ImageObject","inLanguage":"fr-FR","@id":"https:\/\/kapitalis.com\/tunisie\/#\/schema\/logo\/image\/","url":"https:\/\/kapitalis.com\/tunisie\/wp-content\/uploads\/2022\/05\/Kapitalis-big-size.png","contentUrl":"https:\/\/kapitalis.com\/tunisie\/wp-content\/uploads\/2022\/05\/Kapitalis-big-size.png","width":5000,"height":1500,"caption":"Kapitalis"},"image":{"@id":"https:\/\/kapitalis.com\/tunisie\/#\/schema\/logo\/image\/"},"sameAs":["https:\/\/www.facebook.com\/KapitalisInfo\/","https:\/\/x.com\/KapitalisInfo","https:\/\/www.youtube.com\/channel\/UC-yDYrHyfFBWWZaOw3FPg9Q"]},{"@type":"Person","@id":"https:\/\/kapitalis.com\/tunisie\/#\/schema\/person\/d71f33a9ca44f7bad4698210b480c8e9","name":"webmaster kapitalis","url":"https:\/\/kapitalis.com\/tunisie\/author\/webmaster-kapitalis\/"}]}},"_links":{"self":[{"href":"https:\/\/kapitalis.com\/tunisie\/wp-json\/wp\/v2\/posts\/15361738","targetHints":{"allow":["GET"]}}],"collection":[{"href":"https:\/\/kapitalis.com\/tunisie\/wp-json\/wp\/v2\/posts"}],"about":[{"href":"https:\/\/kapitalis.com\/tunisie\/wp-json\/wp\/v2\/types\/post"}],"author":[{"embeddable":true,"href":"https:\/\/kapitalis.com\/tunisie\/wp-json\/wp\/v2\/users\/8"}],"replies":[{"embeddable":true,"href":"https:\/\/kapitalis.com\/tunisie\/wp-json\/wp\/v2\/comments?post=15361738"}],"version-history":[{"count":1,"href":"https:\/\/kapitalis.com\/tunisie\/wp-json\/wp\/v2\/posts\/15361738\/revisions"}],"predecessor-version":[{"id":15361764,"href":"https:\/\/kapitalis.com\/tunisie\/wp-json\/wp\/v2\/posts\/15361738\/revisions\/15361764"}],"wp:featuredmedia":[{"embeddable":true,"href":"https:\/\/kapitalis.com\/tunisie\/wp-json\/wp\/v2\/media\/15361759"}],"wp:attachment":[{"href":"https:\/\/kapitalis.com\/tunisie\/wp-json\/wp\/v2\/media?parent=15361738"}],"wp:term":[{"taxonomy":"category","embeddable":true,"href":"https:\/\/kapitalis.com\/tunisie\/wp-json\/wp\/v2\/categories?post=15361738"},{"taxonomy":"post_tag","embeddable":true,"href":"https:\/\/kapitalis.com\/tunisie\/wp-json\/wp\/v2\/tags?post=15361738"}],"curies":[{"name":"wp","href":"https:\/\/api.w.org\/{rel}","templated":true}]}}