{"id":15364402,"date":"2025-01-31T21:21:51","date_gmt":"2025-01-31T20:21:51","guid":{"rendered":"https:\/\/kapitalis.com\/tunisie\/?p=15364402"},"modified":"2025-01-31T21:43:38","modified_gmt":"2025-01-31T20:43:38","slug":"vacances-scolaires-les-usagers-de-la-route-appeles-a-la-vigilance-onsr","status":"publish","type":"post","link":"https:\/\/kapitalis.com\/tunisie\/2025\/01\/31\/vacances-scolaires-les-usagers-de-la-route-appeles-a-la-vigilance-onsr\/","title":{"rendered":"Vacances scolaires : Les usagers de la route appel\u00e9s \u00e0 la vigilance (ONSR)"},"content":{"rendered":"\n<p><em><strong>A l&rsquo;occasion des vacances scolaires (du 3 au 9 f\u00e9vrier 2025) l&rsquo;Observatoire national de s\u00e9curit\u00e9 routi\u00e8re a appel\u00e9 les usagers de la route \u00e0 la vigilance.<\/strong><\/em><\/p>\n\n\n\n<!--more-->\n\n\n\n<p>Dans un communiqu\u00e9 publi\u00e9 ce vendredi 31 janvier 2025, l&rsquo;ONSR a appel\u00e9 les usagers de la route au respect du code de la route et aux principes de la s\u00e9curit\u00e9 routi\u00e8re, d\u2019autant plus que la situation m\u00e9t\u00e9orologique sera marqu\u00e9e par des pluies \u00e0 partir de ce week-end, notamment dans les r\u00e9gions de l\u2019est, du centre et du nord.<\/p>\n\n\n\n<p>A l&rsquo;occasion des vacances scolaires, de nombreuses routes conna\u00eetront une circulation dense durant ce week-end, rappelle par ailleurs l&rsquo;Observatoire qui a \u00e9galement appel\u00e9 les conducteurs \u00e0 prendre des pauses afin d\u2019\u00e9viter la fatigue lors de la conduite.<\/p>\n\n\n\n<p class=\"has-text-align-right\"><strong>Y. N.<\/strong><\/p>\n","protected":false},"excerpt":{"rendered":"<p>A l&rsquo;occasion des vacances scolaires (du 3 au 9 f\u00e9vrier 2025) l&rsquo;Observatoire national de s\u00e9curit\u00e9 routi\u00e8re a appel\u00e9 les usagers de la route \u00e0 la vigilance.<\/p>\n","protected":false},"author":6,"featured_media":7528081,"comment_status":"open","ping_status":"open","sticky":false,"template":"","format":"standard","meta":{"footnotes":""},"categories":[998,2433],"tags":[6987,17107,1336,62643,11194],"class_list":["post-15364402","post","type-post","status-publish","format-standard","has-post-thumbnail","hentry","category-societe","category-tunisie","tag-conducteur","tag-onsr","tag-route","tag-tunisie","tag-vacances-scolaires"],"yoast_head":"<!-- This site is optimized with the Yoast SEO plugin v26.6 - https:\/\/yoast.com\/wordpress\/plugins\/seo\/ -->\n<title>Vacances scolaires : Les usagers de la route appel\u00e9s \u00e0 la vigilance (ONSR) - Kapitalis<\/title>\n<meta name=\"robots\" content=\"index, follow, max-snippet:-1, max-image-preview:large, max-video-preview:-1\" \/>\n<link rel=\"canonical\" href=\"https:\/\/kapitalis.com\/tunisie\/2025\/01\/31\/vacances-scolaires-les-usagers-de-la-route-appeles-a-la-vigilance-onsr\/\" \/>\n<meta property=\"og:locale\" content=\"fr_FR\" \/>\n<meta property=\"og:type\" content=\"article\" \/>\n<meta property=\"og:title\" content=\"Vacances scolaires : Les usagers de la route appel\u00e9s \u00e0 la vigilance (ONSR) - Kapitalis\" \/>\n<meta property=\"og:description\" content=\"A l&rsquo;occasion des vacances scolaires (du 3 au 9 f\u00e9vrier 2025) l&rsquo;Observatoire national de s\u00e9curit\u00e9 routi\u00e8re a appel\u00e9 les usagers de la route \u00e0 la vigilance.\" \/>\n<meta property=\"og:url\" content=\"https:\/\/kapitalis.com\/tunisie\/2025\/01\/31\/vacances-scolaires-les-usagers-de-la-route-appeles-a-la-vigilance-onsr\/\" \/>\n<meta property=\"og:site_name\" content=\"Kapitalis\" \/>\n<meta property=\"article:publisher\" content=\"https:\/\/www.facebook.com\/KapitalisInfo\/\" \/>\n<meta property=\"article:published_time\" content=\"2025-01-31T20:21:51+00:00\" \/>\n<meta property=\"article:modified_time\" content=\"2025-01-31T20:43:38+00:00\" \/>\n<meta property=\"og:image\" content=\"https:\/\/kapitalis.com\/tunisie\/wp-content\/uploads\/2023\/04\/securite-routiere.jpg\" \/>\n\t<meta property=\"og:image:width\" content=\"1200\" \/>\n\t<meta property=\"og:image:height\" content=\"630\" \/>\n\t<meta property=\"og:image:type\" content=\"image\/jpeg\" \/>\n<meta name=\"author\" content=\"Yusra NY\" \/>\n<meta name=\"twitter:card\" content=\"summary_large_image\" \/>\n<meta name=\"twitter:creator\" content=\"@KapitalisInfo\" \/>\n<meta name=\"twitter:site\" content=\"@KapitalisInfo\" \/>\n<meta name=\"twitter:label1\" content=\"\u00c9crit par\" \/>\n\t<meta name=\"twitter:data1\" content=\"Yusra NY\" \/>\n\t<meta name=\"twitter:label2\" content=\"Dur\u00e9e de lecture estim\u00e9e\" \/>\n\t<meta name=\"twitter:data2\" content=\"1 minute\" \/>\n<script type=\"application\/ld+json\" class=\"yoast-schema-graph\">{\"@context\":\"https:\/\/schema.org\",\"@graph\":[{\"@type\":\"Article\",\"@id\":\"https:\/\/kapitalis.com\/tunisie\/2025\/01\/31\/vacances-scolaires-les-usagers-de-la-route-appeles-a-la-vigilance-onsr\/#article\",\"isPartOf\":{\"@id\":\"https:\/\/kapitalis.com\/tunisie\/2025\/01\/31\/vacances-scolaires-les-usagers-de-la-route-appeles-a-la-vigilance-onsr\/\"},\"author\":{\"name\":\"Yusra NY\",\"@id\":\"https:\/\/kapitalis.com\/tunisie\/#\/schema\/person\/74bbde0154d49d790a92aaeac5bc01d5\"},\"headline\":\"Vacances scolaires : Les usagers de la route appel\u00e9s \u00e0 la vigilance (ONSR)\",\"datePublished\":\"2025-01-31T20:21:51+00:00\",\"dateModified\":\"2025-01-31T20:43:38+00:00\",\"mainEntityOfPage\":{\"@id\":\"https:\/\/kapitalis.com\/tunisie\/2025\/01\/31\/vacances-scolaires-les-usagers-de-la-route-appeles-a-la-vigilance-onsr\/\"},\"wordCount\":140,\"commentCount\":0,\"publisher\":{\"@id\":\"https:\/\/kapitalis.com\/tunisie\/#organization\"},\"image\":{\"@id\":\"https:\/\/kapitalis.com\/tunisie\/2025\/01\/31\/vacances-scolaires-les-usagers-de-la-route-appeles-a-la-vigilance-onsr\/#primaryimage\"},\"thumbnailUrl\":\"https:\/\/kapitalis.com\/tunisie\/wp-content\/uploads\/2023\/04\/securite-routiere.jpg\",\"keywords\":[\"conducteur\",\"ONSR\",\"route\",\"Tunisie\",\"vacances scolaires\"],\"articleSection\":[\"SOCIETE\",\"Tunisie\"],\"inLanguage\":\"fr-FR\",\"potentialAction\":[{\"@type\":\"CommentAction\",\"name\":\"Comment\",\"target\":[\"https:\/\/kapitalis.com\/tunisie\/2025\/01\/31\/vacances-scolaires-les-usagers-de-la-route-appeles-a-la-vigilance-onsr\/#respond\"]}]},{\"@type\":\"WebPage\",\"@id\":\"https:\/\/kapitalis.com\/tunisie\/2025\/01\/31\/vacances-scolaires-les-usagers-de-la-route-appeles-a-la-vigilance-onsr\/\",\"url\":\"https:\/\/kapitalis.com\/tunisie\/2025\/01\/31\/vacances-scolaires-les-usagers-de-la-route-appeles-a-la-vigilance-onsr\/\",\"name\":\"Vacances scolaires : Les usagers de la route appel\u00e9s \u00e0 la vigilance (ONSR) - Kapitalis\",\"isPartOf\":{\"@id\":\"https:\/\/kapitalis.com\/tunisie\/#website\"},\"primaryImageOfPage\":{\"@id\":\"https:\/\/kapitalis.com\/tunisie\/2025\/01\/31\/vacances-scolaires-les-usagers-de-la-route-appeles-a-la-vigilance-onsr\/#primaryimage\"},\"image\":{\"@id\":\"https:\/\/kapitalis.com\/tunisie\/2025\/01\/31\/vacances-scolaires-les-usagers-de-la-route-appeles-a-la-vigilance-onsr\/#primaryimage\"},\"thumbnailUrl\":\"https:\/\/kapitalis.com\/tunisie\/wp-content\/uploads\/2023\/04\/securite-routiere.jpg\",\"datePublished\":\"2025-01-31T20:21:51+00:00\",\"dateModified\":\"2025-01-31T20:43:38+00:00\",\"breadcrumb\":{\"@id\":\"https:\/\/kapitalis.com\/tunisie\/2025\/01\/31\/vacances-scolaires-les-usagers-de-la-route-appeles-a-la-vigilance-onsr\/#breadcrumb\"},\"inLanguage\":\"fr-FR\",\"potentialAction\":[{\"@type\":\"ReadAction\",\"target\":[\"https:\/\/kapitalis.com\/tunisie\/2025\/01\/31\/vacances-scolaires-les-usagers-de-la-route-appeles-a-la-vigilance-onsr\/\"]}]},{\"@type\":\"ImageObject\",\"inLanguage\":\"fr-FR\",\"@id\":\"https:\/\/kapitalis.com\/tunisie\/2025\/01\/31\/vacances-scolaires-les-usagers-de-la-route-appeles-a-la-vigilance-onsr\/#primaryimage\",\"url\":\"https:\/\/kapitalis.com\/tunisie\/wp-content\/uploads\/2023\/04\/securite-routiere.jpg\",\"contentUrl\":\"https:\/\/kapitalis.com\/tunisie\/wp-content\/uploads\/2023\/04\/securite-routiere.jpg\",\"width\":1200,\"height\":630},{\"@type\":\"BreadcrumbList\",\"@id\":\"https:\/\/kapitalis.com\/tunisie\/2025\/01\/31\/vacances-scolaires-les-usagers-de-la-route-appeles-a-la-vigilance-onsr\/#breadcrumb\",\"itemListElement\":[{\"@type\":\"ListItem\",\"position\":1,\"name\":\"Accueil\",\"item\":\"https:\/\/kapitalis.com\/tunisie\/\"},{\"@type\":\"ListItem\",\"position\":2,\"name\":\"Vacances scolaires : Les usagers de la route appel\u00e9s \u00e0 la vigilance (ONSR)\"}]},{\"@type\":\"WebSite\",\"@id\":\"https:\/\/kapitalis.com\/tunisie\/#website\",\"url\":\"https:\/\/kapitalis.com\/tunisie\/\",\"name\":\"Kapitalis\",\"description\":\"L&#039;actualit\u00e9 en Tunisie et dans le monde\",\"publisher\":{\"@id\":\"https:\/\/kapitalis.com\/tunisie\/#organization\"},\"potentialAction\":[{\"@type\":\"SearchAction\",\"target\":{\"@type\":\"EntryPoint\",\"urlTemplate\":\"https:\/\/kapitalis.com\/tunisie\/?s={search_term_string}\"},\"query-input\":{\"@type\":\"PropertyValueSpecification\",\"valueRequired\":true,\"valueName\":\"search_term_string\"}}],\"inLanguage\":\"fr-FR\"},{\"@type\":\"Organization\",\"@id\":\"https:\/\/kapitalis.com\/tunisie\/#organization\",\"name\":\"Kapitalis\",\"url\":\"https:\/\/kapitalis.com\/tunisie\/\",\"logo\":{\"@type\":\"ImageObject\",\"inLanguage\":\"fr-FR\",\"@id\":\"https:\/\/kapitalis.com\/tunisie\/#\/schema\/logo\/image\/\",\"url\":\"https:\/\/kapitalis.com\/tunisie\/wp-content\/uploads\/2022\/05\/Kapitalis-big-size.png\",\"contentUrl\":\"https:\/\/kapitalis.com\/tunisie\/wp-content\/uploads\/2022\/05\/Kapitalis-big-size.png\",\"width\":5000,\"height\":1500,\"caption\":\"Kapitalis\"},\"image\":{\"@id\":\"https:\/\/kapitalis.com\/tunisie\/#\/schema\/logo\/image\/\"},\"sameAs\":[\"https:\/\/www.facebook.com\/KapitalisInfo\/\",\"https:\/\/x.com\/KapitalisInfo\",\"https:\/\/www.youtube.com\/channel\/UC-yDYrHyfFBWWZaOw3FPg9Q\"]},{\"@type\":\"Person\",\"@id\":\"https:\/\/kapitalis.com\/tunisie\/#\/schema\/person\/74bbde0154d49d790a92aaeac5bc01d5\",\"name\":\"Yusra NY\",\"url\":\"https:\/\/kapitalis.com\/tunisie\/author\/yuza_adam\/\"}]}<\/script>\n<!-- \/ Yoast SEO plugin. -->","yoast_head_json":{"title":"Vacances scolaires : Les usagers de la route appel\u00e9s \u00e0 la vigilance (ONSR) - Kapitalis","robots":{"index":"index","follow":"follow","max-snippet":"max-snippet:-1","max-image-preview":"max-image-preview:large","max-video-preview":"max-video-preview:-1"},"canonical":"https:\/\/kapitalis.com\/tunisie\/2025\/01\/31\/vacances-scolaires-les-usagers-de-la-route-appeles-a-la-vigilance-onsr\/","og_locale":"fr_FR","og_type":"article","og_title":"Vacances scolaires : Les usagers de la route appel\u00e9s \u00e0 la vigilance (ONSR) - Kapitalis","og_description":"A l&rsquo;occasion des vacances scolaires (du 3 au 9 f\u00e9vrier 2025) l&rsquo;Observatoire national de s\u00e9curit\u00e9 routi\u00e8re a appel\u00e9 les usagers de la route \u00e0 la vigilance.","og_url":"https:\/\/kapitalis.com\/tunisie\/2025\/01\/31\/vacances-scolaires-les-usagers-de-la-route-appeles-a-la-vigilance-onsr\/","og_site_name":"Kapitalis","article_publisher":"https:\/\/www.facebook.com\/KapitalisInfo\/","article_published_time":"2025-01-31T20:21:51+00:00","article_modified_time":"2025-01-31T20:43:38+00:00","og_image":[{"width":1200,"height":630,"url":"https:\/\/kapitalis.com\/tunisie\/wp-content\/uploads\/2023\/04\/securite-routiere.jpg","type":"image\/jpeg"}],"author":"Yusra NY","twitter_card":"summary_large_image","twitter_creator":"@KapitalisInfo","twitter_site":"@KapitalisInfo","twitter_misc":{"\u00c9crit par":"Yusra NY","Dur\u00e9e de lecture estim\u00e9e":"1 minute"},"schema":{"@context":"https:\/\/schema.org","@graph":[{"@type":"Article","@id":"https:\/\/kapitalis.com\/tunisie\/2025\/01\/31\/vacances-scolaires-les-usagers-de-la-route-appeles-a-la-vigilance-onsr\/#article","isPartOf":{"@id":"https:\/\/kapitalis.com\/tunisie\/2025\/01\/31\/vacances-scolaires-les-usagers-de-la-route-appeles-a-la-vigilance-onsr\/"},"author":{"name":"Yusra NY","@id":"https:\/\/kapitalis.com\/tunisie\/#\/schema\/person\/74bbde0154d49d790a92aaeac5bc01d5"},"headline":"Vacances scolaires : Les usagers de la route appel\u00e9s \u00e0 la vigilance (ONSR)","datePublished":"2025-01-31T20:21:51+00:00","dateModified":"2025-01-31T20:43:38+00:00","mainEntityOfPage":{"@id":"https:\/\/kapitalis.com\/tunisie\/2025\/01\/31\/vacances-scolaires-les-usagers-de-la-route-appeles-a-la-vigilance-onsr\/"},"wordCount":140,"commentCount":0,"publisher":{"@id":"https:\/\/kapitalis.com\/tunisie\/#organization"},"image":{"@id":"https:\/\/kapitalis.com\/tunisie\/2025\/01\/31\/vacances-scolaires-les-usagers-de-la-route-appeles-a-la-vigilance-onsr\/#primaryimage"},"thumbnailUrl":"https:\/\/kapitalis.com\/tunisie\/wp-content\/uploads\/2023\/04\/securite-routiere.jpg","keywords":["conducteur","ONSR","route","Tunisie","vacances scolaires"],"articleSection":["SOCIETE","Tunisie"],"inLanguage":"fr-FR","potentialAction":[{"@type":"CommentAction","name":"Comment","target":["https:\/\/kapitalis.com\/tunisie\/2025\/01\/31\/vacances-scolaires-les-usagers-de-la-route-appeles-a-la-vigilance-onsr\/#respond"]}]},{"@type":"WebPage","@id":"https:\/\/kapitalis.com\/tunisie\/2025\/01\/31\/vacances-scolaires-les-usagers-de-la-route-appeles-a-la-vigilance-onsr\/","url":"https:\/\/kapitalis.com\/tunisie\/2025\/01\/31\/vacances-scolaires-les-usagers-de-la-route-appeles-a-la-vigilance-onsr\/","name":"Vacances scolaires : Les usagers de la route appel\u00e9s \u00e0 la vigilance (ONSR) - Kapitalis","isPartOf":{"@id":"https:\/\/kapitalis.com\/tunisie\/#website"},"primaryImageOfPage":{"@id":"https:\/\/kapitalis.com\/tunisie\/2025\/01\/31\/vacances-scolaires-les-usagers-de-la-route-appeles-a-la-vigilance-onsr\/#primaryimage"},"image":{"@id":"https:\/\/kapitalis.com\/tunisie\/2025\/01\/31\/vacances-scolaires-les-usagers-de-la-route-appeles-a-la-vigilance-onsr\/#primaryimage"},"thumbnailUrl":"https:\/\/kapitalis.com\/tunisie\/wp-content\/uploads\/2023\/04\/securite-routiere.jpg","datePublished":"2025-01-31T20:21:51+00:00","dateModified":"2025-01-31T20:43:38+00:00","breadcrumb":{"@id":"https:\/\/kapitalis.com\/tunisie\/2025\/01\/31\/vacances-scolaires-les-usagers-de-la-route-appeles-a-la-vigilance-onsr\/#breadcrumb"},"inLanguage":"fr-FR","potentialAction":[{"@type":"ReadAction","target":["https:\/\/kapitalis.com\/tunisie\/2025\/01\/31\/vacances-scolaires-les-usagers-de-la-route-appeles-a-la-vigilance-onsr\/"]}]},{"@type":"ImageObject","inLanguage":"fr-FR","@id":"https:\/\/kapitalis.com\/tunisie\/2025\/01\/31\/vacances-scolaires-les-usagers-de-la-route-appeles-a-la-vigilance-onsr\/#primaryimage","url":"https:\/\/kapitalis.com\/tunisie\/wp-content\/uploads\/2023\/04\/securite-routiere.jpg","contentUrl":"https:\/\/kapitalis.com\/tunisie\/wp-content\/uploads\/2023\/04\/securite-routiere.jpg","width":1200,"height":630},{"@type":"BreadcrumbList","@id":"https:\/\/kapitalis.com\/tunisie\/2025\/01\/31\/vacances-scolaires-les-usagers-de-la-route-appeles-a-la-vigilance-onsr\/#breadcrumb","itemListElement":[{"@type":"ListItem","position":1,"name":"Accueil","item":"https:\/\/kapitalis.com\/tunisie\/"},{"@type":"ListItem","position":2,"name":"Vacances scolaires : Les usagers de la route appel\u00e9s \u00e0 la vigilance (ONSR)"}]},{"@type":"WebSite","@id":"https:\/\/kapitalis.com\/tunisie\/#website","url":"https:\/\/kapitalis.com\/tunisie\/","name":"Kapitalis","description":"L&#039;actualit\u00e9 en Tunisie et dans le monde","publisher":{"@id":"https:\/\/kapitalis.com\/tunisie\/#organization"},"potentialAction":[{"@type":"SearchAction","target":{"@type":"EntryPoint","urlTemplate":"https:\/\/kapitalis.com\/tunisie\/?s={search_term_string}"},"query-input":{"@type":"PropertyValueSpecification","valueRequired":true,"valueName":"search_term_string"}}],"inLanguage":"fr-FR"},{"@type":"Organization","@id":"https:\/\/kapitalis.com\/tunisie\/#organization","name":"Kapitalis","url":"https:\/\/kapitalis.com\/tunisie\/","logo":{"@type":"ImageObject","inLanguage":"fr-FR","@id":"https:\/\/kapitalis.com\/tunisie\/#\/schema\/logo\/image\/","url":"https:\/\/kapitalis.com\/tunisie\/wp-content\/uploads\/2022\/05\/Kapitalis-big-size.png","contentUrl":"https:\/\/kapitalis.com\/tunisie\/wp-content\/uploads\/2022\/05\/Kapitalis-big-size.png","width":5000,"height":1500,"caption":"Kapitalis"},"image":{"@id":"https:\/\/kapitalis.com\/tunisie\/#\/schema\/logo\/image\/"},"sameAs":["https:\/\/www.facebook.com\/KapitalisInfo\/","https:\/\/x.com\/KapitalisInfo","https:\/\/www.youtube.com\/channel\/UC-yDYrHyfFBWWZaOw3FPg9Q"]},{"@type":"Person","@id":"https:\/\/kapitalis.com\/tunisie\/#\/schema\/person\/74bbde0154d49d790a92aaeac5bc01d5","name":"Yusra NY","url":"https:\/\/kapitalis.com\/tunisie\/author\/yuza_adam\/"}]}},"_links":{"self":[{"href":"https:\/\/kapitalis.com\/tunisie\/wp-json\/wp\/v2\/posts\/15364402","targetHints":{"allow":["GET"]}}],"collection":[{"href":"https:\/\/kapitalis.com\/tunisie\/wp-json\/wp\/v2\/posts"}],"about":[{"href":"https:\/\/kapitalis.com\/tunisie\/wp-json\/wp\/v2\/types\/post"}],"author":[{"embeddable":true,"href":"https:\/\/kapitalis.com\/tunisie\/wp-json\/wp\/v2\/users\/6"}],"replies":[{"embeddable":true,"href":"https:\/\/kapitalis.com\/tunisie\/wp-json\/wp\/v2\/comments?post=15364402"}],"version-history":[{"count":2,"href":"https:\/\/kapitalis.com\/tunisie\/wp-json\/wp\/v2\/posts\/15364402\/revisions"}],"predecessor-version":[{"id":15364426,"href":"https:\/\/kapitalis.com\/tunisie\/wp-json\/wp\/v2\/posts\/15364402\/revisions\/15364426"}],"wp:featuredmedia":[{"embeddable":true,"href":"https:\/\/kapitalis.com\/tunisie\/wp-json\/wp\/v2\/media\/7528081"}],"wp:attachment":[{"href":"https:\/\/kapitalis.com\/tunisie\/wp-json\/wp\/v2\/media?parent=15364402"}],"wp:term":[{"taxonomy":"category","embeddable":true,"href":"https:\/\/kapitalis.com\/tunisie\/wp-json\/wp\/v2\/categories?post=15364402"},{"taxonomy":"post_tag","embeddable":true,"href":"https:\/\/kapitalis.com\/tunisie\/wp-json\/wp\/v2\/tags?post=15364402"}],"curies":[{"name":"wp","href":"https:\/\/api.w.org\/{rel}","templated":true}]}}