{"id":15364774,"date":"2025-01-31T22:30:16","date_gmt":"2025-01-31T21:30:16","guid":{"rendered":"https:\/\/kapitalis.com\/tunisie\/?p=15364774"},"modified":"2025-01-31T22:37:00","modified_gmt":"2025-01-31T21:37:00","slug":"convention-tripartite-pour-la-mobilite-de-jeunes-tunisiens-dans-le-secteur-du-transport","status":"publish","type":"post","link":"https:\/\/kapitalis.com\/tunisie\/2025\/01\/31\/convention-tripartite-pour-la-mobilite-de-jeunes-tunisiens-dans-le-secteur-du-transport\/","title":{"rendered":"Convention tripartite pour la mobilit\u00e9 de jeunes tunisiens dans le secteur du transport"},"content":{"rendered":"\n<p><strong><em>Le minist\u00e8re de l\u2019Emploi et de la Formation Professionnelle a organis\u00e9 aujourd\u2019hui la signature d\u2019une convention cadre de coop\u00e9ration entre l\u2019Agence Tunisienne de Formation professionnelle (ATFP), l\u2019Agence Nationale pour l\u2019Emploi et le Travail ind\u00e9pendant (ANETI) et l\u2019Office fran\u00e7ais de l\u2019immigration et de l\u2019int\u00e9gration (OFII), avec l\u2019appui de l\u2019Union europ\u00e9enne (UE) dans le cadre de l\u2019initiative sur le Partenariat des Talents entre la Tunisie et l\u2019UE.<\/em><\/strong><\/p>\n\n\n\n<!--more-->\n\n\n\n<p>Cette convention s\u2019inscrit dans le projet THAMM OFII qui vise \u00e0 promouvoir des partenariats \u00e9quilibr\u00e9s entre pays d\u2019origine et pays de destination d\u2019une main d\u2019\u0153uvre qualifi\u00e9e.<\/p>\n\n\n\n<p>Il s\u2019agit ici de favoriser l\u2019insertion professionnelle des jeunes tunisiens dipl\u00f4m\u00e9s de la formation professionnelle dans le secteur du transport et de la logistique, tout en r\u00e9pondant aux besoins des entreprises tunisiennes et europ\u00e9ennes du secteur.<\/p>\n\n\n\n<p>Ce partenariat strat\u00e9gique refl\u00e8te une volont\u00e9 commune de valoriser les comp\u00e9tences tunisiennes et d\u2019offrir aux jeunes des opportunit\u00e9s de travail d\u00e9cent et durable, dans leur pays comme \u00e0 l\u2019international.<\/p>\n\n\n\n<p>En dotant les centres de formation professionnelle d\u2019un mat\u00e9riel p\u00e9dagogique de pointe, le projet THAMM OFII contribue \u00e0 augmenter la capacit\u00e9 de formation afin d\u2019accompagner la mise en place d\u2019un sch\u00e9ma de mobilit\u00e9 vertueux. Celui-ci repose sur la qualit\u00e9 des emplois propos\u00e9s, la valeur des comp\u00e9tences disponibles gr\u00e2ce \u00e0 l\u2019ATFP et la transparence du recrutement gr\u00e2ce \u00e0 l&rsquo;ANETI.<\/p>\n\n\n\n<p>La convention sign\u00e9e aujourd\u2019hui renforcera la coop\u00e9ration entre les parties en mati\u00e8re de formation, de placement dans l\u2019emploi et d\u2019accompagnement des candidats \u00e0 la migration professionnelle.<\/p>\n\n\n\n<p class=\"has-text-align-right\"><strong>Communiqu\u00e9<\/strong><\/p>\n","protected":false},"excerpt":{"rendered":"<p>Le minist\u00e8re de l\u2019Emploi et de la Formation Professionnelle a organis\u00e9 aujourd\u2019hui la signature d\u2019une convention cadre de coop\u00e9ration entre l\u2019Agence Tunisienne de Formation professionnelle (ATFP), l\u2019Agence Nationale pour l\u2019Emploi et le Travail ind\u00e9pendant (ANETI) et l\u2019Office fran\u00e7ais de l\u2019immigration et de l\u2019int\u00e9gration (OFII), avec l\u2019appui de l\u2019Union europ\u00e9enne (UE) dans le cadre de l\u2019initiative&#8230;<\/p>\n","protected":false},"author":6,"featured_media":15364820,"comment_status":"open","ping_status":"open","sticky":false,"template":"","format":"standard","meta":{"footnotes":""},"categories":[995,998,2433],"tags":[2182,5548,98960,120284],"class_list":["post-15364774","post","type-post","status-publish","format-standard","has-post-thumbnail","hentry","category-economie","category-societe","category-tunisie","tag-formation","tag-migration","tag-reinsertion-professionnelle","tag-thamm-ofii"],"yoast_head":"<!-- This site is optimized with the Yoast SEO plugin v26.6 - https:\/\/yoast.com\/wordpress\/plugins\/seo\/ -->\n<title>Convention tripartite pour la mobilit\u00e9 de jeunes tunisiens dans le secteur du transport - Kapitalis<\/title>\n<meta name=\"robots\" content=\"index, follow, max-snippet:-1, max-image-preview:large, max-video-preview:-1\" \/>\n<link rel=\"canonical\" href=\"https:\/\/kapitalis.com\/tunisie\/2025\/01\/31\/convention-tripartite-pour-la-mobilite-de-jeunes-tunisiens-dans-le-secteur-du-transport\/\" \/>\n<meta property=\"og:locale\" content=\"fr_FR\" \/>\n<meta property=\"og:type\" content=\"article\" \/>\n<meta property=\"og:title\" content=\"Convention tripartite pour la mobilit\u00e9 de jeunes tunisiens dans le secteur du transport - Kapitalis\" \/>\n<meta property=\"og:description\" content=\"Le minist\u00e8re de l\u2019Emploi et de la Formation Professionnelle a organis\u00e9 aujourd\u2019hui la signature d\u2019une convention cadre de coop\u00e9ration entre l\u2019Agence Tunisienne de Formation professionnelle (ATFP), l\u2019Agence Nationale pour l\u2019Emploi et le Travail ind\u00e9pendant (ANETI) et l\u2019Office fran\u00e7ais de l\u2019immigration et de l\u2019int\u00e9gration (OFII), avec l\u2019appui de l\u2019Union europ\u00e9enne (UE) dans le cadre de l\u2019initiative...\" \/>\n<meta property=\"og:url\" content=\"https:\/\/kapitalis.com\/tunisie\/2025\/01\/31\/convention-tripartite-pour-la-mobilite-de-jeunes-tunisiens-dans-le-secteur-du-transport\/\" \/>\n<meta property=\"og:site_name\" content=\"Kapitalis\" \/>\n<meta property=\"article:publisher\" content=\"https:\/\/www.facebook.com\/KapitalisInfo\/\" \/>\n<meta property=\"article:published_time\" content=\"2025-01-31T21:30:16+00:00\" \/>\n<meta property=\"article:modified_time\" content=\"2025-01-31T21:37:00+00:00\" \/>\n<meta property=\"og:image\" content=\"https:\/\/kapitalis.com\/tunisie\/wp-content\/uploads\/2025\/01\/THAMM-OFII-1.jpg\" \/>\n\t<meta property=\"og:image:width\" content=\"1200\" \/>\n\t<meta property=\"og:image:height\" content=\"630\" \/>\n\t<meta property=\"og:image:type\" content=\"image\/jpeg\" \/>\n<meta name=\"author\" content=\"Yusra NY\" \/>\n<meta name=\"twitter:card\" content=\"summary_large_image\" \/>\n<meta name=\"twitter:creator\" content=\"@KapitalisInfo\" \/>\n<meta name=\"twitter:site\" content=\"@KapitalisInfo\" \/>\n<meta name=\"twitter:label1\" content=\"\u00c9crit par\" \/>\n\t<meta name=\"twitter:data1\" content=\"Yusra NY\" \/>\n\t<meta name=\"twitter:label2\" content=\"Dur\u00e9e de lecture estim\u00e9e\" \/>\n\t<meta name=\"twitter:data2\" content=\"2 minutes\" \/>\n<script type=\"application\/ld+json\" class=\"yoast-schema-graph\">{\"@context\":\"https:\/\/schema.org\",\"@graph\":[{\"@type\":\"Article\",\"@id\":\"https:\/\/kapitalis.com\/tunisie\/2025\/01\/31\/convention-tripartite-pour-la-mobilite-de-jeunes-tunisiens-dans-le-secteur-du-transport\/#article\",\"isPartOf\":{\"@id\":\"https:\/\/kapitalis.com\/tunisie\/2025\/01\/31\/convention-tripartite-pour-la-mobilite-de-jeunes-tunisiens-dans-le-secteur-du-transport\/\"},\"author\":{\"name\":\"Yusra NY\",\"@id\":\"https:\/\/kapitalis.com\/tunisie\/#\/schema\/person\/74bbde0154d49d790a92aaeac5bc01d5\"},\"headline\":\"Convention tripartite pour la mobilit\u00e9 de jeunes tunisiens dans le secteur du transport\",\"datePublished\":\"2025-01-31T21:30:16+00:00\",\"dateModified\":\"2025-01-31T21:37:00+00:00\",\"mainEntityOfPage\":{\"@id\":\"https:\/\/kapitalis.com\/tunisie\/2025\/01\/31\/convention-tripartite-pour-la-mobilite-de-jeunes-tunisiens-dans-le-secteur-du-transport\/\"},\"wordCount\":303,\"commentCount\":0,\"publisher\":{\"@id\":\"https:\/\/kapitalis.com\/tunisie\/#organization\"},\"image\":{\"@id\":\"https:\/\/kapitalis.com\/tunisie\/2025\/01\/31\/convention-tripartite-pour-la-mobilite-de-jeunes-tunisiens-dans-le-secteur-du-transport\/#primaryimage\"},\"thumbnailUrl\":\"https:\/\/kapitalis.com\/tunisie\/wp-content\/uploads\/2025\/01\/THAMM-OFII-1.jpg\",\"keywords\":[\"formation\",\"migration\",\"r\u00e9insertion professionnelle\",\"Thamm Ofii\"],\"articleSection\":[\"ECONOMIE\",\"SOCIETE\",\"Tunisie\"],\"inLanguage\":\"fr-FR\",\"potentialAction\":[{\"@type\":\"CommentAction\",\"name\":\"Comment\",\"target\":[\"https:\/\/kapitalis.com\/tunisie\/2025\/01\/31\/convention-tripartite-pour-la-mobilite-de-jeunes-tunisiens-dans-le-secteur-du-transport\/#respond\"]}]},{\"@type\":\"WebPage\",\"@id\":\"https:\/\/kapitalis.com\/tunisie\/2025\/01\/31\/convention-tripartite-pour-la-mobilite-de-jeunes-tunisiens-dans-le-secteur-du-transport\/\",\"url\":\"https:\/\/kapitalis.com\/tunisie\/2025\/01\/31\/convention-tripartite-pour-la-mobilite-de-jeunes-tunisiens-dans-le-secteur-du-transport\/\",\"name\":\"Convention tripartite pour la mobilit\u00e9 de jeunes tunisiens dans le secteur du transport - Kapitalis\",\"isPartOf\":{\"@id\":\"https:\/\/kapitalis.com\/tunisie\/#website\"},\"primaryImageOfPage\":{\"@id\":\"https:\/\/kapitalis.com\/tunisie\/2025\/01\/31\/convention-tripartite-pour-la-mobilite-de-jeunes-tunisiens-dans-le-secteur-du-transport\/#primaryimage\"},\"image\":{\"@id\":\"https:\/\/kapitalis.com\/tunisie\/2025\/01\/31\/convention-tripartite-pour-la-mobilite-de-jeunes-tunisiens-dans-le-secteur-du-transport\/#primaryimage\"},\"thumbnailUrl\":\"https:\/\/kapitalis.com\/tunisie\/wp-content\/uploads\/2025\/01\/THAMM-OFII-1.jpg\",\"datePublished\":\"2025-01-31T21:30:16+00:00\",\"dateModified\":\"2025-01-31T21:37:00+00:00\",\"breadcrumb\":{\"@id\":\"https:\/\/kapitalis.com\/tunisie\/2025\/01\/31\/convention-tripartite-pour-la-mobilite-de-jeunes-tunisiens-dans-le-secteur-du-transport\/#breadcrumb\"},\"inLanguage\":\"fr-FR\",\"potentialAction\":[{\"@type\":\"ReadAction\",\"target\":[\"https:\/\/kapitalis.com\/tunisie\/2025\/01\/31\/convention-tripartite-pour-la-mobilite-de-jeunes-tunisiens-dans-le-secteur-du-transport\/\"]}]},{\"@type\":\"ImageObject\",\"inLanguage\":\"fr-FR\",\"@id\":\"https:\/\/kapitalis.com\/tunisie\/2025\/01\/31\/convention-tripartite-pour-la-mobilite-de-jeunes-tunisiens-dans-le-secteur-du-transport\/#primaryimage\",\"url\":\"https:\/\/kapitalis.com\/tunisie\/wp-content\/uploads\/2025\/01\/THAMM-OFII-1.jpg\",\"contentUrl\":\"https:\/\/kapitalis.com\/tunisie\/wp-content\/uploads\/2025\/01\/THAMM-OFII-1.jpg\",\"width\":1200,\"height\":630},{\"@type\":\"BreadcrumbList\",\"@id\":\"https:\/\/kapitalis.com\/tunisie\/2025\/01\/31\/convention-tripartite-pour-la-mobilite-de-jeunes-tunisiens-dans-le-secteur-du-transport\/#breadcrumb\",\"itemListElement\":[{\"@type\":\"ListItem\",\"position\":1,\"name\":\"Accueil\",\"item\":\"https:\/\/kapitalis.com\/tunisie\/\"},{\"@type\":\"ListItem\",\"position\":2,\"name\":\"Convention tripartite pour la mobilit\u00e9 de jeunes tunisiens dans le secteur du transport\"}]},{\"@type\":\"WebSite\",\"@id\":\"https:\/\/kapitalis.com\/tunisie\/#website\",\"url\":\"https:\/\/kapitalis.com\/tunisie\/\",\"name\":\"Kapitalis\",\"description\":\"L&#039;actualit\u00e9 en Tunisie et dans le monde\",\"publisher\":{\"@id\":\"https:\/\/kapitalis.com\/tunisie\/#organization\"},\"potentialAction\":[{\"@type\":\"SearchAction\",\"target\":{\"@type\":\"EntryPoint\",\"urlTemplate\":\"https:\/\/kapitalis.com\/tunisie\/?s={search_term_string}\"},\"query-input\":{\"@type\":\"PropertyValueSpecification\",\"valueRequired\":true,\"valueName\":\"search_term_string\"}}],\"inLanguage\":\"fr-FR\"},{\"@type\":\"Organization\",\"@id\":\"https:\/\/kapitalis.com\/tunisie\/#organization\",\"name\":\"Kapitalis\",\"url\":\"https:\/\/kapitalis.com\/tunisie\/\",\"logo\":{\"@type\":\"ImageObject\",\"inLanguage\":\"fr-FR\",\"@id\":\"https:\/\/kapitalis.com\/tunisie\/#\/schema\/logo\/image\/\",\"url\":\"https:\/\/kapitalis.com\/tunisie\/wp-content\/uploads\/2022\/05\/Kapitalis-big-size.png\",\"contentUrl\":\"https:\/\/kapitalis.com\/tunisie\/wp-content\/uploads\/2022\/05\/Kapitalis-big-size.png\",\"width\":5000,\"height\":1500,\"caption\":\"Kapitalis\"},\"image\":{\"@id\":\"https:\/\/kapitalis.com\/tunisie\/#\/schema\/logo\/image\/\"},\"sameAs\":[\"https:\/\/www.facebook.com\/KapitalisInfo\/\",\"https:\/\/x.com\/KapitalisInfo\",\"https:\/\/www.youtube.com\/channel\/UC-yDYrHyfFBWWZaOw3FPg9Q\"]},{\"@type\":\"Person\",\"@id\":\"https:\/\/kapitalis.com\/tunisie\/#\/schema\/person\/74bbde0154d49d790a92aaeac5bc01d5\",\"name\":\"Yusra NY\",\"url\":\"https:\/\/kapitalis.com\/tunisie\/author\/yuza_adam\/\"}]}<\/script>\n<!-- \/ Yoast SEO plugin. -->","yoast_head_json":{"title":"Convention tripartite pour la mobilit\u00e9 de jeunes tunisiens dans le secteur du transport - Kapitalis","robots":{"index":"index","follow":"follow","max-snippet":"max-snippet:-1","max-image-preview":"max-image-preview:large","max-video-preview":"max-video-preview:-1"},"canonical":"https:\/\/kapitalis.com\/tunisie\/2025\/01\/31\/convention-tripartite-pour-la-mobilite-de-jeunes-tunisiens-dans-le-secteur-du-transport\/","og_locale":"fr_FR","og_type":"article","og_title":"Convention tripartite pour la mobilit\u00e9 de jeunes tunisiens dans le secteur du transport - Kapitalis","og_description":"Le minist\u00e8re de l\u2019Emploi et de la Formation Professionnelle a organis\u00e9 aujourd\u2019hui la signature d\u2019une convention cadre de coop\u00e9ration entre l\u2019Agence Tunisienne de Formation professionnelle (ATFP), l\u2019Agence Nationale pour l\u2019Emploi et le Travail ind\u00e9pendant (ANETI) et l\u2019Office fran\u00e7ais de l\u2019immigration et de l\u2019int\u00e9gration (OFII), avec l\u2019appui de l\u2019Union europ\u00e9enne (UE) dans le cadre de l\u2019initiative...","og_url":"https:\/\/kapitalis.com\/tunisie\/2025\/01\/31\/convention-tripartite-pour-la-mobilite-de-jeunes-tunisiens-dans-le-secteur-du-transport\/","og_site_name":"Kapitalis","article_publisher":"https:\/\/www.facebook.com\/KapitalisInfo\/","article_published_time":"2025-01-31T21:30:16+00:00","article_modified_time":"2025-01-31T21:37:00+00:00","og_image":[{"width":1200,"height":630,"url":"https:\/\/kapitalis.com\/tunisie\/wp-content\/uploads\/2025\/01\/THAMM-OFII-1.jpg","type":"image\/jpeg"}],"author":"Yusra NY","twitter_card":"summary_large_image","twitter_creator":"@KapitalisInfo","twitter_site":"@KapitalisInfo","twitter_misc":{"\u00c9crit par":"Yusra NY","Dur\u00e9e de lecture estim\u00e9e":"2 minutes"},"schema":{"@context":"https:\/\/schema.org","@graph":[{"@type":"Article","@id":"https:\/\/kapitalis.com\/tunisie\/2025\/01\/31\/convention-tripartite-pour-la-mobilite-de-jeunes-tunisiens-dans-le-secteur-du-transport\/#article","isPartOf":{"@id":"https:\/\/kapitalis.com\/tunisie\/2025\/01\/31\/convention-tripartite-pour-la-mobilite-de-jeunes-tunisiens-dans-le-secteur-du-transport\/"},"author":{"name":"Yusra NY","@id":"https:\/\/kapitalis.com\/tunisie\/#\/schema\/person\/74bbde0154d49d790a92aaeac5bc01d5"},"headline":"Convention tripartite pour la mobilit\u00e9 de jeunes tunisiens dans le secteur du transport","datePublished":"2025-01-31T21:30:16+00:00","dateModified":"2025-01-31T21:37:00+00:00","mainEntityOfPage":{"@id":"https:\/\/kapitalis.com\/tunisie\/2025\/01\/31\/convention-tripartite-pour-la-mobilite-de-jeunes-tunisiens-dans-le-secteur-du-transport\/"},"wordCount":303,"commentCount":0,"publisher":{"@id":"https:\/\/kapitalis.com\/tunisie\/#organization"},"image":{"@id":"https:\/\/kapitalis.com\/tunisie\/2025\/01\/31\/convention-tripartite-pour-la-mobilite-de-jeunes-tunisiens-dans-le-secteur-du-transport\/#primaryimage"},"thumbnailUrl":"https:\/\/kapitalis.com\/tunisie\/wp-content\/uploads\/2025\/01\/THAMM-OFII-1.jpg","keywords":["formation","migration","r\u00e9insertion professionnelle","Thamm Ofii"],"articleSection":["ECONOMIE","SOCIETE","Tunisie"],"inLanguage":"fr-FR","potentialAction":[{"@type":"CommentAction","name":"Comment","target":["https:\/\/kapitalis.com\/tunisie\/2025\/01\/31\/convention-tripartite-pour-la-mobilite-de-jeunes-tunisiens-dans-le-secteur-du-transport\/#respond"]}]},{"@type":"WebPage","@id":"https:\/\/kapitalis.com\/tunisie\/2025\/01\/31\/convention-tripartite-pour-la-mobilite-de-jeunes-tunisiens-dans-le-secteur-du-transport\/","url":"https:\/\/kapitalis.com\/tunisie\/2025\/01\/31\/convention-tripartite-pour-la-mobilite-de-jeunes-tunisiens-dans-le-secteur-du-transport\/","name":"Convention tripartite pour la mobilit\u00e9 de jeunes tunisiens dans le secteur du transport - Kapitalis","isPartOf":{"@id":"https:\/\/kapitalis.com\/tunisie\/#website"},"primaryImageOfPage":{"@id":"https:\/\/kapitalis.com\/tunisie\/2025\/01\/31\/convention-tripartite-pour-la-mobilite-de-jeunes-tunisiens-dans-le-secteur-du-transport\/#primaryimage"},"image":{"@id":"https:\/\/kapitalis.com\/tunisie\/2025\/01\/31\/convention-tripartite-pour-la-mobilite-de-jeunes-tunisiens-dans-le-secteur-du-transport\/#primaryimage"},"thumbnailUrl":"https:\/\/kapitalis.com\/tunisie\/wp-content\/uploads\/2025\/01\/THAMM-OFII-1.jpg","datePublished":"2025-01-31T21:30:16+00:00","dateModified":"2025-01-31T21:37:00+00:00","breadcrumb":{"@id":"https:\/\/kapitalis.com\/tunisie\/2025\/01\/31\/convention-tripartite-pour-la-mobilite-de-jeunes-tunisiens-dans-le-secteur-du-transport\/#breadcrumb"},"inLanguage":"fr-FR","potentialAction":[{"@type":"ReadAction","target":["https:\/\/kapitalis.com\/tunisie\/2025\/01\/31\/convention-tripartite-pour-la-mobilite-de-jeunes-tunisiens-dans-le-secteur-du-transport\/"]}]},{"@type":"ImageObject","inLanguage":"fr-FR","@id":"https:\/\/kapitalis.com\/tunisie\/2025\/01\/31\/convention-tripartite-pour-la-mobilite-de-jeunes-tunisiens-dans-le-secteur-du-transport\/#primaryimage","url":"https:\/\/kapitalis.com\/tunisie\/wp-content\/uploads\/2025\/01\/THAMM-OFII-1.jpg","contentUrl":"https:\/\/kapitalis.com\/tunisie\/wp-content\/uploads\/2025\/01\/THAMM-OFII-1.jpg","width":1200,"height":630},{"@type":"BreadcrumbList","@id":"https:\/\/kapitalis.com\/tunisie\/2025\/01\/31\/convention-tripartite-pour-la-mobilite-de-jeunes-tunisiens-dans-le-secteur-du-transport\/#breadcrumb","itemListElement":[{"@type":"ListItem","position":1,"name":"Accueil","item":"https:\/\/kapitalis.com\/tunisie\/"},{"@type":"ListItem","position":2,"name":"Convention tripartite pour la mobilit\u00e9 de jeunes tunisiens dans le secteur du transport"}]},{"@type":"WebSite","@id":"https:\/\/kapitalis.com\/tunisie\/#website","url":"https:\/\/kapitalis.com\/tunisie\/","name":"Kapitalis","description":"L&#039;actualit\u00e9 en Tunisie et dans le monde","publisher":{"@id":"https:\/\/kapitalis.com\/tunisie\/#organization"},"potentialAction":[{"@type":"SearchAction","target":{"@type":"EntryPoint","urlTemplate":"https:\/\/kapitalis.com\/tunisie\/?s={search_term_string}"},"query-input":{"@type":"PropertyValueSpecification","valueRequired":true,"valueName":"search_term_string"}}],"inLanguage":"fr-FR"},{"@type":"Organization","@id":"https:\/\/kapitalis.com\/tunisie\/#organization","name":"Kapitalis","url":"https:\/\/kapitalis.com\/tunisie\/","logo":{"@type":"ImageObject","inLanguage":"fr-FR","@id":"https:\/\/kapitalis.com\/tunisie\/#\/schema\/logo\/image\/","url":"https:\/\/kapitalis.com\/tunisie\/wp-content\/uploads\/2022\/05\/Kapitalis-big-size.png","contentUrl":"https:\/\/kapitalis.com\/tunisie\/wp-content\/uploads\/2022\/05\/Kapitalis-big-size.png","width":5000,"height":1500,"caption":"Kapitalis"},"image":{"@id":"https:\/\/kapitalis.com\/tunisie\/#\/schema\/logo\/image\/"},"sameAs":["https:\/\/www.facebook.com\/KapitalisInfo\/","https:\/\/x.com\/KapitalisInfo","https:\/\/www.youtube.com\/channel\/UC-yDYrHyfFBWWZaOw3FPg9Q"]},{"@type":"Person","@id":"https:\/\/kapitalis.com\/tunisie\/#\/schema\/person\/74bbde0154d49d790a92aaeac5bc01d5","name":"Yusra NY","url":"https:\/\/kapitalis.com\/tunisie\/author\/yuza_adam\/"}]}},"_links":{"self":[{"href":"https:\/\/kapitalis.com\/tunisie\/wp-json\/wp\/v2\/posts\/15364774","targetHints":{"allow":["GET"]}}],"collection":[{"href":"https:\/\/kapitalis.com\/tunisie\/wp-json\/wp\/v2\/posts"}],"about":[{"href":"https:\/\/kapitalis.com\/tunisie\/wp-json\/wp\/v2\/types\/post"}],"author":[{"embeddable":true,"href":"https:\/\/kapitalis.com\/tunisie\/wp-json\/wp\/v2\/users\/6"}],"replies":[{"embeddable":true,"href":"https:\/\/kapitalis.com\/tunisie\/wp-json\/wp\/v2\/comments?post=15364774"}],"version-history":[{"count":1,"href":"https:\/\/kapitalis.com\/tunisie\/wp-json\/wp\/v2\/posts\/15364774\/revisions"}],"predecessor-version":[{"id":15364822,"href":"https:\/\/kapitalis.com\/tunisie\/wp-json\/wp\/v2\/posts\/15364774\/revisions\/15364822"}],"wp:featuredmedia":[{"embeddable":true,"href":"https:\/\/kapitalis.com\/tunisie\/wp-json\/wp\/v2\/media\/15364820"}],"wp:attachment":[{"href":"https:\/\/kapitalis.com\/tunisie\/wp-json\/wp\/v2\/media?parent=15364774"}],"wp:term":[{"taxonomy":"category","embeddable":true,"href":"https:\/\/kapitalis.com\/tunisie\/wp-json\/wp\/v2\/categories?post=15364774"},{"taxonomy":"post_tag","embeddable":true,"href":"https:\/\/kapitalis.com\/tunisie\/wp-json\/wp\/v2\/tags?post=15364774"}],"curies":[{"name":"wp","href":"https:\/\/api.w.org\/{rel}","templated":true}]}}