{"id":15366770,"date":"2025-02-01T08:23:01","date_gmt":"2025-02-01T07:23:01","guid":{"rendered":"https:\/\/kapitalis.com\/tunisie\/?p=15366770"},"modified":"2025-02-01T08:23:02","modified_gmt":"2025-02-01T07:23:02","slug":"hammamet-bichonne-son-festival-des-agrumes","status":"publish","type":"post","link":"https:\/\/kapitalis.com\/tunisie\/2025\/02\/01\/hammamet-bichonne-son-festival-des-agrumes\/","title":{"rendered":"Hammamet bichonne son Festival des agrumes \u00a0"},"content":{"rendered":"\n<p><strong><em>Le Festival des agrumes de Hammamet dont la 11<sup>e<\/sup> \u00e9dition se tiendra \u00e0 &nbsp;Hammamet, les 8 et 9 f\u00e9vrier 2025 est une initiative pour la sauvegarde et la mise en valeur du patrimoine agrumicole de la r\u00e9gion du Cap Bon.<\/em><\/strong><\/p>\n\n\n\n<p><strong>Dr Salem Sahli *<\/strong><\/p>\n\n\n\n<!--more-->\n\n\n<div class=\"wp-block-image\">\n<figure class=\"alignleft size-full\"><img loading=\"lazy\" decoding=\"async\" width=\"200\" height=\"200\" src=\"https:\/\/kapitalis.com\/tunisie\/wp-content\/uploads\/2024\/04\/Salem-Sahli.jpg\" alt=\"\" class=\"wp-image-12612018\" srcset=\"https:\/\/kapitalis.com\/tunisie\/wp-content\/uploads\/2024\/04\/Salem-Sahli.jpg 200w, https:\/\/kapitalis.com\/tunisie\/wp-content\/uploads\/2024\/04\/Salem-Sahli-150x150.jpg 150w, https:\/\/kapitalis.com\/tunisie\/wp-content\/uploads\/2024\/04\/Salem-Sahli-120x120.jpg 120w\" sizes=\"auto, (max-width: 200px) 100vw, 200px\" \/><\/figure>\n<\/div>\n\n\n<p>L\u2019Association d\u2019\u00e9ducation relative \u00e0 l\u2019environnement de Hammamet (Aere) organise les 8 et 9 f\u00e9vrier 2025 la 11<sup>e<\/sup> \u00e9dition du Festival des agrumes de Hammamet en partenariat avec la municipalit\u00e9 de la ville, le Centre culturel international, la F\u00e9d\u00e9ration tunisienne de l\u2019h\u00f4tellerie du Cap Bon (FTH), l\u2019H\u00f4tel Sultan, l\u2019Association des Italiens de Tunisie, l\u2019Union tunisienne de l\u2019agriculture et de la p\u00eache (Utap), le Condor, et l\u2019association Avipa. Un Festival enti\u00e8rement d\u00e9di\u00e9 au patrimoine agrumicole caract\u00e9ristique de la r\u00e9gion.<\/p>\n\n\n\n<p>Le programme de la manifestation comprend essentiellement&nbsp;une exposition au pied du fort de Hammamet sur les aspects sociaux, culturels, \u00e9conomiques et environnementaux du patrimoine agrumicole de Hammamet, une exposition-vente d\u2019agrumes et de produits \u00e0 base d\u2019agrumes&nbsp;(confiture, miel, p\u00e2tisserie, confiserie, produits cosm\u00e9tiques\u2026) et des s\u00e9ances de show cooking, de d\u00e9gustation et des ateliers de confection de p\u00e2tisserie et marmelades.<\/p>\n\n\n\n<p>Au programme \u00e9galement une rencontre-d\u00e9bat avec les agrumiculteurs de la r\u00e9gion et des animations vari\u00e9es&nbsp;(soulamya, folklore, spectacles de musique et de danse, ateliers de d\u00e9coration, sports, etc.)<\/p>\n\n\n\n<h2 class=\"wp-block-heading\">Un terroir, une identit\u00e9<\/h2>\n\n\n\n<p>Le but de l\u2019initiative est de sensibiliser les citoyens, les jeunes et les d\u00e9cideurs \u00e0 la pr\u00e9servation et la mise en valeur du patrimoine agrumicole local et de contribuer \u00e0 diversifier l\u2019attractivit\u00e9 touristique de Hammamet en promouvant la r\u00e9gion via son terroir et son identit\u00e9.<\/p>\n\n\n\n<p>Les organisateurs sont conscients que ce festival doit prendre de l\u2019ampleur et se <em>\u00abprofessionnaliser\u00bb<\/em> progressivement. Toutefois, ils tiennent \u00e0 ce qu\u2019il demeure un festival de proximit\u00e9 et qu\u2019il ne perde pas les aspects \u00e9ducatif, p\u00e9dagogique et de sensibilisation qui le distinguent des autres festivals; le volet environnemental (eau, biodiversit\u00e9, agriculture biologique, am\u00e9nagement du territoire&#8230;); le volet social (l\u2019entrepreneuriat social, le cadre de vie, l\u2019animation de la ville, le lien social et la convivialit\u00e9); le volet \u00e9conomique (tourisme culturel, tourisme rural, artisanat, \u00e9conomie sociale et solidaire&#8230;).<\/p>\n\n\n\n<p>Certains reprochent \u00e0 ce festival de rester petit. Nous pensons, au contraire, que la modestie de ce festival, sa proximit\u00e9 des gens et le fait qu&rsquo;il soit pilot\u00e9 par une association \u00e0 but non lucratif <strong>font sa force<\/strong>.<\/p>\n\n\n\n<p>Ne dit-on pas que le b\u00e9n\u00e9volat a tellement de valeur qu\u2019il n\u2019a pas de prix?<\/p>\n\n\n\n<p>* <em>Pr\u00e9sident de l\u2018Aere.<\/em><\/p>\n","protected":false},"excerpt":{"rendered":"<p>La 11e \u00e9dition du Festival des agrumes de Hammamet se tiendra \u00e0 \u00a0Hammamet, les 8 et 9 f\u00e9vrier 2025. <\/p>\n","protected":false},"author":8,"featured_media":15366825,"comment_status":"open","ping_status":"open","sticky":false,"template":"","format":"standard","meta":{"footnotes":""},"categories":[992,995,2433],"tags":[1635,14475,9081,120508,80708,335,439,98056,3614],"class_list":["post-15366770","post","type-post","status-publish","format-standard","has-post-thumbnail","hentry","category-a-la-une","category-economie","category-tunisie","tag-aere","tag-agriculture-biologique","tag-agrumes","tag-avipa","tag-biodiversite","tag-environnement","tag-hammamet","tag-patrimoine-agrumicole","tag-utap"],"yoast_head":"<!-- This site is optimized with the Yoast SEO plugin v26.6 - https:\/\/yoast.com\/wordpress\/plugins\/seo\/ -->\n<title>Hammamet bichonne son Festival des agrumes \u00a0 - Kapitalis<\/title>\n<meta name=\"robots\" content=\"index, follow, max-snippet:-1, max-image-preview:large, max-video-preview:-1\" \/>\n<link rel=\"canonical\" href=\"https:\/\/kapitalis.com\/tunisie\/2025\/02\/01\/hammamet-bichonne-son-festival-des-agrumes\/\" \/>\n<meta property=\"og:locale\" content=\"fr_FR\" \/>\n<meta property=\"og:type\" content=\"article\" \/>\n<meta property=\"og:title\" content=\"Hammamet bichonne son Festival des agrumes \u00a0 - Kapitalis\" \/>\n<meta property=\"og:description\" content=\"La 11e \u00e9dition du Festival des agrumes de Hammamet se tiendra \u00e0 \u00a0Hammamet, les 8 et 9 f\u00e9vrier 2025.\" \/>\n<meta property=\"og:url\" content=\"https:\/\/kapitalis.com\/tunisie\/2025\/02\/01\/hammamet-bichonne-son-festival-des-agrumes\/\" \/>\n<meta property=\"og:site_name\" content=\"Kapitalis\" \/>\n<meta property=\"article:publisher\" content=\"https:\/\/www.facebook.com\/KapitalisInfo\/\" \/>\n<meta property=\"article:published_time\" content=\"2025-02-01T07:23:01+00:00\" \/>\n<meta property=\"article:modified_time\" content=\"2025-02-01T07:23:02+00:00\" \/>\n<meta property=\"og:image\" content=\"https:\/\/kapitalis.com\/tunisie\/wp-content\/uploads\/2025\/02\/Festival-des-agrumes.jpg\" \/>\n\t<meta property=\"og:image:width\" content=\"1200\" \/>\n\t<meta property=\"og:image:height\" content=\"630\" \/>\n\t<meta property=\"og:image:type\" content=\"image\/jpeg\" \/>\n<meta name=\"author\" content=\"webmaster kapitalis\" \/>\n<meta name=\"twitter:card\" content=\"summary_large_image\" \/>\n<meta name=\"twitter:creator\" content=\"@KapitalisInfo\" \/>\n<meta name=\"twitter:site\" content=\"@KapitalisInfo\" \/>\n<meta name=\"twitter:label1\" content=\"\u00c9crit par\" \/>\n\t<meta name=\"twitter:data1\" content=\"webmaster kapitalis\" \/>\n\t<meta name=\"twitter:label2\" content=\"Dur\u00e9e de lecture estim\u00e9e\" \/>\n\t<meta name=\"twitter:data2\" content=\"3 minutes\" \/>\n<script type=\"application\/ld+json\" class=\"yoast-schema-graph\">{\"@context\":\"https:\/\/schema.org\",\"@graph\":[{\"@type\":\"Article\",\"@id\":\"https:\/\/kapitalis.com\/tunisie\/2025\/02\/01\/hammamet-bichonne-son-festival-des-agrumes\/#article\",\"isPartOf\":{\"@id\":\"https:\/\/kapitalis.com\/tunisie\/2025\/02\/01\/hammamet-bichonne-son-festival-des-agrumes\/\"},\"author\":{\"name\":\"webmaster kapitalis\",\"@id\":\"https:\/\/kapitalis.com\/tunisie\/#\/schema\/person\/d71f33a9ca44f7bad4698210b480c8e9\"},\"headline\":\"Hammamet bichonne son Festival des agrumes \u00a0\",\"datePublished\":\"2025-02-01T07:23:01+00:00\",\"dateModified\":\"2025-02-01T07:23:02+00:00\",\"mainEntityOfPage\":{\"@id\":\"https:\/\/kapitalis.com\/tunisie\/2025\/02\/01\/hammamet-bichonne-son-festival-des-agrumes\/\"},\"wordCount\":444,\"commentCount\":0,\"publisher\":{\"@id\":\"https:\/\/kapitalis.com\/tunisie\/#organization\"},\"image\":{\"@id\":\"https:\/\/kapitalis.com\/tunisie\/2025\/02\/01\/hammamet-bichonne-son-festival-des-agrumes\/#primaryimage\"},\"thumbnailUrl\":\"https:\/\/kapitalis.com\/tunisie\/wp-content\/uploads\/2025\/02\/Festival-des-agrumes.jpg\",\"keywords\":[\"Aere\",\"agriculture biologique\",\"agrumes\",\"Avipa\",\"biodiversit\u00e9\",\"environnement\",\"Hammamet\",\"patrimoine agrumicole\",\"Utap\"],\"articleSection\":[\"A LA UNE\",\"ECONOMIE\",\"Tunisie\"],\"inLanguage\":\"fr-FR\",\"potentialAction\":[{\"@type\":\"CommentAction\",\"name\":\"Comment\",\"target\":[\"https:\/\/kapitalis.com\/tunisie\/2025\/02\/01\/hammamet-bichonne-son-festival-des-agrumes\/#respond\"]}]},{\"@type\":\"WebPage\",\"@id\":\"https:\/\/kapitalis.com\/tunisie\/2025\/02\/01\/hammamet-bichonne-son-festival-des-agrumes\/\",\"url\":\"https:\/\/kapitalis.com\/tunisie\/2025\/02\/01\/hammamet-bichonne-son-festival-des-agrumes\/\",\"name\":\"Hammamet bichonne son Festival des agrumes \u00a0 - Kapitalis\",\"isPartOf\":{\"@id\":\"https:\/\/kapitalis.com\/tunisie\/#website\"},\"primaryImageOfPage\":{\"@id\":\"https:\/\/kapitalis.com\/tunisie\/2025\/02\/01\/hammamet-bichonne-son-festival-des-agrumes\/#primaryimage\"},\"image\":{\"@id\":\"https:\/\/kapitalis.com\/tunisie\/2025\/02\/01\/hammamet-bichonne-son-festival-des-agrumes\/#primaryimage\"},\"thumbnailUrl\":\"https:\/\/kapitalis.com\/tunisie\/wp-content\/uploads\/2025\/02\/Festival-des-agrumes.jpg\",\"datePublished\":\"2025-02-01T07:23:01+00:00\",\"dateModified\":\"2025-02-01T07:23:02+00:00\",\"breadcrumb\":{\"@id\":\"https:\/\/kapitalis.com\/tunisie\/2025\/02\/01\/hammamet-bichonne-son-festival-des-agrumes\/#breadcrumb\"},\"inLanguage\":\"fr-FR\",\"potentialAction\":[{\"@type\":\"ReadAction\",\"target\":[\"https:\/\/kapitalis.com\/tunisie\/2025\/02\/01\/hammamet-bichonne-son-festival-des-agrumes\/\"]}]},{\"@type\":\"ImageObject\",\"inLanguage\":\"fr-FR\",\"@id\":\"https:\/\/kapitalis.com\/tunisie\/2025\/02\/01\/hammamet-bichonne-son-festival-des-agrumes\/#primaryimage\",\"url\":\"https:\/\/kapitalis.com\/tunisie\/wp-content\/uploads\/2025\/02\/Festival-des-agrumes.jpg\",\"contentUrl\":\"https:\/\/kapitalis.com\/tunisie\/wp-content\/uploads\/2025\/02\/Festival-des-agrumes.jpg\",\"width\":1200,\"height\":630},{\"@type\":\"BreadcrumbList\",\"@id\":\"https:\/\/kapitalis.com\/tunisie\/2025\/02\/01\/hammamet-bichonne-son-festival-des-agrumes\/#breadcrumb\",\"itemListElement\":[{\"@type\":\"ListItem\",\"position\":1,\"name\":\"Accueil\",\"item\":\"https:\/\/kapitalis.com\/tunisie\/\"},{\"@type\":\"ListItem\",\"position\":2,\"name\":\"Hammamet bichonne son Festival des agrumes \u00a0\"}]},{\"@type\":\"WebSite\",\"@id\":\"https:\/\/kapitalis.com\/tunisie\/#website\",\"url\":\"https:\/\/kapitalis.com\/tunisie\/\",\"name\":\"Kapitalis\",\"description\":\"L&#039;actualit\u00e9 en Tunisie et dans le monde\",\"publisher\":{\"@id\":\"https:\/\/kapitalis.com\/tunisie\/#organization\"},\"potentialAction\":[{\"@type\":\"SearchAction\",\"target\":{\"@type\":\"EntryPoint\",\"urlTemplate\":\"https:\/\/kapitalis.com\/tunisie\/?s={search_term_string}\"},\"query-input\":{\"@type\":\"PropertyValueSpecification\",\"valueRequired\":true,\"valueName\":\"search_term_string\"}}],\"inLanguage\":\"fr-FR\"},{\"@type\":\"Organization\",\"@id\":\"https:\/\/kapitalis.com\/tunisie\/#organization\",\"name\":\"Kapitalis\",\"url\":\"https:\/\/kapitalis.com\/tunisie\/\",\"logo\":{\"@type\":\"ImageObject\",\"inLanguage\":\"fr-FR\",\"@id\":\"https:\/\/kapitalis.com\/tunisie\/#\/schema\/logo\/image\/\",\"url\":\"https:\/\/kapitalis.com\/tunisie\/wp-content\/uploads\/2022\/05\/Kapitalis-big-size.png\",\"contentUrl\":\"https:\/\/kapitalis.com\/tunisie\/wp-content\/uploads\/2022\/05\/Kapitalis-big-size.png\",\"width\":5000,\"height\":1500,\"caption\":\"Kapitalis\"},\"image\":{\"@id\":\"https:\/\/kapitalis.com\/tunisie\/#\/schema\/logo\/image\/\"},\"sameAs\":[\"https:\/\/www.facebook.com\/KapitalisInfo\/\",\"https:\/\/x.com\/KapitalisInfo\",\"https:\/\/www.youtube.com\/channel\/UC-yDYrHyfFBWWZaOw3FPg9Q\"]},{\"@type\":\"Person\",\"@id\":\"https:\/\/kapitalis.com\/tunisie\/#\/schema\/person\/d71f33a9ca44f7bad4698210b480c8e9\",\"name\":\"webmaster kapitalis\",\"url\":\"https:\/\/kapitalis.com\/tunisie\/author\/webmaster-kapitalis\/\"}]}<\/script>\n<!-- \/ Yoast SEO plugin. -->","yoast_head_json":{"title":"Hammamet bichonne son Festival des agrumes \u00a0 - Kapitalis","robots":{"index":"index","follow":"follow","max-snippet":"max-snippet:-1","max-image-preview":"max-image-preview:large","max-video-preview":"max-video-preview:-1"},"canonical":"https:\/\/kapitalis.com\/tunisie\/2025\/02\/01\/hammamet-bichonne-son-festival-des-agrumes\/","og_locale":"fr_FR","og_type":"article","og_title":"Hammamet bichonne son Festival des agrumes \u00a0 - Kapitalis","og_description":"La 11e \u00e9dition du Festival des agrumes de Hammamet se tiendra \u00e0 \u00a0Hammamet, les 8 et 9 f\u00e9vrier 2025.","og_url":"https:\/\/kapitalis.com\/tunisie\/2025\/02\/01\/hammamet-bichonne-son-festival-des-agrumes\/","og_site_name":"Kapitalis","article_publisher":"https:\/\/www.facebook.com\/KapitalisInfo\/","article_published_time":"2025-02-01T07:23:01+00:00","article_modified_time":"2025-02-01T07:23:02+00:00","og_image":[{"width":1200,"height":630,"url":"https:\/\/kapitalis.com\/tunisie\/wp-content\/uploads\/2025\/02\/Festival-des-agrumes.jpg","type":"image\/jpeg"}],"author":"webmaster kapitalis","twitter_card":"summary_large_image","twitter_creator":"@KapitalisInfo","twitter_site":"@KapitalisInfo","twitter_misc":{"\u00c9crit par":"webmaster kapitalis","Dur\u00e9e de lecture estim\u00e9e":"3 minutes"},"schema":{"@context":"https:\/\/schema.org","@graph":[{"@type":"Article","@id":"https:\/\/kapitalis.com\/tunisie\/2025\/02\/01\/hammamet-bichonne-son-festival-des-agrumes\/#article","isPartOf":{"@id":"https:\/\/kapitalis.com\/tunisie\/2025\/02\/01\/hammamet-bichonne-son-festival-des-agrumes\/"},"author":{"name":"webmaster kapitalis","@id":"https:\/\/kapitalis.com\/tunisie\/#\/schema\/person\/d71f33a9ca44f7bad4698210b480c8e9"},"headline":"Hammamet bichonne son Festival des agrumes \u00a0","datePublished":"2025-02-01T07:23:01+00:00","dateModified":"2025-02-01T07:23:02+00:00","mainEntityOfPage":{"@id":"https:\/\/kapitalis.com\/tunisie\/2025\/02\/01\/hammamet-bichonne-son-festival-des-agrumes\/"},"wordCount":444,"commentCount":0,"publisher":{"@id":"https:\/\/kapitalis.com\/tunisie\/#organization"},"image":{"@id":"https:\/\/kapitalis.com\/tunisie\/2025\/02\/01\/hammamet-bichonne-son-festival-des-agrumes\/#primaryimage"},"thumbnailUrl":"https:\/\/kapitalis.com\/tunisie\/wp-content\/uploads\/2025\/02\/Festival-des-agrumes.jpg","keywords":["Aere","agriculture biologique","agrumes","Avipa","biodiversit\u00e9","environnement","Hammamet","patrimoine agrumicole","Utap"],"articleSection":["A LA UNE","ECONOMIE","Tunisie"],"inLanguage":"fr-FR","potentialAction":[{"@type":"CommentAction","name":"Comment","target":["https:\/\/kapitalis.com\/tunisie\/2025\/02\/01\/hammamet-bichonne-son-festival-des-agrumes\/#respond"]}]},{"@type":"WebPage","@id":"https:\/\/kapitalis.com\/tunisie\/2025\/02\/01\/hammamet-bichonne-son-festival-des-agrumes\/","url":"https:\/\/kapitalis.com\/tunisie\/2025\/02\/01\/hammamet-bichonne-son-festival-des-agrumes\/","name":"Hammamet bichonne son Festival des agrumes \u00a0 - Kapitalis","isPartOf":{"@id":"https:\/\/kapitalis.com\/tunisie\/#website"},"primaryImageOfPage":{"@id":"https:\/\/kapitalis.com\/tunisie\/2025\/02\/01\/hammamet-bichonne-son-festival-des-agrumes\/#primaryimage"},"image":{"@id":"https:\/\/kapitalis.com\/tunisie\/2025\/02\/01\/hammamet-bichonne-son-festival-des-agrumes\/#primaryimage"},"thumbnailUrl":"https:\/\/kapitalis.com\/tunisie\/wp-content\/uploads\/2025\/02\/Festival-des-agrumes.jpg","datePublished":"2025-02-01T07:23:01+00:00","dateModified":"2025-02-01T07:23:02+00:00","breadcrumb":{"@id":"https:\/\/kapitalis.com\/tunisie\/2025\/02\/01\/hammamet-bichonne-son-festival-des-agrumes\/#breadcrumb"},"inLanguage":"fr-FR","potentialAction":[{"@type":"ReadAction","target":["https:\/\/kapitalis.com\/tunisie\/2025\/02\/01\/hammamet-bichonne-son-festival-des-agrumes\/"]}]},{"@type":"ImageObject","inLanguage":"fr-FR","@id":"https:\/\/kapitalis.com\/tunisie\/2025\/02\/01\/hammamet-bichonne-son-festival-des-agrumes\/#primaryimage","url":"https:\/\/kapitalis.com\/tunisie\/wp-content\/uploads\/2025\/02\/Festival-des-agrumes.jpg","contentUrl":"https:\/\/kapitalis.com\/tunisie\/wp-content\/uploads\/2025\/02\/Festival-des-agrumes.jpg","width":1200,"height":630},{"@type":"BreadcrumbList","@id":"https:\/\/kapitalis.com\/tunisie\/2025\/02\/01\/hammamet-bichonne-son-festival-des-agrumes\/#breadcrumb","itemListElement":[{"@type":"ListItem","position":1,"name":"Accueil","item":"https:\/\/kapitalis.com\/tunisie\/"},{"@type":"ListItem","position":2,"name":"Hammamet bichonne son Festival des agrumes \u00a0"}]},{"@type":"WebSite","@id":"https:\/\/kapitalis.com\/tunisie\/#website","url":"https:\/\/kapitalis.com\/tunisie\/","name":"Kapitalis","description":"L&#039;actualit\u00e9 en Tunisie et dans le monde","publisher":{"@id":"https:\/\/kapitalis.com\/tunisie\/#organization"},"potentialAction":[{"@type":"SearchAction","target":{"@type":"EntryPoint","urlTemplate":"https:\/\/kapitalis.com\/tunisie\/?s={search_term_string}"},"query-input":{"@type":"PropertyValueSpecification","valueRequired":true,"valueName":"search_term_string"}}],"inLanguage":"fr-FR"},{"@type":"Organization","@id":"https:\/\/kapitalis.com\/tunisie\/#organization","name":"Kapitalis","url":"https:\/\/kapitalis.com\/tunisie\/","logo":{"@type":"ImageObject","inLanguage":"fr-FR","@id":"https:\/\/kapitalis.com\/tunisie\/#\/schema\/logo\/image\/","url":"https:\/\/kapitalis.com\/tunisie\/wp-content\/uploads\/2022\/05\/Kapitalis-big-size.png","contentUrl":"https:\/\/kapitalis.com\/tunisie\/wp-content\/uploads\/2022\/05\/Kapitalis-big-size.png","width":5000,"height":1500,"caption":"Kapitalis"},"image":{"@id":"https:\/\/kapitalis.com\/tunisie\/#\/schema\/logo\/image\/"},"sameAs":["https:\/\/www.facebook.com\/KapitalisInfo\/","https:\/\/x.com\/KapitalisInfo","https:\/\/www.youtube.com\/channel\/UC-yDYrHyfFBWWZaOw3FPg9Q"]},{"@type":"Person","@id":"https:\/\/kapitalis.com\/tunisie\/#\/schema\/person\/d71f33a9ca44f7bad4698210b480c8e9","name":"webmaster kapitalis","url":"https:\/\/kapitalis.com\/tunisie\/author\/webmaster-kapitalis\/"}]}},"_links":{"self":[{"href":"https:\/\/kapitalis.com\/tunisie\/wp-json\/wp\/v2\/posts\/15366770","targetHints":{"allow":["GET"]}}],"collection":[{"href":"https:\/\/kapitalis.com\/tunisie\/wp-json\/wp\/v2\/posts"}],"about":[{"href":"https:\/\/kapitalis.com\/tunisie\/wp-json\/wp\/v2\/types\/post"}],"author":[{"embeddable":true,"href":"https:\/\/kapitalis.com\/tunisie\/wp-json\/wp\/v2\/users\/8"}],"replies":[{"embeddable":true,"href":"https:\/\/kapitalis.com\/tunisie\/wp-json\/wp\/v2\/comments?post=15366770"}],"version-history":[{"count":1,"href":"https:\/\/kapitalis.com\/tunisie\/wp-json\/wp\/v2\/posts\/15366770\/revisions"}],"predecessor-version":[{"id":15366830,"href":"https:\/\/kapitalis.com\/tunisie\/wp-json\/wp\/v2\/posts\/15366770\/revisions\/15366830"}],"wp:featuredmedia":[{"embeddable":true,"href":"https:\/\/kapitalis.com\/tunisie\/wp-json\/wp\/v2\/media\/15366825"}],"wp:attachment":[{"href":"https:\/\/kapitalis.com\/tunisie\/wp-json\/wp\/v2\/media?parent=15366770"}],"wp:term":[{"taxonomy":"category","embeddable":true,"href":"https:\/\/kapitalis.com\/tunisie\/wp-json\/wp\/v2\/categories?post=15366770"},{"taxonomy":"post_tag","embeddable":true,"href":"https:\/\/kapitalis.com\/tunisie\/wp-json\/wp\/v2\/tags?post=15366770"}],"curies":[{"name":"wp","href":"https:\/\/api.w.org\/{rel}","templated":true}]}}