{"id":153672,"date":"2018-05-11T16:34:43","date_gmt":"2018-05-11T15:34:43","guid":{"rendered":"http:\/\/kapitalis.com\/tunisie\/?p=153672"},"modified":"2018-05-11T16:56:41","modified_gmt":"2018-05-11T15:56:41","slug":"lakhdar-le-front-nest-pas-contre-abderrahim-a-la-mairie-de-tunis","status":"publish","type":"post","link":"https:\/\/kapitalis.com\/tunisie\/2018\/05\/11\/lakhdar-le-front-nest-pas-contre-abderrahim-a-la-mairie-de-tunis\/","title":{"rendered":"Lakhdar : Le Front n&rsquo;est pas contre Abderrahim \u00e0 la mairie de Tunis"},"content":{"rendered":"<p style=\"text-align: center;\"><img loading=\"lazy\" decoding=\"async\" class=\"alignnone size-full wp-image-153675\" src=\"http:\/\/kapitalis.com\/tunisie\/wp-content\/uploads\/2018\/05\/Zied-Lakhdhar_Souad-Abderrahim.jpg\" alt=\"\" width=\"626\" height=\"380\" \/><\/p>\n<p><em><strong>Zied Lakhdar a indiqu\u00e9 que le Front populaire (FP), une alliance de la gauche radicale, n&rsquo;est pas contre la candidature de Souad Abderrahim, \u00e9lue du parti islamiste Ennahdha aux municipales de dimanche dernier, pour le poste de maire de Tunis.<\/strong><\/em><!--more--><\/p>\n<p>De passage \u00e0 \u00ab\u00a0<em>Al-Bilad Al-Yawm<\/em>\u00a0\u00bb sur la Radio nationale aujourd&rsquo;hui, vendredi 11 mai 2018, le secr\u00e9taire g\u00e9n\u00e9ral du Parti des patriotes d\u00e9mocrates unifi\u00e9s (Watad), membre du FP, a d\u00e9clar\u00e9 que ce FP n&rsquo;est pas oppos\u00e9 \u00e0 la candidature de Mme Abderrahim, pharmacienne de son \u00e9tat, \u00e0 la mairie de Tunis. Le fait qu&rsquo;elle soit une femme ou qu&rsquo;elle ne soit Tunisoise n&rsquo;est pas, \u00e0 nos yeux, un facteur d\u00e9terminant.<\/p>\n<p>\u00ab<em>Nous n&rsquo;avons pas de probl\u00e8me avec\u00a0la personne de\u00a0<a href=\"http:\/\/kapitalis.com\/tunisie\/2018\/05\/07\/souad-abderrahim-la-nouvelle-maire-islamiste-de-tunis\/\">Souad Abderrahim<\/a>. Nous nous opposons seulement aux choix du mouvement Ennahdha et \u00e0 ses tentatives pour mettre la main sur la mairie de Tunis<\/em>\u00bb, a-t-il expliqu\u00e9.<\/p>\n<p>Rappelons que Zied Lakhdar avait indiqu\u00e9, il y a 3 jours, que,\u00a0pour former les prochains conseils municipaux,\u00a0 le FP ne compte pas s&rsquo;allier avec les partis ayant d\u00e9tourn\u00e9 le processus de la r\u00e9volution tunisienne et enfonc\u00e9 le pays dans une crise \u00e9conomique et sociale.<\/p>\n<p>Le dirigeant de la gauche fait ici allusion au parti islamiste Ennahdha et \u00e0 celui de Nidaa Tounes qui conduisent, aujourd&rsquo;hui, la coalition gouvernementale.<\/p>\n<p style=\"text-align: right;\"><strong>E. B. A.<\/strong><\/p>\n<blockquote class=\"wp-embedded-content\" data-secret=\"NDEwC8oMZR\"><p><a href=\"https:\/\/kapitalis.com\/tunisie\/2018\/05\/10\/raja-farhat-abderrahim-nest-pas-tunisoise-pour-etre-maire-de-tunis\/\">Raja Farhat : \u00abAbderrahim n\u2019est pas Tunisoise pour \u00eatre maire de Tunis\u00bb<\/a><\/p><\/blockquote>\n<p><iframe loading=\"lazy\" class=\"wp-embedded-content\" sandbox=\"allow-scripts\" security=\"restricted\" style=\"position: absolute; clip: rect(1px, 1px, 1px, 1px);\" title=\"\u00ab\u00a0Raja Farhat : \u00abAbderrahim n\u2019est pas Tunisoise pour \u00eatre maire de Tunis\u00bb\u00a0\u00bb &#8212; Kapitalis\" src=\"https:\/\/kapitalis.com\/tunisie\/2018\/05\/10\/raja-farhat-abderrahim-nest-pas-tunisoise-pour-etre-maire-de-tunis\/embed\/#?secret=7IL9iIlxVg#?secret=NDEwC8oMZR\" data-secret=\"NDEwC8oMZR\" width=\"600\" height=\"338\" frameborder=\"0\" marginwidth=\"0\" marginheight=\"0\" scrolling=\"no\"><\/iframe><\/p>\n<blockquote class=\"wp-embedded-content\" data-secret=\"kaJNj1Lq9l\"><p><a href=\"https:\/\/kapitalis.com\/tunisie\/2018\/05\/08\/zied-lakhdhar-le-front-populaire-ne-salliera-pas-avec-nidaa-tounes\/\">Zied Lakhdhar : Le Front populaire ne s&rsquo;alliera pas avec Nidaa Tounes<\/a><\/p><\/blockquote>\n<p><iframe loading=\"lazy\" class=\"wp-embedded-content\" sandbox=\"allow-scripts\" security=\"restricted\" style=\"position: absolute; clip: rect(1px, 1px, 1px, 1px);\" title=\"\u00ab\u00a0Zied Lakhdhar : Le Front populaire ne s&rsquo;alliera pas avec Nidaa Tounes\u00a0\u00bb &#8212; Kapitalis\" src=\"https:\/\/kapitalis.com\/tunisie\/2018\/05\/08\/zied-lakhdhar-le-front-populaire-ne-salliera-pas-avec-nidaa-tounes\/embed\/#?secret=txRgc7I2AL#?secret=kaJNj1Lq9l\" data-secret=\"kaJNj1Lq9l\" width=\"600\" height=\"338\" frameborder=\"0\" marginwidth=\"0\" marginheight=\"0\" scrolling=\"no\"><\/iframe><\/p>\n","protected":false},"excerpt":{"rendered":"<p>Zied Lakhdar a indiqu\u00e9 que le Front populaire (FP), une alliance de la gauche radicale, n&rsquo;est pas contre la candidature de Souad Abderrahim, \u00e9lue du parti islamiste Ennahdha aux municipales de dimanche dernier, pour le poste de maire de Tunis.<\/p>\n","protected":false},"author":16,"featured_media":153675,"comment_status":"open","ping_status":"open","sticky":false,"template":"","format":"standard","meta":{"footnotes":""},"categories":[997,2433],"tags":[16590,965,42407],"class_list":["post-153672","post","type-post","status-publish","format-standard","has-post-thumbnail","hentry","category-politique","category-tunisie","tag-souad-abderrahim","tag-watad","tag-zied-lakhdhar"],"yoast_head":"<!-- This site is optimized with the Yoast SEO plugin v26.6 - https:\/\/yoast.com\/wordpress\/plugins\/seo\/ -->\n<title>Lakhdar : Le Front n&#039;est pas contre Abderrahim \u00e0 la mairie de Tunis - Kapitalis<\/title>\n<meta name=\"robots\" content=\"index, follow, max-snippet:-1, max-image-preview:large, max-video-preview:-1\" \/>\n<link rel=\"canonical\" href=\"https:\/\/kapitalis.com\/tunisie\/2018\/05\/11\/lakhdar-le-front-nest-pas-contre-abderrahim-a-la-mairie-de-tunis\/\" \/>\n<meta property=\"og:locale\" content=\"fr_FR\" \/>\n<meta property=\"og:type\" content=\"article\" \/>\n<meta property=\"og:title\" content=\"Lakhdar : Le Front n&#039;est pas contre Abderrahim \u00e0 la mairie de Tunis - Kapitalis\" \/>\n<meta property=\"og:description\" content=\"Zied Lakhdar a indiqu\u00e9 que le Front populaire (FP), une alliance de la gauche radicale, n&rsquo;est pas contre la candidature de Souad Abderrahim, \u00e9lue du parti islamiste Ennahdha aux municipales de dimanche dernier, pour le poste de maire de Tunis.\" \/>\n<meta property=\"og:url\" content=\"https:\/\/kapitalis.com\/tunisie\/2018\/05\/11\/lakhdar-le-front-nest-pas-contre-abderrahim-a-la-mairie-de-tunis\/\" \/>\n<meta property=\"og:site_name\" content=\"Kapitalis\" \/>\n<meta property=\"article:publisher\" content=\"https:\/\/www.facebook.com\/KapitalisInfo\/\" \/>\n<meta property=\"article:published_time\" content=\"2018-05-11T15:34:43+00:00\" \/>\n<meta property=\"article:modified_time\" content=\"2018-05-11T15:56:41+00:00\" \/>\n<meta property=\"og:image\" content=\"https:\/\/kapitalis.com\/tunisie\/wp-content\/uploads\/2022\/05\/kapitalis-logo-fb.png\" \/>\n\t<meta property=\"og:image:width\" content=\"1200\" \/>\n\t<meta property=\"og:image:height\" content=\"630\" \/>\n\t<meta property=\"og:image:type\" content=\"image\/png\" \/>\n<meta name=\"author\" content=\"emna benabdallah\" \/>\n<meta name=\"twitter:card\" content=\"summary_large_image\" \/>\n<meta name=\"twitter:creator\" content=\"@KapitalisInfo\" \/>\n<meta name=\"twitter:site\" content=\"@KapitalisInfo\" \/>\n<meta name=\"twitter:label1\" content=\"\u00c9crit par\" \/>\n\t<meta name=\"twitter:data1\" content=\"emna benabdallah\" \/>\n\t<meta name=\"twitter:label2\" content=\"Dur\u00e9e de lecture estim\u00e9e\" \/>\n\t<meta name=\"twitter:data2\" content=\"1 minute\" \/>\n<script type=\"application\/ld+json\" class=\"yoast-schema-graph\">{\"@context\":\"https:\/\/schema.org\",\"@graph\":[{\"@type\":\"Article\",\"@id\":\"https:\/\/kapitalis.com\/tunisie\/2018\/05\/11\/lakhdar-le-front-nest-pas-contre-abderrahim-a-la-mairie-de-tunis\/#article\",\"isPartOf\":{\"@id\":\"https:\/\/kapitalis.com\/tunisie\/2018\/05\/11\/lakhdar-le-front-nest-pas-contre-abderrahim-a-la-mairie-de-tunis\/\"},\"author\":{\"name\":\"emna benabdallah\",\"@id\":\"https:\/\/kapitalis.com\/tunisie\/#\/schema\/person\/2c6e134b2f3369dffcd1daf5f087d28b\"},\"headline\":\"Lakhdar : Le Front n&rsquo;est pas contre Abderrahim \u00e0 la mairie de Tunis\",\"datePublished\":\"2018-05-11T15:34:43+00:00\",\"dateModified\":\"2018-05-11T15:56:41+00:00\",\"mainEntityOfPage\":{\"@id\":\"https:\/\/kapitalis.com\/tunisie\/2018\/05\/11\/lakhdar-le-front-nest-pas-contre-abderrahim-a-la-mairie-de-tunis\/\"},\"wordCount\":238,\"commentCount\":1,\"publisher\":{\"@id\":\"https:\/\/kapitalis.com\/tunisie\/#organization\"},\"image\":{\"@id\":\"https:\/\/kapitalis.com\/tunisie\/2018\/05\/11\/lakhdar-le-front-nest-pas-contre-abderrahim-a-la-mairie-de-tunis\/#primaryimage\"},\"thumbnailUrl\":\"\",\"keywords\":[\"Souad Abderrahim\",\"Watad\",\"Zied Lakhdhar\"],\"articleSection\":[\"POLITIQUE\",\"Tunisie\"],\"inLanguage\":\"fr-FR\",\"potentialAction\":[{\"@type\":\"CommentAction\",\"name\":\"Comment\",\"target\":[\"https:\/\/kapitalis.com\/tunisie\/2018\/05\/11\/lakhdar-le-front-nest-pas-contre-abderrahim-a-la-mairie-de-tunis\/#respond\"]}]},{\"@type\":\"WebPage\",\"@id\":\"https:\/\/kapitalis.com\/tunisie\/2018\/05\/11\/lakhdar-le-front-nest-pas-contre-abderrahim-a-la-mairie-de-tunis\/\",\"url\":\"https:\/\/kapitalis.com\/tunisie\/2018\/05\/11\/lakhdar-le-front-nest-pas-contre-abderrahim-a-la-mairie-de-tunis\/\",\"name\":\"Lakhdar : Le Front n'est pas contre Abderrahim \u00e0 la mairie de Tunis - Kapitalis\",\"isPartOf\":{\"@id\":\"https:\/\/kapitalis.com\/tunisie\/#website\"},\"primaryImageOfPage\":{\"@id\":\"https:\/\/kapitalis.com\/tunisie\/2018\/05\/11\/lakhdar-le-front-nest-pas-contre-abderrahim-a-la-mairie-de-tunis\/#primaryimage\"},\"image\":{\"@id\":\"https:\/\/kapitalis.com\/tunisie\/2018\/05\/11\/lakhdar-le-front-nest-pas-contre-abderrahim-a-la-mairie-de-tunis\/#primaryimage\"},\"thumbnailUrl\":\"\",\"datePublished\":\"2018-05-11T15:34:43+00:00\",\"dateModified\":\"2018-05-11T15:56:41+00:00\",\"breadcrumb\":{\"@id\":\"https:\/\/kapitalis.com\/tunisie\/2018\/05\/11\/lakhdar-le-front-nest-pas-contre-abderrahim-a-la-mairie-de-tunis\/#breadcrumb\"},\"inLanguage\":\"fr-FR\",\"potentialAction\":[{\"@type\":\"ReadAction\",\"target\":[\"https:\/\/kapitalis.com\/tunisie\/2018\/05\/11\/lakhdar-le-front-nest-pas-contre-abderrahim-a-la-mairie-de-tunis\/\"]}]},{\"@type\":\"ImageObject\",\"inLanguage\":\"fr-FR\",\"@id\":\"https:\/\/kapitalis.com\/tunisie\/2018\/05\/11\/lakhdar-le-front-nest-pas-contre-abderrahim-a-la-mairie-de-tunis\/#primaryimage\",\"url\":\"\",\"contentUrl\":\"\"},{\"@type\":\"BreadcrumbList\",\"@id\":\"https:\/\/kapitalis.com\/tunisie\/2018\/05\/11\/lakhdar-le-front-nest-pas-contre-abderrahim-a-la-mairie-de-tunis\/#breadcrumb\",\"itemListElement\":[{\"@type\":\"ListItem\",\"position\":1,\"name\":\"Accueil\",\"item\":\"https:\/\/kapitalis.com\/tunisie\/\"},{\"@type\":\"ListItem\",\"position\":2,\"name\":\"Lakhdar : Le Front n&rsquo;est pas contre Abderrahim \u00e0 la mairie de Tunis\"}]},{\"@type\":\"WebSite\",\"@id\":\"https:\/\/kapitalis.com\/tunisie\/#website\",\"url\":\"https:\/\/kapitalis.com\/tunisie\/\",\"name\":\"Kapitalis\",\"description\":\"L&#039;actualit\u00e9 en Tunisie et dans le monde\",\"publisher\":{\"@id\":\"https:\/\/kapitalis.com\/tunisie\/#organization\"},\"potentialAction\":[{\"@type\":\"SearchAction\",\"target\":{\"@type\":\"EntryPoint\",\"urlTemplate\":\"https:\/\/kapitalis.com\/tunisie\/?s={search_term_string}\"},\"query-input\":{\"@type\":\"PropertyValueSpecification\",\"valueRequired\":true,\"valueName\":\"search_term_string\"}}],\"inLanguage\":\"fr-FR\"},{\"@type\":\"Organization\",\"@id\":\"https:\/\/kapitalis.com\/tunisie\/#organization\",\"name\":\"Kapitalis\",\"url\":\"https:\/\/kapitalis.com\/tunisie\/\",\"logo\":{\"@type\":\"ImageObject\",\"inLanguage\":\"fr-FR\",\"@id\":\"https:\/\/kapitalis.com\/tunisie\/#\/schema\/logo\/image\/\",\"url\":\"https:\/\/kapitalis.com\/tunisie\/wp-content\/uploads\/2022\/05\/Kapitalis-big-size.png\",\"contentUrl\":\"https:\/\/kapitalis.com\/tunisie\/wp-content\/uploads\/2022\/05\/Kapitalis-big-size.png\",\"width\":5000,\"height\":1500,\"caption\":\"Kapitalis\"},\"image\":{\"@id\":\"https:\/\/kapitalis.com\/tunisie\/#\/schema\/logo\/image\/\"},\"sameAs\":[\"https:\/\/www.facebook.com\/KapitalisInfo\/\",\"https:\/\/x.com\/KapitalisInfo\",\"https:\/\/www.youtube.com\/channel\/UC-yDYrHyfFBWWZaOw3FPg9Q\"]},{\"@type\":\"Person\",\"@id\":\"https:\/\/kapitalis.com\/tunisie\/#\/schema\/person\/2c6e134b2f3369dffcd1daf5f087d28b\",\"name\":\"emna benabdallah\",\"url\":\"https:\/\/kapitalis.com\/tunisie\/author\/emna\/\"}]}<\/script>\n<!-- \/ Yoast SEO plugin. -->","yoast_head_json":{"title":"Lakhdar : Le Front n'est pas contre Abderrahim \u00e0 la mairie de Tunis - Kapitalis","robots":{"index":"index","follow":"follow","max-snippet":"max-snippet:-1","max-image-preview":"max-image-preview:large","max-video-preview":"max-video-preview:-1"},"canonical":"https:\/\/kapitalis.com\/tunisie\/2018\/05\/11\/lakhdar-le-front-nest-pas-contre-abderrahim-a-la-mairie-de-tunis\/","og_locale":"fr_FR","og_type":"article","og_title":"Lakhdar : Le Front n'est pas contre Abderrahim \u00e0 la mairie de Tunis - Kapitalis","og_description":"Zied Lakhdar a indiqu\u00e9 que le Front populaire (FP), une alliance de la gauche radicale, n&rsquo;est pas contre la candidature de Souad Abderrahim, \u00e9lue du parti islamiste Ennahdha aux municipales de dimanche dernier, pour le poste de maire de Tunis.","og_url":"https:\/\/kapitalis.com\/tunisie\/2018\/05\/11\/lakhdar-le-front-nest-pas-contre-abderrahim-a-la-mairie-de-tunis\/","og_site_name":"Kapitalis","article_publisher":"https:\/\/www.facebook.com\/KapitalisInfo\/","article_published_time":"2018-05-11T15:34:43+00:00","article_modified_time":"2018-05-11T15:56:41+00:00","og_image":[{"width":1200,"height":630,"url":"https:\/\/kapitalis.com\/tunisie\/wp-content\/uploads\/2022\/05\/kapitalis-logo-fb.png","type":"image\/png"}],"author":"emna benabdallah","twitter_card":"summary_large_image","twitter_creator":"@KapitalisInfo","twitter_site":"@KapitalisInfo","twitter_misc":{"\u00c9crit par":"emna benabdallah","Dur\u00e9e de lecture estim\u00e9e":"1 minute"},"schema":{"@context":"https:\/\/schema.org","@graph":[{"@type":"Article","@id":"https:\/\/kapitalis.com\/tunisie\/2018\/05\/11\/lakhdar-le-front-nest-pas-contre-abderrahim-a-la-mairie-de-tunis\/#article","isPartOf":{"@id":"https:\/\/kapitalis.com\/tunisie\/2018\/05\/11\/lakhdar-le-front-nest-pas-contre-abderrahim-a-la-mairie-de-tunis\/"},"author":{"name":"emna benabdallah","@id":"https:\/\/kapitalis.com\/tunisie\/#\/schema\/person\/2c6e134b2f3369dffcd1daf5f087d28b"},"headline":"Lakhdar : Le Front n&rsquo;est pas contre Abderrahim \u00e0 la mairie de Tunis","datePublished":"2018-05-11T15:34:43+00:00","dateModified":"2018-05-11T15:56:41+00:00","mainEntityOfPage":{"@id":"https:\/\/kapitalis.com\/tunisie\/2018\/05\/11\/lakhdar-le-front-nest-pas-contre-abderrahim-a-la-mairie-de-tunis\/"},"wordCount":238,"commentCount":1,"publisher":{"@id":"https:\/\/kapitalis.com\/tunisie\/#organization"},"image":{"@id":"https:\/\/kapitalis.com\/tunisie\/2018\/05\/11\/lakhdar-le-front-nest-pas-contre-abderrahim-a-la-mairie-de-tunis\/#primaryimage"},"thumbnailUrl":"","keywords":["Souad Abderrahim","Watad","Zied Lakhdhar"],"articleSection":["POLITIQUE","Tunisie"],"inLanguage":"fr-FR","potentialAction":[{"@type":"CommentAction","name":"Comment","target":["https:\/\/kapitalis.com\/tunisie\/2018\/05\/11\/lakhdar-le-front-nest-pas-contre-abderrahim-a-la-mairie-de-tunis\/#respond"]}]},{"@type":"WebPage","@id":"https:\/\/kapitalis.com\/tunisie\/2018\/05\/11\/lakhdar-le-front-nest-pas-contre-abderrahim-a-la-mairie-de-tunis\/","url":"https:\/\/kapitalis.com\/tunisie\/2018\/05\/11\/lakhdar-le-front-nest-pas-contre-abderrahim-a-la-mairie-de-tunis\/","name":"Lakhdar : Le Front n'est pas contre Abderrahim \u00e0 la mairie de Tunis - Kapitalis","isPartOf":{"@id":"https:\/\/kapitalis.com\/tunisie\/#website"},"primaryImageOfPage":{"@id":"https:\/\/kapitalis.com\/tunisie\/2018\/05\/11\/lakhdar-le-front-nest-pas-contre-abderrahim-a-la-mairie-de-tunis\/#primaryimage"},"image":{"@id":"https:\/\/kapitalis.com\/tunisie\/2018\/05\/11\/lakhdar-le-front-nest-pas-contre-abderrahim-a-la-mairie-de-tunis\/#primaryimage"},"thumbnailUrl":"","datePublished":"2018-05-11T15:34:43+00:00","dateModified":"2018-05-11T15:56:41+00:00","breadcrumb":{"@id":"https:\/\/kapitalis.com\/tunisie\/2018\/05\/11\/lakhdar-le-front-nest-pas-contre-abderrahim-a-la-mairie-de-tunis\/#breadcrumb"},"inLanguage":"fr-FR","potentialAction":[{"@type":"ReadAction","target":["https:\/\/kapitalis.com\/tunisie\/2018\/05\/11\/lakhdar-le-front-nest-pas-contre-abderrahim-a-la-mairie-de-tunis\/"]}]},{"@type":"ImageObject","inLanguage":"fr-FR","@id":"https:\/\/kapitalis.com\/tunisie\/2018\/05\/11\/lakhdar-le-front-nest-pas-contre-abderrahim-a-la-mairie-de-tunis\/#primaryimage","url":"","contentUrl":""},{"@type":"BreadcrumbList","@id":"https:\/\/kapitalis.com\/tunisie\/2018\/05\/11\/lakhdar-le-front-nest-pas-contre-abderrahim-a-la-mairie-de-tunis\/#breadcrumb","itemListElement":[{"@type":"ListItem","position":1,"name":"Accueil","item":"https:\/\/kapitalis.com\/tunisie\/"},{"@type":"ListItem","position":2,"name":"Lakhdar : Le Front n&rsquo;est pas contre Abderrahim \u00e0 la mairie de Tunis"}]},{"@type":"WebSite","@id":"https:\/\/kapitalis.com\/tunisie\/#website","url":"https:\/\/kapitalis.com\/tunisie\/","name":"Kapitalis","description":"L&#039;actualit\u00e9 en Tunisie et dans le monde","publisher":{"@id":"https:\/\/kapitalis.com\/tunisie\/#organization"},"potentialAction":[{"@type":"SearchAction","target":{"@type":"EntryPoint","urlTemplate":"https:\/\/kapitalis.com\/tunisie\/?s={search_term_string}"},"query-input":{"@type":"PropertyValueSpecification","valueRequired":true,"valueName":"search_term_string"}}],"inLanguage":"fr-FR"},{"@type":"Organization","@id":"https:\/\/kapitalis.com\/tunisie\/#organization","name":"Kapitalis","url":"https:\/\/kapitalis.com\/tunisie\/","logo":{"@type":"ImageObject","inLanguage":"fr-FR","@id":"https:\/\/kapitalis.com\/tunisie\/#\/schema\/logo\/image\/","url":"https:\/\/kapitalis.com\/tunisie\/wp-content\/uploads\/2022\/05\/Kapitalis-big-size.png","contentUrl":"https:\/\/kapitalis.com\/tunisie\/wp-content\/uploads\/2022\/05\/Kapitalis-big-size.png","width":5000,"height":1500,"caption":"Kapitalis"},"image":{"@id":"https:\/\/kapitalis.com\/tunisie\/#\/schema\/logo\/image\/"},"sameAs":["https:\/\/www.facebook.com\/KapitalisInfo\/","https:\/\/x.com\/KapitalisInfo","https:\/\/www.youtube.com\/channel\/UC-yDYrHyfFBWWZaOw3FPg9Q"]},{"@type":"Person","@id":"https:\/\/kapitalis.com\/tunisie\/#\/schema\/person\/2c6e134b2f3369dffcd1daf5f087d28b","name":"emna benabdallah","url":"https:\/\/kapitalis.com\/tunisie\/author\/emna\/"}]}},"_links":{"self":[{"href":"https:\/\/kapitalis.com\/tunisie\/wp-json\/wp\/v2\/posts\/153672","targetHints":{"allow":["GET"]}}],"collection":[{"href":"https:\/\/kapitalis.com\/tunisie\/wp-json\/wp\/v2\/posts"}],"about":[{"href":"https:\/\/kapitalis.com\/tunisie\/wp-json\/wp\/v2\/types\/post"}],"author":[{"embeddable":true,"href":"https:\/\/kapitalis.com\/tunisie\/wp-json\/wp\/v2\/users\/16"}],"replies":[{"embeddable":true,"href":"https:\/\/kapitalis.com\/tunisie\/wp-json\/wp\/v2\/comments?post=153672"}],"version-history":[{"count":0,"href":"https:\/\/kapitalis.com\/tunisie\/wp-json\/wp\/v2\/posts\/153672\/revisions"}],"wp:featuredmedia":[{"embeddable":true,"href":"https:\/\/kapitalis.com\/tunisie\/wp-json\/wp\/v2\/media\/153675"}],"wp:attachment":[{"href":"https:\/\/kapitalis.com\/tunisie\/wp-json\/wp\/v2\/media?parent=153672"}],"wp:term":[{"taxonomy":"category","embeddable":true,"href":"https:\/\/kapitalis.com\/tunisie\/wp-json\/wp\/v2\/categories?post=153672"},{"taxonomy":"post_tag","embeddable":true,"href":"https:\/\/kapitalis.com\/tunisie\/wp-json\/wp\/v2\/tags?post=153672"}],"curies":[{"name":"wp","href":"https:\/\/api.w.org\/{rel}","templated":true}]}}