{"id":15375467,"date":"2025-02-01T23:01:55","date_gmt":"2025-02-01T22:01:55","guid":{"rendered":"https:\/\/kapitalis.com\/tunisie\/?p=15375467"},"modified":"2025-02-01T23:03:56","modified_gmt":"2025-02-01T22:03:56","slug":"tunisie-appel-a-projets-ghodwa-fann-2025-ift","status":"publish","type":"post","link":"https:\/\/kapitalis.com\/tunisie\/2025\/02\/01\/tunisie-appel-a-projets-ghodwa-fann-2025-ift\/","title":{"rendered":"Tunisie-Appel \u00e0 projets : Ghodwa Fann 2025 ! (IFT)"},"content":{"rendered":"\n<p><strong><em>L&rsquo;Institut fran\u00e7ais de Tunisie (IFT) lance un appel \u00e0 projets \u00ab\u00a0Ghodwa Fann 2025\u00a0\u00bb \u00e0 destination de la soci\u00e9t\u00e9 civile d\u00e9di\u00e9 aux initiatives culturelles et artistiques.<\/em><\/strong><\/p>\n\n\n\n<!--more-->\n\n\n\n<p>Les activit\u00e9s culturelles et artistiques sont un outil important d\u2019insertion sociale et de d\u00e9veloppement pour les territoires, en zone urbaine comme rurale.<\/p>\n\n\n\n<p>Pour les jeunes en particulier, l\u2019acc\u00e8s \u00e0 la culture repose sur un principe d\u2019\u00e9galit\u00e9, pour donner \u00e0 chacune et chacun l\u2019opportunit\u00e9 de d\u00e9couvrir et appr\u00e9cier des \u0153uvres artistiques, d\u2019apprendre, former son esprit critique, et peut-\u00eatre de d\u00e9velopper un parcours artistique amateur ou professionnel.<\/p>\n\n\n\n<p>L\u2019art est aussi un puissant vecteur pour porter des causes essentielles, susciter des prises de conscience et inciter \u00e0 l\u2019engagement citoyen, par exemple sur les enjeux environnementaux, les libert\u00e9s individuelles, la lutte contre les in\u00e9galit\u00e9s et les discriminations, la d\u00e9fense d\u2019un patrimoine ou de communaut\u00e9s.<\/p>\n\n\n\n<p>Parmi les acteurs culturels, les associations jouent un r\u00f4le important pour promouvoir la cr\u00e9ation artistique (arts de la sc\u00e8ne, art visuels, musique, litt\u00e9rature\u2026), aller \u00e0 la rencontre du public, et faire se rencontrer l\u2019approche esth\u00e9tique et l\u2019expression de questions sociales, environnementales ou politiques.<\/p>\n\n\n\n<p>\u00c0 travers l\u2019appel \u00e0 projets \u00ab\u00a0Ghodwa Fann &#8211; \u063a\u062f\u0648\u0629 \u0641\u0646\u00a0\u00bb, l\u2019Institut fran\u00e7ais de Tunisie souhaite soutenir ces organisations dans leur action de proximit\u00e9, notamment dans les territoires o\u00f9 l\u2019offre d\u2019activit\u00e9s et d\u2019\u00e9v\u00e9nements culturels est peu importante, et o\u00f9 l\u2019art peut contribuer \u00e0 des dynamiques cr\u00e9atives, sociales et citoyennes positives.<\/p>\n\n\n\n<p>Vous avez un projet<br>\ud83d\udd39 Qui am\u00e9liore l\u2019acc\u00e8s \u00e0 la culture et aux productions artistiques ?<br>\ud83d\udd39 Qui utilise l\u2019art pour promouvoir des valeurs et renforcer la coh\u00e9sion sociale ?<br>\ud83d\uddd3\ufe0f <a href=\"https:\/\/www.institutfrancais-tunisie.com\/ghodwa-fann-%D8%BA%D8%AF%D9%88%D8%A9-%D9%81%D9%86#\/\">Candidatez<\/a> avant le 7 f\u00e9vrier 2025 et Ghodwa sera plus cr\u00e9atif et inclusif ! (S\u00e9lection des projets : fin f\u00e9vrier)<br>\u26a0\ufe0f Une priorit\u00e9 sera donn\u00e9e aux territoires o\u00f9 l\u2019offre culturelle est limit\u00e9e.<\/p>\n\n\n\n<p class=\"has-text-align-right\"><strong>Communiqu\u00e9<\/strong><\/p>\n","protected":false},"excerpt":{"rendered":"<p>L&rsquo;Institut fran\u00e7ais de Tunisie (IFT) lance un appel \u00e0 projets \u00ab\u00a0Ghodwa Fann 2025\u00a0\u00bb \u00e0 destination de la soci\u00e9t\u00e9 civile d\u00e9di\u00e9 aux initiatives culturelles et artistiques.<\/p>\n","protected":false},"author":6,"featured_media":15375530,"comment_status":"open","ping_status":"open","sticky":false,"template":"","format":"standard","meta":{"footnotes":""},"categories":[994,998,2433],"tags":[120524,255,120522,462,120523,62643],"class_list":["post-15375467","post","type-post","status-publish","format-standard","has-post-thumbnail","hentry","category-culture","category-societe","category-tunisie","tag-artistique","tag-culture","tag-ghodwa-fann-2025","tag-ift","tag-iinstitut-francais","tag-tunisie"],"yoast_head":"<!-- This site is optimized with the Yoast SEO plugin v26.6 - https:\/\/yoast.com\/wordpress\/plugins\/seo\/ -->\n<title>Tunisie-Appel \u00e0 projets : Ghodwa Fann 2025 ! (IFT) - Kapitalis<\/title>\n<meta name=\"robots\" content=\"index, follow, max-snippet:-1, max-image-preview:large, max-video-preview:-1\" \/>\n<link rel=\"canonical\" href=\"https:\/\/kapitalis.com\/tunisie\/2025\/02\/01\/tunisie-appel-a-projets-ghodwa-fann-2025-ift\/\" \/>\n<meta property=\"og:locale\" content=\"fr_FR\" \/>\n<meta property=\"og:type\" content=\"article\" \/>\n<meta property=\"og:title\" content=\"Tunisie-Appel \u00e0 projets : Ghodwa Fann 2025 ! (IFT) - Kapitalis\" \/>\n<meta property=\"og:description\" content=\"L&rsquo;Institut fran\u00e7ais de Tunisie (IFT) lance un appel \u00e0 projets \u00ab\u00a0Ghodwa Fann 2025\u00a0\u00bb \u00e0 destination de la soci\u00e9t\u00e9 civile d\u00e9di\u00e9 aux initiatives culturelles et artistiques.\" \/>\n<meta property=\"og:url\" content=\"https:\/\/kapitalis.com\/tunisie\/2025\/02\/01\/tunisie-appel-a-projets-ghodwa-fann-2025-ift\/\" \/>\n<meta property=\"og:site_name\" content=\"Kapitalis\" \/>\n<meta property=\"article:publisher\" content=\"https:\/\/www.facebook.com\/KapitalisInfo\/\" \/>\n<meta property=\"article:published_time\" content=\"2025-02-01T22:01:55+00:00\" \/>\n<meta property=\"article:modified_time\" content=\"2025-02-01T22:03:56+00:00\" \/>\n<meta property=\"og:image\" content=\"https:\/\/kapitalis.com\/tunisie\/wp-content\/uploads\/2025\/02\/Ghodwa-Fann.jpg\" \/>\n\t<meta property=\"og:image:width\" content=\"1200\" \/>\n\t<meta property=\"og:image:height\" content=\"630\" \/>\n\t<meta property=\"og:image:type\" content=\"image\/jpeg\" \/>\n<meta name=\"author\" content=\"Yusra NY\" \/>\n<meta name=\"twitter:card\" content=\"summary_large_image\" \/>\n<meta name=\"twitter:creator\" content=\"@KapitalisInfo\" \/>\n<meta name=\"twitter:site\" content=\"@KapitalisInfo\" \/>\n<meta name=\"twitter:label1\" content=\"\u00c9crit par\" \/>\n\t<meta name=\"twitter:data1\" content=\"Yusra NY\" \/>\n\t<meta name=\"twitter:label2\" content=\"Dur\u00e9e de lecture estim\u00e9e\" \/>\n\t<meta name=\"twitter:data2\" content=\"2 minutes\" \/>\n<script type=\"application\/ld+json\" class=\"yoast-schema-graph\">{\"@context\":\"https:\/\/schema.org\",\"@graph\":[{\"@type\":\"Article\",\"@id\":\"https:\/\/kapitalis.com\/tunisie\/2025\/02\/01\/tunisie-appel-a-projets-ghodwa-fann-2025-ift\/#article\",\"isPartOf\":{\"@id\":\"https:\/\/kapitalis.com\/tunisie\/2025\/02\/01\/tunisie-appel-a-projets-ghodwa-fann-2025-ift\/\"},\"author\":{\"name\":\"Yusra NY\",\"@id\":\"https:\/\/kapitalis.com\/tunisie\/#\/schema\/person\/74bbde0154d49d790a92aaeac5bc01d5\"},\"headline\":\"Tunisie-Appel \u00e0 projets : Ghodwa Fann 2025 ! (IFT)\",\"datePublished\":\"2025-02-01T22:01:55+00:00\",\"dateModified\":\"2025-02-01T22:03:56+00:00\",\"mainEntityOfPage\":{\"@id\":\"https:\/\/kapitalis.com\/tunisie\/2025\/02\/01\/tunisie-appel-a-projets-ghodwa-fann-2025-ift\/\"},\"wordCount\":325,\"commentCount\":0,\"publisher\":{\"@id\":\"https:\/\/kapitalis.com\/tunisie\/#organization\"},\"image\":{\"@id\":\"https:\/\/kapitalis.com\/tunisie\/2025\/02\/01\/tunisie-appel-a-projets-ghodwa-fann-2025-ift\/#primaryimage\"},\"thumbnailUrl\":\"https:\/\/kapitalis.com\/tunisie\/wp-content\/uploads\/2025\/02\/Ghodwa-Fann.jpg\",\"keywords\":[\"artistique\",\"culture\",\"Ghodwa Fann 2025\",\"IFT\",\"IInstitut fran\u00e7ais\",\"Tunisie\"],\"articleSection\":[\"CULTURE\",\"SOCIETE\",\"Tunisie\"],\"inLanguage\":\"fr-FR\",\"potentialAction\":[{\"@type\":\"CommentAction\",\"name\":\"Comment\",\"target\":[\"https:\/\/kapitalis.com\/tunisie\/2025\/02\/01\/tunisie-appel-a-projets-ghodwa-fann-2025-ift\/#respond\"]}]},{\"@type\":\"WebPage\",\"@id\":\"https:\/\/kapitalis.com\/tunisie\/2025\/02\/01\/tunisie-appel-a-projets-ghodwa-fann-2025-ift\/\",\"url\":\"https:\/\/kapitalis.com\/tunisie\/2025\/02\/01\/tunisie-appel-a-projets-ghodwa-fann-2025-ift\/\",\"name\":\"Tunisie-Appel \u00e0 projets : Ghodwa Fann 2025 ! (IFT) - Kapitalis\",\"isPartOf\":{\"@id\":\"https:\/\/kapitalis.com\/tunisie\/#website\"},\"primaryImageOfPage\":{\"@id\":\"https:\/\/kapitalis.com\/tunisie\/2025\/02\/01\/tunisie-appel-a-projets-ghodwa-fann-2025-ift\/#primaryimage\"},\"image\":{\"@id\":\"https:\/\/kapitalis.com\/tunisie\/2025\/02\/01\/tunisie-appel-a-projets-ghodwa-fann-2025-ift\/#primaryimage\"},\"thumbnailUrl\":\"https:\/\/kapitalis.com\/tunisie\/wp-content\/uploads\/2025\/02\/Ghodwa-Fann.jpg\",\"datePublished\":\"2025-02-01T22:01:55+00:00\",\"dateModified\":\"2025-02-01T22:03:56+00:00\",\"breadcrumb\":{\"@id\":\"https:\/\/kapitalis.com\/tunisie\/2025\/02\/01\/tunisie-appel-a-projets-ghodwa-fann-2025-ift\/#breadcrumb\"},\"inLanguage\":\"fr-FR\",\"potentialAction\":[{\"@type\":\"ReadAction\",\"target\":[\"https:\/\/kapitalis.com\/tunisie\/2025\/02\/01\/tunisie-appel-a-projets-ghodwa-fann-2025-ift\/\"]}]},{\"@type\":\"ImageObject\",\"inLanguage\":\"fr-FR\",\"@id\":\"https:\/\/kapitalis.com\/tunisie\/2025\/02\/01\/tunisie-appel-a-projets-ghodwa-fann-2025-ift\/#primaryimage\",\"url\":\"https:\/\/kapitalis.com\/tunisie\/wp-content\/uploads\/2025\/02\/Ghodwa-Fann.jpg\",\"contentUrl\":\"https:\/\/kapitalis.com\/tunisie\/wp-content\/uploads\/2025\/02\/Ghodwa-Fann.jpg\",\"width\":1200,\"height\":630},{\"@type\":\"BreadcrumbList\",\"@id\":\"https:\/\/kapitalis.com\/tunisie\/2025\/02\/01\/tunisie-appel-a-projets-ghodwa-fann-2025-ift\/#breadcrumb\",\"itemListElement\":[{\"@type\":\"ListItem\",\"position\":1,\"name\":\"Accueil\",\"item\":\"https:\/\/kapitalis.com\/tunisie\/\"},{\"@type\":\"ListItem\",\"position\":2,\"name\":\"Tunisie-Appel \u00e0 projets : Ghodwa Fann 2025 ! (IFT)\"}]},{\"@type\":\"WebSite\",\"@id\":\"https:\/\/kapitalis.com\/tunisie\/#website\",\"url\":\"https:\/\/kapitalis.com\/tunisie\/\",\"name\":\"Kapitalis\",\"description\":\"L&#039;actualit\u00e9 en Tunisie et dans le monde\",\"publisher\":{\"@id\":\"https:\/\/kapitalis.com\/tunisie\/#organization\"},\"potentialAction\":[{\"@type\":\"SearchAction\",\"target\":{\"@type\":\"EntryPoint\",\"urlTemplate\":\"https:\/\/kapitalis.com\/tunisie\/?s={search_term_string}\"},\"query-input\":{\"@type\":\"PropertyValueSpecification\",\"valueRequired\":true,\"valueName\":\"search_term_string\"}}],\"inLanguage\":\"fr-FR\"},{\"@type\":\"Organization\",\"@id\":\"https:\/\/kapitalis.com\/tunisie\/#organization\",\"name\":\"Kapitalis\",\"url\":\"https:\/\/kapitalis.com\/tunisie\/\",\"logo\":{\"@type\":\"ImageObject\",\"inLanguage\":\"fr-FR\",\"@id\":\"https:\/\/kapitalis.com\/tunisie\/#\/schema\/logo\/image\/\",\"url\":\"https:\/\/kapitalis.com\/tunisie\/wp-content\/uploads\/2022\/05\/Kapitalis-big-size.png\",\"contentUrl\":\"https:\/\/kapitalis.com\/tunisie\/wp-content\/uploads\/2022\/05\/Kapitalis-big-size.png\",\"width\":5000,\"height\":1500,\"caption\":\"Kapitalis\"},\"image\":{\"@id\":\"https:\/\/kapitalis.com\/tunisie\/#\/schema\/logo\/image\/\"},\"sameAs\":[\"https:\/\/www.facebook.com\/KapitalisInfo\/\",\"https:\/\/x.com\/KapitalisInfo\",\"https:\/\/www.youtube.com\/channel\/UC-yDYrHyfFBWWZaOw3FPg9Q\"]},{\"@type\":\"Person\",\"@id\":\"https:\/\/kapitalis.com\/tunisie\/#\/schema\/person\/74bbde0154d49d790a92aaeac5bc01d5\",\"name\":\"Yusra NY\",\"url\":\"https:\/\/kapitalis.com\/tunisie\/author\/yuza_adam\/\"}]}<\/script>\n<!-- \/ Yoast SEO plugin. -->","yoast_head_json":{"title":"Tunisie-Appel \u00e0 projets : Ghodwa Fann 2025 ! (IFT) - Kapitalis","robots":{"index":"index","follow":"follow","max-snippet":"max-snippet:-1","max-image-preview":"max-image-preview:large","max-video-preview":"max-video-preview:-1"},"canonical":"https:\/\/kapitalis.com\/tunisie\/2025\/02\/01\/tunisie-appel-a-projets-ghodwa-fann-2025-ift\/","og_locale":"fr_FR","og_type":"article","og_title":"Tunisie-Appel \u00e0 projets : Ghodwa Fann 2025 ! (IFT) - Kapitalis","og_description":"L&rsquo;Institut fran\u00e7ais de Tunisie (IFT) lance un appel \u00e0 projets \u00ab\u00a0Ghodwa Fann 2025\u00a0\u00bb \u00e0 destination de la soci\u00e9t\u00e9 civile d\u00e9di\u00e9 aux initiatives culturelles et artistiques.","og_url":"https:\/\/kapitalis.com\/tunisie\/2025\/02\/01\/tunisie-appel-a-projets-ghodwa-fann-2025-ift\/","og_site_name":"Kapitalis","article_publisher":"https:\/\/www.facebook.com\/KapitalisInfo\/","article_published_time":"2025-02-01T22:01:55+00:00","article_modified_time":"2025-02-01T22:03:56+00:00","og_image":[{"width":1200,"height":630,"url":"https:\/\/kapitalis.com\/tunisie\/wp-content\/uploads\/2025\/02\/Ghodwa-Fann.jpg","type":"image\/jpeg"}],"author":"Yusra NY","twitter_card":"summary_large_image","twitter_creator":"@KapitalisInfo","twitter_site":"@KapitalisInfo","twitter_misc":{"\u00c9crit par":"Yusra NY","Dur\u00e9e de lecture estim\u00e9e":"2 minutes"},"schema":{"@context":"https:\/\/schema.org","@graph":[{"@type":"Article","@id":"https:\/\/kapitalis.com\/tunisie\/2025\/02\/01\/tunisie-appel-a-projets-ghodwa-fann-2025-ift\/#article","isPartOf":{"@id":"https:\/\/kapitalis.com\/tunisie\/2025\/02\/01\/tunisie-appel-a-projets-ghodwa-fann-2025-ift\/"},"author":{"name":"Yusra NY","@id":"https:\/\/kapitalis.com\/tunisie\/#\/schema\/person\/74bbde0154d49d790a92aaeac5bc01d5"},"headline":"Tunisie-Appel \u00e0 projets : Ghodwa Fann 2025 ! (IFT)","datePublished":"2025-02-01T22:01:55+00:00","dateModified":"2025-02-01T22:03:56+00:00","mainEntityOfPage":{"@id":"https:\/\/kapitalis.com\/tunisie\/2025\/02\/01\/tunisie-appel-a-projets-ghodwa-fann-2025-ift\/"},"wordCount":325,"commentCount":0,"publisher":{"@id":"https:\/\/kapitalis.com\/tunisie\/#organization"},"image":{"@id":"https:\/\/kapitalis.com\/tunisie\/2025\/02\/01\/tunisie-appel-a-projets-ghodwa-fann-2025-ift\/#primaryimage"},"thumbnailUrl":"https:\/\/kapitalis.com\/tunisie\/wp-content\/uploads\/2025\/02\/Ghodwa-Fann.jpg","keywords":["artistique","culture","Ghodwa Fann 2025","IFT","IInstitut fran\u00e7ais","Tunisie"],"articleSection":["CULTURE","SOCIETE","Tunisie"],"inLanguage":"fr-FR","potentialAction":[{"@type":"CommentAction","name":"Comment","target":["https:\/\/kapitalis.com\/tunisie\/2025\/02\/01\/tunisie-appel-a-projets-ghodwa-fann-2025-ift\/#respond"]}]},{"@type":"WebPage","@id":"https:\/\/kapitalis.com\/tunisie\/2025\/02\/01\/tunisie-appel-a-projets-ghodwa-fann-2025-ift\/","url":"https:\/\/kapitalis.com\/tunisie\/2025\/02\/01\/tunisie-appel-a-projets-ghodwa-fann-2025-ift\/","name":"Tunisie-Appel \u00e0 projets : Ghodwa Fann 2025 ! (IFT) - Kapitalis","isPartOf":{"@id":"https:\/\/kapitalis.com\/tunisie\/#website"},"primaryImageOfPage":{"@id":"https:\/\/kapitalis.com\/tunisie\/2025\/02\/01\/tunisie-appel-a-projets-ghodwa-fann-2025-ift\/#primaryimage"},"image":{"@id":"https:\/\/kapitalis.com\/tunisie\/2025\/02\/01\/tunisie-appel-a-projets-ghodwa-fann-2025-ift\/#primaryimage"},"thumbnailUrl":"https:\/\/kapitalis.com\/tunisie\/wp-content\/uploads\/2025\/02\/Ghodwa-Fann.jpg","datePublished":"2025-02-01T22:01:55+00:00","dateModified":"2025-02-01T22:03:56+00:00","breadcrumb":{"@id":"https:\/\/kapitalis.com\/tunisie\/2025\/02\/01\/tunisie-appel-a-projets-ghodwa-fann-2025-ift\/#breadcrumb"},"inLanguage":"fr-FR","potentialAction":[{"@type":"ReadAction","target":["https:\/\/kapitalis.com\/tunisie\/2025\/02\/01\/tunisie-appel-a-projets-ghodwa-fann-2025-ift\/"]}]},{"@type":"ImageObject","inLanguage":"fr-FR","@id":"https:\/\/kapitalis.com\/tunisie\/2025\/02\/01\/tunisie-appel-a-projets-ghodwa-fann-2025-ift\/#primaryimage","url":"https:\/\/kapitalis.com\/tunisie\/wp-content\/uploads\/2025\/02\/Ghodwa-Fann.jpg","contentUrl":"https:\/\/kapitalis.com\/tunisie\/wp-content\/uploads\/2025\/02\/Ghodwa-Fann.jpg","width":1200,"height":630},{"@type":"BreadcrumbList","@id":"https:\/\/kapitalis.com\/tunisie\/2025\/02\/01\/tunisie-appel-a-projets-ghodwa-fann-2025-ift\/#breadcrumb","itemListElement":[{"@type":"ListItem","position":1,"name":"Accueil","item":"https:\/\/kapitalis.com\/tunisie\/"},{"@type":"ListItem","position":2,"name":"Tunisie-Appel \u00e0 projets : Ghodwa Fann 2025 ! (IFT)"}]},{"@type":"WebSite","@id":"https:\/\/kapitalis.com\/tunisie\/#website","url":"https:\/\/kapitalis.com\/tunisie\/","name":"Kapitalis","description":"L&#039;actualit\u00e9 en Tunisie et dans le monde","publisher":{"@id":"https:\/\/kapitalis.com\/tunisie\/#organization"},"potentialAction":[{"@type":"SearchAction","target":{"@type":"EntryPoint","urlTemplate":"https:\/\/kapitalis.com\/tunisie\/?s={search_term_string}"},"query-input":{"@type":"PropertyValueSpecification","valueRequired":true,"valueName":"search_term_string"}}],"inLanguage":"fr-FR"},{"@type":"Organization","@id":"https:\/\/kapitalis.com\/tunisie\/#organization","name":"Kapitalis","url":"https:\/\/kapitalis.com\/tunisie\/","logo":{"@type":"ImageObject","inLanguage":"fr-FR","@id":"https:\/\/kapitalis.com\/tunisie\/#\/schema\/logo\/image\/","url":"https:\/\/kapitalis.com\/tunisie\/wp-content\/uploads\/2022\/05\/Kapitalis-big-size.png","contentUrl":"https:\/\/kapitalis.com\/tunisie\/wp-content\/uploads\/2022\/05\/Kapitalis-big-size.png","width":5000,"height":1500,"caption":"Kapitalis"},"image":{"@id":"https:\/\/kapitalis.com\/tunisie\/#\/schema\/logo\/image\/"},"sameAs":["https:\/\/www.facebook.com\/KapitalisInfo\/","https:\/\/x.com\/KapitalisInfo","https:\/\/www.youtube.com\/channel\/UC-yDYrHyfFBWWZaOw3FPg9Q"]},{"@type":"Person","@id":"https:\/\/kapitalis.com\/tunisie\/#\/schema\/person\/74bbde0154d49d790a92aaeac5bc01d5","name":"Yusra NY","url":"https:\/\/kapitalis.com\/tunisie\/author\/yuza_adam\/"}]}},"_links":{"self":[{"href":"https:\/\/kapitalis.com\/tunisie\/wp-json\/wp\/v2\/posts\/15375467","targetHints":{"allow":["GET"]}}],"collection":[{"href":"https:\/\/kapitalis.com\/tunisie\/wp-json\/wp\/v2\/posts"}],"about":[{"href":"https:\/\/kapitalis.com\/tunisie\/wp-json\/wp\/v2\/types\/post"}],"author":[{"embeddable":true,"href":"https:\/\/kapitalis.com\/tunisie\/wp-json\/wp\/v2\/users\/6"}],"replies":[{"embeddable":true,"href":"https:\/\/kapitalis.com\/tunisie\/wp-json\/wp\/v2\/comments?post=15375467"}],"version-history":[{"count":2,"href":"https:\/\/kapitalis.com\/tunisie\/wp-json\/wp\/v2\/posts\/15375467\/revisions"}],"predecessor-version":[{"id":15375646,"href":"https:\/\/kapitalis.com\/tunisie\/wp-json\/wp\/v2\/posts\/15375467\/revisions\/15375646"}],"wp:featuredmedia":[{"embeddable":true,"href":"https:\/\/kapitalis.com\/tunisie\/wp-json\/wp\/v2\/media\/15375530"}],"wp:attachment":[{"href":"https:\/\/kapitalis.com\/tunisie\/wp-json\/wp\/v2\/media?parent=15375467"}],"wp:term":[{"taxonomy":"category","embeddable":true,"href":"https:\/\/kapitalis.com\/tunisie\/wp-json\/wp\/v2\/categories?post=15375467"},{"taxonomy":"post_tag","embeddable":true,"href":"https:\/\/kapitalis.com\/tunisie\/wp-json\/wp\/v2\/tags?post=15375467"}],"curies":[{"name":"wp","href":"https:\/\/api.w.org\/{rel}","templated":true}]}}