{"id":15382037,"date":"2025-02-02T10:20:13","date_gmt":"2025-02-02T09:20:13","guid":{"rendered":"https:\/\/kapitalis.com\/tunisie\/?p=15382037"},"modified":"2025-02-02T10:20:51","modified_gmt":"2025-02-02T09:20:51","slug":"tunisie-le-rallye-international-ulm-passe-par-tataouine","status":"publish","type":"post","link":"https:\/\/kapitalis.com\/tunisie\/2025\/02\/02\/tunisie-le-rallye-international-ulm-passe-par-tataouine\/","title":{"rendered":"Tunisie\u00a0: le Rallye international ULM passe par Tataouine"},"content":{"rendered":"\n<p><strong><em>Les ULM (a\u00e9ronefs ultral\u00e9gers motoris\u00e9s) participant au Rallye Ulm Tunisie ont survol\u00e9 le ciel de Tataouine en Tunisie, apr\u00e8s avoir atterri la veille dans un terrain sp\u00e9cial am\u00e9nag\u00e9 dans la r\u00e9gion d\u2019El-Farch, dans la d\u00e9l\u00e9gation de Ghomrassen.<\/em><\/strong><\/p>\n\n\n\n<!--more-->\n\n\n\n<p>Le rallye, organis\u00e9 par la F\u00e9d\u00e9ration tunisienne des sports a\u00e9riens et disciplines associ\u00e9es (FTSAAA) , a d\u00e9marr\u00e9 le 22 janvier depuis l\u2019a\u00e9roport international de Tabarka et se poursuivra jusqu\u2019au 3 f\u00e9vrier, traversant diff\u00e9rents gouvernorats du pays, avec la participation de plusieurs pilotes, chacun au volant de son avion.<\/p>\n\n\n\n<p>A chaque \u00e9tape, dans une ambiance festive, des expositions d\u2019artisanat local et de produits bio sont \u00e9galement organis\u00e9es, a indiqu\u00e9 \u00e0 l\u2019agence Tap le coordinateur r\u00e9gional du rallye et pr\u00e9sident de l\u2019Association des sports m\u00e9caniques du Sud, Aymen Khorchani, soulignant que les pilotes ont appr\u00e9ci\u00e9 l\u2019ambiance du rallye et les paysages montagneux de la r\u00e9gion, les sites arch\u00e9ologiques et touristiques, ainsi que les r\u00e9gions sahariennes et l\u2019accueil chaleureux qui leur a \u00e9t\u00e9 r\u00e9serv\u00e9.<\/p>\n","protected":false},"excerpt":{"rendered":"<p>Les avions l\u00e9gers du Rallye Ulm Tunisie ont survol\u00e9 le ciel de Tataouine en Tunisie,<\/p>\n","protected":false},"author":8,"featured_media":15382319,"comment_status":"open","ping_status":"open","sticky":false,"template":"","format":"standard","meta":{"footnotes":""},"categories":[999,2433],"tags":[120527,120529,82505,14278,120528,106492,3699,1126],"class_list":["post-15382037","post","type-post","status-publish","format-standard","has-post-thumbnail","hentry","category-sport","category-tunisie","tag-aymen-khorchani","tag-el-farch","tag-ftsaaa","tag-ghomrassen","tag-rallye-ulm","tag-sports-mecaniques","tag-tabarka","tag-tataouine"],"yoast_head":"<!-- This site is optimized with the Yoast SEO plugin v26.6 - https:\/\/yoast.com\/wordpress\/plugins\/seo\/ -->\n<title>Tunisie\u00a0: le Rallye international ULM passe par Tataouine - Kapitalis<\/title>\n<meta name=\"robots\" content=\"index, follow, max-snippet:-1, max-image-preview:large, max-video-preview:-1\" \/>\n<link rel=\"canonical\" href=\"https:\/\/kapitalis.com\/tunisie\/2025\/02\/02\/tunisie-le-rallye-international-ulm-passe-par-tataouine\/\" \/>\n<meta property=\"og:locale\" content=\"fr_FR\" \/>\n<meta property=\"og:type\" content=\"article\" \/>\n<meta property=\"og:title\" content=\"Tunisie\u00a0: le Rallye international ULM passe par Tataouine - Kapitalis\" \/>\n<meta property=\"og:description\" content=\"Les avions l\u00e9gers du Rallye Ulm Tunisie ont survol\u00e9 le ciel de Tataouine en Tunisie,\" \/>\n<meta property=\"og:url\" content=\"https:\/\/kapitalis.com\/tunisie\/2025\/02\/02\/tunisie-le-rallye-international-ulm-passe-par-tataouine\/\" \/>\n<meta property=\"og:site_name\" content=\"Kapitalis\" \/>\n<meta property=\"article:publisher\" content=\"https:\/\/www.facebook.com\/KapitalisInfo\/\" \/>\n<meta property=\"article:published_time\" content=\"2025-02-02T09:20:13+00:00\" \/>\n<meta property=\"article:modified_time\" content=\"2025-02-02T09:20:51+00:00\" \/>\n<meta property=\"og:image\" content=\"https:\/\/kapitalis.com\/tunisie\/wp-content\/uploads\/2025\/02\/Rally-International-ULM.jpg\" \/>\n\t<meta property=\"og:image:width\" content=\"1200\" \/>\n\t<meta property=\"og:image:height\" content=\"630\" \/>\n\t<meta property=\"og:image:type\" content=\"image\/jpeg\" \/>\n<meta name=\"author\" content=\"webmaster kapitalis\" \/>\n<meta name=\"twitter:card\" content=\"summary_large_image\" \/>\n<meta name=\"twitter:creator\" content=\"@KapitalisInfo\" \/>\n<meta name=\"twitter:site\" content=\"@KapitalisInfo\" \/>\n<meta name=\"twitter:label1\" content=\"\u00c9crit par\" \/>\n\t<meta name=\"twitter:data1\" content=\"webmaster kapitalis\" \/>\n\t<meta name=\"twitter:label2\" content=\"Dur\u00e9e de lecture estim\u00e9e\" \/>\n\t<meta name=\"twitter:data2\" content=\"2 minutes\" \/>\n<script type=\"application\/ld+json\" class=\"yoast-schema-graph\">{\"@context\":\"https:\/\/schema.org\",\"@graph\":[{\"@type\":\"Article\",\"@id\":\"https:\/\/kapitalis.com\/tunisie\/2025\/02\/02\/tunisie-le-rallye-international-ulm-passe-par-tataouine\/#article\",\"isPartOf\":{\"@id\":\"https:\/\/kapitalis.com\/tunisie\/2025\/02\/02\/tunisie-le-rallye-international-ulm-passe-par-tataouine\/\"},\"author\":{\"name\":\"webmaster kapitalis\",\"@id\":\"https:\/\/kapitalis.com\/tunisie\/#\/schema\/person\/d71f33a9ca44f7bad4698210b480c8e9\"},\"headline\":\"Tunisie\u00a0: le Rallye international ULM passe par Tataouine\",\"datePublished\":\"2025-02-02T09:20:13+00:00\",\"dateModified\":\"2025-02-02T09:20:51+00:00\",\"mainEntityOfPage\":{\"@id\":\"https:\/\/kapitalis.com\/tunisie\/2025\/02\/02\/tunisie-le-rallye-international-ulm-passe-par-tataouine\/\"},\"wordCount\":196,\"commentCount\":0,\"publisher\":{\"@id\":\"https:\/\/kapitalis.com\/tunisie\/#organization\"},\"image\":{\"@id\":\"https:\/\/kapitalis.com\/tunisie\/2025\/02\/02\/tunisie-le-rallye-international-ulm-passe-par-tataouine\/#primaryimage\"},\"thumbnailUrl\":\"https:\/\/kapitalis.com\/tunisie\/wp-content\/uploads\/2025\/02\/Rally-International-ULM.jpg\",\"keywords\":[\"Aymen Khorchani\",\"El-Farch\",\"FTSAAA\",\"Ghomrassen\",\"Rallye ULM\",\"sports m\u00e9caniques\",\"Tabarka\",\"Tataouine\"],\"articleSection\":[\"SPORT\",\"Tunisie\"],\"inLanguage\":\"fr-FR\",\"potentialAction\":[{\"@type\":\"CommentAction\",\"name\":\"Comment\",\"target\":[\"https:\/\/kapitalis.com\/tunisie\/2025\/02\/02\/tunisie-le-rallye-international-ulm-passe-par-tataouine\/#respond\"]}]},{\"@type\":\"WebPage\",\"@id\":\"https:\/\/kapitalis.com\/tunisie\/2025\/02\/02\/tunisie-le-rallye-international-ulm-passe-par-tataouine\/\",\"url\":\"https:\/\/kapitalis.com\/tunisie\/2025\/02\/02\/tunisie-le-rallye-international-ulm-passe-par-tataouine\/\",\"name\":\"Tunisie\u00a0: le Rallye international ULM passe par Tataouine - Kapitalis\",\"isPartOf\":{\"@id\":\"https:\/\/kapitalis.com\/tunisie\/#website\"},\"primaryImageOfPage\":{\"@id\":\"https:\/\/kapitalis.com\/tunisie\/2025\/02\/02\/tunisie-le-rallye-international-ulm-passe-par-tataouine\/#primaryimage\"},\"image\":{\"@id\":\"https:\/\/kapitalis.com\/tunisie\/2025\/02\/02\/tunisie-le-rallye-international-ulm-passe-par-tataouine\/#primaryimage\"},\"thumbnailUrl\":\"https:\/\/kapitalis.com\/tunisie\/wp-content\/uploads\/2025\/02\/Rally-International-ULM.jpg\",\"datePublished\":\"2025-02-02T09:20:13+00:00\",\"dateModified\":\"2025-02-02T09:20:51+00:00\",\"breadcrumb\":{\"@id\":\"https:\/\/kapitalis.com\/tunisie\/2025\/02\/02\/tunisie-le-rallye-international-ulm-passe-par-tataouine\/#breadcrumb\"},\"inLanguage\":\"fr-FR\",\"potentialAction\":[{\"@type\":\"ReadAction\",\"target\":[\"https:\/\/kapitalis.com\/tunisie\/2025\/02\/02\/tunisie-le-rallye-international-ulm-passe-par-tataouine\/\"]}]},{\"@type\":\"ImageObject\",\"inLanguage\":\"fr-FR\",\"@id\":\"https:\/\/kapitalis.com\/tunisie\/2025\/02\/02\/tunisie-le-rallye-international-ulm-passe-par-tataouine\/#primaryimage\",\"url\":\"https:\/\/kapitalis.com\/tunisie\/wp-content\/uploads\/2025\/02\/Rally-International-ULM.jpg\",\"contentUrl\":\"https:\/\/kapitalis.com\/tunisie\/wp-content\/uploads\/2025\/02\/Rally-International-ULM.jpg\",\"width\":1200,\"height\":630},{\"@type\":\"BreadcrumbList\",\"@id\":\"https:\/\/kapitalis.com\/tunisie\/2025\/02\/02\/tunisie-le-rallye-international-ulm-passe-par-tataouine\/#breadcrumb\",\"itemListElement\":[{\"@type\":\"ListItem\",\"position\":1,\"name\":\"Accueil\",\"item\":\"https:\/\/kapitalis.com\/tunisie\/\"},{\"@type\":\"ListItem\",\"position\":2,\"name\":\"Tunisie\u00a0: le Rallye international ULM passe par Tataouine\"}]},{\"@type\":\"WebSite\",\"@id\":\"https:\/\/kapitalis.com\/tunisie\/#website\",\"url\":\"https:\/\/kapitalis.com\/tunisie\/\",\"name\":\"Kapitalis\",\"description\":\"L&#039;actualit\u00e9 en Tunisie et dans le monde\",\"publisher\":{\"@id\":\"https:\/\/kapitalis.com\/tunisie\/#organization\"},\"potentialAction\":[{\"@type\":\"SearchAction\",\"target\":{\"@type\":\"EntryPoint\",\"urlTemplate\":\"https:\/\/kapitalis.com\/tunisie\/?s={search_term_string}\"},\"query-input\":{\"@type\":\"PropertyValueSpecification\",\"valueRequired\":true,\"valueName\":\"search_term_string\"}}],\"inLanguage\":\"fr-FR\"},{\"@type\":\"Organization\",\"@id\":\"https:\/\/kapitalis.com\/tunisie\/#organization\",\"name\":\"Kapitalis\",\"url\":\"https:\/\/kapitalis.com\/tunisie\/\",\"logo\":{\"@type\":\"ImageObject\",\"inLanguage\":\"fr-FR\",\"@id\":\"https:\/\/kapitalis.com\/tunisie\/#\/schema\/logo\/image\/\",\"url\":\"https:\/\/kapitalis.com\/tunisie\/wp-content\/uploads\/2022\/05\/Kapitalis-big-size.png\",\"contentUrl\":\"https:\/\/kapitalis.com\/tunisie\/wp-content\/uploads\/2022\/05\/Kapitalis-big-size.png\",\"width\":5000,\"height\":1500,\"caption\":\"Kapitalis\"},\"image\":{\"@id\":\"https:\/\/kapitalis.com\/tunisie\/#\/schema\/logo\/image\/\"},\"sameAs\":[\"https:\/\/www.facebook.com\/KapitalisInfo\/\",\"https:\/\/x.com\/KapitalisInfo\",\"https:\/\/www.youtube.com\/channel\/UC-yDYrHyfFBWWZaOw3FPg9Q\"]},{\"@type\":\"Person\",\"@id\":\"https:\/\/kapitalis.com\/tunisie\/#\/schema\/person\/d71f33a9ca44f7bad4698210b480c8e9\",\"name\":\"webmaster kapitalis\",\"url\":\"https:\/\/kapitalis.com\/tunisie\/author\/webmaster-kapitalis\/\"}]}<\/script>\n<!-- \/ Yoast SEO plugin. -->","yoast_head_json":{"title":"Tunisie\u00a0: le Rallye international ULM passe par Tataouine - Kapitalis","robots":{"index":"index","follow":"follow","max-snippet":"max-snippet:-1","max-image-preview":"max-image-preview:large","max-video-preview":"max-video-preview:-1"},"canonical":"https:\/\/kapitalis.com\/tunisie\/2025\/02\/02\/tunisie-le-rallye-international-ulm-passe-par-tataouine\/","og_locale":"fr_FR","og_type":"article","og_title":"Tunisie\u00a0: le Rallye international ULM passe par Tataouine - Kapitalis","og_description":"Les avions l\u00e9gers du Rallye Ulm Tunisie ont survol\u00e9 le ciel de Tataouine en Tunisie,","og_url":"https:\/\/kapitalis.com\/tunisie\/2025\/02\/02\/tunisie-le-rallye-international-ulm-passe-par-tataouine\/","og_site_name":"Kapitalis","article_publisher":"https:\/\/www.facebook.com\/KapitalisInfo\/","article_published_time":"2025-02-02T09:20:13+00:00","article_modified_time":"2025-02-02T09:20:51+00:00","og_image":[{"width":1200,"height":630,"url":"https:\/\/kapitalis.com\/tunisie\/wp-content\/uploads\/2025\/02\/Rally-International-ULM.jpg","type":"image\/jpeg"}],"author":"webmaster kapitalis","twitter_card":"summary_large_image","twitter_creator":"@KapitalisInfo","twitter_site":"@KapitalisInfo","twitter_misc":{"\u00c9crit par":"webmaster kapitalis","Dur\u00e9e de lecture estim\u00e9e":"2 minutes"},"schema":{"@context":"https:\/\/schema.org","@graph":[{"@type":"Article","@id":"https:\/\/kapitalis.com\/tunisie\/2025\/02\/02\/tunisie-le-rallye-international-ulm-passe-par-tataouine\/#article","isPartOf":{"@id":"https:\/\/kapitalis.com\/tunisie\/2025\/02\/02\/tunisie-le-rallye-international-ulm-passe-par-tataouine\/"},"author":{"name":"webmaster kapitalis","@id":"https:\/\/kapitalis.com\/tunisie\/#\/schema\/person\/d71f33a9ca44f7bad4698210b480c8e9"},"headline":"Tunisie\u00a0: le Rallye international ULM passe par Tataouine","datePublished":"2025-02-02T09:20:13+00:00","dateModified":"2025-02-02T09:20:51+00:00","mainEntityOfPage":{"@id":"https:\/\/kapitalis.com\/tunisie\/2025\/02\/02\/tunisie-le-rallye-international-ulm-passe-par-tataouine\/"},"wordCount":196,"commentCount":0,"publisher":{"@id":"https:\/\/kapitalis.com\/tunisie\/#organization"},"image":{"@id":"https:\/\/kapitalis.com\/tunisie\/2025\/02\/02\/tunisie-le-rallye-international-ulm-passe-par-tataouine\/#primaryimage"},"thumbnailUrl":"https:\/\/kapitalis.com\/tunisie\/wp-content\/uploads\/2025\/02\/Rally-International-ULM.jpg","keywords":["Aymen Khorchani","El-Farch","FTSAAA","Ghomrassen","Rallye ULM","sports m\u00e9caniques","Tabarka","Tataouine"],"articleSection":["SPORT","Tunisie"],"inLanguage":"fr-FR","potentialAction":[{"@type":"CommentAction","name":"Comment","target":["https:\/\/kapitalis.com\/tunisie\/2025\/02\/02\/tunisie-le-rallye-international-ulm-passe-par-tataouine\/#respond"]}]},{"@type":"WebPage","@id":"https:\/\/kapitalis.com\/tunisie\/2025\/02\/02\/tunisie-le-rallye-international-ulm-passe-par-tataouine\/","url":"https:\/\/kapitalis.com\/tunisie\/2025\/02\/02\/tunisie-le-rallye-international-ulm-passe-par-tataouine\/","name":"Tunisie\u00a0: le Rallye international ULM passe par Tataouine - Kapitalis","isPartOf":{"@id":"https:\/\/kapitalis.com\/tunisie\/#website"},"primaryImageOfPage":{"@id":"https:\/\/kapitalis.com\/tunisie\/2025\/02\/02\/tunisie-le-rallye-international-ulm-passe-par-tataouine\/#primaryimage"},"image":{"@id":"https:\/\/kapitalis.com\/tunisie\/2025\/02\/02\/tunisie-le-rallye-international-ulm-passe-par-tataouine\/#primaryimage"},"thumbnailUrl":"https:\/\/kapitalis.com\/tunisie\/wp-content\/uploads\/2025\/02\/Rally-International-ULM.jpg","datePublished":"2025-02-02T09:20:13+00:00","dateModified":"2025-02-02T09:20:51+00:00","breadcrumb":{"@id":"https:\/\/kapitalis.com\/tunisie\/2025\/02\/02\/tunisie-le-rallye-international-ulm-passe-par-tataouine\/#breadcrumb"},"inLanguage":"fr-FR","potentialAction":[{"@type":"ReadAction","target":["https:\/\/kapitalis.com\/tunisie\/2025\/02\/02\/tunisie-le-rallye-international-ulm-passe-par-tataouine\/"]}]},{"@type":"ImageObject","inLanguage":"fr-FR","@id":"https:\/\/kapitalis.com\/tunisie\/2025\/02\/02\/tunisie-le-rallye-international-ulm-passe-par-tataouine\/#primaryimage","url":"https:\/\/kapitalis.com\/tunisie\/wp-content\/uploads\/2025\/02\/Rally-International-ULM.jpg","contentUrl":"https:\/\/kapitalis.com\/tunisie\/wp-content\/uploads\/2025\/02\/Rally-International-ULM.jpg","width":1200,"height":630},{"@type":"BreadcrumbList","@id":"https:\/\/kapitalis.com\/tunisie\/2025\/02\/02\/tunisie-le-rallye-international-ulm-passe-par-tataouine\/#breadcrumb","itemListElement":[{"@type":"ListItem","position":1,"name":"Accueil","item":"https:\/\/kapitalis.com\/tunisie\/"},{"@type":"ListItem","position":2,"name":"Tunisie\u00a0: le Rallye international ULM passe par Tataouine"}]},{"@type":"WebSite","@id":"https:\/\/kapitalis.com\/tunisie\/#website","url":"https:\/\/kapitalis.com\/tunisie\/","name":"Kapitalis","description":"L&#039;actualit\u00e9 en Tunisie et dans le monde","publisher":{"@id":"https:\/\/kapitalis.com\/tunisie\/#organization"},"potentialAction":[{"@type":"SearchAction","target":{"@type":"EntryPoint","urlTemplate":"https:\/\/kapitalis.com\/tunisie\/?s={search_term_string}"},"query-input":{"@type":"PropertyValueSpecification","valueRequired":true,"valueName":"search_term_string"}}],"inLanguage":"fr-FR"},{"@type":"Organization","@id":"https:\/\/kapitalis.com\/tunisie\/#organization","name":"Kapitalis","url":"https:\/\/kapitalis.com\/tunisie\/","logo":{"@type":"ImageObject","inLanguage":"fr-FR","@id":"https:\/\/kapitalis.com\/tunisie\/#\/schema\/logo\/image\/","url":"https:\/\/kapitalis.com\/tunisie\/wp-content\/uploads\/2022\/05\/Kapitalis-big-size.png","contentUrl":"https:\/\/kapitalis.com\/tunisie\/wp-content\/uploads\/2022\/05\/Kapitalis-big-size.png","width":5000,"height":1500,"caption":"Kapitalis"},"image":{"@id":"https:\/\/kapitalis.com\/tunisie\/#\/schema\/logo\/image\/"},"sameAs":["https:\/\/www.facebook.com\/KapitalisInfo\/","https:\/\/x.com\/KapitalisInfo","https:\/\/www.youtube.com\/channel\/UC-yDYrHyfFBWWZaOw3FPg9Q"]},{"@type":"Person","@id":"https:\/\/kapitalis.com\/tunisie\/#\/schema\/person\/d71f33a9ca44f7bad4698210b480c8e9","name":"webmaster kapitalis","url":"https:\/\/kapitalis.com\/tunisie\/author\/webmaster-kapitalis\/"}]}},"_links":{"self":[{"href":"https:\/\/kapitalis.com\/tunisie\/wp-json\/wp\/v2\/posts\/15382037","targetHints":{"allow":["GET"]}}],"collection":[{"href":"https:\/\/kapitalis.com\/tunisie\/wp-json\/wp\/v2\/posts"}],"about":[{"href":"https:\/\/kapitalis.com\/tunisie\/wp-json\/wp\/v2\/types\/post"}],"author":[{"embeddable":true,"href":"https:\/\/kapitalis.com\/tunisie\/wp-json\/wp\/v2\/users\/8"}],"replies":[{"embeddable":true,"href":"https:\/\/kapitalis.com\/tunisie\/wp-json\/wp\/v2\/comments?post=15382037"}],"version-history":[{"count":2,"href":"https:\/\/kapitalis.com\/tunisie\/wp-json\/wp\/v2\/posts\/15382037\/revisions"}],"predecessor-version":[{"id":15382366,"href":"https:\/\/kapitalis.com\/tunisie\/wp-json\/wp\/v2\/posts\/15382037\/revisions\/15382366"}],"wp:featuredmedia":[{"embeddable":true,"href":"https:\/\/kapitalis.com\/tunisie\/wp-json\/wp\/v2\/media\/15382319"}],"wp:attachment":[{"href":"https:\/\/kapitalis.com\/tunisie\/wp-json\/wp\/v2\/media?parent=15382037"}],"wp:term":[{"taxonomy":"category","embeddable":true,"href":"https:\/\/kapitalis.com\/tunisie\/wp-json\/wp\/v2\/categories?post=15382037"},{"taxonomy":"post_tag","embeddable":true,"href":"https:\/\/kapitalis.com\/tunisie\/wp-json\/wp\/v2\/tags?post=15382037"}],"curies":[{"name":"wp","href":"https:\/\/api.w.org\/{rel}","templated":true}]}}