{"id":15382831,"date":"2025-02-02T10:50:26","date_gmt":"2025-02-02T09:50:26","guid":{"rendered":"https:\/\/kapitalis.com\/tunisie\/?p=15382831"},"modified":"2025-02-02T10:50:27","modified_gmt":"2025-02-02T09:50:27","slug":"jamc-2025-lunivers-magique-des-marionnettes","status":"publish","type":"post","link":"https:\/\/kapitalis.com\/tunisie\/2025\/02\/02\/jamc-2025-lunivers-magique-des-marionnettes\/","title":{"rendered":"JAMC 2025 :  l&rsquo;univers magique des marionnettes"},"content":{"rendered":"\n<p><strong><em>L\u2019univers f\u00e9\u00e9rique de l\u2019enfance compos\u00e9 de marionnettes, miniatures et g\u00e9antes, et de peluches d\u2019animaux de la for\u00eat et imaginaires, a transform\u00e9 la Cit\u00e9 de la Culture de Tunis en un lieu magique. <a href=\"https:\/\/www.facebook.com\/JAMCTunisia\/videos\/1615037812460097\">Vid\u00e9o.<\/a><\/em><\/strong><\/p>\n\n\n\n<!--more-->\n\n\n\n<p>La capitale abrite, du samedi 1<sup>er<\/sup> au samedi 8 f\u00e9vrier 2025, la 6<sup>e<\/sup> \u00e9dition des Journ\u00e9es des arts de la marionnette de Carthage (JAMC) ou Carthage Puppetry Arts Days, d\u00e9di\u00e9e \u00e0 la m\u00e9moire de Abdelhaq\u00a0Khemir, pionnier de l\u2019art de la marionnette en Tunisie.<\/p>\n\n\n\n<p>La Palestine et l\u2019enfance palestinienne sont au c\u0153ur de cette \u00e9dition riche en repr\u00e9sentations th\u00e9\u00e2trales avec 33 spectacles et plus de 100 marionnettistes issus de 19 pays.<\/p>\n\n\n\n<h2 class=\"wp-block-heading\">La Palestine \u00e0 l\u2019honneur<\/h2>\n\n\n\n<p>La c\u00e9r\u00e9monie d\u2019ouverture a \u00e9t\u00e9 marqu\u00e9e par un spectacle intitul\u00e9 <em>\u2018\u2018Les enfants de l\u2019olivier\u2019\u2019<\/em> de Sami Dorbez, auteur-compositeur et interpr\u00e8te de chansons pour enfants, en hommage \u00e0 Youssef, le petit aux cheveux boucl\u00e9s, d\u00e9c\u00e9d\u00e9 dans la guerre isra\u00e9lienne contre la Bande Gaza. Un message de fraternit\u00e9 et de solidarit\u00e9 est adress\u00e9 aux familles des enfants victimes d\u2019une guerre impitoyable qui s\u2019est poursuivie du 7 octobre 2023 au 19 janvier 2025 \u00e0 Gaza et en Cisjordanie. Les invit\u00e9s d\u2019honneur du spectacle&nbsp;: Anis Haddad et Ali Hassine, un artiste et acteur install\u00e9 \u00e0 Tunis, qui a pr\u00e9sent\u00e9 des chansons du patrimoine populaire de son pays.<\/p>\n\n\n<div class=\"wp-block-image\">\n<figure class=\"aligncenter size-large is-resized\"><img loading=\"lazy\" decoding=\"async\" width=\"1024\" height=\"538\" src=\"https:\/\/kapitalis.com\/tunisie\/wp-content\/uploads\/2025\/02\/JAMC-Marionnettes-Core-de-la-Culture-2-1024x538.jpg\" alt=\"\" class=\"wp-image-15382913\" style=\"width:800px\" srcset=\"https:\/\/kapitalis.com\/tunisie\/wp-content\/uploads\/2025\/02\/JAMC-Marionnettes-Core-de-la-Culture-2-1024x538.jpg 1024w, https:\/\/kapitalis.com\/tunisie\/wp-content\/uploads\/2025\/02\/JAMC-Marionnettes-Core-de-la-Culture-2-300x158.jpg 300w, https:\/\/kapitalis.com\/tunisie\/wp-content\/uploads\/2025\/02\/JAMC-Marionnettes-Core-de-la-Culture-2-768x403.jpg 768w, https:\/\/kapitalis.com\/tunisie\/wp-content\/uploads\/2025\/02\/JAMC-Marionnettes-Core-de-la-Culture-2-580x305.jpg 580w, https:\/\/kapitalis.com\/tunisie\/wp-content\/uploads\/2025\/02\/JAMC-Marionnettes-Core-de-la-Culture-2-860x452.jpg 860w, https:\/\/kapitalis.com\/tunisie\/wp-content\/uploads\/2025\/02\/JAMC-Marionnettes-Core-de-la-Culture-2-1160x609.jpg 1160w, https:\/\/kapitalis.com\/tunisie\/wp-content\/uploads\/2025\/02\/JAMC-Marionnettes-Core-de-la-Culture-2.jpg 1200w\" sizes=\"auto, (max-width: 1024px) 100vw, 1024px\" \/><\/figure>\n<\/div>\n\n\n<p>La directrice comit\u00e9 d\u2019organisation et du Centre national d\u2019art de la marionnette (Cnam) organisateur du festival, Monia Abid Messaadi, a d\u00e9clar\u00e9 ouverte cette 6<sup>e<\/sup> \u00e9dition qui met \u00e0 l\u2019honneur la Palestine \u00e0 travers un film d\u2019animation qui s\u2019intitule <em>\u201cLe Bout du Fil\u201d<\/em>. Ecrit et r\u00e9alis\u00e9 par Zied Lamine, ce film est la premi\u00e8re production cin\u00e9matographique du Cnam, a-t-elle annonc\u00e9.<\/p>\n\n\n\n<p>A cette occasion, un hommage a \u00e9t\u00e9 rendu \u00e0 trois marionnettistes travaillant depuis longtemps dans les ateliers du Cnam&nbsp;: Mokhtar Mezrigui, Wasim Mabrouk et Taher Dridi.<\/p>\n\n\n\n<p>La c\u00e9r\u00e9monie a permis au public, majoritairement enfantin, de vivre une exp\u00e9rience visuelle et sensorielle dans l\u2019univers po\u00e9tique et magique de l\u2019artiste Oussama Mekni, le metteur en sc\u00e8ne du spectacle.<\/p>\n\n\n\n<p>Peu avant la c\u00e9r\u00e9monie officielle, le hall de la Cit\u00e9 de la Culture a accueilli plusieurs spectacles d\u2019animation d\u00e9roulant une mosa\u00efque de couleurs et de sonorit\u00e9s pour le grand bonheur des petits et des adultes qui les accompagnaient.<\/p>\n\n\n<div class=\"wp-block-image\">\n<figure class=\"aligncenter size-large is-resized\"><img loading=\"lazy\" decoding=\"async\" width=\"1024\" height=\"538\" src=\"https:\/\/kapitalis.com\/tunisie\/wp-content\/uploads\/2025\/02\/JAMC-Marionnettes-Core-de-la-Culture-3-1024x538.jpg\" alt=\"\" class=\"wp-image-15382922\" style=\"width:800px\" srcset=\"https:\/\/kapitalis.com\/tunisie\/wp-content\/uploads\/2025\/02\/JAMC-Marionnettes-Core-de-la-Culture-3-1024x538.jpg 1024w, https:\/\/kapitalis.com\/tunisie\/wp-content\/uploads\/2025\/02\/JAMC-Marionnettes-Core-de-la-Culture-3-300x158.jpg 300w, https:\/\/kapitalis.com\/tunisie\/wp-content\/uploads\/2025\/02\/JAMC-Marionnettes-Core-de-la-Culture-3-768x403.jpg 768w, https:\/\/kapitalis.com\/tunisie\/wp-content\/uploads\/2025\/02\/JAMC-Marionnettes-Core-de-la-Culture-3-580x305.jpg 580w, https:\/\/kapitalis.com\/tunisie\/wp-content\/uploads\/2025\/02\/JAMC-Marionnettes-Core-de-la-Culture-3-860x452.jpg 860w, https:\/\/kapitalis.com\/tunisie\/wp-content\/uploads\/2025\/02\/JAMC-Marionnettes-Core-de-la-Culture-3-1160x609.jpg 1160w, https:\/\/kapitalis.com\/tunisie\/wp-content\/uploads\/2025\/02\/JAMC-Marionnettes-Core-de-la-Culture-3.jpg 1200w\" sizes=\"auto, (max-width: 1024px) 100vw, 1024px\" \/><\/figure>\n<\/div>\n\n\n<p>Les visiteurs de la Cit\u00e9 de la culture ont beaucoup appr\u00e9ci\u00e9 les marionnettes g\u00e9antes fabriqu\u00e9es par les \u00e9tudiants de l\u2019Institut sup\u00e9rieur d\u2019art dramatique (Isad), sous la direction d\u2019un c\u00e9l\u00e8bre marionnettiste br\u00e9silien.<\/p>\n\n\n\n<p>En raison des conditions m\u00e9t\u00e9orologiques peu favorables aux spectacles en plein air, certaines repr\u00e9sentations ont \u00e9t\u00e9 donn\u00e9es dans le hall de la Cit\u00e9, telles que la fameuse parade des marionnettes g\u00e9antes et des majorettes venues cette ann\u00e9e de Ksar Helal (Monastir).<\/p>\n\n\n\n<p><strong><em>D\u2019apr\u00e8s Tap.<\/em><\/strong><\/p>\n","protected":false},"excerpt":{"rendered":"<p>L\u2019univers f\u00e9\u00e9rique de l\u2019enfance aux  Journ\u00e9es des arts de la marionnette de Carthage. <\/p>\n","protected":false},"author":8,"featured_media":15382904,"comment_status":"open","ping_status":"open","sticky":false,"template":"","format":"standard","meta":{"footnotes":""},"categories":[994,2433],"tags":[120496,120533,120532,120534,120493,4026,120497,120531,120530],"class_list":["post-15382831","post","type-post","status-publish","format-standard","has-post-thumbnail","hentry","category-culture","category-tunisie","tag-abdelhaq-khemir","tag-art-de-la-marionnette","tag-mokhtar-mezrigui","tag-monia-abid-messaadi","tag-oussama-mekni","tag-palestine","tag-sami-dorbez","tag-taher-dridi","tag-wasim-mabrouk"],"yoast_head":"<!-- This site is optimized with the Yoast SEO plugin v26.6 - https:\/\/yoast.com\/wordpress\/plugins\/seo\/ -->\n<title>JAMC 2025 : l&#039;univers magique des marionnettes - Kapitalis<\/title>\n<meta name=\"robots\" content=\"index, follow, max-snippet:-1, max-image-preview:large, max-video-preview:-1\" \/>\n<link rel=\"canonical\" href=\"https:\/\/kapitalis.com\/tunisie\/2025\/02\/02\/jamc-2025-lunivers-magique-des-marionnettes\/\" \/>\n<meta property=\"og:locale\" content=\"fr_FR\" \/>\n<meta property=\"og:type\" content=\"article\" \/>\n<meta property=\"og:title\" content=\"JAMC 2025 : l&#039;univers magique des marionnettes - Kapitalis\" \/>\n<meta property=\"og:description\" content=\"L\u2019univers f\u00e9\u00e9rique de l\u2019enfance aux Journ\u00e9es des arts de la marionnette de Carthage.\" \/>\n<meta property=\"og:url\" content=\"https:\/\/kapitalis.com\/tunisie\/2025\/02\/02\/jamc-2025-lunivers-magique-des-marionnettes\/\" \/>\n<meta property=\"og:site_name\" content=\"Kapitalis\" \/>\n<meta property=\"article:publisher\" content=\"https:\/\/www.facebook.com\/KapitalisInfo\/\" \/>\n<meta property=\"article:published_time\" content=\"2025-02-02T09:50:26+00:00\" \/>\n<meta property=\"article:modified_time\" content=\"2025-02-02T09:50:27+00:00\" \/>\n<meta property=\"og:image\" content=\"https:\/\/kapitalis.com\/tunisie\/wp-content\/uploads\/2025\/02\/JAMC-Marionnettes-Core-de-la-Culture.jpg\" \/>\n\t<meta property=\"og:image:width\" content=\"1200\" \/>\n\t<meta property=\"og:image:height\" content=\"630\" \/>\n\t<meta property=\"og:image:type\" content=\"image\/jpeg\" \/>\n<meta name=\"author\" content=\"webmaster kapitalis\" \/>\n<meta name=\"twitter:card\" content=\"summary_large_image\" \/>\n<meta name=\"twitter:creator\" content=\"@KapitalisInfo\" \/>\n<meta name=\"twitter:site\" content=\"@KapitalisInfo\" \/>\n<meta name=\"twitter:label1\" content=\"\u00c9crit par\" \/>\n\t<meta name=\"twitter:data1\" content=\"webmaster kapitalis\" \/>\n\t<meta name=\"twitter:label2\" content=\"Dur\u00e9e de lecture estim\u00e9e\" \/>\n\t<meta name=\"twitter:data2\" content=\"3 minutes\" \/>\n<script type=\"application\/ld+json\" class=\"yoast-schema-graph\">{\"@context\":\"https:\/\/schema.org\",\"@graph\":[{\"@type\":\"Article\",\"@id\":\"https:\/\/kapitalis.com\/tunisie\/2025\/02\/02\/jamc-2025-lunivers-magique-des-marionnettes\/#article\",\"isPartOf\":{\"@id\":\"https:\/\/kapitalis.com\/tunisie\/2025\/02\/02\/jamc-2025-lunivers-magique-des-marionnettes\/\"},\"author\":{\"name\":\"webmaster kapitalis\",\"@id\":\"https:\/\/kapitalis.com\/tunisie\/#\/schema\/person\/d71f33a9ca44f7bad4698210b480c8e9\"},\"headline\":\"JAMC 2025 : l&rsquo;univers magique des marionnettes\",\"datePublished\":\"2025-02-02T09:50:26+00:00\",\"dateModified\":\"2025-02-02T09:50:27+00:00\",\"mainEntityOfPage\":{\"@id\":\"https:\/\/kapitalis.com\/tunisie\/2025\/02\/02\/jamc-2025-lunivers-magique-des-marionnettes\/\"},\"wordCount\":501,\"commentCount\":0,\"publisher\":{\"@id\":\"https:\/\/kapitalis.com\/tunisie\/#organization\"},\"image\":{\"@id\":\"https:\/\/kapitalis.com\/tunisie\/2025\/02\/02\/jamc-2025-lunivers-magique-des-marionnettes\/#primaryimage\"},\"thumbnailUrl\":\"https:\/\/kapitalis.com\/tunisie\/wp-content\/uploads\/2025\/02\/JAMC-Marionnettes-Core-de-la-Culture.jpg\",\"keywords\":[\"Abdelhaq Khemir\",\"art de la marionnette\",\"Mokhtar Mezrigui\",\"Monia Abid Messaadi\",\"Oussama Mekni\",\"Palestine\",\"Sami Dorbez\",\"Taher Dridi\",\"Wasim Mabrouk\"],\"articleSection\":[\"CULTURE\",\"Tunisie\"],\"inLanguage\":\"fr-FR\",\"potentialAction\":[{\"@type\":\"CommentAction\",\"name\":\"Comment\",\"target\":[\"https:\/\/kapitalis.com\/tunisie\/2025\/02\/02\/jamc-2025-lunivers-magique-des-marionnettes\/#respond\"]}]},{\"@type\":\"WebPage\",\"@id\":\"https:\/\/kapitalis.com\/tunisie\/2025\/02\/02\/jamc-2025-lunivers-magique-des-marionnettes\/\",\"url\":\"https:\/\/kapitalis.com\/tunisie\/2025\/02\/02\/jamc-2025-lunivers-magique-des-marionnettes\/\",\"name\":\"JAMC 2025 : l'univers magique des marionnettes - Kapitalis\",\"isPartOf\":{\"@id\":\"https:\/\/kapitalis.com\/tunisie\/#website\"},\"primaryImageOfPage\":{\"@id\":\"https:\/\/kapitalis.com\/tunisie\/2025\/02\/02\/jamc-2025-lunivers-magique-des-marionnettes\/#primaryimage\"},\"image\":{\"@id\":\"https:\/\/kapitalis.com\/tunisie\/2025\/02\/02\/jamc-2025-lunivers-magique-des-marionnettes\/#primaryimage\"},\"thumbnailUrl\":\"https:\/\/kapitalis.com\/tunisie\/wp-content\/uploads\/2025\/02\/JAMC-Marionnettes-Core-de-la-Culture.jpg\",\"datePublished\":\"2025-02-02T09:50:26+00:00\",\"dateModified\":\"2025-02-02T09:50:27+00:00\",\"breadcrumb\":{\"@id\":\"https:\/\/kapitalis.com\/tunisie\/2025\/02\/02\/jamc-2025-lunivers-magique-des-marionnettes\/#breadcrumb\"},\"inLanguage\":\"fr-FR\",\"potentialAction\":[{\"@type\":\"ReadAction\",\"target\":[\"https:\/\/kapitalis.com\/tunisie\/2025\/02\/02\/jamc-2025-lunivers-magique-des-marionnettes\/\"]}]},{\"@type\":\"ImageObject\",\"inLanguage\":\"fr-FR\",\"@id\":\"https:\/\/kapitalis.com\/tunisie\/2025\/02\/02\/jamc-2025-lunivers-magique-des-marionnettes\/#primaryimage\",\"url\":\"https:\/\/kapitalis.com\/tunisie\/wp-content\/uploads\/2025\/02\/JAMC-Marionnettes-Core-de-la-Culture.jpg\",\"contentUrl\":\"https:\/\/kapitalis.com\/tunisie\/wp-content\/uploads\/2025\/02\/JAMC-Marionnettes-Core-de-la-Culture.jpg\",\"width\":1200,\"height\":630},{\"@type\":\"BreadcrumbList\",\"@id\":\"https:\/\/kapitalis.com\/tunisie\/2025\/02\/02\/jamc-2025-lunivers-magique-des-marionnettes\/#breadcrumb\",\"itemListElement\":[{\"@type\":\"ListItem\",\"position\":1,\"name\":\"Accueil\",\"item\":\"https:\/\/kapitalis.com\/tunisie\/\"},{\"@type\":\"ListItem\",\"position\":2,\"name\":\"JAMC 2025 : l&rsquo;univers magique des marionnettes\"}]},{\"@type\":\"WebSite\",\"@id\":\"https:\/\/kapitalis.com\/tunisie\/#website\",\"url\":\"https:\/\/kapitalis.com\/tunisie\/\",\"name\":\"Kapitalis\",\"description\":\"L&#039;actualit\u00e9 en Tunisie et dans le monde\",\"publisher\":{\"@id\":\"https:\/\/kapitalis.com\/tunisie\/#organization\"},\"potentialAction\":[{\"@type\":\"SearchAction\",\"target\":{\"@type\":\"EntryPoint\",\"urlTemplate\":\"https:\/\/kapitalis.com\/tunisie\/?s={search_term_string}\"},\"query-input\":{\"@type\":\"PropertyValueSpecification\",\"valueRequired\":true,\"valueName\":\"search_term_string\"}}],\"inLanguage\":\"fr-FR\"},{\"@type\":\"Organization\",\"@id\":\"https:\/\/kapitalis.com\/tunisie\/#organization\",\"name\":\"Kapitalis\",\"url\":\"https:\/\/kapitalis.com\/tunisie\/\",\"logo\":{\"@type\":\"ImageObject\",\"inLanguage\":\"fr-FR\",\"@id\":\"https:\/\/kapitalis.com\/tunisie\/#\/schema\/logo\/image\/\",\"url\":\"https:\/\/kapitalis.com\/tunisie\/wp-content\/uploads\/2022\/05\/Kapitalis-big-size.png\",\"contentUrl\":\"https:\/\/kapitalis.com\/tunisie\/wp-content\/uploads\/2022\/05\/Kapitalis-big-size.png\",\"width\":5000,\"height\":1500,\"caption\":\"Kapitalis\"},\"image\":{\"@id\":\"https:\/\/kapitalis.com\/tunisie\/#\/schema\/logo\/image\/\"},\"sameAs\":[\"https:\/\/www.facebook.com\/KapitalisInfo\/\",\"https:\/\/x.com\/KapitalisInfo\",\"https:\/\/www.youtube.com\/channel\/UC-yDYrHyfFBWWZaOw3FPg9Q\"]},{\"@type\":\"Person\",\"@id\":\"https:\/\/kapitalis.com\/tunisie\/#\/schema\/person\/d71f33a9ca44f7bad4698210b480c8e9\",\"name\":\"webmaster kapitalis\",\"url\":\"https:\/\/kapitalis.com\/tunisie\/author\/webmaster-kapitalis\/\"}]}<\/script>\n<!-- \/ Yoast SEO plugin. -->","yoast_head_json":{"title":"JAMC 2025 : l'univers magique des marionnettes - Kapitalis","robots":{"index":"index","follow":"follow","max-snippet":"max-snippet:-1","max-image-preview":"max-image-preview:large","max-video-preview":"max-video-preview:-1"},"canonical":"https:\/\/kapitalis.com\/tunisie\/2025\/02\/02\/jamc-2025-lunivers-magique-des-marionnettes\/","og_locale":"fr_FR","og_type":"article","og_title":"JAMC 2025 : l'univers magique des marionnettes - Kapitalis","og_description":"L\u2019univers f\u00e9\u00e9rique de l\u2019enfance aux Journ\u00e9es des arts de la marionnette de Carthage.","og_url":"https:\/\/kapitalis.com\/tunisie\/2025\/02\/02\/jamc-2025-lunivers-magique-des-marionnettes\/","og_site_name":"Kapitalis","article_publisher":"https:\/\/www.facebook.com\/KapitalisInfo\/","article_published_time":"2025-02-02T09:50:26+00:00","article_modified_time":"2025-02-02T09:50:27+00:00","og_image":[{"width":1200,"height":630,"url":"https:\/\/kapitalis.com\/tunisie\/wp-content\/uploads\/2025\/02\/JAMC-Marionnettes-Core-de-la-Culture.jpg","type":"image\/jpeg"}],"author":"webmaster kapitalis","twitter_card":"summary_large_image","twitter_creator":"@KapitalisInfo","twitter_site":"@KapitalisInfo","twitter_misc":{"\u00c9crit par":"webmaster kapitalis","Dur\u00e9e de lecture estim\u00e9e":"3 minutes"},"schema":{"@context":"https:\/\/schema.org","@graph":[{"@type":"Article","@id":"https:\/\/kapitalis.com\/tunisie\/2025\/02\/02\/jamc-2025-lunivers-magique-des-marionnettes\/#article","isPartOf":{"@id":"https:\/\/kapitalis.com\/tunisie\/2025\/02\/02\/jamc-2025-lunivers-magique-des-marionnettes\/"},"author":{"name":"webmaster kapitalis","@id":"https:\/\/kapitalis.com\/tunisie\/#\/schema\/person\/d71f33a9ca44f7bad4698210b480c8e9"},"headline":"JAMC 2025 : l&rsquo;univers magique des marionnettes","datePublished":"2025-02-02T09:50:26+00:00","dateModified":"2025-02-02T09:50:27+00:00","mainEntityOfPage":{"@id":"https:\/\/kapitalis.com\/tunisie\/2025\/02\/02\/jamc-2025-lunivers-magique-des-marionnettes\/"},"wordCount":501,"commentCount":0,"publisher":{"@id":"https:\/\/kapitalis.com\/tunisie\/#organization"},"image":{"@id":"https:\/\/kapitalis.com\/tunisie\/2025\/02\/02\/jamc-2025-lunivers-magique-des-marionnettes\/#primaryimage"},"thumbnailUrl":"https:\/\/kapitalis.com\/tunisie\/wp-content\/uploads\/2025\/02\/JAMC-Marionnettes-Core-de-la-Culture.jpg","keywords":["Abdelhaq Khemir","art de la marionnette","Mokhtar Mezrigui","Monia Abid Messaadi","Oussama Mekni","Palestine","Sami Dorbez","Taher Dridi","Wasim Mabrouk"],"articleSection":["CULTURE","Tunisie"],"inLanguage":"fr-FR","potentialAction":[{"@type":"CommentAction","name":"Comment","target":["https:\/\/kapitalis.com\/tunisie\/2025\/02\/02\/jamc-2025-lunivers-magique-des-marionnettes\/#respond"]}]},{"@type":"WebPage","@id":"https:\/\/kapitalis.com\/tunisie\/2025\/02\/02\/jamc-2025-lunivers-magique-des-marionnettes\/","url":"https:\/\/kapitalis.com\/tunisie\/2025\/02\/02\/jamc-2025-lunivers-magique-des-marionnettes\/","name":"JAMC 2025 : l'univers magique des marionnettes - Kapitalis","isPartOf":{"@id":"https:\/\/kapitalis.com\/tunisie\/#website"},"primaryImageOfPage":{"@id":"https:\/\/kapitalis.com\/tunisie\/2025\/02\/02\/jamc-2025-lunivers-magique-des-marionnettes\/#primaryimage"},"image":{"@id":"https:\/\/kapitalis.com\/tunisie\/2025\/02\/02\/jamc-2025-lunivers-magique-des-marionnettes\/#primaryimage"},"thumbnailUrl":"https:\/\/kapitalis.com\/tunisie\/wp-content\/uploads\/2025\/02\/JAMC-Marionnettes-Core-de-la-Culture.jpg","datePublished":"2025-02-02T09:50:26+00:00","dateModified":"2025-02-02T09:50:27+00:00","breadcrumb":{"@id":"https:\/\/kapitalis.com\/tunisie\/2025\/02\/02\/jamc-2025-lunivers-magique-des-marionnettes\/#breadcrumb"},"inLanguage":"fr-FR","potentialAction":[{"@type":"ReadAction","target":["https:\/\/kapitalis.com\/tunisie\/2025\/02\/02\/jamc-2025-lunivers-magique-des-marionnettes\/"]}]},{"@type":"ImageObject","inLanguage":"fr-FR","@id":"https:\/\/kapitalis.com\/tunisie\/2025\/02\/02\/jamc-2025-lunivers-magique-des-marionnettes\/#primaryimage","url":"https:\/\/kapitalis.com\/tunisie\/wp-content\/uploads\/2025\/02\/JAMC-Marionnettes-Core-de-la-Culture.jpg","contentUrl":"https:\/\/kapitalis.com\/tunisie\/wp-content\/uploads\/2025\/02\/JAMC-Marionnettes-Core-de-la-Culture.jpg","width":1200,"height":630},{"@type":"BreadcrumbList","@id":"https:\/\/kapitalis.com\/tunisie\/2025\/02\/02\/jamc-2025-lunivers-magique-des-marionnettes\/#breadcrumb","itemListElement":[{"@type":"ListItem","position":1,"name":"Accueil","item":"https:\/\/kapitalis.com\/tunisie\/"},{"@type":"ListItem","position":2,"name":"JAMC 2025 : l&rsquo;univers magique des marionnettes"}]},{"@type":"WebSite","@id":"https:\/\/kapitalis.com\/tunisie\/#website","url":"https:\/\/kapitalis.com\/tunisie\/","name":"Kapitalis","description":"L&#039;actualit\u00e9 en Tunisie et dans le monde","publisher":{"@id":"https:\/\/kapitalis.com\/tunisie\/#organization"},"potentialAction":[{"@type":"SearchAction","target":{"@type":"EntryPoint","urlTemplate":"https:\/\/kapitalis.com\/tunisie\/?s={search_term_string}"},"query-input":{"@type":"PropertyValueSpecification","valueRequired":true,"valueName":"search_term_string"}}],"inLanguage":"fr-FR"},{"@type":"Organization","@id":"https:\/\/kapitalis.com\/tunisie\/#organization","name":"Kapitalis","url":"https:\/\/kapitalis.com\/tunisie\/","logo":{"@type":"ImageObject","inLanguage":"fr-FR","@id":"https:\/\/kapitalis.com\/tunisie\/#\/schema\/logo\/image\/","url":"https:\/\/kapitalis.com\/tunisie\/wp-content\/uploads\/2022\/05\/Kapitalis-big-size.png","contentUrl":"https:\/\/kapitalis.com\/tunisie\/wp-content\/uploads\/2022\/05\/Kapitalis-big-size.png","width":5000,"height":1500,"caption":"Kapitalis"},"image":{"@id":"https:\/\/kapitalis.com\/tunisie\/#\/schema\/logo\/image\/"},"sameAs":["https:\/\/www.facebook.com\/KapitalisInfo\/","https:\/\/x.com\/KapitalisInfo","https:\/\/www.youtube.com\/channel\/UC-yDYrHyfFBWWZaOw3FPg9Q"]},{"@type":"Person","@id":"https:\/\/kapitalis.com\/tunisie\/#\/schema\/person\/d71f33a9ca44f7bad4698210b480c8e9","name":"webmaster kapitalis","url":"https:\/\/kapitalis.com\/tunisie\/author\/webmaster-kapitalis\/"}]}},"_links":{"self":[{"href":"https:\/\/kapitalis.com\/tunisie\/wp-json\/wp\/v2\/posts\/15382831","targetHints":{"allow":["GET"]}}],"collection":[{"href":"https:\/\/kapitalis.com\/tunisie\/wp-json\/wp\/v2\/posts"}],"about":[{"href":"https:\/\/kapitalis.com\/tunisie\/wp-json\/wp\/v2\/types\/post"}],"author":[{"embeddable":true,"href":"https:\/\/kapitalis.com\/tunisie\/wp-json\/wp\/v2\/users\/8"}],"replies":[{"embeddable":true,"href":"https:\/\/kapitalis.com\/tunisie\/wp-json\/wp\/v2\/comments?post=15382831"}],"version-history":[{"count":1,"href":"https:\/\/kapitalis.com\/tunisie\/wp-json\/wp\/v2\/posts\/15382831\/revisions"}],"predecessor-version":[{"id":15382946,"href":"https:\/\/kapitalis.com\/tunisie\/wp-json\/wp\/v2\/posts\/15382831\/revisions\/15382946"}],"wp:featuredmedia":[{"embeddable":true,"href":"https:\/\/kapitalis.com\/tunisie\/wp-json\/wp\/v2\/media\/15382904"}],"wp:attachment":[{"href":"https:\/\/kapitalis.com\/tunisie\/wp-json\/wp\/v2\/media?parent=15382831"}],"wp:term":[{"taxonomy":"category","embeddable":true,"href":"https:\/\/kapitalis.com\/tunisie\/wp-json\/wp\/v2\/categories?post=15382831"},{"taxonomy":"post_tag","embeddable":true,"href":"https:\/\/kapitalis.com\/tunisie\/wp-json\/wp\/v2\/tags?post=15382831"}],"curies":[{"name":"wp","href":"https:\/\/api.w.org\/{rel}","templated":true}]}}