{"id":15407445,"date":"2025-02-04T07:52:25","date_gmt":"2025-02-04T06:52:25","guid":{"rendered":"https:\/\/kapitalis.com\/tunisie\/?p=15407445"},"modified":"2025-02-04T07:52:25","modified_gmt":"2025-02-04T06:52:25","slug":"les-comar-dor-du-roman-tunisien-la-course-est-lancee","status":"publish","type":"post","link":"https:\/\/kapitalis.com\/tunisie\/2025\/02\/04\/les-comar-dor-du-roman-tunisien-la-course-est-lancee\/","title":{"rendered":"Les Comar d\u2019Or du roman tunisien\u00a0: la course est lanc\u00e9e"},"content":{"rendered":"\n<p><strong><em>La course pour les Prix Comar d\u2019Or du roman tunisien en langues arabe et fran\u00e7aise est lanc\u00e9e. Les jurys sont d\u00e9j\u00e0 \u00e0 pied d\u2019\u0153uvre et la c\u00e9r\u00e9monie de remise des prix de cette 29<sup>e<\/sup> \u00e9dition a \u00e9t\u00e9 fix\u00e9e au 17 mai 2025 au Th\u00e9\u00e2tre municipal de Tunis. <\/em><\/strong><em><strong>\u00a0<\/strong>(Illustration : les laur\u00e9at.e.s de la 28e \u00e9dition).<\/em><\/p>\n\n\n\n<!--more-->\n\n\n\n<p>Cette initiative fait partie des nombreuses actions men\u00e9es par la Compagnie m\u00e9diterran\u00e9enne d\u2019assurances et de r\u00e9assurances (Comar) dans les domaines social, culturel et sportif, dans le but de soutenir la production artistique et l\u2019animation culturelle au sein de l\u2019entreprise et au-del\u00e0, sur la sc\u00e8ne publique, concr\u00e9tisant ainsi sa politique d\u2019entreprise citoyenne.<\/p>\n\n\n\n<p>Les prix Comar du roman tunisien, qui c\u00e9l\u00e8breront l\u2019ann\u00e9e prochaine leur 30<sup>e<\/sup> anniversaire, sont d\u00e9cern\u00e9s, chaque ann\u00e9e, aux romans \u00e9crits par des auteurs tunisiens, publi\u00e9s en Tunisie ou \u00e0 l\u2019\u00e9tranger, en langues arabe et fran\u00e7aise, remarquables par la qualit\u00e9 de leur \u00e9criture, l\u2019originalit\u00e9 de leur th\u00e8me &nbsp;et leur apport \u00e0 la cr\u00e9ation litt\u00e9raire nationale.<\/p>\n\n\n\n<p>Depuis leur lancement en 1997, les prix Comar d\u2019Or se sont impos\u00e9s comme un moment important de la vie litt\u00e9raire, \u00e9ditoriale et m\u00e9diatique en Tunisie. Ils ont couronn\u00e9 les romanciers les importants et les \u0153uvres romanesques les plus en vue des trois derni\u00e8res d\u00e9cennies.<\/p>\n\n\n\n<p>Chaque ann\u00e9e, six romans et autant d\u2019auteurs, trois dans chacune des deux langues du prix, sont couronn\u00e9s par les trois prix embl\u00e9matiques. &nbsp;&nbsp;&nbsp;<strong><\/strong><\/p>\n\n\n\n<p>Le Comar d\u2019or, dot\u00e9 d\u2019un montant de 10 000DT chacun, est d\u00e9cern\u00e9 aux deux meilleurs romans de tous points de vue, dans l\u2019une et l\u2019autre langue, publi\u00e9s entre deux sessions.<\/p>\n\n\n\n<p>Le Prix sp\u00e9cial du jury, dot\u00e9 d\u2019un montant de &nbsp;5 000DT chacun, est d\u00e9cern\u00e9 aux deux romans, dans l\u2019une et l\u2019autre langue, pr\u00e9sentant une r\u00e9elle originalit\u00e9 sur le fond et la forme et qui, aux yeux des membres du jury, m\u00e9ritent d\u2019\u00eatre \u00e9galement distingu\u00e9s.<\/p>\n\n\n\n<p>Le prix D\u00e9couverte, dot\u00e9 d&rsquo;un montant de 2 500DT chacun, est d\u00e9cern\u00e9 aux deux romans, dans l\u2019une et l&rsquo;autre langue, o\u00f9 les jurys d\u00e9c\u00e8lent de r\u00e9elles promesses.<\/p>\n\n\n\n<p>Sont concern\u00e9s par ces prix tous les romans \u00e9crits par des auteurs de nationalit\u00e9 tunisienne publi\u00e9s en Tunisie ou \u00e0 l\u2019\u00e9tranger entre le 1<sup>er<\/sup> avril de l\u2019ann\u00e9e derni\u00e8re et le 31 mars de l\u2019ann\u00e9e en cours.<\/p>\n","protected":false},"excerpt":{"rendered":"<p>La course pour les Prix Comar d\u2019Or du roman tunisien en langues arabe et fran\u00e7aise est lanc\u00e9e. <\/p>\n","protected":false},"author":8,"featured_media":15407493,"comment_status":"open","ping_status":"open","sticky":false,"template":"","format":"standard","meta":{"footnotes":""},"categories":[1],"tags":[22214,15815],"class_list":["post-15407445","post","type-post","status-publish","format-standard","has-post-thumbnail","hentry","category-non-classe","tag-assurances-comar","tag-prix-comar-dor"],"yoast_head":"<!-- This site is optimized with the Yoast SEO plugin v26.6 - https:\/\/yoast.com\/wordpress\/plugins\/seo\/ -->\n<title>Les Comar d\u2019Or du roman tunisien\u00a0: la course est lanc\u00e9e - Kapitalis<\/title>\n<meta name=\"robots\" content=\"index, follow, max-snippet:-1, max-image-preview:large, max-video-preview:-1\" \/>\n<link rel=\"canonical\" href=\"https:\/\/kapitalis.com\/tunisie\/2025\/02\/04\/les-comar-dor-du-roman-tunisien-la-course-est-lancee\/\" \/>\n<meta property=\"og:locale\" content=\"fr_FR\" \/>\n<meta property=\"og:type\" content=\"article\" \/>\n<meta property=\"og:title\" content=\"Les Comar d\u2019Or du roman tunisien\u00a0: la course est lanc\u00e9e - Kapitalis\" \/>\n<meta property=\"og:description\" content=\"La course pour les Prix Comar d\u2019Or du roman tunisien en langues arabe et fran\u00e7aise est lanc\u00e9e.\" \/>\n<meta property=\"og:url\" content=\"https:\/\/kapitalis.com\/tunisie\/2025\/02\/04\/les-comar-dor-du-roman-tunisien-la-course-est-lancee\/\" \/>\n<meta property=\"og:site_name\" content=\"Kapitalis\" \/>\n<meta property=\"article:publisher\" content=\"https:\/\/www.facebook.com\/KapitalisInfo\/\" \/>\n<meta property=\"article:published_time\" content=\"2025-02-04T06:52:25+00:00\" \/>\n<meta property=\"og:image\" content=\"https:\/\/kapitalis.com\/tunisie\/wp-content\/uploads\/2025\/02\/Comar-dor-2024.jpg\" \/>\n\t<meta property=\"og:image:width\" content=\"1200\" \/>\n\t<meta property=\"og:image:height\" content=\"630\" \/>\n\t<meta property=\"og:image:type\" content=\"image\/jpeg\" \/>\n<meta name=\"author\" content=\"webmaster kapitalis\" \/>\n<meta name=\"twitter:card\" content=\"summary_large_image\" \/>\n<meta name=\"twitter:creator\" content=\"@KapitalisInfo\" \/>\n<meta name=\"twitter:site\" content=\"@KapitalisInfo\" \/>\n<meta name=\"twitter:label1\" content=\"\u00c9crit par\" \/>\n\t<meta name=\"twitter:data1\" content=\"webmaster kapitalis\" \/>\n\t<meta name=\"twitter:label2\" content=\"Dur\u00e9e de lecture estim\u00e9e\" \/>\n\t<meta name=\"twitter:data2\" content=\"3 minutes\" \/>\n<script type=\"application\/ld+json\" class=\"yoast-schema-graph\">{\"@context\":\"https:\/\/schema.org\",\"@graph\":[{\"@type\":\"Article\",\"@id\":\"https:\/\/kapitalis.com\/tunisie\/2025\/02\/04\/les-comar-dor-du-roman-tunisien-la-course-est-lancee\/#article\",\"isPartOf\":{\"@id\":\"https:\/\/kapitalis.com\/tunisie\/2025\/02\/04\/les-comar-dor-du-roman-tunisien-la-course-est-lancee\/\"},\"author\":{\"name\":\"webmaster kapitalis\",\"@id\":\"https:\/\/kapitalis.com\/tunisie\/#\/schema\/person\/d71f33a9ca44f7bad4698210b480c8e9\"},\"headline\":\"Les Comar d\u2019Or du roman tunisien\u00a0: la course est lanc\u00e9e\",\"datePublished\":\"2025-02-04T06:52:25+00:00\",\"mainEntityOfPage\":{\"@id\":\"https:\/\/kapitalis.com\/tunisie\/2025\/02\/04\/les-comar-dor-du-roman-tunisien-la-course-est-lancee\/\"},\"wordCount\":444,\"commentCount\":0,\"publisher\":{\"@id\":\"https:\/\/kapitalis.com\/tunisie\/#organization\"},\"image\":{\"@id\":\"https:\/\/kapitalis.com\/tunisie\/2025\/02\/04\/les-comar-dor-du-roman-tunisien-la-course-est-lancee\/#primaryimage\"},\"thumbnailUrl\":\"https:\/\/kapitalis.com\/tunisie\/wp-content\/uploads\/2025\/02\/Comar-dor-2024.jpg\",\"keywords\":[\"Assurances Comar\",\"prix Comar d\u2019Or\"],\"inLanguage\":\"fr-FR\",\"potentialAction\":[{\"@type\":\"CommentAction\",\"name\":\"Comment\",\"target\":[\"https:\/\/kapitalis.com\/tunisie\/2025\/02\/04\/les-comar-dor-du-roman-tunisien-la-course-est-lancee\/#respond\"]}]},{\"@type\":\"WebPage\",\"@id\":\"https:\/\/kapitalis.com\/tunisie\/2025\/02\/04\/les-comar-dor-du-roman-tunisien-la-course-est-lancee\/\",\"url\":\"https:\/\/kapitalis.com\/tunisie\/2025\/02\/04\/les-comar-dor-du-roman-tunisien-la-course-est-lancee\/\",\"name\":\"Les Comar d\u2019Or du roman tunisien\u00a0: la course est lanc\u00e9e - Kapitalis\",\"isPartOf\":{\"@id\":\"https:\/\/kapitalis.com\/tunisie\/#website\"},\"primaryImageOfPage\":{\"@id\":\"https:\/\/kapitalis.com\/tunisie\/2025\/02\/04\/les-comar-dor-du-roman-tunisien-la-course-est-lancee\/#primaryimage\"},\"image\":{\"@id\":\"https:\/\/kapitalis.com\/tunisie\/2025\/02\/04\/les-comar-dor-du-roman-tunisien-la-course-est-lancee\/#primaryimage\"},\"thumbnailUrl\":\"https:\/\/kapitalis.com\/tunisie\/wp-content\/uploads\/2025\/02\/Comar-dor-2024.jpg\",\"datePublished\":\"2025-02-04T06:52:25+00:00\",\"breadcrumb\":{\"@id\":\"https:\/\/kapitalis.com\/tunisie\/2025\/02\/04\/les-comar-dor-du-roman-tunisien-la-course-est-lancee\/#breadcrumb\"},\"inLanguage\":\"fr-FR\",\"potentialAction\":[{\"@type\":\"ReadAction\",\"target\":[\"https:\/\/kapitalis.com\/tunisie\/2025\/02\/04\/les-comar-dor-du-roman-tunisien-la-course-est-lancee\/\"]}]},{\"@type\":\"ImageObject\",\"inLanguage\":\"fr-FR\",\"@id\":\"https:\/\/kapitalis.com\/tunisie\/2025\/02\/04\/les-comar-dor-du-roman-tunisien-la-course-est-lancee\/#primaryimage\",\"url\":\"https:\/\/kapitalis.com\/tunisie\/wp-content\/uploads\/2025\/02\/Comar-dor-2024.jpg\",\"contentUrl\":\"https:\/\/kapitalis.com\/tunisie\/wp-content\/uploads\/2025\/02\/Comar-dor-2024.jpg\",\"width\":1200,\"height\":630},{\"@type\":\"BreadcrumbList\",\"@id\":\"https:\/\/kapitalis.com\/tunisie\/2025\/02\/04\/les-comar-dor-du-roman-tunisien-la-course-est-lancee\/#breadcrumb\",\"itemListElement\":[{\"@type\":\"ListItem\",\"position\":1,\"name\":\"Accueil\",\"item\":\"https:\/\/kapitalis.com\/tunisie\/\"},{\"@type\":\"ListItem\",\"position\":2,\"name\":\"Les Comar d\u2019Or du roman tunisien\u00a0: la course est lanc\u00e9e\"}]},{\"@type\":\"WebSite\",\"@id\":\"https:\/\/kapitalis.com\/tunisie\/#website\",\"url\":\"https:\/\/kapitalis.com\/tunisie\/\",\"name\":\"Kapitalis\",\"description\":\"L&#039;actualit\u00e9 en Tunisie et dans le monde\",\"publisher\":{\"@id\":\"https:\/\/kapitalis.com\/tunisie\/#organization\"},\"potentialAction\":[{\"@type\":\"SearchAction\",\"target\":{\"@type\":\"EntryPoint\",\"urlTemplate\":\"https:\/\/kapitalis.com\/tunisie\/?s={search_term_string}\"},\"query-input\":{\"@type\":\"PropertyValueSpecification\",\"valueRequired\":true,\"valueName\":\"search_term_string\"}}],\"inLanguage\":\"fr-FR\"},{\"@type\":\"Organization\",\"@id\":\"https:\/\/kapitalis.com\/tunisie\/#organization\",\"name\":\"Kapitalis\",\"url\":\"https:\/\/kapitalis.com\/tunisie\/\",\"logo\":{\"@type\":\"ImageObject\",\"inLanguage\":\"fr-FR\",\"@id\":\"https:\/\/kapitalis.com\/tunisie\/#\/schema\/logo\/image\/\",\"url\":\"https:\/\/kapitalis.com\/tunisie\/wp-content\/uploads\/2022\/05\/Kapitalis-big-size.png\",\"contentUrl\":\"https:\/\/kapitalis.com\/tunisie\/wp-content\/uploads\/2022\/05\/Kapitalis-big-size.png\",\"width\":5000,\"height\":1500,\"caption\":\"Kapitalis\"},\"image\":{\"@id\":\"https:\/\/kapitalis.com\/tunisie\/#\/schema\/logo\/image\/\"},\"sameAs\":[\"https:\/\/www.facebook.com\/KapitalisInfo\/\",\"https:\/\/x.com\/KapitalisInfo\",\"https:\/\/www.youtube.com\/channel\/UC-yDYrHyfFBWWZaOw3FPg9Q\"]},{\"@type\":\"Person\",\"@id\":\"https:\/\/kapitalis.com\/tunisie\/#\/schema\/person\/d71f33a9ca44f7bad4698210b480c8e9\",\"name\":\"webmaster kapitalis\",\"url\":\"https:\/\/kapitalis.com\/tunisie\/author\/webmaster-kapitalis\/\"}]}<\/script>\n<!-- \/ Yoast SEO plugin. -->","yoast_head_json":{"title":"Les Comar d\u2019Or du roman tunisien\u00a0: la course est lanc\u00e9e - Kapitalis","robots":{"index":"index","follow":"follow","max-snippet":"max-snippet:-1","max-image-preview":"max-image-preview:large","max-video-preview":"max-video-preview:-1"},"canonical":"https:\/\/kapitalis.com\/tunisie\/2025\/02\/04\/les-comar-dor-du-roman-tunisien-la-course-est-lancee\/","og_locale":"fr_FR","og_type":"article","og_title":"Les Comar d\u2019Or du roman tunisien\u00a0: la course est lanc\u00e9e - Kapitalis","og_description":"La course pour les Prix Comar d\u2019Or du roman tunisien en langues arabe et fran\u00e7aise est lanc\u00e9e.","og_url":"https:\/\/kapitalis.com\/tunisie\/2025\/02\/04\/les-comar-dor-du-roman-tunisien-la-course-est-lancee\/","og_site_name":"Kapitalis","article_publisher":"https:\/\/www.facebook.com\/KapitalisInfo\/","article_published_time":"2025-02-04T06:52:25+00:00","og_image":[{"width":1200,"height":630,"url":"https:\/\/kapitalis.com\/tunisie\/wp-content\/uploads\/2025\/02\/Comar-dor-2024.jpg","type":"image\/jpeg"}],"author":"webmaster kapitalis","twitter_card":"summary_large_image","twitter_creator":"@KapitalisInfo","twitter_site":"@KapitalisInfo","twitter_misc":{"\u00c9crit par":"webmaster kapitalis","Dur\u00e9e de lecture estim\u00e9e":"3 minutes"},"schema":{"@context":"https:\/\/schema.org","@graph":[{"@type":"Article","@id":"https:\/\/kapitalis.com\/tunisie\/2025\/02\/04\/les-comar-dor-du-roman-tunisien-la-course-est-lancee\/#article","isPartOf":{"@id":"https:\/\/kapitalis.com\/tunisie\/2025\/02\/04\/les-comar-dor-du-roman-tunisien-la-course-est-lancee\/"},"author":{"name":"webmaster kapitalis","@id":"https:\/\/kapitalis.com\/tunisie\/#\/schema\/person\/d71f33a9ca44f7bad4698210b480c8e9"},"headline":"Les Comar d\u2019Or du roman tunisien\u00a0: la course est lanc\u00e9e","datePublished":"2025-02-04T06:52:25+00:00","mainEntityOfPage":{"@id":"https:\/\/kapitalis.com\/tunisie\/2025\/02\/04\/les-comar-dor-du-roman-tunisien-la-course-est-lancee\/"},"wordCount":444,"commentCount":0,"publisher":{"@id":"https:\/\/kapitalis.com\/tunisie\/#organization"},"image":{"@id":"https:\/\/kapitalis.com\/tunisie\/2025\/02\/04\/les-comar-dor-du-roman-tunisien-la-course-est-lancee\/#primaryimage"},"thumbnailUrl":"https:\/\/kapitalis.com\/tunisie\/wp-content\/uploads\/2025\/02\/Comar-dor-2024.jpg","keywords":["Assurances Comar","prix Comar d\u2019Or"],"inLanguage":"fr-FR","potentialAction":[{"@type":"CommentAction","name":"Comment","target":["https:\/\/kapitalis.com\/tunisie\/2025\/02\/04\/les-comar-dor-du-roman-tunisien-la-course-est-lancee\/#respond"]}]},{"@type":"WebPage","@id":"https:\/\/kapitalis.com\/tunisie\/2025\/02\/04\/les-comar-dor-du-roman-tunisien-la-course-est-lancee\/","url":"https:\/\/kapitalis.com\/tunisie\/2025\/02\/04\/les-comar-dor-du-roman-tunisien-la-course-est-lancee\/","name":"Les Comar d\u2019Or du roman tunisien\u00a0: la course est lanc\u00e9e - Kapitalis","isPartOf":{"@id":"https:\/\/kapitalis.com\/tunisie\/#website"},"primaryImageOfPage":{"@id":"https:\/\/kapitalis.com\/tunisie\/2025\/02\/04\/les-comar-dor-du-roman-tunisien-la-course-est-lancee\/#primaryimage"},"image":{"@id":"https:\/\/kapitalis.com\/tunisie\/2025\/02\/04\/les-comar-dor-du-roman-tunisien-la-course-est-lancee\/#primaryimage"},"thumbnailUrl":"https:\/\/kapitalis.com\/tunisie\/wp-content\/uploads\/2025\/02\/Comar-dor-2024.jpg","datePublished":"2025-02-04T06:52:25+00:00","breadcrumb":{"@id":"https:\/\/kapitalis.com\/tunisie\/2025\/02\/04\/les-comar-dor-du-roman-tunisien-la-course-est-lancee\/#breadcrumb"},"inLanguage":"fr-FR","potentialAction":[{"@type":"ReadAction","target":["https:\/\/kapitalis.com\/tunisie\/2025\/02\/04\/les-comar-dor-du-roman-tunisien-la-course-est-lancee\/"]}]},{"@type":"ImageObject","inLanguage":"fr-FR","@id":"https:\/\/kapitalis.com\/tunisie\/2025\/02\/04\/les-comar-dor-du-roman-tunisien-la-course-est-lancee\/#primaryimage","url":"https:\/\/kapitalis.com\/tunisie\/wp-content\/uploads\/2025\/02\/Comar-dor-2024.jpg","contentUrl":"https:\/\/kapitalis.com\/tunisie\/wp-content\/uploads\/2025\/02\/Comar-dor-2024.jpg","width":1200,"height":630},{"@type":"BreadcrumbList","@id":"https:\/\/kapitalis.com\/tunisie\/2025\/02\/04\/les-comar-dor-du-roman-tunisien-la-course-est-lancee\/#breadcrumb","itemListElement":[{"@type":"ListItem","position":1,"name":"Accueil","item":"https:\/\/kapitalis.com\/tunisie\/"},{"@type":"ListItem","position":2,"name":"Les Comar d\u2019Or du roman tunisien\u00a0: la course est lanc\u00e9e"}]},{"@type":"WebSite","@id":"https:\/\/kapitalis.com\/tunisie\/#website","url":"https:\/\/kapitalis.com\/tunisie\/","name":"Kapitalis","description":"L&#039;actualit\u00e9 en Tunisie et dans le monde","publisher":{"@id":"https:\/\/kapitalis.com\/tunisie\/#organization"},"potentialAction":[{"@type":"SearchAction","target":{"@type":"EntryPoint","urlTemplate":"https:\/\/kapitalis.com\/tunisie\/?s={search_term_string}"},"query-input":{"@type":"PropertyValueSpecification","valueRequired":true,"valueName":"search_term_string"}}],"inLanguage":"fr-FR"},{"@type":"Organization","@id":"https:\/\/kapitalis.com\/tunisie\/#organization","name":"Kapitalis","url":"https:\/\/kapitalis.com\/tunisie\/","logo":{"@type":"ImageObject","inLanguage":"fr-FR","@id":"https:\/\/kapitalis.com\/tunisie\/#\/schema\/logo\/image\/","url":"https:\/\/kapitalis.com\/tunisie\/wp-content\/uploads\/2022\/05\/Kapitalis-big-size.png","contentUrl":"https:\/\/kapitalis.com\/tunisie\/wp-content\/uploads\/2022\/05\/Kapitalis-big-size.png","width":5000,"height":1500,"caption":"Kapitalis"},"image":{"@id":"https:\/\/kapitalis.com\/tunisie\/#\/schema\/logo\/image\/"},"sameAs":["https:\/\/www.facebook.com\/KapitalisInfo\/","https:\/\/x.com\/KapitalisInfo","https:\/\/www.youtube.com\/channel\/UC-yDYrHyfFBWWZaOw3FPg9Q"]},{"@type":"Person","@id":"https:\/\/kapitalis.com\/tunisie\/#\/schema\/person\/d71f33a9ca44f7bad4698210b480c8e9","name":"webmaster kapitalis","url":"https:\/\/kapitalis.com\/tunisie\/author\/webmaster-kapitalis\/"}]}},"_links":{"self":[{"href":"https:\/\/kapitalis.com\/tunisie\/wp-json\/wp\/v2\/posts\/15407445","targetHints":{"allow":["GET"]}}],"collection":[{"href":"https:\/\/kapitalis.com\/tunisie\/wp-json\/wp\/v2\/posts"}],"about":[{"href":"https:\/\/kapitalis.com\/tunisie\/wp-json\/wp\/v2\/types\/post"}],"author":[{"embeddable":true,"href":"https:\/\/kapitalis.com\/tunisie\/wp-json\/wp\/v2\/users\/8"}],"replies":[{"embeddable":true,"href":"https:\/\/kapitalis.com\/tunisie\/wp-json\/wp\/v2\/comments?post=15407445"}],"version-history":[{"count":1,"href":"https:\/\/kapitalis.com\/tunisie\/wp-json\/wp\/v2\/posts\/15407445\/revisions"}],"predecessor-version":[{"id":15407509,"href":"https:\/\/kapitalis.com\/tunisie\/wp-json\/wp\/v2\/posts\/15407445\/revisions\/15407509"}],"wp:featuredmedia":[{"embeddable":true,"href":"https:\/\/kapitalis.com\/tunisie\/wp-json\/wp\/v2\/media\/15407493"}],"wp:attachment":[{"href":"https:\/\/kapitalis.com\/tunisie\/wp-json\/wp\/v2\/media?parent=15407445"}],"wp:term":[{"taxonomy":"category","embeddable":true,"href":"https:\/\/kapitalis.com\/tunisie\/wp-json\/wp\/v2\/categories?post=15407445"},{"taxonomy":"post_tag","embeddable":true,"href":"https:\/\/kapitalis.com\/tunisie\/wp-json\/wp\/v2\/tags?post=15407445"}],"curies":[{"name":"wp","href":"https:\/\/api.w.org\/{rel}","templated":true}]}}