{"id":154128,"date":"2018-05-14T19:46:25","date_gmt":"2018-05-14T18:46:25","guid":{"rendered":"http:\/\/kapitalis.com\/tunisie\/?p=154128"},"modified":"2018-05-14T18:55:04","modified_gmt":"2018-05-14T17:55:04","slug":"palmlab-une-cabane-pedagogique-a-loasis-de-nefta","status":"publish","type":"post","link":"https:\/\/kapitalis.com\/tunisie\/2018\/05\/14\/palmlab-une-cabane-pedagogique-a-loasis-de-nefta\/","title":{"rendered":"PalmLab : Une cabane p\u00e9dagogique \u00e0 l\u2019oasis de Nefta"},"content":{"rendered":"<p style=\"text-align: center;\"><img loading=\"lazy\" decoding=\"async\" class=\"alignnone size-full wp-image-154129\" src=\"http:\/\/kapitalis.com\/tunisie\/wp-content\/uploads\/2018\/05\/PalmLab-Nefta.jpg\" alt=\"\" width=\"626\" height=\"380\" \/><\/p>\n<p><em><strong>L\u2019association PalmLab a inaugur\u00e9, samedi 12 mai 2018, la cabane p\u00e9dagogique de Matali Crasset, un espace de rencontre et de formation en permaculture en plein c\u0153ur de la Corbeille de Nefta, dans la r\u00e9gion oasienne, pr\u00e8s de Tozeur (sud-ouest de la Tunisie).<\/strong> <\/em><\/p>\n<p><!--more--><\/p>\n<p>Cet \u00e9v\u00e9nement a \u00e9t\u00e9 organis\u00e9 dans le cadre de la Semaine de l\u2019Europe en Tunisie, en pr\u00e9sence de Patrice Bergamini, ambassadeur de l\u2019Union europ\u00e9enne (UE) en Tunisie.<\/p>\n<p>Palm Lab est un laboratoire de r\u00e9flexion\/cr\u00e9ation d\u00e9di\u00e9 \u00e0 la corbeille de Nefta, en Tunisie. Il a \u00e9t\u00e9 pens\u00e9 par Matali Crasset, Patrick El Ouarghi et Philippe Chapelet d\u00e8s la cr\u00e9ation de leur \u00e9co-lodge Dar Hi, situ\u00e9 au c\u0153ur de Nefta et de sa palmeraie ancestrale. Il vise \u00e0 impulser une nouvelle \u00e9nergie dans la pr\u00e9servation de l\u2019oasis et de l\u2019artisanat de la ville de Nefta.<\/p>\n<p>Rassemblant un consortium multi-acteurs pluridisciplinaire, PalmLab s\u2019est associ\u00e9 \u00e0 l\u2019entreprise sociale Acacias for all dirig\u00e9e par <a href=\"http:\/\/kapitalis.com\/tunisie\/2016\/01\/23\/sarah-toumi-au-top-30-des-meilleurs-entrepreneurs-au-monde\/\">Sarah Toumi<\/a>, qui conseille \u00e9galement Emmanuel Macron au sein du Conseil pr\u00e9sidentiel pour l\u2019Afrique en France.<\/p>\n<p>Ensemble, ils ont d\u00e9velopp\u00e9 une nouvelle logique de r\u00e9flexion et d\u2019action pour r\u00e9soudre les probl\u00e9matiques de d\u00e9veloppement dans la corbeille de Nefta, qui pourra s\u2019appliquer aux autres oasis de Tunisie et d\u2019Afrique du Nord, m\u00ealant agriculture, innovations technologiques, recyclage, \u00e9nergie verte, artisanat, culture et design.<\/p>\n<p>Cette cabane p\u00e9dagogique est pos\u00e9e sur une parcelle pilote en permaculture et servira \u00e0 abriter des formations dans le domaine, mais aussi \u00e0 la multiplication et conservation des semences paysannes de la corbeille de Nefta et la fabrication de compost gr\u00e2ce \u00e0 l\u2019acquisition d\u2019un broyeur.<\/p>\n<p>Ce projet est soutenu financi\u00e8rement par la D\u00e9l\u00e9gation Europ\u00e9enne en Tunisie. Le design en permaculture a \u00e9t\u00e9 r\u00e9alis\u00e9 sous la supervision d\u2019Abdelhamid Amami, un des fondateurs de l\u2019Association tunisienne de permaculture (ATP), qui apporte son expertise au projet b\u00e9n\u00e9volement.<\/p>\n<p>PalmLab ne compte pas s\u2019arr\u00eater l\u00e0. Sophie Renaud, directrice de l\u2019Institut dran\u00e7ais de Tunisie (IFT), et Robert Ness, directeur du British Council, ont \u00e9galement fait le d\u00e9placement pour soutenir le projet et d\u00e8s le mois de septembre, l\u2019association ouvrira \u00e0 Nefta un studio de musique, un caf\u00e9 culturel, et d\u00e9marrera des r\u00e9sidences artistiques en partenariat avec la Maison de l\u2019Image, sous la supervision de Wassim Ghozlani. Ces projets sont soutenus par le fond Tfanen-Tunisie Cr\u00e9ative.<\/p>\n<p><em><strong>Source<\/strong><\/em> : communiqu\u00e9.<\/p>\n<blockquote class=\"wp-embedded-content\" data-secret=\"4tkYmo1dNx\"><p><a href=\"https:\/\/kapitalis.com\/tunisie\/2018\/05\/07\/ferme-pedagogique-de-gabes-agroecologie-au-service-des-handicapes\/\">Ferme p\u00e9dagogique de Gab\u00e8s : Agro\u00e9cologie au service des handicap\u00e9s<\/a><\/p><\/blockquote>\n<p><iframe loading=\"lazy\" class=\"wp-embedded-content\" sandbox=\"allow-scripts\" security=\"restricted\" style=\"position: absolute; clip: rect(1px, 1px, 1px, 1px);\" title=\"\u00ab\u00a0Ferme p\u00e9dagogique de Gab\u00e8s : Agro\u00e9cologie au service des handicap\u00e9s\u00a0\u00bb &#8212; Kapitalis\" src=\"https:\/\/kapitalis.com\/tunisie\/2018\/05\/07\/ferme-pedagogique-de-gabes-agroecologie-au-service-des-handicapes\/embed\/#?secret=9Ti8dcq285#?secret=4tkYmo1dNx\" data-secret=\"4tkYmo1dNx\" width=\"600\" height=\"338\" frameborder=\"0\" marginwidth=\"0\" marginheight=\"0\" scrolling=\"no\"><\/iframe><\/p>\n<blockquote class=\"wp-embedded-content\" data-secret=\"1NdRDGeQfE\"><p><a href=\"https:\/\/kapitalis.com\/tunisie\/2017\/06\/01\/entre-hencha-et-el-kamour-les-deux-visages-de-la-tunisie\/\">Entre Hencha et El-Kamour : Les deux visages de la Tunisie<\/a><\/p><\/blockquote>\n<p><iframe loading=\"lazy\" class=\"wp-embedded-content\" sandbox=\"allow-scripts\" security=\"restricted\" style=\"position: absolute; clip: rect(1px, 1px, 1px, 1px);\" title=\"\u00ab\u00a0Entre Hencha et El-Kamour : Les deux visages de la Tunisie\u00a0\u00bb &#8212; Kapitalis\" src=\"https:\/\/kapitalis.com\/tunisie\/2017\/06\/01\/entre-hencha-et-el-kamour-les-deux-visages-de-la-tunisie\/embed\/#?secret=sm6W7jBSVp#?secret=1NdRDGeQfE\" data-secret=\"1NdRDGeQfE\" width=\"600\" height=\"338\" frameborder=\"0\" marginwidth=\"0\" marginheight=\"0\" scrolling=\"no\"><\/iframe><\/p>\n<p>&nbsp;<\/p>\n","protected":false},"excerpt":{"rendered":"<p>L\u2019association PalmLab a inaugur\u00e9, samedi 12 mai 2018, la cabane p\u00e9dagogique de Matali Crasset, un espace de rencontre et de formation en permaculture en plein c\u0153ur de la Corbeille de Nefta, dans la r\u00e9gion oasienne, pr\u00e8s de Tozeur (sud-ouest de la Tunisie).<\/p>\n","protected":false},"author":8,"featured_media":154129,"comment_status":"open","ping_status":"open","sticky":false,"template":"","format":"standard","meta":{"footnotes":""},"categories":[995,2433],"tags":[4243,1208],"class_list":["post-154128","post","type-post","status-publish","format-standard","has-post-thumbnail","hentry","category-economie","category-tunisie","tag-nefta","tag-tozeur"],"yoast_head":"<!-- This site is optimized with the Yoast SEO plugin v26.6 - https:\/\/yoast.com\/wordpress\/plugins\/seo\/ -->\n<title>PalmLab : Une cabane p\u00e9dagogique \u00e0 l\u2019oasis de Nefta - Kapitalis<\/title>\n<meta name=\"robots\" content=\"index, follow, max-snippet:-1, max-image-preview:large, max-video-preview:-1\" \/>\n<link rel=\"canonical\" href=\"https:\/\/kapitalis.com\/tunisie\/2018\/05\/14\/palmlab-une-cabane-pedagogique-a-loasis-de-nefta\/\" \/>\n<meta property=\"og:locale\" content=\"fr_FR\" \/>\n<meta property=\"og:type\" content=\"article\" \/>\n<meta property=\"og:title\" content=\"PalmLab : Une cabane p\u00e9dagogique \u00e0 l\u2019oasis de Nefta - Kapitalis\" \/>\n<meta property=\"og:description\" content=\"L\u2019association PalmLab a inaugur\u00e9, samedi 12 mai 2018, la cabane p\u00e9dagogique de Matali Crasset, un espace de rencontre et de formation en permaculture en plein c\u0153ur de la Corbeille de Nefta, dans la r\u00e9gion oasienne, pr\u00e8s de Tozeur (sud-ouest de la Tunisie).\" \/>\n<meta property=\"og:url\" content=\"https:\/\/kapitalis.com\/tunisie\/2018\/05\/14\/palmlab-une-cabane-pedagogique-a-loasis-de-nefta\/\" \/>\n<meta property=\"og:site_name\" content=\"Kapitalis\" \/>\n<meta property=\"article:publisher\" content=\"https:\/\/www.facebook.com\/KapitalisInfo\/\" \/>\n<meta property=\"article:published_time\" content=\"2018-05-14T18:46:25+00:00\" \/>\n<meta property=\"og:image\" content=\"https:\/\/kapitalis.com\/tunisie\/wp-content\/uploads\/2022\/05\/kapitalis-logo-fb.png\" \/>\n\t<meta property=\"og:image:width\" content=\"1200\" \/>\n\t<meta property=\"og:image:height\" content=\"630\" \/>\n\t<meta property=\"og:image:type\" content=\"image\/png\" \/>\n<meta name=\"author\" content=\"webmaster kapitalis\" \/>\n<meta name=\"twitter:card\" content=\"summary_large_image\" \/>\n<meta name=\"twitter:creator\" content=\"@KapitalisInfo\" \/>\n<meta name=\"twitter:site\" content=\"@KapitalisInfo\" \/>\n<meta name=\"twitter:label1\" content=\"\u00c9crit par\" \/>\n\t<meta name=\"twitter:data1\" content=\"webmaster kapitalis\" \/>\n\t<meta name=\"twitter:label2\" content=\"Dur\u00e9e de lecture estim\u00e9e\" \/>\n\t<meta name=\"twitter:data2\" content=\"2 minutes\" \/>\n<script type=\"application\/ld+json\" class=\"yoast-schema-graph\">{\"@context\":\"https:\/\/schema.org\",\"@graph\":[{\"@type\":\"Article\",\"@id\":\"https:\/\/kapitalis.com\/tunisie\/2018\/05\/14\/palmlab-une-cabane-pedagogique-a-loasis-de-nefta\/#article\",\"isPartOf\":{\"@id\":\"https:\/\/kapitalis.com\/tunisie\/2018\/05\/14\/palmlab-une-cabane-pedagogique-a-loasis-de-nefta\/\"},\"author\":{\"name\":\"webmaster kapitalis\",\"@id\":\"https:\/\/kapitalis.com\/tunisie\/#\/schema\/person\/d71f33a9ca44f7bad4698210b480c8e9\"},\"headline\":\"PalmLab : Une cabane p\u00e9dagogique \u00e0 l\u2019oasis de Nefta\",\"datePublished\":\"2018-05-14T18:46:25+00:00\",\"mainEntityOfPage\":{\"@id\":\"https:\/\/kapitalis.com\/tunisie\/2018\/05\/14\/palmlab-une-cabane-pedagogique-a-loasis-de-nefta\/\"},\"wordCount\":443,\"commentCount\":0,\"publisher\":{\"@id\":\"https:\/\/kapitalis.com\/tunisie\/#organization\"},\"image\":{\"@id\":\"https:\/\/kapitalis.com\/tunisie\/2018\/05\/14\/palmlab-une-cabane-pedagogique-a-loasis-de-nefta\/#primaryimage\"},\"thumbnailUrl\":\"\",\"keywords\":[\"Nefta\",\"Tozeur\"],\"articleSection\":[\"ECONOMIE\",\"Tunisie\"],\"inLanguage\":\"fr-FR\",\"potentialAction\":[{\"@type\":\"CommentAction\",\"name\":\"Comment\",\"target\":[\"https:\/\/kapitalis.com\/tunisie\/2018\/05\/14\/palmlab-une-cabane-pedagogique-a-loasis-de-nefta\/#respond\"]}]},{\"@type\":\"WebPage\",\"@id\":\"https:\/\/kapitalis.com\/tunisie\/2018\/05\/14\/palmlab-une-cabane-pedagogique-a-loasis-de-nefta\/\",\"url\":\"https:\/\/kapitalis.com\/tunisie\/2018\/05\/14\/palmlab-une-cabane-pedagogique-a-loasis-de-nefta\/\",\"name\":\"PalmLab : Une cabane p\u00e9dagogique \u00e0 l\u2019oasis de Nefta - Kapitalis\",\"isPartOf\":{\"@id\":\"https:\/\/kapitalis.com\/tunisie\/#website\"},\"primaryImageOfPage\":{\"@id\":\"https:\/\/kapitalis.com\/tunisie\/2018\/05\/14\/palmlab-une-cabane-pedagogique-a-loasis-de-nefta\/#primaryimage\"},\"image\":{\"@id\":\"https:\/\/kapitalis.com\/tunisie\/2018\/05\/14\/palmlab-une-cabane-pedagogique-a-loasis-de-nefta\/#primaryimage\"},\"thumbnailUrl\":\"\",\"datePublished\":\"2018-05-14T18:46:25+00:00\",\"breadcrumb\":{\"@id\":\"https:\/\/kapitalis.com\/tunisie\/2018\/05\/14\/palmlab-une-cabane-pedagogique-a-loasis-de-nefta\/#breadcrumb\"},\"inLanguage\":\"fr-FR\",\"potentialAction\":[{\"@type\":\"ReadAction\",\"target\":[\"https:\/\/kapitalis.com\/tunisie\/2018\/05\/14\/palmlab-une-cabane-pedagogique-a-loasis-de-nefta\/\"]}]},{\"@type\":\"ImageObject\",\"inLanguage\":\"fr-FR\",\"@id\":\"https:\/\/kapitalis.com\/tunisie\/2018\/05\/14\/palmlab-une-cabane-pedagogique-a-loasis-de-nefta\/#primaryimage\",\"url\":\"\",\"contentUrl\":\"\"},{\"@type\":\"BreadcrumbList\",\"@id\":\"https:\/\/kapitalis.com\/tunisie\/2018\/05\/14\/palmlab-une-cabane-pedagogique-a-loasis-de-nefta\/#breadcrumb\",\"itemListElement\":[{\"@type\":\"ListItem\",\"position\":1,\"name\":\"Accueil\",\"item\":\"https:\/\/kapitalis.com\/tunisie\/\"},{\"@type\":\"ListItem\",\"position\":2,\"name\":\"PalmLab : Une cabane p\u00e9dagogique \u00e0 l\u2019oasis de Nefta\"}]},{\"@type\":\"WebSite\",\"@id\":\"https:\/\/kapitalis.com\/tunisie\/#website\",\"url\":\"https:\/\/kapitalis.com\/tunisie\/\",\"name\":\"Kapitalis\",\"description\":\"L&#039;actualit\u00e9 en Tunisie et dans le monde\",\"publisher\":{\"@id\":\"https:\/\/kapitalis.com\/tunisie\/#organization\"},\"potentialAction\":[{\"@type\":\"SearchAction\",\"target\":{\"@type\":\"EntryPoint\",\"urlTemplate\":\"https:\/\/kapitalis.com\/tunisie\/?s={search_term_string}\"},\"query-input\":{\"@type\":\"PropertyValueSpecification\",\"valueRequired\":true,\"valueName\":\"search_term_string\"}}],\"inLanguage\":\"fr-FR\"},{\"@type\":\"Organization\",\"@id\":\"https:\/\/kapitalis.com\/tunisie\/#organization\",\"name\":\"Kapitalis\",\"url\":\"https:\/\/kapitalis.com\/tunisie\/\",\"logo\":{\"@type\":\"ImageObject\",\"inLanguage\":\"fr-FR\",\"@id\":\"https:\/\/kapitalis.com\/tunisie\/#\/schema\/logo\/image\/\",\"url\":\"https:\/\/kapitalis.com\/tunisie\/wp-content\/uploads\/2022\/05\/Kapitalis-big-size.png\",\"contentUrl\":\"https:\/\/kapitalis.com\/tunisie\/wp-content\/uploads\/2022\/05\/Kapitalis-big-size.png\",\"width\":5000,\"height\":1500,\"caption\":\"Kapitalis\"},\"image\":{\"@id\":\"https:\/\/kapitalis.com\/tunisie\/#\/schema\/logo\/image\/\"},\"sameAs\":[\"https:\/\/www.facebook.com\/KapitalisInfo\/\",\"https:\/\/x.com\/KapitalisInfo\",\"https:\/\/www.youtube.com\/channel\/UC-yDYrHyfFBWWZaOw3FPg9Q\"]},{\"@type\":\"Person\",\"@id\":\"https:\/\/kapitalis.com\/tunisie\/#\/schema\/person\/d71f33a9ca44f7bad4698210b480c8e9\",\"name\":\"webmaster kapitalis\",\"url\":\"https:\/\/kapitalis.com\/tunisie\/author\/webmaster-kapitalis\/\"}]}<\/script>\n<!-- \/ Yoast SEO plugin. -->","yoast_head_json":{"title":"PalmLab : Une cabane p\u00e9dagogique \u00e0 l\u2019oasis de Nefta - Kapitalis","robots":{"index":"index","follow":"follow","max-snippet":"max-snippet:-1","max-image-preview":"max-image-preview:large","max-video-preview":"max-video-preview:-1"},"canonical":"https:\/\/kapitalis.com\/tunisie\/2018\/05\/14\/palmlab-une-cabane-pedagogique-a-loasis-de-nefta\/","og_locale":"fr_FR","og_type":"article","og_title":"PalmLab : Une cabane p\u00e9dagogique \u00e0 l\u2019oasis de Nefta - Kapitalis","og_description":"L\u2019association PalmLab a inaugur\u00e9, samedi 12 mai 2018, la cabane p\u00e9dagogique de Matali Crasset, un espace de rencontre et de formation en permaculture en plein c\u0153ur de la Corbeille de Nefta, dans la r\u00e9gion oasienne, pr\u00e8s de Tozeur (sud-ouest de la Tunisie).","og_url":"https:\/\/kapitalis.com\/tunisie\/2018\/05\/14\/palmlab-une-cabane-pedagogique-a-loasis-de-nefta\/","og_site_name":"Kapitalis","article_publisher":"https:\/\/www.facebook.com\/KapitalisInfo\/","article_published_time":"2018-05-14T18:46:25+00:00","og_image":[{"width":1200,"height":630,"url":"https:\/\/kapitalis.com\/tunisie\/wp-content\/uploads\/2022\/05\/kapitalis-logo-fb.png","type":"image\/png"}],"author":"webmaster kapitalis","twitter_card":"summary_large_image","twitter_creator":"@KapitalisInfo","twitter_site":"@KapitalisInfo","twitter_misc":{"\u00c9crit par":"webmaster kapitalis","Dur\u00e9e de lecture estim\u00e9e":"2 minutes"},"schema":{"@context":"https:\/\/schema.org","@graph":[{"@type":"Article","@id":"https:\/\/kapitalis.com\/tunisie\/2018\/05\/14\/palmlab-une-cabane-pedagogique-a-loasis-de-nefta\/#article","isPartOf":{"@id":"https:\/\/kapitalis.com\/tunisie\/2018\/05\/14\/palmlab-une-cabane-pedagogique-a-loasis-de-nefta\/"},"author":{"name":"webmaster kapitalis","@id":"https:\/\/kapitalis.com\/tunisie\/#\/schema\/person\/d71f33a9ca44f7bad4698210b480c8e9"},"headline":"PalmLab : Une cabane p\u00e9dagogique \u00e0 l\u2019oasis de Nefta","datePublished":"2018-05-14T18:46:25+00:00","mainEntityOfPage":{"@id":"https:\/\/kapitalis.com\/tunisie\/2018\/05\/14\/palmlab-une-cabane-pedagogique-a-loasis-de-nefta\/"},"wordCount":443,"commentCount":0,"publisher":{"@id":"https:\/\/kapitalis.com\/tunisie\/#organization"},"image":{"@id":"https:\/\/kapitalis.com\/tunisie\/2018\/05\/14\/palmlab-une-cabane-pedagogique-a-loasis-de-nefta\/#primaryimage"},"thumbnailUrl":"","keywords":["Nefta","Tozeur"],"articleSection":["ECONOMIE","Tunisie"],"inLanguage":"fr-FR","potentialAction":[{"@type":"CommentAction","name":"Comment","target":["https:\/\/kapitalis.com\/tunisie\/2018\/05\/14\/palmlab-une-cabane-pedagogique-a-loasis-de-nefta\/#respond"]}]},{"@type":"WebPage","@id":"https:\/\/kapitalis.com\/tunisie\/2018\/05\/14\/palmlab-une-cabane-pedagogique-a-loasis-de-nefta\/","url":"https:\/\/kapitalis.com\/tunisie\/2018\/05\/14\/palmlab-une-cabane-pedagogique-a-loasis-de-nefta\/","name":"PalmLab : Une cabane p\u00e9dagogique \u00e0 l\u2019oasis de Nefta - Kapitalis","isPartOf":{"@id":"https:\/\/kapitalis.com\/tunisie\/#website"},"primaryImageOfPage":{"@id":"https:\/\/kapitalis.com\/tunisie\/2018\/05\/14\/palmlab-une-cabane-pedagogique-a-loasis-de-nefta\/#primaryimage"},"image":{"@id":"https:\/\/kapitalis.com\/tunisie\/2018\/05\/14\/palmlab-une-cabane-pedagogique-a-loasis-de-nefta\/#primaryimage"},"thumbnailUrl":"","datePublished":"2018-05-14T18:46:25+00:00","breadcrumb":{"@id":"https:\/\/kapitalis.com\/tunisie\/2018\/05\/14\/palmlab-une-cabane-pedagogique-a-loasis-de-nefta\/#breadcrumb"},"inLanguage":"fr-FR","potentialAction":[{"@type":"ReadAction","target":["https:\/\/kapitalis.com\/tunisie\/2018\/05\/14\/palmlab-une-cabane-pedagogique-a-loasis-de-nefta\/"]}]},{"@type":"ImageObject","inLanguage":"fr-FR","@id":"https:\/\/kapitalis.com\/tunisie\/2018\/05\/14\/palmlab-une-cabane-pedagogique-a-loasis-de-nefta\/#primaryimage","url":"","contentUrl":""},{"@type":"BreadcrumbList","@id":"https:\/\/kapitalis.com\/tunisie\/2018\/05\/14\/palmlab-une-cabane-pedagogique-a-loasis-de-nefta\/#breadcrumb","itemListElement":[{"@type":"ListItem","position":1,"name":"Accueil","item":"https:\/\/kapitalis.com\/tunisie\/"},{"@type":"ListItem","position":2,"name":"PalmLab : Une cabane p\u00e9dagogique \u00e0 l\u2019oasis de Nefta"}]},{"@type":"WebSite","@id":"https:\/\/kapitalis.com\/tunisie\/#website","url":"https:\/\/kapitalis.com\/tunisie\/","name":"Kapitalis","description":"L&#039;actualit\u00e9 en Tunisie et dans le monde","publisher":{"@id":"https:\/\/kapitalis.com\/tunisie\/#organization"},"potentialAction":[{"@type":"SearchAction","target":{"@type":"EntryPoint","urlTemplate":"https:\/\/kapitalis.com\/tunisie\/?s={search_term_string}"},"query-input":{"@type":"PropertyValueSpecification","valueRequired":true,"valueName":"search_term_string"}}],"inLanguage":"fr-FR"},{"@type":"Organization","@id":"https:\/\/kapitalis.com\/tunisie\/#organization","name":"Kapitalis","url":"https:\/\/kapitalis.com\/tunisie\/","logo":{"@type":"ImageObject","inLanguage":"fr-FR","@id":"https:\/\/kapitalis.com\/tunisie\/#\/schema\/logo\/image\/","url":"https:\/\/kapitalis.com\/tunisie\/wp-content\/uploads\/2022\/05\/Kapitalis-big-size.png","contentUrl":"https:\/\/kapitalis.com\/tunisie\/wp-content\/uploads\/2022\/05\/Kapitalis-big-size.png","width":5000,"height":1500,"caption":"Kapitalis"},"image":{"@id":"https:\/\/kapitalis.com\/tunisie\/#\/schema\/logo\/image\/"},"sameAs":["https:\/\/www.facebook.com\/KapitalisInfo\/","https:\/\/x.com\/KapitalisInfo","https:\/\/www.youtube.com\/channel\/UC-yDYrHyfFBWWZaOw3FPg9Q"]},{"@type":"Person","@id":"https:\/\/kapitalis.com\/tunisie\/#\/schema\/person\/d71f33a9ca44f7bad4698210b480c8e9","name":"webmaster kapitalis","url":"https:\/\/kapitalis.com\/tunisie\/author\/webmaster-kapitalis\/"}]}},"_links":{"self":[{"href":"https:\/\/kapitalis.com\/tunisie\/wp-json\/wp\/v2\/posts\/154128","targetHints":{"allow":["GET"]}}],"collection":[{"href":"https:\/\/kapitalis.com\/tunisie\/wp-json\/wp\/v2\/posts"}],"about":[{"href":"https:\/\/kapitalis.com\/tunisie\/wp-json\/wp\/v2\/types\/post"}],"author":[{"embeddable":true,"href":"https:\/\/kapitalis.com\/tunisie\/wp-json\/wp\/v2\/users\/8"}],"replies":[{"embeddable":true,"href":"https:\/\/kapitalis.com\/tunisie\/wp-json\/wp\/v2\/comments?post=154128"}],"version-history":[{"count":0,"href":"https:\/\/kapitalis.com\/tunisie\/wp-json\/wp\/v2\/posts\/154128\/revisions"}],"wp:featuredmedia":[{"embeddable":true,"href":"https:\/\/kapitalis.com\/tunisie\/wp-json\/wp\/v2\/media\/154129"}],"wp:attachment":[{"href":"https:\/\/kapitalis.com\/tunisie\/wp-json\/wp\/v2\/media?parent=154128"}],"wp:term":[{"taxonomy":"category","embeddable":true,"href":"https:\/\/kapitalis.com\/tunisie\/wp-json\/wp\/v2\/categories?post=154128"},{"taxonomy":"post_tag","embeddable":true,"href":"https:\/\/kapitalis.com\/tunisie\/wp-json\/wp\/v2\/tags?post=154128"}],"curies":[{"name":"wp","href":"https:\/\/api.w.org\/{rel}","templated":true}]}}