{"id":15421437,"date":"2025-02-05T09:03:21","date_gmt":"2025-02-05T08:03:21","guid":{"rendered":"https:\/\/kapitalis.com\/tunisie\/?p=15421437"},"modified":"2025-02-05T09:03:23","modified_gmt":"2025-02-05T08:03:23","slug":"israel-transforme-la-cisjordanie-en-deuxieme-gaza","status":"publish","type":"post","link":"https:\/\/kapitalis.com\/tunisie\/2025\/02\/05\/israel-transforme-la-cisjordanie-en-deuxieme-gaza\/","title":{"rendered":"Isra\u00ebl transforme la Cisjordanie en deuxi\u00e8me Gaza"},"content":{"rendered":"\n<p><strong><em>Le cessez-le-feu temporaire \u00e0 Gaza de 42 jours, dont les n\u00e9gociations pour le p\u00e9renniser viennent de d\u00e9buter, a \u00e9t\u00e9 accept\u00e9 par Isra\u00ebl non pas par renoncement aux pulsions bellicistes de la part de Benjamin Netanyahu et sa coalition de pyromanes mais pour s\u2019acharner sur la Cisjordanie que tous les sionistes r\u00eavent de rattacher \u00e0 Isra\u00ebl.&nbsp;<\/em><\/strong><\/p>\n\n\n\n<p><strong>Imed Bahri<\/strong><\/p>\n\n\n\n<!--more-->\n\n\n\n<p>Les d\u00e9molitions \u00e0 J\u00e9nine indiquent une nouvelle m\u00e9thode isra\u00e9lienne en Cisjordanie et nous assistons \u00e0 un pr\u00e9lude de la transformation de ce territoire en deuxi\u00e8me Gaza, a \u00e9crit Marcus Walker dans une enqu\u00eate publi\u00e9e par le <a href=\"https:\/\/www.wsj.com\/world\/middle-east\/demolitions-in-jenin-signal-israels-new-approach-in-the-west-bank-07ecc1c6\" target=\"_blank\" rel=\"noreferrer noopener\">Wall Street Journal<\/a>, ajoutant que les territoires palestiniens occup\u00e9s sont un champ de bataille pour Isra\u00ebl tandis que le camp de J\u00e9nine est devenu la ligne de front.<\/p>\n\n\n\n<p>Dimanche, les forces isra\u00e9liennes ont d\u00e9moli 23 b\u00e2timents \u00e0 J\u00e9nine et d\u00e9gag\u00e9 une route traversant le camp au milieu ce qui n\u2019est pas sans rappeler le corridor de Netzarim qui coupe en deux la bande de Gaza. Simultan\u00e9ment, des explosions ont \u00e9t\u00e9 entendues dans une grande partie du nord de la Cisjordanie.<\/p>\n\n\n\n<p>\u00c0 J\u00e9nine, ces \u00e9v\u00e9nements semblent indiquer une approche plus agressive de la part d\u2019Isra\u00ebl qui pourrait conduire \u00e0 un remodelage physique et politique de la Cisjordanie, indiquent des analystes isra\u00e9liens et palestiniens.<\/p>\n\n\n\n<p>De nombreux habitants de Cisjordanie craignent que les tentatives d\u2019Isra\u00ebl de r\u00e9primer par la force les groupes arm\u00e9s dans ce territoire conduisent \u00e0 des r\u00e9sultats similaires \u00e0 ceux observ\u00e9s \u00e0 Gaza: destruction de zones urbaines denses, d\u00e9placement de civils et chaos politique.<\/p>\n\n\n\n<p><em>\u00abIsra\u00ebl d\u00e9place la guerre vers la Cisjordanie\u00bb<\/em>, a d\u00e9clar\u00e9 le politicien palestinien Mustafa Barghouti notant que les forces isra\u00e9liennes \u00e9tendaient d\u00e9j\u00e0 leurs op\u00e9rations \u00e0 d\u2019autres parties de la r\u00e9gion.<\/p>\n\n\n\n<p>L\u2019arm\u00e9e isra\u00e9lienne affirme au contraire que les d\u00e9molitions qu\u2019elle a effectu\u00e9es dimanche visaient \u00e0 d\u00e9truire des habitations li\u00e9es \u00e0 des <em>\u00abstructures terroristes\u00bb<\/em>.<\/p>\n\n\n\n<h2 class=\"wp-block-heading\">Importants d\u00e9g\u00e2ts aux habitations denses<\/h2>\n\n\n\n<p>Le mois dernier, l\u2019arm\u00e9e a \u00e9largi ses objectifs officiels pour inclure la Cisjordanie promettant de d\u00e9raciner les groupes arm\u00e9s en commen\u00e7ant par J\u00e9nine. M\u00eame promesse \u00e0 Gaza au lendemain du 7 octobre pour \u00e9radiquer le Hamas et apr\u00e8s presque un an et demi de guerre destructrice, le groupe arm\u00e9 palestinien est loin d\u2019\u00eatre \u00e9radiqu\u00e9.&nbsp;<\/p>\n\n\n\n<p>La semaine derni\u00e8re, le ministre isra\u00e9lien de la D\u00e9fense Isra\u00ebl Katz qui a visit\u00e9 le camp avec des dirigeants militaires a d\u00e9clar\u00e9: <em>\u00abLe camp de J\u00e9nine ne redeviendra pas ce qu\u2019il \u00e9tait.\u00bb<\/em> Il a ajout\u00e9 qu\u2019apr\u00e8s l\u2019offensive actuelle, qui a commenc\u00e9 par des frappes a\u00e9riennes et une man\u0153uvre terrestre dans le camp il y a deux semaines, <em>\u00ables forces isra\u00e9liennes resteront dans le camp pour s\u2019assurer que le terrorisme ne revienne pas.\u00bb<\/em><\/p>\n\n\n\n<figure class=\"wp-block-embed is-type-wp-embed is-provider-kapitalis wp-block-embed-kapitalis\"><div class=\"wp-block-embed__wrapper\">\n<blockquote class=\"wp-embedded-content\" data-secret=\"XHJ8PKGKaG\"><a href=\"https:\/\/kapitalis.com\/tunisie\/2024\/12\/03\/le-plan-israelien-de-rattachement-de-la-cisjordanie\/\">Le plan isra\u00e9lien de rattachement de la Cisjordanie occup\u00e9e<\/a><\/blockquote><iframe loading=\"lazy\" class=\"wp-embedded-content\" sandbox=\"allow-scripts\" security=\"restricted\" style=\"position: absolute; visibility: hidden;\" title=\"\u00ab\u00a0Le plan isra\u00e9lien de rattachement de la Cisjordanie occup\u00e9e\u00a0\u00bb &#8212; Kapitalis\" src=\"https:\/\/kapitalis.com\/tunisie\/2024\/12\/03\/le-plan-israelien-de-rattachement-de-la-cisjordanie\/embed\/#?secret=TWetWmktkz#?secret=XHJ8PKGKaG\" data-secret=\"XHJ8PKGKaG\" width=\"600\" height=\"338\" frameborder=\"0\" marginwidth=\"0\" marginheight=\"0\" scrolling=\"no\"><\/iframe>\n<\/div><\/figure>\n\n\n\n<p>Katz n\u2019a pas pr\u00e9cis\u00e9 combien de temps les forces isra\u00e9liennes resteraient sur place ni qui gouvernerait la zone et fournirait les services de base aux r\u00e9sidents dans le cadre d\u2019une occupation \u00e0 long terme. L\u2019op\u00e9ration a caus\u00e9 d\u2019importants d\u00e9g\u00e2ts aux habitations denses du camp et de nombreuses familles ont fui mais d\u2019autres sont rest\u00e9es selon les r\u00e9sidents.<\/p>\n\n\n\n<p>Les habitants du camp et les analystes isra\u00e9liens affirment que les forces isra\u00e9liennes semblent d\u00e9couper le camp de J\u00e9nine en morceaux. Elles \u00e9largissent les routes avec des bulldozers et d\u00e9molissent des b\u00e2timents pour faciliter le mouvement des troupes \u00e0 travers le labyrinthe de ciment et de blocs de b\u00e9ton.<\/p>\n\n\n\n<h2 class=\"wp-block-heading\">L\u2019Autorit\u00e9 palestinienne totalement d\u00e9pass\u00e9<\/h2>\n\n\n\n<p>Michael Milstein, ancien chef de la division palestinienne au sein des renseignements militaires isra\u00e9liens (Aman), a d\u00e9clar\u00e9 que l\u2019approche \u00e9tait similaire \u00e0 celle des forces isra\u00e9liennes \u00e0 Gaza bien qu\u2019\u00e0 une \u00e9chelle plus petite. <em>\u00abIls essaient de diviser le camp en plusieurs parties. C\u2019est tr\u00e8s similaire au nord de Gaza. Il n\u2019est pas certain qu\u2019Isra\u00ebl ait un plan pour calmer la r\u00e9gion apr\u00e8s les combats. Comme \u00e0 Gaza, nous voyons des actions tactiques ou op\u00e9rationnelles, mais quelle est la strat\u00e9gie?\u00bb<\/em>, s\u2019interroge Milstein qui travaille aujourd\u2019hui comme chercheur \u00e0 l\u2019Universit\u00e9 de Tel Aviv.<\/p>\n\n\n\n<p>Les combats \u00e0 J\u00e9nine ont davantage affaibli l\u2019Autorit\u00e9 palestinienne (AP) qui gouverne certaines parties de la Cisjordanie en vertu d\u2019accords avec Isra\u00ebl sign\u00e9s dans les ann\u00e9es 1990. L\u2019AP et le mouvement Fatah qu\u2019elle contr\u00f4le ont \u00e9galement perdu une grande partie du soutien populaire en raison de la corruption, de la r\u00e9pression et de l\u2019incapacit\u00e9 \u00e0 atteindre les objectifs nationaux et le droit \u00e0 l\u2019autod\u00e9termination.<\/p>\n\n\n\n<p>Cet hiver, les forces de s\u00e9curit\u00e9 de l\u2019AP ont tent\u00e9 pendant plusieurs semaines de chasser les combattants du camp de J\u00e9nine mais sans grand succ\u00e8s. L\u2019arm\u00e9e isra\u00e9lienne a pris ensuite le contr\u00f4le du camp en utilisant une puissance de feu consid\u00e9rable. Les actions de l\u2019AP sont impopulaires parmi les Palestiniens. Beaucoup la consid\u00e8rent d\u00e9sormais comme un prestataire de s\u00e9curit\u00e9 pour l\u2019occupation isra\u00e9lienne.<\/p>\n\n\n\n<h2 class=\"wp-block-heading\">Un fief de la r\u00e9sistance \u00e0 l\u2019occupation isra\u00e9lienne<\/h2>\n\n\n\n<p>Le camp de J\u00e9nine est un labyrinthe de blocs de b\u00e9ton qui s\u2019\u00e9tend sur une colline au-dessus de la ville de J\u00e9nine, il a \u00e9t\u00e9 construit apr\u00e8s la guerre de 1948. Le camp est depuis longtemps un fief de la r\u00e9sistance arm\u00e9e \u00e0 l\u2019occupation isra\u00e9lienne de la Cisjordanie depuis 1967. Ces derni\u00e8res ann\u00e9es, des militants de diverses factions bas\u00e9es dans les camps de r\u00e9fugi\u00e9s ont men\u00e9 \u00e0 J\u00e9nine et dans d\u2019autres villes de Cisjordanie de nouvelles attaques contre des soldats et des colons isra\u00e9liens. Par cons\u00e9quent, ces attaques ont conduit l\u2019arm\u00e9e isra\u00e9lienne \u00e0 se concentrer davantage sur la Cisjordanie, \u00e0 y d\u00e9ployer davantage de troupes et ont de ce fait n\u00e9glig\u00e9 Gaza ce qui explique pourquoi l\u2019arm\u00e9e n\u2019a pas \u00e9t\u00e9 en mesure de pr\u00e9voir l\u2019op\u00e9ration D\u00e9luge d\u2019Al-Aqsa d\u2019octobre 2023, selon Lado Hecht, expert en d\u00e9fense \u00e0 l\u2019Universit\u00e9 Bar-Ilan. Le cessez-le-feu \u00e0 Gaza et au Liban a donc donn\u00e9 \u00e0 l\u2019arm\u00e9e l\u2019occasion de red\u00e9ployer ses forces et de se concentrer de nouveau sur la Cisjordanie.<\/p>\n\n\n\n<figure class=\"wp-block-embed is-type-wp-embed is-provider-kapitalis wp-block-embed-kapitalis\"><div class=\"wp-block-embed__wrapper\">\n<blockquote class=\"wp-embedded-content\" data-secret=\"BdZXkrYNYs\"><a href=\"https:\/\/kapitalis.com\/tunisie\/2024\/11\/27\/la-cisjordanie-sous-le-feu-israelien-jenine-lautre-gaza\/\">La Cisjordanie sous le feu isra\u00e9lien\u00a0: J\u00e9nine, l\u2019autre Gaza<\/a><\/blockquote><iframe loading=\"lazy\" class=\"wp-embedded-content\" sandbox=\"allow-scripts\" security=\"restricted\" style=\"position: absolute; visibility: hidden;\" title=\"\u00ab\u00a0La Cisjordanie sous le feu isra\u00e9lien\u00a0: J\u00e9nine, l\u2019autre Gaza\u00a0\u00bb &#8212; Kapitalis\" src=\"https:\/\/kapitalis.com\/tunisie\/2024\/11\/27\/la-cisjordanie-sous-le-feu-israelien-jenine-lautre-gaza\/embed\/#?secret=tsf39VvgLv#?secret=BdZXkrYNYs\" data-secret=\"BdZXkrYNYs\" width=\"600\" height=\"338\" frameborder=\"0\" marginwidth=\"0\" marginheight=\"0\" scrolling=\"no\"><\/iframe>\n<\/div><\/figure>\n\n\n\n<p>Certains responsables palestiniens affirment que le moment de l\u2019attaque isra\u00e9lienne contre J\u00e9nine est politique. L\u2019accord de cessez-le-feu de Gaza, qui a permis au Hamas de r\u00e9appara\u00eetre dans la bande de Gaza, a laiss\u00e9 de nombreux partisans du gouvernement de droite isra\u00e9lien en col\u00e8re et frustr\u00e9s. Le Premier ministre Benjamin Netanyahu et son alli\u00e9 de coalition d\u2019extr\u00eame droite, le ministre des Finances Bezalel Smotrich, ont pr\u00e9sent\u00e9 l\u2019escalade de la r\u00e9pression en Cisjordanie comme une continuation de la guerre pour tenter de satisfaire leurs sympathisants.<\/p>\n\n\n\n<p>Le journal am\u00e9ricain a cit\u00e9 le g\u00e9n\u00e9ral de brigade Anwar Rajab, porte-parole des forces de s\u00e9curit\u00e9 de l\u2019AP, qui a d\u00e9clar\u00e9 que l\u2019op\u00e9ration isra\u00e9lienne \u00e0 J\u00e9nine faisait partie d\u2019un effort plus large visant \u00e0 saper les forces de s\u00e9curit\u00e9 palestiniennes. Il a d\u00e9clar\u00e9 que l\u2019arm\u00e9e isra\u00e9lienne avait entrav\u00e9 l\u2019op\u00e9ration des forces de s\u00e9curit\u00e9 palestiniennes \u00e0 J\u00e9nine et a accus\u00e9 Isra\u00ebl de ne pas se coordonner avec elles. Et dans l\u2019autre sens, le gouvernement isra\u00e9lien accuse depuis longtemps l\u2019AP de soutenir et d\u2019inciter au terrorisme mais les services de s\u00e9curit\u00e9 isra\u00e9liens consid\u00e8rent l\u2019Autorit\u00e9 comme un partenaire important pour contenir les groupes arm\u00e9s.<\/p>\n\n\n\n<p>Dans le camp de J\u00e9nine et dans d\u2019autres parties de la Cisjordanie, une nouvelle g\u00e9n\u00e9ration de Palestiniens s\u2019est tourn\u00e9e vers les armes en raison des \u00e9checs de l\u2019AP, de la violence des colons et du manque de perspectives d\u2019une vie meilleure selon Nimrod Novick, ancien conseiller du gouvernement isra\u00e9lien. Il explique: <em>\u00abLes jeunes palestiniens, en particulier ceux qui ne se souviennent pas des cicatrices de la deuxi\u00e8me Intifada, recherchent une alternative violente.\u00bb<\/em><\/p>\n\n\n\n<p>Nimrod qui est aujourd\u2019hui membre de l\u2019Israel Policy Forum, un groupe de r\u00e9flexion bas\u00e9 aux \u00c9tats-Unis, ajoute que les destructions de J\u00e9nine pourraient devenir un mod\u00e8le pour les op\u00e9rations isra\u00e9liennes dans la r\u00e9gion. Il estime que nous assistons \u00e0 un lent glissement vers la transformation de la Cisjordanie en Gaza.<\/p>\n\n\n\n<figure class=\"wp-block-embed is-type-wp-embed is-provider-kapitalis wp-block-embed-kapitalis\"><div class=\"wp-block-embed__wrapper\">\n<blockquote class=\"wp-embedded-content\" data-secret=\"GRBjElOI2s\"><a href=\"https:\/\/kapitalis.com\/tunisie\/2023\/12\/14\/des-soldats-israeliens-effectuent-des-prieres-talmudiques-dans-une-mosquee-a-jenine-video\/\">Des soldats isra\u00e9liens effectuent des pri\u00e8res talmudiques dans une mosqu\u00e9e \u00e0 J\u00e9nine (vid\u00e9o)<\/a><\/blockquote><iframe loading=\"lazy\" class=\"wp-embedded-content\" sandbox=\"allow-scripts\" security=\"restricted\" style=\"position: absolute; visibility: hidden;\" title=\"\u00ab\u00a0Des soldats isra\u00e9liens effectuent des pri\u00e8res talmudiques dans une mosqu\u00e9e \u00e0 J\u00e9nine (vid\u00e9o)\u00a0\u00bb &#8212; Kapitalis\" src=\"https:\/\/kapitalis.com\/tunisie\/2023\/12\/14\/des-soldats-israeliens-effectuent-des-prieres-talmudiques-dans-une-mosquee-a-jenine-video\/embed\/#?secret=ey6vvDWa5f#?secret=GRBjElOI2s\" data-secret=\"GRBjElOI2s\" width=\"600\" height=\"338\" frameborder=\"0\" marginwidth=\"0\" marginheight=\"0\" scrolling=\"no\"><\/iframe>\n<\/div><\/figure>\n","protected":false},"excerpt":{"rendered":"<p>Isra\u00ebl profite du cessez-le-feu temporaire \u00e0 Gaza, pour s\u2019acharner sur la Cisjordanie que tous les sionistes r\u00eavent de rattacher \u00e0 l&rsquo;Etat h\u00e9breu.  <\/p>\n","protected":false},"author":8,"featured_media":15421493,"comment_status":"open","ping_status":"open","sticky":false,"template":"","format":"standard","meta":{"footnotes":""},"categories":[992,997,2433],"tags":[25024,78944,4027,2444,2478,99601,120573],"class_list":["post-15421437","post","type-post","status-publish","format-standard","has-post-thumbnail","hentry","category-a-la-une","category-politique","category-tunisie","tag-autorite-palestinienne","tag-benjamin-netanyahu","tag-cisjordanie","tag-gaza","tag-israel","tag-jenine","tag-mustafa-barghouti"],"yoast_head":"<!-- This site is optimized with the Yoast SEO plugin v26.6 - https:\/\/yoast.com\/wordpress\/plugins\/seo\/ -->\n<title>Isra\u00ebl transforme la Cisjordanie en deuxi\u00e8me Gaza - Kapitalis<\/title>\n<meta name=\"robots\" content=\"index, follow, max-snippet:-1, max-image-preview:large, max-video-preview:-1\" \/>\n<link rel=\"canonical\" href=\"https:\/\/kapitalis.com\/tunisie\/2025\/02\/05\/israel-transforme-la-cisjordanie-en-deuxieme-gaza\/\" \/>\n<meta property=\"og:locale\" content=\"fr_FR\" \/>\n<meta property=\"og:type\" content=\"article\" \/>\n<meta property=\"og:title\" content=\"Isra\u00ebl transforme la Cisjordanie en deuxi\u00e8me Gaza - Kapitalis\" \/>\n<meta property=\"og:description\" content=\"Isra\u00ebl profite du cessez-le-feu temporaire \u00e0 Gaza, pour s\u2019acharner sur la Cisjordanie que tous les sionistes r\u00eavent de rattacher \u00e0 l&#039;Etat h\u00e9breu.\" \/>\n<meta property=\"og:url\" content=\"https:\/\/kapitalis.com\/tunisie\/2025\/02\/05\/israel-transforme-la-cisjordanie-en-deuxieme-gaza\/\" \/>\n<meta property=\"og:site_name\" content=\"Kapitalis\" \/>\n<meta property=\"article:publisher\" content=\"https:\/\/www.facebook.com\/KapitalisInfo\/\" \/>\n<meta property=\"article:published_time\" content=\"2025-02-05T08:03:21+00:00\" \/>\n<meta property=\"article:modified_time\" content=\"2025-02-05T08:03:23+00:00\" \/>\n<meta property=\"og:image\" content=\"https:\/\/kapitalis.com\/tunisie\/wp-content\/uploads\/2025\/02\/Jenine-bombarde-par-Israel.jpg\" \/>\n\t<meta property=\"og:image:width\" content=\"1200\" \/>\n\t<meta property=\"og:image:height\" content=\"630\" \/>\n\t<meta property=\"og:image:type\" content=\"image\/jpeg\" \/>\n<meta name=\"author\" content=\"webmaster kapitalis\" \/>\n<meta name=\"twitter:card\" content=\"summary_large_image\" \/>\n<meta name=\"twitter:creator\" content=\"@KapitalisInfo\" \/>\n<meta name=\"twitter:site\" content=\"@KapitalisInfo\" \/>\n<meta name=\"twitter:label1\" content=\"\u00c9crit par\" \/>\n\t<meta name=\"twitter:data1\" content=\"webmaster kapitalis\" \/>\n\t<meta name=\"twitter:label2\" content=\"Dur\u00e9e de lecture estim\u00e9e\" \/>\n\t<meta name=\"twitter:data2\" content=\"7 minutes\" \/>\n<script type=\"application\/ld+json\" class=\"yoast-schema-graph\">{\"@context\":\"https:\/\/schema.org\",\"@graph\":[{\"@type\":\"Article\",\"@id\":\"https:\/\/kapitalis.com\/tunisie\/2025\/02\/05\/israel-transforme-la-cisjordanie-en-deuxieme-gaza\/#article\",\"isPartOf\":{\"@id\":\"https:\/\/kapitalis.com\/tunisie\/2025\/02\/05\/israel-transforme-la-cisjordanie-en-deuxieme-gaza\/\"},\"author\":{\"name\":\"webmaster kapitalis\",\"@id\":\"https:\/\/kapitalis.com\/tunisie\/#\/schema\/person\/d71f33a9ca44f7bad4698210b480c8e9\"},\"headline\":\"Isra\u00ebl transforme la Cisjordanie en deuxi\u00e8me Gaza\",\"datePublished\":\"2025-02-05T08:03:21+00:00\",\"dateModified\":\"2025-02-05T08:03:23+00:00\",\"mainEntityOfPage\":{\"@id\":\"https:\/\/kapitalis.com\/tunisie\/2025\/02\/05\/israel-transforme-la-cisjordanie-en-deuxieme-gaza\/\"},\"wordCount\":1466,\"commentCount\":1,\"publisher\":{\"@id\":\"https:\/\/kapitalis.com\/tunisie\/#organization\"},\"image\":{\"@id\":\"https:\/\/kapitalis.com\/tunisie\/2025\/02\/05\/israel-transforme-la-cisjordanie-en-deuxieme-gaza\/#primaryimage\"},\"thumbnailUrl\":\"https:\/\/kapitalis.com\/tunisie\/wp-content\/uploads\/2025\/02\/Jenine-bombarde-par-Israel.jpg\",\"keywords\":[\"Autorit\u00e9 Palestinienne\",\"Benjamin Netanyahu\",\"Cisjordanie\",\"Gaza\",\"Isra\u00ebl\",\"J\u00e9nine\",\"Mustafa Barghouti\"],\"articleSection\":[\"A LA UNE\",\"POLITIQUE\",\"Tunisie\"],\"inLanguage\":\"fr-FR\",\"potentialAction\":[{\"@type\":\"CommentAction\",\"name\":\"Comment\",\"target\":[\"https:\/\/kapitalis.com\/tunisie\/2025\/02\/05\/israel-transforme-la-cisjordanie-en-deuxieme-gaza\/#respond\"]}]},{\"@type\":\"WebPage\",\"@id\":\"https:\/\/kapitalis.com\/tunisie\/2025\/02\/05\/israel-transforme-la-cisjordanie-en-deuxieme-gaza\/\",\"url\":\"https:\/\/kapitalis.com\/tunisie\/2025\/02\/05\/israel-transforme-la-cisjordanie-en-deuxieme-gaza\/\",\"name\":\"Isra\u00ebl transforme la Cisjordanie en deuxi\u00e8me Gaza - Kapitalis\",\"isPartOf\":{\"@id\":\"https:\/\/kapitalis.com\/tunisie\/#website\"},\"primaryImageOfPage\":{\"@id\":\"https:\/\/kapitalis.com\/tunisie\/2025\/02\/05\/israel-transforme-la-cisjordanie-en-deuxieme-gaza\/#primaryimage\"},\"image\":{\"@id\":\"https:\/\/kapitalis.com\/tunisie\/2025\/02\/05\/israel-transforme-la-cisjordanie-en-deuxieme-gaza\/#primaryimage\"},\"thumbnailUrl\":\"https:\/\/kapitalis.com\/tunisie\/wp-content\/uploads\/2025\/02\/Jenine-bombarde-par-Israel.jpg\",\"datePublished\":\"2025-02-05T08:03:21+00:00\",\"dateModified\":\"2025-02-05T08:03:23+00:00\",\"breadcrumb\":{\"@id\":\"https:\/\/kapitalis.com\/tunisie\/2025\/02\/05\/israel-transforme-la-cisjordanie-en-deuxieme-gaza\/#breadcrumb\"},\"inLanguage\":\"fr-FR\",\"potentialAction\":[{\"@type\":\"ReadAction\",\"target\":[\"https:\/\/kapitalis.com\/tunisie\/2025\/02\/05\/israel-transforme-la-cisjordanie-en-deuxieme-gaza\/\"]}]},{\"@type\":\"ImageObject\",\"inLanguage\":\"fr-FR\",\"@id\":\"https:\/\/kapitalis.com\/tunisie\/2025\/02\/05\/israel-transforme-la-cisjordanie-en-deuxieme-gaza\/#primaryimage\",\"url\":\"https:\/\/kapitalis.com\/tunisie\/wp-content\/uploads\/2025\/02\/Jenine-bombarde-par-Israel.jpg\",\"contentUrl\":\"https:\/\/kapitalis.com\/tunisie\/wp-content\/uploads\/2025\/02\/Jenine-bombarde-par-Israel.jpg\",\"width\":1200,\"height\":630},{\"@type\":\"BreadcrumbList\",\"@id\":\"https:\/\/kapitalis.com\/tunisie\/2025\/02\/05\/israel-transforme-la-cisjordanie-en-deuxieme-gaza\/#breadcrumb\",\"itemListElement\":[{\"@type\":\"ListItem\",\"position\":1,\"name\":\"Accueil\",\"item\":\"https:\/\/kapitalis.com\/tunisie\/\"},{\"@type\":\"ListItem\",\"position\":2,\"name\":\"Isra\u00ebl transforme la Cisjordanie en deuxi\u00e8me Gaza\"}]},{\"@type\":\"WebSite\",\"@id\":\"https:\/\/kapitalis.com\/tunisie\/#website\",\"url\":\"https:\/\/kapitalis.com\/tunisie\/\",\"name\":\"Kapitalis\",\"description\":\"L&#039;actualit\u00e9 en Tunisie et dans le monde\",\"publisher\":{\"@id\":\"https:\/\/kapitalis.com\/tunisie\/#organization\"},\"potentialAction\":[{\"@type\":\"SearchAction\",\"target\":{\"@type\":\"EntryPoint\",\"urlTemplate\":\"https:\/\/kapitalis.com\/tunisie\/?s={search_term_string}\"},\"query-input\":{\"@type\":\"PropertyValueSpecification\",\"valueRequired\":true,\"valueName\":\"search_term_string\"}}],\"inLanguage\":\"fr-FR\"},{\"@type\":\"Organization\",\"@id\":\"https:\/\/kapitalis.com\/tunisie\/#organization\",\"name\":\"Kapitalis\",\"url\":\"https:\/\/kapitalis.com\/tunisie\/\",\"logo\":{\"@type\":\"ImageObject\",\"inLanguage\":\"fr-FR\",\"@id\":\"https:\/\/kapitalis.com\/tunisie\/#\/schema\/logo\/image\/\",\"url\":\"https:\/\/kapitalis.com\/tunisie\/wp-content\/uploads\/2022\/05\/Kapitalis-big-size.png\",\"contentUrl\":\"https:\/\/kapitalis.com\/tunisie\/wp-content\/uploads\/2022\/05\/Kapitalis-big-size.png\",\"width\":5000,\"height\":1500,\"caption\":\"Kapitalis\"},\"image\":{\"@id\":\"https:\/\/kapitalis.com\/tunisie\/#\/schema\/logo\/image\/\"},\"sameAs\":[\"https:\/\/www.facebook.com\/KapitalisInfo\/\",\"https:\/\/x.com\/KapitalisInfo\",\"https:\/\/www.youtube.com\/channel\/UC-yDYrHyfFBWWZaOw3FPg9Q\"]},{\"@type\":\"Person\",\"@id\":\"https:\/\/kapitalis.com\/tunisie\/#\/schema\/person\/d71f33a9ca44f7bad4698210b480c8e9\",\"name\":\"webmaster kapitalis\",\"url\":\"https:\/\/kapitalis.com\/tunisie\/author\/webmaster-kapitalis\/\"}]}<\/script>\n<!-- \/ Yoast SEO plugin. -->","yoast_head_json":{"title":"Isra\u00ebl transforme la Cisjordanie en deuxi\u00e8me Gaza - Kapitalis","robots":{"index":"index","follow":"follow","max-snippet":"max-snippet:-1","max-image-preview":"max-image-preview:large","max-video-preview":"max-video-preview:-1"},"canonical":"https:\/\/kapitalis.com\/tunisie\/2025\/02\/05\/israel-transforme-la-cisjordanie-en-deuxieme-gaza\/","og_locale":"fr_FR","og_type":"article","og_title":"Isra\u00ebl transforme la Cisjordanie en deuxi\u00e8me Gaza - Kapitalis","og_description":"Isra\u00ebl profite du cessez-le-feu temporaire \u00e0 Gaza, pour s\u2019acharner sur la Cisjordanie que tous les sionistes r\u00eavent de rattacher \u00e0 l'Etat h\u00e9breu.","og_url":"https:\/\/kapitalis.com\/tunisie\/2025\/02\/05\/israel-transforme-la-cisjordanie-en-deuxieme-gaza\/","og_site_name":"Kapitalis","article_publisher":"https:\/\/www.facebook.com\/KapitalisInfo\/","article_published_time":"2025-02-05T08:03:21+00:00","article_modified_time":"2025-02-05T08:03:23+00:00","og_image":[{"width":1200,"height":630,"url":"https:\/\/kapitalis.com\/tunisie\/wp-content\/uploads\/2025\/02\/Jenine-bombarde-par-Israel.jpg","type":"image\/jpeg"}],"author":"webmaster kapitalis","twitter_card":"summary_large_image","twitter_creator":"@KapitalisInfo","twitter_site":"@KapitalisInfo","twitter_misc":{"\u00c9crit par":"webmaster kapitalis","Dur\u00e9e de lecture estim\u00e9e":"7 minutes"},"schema":{"@context":"https:\/\/schema.org","@graph":[{"@type":"Article","@id":"https:\/\/kapitalis.com\/tunisie\/2025\/02\/05\/israel-transforme-la-cisjordanie-en-deuxieme-gaza\/#article","isPartOf":{"@id":"https:\/\/kapitalis.com\/tunisie\/2025\/02\/05\/israel-transforme-la-cisjordanie-en-deuxieme-gaza\/"},"author":{"name":"webmaster kapitalis","@id":"https:\/\/kapitalis.com\/tunisie\/#\/schema\/person\/d71f33a9ca44f7bad4698210b480c8e9"},"headline":"Isra\u00ebl transforme la Cisjordanie en deuxi\u00e8me Gaza","datePublished":"2025-02-05T08:03:21+00:00","dateModified":"2025-02-05T08:03:23+00:00","mainEntityOfPage":{"@id":"https:\/\/kapitalis.com\/tunisie\/2025\/02\/05\/israel-transforme-la-cisjordanie-en-deuxieme-gaza\/"},"wordCount":1466,"commentCount":1,"publisher":{"@id":"https:\/\/kapitalis.com\/tunisie\/#organization"},"image":{"@id":"https:\/\/kapitalis.com\/tunisie\/2025\/02\/05\/israel-transforme-la-cisjordanie-en-deuxieme-gaza\/#primaryimage"},"thumbnailUrl":"https:\/\/kapitalis.com\/tunisie\/wp-content\/uploads\/2025\/02\/Jenine-bombarde-par-Israel.jpg","keywords":["Autorit\u00e9 Palestinienne","Benjamin Netanyahu","Cisjordanie","Gaza","Isra\u00ebl","J\u00e9nine","Mustafa Barghouti"],"articleSection":["A LA UNE","POLITIQUE","Tunisie"],"inLanguage":"fr-FR","potentialAction":[{"@type":"CommentAction","name":"Comment","target":["https:\/\/kapitalis.com\/tunisie\/2025\/02\/05\/israel-transforme-la-cisjordanie-en-deuxieme-gaza\/#respond"]}]},{"@type":"WebPage","@id":"https:\/\/kapitalis.com\/tunisie\/2025\/02\/05\/israel-transforme-la-cisjordanie-en-deuxieme-gaza\/","url":"https:\/\/kapitalis.com\/tunisie\/2025\/02\/05\/israel-transforme-la-cisjordanie-en-deuxieme-gaza\/","name":"Isra\u00ebl transforme la Cisjordanie en deuxi\u00e8me Gaza - Kapitalis","isPartOf":{"@id":"https:\/\/kapitalis.com\/tunisie\/#website"},"primaryImageOfPage":{"@id":"https:\/\/kapitalis.com\/tunisie\/2025\/02\/05\/israel-transforme-la-cisjordanie-en-deuxieme-gaza\/#primaryimage"},"image":{"@id":"https:\/\/kapitalis.com\/tunisie\/2025\/02\/05\/israel-transforme-la-cisjordanie-en-deuxieme-gaza\/#primaryimage"},"thumbnailUrl":"https:\/\/kapitalis.com\/tunisie\/wp-content\/uploads\/2025\/02\/Jenine-bombarde-par-Israel.jpg","datePublished":"2025-02-05T08:03:21+00:00","dateModified":"2025-02-05T08:03:23+00:00","breadcrumb":{"@id":"https:\/\/kapitalis.com\/tunisie\/2025\/02\/05\/israel-transforme-la-cisjordanie-en-deuxieme-gaza\/#breadcrumb"},"inLanguage":"fr-FR","potentialAction":[{"@type":"ReadAction","target":["https:\/\/kapitalis.com\/tunisie\/2025\/02\/05\/israel-transforme-la-cisjordanie-en-deuxieme-gaza\/"]}]},{"@type":"ImageObject","inLanguage":"fr-FR","@id":"https:\/\/kapitalis.com\/tunisie\/2025\/02\/05\/israel-transforme-la-cisjordanie-en-deuxieme-gaza\/#primaryimage","url":"https:\/\/kapitalis.com\/tunisie\/wp-content\/uploads\/2025\/02\/Jenine-bombarde-par-Israel.jpg","contentUrl":"https:\/\/kapitalis.com\/tunisie\/wp-content\/uploads\/2025\/02\/Jenine-bombarde-par-Israel.jpg","width":1200,"height":630},{"@type":"BreadcrumbList","@id":"https:\/\/kapitalis.com\/tunisie\/2025\/02\/05\/israel-transforme-la-cisjordanie-en-deuxieme-gaza\/#breadcrumb","itemListElement":[{"@type":"ListItem","position":1,"name":"Accueil","item":"https:\/\/kapitalis.com\/tunisie\/"},{"@type":"ListItem","position":2,"name":"Isra\u00ebl transforme la Cisjordanie en deuxi\u00e8me Gaza"}]},{"@type":"WebSite","@id":"https:\/\/kapitalis.com\/tunisie\/#website","url":"https:\/\/kapitalis.com\/tunisie\/","name":"Kapitalis","description":"L&#039;actualit\u00e9 en Tunisie et dans le monde","publisher":{"@id":"https:\/\/kapitalis.com\/tunisie\/#organization"},"potentialAction":[{"@type":"SearchAction","target":{"@type":"EntryPoint","urlTemplate":"https:\/\/kapitalis.com\/tunisie\/?s={search_term_string}"},"query-input":{"@type":"PropertyValueSpecification","valueRequired":true,"valueName":"search_term_string"}}],"inLanguage":"fr-FR"},{"@type":"Organization","@id":"https:\/\/kapitalis.com\/tunisie\/#organization","name":"Kapitalis","url":"https:\/\/kapitalis.com\/tunisie\/","logo":{"@type":"ImageObject","inLanguage":"fr-FR","@id":"https:\/\/kapitalis.com\/tunisie\/#\/schema\/logo\/image\/","url":"https:\/\/kapitalis.com\/tunisie\/wp-content\/uploads\/2022\/05\/Kapitalis-big-size.png","contentUrl":"https:\/\/kapitalis.com\/tunisie\/wp-content\/uploads\/2022\/05\/Kapitalis-big-size.png","width":5000,"height":1500,"caption":"Kapitalis"},"image":{"@id":"https:\/\/kapitalis.com\/tunisie\/#\/schema\/logo\/image\/"},"sameAs":["https:\/\/www.facebook.com\/KapitalisInfo\/","https:\/\/x.com\/KapitalisInfo","https:\/\/www.youtube.com\/channel\/UC-yDYrHyfFBWWZaOw3FPg9Q"]},{"@type":"Person","@id":"https:\/\/kapitalis.com\/tunisie\/#\/schema\/person\/d71f33a9ca44f7bad4698210b480c8e9","name":"webmaster kapitalis","url":"https:\/\/kapitalis.com\/tunisie\/author\/webmaster-kapitalis\/"}]}},"_links":{"self":[{"href":"https:\/\/kapitalis.com\/tunisie\/wp-json\/wp\/v2\/posts\/15421437","targetHints":{"allow":["GET"]}}],"collection":[{"href":"https:\/\/kapitalis.com\/tunisie\/wp-json\/wp\/v2\/posts"}],"about":[{"href":"https:\/\/kapitalis.com\/tunisie\/wp-json\/wp\/v2\/types\/post"}],"author":[{"embeddable":true,"href":"https:\/\/kapitalis.com\/tunisie\/wp-json\/wp\/v2\/users\/8"}],"replies":[{"embeddable":true,"href":"https:\/\/kapitalis.com\/tunisie\/wp-json\/wp\/v2\/comments?post=15421437"}],"version-history":[{"count":1,"href":"https:\/\/kapitalis.com\/tunisie\/wp-json\/wp\/v2\/posts\/15421437\/revisions"}],"predecessor-version":[{"id":15421513,"href":"https:\/\/kapitalis.com\/tunisie\/wp-json\/wp\/v2\/posts\/15421437\/revisions\/15421513"}],"wp:featuredmedia":[{"embeddable":true,"href":"https:\/\/kapitalis.com\/tunisie\/wp-json\/wp\/v2\/media\/15421493"}],"wp:attachment":[{"href":"https:\/\/kapitalis.com\/tunisie\/wp-json\/wp\/v2\/media?parent=15421437"}],"wp:term":[{"taxonomy":"category","embeddable":true,"href":"https:\/\/kapitalis.com\/tunisie\/wp-json\/wp\/v2\/categories?post=15421437"},{"taxonomy":"post_tag","embeddable":true,"href":"https:\/\/kapitalis.com\/tunisie\/wp-json\/wp\/v2\/tags?post=15421437"}],"curies":[{"name":"wp","href":"https:\/\/api.w.org\/{rel}","templated":true}]}}