{"id":15422569,"date":"2025-02-05T10:51:17","date_gmt":"2025-02-05T09:51:17","guid":{"rendered":"https:\/\/kapitalis.com\/tunisie\/?p=15422569"},"modified":"2025-02-05T10:51:19","modified_gmt":"2025-02-05T09:51:19","slug":"les-operateurs-sont-prets-pour-le-lancement-de-la-5g-en-tunisie","status":"publish","type":"post","link":"https:\/\/kapitalis.com\/tunisie\/2025\/02\/05\/les-operateurs-sont-prets-pour-le-lancement-de-la-5g-en-tunisie\/","title":{"rendered":"Les op\u00e9rateurs sont pr\u00eats pour le lancement de la 5G en Tunisie \u00a0"},"content":{"rendered":"\n<p><strong><em>Les trois op\u00e9rateurs de t\u00e9l\u00e9phonie mobile en Tunisie pourront&nbsp;commencer \u00e0 commercialiser des services 5G \u00e0 partir de mi-f\u00e9vrier&nbsp;2025, a annonc\u00e9 la directrice g\u00e9n\u00e9rale des technologies de communication au minist\u00e8re des Technologies de communication, Maherzia Aouni. &nbsp;<\/em><\/strong><\/p>\n\n\n\n<!--more-->\n\n\n\n<p>Dans un entretien avec l\u2019agence Tap, Aouni a parl\u00e9 des conditions de lancement du service 5G, des exigences techniques et sanitaires et de l\u2019adaptation des t\u00e9l\u00e9phones actuellement disponibles, ajoutant que les entreprises de t\u00e9l\u00e9communications, \u00e0 savoir Tunisie T\u00e9l\u00e9com, Orange Tunisie et Ooredoo, sont pr\u00eates pour cette transition.<\/p>\n\n\n\n<p>Ces entreprises ont mis en place tous les m\u00e9canismes techniques, proc\u00e9duraux et ont modernis\u00e9 le r\u00e9seau afin de se pr\u00e9parer pour le processus de lancement de la 5G.<\/p>\n\n\n\n<p>Aouni a pass\u00e9 en revue la phase la plus importante du projet 5G en Tunisie, qui a \u00e9t\u00e9 lanc\u00e9e conform\u00e9ment aux d\u00e9veloppements technologiques et aux normes \u00e9mises par l\u2019Union Internationale des T\u00e9l\u00e9communications (UIT) et les organismes de normalisation.<\/p>\n\n\n\n<p><a href=\"https:\/\/www.tap.info.tn\/ar\/Portal_AR_Video_%D9%88%D8%A7%D8%A8_%D8%B3%D9%8A%D8%AA_%D9%85%D8%B9%D8%B1%D8%B6_%D9%81%D9%8A%D8%AF%D9%8A%D9%88\/18389832-%D8%AA%D9%88%D9%86%D8%B3-%D8%AA%D9%85%D9%91-%D8%A7%D9%84%D8%A5%D8%AA%D9%81%D8%A7%D9%82\" target=\"_blank\" rel=\"noreferrer noopener\">Vid\u00e9o.<\/a><\/p>\n","protected":false},"excerpt":{"rendered":"<p>Les services 5G pourront \u00eatre commercialis\u00e9s en Tunisie \u00e0 partir de la mi-f\u00e9vrier\u00a02025. <\/p>\n","protected":false},"author":8,"featured_media":15422577,"comment_status":"open","ping_status":"open","sticky":false,"template":"","format":"standard","meta":{"footnotes":""},"categories":[995,2433],"tags":[76403,120579,678,2945,84528],"class_list":["post-15422569","post","type-post","status-publish","format-standard","has-post-thumbnail","hentry","category-economie","category-tunisie","tag-5g","tag-maherzia-aouni","tag-ooredoo","tag-orange-tunisie","tag-tunisie-telecom-2"],"yoast_head":"<!-- This site is optimized with the Yoast SEO plugin v26.6 - https:\/\/yoast.com\/wordpress\/plugins\/seo\/ -->\n<title>Les op\u00e9rateurs sont pr\u00eats pour le lancement de la 5G en Tunisie \u00a0 - Kapitalis<\/title>\n<meta name=\"robots\" content=\"index, follow, max-snippet:-1, max-image-preview:large, max-video-preview:-1\" \/>\n<link rel=\"canonical\" href=\"https:\/\/kapitalis.com\/tunisie\/2025\/02\/05\/les-operateurs-sont-prets-pour-le-lancement-de-la-5g-en-tunisie\/\" \/>\n<meta property=\"og:locale\" content=\"fr_FR\" \/>\n<meta property=\"og:type\" content=\"article\" \/>\n<meta property=\"og:title\" content=\"Les op\u00e9rateurs sont pr\u00eats pour le lancement de la 5G en Tunisie \u00a0 - Kapitalis\" \/>\n<meta property=\"og:description\" content=\"Les services 5G pourront \u00eatre commercialis\u00e9s en Tunisie \u00e0 partir de la mi-f\u00e9vrier\u00a02025.\" \/>\n<meta property=\"og:url\" content=\"https:\/\/kapitalis.com\/tunisie\/2025\/02\/05\/les-operateurs-sont-prets-pour-le-lancement-de-la-5g-en-tunisie\/\" \/>\n<meta property=\"og:site_name\" content=\"Kapitalis\" \/>\n<meta property=\"article:publisher\" content=\"https:\/\/www.facebook.com\/KapitalisInfo\/\" \/>\n<meta property=\"article:published_time\" content=\"2025-02-05T09:51:17+00:00\" \/>\n<meta property=\"article:modified_time\" content=\"2025-02-05T09:51:19+00:00\" \/>\n<meta property=\"og:image\" content=\"https:\/\/kapitalis.com\/tunisie\/wp-content\/uploads\/2025\/02\/Maherzia-Aouni.jpg\" \/>\n\t<meta property=\"og:image:width\" content=\"1200\" \/>\n\t<meta property=\"og:image:height\" content=\"630\" \/>\n\t<meta property=\"og:image:type\" content=\"image\/jpeg\" \/>\n<meta name=\"author\" content=\"webmaster kapitalis\" \/>\n<meta name=\"twitter:card\" content=\"summary_large_image\" \/>\n<meta name=\"twitter:creator\" content=\"@KapitalisInfo\" \/>\n<meta name=\"twitter:site\" content=\"@KapitalisInfo\" \/>\n<meta name=\"twitter:label1\" content=\"\u00c9crit par\" \/>\n\t<meta name=\"twitter:data1\" content=\"webmaster kapitalis\" \/>\n\t<meta name=\"twitter:label2\" content=\"Dur\u00e9e de lecture estim\u00e9e\" \/>\n\t<meta name=\"twitter:data2\" content=\"1 minute\" \/>\n<script type=\"application\/ld+json\" class=\"yoast-schema-graph\">{\"@context\":\"https:\/\/schema.org\",\"@graph\":[{\"@type\":\"Article\",\"@id\":\"https:\/\/kapitalis.com\/tunisie\/2025\/02\/05\/les-operateurs-sont-prets-pour-le-lancement-de-la-5g-en-tunisie\/#article\",\"isPartOf\":{\"@id\":\"https:\/\/kapitalis.com\/tunisie\/2025\/02\/05\/les-operateurs-sont-prets-pour-le-lancement-de-la-5g-en-tunisie\/\"},\"author\":{\"name\":\"webmaster kapitalis\",\"@id\":\"https:\/\/kapitalis.com\/tunisie\/#\/schema\/person\/d71f33a9ca44f7bad4698210b480c8e9\"},\"headline\":\"Les op\u00e9rateurs sont pr\u00eats pour le lancement de la 5G en Tunisie \u00a0\",\"datePublished\":\"2025-02-05T09:51:17+00:00\",\"dateModified\":\"2025-02-05T09:51:19+00:00\",\"mainEntityOfPage\":{\"@id\":\"https:\/\/kapitalis.com\/tunisie\/2025\/02\/05\/les-operateurs-sont-prets-pour-le-lancement-de-la-5g-en-tunisie\/\"},\"wordCount\":191,\"commentCount\":1,\"publisher\":{\"@id\":\"https:\/\/kapitalis.com\/tunisie\/#organization\"},\"image\":{\"@id\":\"https:\/\/kapitalis.com\/tunisie\/2025\/02\/05\/les-operateurs-sont-prets-pour-le-lancement-de-la-5g-en-tunisie\/#primaryimage\"},\"thumbnailUrl\":\"https:\/\/kapitalis.com\/tunisie\/wp-content\/uploads\/2025\/02\/Maherzia-Aouni.jpg\",\"keywords\":[\"5G\",\"Maherzia Aouni\",\"Ooredoo\",\"Orange Tunisie\",\"Tunisie t\u00e9l\u00e9com\"],\"articleSection\":[\"ECONOMIE\",\"Tunisie\"],\"inLanguage\":\"fr-FR\",\"potentialAction\":[{\"@type\":\"CommentAction\",\"name\":\"Comment\",\"target\":[\"https:\/\/kapitalis.com\/tunisie\/2025\/02\/05\/les-operateurs-sont-prets-pour-le-lancement-de-la-5g-en-tunisie\/#respond\"]}]},{\"@type\":\"WebPage\",\"@id\":\"https:\/\/kapitalis.com\/tunisie\/2025\/02\/05\/les-operateurs-sont-prets-pour-le-lancement-de-la-5g-en-tunisie\/\",\"url\":\"https:\/\/kapitalis.com\/tunisie\/2025\/02\/05\/les-operateurs-sont-prets-pour-le-lancement-de-la-5g-en-tunisie\/\",\"name\":\"Les op\u00e9rateurs sont pr\u00eats pour le lancement de la 5G en Tunisie \u00a0 - Kapitalis\",\"isPartOf\":{\"@id\":\"https:\/\/kapitalis.com\/tunisie\/#website\"},\"primaryImageOfPage\":{\"@id\":\"https:\/\/kapitalis.com\/tunisie\/2025\/02\/05\/les-operateurs-sont-prets-pour-le-lancement-de-la-5g-en-tunisie\/#primaryimage\"},\"image\":{\"@id\":\"https:\/\/kapitalis.com\/tunisie\/2025\/02\/05\/les-operateurs-sont-prets-pour-le-lancement-de-la-5g-en-tunisie\/#primaryimage\"},\"thumbnailUrl\":\"https:\/\/kapitalis.com\/tunisie\/wp-content\/uploads\/2025\/02\/Maherzia-Aouni.jpg\",\"datePublished\":\"2025-02-05T09:51:17+00:00\",\"dateModified\":\"2025-02-05T09:51:19+00:00\",\"breadcrumb\":{\"@id\":\"https:\/\/kapitalis.com\/tunisie\/2025\/02\/05\/les-operateurs-sont-prets-pour-le-lancement-de-la-5g-en-tunisie\/#breadcrumb\"},\"inLanguage\":\"fr-FR\",\"potentialAction\":[{\"@type\":\"ReadAction\",\"target\":[\"https:\/\/kapitalis.com\/tunisie\/2025\/02\/05\/les-operateurs-sont-prets-pour-le-lancement-de-la-5g-en-tunisie\/\"]}]},{\"@type\":\"ImageObject\",\"inLanguage\":\"fr-FR\",\"@id\":\"https:\/\/kapitalis.com\/tunisie\/2025\/02\/05\/les-operateurs-sont-prets-pour-le-lancement-de-la-5g-en-tunisie\/#primaryimage\",\"url\":\"https:\/\/kapitalis.com\/tunisie\/wp-content\/uploads\/2025\/02\/Maherzia-Aouni.jpg\",\"contentUrl\":\"https:\/\/kapitalis.com\/tunisie\/wp-content\/uploads\/2025\/02\/Maherzia-Aouni.jpg\",\"width\":1200,\"height\":630},{\"@type\":\"BreadcrumbList\",\"@id\":\"https:\/\/kapitalis.com\/tunisie\/2025\/02\/05\/les-operateurs-sont-prets-pour-le-lancement-de-la-5g-en-tunisie\/#breadcrumb\",\"itemListElement\":[{\"@type\":\"ListItem\",\"position\":1,\"name\":\"Accueil\",\"item\":\"https:\/\/kapitalis.com\/tunisie\/\"},{\"@type\":\"ListItem\",\"position\":2,\"name\":\"Les op\u00e9rateurs sont pr\u00eats pour le lancement de la 5G en Tunisie \u00a0\"}]},{\"@type\":\"WebSite\",\"@id\":\"https:\/\/kapitalis.com\/tunisie\/#website\",\"url\":\"https:\/\/kapitalis.com\/tunisie\/\",\"name\":\"Kapitalis\",\"description\":\"L&#039;actualit\u00e9 en Tunisie et dans le monde\",\"publisher\":{\"@id\":\"https:\/\/kapitalis.com\/tunisie\/#organization\"},\"potentialAction\":[{\"@type\":\"SearchAction\",\"target\":{\"@type\":\"EntryPoint\",\"urlTemplate\":\"https:\/\/kapitalis.com\/tunisie\/?s={search_term_string}\"},\"query-input\":{\"@type\":\"PropertyValueSpecification\",\"valueRequired\":true,\"valueName\":\"search_term_string\"}}],\"inLanguage\":\"fr-FR\"},{\"@type\":\"Organization\",\"@id\":\"https:\/\/kapitalis.com\/tunisie\/#organization\",\"name\":\"Kapitalis\",\"url\":\"https:\/\/kapitalis.com\/tunisie\/\",\"logo\":{\"@type\":\"ImageObject\",\"inLanguage\":\"fr-FR\",\"@id\":\"https:\/\/kapitalis.com\/tunisie\/#\/schema\/logo\/image\/\",\"url\":\"https:\/\/kapitalis.com\/tunisie\/wp-content\/uploads\/2022\/05\/Kapitalis-big-size.png\",\"contentUrl\":\"https:\/\/kapitalis.com\/tunisie\/wp-content\/uploads\/2022\/05\/Kapitalis-big-size.png\",\"width\":5000,\"height\":1500,\"caption\":\"Kapitalis\"},\"image\":{\"@id\":\"https:\/\/kapitalis.com\/tunisie\/#\/schema\/logo\/image\/\"},\"sameAs\":[\"https:\/\/www.facebook.com\/KapitalisInfo\/\",\"https:\/\/x.com\/KapitalisInfo\",\"https:\/\/www.youtube.com\/channel\/UC-yDYrHyfFBWWZaOw3FPg9Q\"]},{\"@type\":\"Person\",\"@id\":\"https:\/\/kapitalis.com\/tunisie\/#\/schema\/person\/d71f33a9ca44f7bad4698210b480c8e9\",\"name\":\"webmaster kapitalis\",\"url\":\"https:\/\/kapitalis.com\/tunisie\/author\/webmaster-kapitalis\/\"}]}<\/script>\n<!-- \/ Yoast SEO plugin. -->","yoast_head_json":{"title":"Les op\u00e9rateurs sont pr\u00eats pour le lancement de la 5G en Tunisie \u00a0 - Kapitalis","robots":{"index":"index","follow":"follow","max-snippet":"max-snippet:-1","max-image-preview":"max-image-preview:large","max-video-preview":"max-video-preview:-1"},"canonical":"https:\/\/kapitalis.com\/tunisie\/2025\/02\/05\/les-operateurs-sont-prets-pour-le-lancement-de-la-5g-en-tunisie\/","og_locale":"fr_FR","og_type":"article","og_title":"Les op\u00e9rateurs sont pr\u00eats pour le lancement de la 5G en Tunisie \u00a0 - Kapitalis","og_description":"Les services 5G pourront \u00eatre commercialis\u00e9s en Tunisie \u00e0 partir de la mi-f\u00e9vrier\u00a02025.","og_url":"https:\/\/kapitalis.com\/tunisie\/2025\/02\/05\/les-operateurs-sont-prets-pour-le-lancement-de-la-5g-en-tunisie\/","og_site_name":"Kapitalis","article_publisher":"https:\/\/www.facebook.com\/KapitalisInfo\/","article_published_time":"2025-02-05T09:51:17+00:00","article_modified_time":"2025-02-05T09:51:19+00:00","og_image":[{"width":1200,"height":630,"url":"https:\/\/kapitalis.com\/tunisie\/wp-content\/uploads\/2025\/02\/Maherzia-Aouni.jpg","type":"image\/jpeg"}],"author":"webmaster kapitalis","twitter_card":"summary_large_image","twitter_creator":"@KapitalisInfo","twitter_site":"@KapitalisInfo","twitter_misc":{"\u00c9crit par":"webmaster kapitalis","Dur\u00e9e de lecture estim\u00e9e":"1 minute"},"schema":{"@context":"https:\/\/schema.org","@graph":[{"@type":"Article","@id":"https:\/\/kapitalis.com\/tunisie\/2025\/02\/05\/les-operateurs-sont-prets-pour-le-lancement-de-la-5g-en-tunisie\/#article","isPartOf":{"@id":"https:\/\/kapitalis.com\/tunisie\/2025\/02\/05\/les-operateurs-sont-prets-pour-le-lancement-de-la-5g-en-tunisie\/"},"author":{"name":"webmaster kapitalis","@id":"https:\/\/kapitalis.com\/tunisie\/#\/schema\/person\/d71f33a9ca44f7bad4698210b480c8e9"},"headline":"Les op\u00e9rateurs sont pr\u00eats pour le lancement de la 5G en Tunisie \u00a0","datePublished":"2025-02-05T09:51:17+00:00","dateModified":"2025-02-05T09:51:19+00:00","mainEntityOfPage":{"@id":"https:\/\/kapitalis.com\/tunisie\/2025\/02\/05\/les-operateurs-sont-prets-pour-le-lancement-de-la-5g-en-tunisie\/"},"wordCount":191,"commentCount":1,"publisher":{"@id":"https:\/\/kapitalis.com\/tunisie\/#organization"},"image":{"@id":"https:\/\/kapitalis.com\/tunisie\/2025\/02\/05\/les-operateurs-sont-prets-pour-le-lancement-de-la-5g-en-tunisie\/#primaryimage"},"thumbnailUrl":"https:\/\/kapitalis.com\/tunisie\/wp-content\/uploads\/2025\/02\/Maherzia-Aouni.jpg","keywords":["5G","Maherzia Aouni","Ooredoo","Orange Tunisie","Tunisie t\u00e9l\u00e9com"],"articleSection":["ECONOMIE","Tunisie"],"inLanguage":"fr-FR","potentialAction":[{"@type":"CommentAction","name":"Comment","target":["https:\/\/kapitalis.com\/tunisie\/2025\/02\/05\/les-operateurs-sont-prets-pour-le-lancement-de-la-5g-en-tunisie\/#respond"]}]},{"@type":"WebPage","@id":"https:\/\/kapitalis.com\/tunisie\/2025\/02\/05\/les-operateurs-sont-prets-pour-le-lancement-de-la-5g-en-tunisie\/","url":"https:\/\/kapitalis.com\/tunisie\/2025\/02\/05\/les-operateurs-sont-prets-pour-le-lancement-de-la-5g-en-tunisie\/","name":"Les op\u00e9rateurs sont pr\u00eats pour le lancement de la 5G en Tunisie \u00a0 - Kapitalis","isPartOf":{"@id":"https:\/\/kapitalis.com\/tunisie\/#website"},"primaryImageOfPage":{"@id":"https:\/\/kapitalis.com\/tunisie\/2025\/02\/05\/les-operateurs-sont-prets-pour-le-lancement-de-la-5g-en-tunisie\/#primaryimage"},"image":{"@id":"https:\/\/kapitalis.com\/tunisie\/2025\/02\/05\/les-operateurs-sont-prets-pour-le-lancement-de-la-5g-en-tunisie\/#primaryimage"},"thumbnailUrl":"https:\/\/kapitalis.com\/tunisie\/wp-content\/uploads\/2025\/02\/Maherzia-Aouni.jpg","datePublished":"2025-02-05T09:51:17+00:00","dateModified":"2025-02-05T09:51:19+00:00","breadcrumb":{"@id":"https:\/\/kapitalis.com\/tunisie\/2025\/02\/05\/les-operateurs-sont-prets-pour-le-lancement-de-la-5g-en-tunisie\/#breadcrumb"},"inLanguage":"fr-FR","potentialAction":[{"@type":"ReadAction","target":["https:\/\/kapitalis.com\/tunisie\/2025\/02\/05\/les-operateurs-sont-prets-pour-le-lancement-de-la-5g-en-tunisie\/"]}]},{"@type":"ImageObject","inLanguage":"fr-FR","@id":"https:\/\/kapitalis.com\/tunisie\/2025\/02\/05\/les-operateurs-sont-prets-pour-le-lancement-de-la-5g-en-tunisie\/#primaryimage","url":"https:\/\/kapitalis.com\/tunisie\/wp-content\/uploads\/2025\/02\/Maherzia-Aouni.jpg","contentUrl":"https:\/\/kapitalis.com\/tunisie\/wp-content\/uploads\/2025\/02\/Maherzia-Aouni.jpg","width":1200,"height":630},{"@type":"BreadcrumbList","@id":"https:\/\/kapitalis.com\/tunisie\/2025\/02\/05\/les-operateurs-sont-prets-pour-le-lancement-de-la-5g-en-tunisie\/#breadcrumb","itemListElement":[{"@type":"ListItem","position":1,"name":"Accueil","item":"https:\/\/kapitalis.com\/tunisie\/"},{"@type":"ListItem","position":2,"name":"Les op\u00e9rateurs sont pr\u00eats pour le lancement de la 5G en Tunisie \u00a0"}]},{"@type":"WebSite","@id":"https:\/\/kapitalis.com\/tunisie\/#website","url":"https:\/\/kapitalis.com\/tunisie\/","name":"Kapitalis","description":"L&#039;actualit\u00e9 en Tunisie et dans le monde","publisher":{"@id":"https:\/\/kapitalis.com\/tunisie\/#organization"},"potentialAction":[{"@type":"SearchAction","target":{"@type":"EntryPoint","urlTemplate":"https:\/\/kapitalis.com\/tunisie\/?s={search_term_string}"},"query-input":{"@type":"PropertyValueSpecification","valueRequired":true,"valueName":"search_term_string"}}],"inLanguage":"fr-FR"},{"@type":"Organization","@id":"https:\/\/kapitalis.com\/tunisie\/#organization","name":"Kapitalis","url":"https:\/\/kapitalis.com\/tunisie\/","logo":{"@type":"ImageObject","inLanguage":"fr-FR","@id":"https:\/\/kapitalis.com\/tunisie\/#\/schema\/logo\/image\/","url":"https:\/\/kapitalis.com\/tunisie\/wp-content\/uploads\/2022\/05\/Kapitalis-big-size.png","contentUrl":"https:\/\/kapitalis.com\/tunisie\/wp-content\/uploads\/2022\/05\/Kapitalis-big-size.png","width":5000,"height":1500,"caption":"Kapitalis"},"image":{"@id":"https:\/\/kapitalis.com\/tunisie\/#\/schema\/logo\/image\/"},"sameAs":["https:\/\/www.facebook.com\/KapitalisInfo\/","https:\/\/x.com\/KapitalisInfo","https:\/\/www.youtube.com\/channel\/UC-yDYrHyfFBWWZaOw3FPg9Q"]},{"@type":"Person","@id":"https:\/\/kapitalis.com\/tunisie\/#\/schema\/person\/d71f33a9ca44f7bad4698210b480c8e9","name":"webmaster kapitalis","url":"https:\/\/kapitalis.com\/tunisie\/author\/webmaster-kapitalis\/"}]}},"_links":{"self":[{"href":"https:\/\/kapitalis.com\/tunisie\/wp-json\/wp\/v2\/posts\/15422569","targetHints":{"allow":["GET"]}}],"collection":[{"href":"https:\/\/kapitalis.com\/tunisie\/wp-json\/wp\/v2\/posts"}],"about":[{"href":"https:\/\/kapitalis.com\/tunisie\/wp-json\/wp\/v2\/types\/post"}],"author":[{"embeddable":true,"href":"https:\/\/kapitalis.com\/tunisie\/wp-json\/wp\/v2\/users\/8"}],"replies":[{"embeddable":true,"href":"https:\/\/kapitalis.com\/tunisie\/wp-json\/wp\/v2\/comments?post=15422569"}],"version-history":[{"count":1,"href":"https:\/\/kapitalis.com\/tunisie\/wp-json\/wp\/v2\/posts\/15422569\/revisions"}],"predecessor-version":[{"id":15422590,"href":"https:\/\/kapitalis.com\/tunisie\/wp-json\/wp\/v2\/posts\/15422569\/revisions\/15422590"}],"wp:featuredmedia":[{"embeddable":true,"href":"https:\/\/kapitalis.com\/tunisie\/wp-json\/wp\/v2\/media\/15422577"}],"wp:attachment":[{"href":"https:\/\/kapitalis.com\/tunisie\/wp-json\/wp\/v2\/media?parent=15422569"}],"wp:term":[{"taxonomy":"category","embeddable":true,"href":"https:\/\/kapitalis.com\/tunisie\/wp-json\/wp\/v2\/categories?post=15422569"},{"taxonomy":"post_tag","embeddable":true,"href":"https:\/\/kapitalis.com\/tunisie\/wp-json\/wp\/v2\/tags?post=15422569"}],"curies":[{"name":"wp","href":"https:\/\/api.w.org\/{rel}","templated":true}]}}