{"id":154350,"date":"2018-05-16T10:26:06","date_gmt":"2018-05-16T09:26:06","guid":{"rendered":"http:\/\/kapitalis.com\/tunisie\/?p=154350"},"modified":"2018-05-16T10:26:06","modified_gmt":"2018-05-16T09:26:06","slug":"mode-la-23e-edition-de-mood-talent-sous-le-signe-du-lever-du-soleil","status":"publish","type":"post","link":"https:\/\/kapitalis.com\/tunisie\/2018\/05\/16\/mode-la-23e-edition-de-mood-talent-sous-le-signe-du-lever-du-soleil\/","title":{"rendered":"Mode : La 23e \u00e9dition de Mood Talent sous le signe du lever du soleil"},"content":{"rendered":"<p style=\"text-align: center;\"><img loading=\"lazy\" decoding=\"async\" class=\"alignnone size-full wp-image-154351\" src=\"http:\/\/kapitalis.com\/tunisie\/wp-content\/uploads\/2018\/05\/Mood-Talent-Sunrise.jpg\" alt=\"\" width=\"626\" height=\"380\" \/><\/p>\n<p style=\"text-align: left;\"><em><strong>La 21e \u00e9dition de Mood Talent, baptis\u00e9e Sunrise, ou lever du soleil, r\u00e9unira \u00e0 Dar El Marsa, du 30 mai au 1er juin 2018, en nocturnes (ou soir\u00e9es ramadanesques), de 21 \u00e0 2 heures, 22 cr\u00e9ateurs du domaine de la mode et de la beaut\u00e9.<\/strong> <\/em><\/p>\n<p><!--more--><\/p>\n<p>Cet \u00e9v\u00e9nement, organis\u00e9 en partenariat avec Relooking Beaut\u00e9 Minceur Tunis, le dernier-n\u00e9 des instituts de beaut\u00e9 nouvelle g\u00e9n\u00e9ration, tout droit venu de France, r\u00e9unira les cr\u00e9ateurs suivants : 3afsa Najet, Awa, Ayso, Bakoo, Biky, Camelia Scent, Ekcci, H Fragrances, Inbee, Jasmine Cr\u00e9ation, Karesse Cosmetics, Mains d\u2019or, Meleck, Miley&rsquo;s Accessories, Miss Anais, Mon Sac Couffin, NT Tunisia, Om Ezine, Pasionista H, Nesrine, Sofia Bessi, Soosen et Zeyna.<\/p>\n<p>Les exposants proposeront une collection sp\u00e9ciale Sunrise, en suppl\u00e9ment de leurs nouvelles collections printemps\/\u00e9t\u00e9.<\/p>\n<p>\u00c0 titre d\u2019exemples, l\u2019inspiration d\u2019Ayso est venue de la ros\u00e9e du petit matin; Awa a choisi d\u2019associer cuirs de couleur et \u00ab<em>sparkling<\/em>\u00bb; Meleck a cr\u00e9\u00e9 des soleils \u00ab<em>vermeil<\/em>\u00bb tout en transparence; Biki a d\u00e9clin\u00e9 ses sacs en tons jaune et orange; Inbee a brod\u00e9 des \u00ab<em>sunrise<\/em>\u00bb de diff\u00e9rents continents sur ses tenues en jeans; Sofia Bessi a assembl\u00e9 des soleils de cuivre, minerais et or; alors qu\u2019Om Ezine les a brod\u00e9s sur des bijoux, Pasionista H a transcrit le \u00ab<em>sunrise<\/em>\u00bb en peinture sur ses fameux sacs, Mon sac couffin a choisi la fleur de tournesol, \u00e9galement appel\u00e9e \u00ab<em>soleil<\/em>\u00bb&#8230;<\/p>\n<p>Miss Ana\u00efs, quant \u00e0 elle, f\u00eatera son premier anniversaire pendant l\u2019\u00e9v\u00e9nement pour lequel sa cr\u00e9atrice Myriam Riza a choisi de broder de sequins des phrases et dessins \u00e9voquant le soleil.<\/p>\n<p>Le public pourra aussi d\u00e9couvrir la premi\u00e8re collection couture de Miley\u2019s Accessories, qui s\u2019est inspir\u00e9e des couleurs d\u00e9grad\u00e9es du lever du soleil, ainsi que celle d\u2019Ekcci qui&#8230; a pr\u00e9f\u00e9r\u00e9 garder un peu de suspense&#8230;<\/p>\n<p>Le 3e d\u00e9fil\u00e9 de cr\u00e9ateurs de Mood Talent est en pr\u00e9paration&#8230; Il aura lieu le 27 juin, le premier jour de la 22e \u00e9dition : Woodstock !<\/p>\n<p style=\"text-align: right;\"><strong>I. B.<\/strong> (avec communiqu\u00e9).<\/p>\n<blockquote class=\"wp-embedded-content\" data-secret=\"eagnOv5mfv\"><p><a href=\"https:\/\/kapitalis.com\/tunisie\/2018\/01\/29\/marsa-18e-edition-de-mood-talent-9-11-fevrier-2018\/\">La Marsa : La 18e \u00e9dition de Mood Talent du 9 au 11 f\u00e9vrier 2018<\/a><\/p><\/blockquote>\n<p><iframe loading=\"lazy\" class=\"wp-embedded-content\" sandbox=\"allow-scripts\" security=\"restricted\" style=\"position: absolute; clip: rect(1px, 1px, 1px, 1px);\" title=\"\u00ab\u00a0La Marsa : La 18e \u00e9dition de Mood Talent du 9 au 11 f\u00e9vrier 2018\u00a0\u00bb &#8212; Kapitalis\" src=\"https:\/\/kapitalis.com\/tunisie\/2018\/01\/29\/marsa-18e-edition-de-mood-talent-9-11-fevrier-2018\/embed\/#?secret=PmByUgBKSU#?secret=eagnOv5mfv\" data-secret=\"eagnOv5mfv\" width=\"600\" height=\"338\" frameborder=\"0\" marginwidth=\"0\" marginheight=\"0\" scrolling=\"no\"><\/iframe><\/p>\n<blockquote class=\"wp-embedded-content\" data-secret=\"6uJeWOGWza\"><p><a href=\"https:\/\/kapitalis.com\/tunisie\/2017\/10\/29\/mood-talent-celebre-lautomne-avec-lexposition-gaia\/\">Mood Talent c\u00e9l\u00e8bre l\u2019automne avec l\u2019exposition \u2018\u2018Ga\u00efa\u2019\u2019<\/a><\/p><\/blockquote>\n<p><iframe loading=\"lazy\" class=\"wp-embedded-content\" sandbox=\"allow-scripts\" security=\"restricted\" style=\"position: absolute; clip: rect(1px, 1px, 1px, 1px);\" title=\"\u00ab\u00a0Mood Talent c\u00e9l\u00e8bre l\u2019automne avec l\u2019exposition \u2018\u2018Ga\u00efa\u2019\u2019\u00a0\u00bb &#8212; Kapitalis\" src=\"https:\/\/kapitalis.com\/tunisie\/2017\/10\/29\/mood-talent-celebre-lautomne-avec-lexposition-gaia\/embed\/#?secret=Fm4lIcoKMy#?secret=6uJeWOGWza\" data-secret=\"6uJeWOGWza\" width=\"600\" height=\"338\" frameborder=\"0\" marginwidth=\"0\" marginheight=\"0\" scrolling=\"no\"><\/iframe><\/p>\n<blockquote class=\"wp-embedded-content\" data-secret=\"YgqSEqOVLZ\"><p><a href=\"https:\/\/kapitalis.com\/tunisie\/2017\/10\/03\/a-dar-el-marsa-mood-talent-en-mode-barocco\/\">A Dar El Marsa : Mood Talent en mode Barocco<\/a><\/p><\/blockquote>\n<p><iframe loading=\"lazy\" class=\"wp-embedded-content\" sandbox=\"allow-scripts\" security=\"restricted\" style=\"position: absolute; clip: rect(1px, 1px, 1px, 1px);\" title=\"\u00ab\u00a0A Dar El Marsa : Mood Talent en mode Barocco\u00a0\u00bb &#8212; Kapitalis\" src=\"https:\/\/kapitalis.com\/tunisie\/2017\/10\/03\/a-dar-el-marsa-mood-talent-en-mode-barocco\/embed\/#?secret=irGfIxNjDx#?secret=YgqSEqOVLZ\" data-secret=\"YgqSEqOVLZ\" width=\"600\" height=\"338\" frameborder=\"0\" marginwidth=\"0\" marginheight=\"0\" scrolling=\"no\"><\/iframe><\/p>\n","protected":false},"excerpt":{"rendered":"<p>La 21e \u00e9dition de Mood Talent, baptis\u00e9e Sunrise, ou lever du soleil, r\u00e9unira \u00e0 Dar El Marsa, du 30 mai au 1er juin 2018, en nocturnes (ou soir\u00e9es ramadanesques), de 21 \u00e0 2 heures, 22 cr\u00e9ateurs du domaine de la mode et de la beaut\u00e9.<\/p>\n","protected":false},"author":8,"featured_media":154351,"comment_status":"open","ping_status":"open","sticky":false,"template":"","format":"standard","meta":{"footnotes":""},"categories":[993,2433],"tags":[18952,36722],"class_list":["post-154350","post","type-post","status-publish","format-standard","has-post-thumbnail","hentry","category-conso","category-tunisie","tag-dar-el-marsa","tag-mood-talent"],"yoast_head":"<!-- This site is optimized with the Yoast SEO plugin v26.6 - https:\/\/yoast.com\/wordpress\/plugins\/seo\/ -->\n<title>Mode : La 23e \u00e9dition de Mood Talent sous le signe du lever du soleil - Kapitalis<\/title>\n<meta name=\"robots\" content=\"index, follow, max-snippet:-1, max-image-preview:large, max-video-preview:-1\" \/>\n<link rel=\"canonical\" href=\"https:\/\/kapitalis.com\/tunisie\/2018\/05\/16\/mode-la-23e-edition-de-mood-talent-sous-le-signe-du-lever-du-soleil\/\" \/>\n<meta property=\"og:locale\" content=\"fr_FR\" \/>\n<meta property=\"og:type\" content=\"article\" \/>\n<meta property=\"og:title\" content=\"Mode : La 23e \u00e9dition de Mood Talent sous le signe du lever du soleil - Kapitalis\" \/>\n<meta property=\"og:description\" content=\"La 21e \u00e9dition de Mood Talent, baptis\u00e9e Sunrise, ou lever du soleil, r\u00e9unira \u00e0 Dar El Marsa, du 30 mai au 1er juin 2018, en nocturnes (ou soir\u00e9es ramadanesques), de 21 \u00e0 2 heures, 22 cr\u00e9ateurs du domaine de la mode et de la beaut\u00e9.\" \/>\n<meta property=\"og:url\" content=\"https:\/\/kapitalis.com\/tunisie\/2018\/05\/16\/mode-la-23e-edition-de-mood-talent-sous-le-signe-du-lever-du-soleil\/\" \/>\n<meta property=\"og:site_name\" content=\"Kapitalis\" \/>\n<meta property=\"article:publisher\" content=\"https:\/\/www.facebook.com\/KapitalisInfo\/\" \/>\n<meta property=\"article:published_time\" content=\"2018-05-16T09:26:06+00:00\" \/>\n<meta property=\"og:image\" content=\"https:\/\/kapitalis.com\/tunisie\/wp-content\/uploads\/2022\/05\/kapitalis-logo-fb.png\" \/>\n\t<meta property=\"og:image:width\" content=\"1200\" \/>\n\t<meta property=\"og:image:height\" content=\"630\" \/>\n\t<meta property=\"og:image:type\" content=\"image\/png\" \/>\n<meta name=\"author\" content=\"webmaster kapitalis\" \/>\n<meta name=\"twitter:card\" content=\"summary_large_image\" \/>\n<meta name=\"twitter:creator\" content=\"@KapitalisInfo\" \/>\n<meta name=\"twitter:site\" content=\"@KapitalisInfo\" \/>\n<meta name=\"twitter:label1\" content=\"\u00c9crit par\" \/>\n\t<meta name=\"twitter:data1\" content=\"webmaster kapitalis\" \/>\n\t<meta name=\"twitter:label2\" content=\"Dur\u00e9e de lecture estim\u00e9e\" \/>\n\t<meta name=\"twitter:data2\" content=\"2 minutes\" \/>\n<script type=\"application\/ld+json\" class=\"yoast-schema-graph\">{\"@context\":\"https:\/\/schema.org\",\"@graph\":[{\"@type\":\"Article\",\"@id\":\"https:\/\/kapitalis.com\/tunisie\/2018\/05\/16\/mode-la-23e-edition-de-mood-talent-sous-le-signe-du-lever-du-soleil\/#article\",\"isPartOf\":{\"@id\":\"https:\/\/kapitalis.com\/tunisie\/2018\/05\/16\/mode-la-23e-edition-de-mood-talent-sous-le-signe-du-lever-du-soleil\/\"},\"author\":{\"name\":\"webmaster kapitalis\",\"@id\":\"https:\/\/kapitalis.com\/tunisie\/#\/schema\/person\/d71f33a9ca44f7bad4698210b480c8e9\"},\"headline\":\"Mode : La 23e \u00e9dition de Mood Talent sous le signe du lever du soleil\",\"datePublished\":\"2018-05-16T09:26:06+00:00\",\"mainEntityOfPage\":{\"@id\":\"https:\/\/kapitalis.com\/tunisie\/2018\/05\/16\/mode-la-23e-edition-de-mood-talent-sous-le-signe-du-lever-du-soleil\/\"},\"wordCount\":379,\"commentCount\":0,\"publisher\":{\"@id\":\"https:\/\/kapitalis.com\/tunisie\/#organization\"},\"image\":{\"@id\":\"https:\/\/kapitalis.com\/tunisie\/2018\/05\/16\/mode-la-23e-edition-de-mood-talent-sous-le-signe-du-lever-du-soleil\/#primaryimage\"},\"thumbnailUrl\":\"\",\"keywords\":[\"Dar El Marsa\",\"Mood Talent\"],\"articleSection\":[\"CONSO\",\"Tunisie\"],\"inLanguage\":\"fr-FR\",\"potentialAction\":[{\"@type\":\"CommentAction\",\"name\":\"Comment\",\"target\":[\"https:\/\/kapitalis.com\/tunisie\/2018\/05\/16\/mode-la-23e-edition-de-mood-talent-sous-le-signe-du-lever-du-soleil\/#respond\"]}]},{\"@type\":\"WebPage\",\"@id\":\"https:\/\/kapitalis.com\/tunisie\/2018\/05\/16\/mode-la-23e-edition-de-mood-talent-sous-le-signe-du-lever-du-soleil\/\",\"url\":\"https:\/\/kapitalis.com\/tunisie\/2018\/05\/16\/mode-la-23e-edition-de-mood-talent-sous-le-signe-du-lever-du-soleil\/\",\"name\":\"Mode : La 23e \u00e9dition de Mood Talent sous le signe du lever du soleil - Kapitalis\",\"isPartOf\":{\"@id\":\"https:\/\/kapitalis.com\/tunisie\/#website\"},\"primaryImageOfPage\":{\"@id\":\"https:\/\/kapitalis.com\/tunisie\/2018\/05\/16\/mode-la-23e-edition-de-mood-talent-sous-le-signe-du-lever-du-soleil\/#primaryimage\"},\"image\":{\"@id\":\"https:\/\/kapitalis.com\/tunisie\/2018\/05\/16\/mode-la-23e-edition-de-mood-talent-sous-le-signe-du-lever-du-soleil\/#primaryimage\"},\"thumbnailUrl\":\"\",\"datePublished\":\"2018-05-16T09:26:06+00:00\",\"breadcrumb\":{\"@id\":\"https:\/\/kapitalis.com\/tunisie\/2018\/05\/16\/mode-la-23e-edition-de-mood-talent-sous-le-signe-du-lever-du-soleil\/#breadcrumb\"},\"inLanguage\":\"fr-FR\",\"potentialAction\":[{\"@type\":\"ReadAction\",\"target\":[\"https:\/\/kapitalis.com\/tunisie\/2018\/05\/16\/mode-la-23e-edition-de-mood-talent-sous-le-signe-du-lever-du-soleil\/\"]}]},{\"@type\":\"ImageObject\",\"inLanguage\":\"fr-FR\",\"@id\":\"https:\/\/kapitalis.com\/tunisie\/2018\/05\/16\/mode-la-23e-edition-de-mood-talent-sous-le-signe-du-lever-du-soleil\/#primaryimage\",\"url\":\"\",\"contentUrl\":\"\"},{\"@type\":\"BreadcrumbList\",\"@id\":\"https:\/\/kapitalis.com\/tunisie\/2018\/05\/16\/mode-la-23e-edition-de-mood-talent-sous-le-signe-du-lever-du-soleil\/#breadcrumb\",\"itemListElement\":[{\"@type\":\"ListItem\",\"position\":1,\"name\":\"Accueil\",\"item\":\"https:\/\/kapitalis.com\/tunisie\/\"},{\"@type\":\"ListItem\",\"position\":2,\"name\":\"Mode : La 23e \u00e9dition de Mood Talent sous le signe du lever du soleil\"}]},{\"@type\":\"WebSite\",\"@id\":\"https:\/\/kapitalis.com\/tunisie\/#website\",\"url\":\"https:\/\/kapitalis.com\/tunisie\/\",\"name\":\"Kapitalis\",\"description\":\"L&#039;actualit\u00e9 en Tunisie et dans le monde\",\"publisher\":{\"@id\":\"https:\/\/kapitalis.com\/tunisie\/#organization\"},\"potentialAction\":[{\"@type\":\"SearchAction\",\"target\":{\"@type\":\"EntryPoint\",\"urlTemplate\":\"https:\/\/kapitalis.com\/tunisie\/?s={search_term_string}\"},\"query-input\":{\"@type\":\"PropertyValueSpecification\",\"valueRequired\":true,\"valueName\":\"search_term_string\"}}],\"inLanguage\":\"fr-FR\"},{\"@type\":\"Organization\",\"@id\":\"https:\/\/kapitalis.com\/tunisie\/#organization\",\"name\":\"Kapitalis\",\"url\":\"https:\/\/kapitalis.com\/tunisie\/\",\"logo\":{\"@type\":\"ImageObject\",\"inLanguage\":\"fr-FR\",\"@id\":\"https:\/\/kapitalis.com\/tunisie\/#\/schema\/logo\/image\/\",\"url\":\"https:\/\/kapitalis.com\/tunisie\/wp-content\/uploads\/2022\/05\/Kapitalis-big-size.png\",\"contentUrl\":\"https:\/\/kapitalis.com\/tunisie\/wp-content\/uploads\/2022\/05\/Kapitalis-big-size.png\",\"width\":5000,\"height\":1500,\"caption\":\"Kapitalis\"},\"image\":{\"@id\":\"https:\/\/kapitalis.com\/tunisie\/#\/schema\/logo\/image\/\"},\"sameAs\":[\"https:\/\/www.facebook.com\/KapitalisInfo\/\",\"https:\/\/x.com\/KapitalisInfo\",\"https:\/\/www.youtube.com\/channel\/UC-yDYrHyfFBWWZaOw3FPg9Q\"]},{\"@type\":\"Person\",\"@id\":\"https:\/\/kapitalis.com\/tunisie\/#\/schema\/person\/d71f33a9ca44f7bad4698210b480c8e9\",\"name\":\"webmaster kapitalis\",\"url\":\"https:\/\/kapitalis.com\/tunisie\/author\/webmaster-kapitalis\/\"}]}<\/script>\n<!-- \/ Yoast SEO plugin. -->","yoast_head_json":{"title":"Mode : La 23e \u00e9dition de Mood Talent sous le signe du lever du soleil - Kapitalis","robots":{"index":"index","follow":"follow","max-snippet":"max-snippet:-1","max-image-preview":"max-image-preview:large","max-video-preview":"max-video-preview:-1"},"canonical":"https:\/\/kapitalis.com\/tunisie\/2018\/05\/16\/mode-la-23e-edition-de-mood-talent-sous-le-signe-du-lever-du-soleil\/","og_locale":"fr_FR","og_type":"article","og_title":"Mode : La 23e \u00e9dition de Mood Talent sous le signe du lever du soleil - Kapitalis","og_description":"La 21e \u00e9dition de Mood Talent, baptis\u00e9e Sunrise, ou lever du soleil, r\u00e9unira \u00e0 Dar El Marsa, du 30 mai au 1er juin 2018, en nocturnes (ou soir\u00e9es ramadanesques), de 21 \u00e0 2 heures, 22 cr\u00e9ateurs du domaine de la mode et de la beaut\u00e9.","og_url":"https:\/\/kapitalis.com\/tunisie\/2018\/05\/16\/mode-la-23e-edition-de-mood-talent-sous-le-signe-du-lever-du-soleil\/","og_site_name":"Kapitalis","article_publisher":"https:\/\/www.facebook.com\/KapitalisInfo\/","article_published_time":"2018-05-16T09:26:06+00:00","og_image":[{"width":1200,"height":630,"url":"https:\/\/kapitalis.com\/tunisie\/wp-content\/uploads\/2022\/05\/kapitalis-logo-fb.png","type":"image\/png"}],"author":"webmaster kapitalis","twitter_card":"summary_large_image","twitter_creator":"@KapitalisInfo","twitter_site":"@KapitalisInfo","twitter_misc":{"\u00c9crit par":"webmaster kapitalis","Dur\u00e9e de lecture estim\u00e9e":"2 minutes"},"schema":{"@context":"https:\/\/schema.org","@graph":[{"@type":"Article","@id":"https:\/\/kapitalis.com\/tunisie\/2018\/05\/16\/mode-la-23e-edition-de-mood-talent-sous-le-signe-du-lever-du-soleil\/#article","isPartOf":{"@id":"https:\/\/kapitalis.com\/tunisie\/2018\/05\/16\/mode-la-23e-edition-de-mood-talent-sous-le-signe-du-lever-du-soleil\/"},"author":{"name":"webmaster kapitalis","@id":"https:\/\/kapitalis.com\/tunisie\/#\/schema\/person\/d71f33a9ca44f7bad4698210b480c8e9"},"headline":"Mode : La 23e \u00e9dition de Mood Talent sous le signe du lever du soleil","datePublished":"2018-05-16T09:26:06+00:00","mainEntityOfPage":{"@id":"https:\/\/kapitalis.com\/tunisie\/2018\/05\/16\/mode-la-23e-edition-de-mood-talent-sous-le-signe-du-lever-du-soleil\/"},"wordCount":379,"commentCount":0,"publisher":{"@id":"https:\/\/kapitalis.com\/tunisie\/#organization"},"image":{"@id":"https:\/\/kapitalis.com\/tunisie\/2018\/05\/16\/mode-la-23e-edition-de-mood-talent-sous-le-signe-du-lever-du-soleil\/#primaryimage"},"thumbnailUrl":"","keywords":["Dar El Marsa","Mood Talent"],"articleSection":["CONSO","Tunisie"],"inLanguage":"fr-FR","potentialAction":[{"@type":"CommentAction","name":"Comment","target":["https:\/\/kapitalis.com\/tunisie\/2018\/05\/16\/mode-la-23e-edition-de-mood-talent-sous-le-signe-du-lever-du-soleil\/#respond"]}]},{"@type":"WebPage","@id":"https:\/\/kapitalis.com\/tunisie\/2018\/05\/16\/mode-la-23e-edition-de-mood-talent-sous-le-signe-du-lever-du-soleil\/","url":"https:\/\/kapitalis.com\/tunisie\/2018\/05\/16\/mode-la-23e-edition-de-mood-talent-sous-le-signe-du-lever-du-soleil\/","name":"Mode : La 23e \u00e9dition de Mood Talent sous le signe du lever du soleil - Kapitalis","isPartOf":{"@id":"https:\/\/kapitalis.com\/tunisie\/#website"},"primaryImageOfPage":{"@id":"https:\/\/kapitalis.com\/tunisie\/2018\/05\/16\/mode-la-23e-edition-de-mood-talent-sous-le-signe-du-lever-du-soleil\/#primaryimage"},"image":{"@id":"https:\/\/kapitalis.com\/tunisie\/2018\/05\/16\/mode-la-23e-edition-de-mood-talent-sous-le-signe-du-lever-du-soleil\/#primaryimage"},"thumbnailUrl":"","datePublished":"2018-05-16T09:26:06+00:00","breadcrumb":{"@id":"https:\/\/kapitalis.com\/tunisie\/2018\/05\/16\/mode-la-23e-edition-de-mood-talent-sous-le-signe-du-lever-du-soleil\/#breadcrumb"},"inLanguage":"fr-FR","potentialAction":[{"@type":"ReadAction","target":["https:\/\/kapitalis.com\/tunisie\/2018\/05\/16\/mode-la-23e-edition-de-mood-talent-sous-le-signe-du-lever-du-soleil\/"]}]},{"@type":"ImageObject","inLanguage":"fr-FR","@id":"https:\/\/kapitalis.com\/tunisie\/2018\/05\/16\/mode-la-23e-edition-de-mood-talent-sous-le-signe-du-lever-du-soleil\/#primaryimage","url":"","contentUrl":""},{"@type":"BreadcrumbList","@id":"https:\/\/kapitalis.com\/tunisie\/2018\/05\/16\/mode-la-23e-edition-de-mood-talent-sous-le-signe-du-lever-du-soleil\/#breadcrumb","itemListElement":[{"@type":"ListItem","position":1,"name":"Accueil","item":"https:\/\/kapitalis.com\/tunisie\/"},{"@type":"ListItem","position":2,"name":"Mode : La 23e \u00e9dition de Mood Talent sous le signe du lever du soleil"}]},{"@type":"WebSite","@id":"https:\/\/kapitalis.com\/tunisie\/#website","url":"https:\/\/kapitalis.com\/tunisie\/","name":"Kapitalis","description":"L&#039;actualit\u00e9 en Tunisie et dans le monde","publisher":{"@id":"https:\/\/kapitalis.com\/tunisie\/#organization"},"potentialAction":[{"@type":"SearchAction","target":{"@type":"EntryPoint","urlTemplate":"https:\/\/kapitalis.com\/tunisie\/?s={search_term_string}"},"query-input":{"@type":"PropertyValueSpecification","valueRequired":true,"valueName":"search_term_string"}}],"inLanguage":"fr-FR"},{"@type":"Organization","@id":"https:\/\/kapitalis.com\/tunisie\/#organization","name":"Kapitalis","url":"https:\/\/kapitalis.com\/tunisie\/","logo":{"@type":"ImageObject","inLanguage":"fr-FR","@id":"https:\/\/kapitalis.com\/tunisie\/#\/schema\/logo\/image\/","url":"https:\/\/kapitalis.com\/tunisie\/wp-content\/uploads\/2022\/05\/Kapitalis-big-size.png","contentUrl":"https:\/\/kapitalis.com\/tunisie\/wp-content\/uploads\/2022\/05\/Kapitalis-big-size.png","width":5000,"height":1500,"caption":"Kapitalis"},"image":{"@id":"https:\/\/kapitalis.com\/tunisie\/#\/schema\/logo\/image\/"},"sameAs":["https:\/\/www.facebook.com\/KapitalisInfo\/","https:\/\/x.com\/KapitalisInfo","https:\/\/www.youtube.com\/channel\/UC-yDYrHyfFBWWZaOw3FPg9Q"]},{"@type":"Person","@id":"https:\/\/kapitalis.com\/tunisie\/#\/schema\/person\/d71f33a9ca44f7bad4698210b480c8e9","name":"webmaster kapitalis","url":"https:\/\/kapitalis.com\/tunisie\/author\/webmaster-kapitalis\/"}]}},"_links":{"self":[{"href":"https:\/\/kapitalis.com\/tunisie\/wp-json\/wp\/v2\/posts\/154350","targetHints":{"allow":["GET"]}}],"collection":[{"href":"https:\/\/kapitalis.com\/tunisie\/wp-json\/wp\/v2\/posts"}],"about":[{"href":"https:\/\/kapitalis.com\/tunisie\/wp-json\/wp\/v2\/types\/post"}],"author":[{"embeddable":true,"href":"https:\/\/kapitalis.com\/tunisie\/wp-json\/wp\/v2\/users\/8"}],"replies":[{"embeddable":true,"href":"https:\/\/kapitalis.com\/tunisie\/wp-json\/wp\/v2\/comments?post=154350"}],"version-history":[{"count":0,"href":"https:\/\/kapitalis.com\/tunisie\/wp-json\/wp\/v2\/posts\/154350\/revisions"}],"wp:featuredmedia":[{"embeddable":true,"href":"https:\/\/kapitalis.com\/tunisie\/wp-json\/wp\/v2\/media\/154351"}],"wp:attachment":[{"href":"https:\/\/kapitalis.com\/tunisie\/wp-json\/wp\/v2\/media?parent=154350"}],"wp:term":[{"taxonomy":"category","embeddable":true,"href":"https:\/\/kapitalis.com\/tunisie\/wp-json\/wp\/v2\/categories?post=154350"},{"taxonomy":"post_tag","embeddable":true,"href":"https:\/\/kapitalis.com\/tunisie\/wp-json\/wp\/v2\/tags?post=154350"}],"curies":[{"name":"wp","href":"https:\/\/api.w.org\/{rel}","templated":true}]}}