{"id":15439974,"date":"2025-02-07T11:11:44","date_gmt":"2025-02-07T10:11:44","guid":{"rendered":"https:\/\/kapitalis.com\/tunisie\/?p=15439974"},"modified":"2025-02-13T11:40:36","modified_gmt":"2025-02-13T10:40:36","slug":"les-annees-prostate-de-safi-said-une-reflexion-sur-la-face-sombre-pouvoir","status":"publish","type":"post","link":"https:\/\/kapitalis.com\/tunisie\/2025\/02\/07\/les-annees-prostate-de-safi-said-une-reflexion-sur-la-face-sombre-pouvoir\/","title":{"rendered":"\u00a0\u2018\u2018Les ann\u00e9es prostate\u2019\u2019 de Safi Said\u00a0: une r\u00e9flexion sur la face sombre du pouvoir"},"content":{"rendered":"\n<p><strong><em>Publi\u00e9 en 2018 en fran\u00e7ais,&nbsp;<\/em><\/strong><em><strong>Les ann\u00e9es prostate<\/strong><\/em><strong><em>&nbsp;(<\/em><\/strong><em><strong>\u0633\u0646\u0648\u0627\u062a \u0627\u0644\u0628\u0631\u0648\u0633\u062a\u0627\u062a\u0627<\/strong><\/em><strong><em>) de Safi Said est un roman majeur qui, malgr\u00e9 sa qualit\u00e9 et son importance, n\u2019a pas rencontr\u00e9 l\u2019\u00e9cho qu\u2019il m\u00e9rite dans le monde francophone.<\/em><\/strong><\/p>\n\n\n\n<p><strong>Djamal Guettala<\/strong><\/p>\n\n\n\n<!--more-->\n\n\n\n<p>La traduction de l\u2019\u0153uvre, issue de la version arabe bien plus ancienne, offre enfin aux lecteurs francophones l\u2019opportunit\u00e9 de d\u00e9couvrir une \u0153uvre fondamentale de la litt\u00e9rature arabe contemporaine. Cet article se veut un hommage \u00e0 Safi Said et \u00e0 l\u2019importance de sa r\u00e9flexion politique et humaine, mise \u00e0 l\u2019honneur dans un livre \u00e0 la fois audacieux et profond\u00e9ment humain.<em><\/em><\/p>\n\n\n\n<p><em>Les ann\u00e9es prostate<\/em>&nbsp;n\u2019est pas un essai sur le r\u00e8gne de Zine El Abidine Ben Ali, comme le sugg\u00e8re la couverture trop vendeuse du livre reproduisant une photo de l\u2019ancien dictateur avec son \u00e9pouse Leila Trabelsi. Ce n\u2019est pas non plus un simple roman politique inspir\u00e9 par le parcours de ce couple qui n\u2019a pas laiss\u00e9 de bons souvenirs chez les Tunisiens.<\/p>\n\n\n\n<p>\u00c0 travers le personnage de Nooman, un pr\u00e9sident fictif, Safi Said explore les dimensions les plus sombres du pouvoir tout en creusant des questions intimes et philosophiques sur la vie humaine.<\/p>\n\n\n\n<p>Le r\u00e9cit s\u2019ouvre sur l\u2019assassinat du pr\u00e9sident par sa servante, \u00e9v\u00e9nement qui plonge le lecteur dans une r\u00e9flexion sur la politique tunisienne et les rapports de pouvoir. Ce meurtre marque le d\u00e9but d\u2019une exploration posthume o\u00f9 Nooman, dans l\u2019au-del\u00e0, retrouve sa premi\u00e8re femme, morte cinq ans plus t\u00f4t. Ce face-\u00e0-face avec le pass\u00e9 permet \u00e0 l\u2019auteur de brosser un tableau acerbe de la condition humaine, en particulier dans le cadre politique de la Tunisie.<\/p>\n\n\n\n<h2 class=\"wp-block-heading\">Entre politique et introspection<\/h2>\n\n\n\n<p>\u00c0 travers ce roman, Said m\u00eale habilement politique et introspection, nous offrant une lecture o\u00f9 les luttes internes des personnages r\u00e9sonnent avec les d\u00e9rives du pouvoir. Un portrait poignant de la fragilit\u00e9 humaine, qui d\u00e9passe les fronti\u00e8res de la Tunisie pour toucher \u00e0 des questions universelles.<\/p>\n\n\n\n<p>Bien que la version originale en arabe soit ant\u00e9rieure \u00e0 la traduction fran\u00e7aise, il aura fallu attendre 2018 pour que&nbsp;<em>Les ann\u00e9es prostate<\/em>&nbsp;trouve sa place dans le monde litt\u00e9raire francophone. Cette traduction, r\u00e9alis\u00e9e par Walid Maali et publi\u00e9e aux \u00c9ditions L\u2019Harmattan, permet enfin au public francophone d\u2019acc\u00e9der \u00e0 cette voix arabe singuli\u00e8re, longtemps rest\u00e9e dans l\u2019ombre.<\/p>\n\n\n\n<p>Loin de n\u2019\u00eatre qu\u2019un texte politique, le roman est aussi un t\u00e9moignage intime sur les faiblesses humaines, l\u2019amour, la trahison et la qu\u00eate de sens. En le traduisant, l\u2019\u0153uvre de Safi Said prend toute son ampleur dans un contexte litt\u00e9raire international, offrant une perspective nouvelle sur la soci\u00e9t\u00e9 tunisienne et ses enjeux.<\/p>\n\n\n\n<h2 class=\"wp-block-heading\">Une \u0153uvre \u00e0 red\u00e9couvrir<\/h2>\n\n\n\n<p>Cet article est un appel \u00e0 red\u00e9couvrir&nbsp;<em>Les ann\u00e9es prostate<\/em>, une \u0153uvre marquante mais trop souvent oubli\u00e9e du grand public. En donnant \u00e0 ce roman la place qu\u2019il m\u00e9rite dans le monde francophone, on rend hommage \u00e0 un auteur dont la pens\u00e9e critique et humaniste est plus que jamais d\u2019actualit\u00e9. La traduction de ce livre offre aux lecteurs une chance de d\u00e9couvrir une vision riche et nuanc\u00e9e de la Tunisie post-r\u00e9volutionnaire, tout en introduisant des th\u00e8mes universels sur la nature humaine et les d\u00e9rives du pouvoir.<\/p>\n\n\n\n<p>\u00c0 travers cet hommage tardif, nous nous r\u00e9jouissons de voir enfin Safi Said trouver la reconnaissance qu\u2019il m\u00e9rite au sein de la litt\u00e9rature francophone. Une lecture indispensable pour ceux qui souhaitent comprendre les dynamiques politiques et culturelles du monde arabe contemporain.<\/p>\n\n\n\n<figure class=\"wp-block-embed is-type-wp-embed is-provider-kapitalis wp-block-embed-kapitalis\"><div class=\"wp-block-embed__wrapper\">\n<blockquote class=\"wp-embedded-content\" data-secret=\"KjvTgLK3x8\"><a href=\"https:\/\/kapitalis.com\/tunisie\/2024\/08\/21\/portrait-ahmed-safi-said-dans-loeil-du-cyclone\/\">Portrait\u00a0: Ahmed Safi Sa\u00efd dans l\u2019\u0153il du cyclone<\/a><\/blockquote><iframe loading=\"lazy\" class=\"wp-embedded-content\" sandbox=\"allow-scripts\" security=\"restricted\" style=\"position: absolute; visibility: hidden;\" title=\"\u00ab\u00a0Portrait\u00a0: Ahmed Safi Sa\u00efd dans l\u2019\u0153il du cyclone\u00a0\u00bb &#8212; Kapitalis\" src=\"https:\/\/kapitalis.com\/tunisie\/2024\/08\/21\/portrait-ahmed-safi-said-dans-loeil-du-cyclone\/embed\/#?secret=RhuWQPQTCW#?secret=KjvTgLK3x8\" data-secret=\"KjvTgLK3x8\" width=\"600\" height=\"338\" frameborder=\"0\" marginwidth=\"0\" marginheight=\"0\" scrolling=\"no\"><\/iframe>\n<\/div><\/figure>\n\n\n\n<p><\/p>\n","protected":false},"excerpt":{"rendered":"<p>Les ann\u00e9es prostate de Safi Said est un roman majeur qui n\u2019a pas rencontr\u00e9 l\u2019\u00e9cho qu\u2019il m\u00e9rite dans le monde francophone.<\/p>\n","protected":false},"author":8,"featured_media":15439988,"comment_status":"open","ping_status":"open","sticky":false,"template":"","format":"standard","meta":{"footnotes":""},"categories":[992,994,2433],"tags":[6507,11009,5815,83925,7334],"class_list":["post-15439974","post","type-post","status-publish","format-standard","has-post-thumbnail","hentry","category-a-la-une","category-culture","category-tunisie","tag-leila-trabelsi","tag-pouvoir","tag-roman","tag-safi-said-2","tag-zine-el-abidine-ben-ali"],"yoast_head":"<!-- This site is optimized with the Yoast SEO plugin v26.6 - https:\/\/yoast.com\/wordpress\/plugins\/seo\/ -->\n<title>\u00a0\u2018\u2018Les ann\u00e9es prostate\u2019\u2019 de Safi Said\u00a0: une r\u00e9flexion sur la face sombre du pouvoir - Kapitalis<\/title>\n<meta name=\"robots\" content=\"index, follow, max-snippet:-1, max-image-preview:large, max-video-preview:-1\" \/>\n<link rel=\"canonical\" href=\"https:\/\/kapitalis.com\/tunisie\/2025\/02\/07\/les-annees-prostate-de-safi-said-une-reflexion-sur-la-face-sombre-pouvoir\/\" \/>\n<meta property=\"og:locale\" content=\"fr_FR\" \/>\n<meta property=\"og:type\" content=\"article\" \/>\n<meta property=\"og:title\" content=\"\u00a0\u2018\u2018Les ann\u00e9es prostate\u2019\u2019 de Safi Said\u00a0: une r\u00e9flexion sur la face sombre du pouvoir - Kapitalis\" \/>\n<meta property=\"og:description\" content=\"Les ann\u00e9es prostate de Safi Said est un roman majeur qui n\u2019a pas rencontr\u00e9 l\u2019\u00e9cho qu\u2019il m\u00e9rite dans le monde francophone.\" \/>\n<meta property=\"og:url\" content=\"https:\/\/kapitalis.com\/tunisie\/2025\/02\/07\/les-annees-prostate-de-safi-said-une-reflexion-sur-la-face-sombre-pouvoir\/\" \/>\n<meta property=\"og:site_name\" content=\"Kapitalis\" \/>\n<meta property=\"article:publisher\" content=\"https:\/\/www.facebook.com\/KapitalisInfo\/\" \/>\n<meta property=\"article:published_time\" content=\"2025-02-07T10:11:44+00:00\" \/>\n<meta property=\"article:modified_time\" content=\"2025-02-13T10:40:36+00:00\" \/>\n<meta property=\"og:image\" content=\"https:\/\/kapitalis.com\/tunisie\/wp-content\/uploads\/2025\/02\/Safi-Said.jpg\" \/>\n\t<meta property=\"og:image:width\" content=\"1200\" \/>\n\t<meta property=\"og:image:height\" content=\"630\" \/>\n\t<meta property=\"og:image:type\" content=\"image\/jpeg\" \/>\n<meta name=\"author\" content=\"webmaster kapitalis\" \/>\n<meta name=\"twitter:card\" content=\"summary_large_image\" \/>\n<meta name=\"twitter:creator\" content=\"@KapitalisInfo\" \/>\n<meta name=\"twitter:site\" content=\"@KapitalisInfo\" \/>\n<meta name=\"twitter:label1\" content=\"\u00c9crit par\" \/>\n\t<meta name=\"twitter:data1\" content=\"webmaster kapitalis\" \/>\n\t<meta name=\"twitter:label2\" content=\"Dur\u00e9e de lecture estim\u00e9e\" \/>\n\t<meta name=\"twitter:data2\" content=\"4 minutes\" \/>\n<script type=\"application\/ld+json\" class=\"yoast-schema-graph\">{\"@context\":\"https:\/\/schema.org\",\"@graph\":[{\"@type\":\"Article\",\"@id\":\"https:\/\/kapitalis.com\/tunisie\/2025\/02\/07\/les-annees-prostate-de-safi-said-une-reflexion-sur-la-face-sombre-pouvoir\/#article\",\"isPartOf\":{\"@id\":\"https:\/\/kapitalis.com\/tunisie\/2025\/02\/07\/les-annees-prostate-de-safi-said-une-reflexion-sur-la-face-sombre-pouvoir\/\"},\"author\":{\"name\":\"webmaster kapitalis\",\"@id\":\"https:\/\/kapitalis.com\/tunisie\/#\/schema\/person\/d71f33a9ca44f7bad4698210b480c8e9\"},\"headline\":\"\u00a0\u2018\u2018Les ann\u00e9es prostate\u2019\u2019 de Safi Said\u00a0: une r\u00e9flexion sur la face sombre du pouvoir\",\"datePublished\":\"2025-02-07T10:11:44+00:00\",\"dateModified\":\"2025-02-13T10:40:36+00:00\",\"mainEntityOfPage\":{\"@id\":\"https:\/\/kapitalis.com\/tunisie\/2025\/02\/07\/les-annees-prostate-de-safi-said-une-reflexion-sur-la-face-sombre-pouvoir\/\"},\"wordCount\":638,\"commentCount\":3,\"publisher\":{\"@id\":\"https:\/\/kapitalis.com\/tunisie\/#organization\"},\"image\":{\"@id\":\"https:\/\/kapitalis.com\/tunisie\/2025\/02\/07\/les-annees-prostate-de-safi-said-une-reflexion-sur-la-face-sombre-pouvoir\/#primaryimage\"},\"thumbnailUrl\":\"https:\/\/kapitalis.com\/tunisie\/wp-content\/uploads\/2025\/02\/Safi-Said.jpg\",\"keywords\":[\"Leila Trabelsi\",\"pouvoir\",\"roman\",\"safi said\",\"Zine El Abidine Ben Ali\"],\"articleSection\":[\"A LA UNE\",\"CULTURE\",\"Tunisie\"],\"inLanguage\":\"fr-FR\",\"potentialAction\":[{\"@type\":\"CommentAction\",\"name\":\"Comment\",\"target\":[\"https:\/\/kapitalis.com\/tunisie\/2025\/02\/07\/les-annees-prostate-de-safi-said-une-reflexion-sur-la-face-sombre-pouvoir\/#respond\"]}]},{\"@type\":\"WebPage\",\"@id\":\"https:\/\/kapitalis.com\/tunisie\/2025\/02\/07\/les-annees-prostate-de-safi-said-une-reflexion-sur-la-face-sombre-pouvoir\/\",\"url\":\"https:\/\/kapitalis.com\/tunisie\/2025\/02\/07\/les-annees-prostate-de-safi-said-une-reflexion-sur-la-face-sombre-pouvoir\/\",\"name\":\"\u00a0\u2018\u2018Les ann\u00e9es prostate\u2019\u2019 de Safi Said\u00a0: une r\u00e9flexion sur la face sombre du pouvoir - Kapitalis\",\"isPartOf\":{\"@id\":\"https:\/\/kapitalis.com\/tunisie\/#website\"},\"primaryImageOfPage\":{\"@id\":\"https:\/\/kapitalis.com\/tunisie\/2025\/02\/07\/les-annees-prostate-de-safi-said-une-reflexion-sur-la-face-sombre-pouvoir\/#primaryimage\"},\"image\":{\"@id\":\"https:\/\/kapitalis.com\/tunisie\/2025\/02\/07\/les-annees-prostate-de-safi-said-une-reflexion-sur-la-face-sombre-pouvoir\/#primaryimage\"},\"thumbnailUrl\":\"https:\/\/kapitalis.com\/tunisie\/wp-content\/uploads\/2025\/02\/Safi-Said.jpg\",\"datePublished\":\"2025-02-07T10:11:44+00:00\",\"dateModified\":\"2025-02-13T10:40:36+00:00\",\"breadcrumb\":{\"@id\":\"https:\/\/kapitalis.com\/tunisie\/2025\/02\/07\/les-annees-prostate-de-safi-said-une-reflexion-sur-la-face-sombre-pouvoir\/#breadcrumb\"},\"inLanguage\":\"fr-FR\",\"potentialAction\":[{\"@type\":\"ReadAction\",\"target\":[\"https:\/\/kapitalis.com\/tunisie\/2025\/02\/07\/les-annees-prostate-de-safi-said-une-reflexion-sur-la-face-sombre-pouvoir\/\"]}]},{\"@type\":\"ImageObject\",\"inLanguage\":\"fr-FR\",\"@id\":\"https:\/\/kapitalis.com\/tunisie\/2025\/02\/07\/les-annees-prostate-de-safi-said-une-reflexion-sur-la-face-sombre-pouvoir\/#primaryimage\",\"url\":\"https:\/\/kapitalis.com\/tunisie\/wp-content\/uploads\/2025\/02\/Safi-Said.jpg\",\"contentUrl\":\"https:\/\/kapitalis.com\/tunisie\/wp-content\/uploads\/2025\/02\/Safi-Said.jpg\",\"width\":1200,\"height\":630},{\"@type\":\"BreadcrumbList\",\"@id\":\"https:\/\/kapitalis.com\/tunisie\/2025\/02\/07\/les-annees-prostate-de-safi-said-une-reflexion-sur-la-face-sombre-pouvoir\/#breadcrumb\",\"itemListElement\":[{\"@type\":\"ListItem\",\"position\":1,\"name\":\"Accueil\",\"item\":\"https:\/\/kapitalis.com\/tunisie\/\"},{\"@type\":\"ListItem\",\"position\":2,\"name\":\"\u00a0\u2018\u2018Les ann\u00e9es prostate\u2019\u2019 de Safi Said\u00a0: une r\u00e9flexion sur la face sombre du pouvoir\"}]},{\"@type\":\"WebSite\",\"@id\":\"https:\/\/kapitalis.com\/tunisie\/#website\",\"url\":\"https:\/\/kapitalis.com\/tunisie\/\",\"name\":\"Kapitalis\",\"description\":\"L&#039;actualit\u00e9 en Tunisie et dans le monde\",\"publisher\":{\"@id\":\"https:\/\/kapitalis.com\/tunisie\/#organization\"},\"potentialAction\":[{\"@type\":\"SearchAction\",\"target\":{\"@type\":\"EntryPoint\",\"urlTemplate\":\"https:\/\/kapitalis.com\/tunisie\/?s={search_term_string}\"},\"query-input\":{\"@type\":\"PropertyValueSpecification\",\"valueRequired\":true,\"valueName\":\"search_term_string\"}}],\"inLanguage\":\"fr-FR\"},{\"@type\":\"Organization\",\"@id\":\"https:\/\/kapitalis.com\/tunisie\/#organization\",\"name\":\"Kapitalis\",\"url\":\"https:\/\/kapitalis.com\/tunisie\/\",\"logo\":{\"@type\":\"ImageObject\",\"inLanguage\":\"fr-FR\",\"@id\":\"https:\/\/kapitalis.com\/tunisie\/#\/schema\/logo\/image\/\",\"url\":\"https:\/\/kapitalis.com\/tunisie\/wp-content\/uploads\/2022\/05\/Kapitalis-big-size.png\",\"contentUrl\":\"https:\/\/kapitalis.com\/tunisie\/wp-content\/uploads\/2022\/05\/Kapitalis-big-size.png\",\"width\":5000,\"height\":1500,\"caption\":\"Kapitalis\"},\"image\":{\"@id\":\"https:\/\/kapitalis.com\/tunisie\/#\/schema\/logo\/image\/\"},\"sameAs\":[\"https:\/\/www.facebook.com\/KapitalisInfo\/\",\"https:\/\/x.com\/KapitalisInfo\",\"https:\/\/www.youtube.com\/channel\/UC-yDYrHyfFBWWZaOw3FPg9Q\"]},{\"@type\":\"Person\",\"@id\":\"https:\/\/kapitalis.com\/tunisie\/#\/schema\/person\/d71f33a9ca44f7bad4698210b480c8e9\",\"name\":\"webmaster kapitalis\",\"url\":\"https:\/\/kapitalis.com\/tunisie\/author\/webmaster-kapitalis\/\"}]}<\/script>\n<!-- \/ Yoast SEO plugin. -->","yoast_head_json":{"title":"\u00a0\u2018\u2018Les ann\u00e9es prostate\u2019\u2019 de Safi Said\u00a0: une r\u00e9flexion sur la face sombre du pouvoir - Kapitalis","robots":{"index":"index","follow":"follow","max-snippet":"max-snippet:-1","max-image-preview":"max-image-preview:large","max-video-preview":"max-video-preview:-1"},"canonical":"https:\/\/kapitalis.com\/tunisie\/2025\/02\/07\/les-annees-prostate-de-safi-said-une-reflexion-sur-la-face-sombre-pouvoir\/","og_locale":"fr_FR","og_type":"article","og_title":"\u00a0\u2018\u2018Les ann\u00e9es prostate\u2019\u2019 de Safi Said\u00a0: une r\u00e9flexion sur la face sombre du pouvoir - Kapitalis","og_description":"Les ann\u00e9es prostate de Safi Said est un roman majeur qui n\u2019a pas rencontr\u00e9 l\u2019\u00e9cho qu\u2019il m\u00e9rite dans le monde francophone.","og_url":"https:\/\/kapitalis.com\/tunisie\/2025\/02\/07\/les-annees-prostate-de-safi-said-une-reflexion-sur-la-face-sombre-pouvoir\/","og_site_name":"Kapitalis","article_publisher":"https:\/\/www.facebook.com\/KapitalisInfo\/","article_published_time":"2025-02-07T10:11:44+00:00","article_modified_time":"2025-02-13T10:40:36+00:00","og_image":[{"width":1200,"height":630,"url":"https:\/\/kapitalis.com\/tunisie\/wp-content\/uploads\/2025\/02\/Safi-Said.jpg","type":"image\/jpeg"}],"author":"webmaster kapitalis","twitter_card":"summary_large_image","twitter_creator":"@KapitalisInfo","twitter_site":"@KapitalisInfo","twitter_misc":{"\u00c9crit par":"webmaster kapitalis","Dur\u00e9e de lecture estim\u00e9e":"4 minutes"},"schema":{"@context":"https:\/\/schema.org","@graph":[{"@type":"Article","@id":"https:\/\/kapitalis.com\/tunisie\/2025\/02\/07\/les-annees-prostate-de-safi-said-une-reflexion-sur-la-face-sombre-pouvoir\/#article","isPartOf":{"@id":"https:\/\/kapitalis.com\/tunisie\/2025\/02\/07\/les-annees-prostate-de-safi-said-une-reflexion-sur-la-face-sombre-pouvoir\/"},"author":{"name":"webmaster kapitalis","@id":"https:\/\/kapitalis.com\/tunisie\/#\/schema\/person\/d71f33a9ca44f7bad4698210b480c8e9"},"headline":"\u00a0\u2018\u2018Les ann\u00e9es prostate\u2019\u2019 de Safi Said\u00a0: une r\u00e9flexion sur la face sombre du pouvoir","datePublished":"2025-02-07T10:11:44+00:00","dateModified":"2025-02-13T10:40:36+00:00","mainEntityOfPage":{"@id":"https:\/\/kapitalis.com\/tunisie\/2025\/02\/07\/les-annees-prostate-de-safi-said-une-reflexion-sur-la-face-sombre-pouvoir\/"},"wordCount":638,"commentCount":3,"publisher":{"@id":"https:\/\/kapitalis.com\/tunisie\/#organization"},"image":{"@id":"https:\/\/kapitalis.com\/tunisie\/2025\/02\/07\/les-annees-prostate-de-safi-said-une-reflexion-sur-la-face-sombre-pouvoir\/#primaryimage"},"thumbnailUrl":"https:\/\/kapitalis.com\/tunisie\/wp-content\/uploads\/2025\/02\/Safi-Said.jpg","keywords":["Leila Trabelsi","pouvoir","roman","safi said","Zine El Abidine Ben Ali"],"articleSection":["A LA UNE","CULTURE","Tunisie"],"inLanguage":"fr-FR","potentialAction":[{"@type":"CommentAction","name":"Comment","target":["https:\/\/kapitalis.com\/tunisie\/2025\/02\/07\/les-annees-prostate-de-safi-said-une-reflexion-sur-la-face-sombre-pouvoir\/#respond"]}]},{"@type":"WebPage","@id":"https:\/\/kapitalis.com\/tunisie\/2025\/02\/07\/les-annees-prostate-de-safi-said-une-reflexion-sur-la-face-sombre-pouvoir\/","url":"https:\/\/kapitalis.com\/tunisie\/2025\/02\/07\/les-annees-prostate-de-safi-said-une-reflexion-sur-la-face-sombre-pouvoir\/","name":"\u00a0\u2018\u2018Les ann\u00e9es prostate\u2019\u2019 de Safi Said\u00a0: une r\u00e9flexion sur la face sombre du pouvoir - Kapitalis","isPartOf":{"@id":"https:\/\/kapitalis.com\/tunisie\/#website"},"primaryImageOfPage":{"@id":"https:\/\/kapitalis.com\/tunisie\/2025\/02\/07\/les-annees-prostate-de-safi-said-une-reflexion-sur-la-face-sombre-pouvoir\/#primaryimage"},"image":{"@id":"https:\/\/kapitalis.com\/tunisie\/2025\/02\/07\/les-annees-prostate-de-safi-said-une-reflexion-sur-la-face-sombre-pouvoir\/#primaryimage"},"thumbnailUrl":"https:\/\/kapitalis.com\/tunisie\/wp-content\/uploads\/2025\/02\/Safi-Said.jpg","datePublished":"2025-02-07T10:11:44+00:00","dateModified":"2025-02-13T10:40:36+00:00","breadcrumb":{"@id":"https:\/\/kapitalis.com\/tunisie\/2025\/02\/07\/les-annees-prostate-de-safi-said-une-reflexion-sur-la-face-sombre-pouvoir\/#breadcrumb"},"inLanguage":"fr-FR","potentialAction":[{"@type":"ReadAction","target":["https:\/\/kapitalis.com\/tunisie\/2025\/02\/07\/les-annees-prostate-de-safi-said-une-reflexion-sur-la-face-sombre-pouvoir\/"]}]},{"@type":"ImageObject","inLanguage":"fr-FR","@id":"https:\/\/kapitalis.com\/tunisie\/2025\/02\/07\/les-annees-prostate-de-safi-said-une-reflexion-sur-la-face-sombre-pouvoir\/#primaryimage","url":"https:\/\/kapitalis.com\/tunisie\/wp-content\/uploads\/2025\/02\/Safi-Said.jpg","contentUrl":"https:\/\/kapitalis.com\/tunisie\/wp-content\/uploads\/2025\/02\/Safi-Said.jpg","width":1200,"height":630},{"@type":"BreadcrumbList","@id":"https:\/\/kapitalis.com\/tunisie\/2025\/02\/07\/les-annees-prostate-de-safi-said-une-reflexion-sur-la-face-sombre-pouvoir\/#breadcrumb","itemListElement":[{"@type":"ListItem","position":1,"name":"Accueil","item":"https:\/\/kapitalis.com\/tunisie\/"},{"@type":"ListItem","position":2,"name":"\u00a0\u2018\u2018Les ann\u00e9es prostate\u2019\u2019 de Safi Said\u00a0: une r\u00e9flexion sur la face sombre du pouvoir"}]},{"@type":"WebSite","@id":"https:\/\/kapitalis.com\/tunisie\/#website","url":"https:\/\/kapitalis.com\/tunisie\/","name":"Kapitalis","description":"L&#039;actualit\u00e9 en Tunisie et dans le monde","publisher":{"@id":"https:\/\/kapitalis.com\/tunisie\/#organization"},"potentialAction":[{"@type":"SearchAction","target":{"@type":"EntryPoint","urlTemplate":"https:\/\/kapitalis.com\/tunisie\/?s={search_term_string}"},"query-input":{"@type":"PropertyValueSpecification","valueRequired":true,"valueName":"search_term_string"}}],"inLanguage":"fr-FR"},{"@type":"Organization","@id":"https:\/\/kapitalis.com\/tunisie\/#organization","name":"Kapitalis","url":"https:\/\/kapitalis.com\/tunisie\/","logo":{"@type":"ImageObject","inLanguage":"fr-FR","@id":"https:\/\/kapitalis.com\/tunisie\/#\/schema\/logo\/image\/","url":"https:\/\/kapitalis.com\/tunisie\/wp-content\/uploads\/2022\/05\/Kapitalis-big-size.png","contentUrl":"https:\/\/kapitalis.com\/tunisie\/wp-content\/uploads\/2022\/05\/Kapitalis-big-size.png","width":5000,"height":1500,"caption":"Kapitalis"},"image":{"@id":"https:\/\/kapitalis.com\/tunisie\/#\/schema\/logo\/image\/"},"sameAs":["https:\/\/www.facebook.com\/KapitalisInfo\/","https:\/\/x.com\/KapitalisInfo","https:\/\/www.youtube.com\/channel\/UC-yDYrHyfFBWWZaOw3FPg9Q"]},{"@type":"Person","@id":"https:\/\/kapitalis.com\/tunisie\/#\/schema\/person\/d71f33a9ca44f7bad4698210b480c8e9","name":"webmaster kapitalis","url":"https:\/\/kapitalis.com\/tunisie\/author\/webmaster-kapitalis\/"}]}},"_links":{"self":[{"href":"https:\/\/kapitalis.com\/tunisie\/wp-json\/wp\/v2\/posts\/15439974","targetHints":{"allow":["GET"]}}],"collection":[{"href":"https:\/\/kapitalis.com\/tunisie\/wp-json\/wp\/v2\/posts"}],"about":[{"href":"https:\/\/kapitalis.com\/tunisie\/wp-json\/wp\/v2\/types\/post"}],"author":[{"embeddable":true,"href":"https:\/\/kapitalis.com\/tunisie\/wp-json\/wp\/v2\/users\/8"}],"replies":[{"embeddable":true,"href":"https:\/\/kapitalis.com\/tunisie\/wp-json\/wp\/v2\/comments?post=15439974"}],"version-history":[{"count":2,"href":"https:\/\/kapitalis.com\/tunisie\/wp-json\/wp\/v2\/posts\/15439974\/revisions"}],"predecessor-version":[{"id":15531591,"href":"https:\/\/kapitalis.com\/tunisie\/wp-json\/wp\/v2\/posts\/15439974\/revisions\/15531591"}],"wp:featuredmedia":[{"embeddable":true,"href":"https:\/\/kapitalis.com\/tunisie\/wp-json\/wp\/v2\/media\/15439988"}],"wp:attachment":[{"href":"https:\/\/kapitalis.com\/tunisie\/wp-json\/wp\/v2\/media?parent=15439974"}],"wp:term":[{"taxonomy":"category","embeddable":true,"href":"https:\/\/kapitalis.com\/tunisie\/wp-json\/wp\/v2\/categories?post=15439974"},{"taxonomy":"post_tag","embeddable":true,"href":"https:\/\/kapitalis.com\/tunisie\/wp-json\/wp\/v2\/tags?post=15439974"}],"curies":[{"name":"wp","href":"https:\/\/api.w.org\/{rel}","templated":true}]}}