{"id":15455516,"date":"2025-02-09T11:06:25","date_gmt":"2025-02-09T10:06:25","guid":{"rendered":"https:\/\/kapitalis.com\/tunisie\/?p=15455516"},"modified":"2025-02-09T11:06:26","modified_gmt":"2025-02-09T10:06:26","slug":"tournee-americaine-demel-du-16-fevrier-au-30-mars-2025","status":"publish","type":"post","link":"https:\/\/kapitalis.com\/tunisie\/2025\/02\/09\/tournee-americaine-demel-du-16-fevrier-au-30-mars-2025\/","title":{"rendered":"Tourn\u00e9e am\u00e9ricaine d\u2019Emel du 16 f\u00e9vrier au 30 mars 2025"},"content":{"rendered":"\n<p><strong><em>La star tunisienne de la pop mondiale Emel (Mathlouthi), souvent pr\u00e9sent\u00e9e comme la \u00abcousine arabe de Bj\u00f6rk\u00bb, entamera une nouvelle tourn\u00e9e aux Etats-Unis avec son dernier album \u00e0 tonalit\u00e9 f\u00e9ministe \u2018\u2018Mra\u2019\u2019 le 16 f\u00e9vrier \u00e0 la salle Freight &amp; Salvage \u00e0 Berkeley, en Californie. <a href=\"https:\/\/www.youtube.com\/watch?si=T3Jq3pgmWSPhwK2T&amp;v=bTV8mIk_TOo&amp;feature=youtu.be\" target=\"_blank\" rel=\"noreferrer noopener\">Massive Will.<\/a><\/em><\/strong><\/p>\n\n\n\n<!--more-->\n\n\n\n<p>La tourn\u00e9e la m\u00e8nera ensuite \u00e0 Seattle (18 f\u00e9vrier), Los Angeles (19 f\u00e9vrier), New York (18 mars), Philadelphie (19 mars), Washington (20 mars), Cleveland (21 mars), Treefort Music Fest 2025 \u00e0 Boise (26-30 mars) et Big Ears Festival 2025 \u00e0 Knoxville (27-30 mars).<\/p>\n\n\n\n<p>Le 10 janvier, l\u2019artiste, producteur et activiste tuniso-am\u00e9ricaine bas\u00e9e \u00e0 New York a partag\u00e9 un remix pr\u00eat pour le club du duo parisien Acid Arab pour <em>\u2018\u2018<\/em><em> Lose My Mind (Ft. Nayomi)<\/em><em>\u2019\u2019<\/em>, le morceau phare de l\u2019album<em>\u2018\u2018<\/em><em>Mra<\/em><em>\u2019\u2019<\/em>.<\/p>\n\n\n\n<p>Utilisant le groove reggaeton arabe original, Emel ajoute un rythme percutant \u00e0 quatre sur le sol avec des \u00e9clats de mizmar rave-forward, offrant un m\u00e9lange enivrant de musique de club entre l\u2019Orient et l\u2019Occident.<\/p>\n\n\n\n<p>A propos de sa d\u00e9marche, on a parl\u00e9, \u00e0 juste titre, de <em>\u00abmusique de protestation pr\u00e9sent\u00e9e dans un emballage brillant et glamour\u00bb<\/em>.<\/p>\n\n\n\n<p class=\"has-text-align-right\"><strong>I. B.<\/strong><\/p>\n\n\n\n<p><a href=\"https:\/\/emelmathlouthi.com\/tour-grid-2\/\">Pour acheter son billet.<\/a><\/p>\n\n\n\n<figure class=\"wp-block-embed is-type-video is-provider-youtube wp-block-embed-youtube wp-embed-aspect-16-9 wp-has-aspect-ratio\"><div class=\"wp-block-embed__wrapper\">\n<iframe loading=\"lazy\" title=\"EMEL - Massive Will (live at Le Centquatre, Paris)\" width=\"1160\" height=\"653\" src=\"https:\/\/www.youtube.com\/embed\/bTV8mIk_TOo?feature=oembed\" frameborder=\"0\" allow=\"accelerometer; autoplay; clipboard-write; encrypted-media; gyroscope; picture-in-picture; web-share\" referrerpolicy=\"strict-origin-when-cross-origin\" allowfullscreen><\/iframe>\n<\/div><\/figure>\n","protected":false},"excerpt":{"rendered":"<p>La star tunisienne de la pop mondiale Emel (Mathlouthi) pr\u00e9pare sa tourn\u00e9e am\u00e9ricaine qui commencera le 16 f\u00e9vrier \u00e0 Berkeley.   <\/p>\n","protected":false},"author":8,"featured_media":15455545,"comment_status":"open","ping_status":"open","sticky":false,"template":"","format":"standard","meta":{"footnotes":""},"categories":[994,2433,4806],"tags":[24522,6799,2806,120658,110290,71139],"class_list":["post-15455516","post","type-post","status-publish","format-standard","has-post-thumbnail","hentry","category-culture","category-tunisie","category-videos","tag-emel-mathlouthi","tag-los-angeles","tag-new-york","tag-reggaeton-arabe","tag-tournee-americaine","tag-washington-d-c"],"yoast_head":"<!-- This site is optimized with the Yoast SEO plugin v26.6 - https:\/\/yoast.com\/wordpress\/plugins\/seo\/ -->\n<title>Tourn\u00e9e am\u00e9ricaine d\u2019Emel du 16 f\u00e9vrier au 30 mars 2025 - Kapitalis<\/title>\n<meta name=\"robots\" content=\"index, follow, max-snippet:-1, max-image-preview:large, max-video-preview:-1\" \/>\n<link rel=\"canonical\" href=\"https:\/\/kapitalis.com\/tunisie\/2025\/02\/09\/tournee-americaine-demel-du-16-fevrier-au-30-mars-2025\/\" \/>\n<meta property=\"og:locale\" content=\"fr_FR\" \/>\n<meta property=\"og:type\" content=\"article\" \/>\n<meta property=\"og:title\" content=\"Tourn\u00e9e am\u00e9ricaine d\u2019Emel du 16 f\u00e9vrier au 30 mars 2025 - Kapitalis\" \/>\n<meta property=\"og:description\" content=\"La star tunisienne de la pop mondiale Emel (Mathlouthi) pr\u00e9pare sa tourn\u00e9e am\u00e9ricaine qui commencera le 16 f\u00e9vrier \u00e0 Berkeley.\" \/>\n<meta property=\"og:url\" content=\"https:\/\/kapitalis.com\/tunisie\/2025\/02\/09\/tournee-americaine-demel-du-16-fevrier-au-30-mars-2025\/\" \/>\n<meta property=\"og:site_name\" content=\"Kapitalis\" \/>\n<meta property=\"article:publisher\" content=\"https:\/\/www.facebook.com\/KapitalisInfo\/\" \/>\n<meta property=\"article:published_time\" content=\"2025-02-09T10:06:25+00:00\" \/>\n<meta property=\"article:modified_time\" content=\"2025-02-09T10:06:26+00:00\" \/>\n<meta property=\"og:image\" content=\"https:\/\/kapitalis.com\/tunisie\/wp-content\/uploads\/2025\/02\/Emel.jpg\" \/>\n\t<meta property=\"og:image:width\" content=\"1200\" \/>\n\t<meta property=\"og:image:height\" content=\"630\" \/>\n\t<meta property=\"og:image:type\" content=\"image\/jpeg\" \/>\n<meta name=\"author\" content=\"webmaster kapitalis\" \/>\n<meta name=\"twitter:card\" content=\"summary_large_image\" \/>\n<meta name=\"twitter:creator\" content=\"@KapitalisInfo\" \/>\n<meta name=\"twitter:site\" content=\"@KapitalisInfo\" \/>\n<meta name=\"twitter:label1\" content=\"\u00c9crit par\" \/>\n\t<meta name=\"twitter:data1\" content=\"webmaster kapitalis\" \/>\n\t<meta name=\"twitter:label2\" content=\"Dur\u00e9e de lecture estim\u00e9e\" \/>\n\t<meta name=\"twitter:data2\" content=\"2 minutes\" \/>\n<script type=\"application\/ld+json\" class=\"yoast-schema-graph\">{\"@context\":\"https:\/\/schema.org\",\"@graph\":[{\"@type\":\"Article\",\"@id\":\"https:\/\/kapitalis.com\/tunisie\/2025\/02\/09\/tournee-americaine-demel-du-16-fevrier-au-30-mars-2025\/#article\",\"isPartOf\":{\"@id\":\"https:\/\/kapitalis.com\/tunisie\/2025\/02\/09\/tournee-americaine-demel-du-16-fevrier-au-30-mars-2025\/\"},\"author\":{\"name\":\"webmaster kapitalis\",\"@id\":\"https:\/\/kapitalis.com\/tunisie\/#\/schema\/person\/d71f33a9ca44f7bad4698210b480c8e9\"},\"headline\":\"Tourn\u00e9e am\u00e9ricaine d\u2019Emel du 16 f\u00e9vrier au 30 mars 2025\",\"datePublished\":\"2025-02-09T10:06:25+00:00\",\"dateModified\":\"2025-02-09T10:06:26+00:00\",\"mainEntityOfPage\":{\"@id\":\"https:\/\/kapitalis.com\/tunisie\/2025\/02\/09\/tournee-americaine-demel-du-16-fevrier-au-30-mars-2025\/\"},\"wordCount\":220,\"commentCount\":0,\"publisher\":{\"@id\":\"https:\/\/kapitalis.com\/tunisie\/#organization\"},\"image\":{\"@id\":\"https:\/\/kapitalis.com\/tunisie\/2025\/02\/09\/tournee-americaine-demel-du-16-fevrier-au-30-mars-2025\/#primaryimage\"},\"thumbnailUrl\":\"https:\/\/kapitalis.com\/tunisie\/wp-content\/uploads\/2025\/02\/Emel.jpg\",\"keywords\":[\"Emel Mathlouthi\",\"Los Angeles\",\"New York\",\"reggaeton arabe\",\"tourn\u00e9e am\u00e9ricaine\",\"Washington D.C.\"],\"articleSection\":[\"CULTURE\",\"Tunisie\",\"VIDEOS\"],\"inLanguage\":\"fr-FR\",\"potentialAction\":[{\"@type\":\"CommentAction\",\"name\":\"Comment\",\"target\":[\"https:\/\/kapitalis.com\/tunisie\/2025\/02\/09\/tournee-americaine-demel-du-16-fevrier-au-30-mars-2025\/#respond\"]}]},{\"@type\":\"WebPage\",\"@id\":\"https:\/\/kapitalis.com\/tunisie\/2025\/02\/09\/tournee-americaine-demel-du-16-fevrier-au-30-mars-2025\/\",\"url\":\"https:\/\/kapitalis.com\/tunisie\/2025\/02\/09\/tournee-americaine-demel-du-16-fevrier-au-30-mars-2025\/\",\"name\":\"Tourn\u00e9e am\u00e9ricaine d\u2019Emel du 16 f\u00e9vrier au 30 mars 2025 - Kapitalis\",\"isPartOf\":{\"@id\":\"https:\/\/kapitalis.com\/tunisie\/#website\"},\"primaryImageOfPage\":{\"@id\":\"https:\/\/kapitalis.com\/tunisie\/2025\/02\/09\/tournee-americaine-demel-du-16-fevrier-au-30-mars-2025\/#primaryimage\"},\"image\":{\"@id\":\"https:\/\/kapitalis.com\/tunisie\/2025\/02\/09\/tournee-americaine-demel-du-16-fevrier-au-30-mars-2025\/#primaryimage\"},\"thumbnailUrl\":\"https:\/\/kapitalis.com\/tunisie\/wp-content\/uploads\/2025\/02\/Emel.jpg\",\"datePublished\":\"2025-02-09T10:06:25+00:00\",\"dateModified\":\"2025-02-09T10:06:26+00:00\",\"breadcrumb\":{\"@id\":\"https:\/\/kapitalis.com\/tunisie\/2025\/02\/09\/tournee-americaine-demel-du-16-fevrier-au-30-mars-2025\/#breadcrumb\"},\"inLanguage\":\"fr-FR\",\"potentialAction\":[{\"@type\":\"ReadAction\",\"target\":[\"https:\/\/kapitalis.com\/tunisie\/2025\/02\/09\/tournee-americaine-demel-du-16-fevrier-au-30-mars-2025\/\"]}]},{\"@type\":\"ImageObject\",\"inLanguage\":\"fr-FR\",\"@id\":\"https:\/\/kapitalis.com\/tunisie\/2025\/02\/09\/tournee-americaine-demel-du-16-fevrier-au-30-mars-2025\/#primaryimage\",\"url\":\"https:\/\/kapitalis.com\/tunisie\/wp-content\/uploads\/2025\/02\/Emel.jpg\",\"contentUrl\":\"https:\/\/kapitalis.com\/tunisie\/wp-content\/uploads\/2025\/02\/Emel.jpg\",\"width\":1200,\"height\":630},{\"@type\":\"BreadcrumbList\",\"@id\":\"https:\/\/kapitalis.com\/tunisie\/2025\/02\/09\/tournee-americaine-demel-du-16-fevrier-au-30-mars-2025\/#breadcrumb\",\"itemListElement\":[{\"@type\":\"ListItem\",\"position\":1,\"name\":\"Accueil\",\"item\":\"https:\/\/kapitalis.com\/tunisie\/\"},{\"@type\":\"ListItem\",\"position\":2,\"name\":\"Tourn\u00e9e am\u00e9ricaine d\u2019Emel du 16 f\u00e9vrier au 30 mars 2025\"}]},{\"@type\":\"WebSite\",\"@id\":\"https:\/\/kapitalis.com\/tunisie\/#website\",\"url\":\"https:\/\/kapitalis.com\/tunisie\/\",\"name\":\"Kapitalis\",\"description\":\"L&#039;actualit\u00e9 en Tunisie et dans le monde\",\"publisher\":{\"@id\":\"https:\/\/kapitalis.com\/tunisie\/#organization\"},\"potentialAction\":[{\"@type\":\"SearchAction\",\"target\":{\"@type\":\"EntryPoint\",\"urlTemplate\":\"https:\/\/kapitalis.com\/tunisie\/?s={search_term_string}\"},\"query-input\":{\"@type\":\"PropertyValueSpecification\",\"valueRequired\":true,\"valueName\":\"search_term_string\"}}],\"inLanguage\":\"fr-FR\"},{\"@type\":\"Organization\",\"@id\":\"https:\/\/kapitalis.com\/tunisie\/#organization\",\"name\":\"Kapitalis\",\"url\":\"https:\/\/kapitalis.com\/tunisie\/\",\"logo\":{\"@type\":\"ImageObject\",\"inLanguage\":\"fr-FR\",\"@id\":\"https:\/\/kapitalis.com\/tunisie\/#\/schema\/logo\/image\/\",\"url\":\"https:\/\/kapitalis.com\/tunisie\/wp-content\/uploads\/2022\/05\/Kapitalis-big-size.png\",\"contentUrl\":\"https:\/\/kapitalis.com\/tunisie\/wp-content\/uploads\/2022\/05\/Kapitalis-big-size.png\",\"width\":5000,\"height\":1500,\"caption\":\"Kapitalis\"},\"image\":{\"@id\":\"https:\/\/kapitalis.com\/tunisie\/#\/schema\/logo\/image\/\"},\"sameAs\":[\"https:\/\/www.facebook.com\/KapitalisInfo\/\",\"https:\/\/x.com\/KapitalisInfo\",\"https:\/\/www.youtube.com\/channel\/UC-yDYrHyfFBWWZaOw3FPg9Q\"]},{\"@type\":\"Person\",\"@id\":\"https:\/\/kapitalis.com\/tunisie\/#\/schema\/person\/d71f33a9ca44f7bad4698210b480c8e9\",\"name\":\"webmaster kapitalis\",\"url\":\"https:\/\/kapitalis.com\/tunisie\/author\/webmaster-kapitalis\/\"}]}<\/script>\n<!-- \/ Yoast SEO plugin. -->","yoast_head_json":{"title":"Tourn\u00e9e am\u00e9ricaine d\u2019Emel du 16 f\u00e9vrier au 30 mars 2025 - Kapitalis","robots":{"index":"index","follow":"follow","max-snippet":"max-snippet:-1","max-image-preview":"max-image-preview:large","max-video-preview":"max-video-preview:-1"},"canonical":"https:\/\/kapitalis.com\/tunisie\/2025\/02\/09\/tournee-americaine-demel-du-16-fevrier-au-30-mars-2025\/","og_locale":"fr_FR","og_type":"article","og_title":"Tourn\u00e9e am\u00e9ricaine d\u2019Emel du 16 f\u00e9vrier au 30 mars 2025 - Kapitalis","og_description":"La star tunisienne de la pop mondiale Emel (Mathlouthi) pr\u00e9pare sa tourn\u00e9e am\u00e9ricaine qui commencera le 16 f\u00e9vrier \u00e0 Berkeley.","og_url":"https:\/\/kapitalis.com\/tunisie\/2025\/02\/09\/tournee-americaine-demel-du-16-fevrier-au-30-mars-2025\/","og_site_name":"Kapitalis","article_publisher":"https:\/\/www.facebook.com\/KapitalisInfo\/","article_published_time":"2025-02-09T10:06:25+00:00","article_modified_time":"2025-02-09T10:06:26+00:00","og_image":[{"width":1200,"height":630,"url":"https:\/\/kapitalis.com\/tunisie\/wp-content\/uploads\/2025\/02\/Emel.jpg","type":"image\/jpeg"}],"author":"webmaster kapitalis","twitter_card":"summary_large_image","twitter_creator":"@KapitalisInfo","twitter_site":"@KapitalisInfo","twitter_misc":{"\u00c9crit par":"webmaster kapitalis","Dur\u00e9e de lecture estim\u00e9e":"2 minutes"},"schema":{"@context":"https:\/\/schema.org","@graph":[{"@type":"Article","@id":"https:\/\/kapitalis.com\/tunisie\/2025\/02\/09\/tournee-americaine-demel-du-16-fevrier-au-30-mars-2025\/#article","isPartOf":{"@id":"https:\/\/kapitalis.com\/tunisie\/2025\/02\/09\/tournee-americaine-demel-du-16-fevrier-au-30-mars-2025\/"},"author":{"name":"webmaster kapitalis","@id":"https:\/\/kapitalis.com\/tunisie\/#\/schema\/person\/d71f33a9ca44f7bad4698210b480c8e9"},"headline":"Tourn\u00e9e am\u00e9ricaine d\u2019Emel du 16 f\u00e9vrier au 30 mars 2025","datePublished":"2025-02-09T10:06:25+00:00","dateModified":"2025-02-09T10:06:26+00:00","mainEntityOfPage":{"@id":"https:\/\/kapitalis.com\/tunisie\/2025\/02\/09\/tournee-americaine-demel-du-16-fevrier-au-30-mars-2025\/"},"wordCount":220,"commentCount":0,"publisher":{"@id":"https:\/\/kapitalis.com\/tunisie\/#organization"},"image":{"@id":"https:\/\/kapitalis.com\/tunisie\/2025\/02\/09\/tournee-americaine-demel-du-16-fevrier-au-30-mars-2025\/#primaryimage"},"thumbnailUrl":"https:\/\/kapitalis.com\/tunisie\/wp-content\/uploads\/2025\/02\/Emel.jpg","keywords":["Emel Mathlouthi","Los Angeles","New York","reggaeton arabe","tourn\u00e9e am\u00e9ricaine","Washington D.C."],"articleSection":["CULTURE","Tunisie","VIDEOS"],"inLanguage":"fr-FR","potentialAction":[{"@type":"CommentAction","name":"Comment","target":["https:\/\/kapitalis.com\/tunisie\/2025\/02\/09\/tournee-americaine-demel-du-16-fevrier-au-30-mars-2025\/#respond"]}]},{"@type":"WebPage","@id":"https:\/\/kapitalis.com\/tunisie\/2025\/02\/09\/tournee-americaine-demel-du-16-fevrier-au-30-mars-2025\/","url":"https:\/\/kapitalis.com\/tunisie\/2025\/02\/09\/tournee-americaine-demel-du-16-fevrier-au-30-mars-2025\/","name":"Tourn\u00e9e am\u00e9ricaine d\u2019Emel du 16 f\u00e9vrier au 30 mars 2025 - Kapitalis","isPartOf":{"@id":"https:\/\/kapitalis.com\/tunisie\/#website"},"primaryImageOfPage":{"@id":"https:\/\/kapitalis.com\/tunisie\/2025\/02\/09\/tournee-americaine-demel-du-16-fevrier-au-30-mars-2025\/#primaryimage"},"image":{"@id":"https:\/\/kapitalis.com\/tunisie\/2025\/02\/09\/tournee-americaine-demel-du-16-fevrier-au-30-mars-2025\/#primaryimage"},"thumbnailUrl":"https:\/\/kapitalis.com\/tunisie\/wp-content\/uploads\/2025\/02\/Emel.jpg","datePublished":"2025-02-09T10:06:25+00:00","dateModified":"2025-02-09T10:06:26+00:00","breadcrumb":{"@id":"https:\/\/kapitalis.com\/tunisie\/2025\/02\/09\/tournee-americaine-demel-du-16-fevrier-au-30-mars-2025\/#breadcrumb"},"inLanguage":"fr-FR","potentialAction":[{"@type":"ReadAction","target":["https:\/\/kapitalis.com\/tunisie\/2025\/02\/09\/tournee-americaine-demel-du-16-fevrier-au-30-mars-2025\/"]}]},{"@type":"ImageObject","inLanguage":"fr-FR","@id":"https:\/\/kapitalis.com\/tunisie\/2025\/02\/09\/tournee-americaine-demel-du-16-fevrier-au-30-mars-2025\/#primaryimage","url":"https:\/\/kapitalis.com\/tunisie\/wp-content\/uploads\/2025\/02\/Emel.jpg","contentUrl":"https:\/\/kapitalis.com\/tunisie\/wp-content\/uploads\/2025\/02\/Emel.jpg","width":1200,"height":630},{"@type":"BreadcrumbList","@id":"https:\/\/kapitalis.com\/tunisie\/2025\/02\/09\/tournee-americaine-demel-du-16-fevrier-au-30-mars-2025\/#breadcrumb","itemListElement":[{"@type":"ListItem","position":1,"name":"Accueil","item":"https:\/\/kapitalis.com\/tunisie\/"},{"@type":"ListItem","position":2,"name":"Tourn\u00e9e am\u00e9ricaine d\u2019Emel du 16 f\u00e9vrier au 30 mars 2025"}]},{"@type":"WebSite","@id":"https:\/\/kapitalis.com\/tunisie\/#website","url":"https:\/\/kapitalis.com\/tunisie\/","name":"Kapitalis","description":"L&#039;actualit\u00e9 en Tunisie et dans le monde","publisher":{"@id":"https:\/\/kapitalis.com\/tunisie\/#organization"},"potentialAction":[{"@type":"SearchAction","target":{"@type":"EntryPoint","urlTemplate":"https:\/\/kapitalis.com\/tunisie\/?s={search_term_string}"},"query-input":{"@type":"PropertyValueSpecification","valueRequired":true,"valueName":"search_term_string"}}],"inLanguage":"fr-FR"},{"@type":"Organization","@id":"https:\/\/kapitalis.com\/tunisie\/#organization","name":"Kapitalis","url":"https:\/\/kapitalis.com\/tunisie\/","logo":{"@type":"ImageObject","inLanguage":"fr-FR","@id":"https:\/\/kapitalis.com\/tunisie\/#\/schema\/logo\/image\/","url":"https:\/\/kapitalis.com\/tunisie\/wp-content\/uploads\/2022\/05\/Kapitalis-big-size.png","contentUrl":"https:\/\/kapitalis.com\/tunisie\/wp-content\/uploads\/2022\/05\/Kapitalis-big-size.png","width":5000,"height":1500,"caption":"Kapitalis"},"image":{"@id":"https:\/\/kapitalis.com\/tunisie\/#\/schema\/logo\/image\/"},"sameAs":["https:\/\/www.facebook.com\/KapitalisInfo\/","https:\/\/x.com\/KapitalisInfo","https:\/\/www.youtube.com\/channel\/UC-yDYrHyfFBWWZaOw3FPg9Q"]},{"@type":"Person","@id":"https:\/\/kapitalis.com\/tunisie\/#\/schema\/person\/d71f33a9ca44f7bad4698210b480c8e9","name":"webmaster kapitalis","url":"https:\/\/kapitalis.com\/tunisie\/author\/webmaster-kapitalis\/"}]}},"_links":{"self":[{"href":"https:\/\/kapitalis.com\/tunisie\/wp-json\/wp\/v2\/posts\/15455516","targetHints":{"allow":["GET"]}}],"collection":[{"href":"https:\/\/kapitalis.com\/tunisie\/wp-json\/wp\/v2\/posts"}],"about":[{"href":"https:\/\/kapitalis.com\/tunisie\/wp-json\/wp\/v2\/types\/post"}],"author":[{"embeddable":true,"href":"https:\/\/kapitalis.com\/tunisie\/wp-json\/wp\/v2\/users\/8"}],"replies":[{"embeddable":true,"href":"https:\/\/kapitalis.com\/tunisie\/wp-json\/wp\/v2\/comments?post=15455516"}],"version-history":[{"count":1,"href":"https:\/\/kapitalis.com\/tunisie\/wp-json\/wp\/v2\/posts\/15455516\/revisions"}],"predecessor-version":[{"id":15455552,"href":"https:\/\/kapitalis.com\/tunisie\/wp-json\/wp\/v2\/posts\/15455516\/revisions\/15455552"}],"wp:featuredmedia":[{"embeddable":true,"href":"https:\/\/kapitalis.com\/tunisie\/wp-json\/wp\/v2\/media\/15455545"}],"wp:attachment":[{"href":"https:\/\/kapitalis.com\/tunisie\/wp-json\/wp\/v2\/media?parent=15455516"}],"wp:term":[{"taxonomy":"category","embeddable":true,"href":"https:\/\/kapitalis.com\/tunisie\/wp-json\/wp\/v2\/categories?post=15455516"},{"taxonomy":"post_tag","embeddable":true,"href":"https:\/\/kapitalis.com\/tunisie\/wp-json\/wp\/v2\/tags?post=15455516"}],"curies":[{"name":"wp","href":"https:\/\/api.w.org\/{rel}","templated":true}]}}