{"id":15467667,"date":"2025-03-02T07:39:00","date_gmt":"2025-03-02T06:39:00","guid":{"rendered":"https:\/\/kapitalis.com\/tunisie\/?p=15467667"},"modified":"2025-03-02T08:08:32","modified_gmt":"2025-03-02T07:08:32","slug":"le-poeme-de-dimanche-la-corde-de-rene-despestre","status":"publish","type":"post","link":"https:\/\/kapitalis.com\/tunisie\/2025\/03\/02\/le-poeme-de-dimanche-la-corde-de-rene-despestre\/","title":{"rendered":"Le po\u00e8me du dimanche\u00a0| \u2018\u2018La Corde\u2019\u2019 de Ren\u00e9 Despestre"},"content":{"rendered":"\n<p><strong><em>N\u00e9 en 1926 \u00e0 Jacmel, en Ha\u00efti, Ren\u00e9 Depestre est po\u00e8te, romancier et essayiste. L\u2019une des grandes voix des Cara\u00efbes et de l\u2019espace francophone.<\/em><\/strong><\/p>\n\n\n\n<!--more-->\n\n\n\n<p>Apr\u00e8s des \u00e9tudes en Sorbonne, il s\u2019engage dans la R\u00e9volution cubaine, en 1959. Dont il devient l\u2019un des grands d\u00e9fenseurs. Il s\u2019en s\u00e9pare en 1978, apr\u00e8s un diff\u00e9rend avec Fidel Castro, et vient s\u2019installer en France, en 1980, o\u00f9 il vit.<\/p>\n\n\n\n<p>Il publie son premier recueil <em>Etincelles<\/em>, en 1945. S\u2019ensuit une \u0153uvre importante en po\u00e9sie et en prose, o\u00f9 se m\u00ealent, essais sur la n\u00e9gritude, onirisme et engagement politique, imaginaire cr\u00e9ole et cara\u00efbien, d\u00e9sir d\u2019insularit\u00e9, des \u00e9lans surr\u00e9alistes, sensualit\u00e9, r\u00eaves et r\u00e9alit\u00e9s du monde.<\/p>\n\n\n\n<p class=\"has-text-align-right\"><strong>Tahar Bekri<\/strong><\/p>\n\n\n<div class=\"wp-block-image\">\n<figure class=\"aligncenter size-full\"><img loading=\"lazy\" decoding=\"async\" width=\"904\" height=\"579\" src=\"https:\/\/kapitalis.com\/tunisie\/wp-content\/uploads\/2025\/02\/Kefi-Depestre-Pont-Humbert-Bekri-Kourouma1989.jpg\" alt=\"\" class=\"wp-image-15467681\" srcset=\"https:\/\/kapitalis.com\/tunisie\/wp-content\/uploads\/2025\/02\/Kefi-Depestre-Pont-Humbert-Bekri-Kourouma1989.jpg 904w, https:\/\/kapitalis.com\/tunisie\/wp-content\/uploads\/2025\/02\/Kefi-Depestre-Pont-Humbert-Bekri-Kourouma1989-300x192.jpg 300w, https:\/\/kapitalis.com\/tunisie\/wp-content\/uploads\/2025\/02\/Kefi-Depestre-Pont-Humbert-Bekri-Kourouma1989-768x492.jpg 768w, https:\/\/kapitalis.com\/tunisie\/wp-content\/uploads\/2025\/02\/Kefi-Depestre-Pont-Humbert-Bekri-Kourouma1989-580x371.jpg 580w, https:\/\/kapitalis.com\/tunisie\/wp-content\/uploads\/2025\/02\/Kefi-Depestre-Pont-Humbert-Bekri-Kourouma1989-860x551.jpg 860w\" sizes=\"auto, (max-width: 904px) 100vw, 904px\" \/><figcaption class=\"wp-element-caption\"><em>De gauche \u00e0 droite&nbsp;: Ahmadou Kourouma, Tahar Bekri, Catherine&nbsp;<em>Pont<\/em>&#8211;<em>Humbert, Ren\u00e9 Depestre et Ridha Kefi, \u00e0 Paris en 1989.<\/em><\/em><\/figcaption><\/figure>\n<\/div>\n\n\n<p><em>A Paris, cette ann\u00e9e-l\u00e0, je dormais dans un dortoir avec un seul lit&nbsp;: c\u2019\u00e9tait une corde tendue dans la pi\u00e8ce, une grosse veine au corps de la solitude moderne.<\/em><\/p>\n\n\n\n<p><em>Chaque nuit on y appuyait nos mauvais r\u00eaves d\u2019hommes errants.<\/em><\/p>\n\n\n\n<p><em>Au matin, pour nous r\u00e9veiller, une main tendre d\u00e9tachait sans piti\u00e9 la corde.<\/em><\/p>\n\n\n\n<p><em>C\u2019\u00e9tait une corde avec un C majuscule comme celle qui traverse ma vie et o\u00f9 chaque soir je suspends les dieux nomades de mon destin.<\/em><\/p>\n\n\n\n<p><strong><em>(Remerciements site&nbsp;: poemes.com)<\/em><\/strong><\/p>\n","protected":false},"excerpt":{"rendered":"<p>Ren\u00e9 Depestre est l\u2019une des grandes voix po\u00e9tiques des Cara\u00efbes et de l\u2019espace francophone.<\/p>\n","protected":false},"author":8,"featured_media":15467723,"comment_status":"open","ping_status":"open","sticky":false,"template":"","format":"standard","meta":{"footnotes":""},"categories":[992,994,2433],"tags":[120706,8017,112764,101280,101279,86022,120705],"class_list":["post-15467667","post","type-post","status-publish","format-standard","has-post-thumbnail","hentry","category-a-la-une","category-culture","category-tunisie","tag-caraibes","tag-cuba","tag-fidel-castro","tag-haiti","tag-jacmel","tag-negritude","tag-rene-despestre"],"yoast_head":"<!-- This site is optimized with the Yoast SEO plugin v26.6 - https:\/\/yoast.com\/wordpress\/plugins\/seo\/ -->\n<title>Le po\u00e8me du dimanche\u00a0| \u2018\u2018La Corde\u2019\u2019 de Ren\u00e9 Despestre - Kapitalis<\/title>\n<meta name=\"robots\" content=\"index, follow, max-snippet:-1, max-image-preview:large, max-video-preview:-1\" \/>\n<link rel=\"canonical\" href=\"https:\/\/kapitalis.com\/tunisie\/2025\/03\/02\/le-poeme-de-dimanche-la-corde-de-rene-despestre\/\" \/>\n<meta property=\"og:locale\" content=\"fr_FR\" \/>\n<meta property=\"og:type\" content=\"article\" \/>\n<meta property=\"og:title\" content=\"Le po\u00e8me du dimanche\u00a0| \u2018\u2018La Corde\u2019\u2019 de Ren\u00e9 Despestre - Kapitalis\" \/>\n<meta property=\"og:description\" content=\"Ren\u00e9 Depestre est l\u2019une des grandes voix po\u00e9tiques des Cara\u00efbes et de l\u2019espace francophone.\" \/>\n<meta property=\"og:url\" content=\"https:\/\/kapitalis.com\/tunisie\/2025\/03\/02\/le-poeme-de-dimanche-la-corde-de-rene-despestre\/\" \/>\n<meta property=\"og:site_name\" content=\"Kapitalis\" \/>\n<meta property=\"article:publisher\" content=\"https:\/\/www.facebook.com\/KapitalisInfo\/\" \/>\n<meta property=\"article:published_time\" content=\"2025-03-02T06:39:00+00:00\" \/>\n<meta property=\"article:modified_time\" content=\"2025-03-02T07:08:32+00:00\" \/>\n<meta property=\"og:image\" content=\"https:\/\/kapitalis.com\/tunisie\/wp-content\/uploads\/2025\/02\/Rene-Depestre.jpg\" \/>\n\t<meta property=\"og:image:width\" content=\"1200\" \/>\n\t<meta property=\"og:image:height\" content=\"630\" \/>\n\t<meta property=\"og:image:type\" content=\"image\/jpeg\" \/>\n<meta name=\"author\" content=\"webmaster kapitalis\" \/>\n<meta name=\"twitter:card\" content=\"summary_large_image\" \/>\n<meta name=\"twitter:creator\" content=\"@KapitalisInfo\" \/>\n<meta name=\"twitter:site\" content=\"@KapitalisInfo\" \/>\n<meta name=\"twitter:label1\" content=\"\u00c9crit par\" \/>\n\t<meta name=\"twitter:data1\" content=\"webmaster kapitalis\" \/>\n\t<meta name=\"twitter:label2\" content=\"Dur\u00e9e de lecture estim\u00e9e\" \/>\n\t<meta name=\"twitter:data2\" content=\"2 minutes\" \/>\n<script type=\"application\/ld+json\" class=\"yoast-schema-graph\">{\"@context\":\"https:\/\/schema.org\",\"@graph\":[{\"@type\":\"Article\",\"@id\":\"https:\/\/kapitalis.com\/tunisie\/2025\/03\/02\/le-poeme-de-dimanche-la-corde-de-rene-despestre\/#article\",\"isPartOf\":{\"@id\":\"https:\/\/kapitalis.com\/tunisie\/2025\/03\/02\/le-poeme-de-dimanche-la-corde-de-rene-despestre\/\"},\"author\":{\"name\":\"webmaster kapitalis\",\"@id\":\"https:\/\/kapitalis.com\/tunisie\/#\/schema\/person\/d71f33a9ca44f7bad4698210b480c8e9\"},\"headline\":\"Le po\u00e8me du dimanche\u00a0| \u2018\u2018La Corde\u2019\u2019 de Ren\u00e9 Despestre\",\"datePublished\":\"2025-03-02T06:39:00+00:00\",\"dateModified\":\"2025-03-02T07:08:32+00:00\",\"mainEntityOfPage\":{\"@id\":\"https:\/\/kapitalis.com\/tunisie\/2025\/03\/02\/le-poeme-de-dimanche-la-corde-de-rene-despestre\/\"},\"wordCount\":250,\"commentCount\":0,\"publisher\":{\"@id\":\"https:\/\/kapitalis.com\/tunisie\/#organization\"},\"image\":{\"@id\":\"https:\/\/kapitalis.com\/tunisie\/2025\/03\/02\/le-poeme-de-dimanche-la-corde-de-rene-despestre\/#primaryimage\"},\"thumbnailUrl\":\"https:\/\/kapitalis.com\/tunisie\/wp-content\/uploads\/2025\/02\/Rene-Depestre.jpg\",\"keywords\":[\"Cara\u00efbes\",\"Cuba\",\"Fidel Castro\",\"Ha\u00efti\",\"Jacmel\",\"n\u00e9gritude\",\"Ren\u00e9 Despestre\"],\"articleSection\":[\"A LA UNE\",\"CULTURE\",\"Tunisie\"],\"inLanguage\":\"fr-FR\",\"potentialAction\":[{\"@type\":\"CommentAction\",\"name\":\"Comment\",\"target\":[\"https:\/\/kapitalis.com\/tunisie\/2025\/03\/02\/le-poeme-de-dimanche-la-corde-de-rene-despestre\/#respond\"]}]},{\"@type\":\"WebPage\",\"@id\":\"https:\/\/kapitalis.com\/tunisie\/2025\/03\/02\/le-poeme-de-dimanche-la-corde-de-rene-despestre\/\",\"url\":\"https:\/\/kapitalis.com\/tunisie\/2025\/03\/02\/le-poeme-de-dimanche-la-corde-de-rene-despestre\/\",\"name\":\"Le po\u00e8me du dimanche\u00a0| \u2018\u2018La Corde\u2019\u2019 de Ren\u00e9 Despestre - Kapitalis\",\"isPartOf\":{\"@id\":\"https:\/\/kapitalis.com\/tunisie\/#website\"},\"primaryImageOfPage\":{\"@id\":\"https:\/\/kapitalis.com\/tunisie\/2025\/03\/02\/le-poeme-de-dimanche-la-corde-de-rene-despestre\/#primaryimage\"},\"image\":{\"@id\":\"https:\/\/kapitalis.com\/tunisie\/2025\/03\/02\/le-poeme-de-dimanche-la-corde-de-rene-despestre\/#primaryimage\"},\"thumbnailUrl\":\"https:\/\/kapitalis.com\/tunisie\/wp-content\/uploads\/2025\/02\/Rene-Depestre.jpg\",\"datePublished\":\"2025-03-02T06:39:00+00:00\",\"dateModified\":\"2025-03-02T07:08:32+00:00\",\"breadcrumb\":{\"@id\":\"https:\/\/kapitalis.com\/tunisie\/2025\/03\/02\/le-poeme-de-dimanche-la-corde-de-rene-despestre\/#breadcrumb\"},\"inLanguage\":\"fr-FR\",\"potentialAction\":[{\"@type\":\"ReadAction\",\"target\":[\"https:\/\/kapitalis.com\/tunisie\/2025\/03\/02\/le-poeme-de-dimanche-la-corde-de-rene-despestre\/\"]}]},{\"@type\":\"ImageObject\",\"inLanguage\":\"fr-FR\",\"@id\":\"https:\/\/kapitalis.com\/tunisie\/2025\/03\/02\/le-poeme-de-dimanche-la-corde-de-rene-despestre\/#primaryimage\",\"url\":\"https:\/\/kapitalis.com\/tunisie\/wp-content\/uploads\/2025\/02\/Rene-Depestre.jpg\",\"contentUrl\":\"https:\/\/kapitalis.com\/tunisie\/wp-content\/uploads\/2025\/02\/Rene-Depestre.jpg\",\"width\":1200,\"height\":630},{\"@type\":\"BreadcrumbList\",\"@id\":\"https:\/\/kapitalis.com\/tunisie\/2025\/03\/02\/le-poeme-de-dimanche-la-corde-de-rene-despestre\/#breadcrumb\",\"itemListElement\":[{\"@type\":\"ListItem\",\"position\":1,\"name\":\"Accueil\",\"item\":\"https:\/\/kapitalis.com\/tunisie\/\"},{\"@type\":\"ListItem\",\"position\":2,\"name\":\"Le po\u00e8me du dimanche\u00a0| \u2018\u2018La Corde\u2019\u2019 de Ren\u00e9 Despestre\"}]},{\"@type\":\"WebSite\",\"@id\":\"https:\/\/kapitalis.com\/tunisie\/#website\",\"url\":\"https:\/\/kapitalis.com\/tunisie\/\",\"name\":\"Kapitalis\",\"description\":\"L&#039;actualit\u00e9 en Tunisie et dans le monde\",\"publisher\":{\"@id\":\"https:\/\/kapitalis.com\/tunisie\/#organization\"},\"potentialAction\":[{\"@type\":\"SearchAction\",\"target\":{\"@type\":\"EntryPoint\",\"urlTemplate\":\"https:\/\/kapitalis.com\/tunisie\/?s={search_term_string}\"},\"query-input\":{\"@type\":\"PropertyValueSpecification\",\"valueRequired\":true,\"valueName\":\"search_term_string\"}}],\"inLanguage\":\"fr-FR\"},{\"@type\":\"Organization\",\"@id\":\"https:\/\/kapitalis.com\/tunisie\/#organization\",\"name\":\"Kapitalis\",\"url\":\"https:\/\/kapitalis.com\/tunisie\/\",\"logo\":{\"@type\":\"ImageObject\",\"inLanguage\":\"fr-FR\",\"@id\":\"https:\/\/kapitalis.com\/tunisie\/#\/schema\/logo\/image\/\",\"url\":\"https:\/\/kapitalis.com\/tunisie\/wp-content\/uploads\/2022\/05\/Kapitalis-big-size.png\",\"contentUrl\":\"https:\/\/kapitalis.com\/tunisie\/wp-content\/uploads\/2022\/05\/Kapitalis-big-size.png\",\"width\":5000,\"height\":1500,\"caption\":\"Kapitalis\"},\"image\":{\"@id\":\"https:\/\/kapitalis.com\/tunisie\/#\/schema\/logo\/image\/\"},\"sameAs\":[\"https:\/\/www.facebook.com\/KapitalisInfo\/\",\"https:\/\/x.com\/KapitalisInfo\",\"https:\/\/www.youtube.com\/channel\/UC-yDYrHyfFBWWZaOw3FPg9Q\"]},{\"@type\":\"Person\",\"@id\":\"https:\/\/kapitalis.com\/tunisie\/#\/schema\/person\/d71f33a9ca44f7bad4698210b480c8e9\",\"name\":\"webmaster kapitalis\",\"url\":\"https:\/\/kapitalis.com\/tunisie\/author\/webmaster-kapitalis\/\"}]}<\/script>\n<!-- \/ Yoast SEO plugin. -->","yoast_head_json":{"title":"Le po\u00e8me du dimanche\u00a0| \u2018\u2018La Corde\u2019\u2019 de Ren\u00e9 Despestre - Kapitalis","robots":{"index":"index","follow":"follow","max-snippet":"max-snippet:-1","max-image-preview":"max-image-preview:large","max-video-preview":"max-video-preview:-1"},"canonical":"https:\/\/kapitalis.com\/tunisie\/2025\/03\/02\/le-poeme-de-dimanche-la-corde-de-rene-despestre\/","og_locale":"fr_FR","og_type":"article","og_title":"Le po\u00e8me du dimanche\u00a0| \u2018\u2018La Corde\u2019\u2019 de Ren\u00e9 Despestre - Kapitalis","og_description":"Ren\u00e9 Depestre est l\u2019une des grandes voix po\u00e9tiques des Cara\u00efbes et de l\u2019espace francophone.","og_url":"https:\/\/kapitalis.com\/tunisie\/2025\/03\/02\/le-poeme-de-dimanche-la-corde-de-rene-despestre\/","og_site_name":"Kapitalis","article_publisher":"https:\/\/www.facebook.com\/KapitalisInfo\/","article_published_time":"2025-03-02T06:39:00+00:00","article_modified_time":"2025-03-02T07:08:32+00:00","og_image":[{"width":1200,"height":630,"url":"https:\/\/kapitalis.com\/tunisie\/wp-content\/uploads\/2025\/02\/Rene-Depestre.jpg","type":"image\/jpeg"}],"author":"webmaster kapitalis","twitter_card":"summary_large_image","twitter_creator":"@KapitalisInfo","twitter_site":"@KapitalisInfo","twitter_misc":{"\u00c9crit par":"webmaster kapitalis","Dur\u00e9e de lecture estim\u00e9e":"2 minutes"},"schema":{"@context":"https:\/\/schema.org","@graph":[{"@type":"Article","@id":"https:\/\/kapitalis.com\/tunisie\/2025\/03\/02\/le-poeme-de-dimanche-la-corde-de-rene-despestre\/#article","isPartOf":{"@id":"https:\/\/kapitalis.com\/tunisie\/2025\/03\/02\/le-poeme-de-dimanche-la-corde-de-rene-despestre\/"},"author":{"name":"webmaster kapitalis","@id":"https:\/\/kapitalis.com\/tunisie\/#\/schema\/person\/d71f33a9ca44f7bad4698210b480c8e9"},"headline":"Le po\u00e8me du dimanche\u00a0| \u2018\u2018La Corde\u2019\u2019 de Ren\u00e9 Despestre","datePublished":"2025-03-02T06:39:00+00:00","dateModified":"2025-03-02T07:08:32+00:00","mainEntityOfPage":{"@id":"https:\/\/kapitalis.com\/tunisie\/2025\/03\/02\/le-poeme-de-dimanche-la-corde-de-rene-despestre\/"},"wordCount":250,"commentCount":0,"publisher":{"@id":"https:\/\/kapitalis.com\/tunisie\/#organization"},"image":{"@id":"https:\/\/kapitalis.com\/tunisie\/2025\/03\/02\/le-poeme-de-dimanche-la-corde-de-rene-despestre\/#primaryimage"},"thumbnailUrl":"https:\/\/kapitalis.com\/tunisie\/wp-content\/uploads\/2025\/02\/Rene-Depestre.jpg","keywords":["Cara\u00efbes","Cuba","Fidel Castro","Ha\u00efti","Jacmel","n\u00e9gritude","Ren\u00e9 Despestre"],"articleSection":["A LA UNE","CULTURE","Tunisie"],"inLanguage":"fr-FR","potentialAction":[{"@type":"CommentAction","name":"Comment","target":["https:\/\/kapitalis.com\/tunisie\/2025\/03\/02\/le-poeme-de-dimanche-la-corde-de-rene-despestre\/#respond"]}]},{"@type":"WebPage","@id":"https:\/\/kapitalis.com\/tunisie\/2025\/03\/02\/le-poeme-de-dimanche-la-corde-de-rene-despestre\/","url":"https:\/\/kapitalis.com\/tunisie\/2025\/03\/02\/le-poeme-de-dimanche-la-corde-de-rene-despestre\/","name":"Le po\u00e8me du dimanche\u00a0| \u2018\u2018La Corde\u2019\u2019 de Ren\u00e9 Despestre - Kapitalis","isPartOf":{"@id":"https:\/\/kapitalis.com\/tunisie\/#website"},"primaryImageOfPage":{"@id":"https:\/\/kapitalis.com\/tunisie\/2025\/03\/02\/le-poeme-de-dimanche-la-corde-de-rene-despestre\/#primaryimage"},"image":{"@id":"https:\/\/kapitalis.com\/tunisie\/2025\/03\/02\/le-poeme-de-dimanche-la-corde-de-rene-despestre\/#primaryimage"},"thumbnailUrl":"https:\/\/kapitalis.com\/tunisie\/wp-content\/uploads\/2025\/02\/Rene-Depestre.jpg","datePublished":"2025-03-02T06:39:00+00:00","dateModified":"2025-03-02T07:08:32+00:00","breadcrumb":{"@id":"https:\/\/kapitalis.com\/tunisie\/2025\/03\/02\/le-poeme-de-dimanche-la-corde-de-rene-despestre\/#breadcrumb"},"inLanguage":"fr-FR","potentialAction":[{"@type":"ReadAction","target":["https:\/\/kapitalis.com\/tunisie\/2025\/03\/02\/le-poeme-de-dimanche-la-corde-de-rene-despestre\/"]}]},{"@type":"ImageObject","inLanguage":"fr-FR","@id":"https:\/\/kapitalis.com\/tunisie\/2025\/03\/02\/le-poeme-de-dimanche-la-corde-de-rene-despestre\/#primaryimage","url":"https:\/\/kapitalis.com\/tunisie\/wp-content\/uploads\/2025\/02\/Rene-Depestre.jpg","contentUrl":"https:\/\/kapitalis.com\/tunisie\/wp-content\/uploads\/2025\/02\/Rene-Depestre.jpg","width":1200,"height":630},{"@type":"BreadcrumbList","@id":"https:\/\/kapitalis.com\/tunisie\/2025\/03\/02\/le-poeme-de-dimanche-la-corde-de-rene-despestre\/#breadcrumb","itemListElement":[{"@type":"ListItem","position":1,"name":"Accueil","item":"https:\/\/kapitalis.com\/tunisie\/"},{"@type":"ListItem","position":2,"name":"Le po\u00e8me du dimanche\u00a0| \u2018\u2018La Corde\u2019\u2019 de Ren\u00e9 Despestre"}]},{"@type":"WebSite","@id":"https:\/\/kapitalis.com\/tunisie\/#website","url":"https:\/\/kapitalis.com\/tunisie\/","name":"Kapitalis","description":"L&#039;actualit\u00e9 en Tunisie et dans le monde","publisher":{"@id":"https:\/\/kapitalis.com\/tunisie\/#organization"},"potentialAction":[{"@type":"SearchAction","target":{"@type":"EntryPoint","urlTemplate":"https:\/\/kapitalis.com\/tunisie\/?s={search_term_string}"},"query-input":{"@type":"PropertyValueSpecification","valueRequired":true,"valueName":"search_term_string"}}],"inLanguage":"fr-FR"},{"@type":"Organization","@id":"https:\/\/kapitalis.com\/tunisie\/#organization","name":"Kapitalis","url":"https:\/\/kapitalis.com\/tunisie\/","logo":{"@type":"ImageObject","inLanguage":"fr-FR","@id":"https:\/\/kapitalis.com\/tunisie\/#\/schema\/logo\/image\/","url":"https:\/\/kapitalis.com\/tunisie\/wp-content\/uploads\/2022\/05\/Kapitalis-big-size.png","contentUrl":"https:\/\/kapitalis.com\/tunisie\/wp-content\/uploads\/2022\/05\/Kapitalis-big-size.png","width":5000,"height":1500,"caption":"Kapitalis"},"image":{"@id":"https:\/\/kapitalis.com\/tunisie\/#\/schema\/logo\/image\/"},"sameAs":["https:\/\/www.facebook.com\/KapitalisInfo\/","https:\/\/x.com\/KapitalisInfo","https:\/\/www.youtube.com\/channel\/UC-yDYrHyfFBWWZaOw3FPg9Q"]},{"@type":"Person","@id":"https:\/\/kapitalis.com\/tunisie\/#\/schema\/person\/d71f33a9ca44f7bad4698210b480c8e9","name":"webmaster kapitalis","url":"https:\/\/kapitalis.com\/tunisie\/author\/webmaster-kapitalis\/"}]}},"_links":{"self":[{"href":"https:\/\/kapitalis.com\/tunisie\/wp-json\/wp\/v2\/posts\/15467667","targetHints":{"allow":["GET"]}}],"collection":[{"href":"https:\/\/kapitalis.com\/tunisie\/wp-json\/wp\/v2\/posts"}],"about":[{"href":"https:\/\/kapitalis.com\/tunisie\/wp-json\/wp\/v2\/types\/post"}],"author":[{"embeddable":true,"href":"https:\/\/kapitalis.com\/tunisie\/wp-json\/wp\/v2\/users\/8"}],"replies":[{"embeddable":true,"href":"https:\/\/kapitalis.com\/tunisie\/wp-json\/wp\/v2\/comments?post=15467667"}],"version-history":[{"count":5,"href":"https:\/\/kapitalis.com\/tunisie\/wp-json\/wp\/v2\/posts\/15467667\/revisions"}],"predecessor-version":[{"id":15755304,"href":"https:\/\/kapitalis.com\/tunisie\/wp-json\/wp\/v2\/posts\/15467667\/revisions\/15755304"}],"wp:featuredmedia":[{"embeddable":true,"href":"https:\/\/kapitalis.com\/tunisie\/wp-json\/wp\/v2\/media\/15467723"}],"wp:attachment":[{"href":"https:\/\/kapitalis.com\/tunisie\/wp-json\/wp\/v2\/media?parent=15467667"}],"wp:term":[{"taxonomy":"category","embeddable":true,"href":"https:\/\/kapitalis.com\/tunisie\/wp-json\/wp\/v2\/categories?post=15467667"},{"taxonomy":"post_tag","embeddable":true,"href":"https:\/\/kapitalis.com\/tunisie\/wp-json\/wp\/v2\/tags?post=15467667"}],"curies":[{"name":"wp","href":"https:\/\/api.w.org\/{rel}","templated":true}]}}