{"id":154684,"date":"2018-05-17T16:56:33","date_gmt":"2018-05-17T15:56:33","guid":{"rendered":"http:\/\/kapitalis.com\/tunisie\/?p=154684"},"modified":"2018-05-17T16:56:33","modified_gmt":"2018-05-17T15:56:33","slug":"tribune-en-finir-avec-lhomophobie-sur-les-lieux-de-travail","status":"publish","type":"post","link":"https:\/\/kapitalis.com\/tunisie\/2018\/05\/17\/tribune-en-finir-avec-lhomophobie-sur-les-lieux-de-travail\/","title":{"rendered":"Tribune : En finir avec l\u2019homophobie sur les lieux de travail"},"content":{"rendered":"<p style=\"text-align: center;\"><img loading=\"lazy\" decoding=\"async\" class=\"alignnone size-full wp-image-154685\" src=\"http:\/\/kapitalis.com\/tunisie\/wp-content\/uploads\/2018\/05\/Homophobie.jpg\" alt=\"\" width=\"626\" height=\"380\" \/><\/p>\n<p><em><strong>\u00c0 l\u2019occasion de la Journ\u00e9e internationale contre l\u2019homophobie, la transphobie et la bi-phobie, c\u00e9l\u00e9br\u00e9e aujourd\u2019hui, jeudi 17 mai 2018, l\u2019auteure rappelle que les syndicats ont un r\u00f4le primordial \u00e0 jouer, pour combattre les pr\u00e9jug\u00e9s et l\u2019ignorance dans le lieu de travail et la soci\u00e9t\u00e9 de fa\u00e7on g\u00e9n\u00e9rale.<\/strong><\/em><\/p>\n<p>Par <strong>Sandra Vermuyten<\/strong> *<\/p>\n<p><!--more--><\/p>\n<p><img loading=\"lazy\" decoding=\"async\" class=\"wp-image-154686 alignleft\" src=\"http:\/\/kapitalis.com\/tunisie\/wp-content\/uploads\/2018\/05\/sandra-vermuyten.jpg\" alt=\"\" width=\"200\" height=\"200\" \/>Pour vivre heureux, vivons cach\u00e9s : pour des millions de lesbiennes, gays, bisexuels transgenres et intersexu\u00e9s (LGBTI), il ne s\u2019agit pas seulement d\u2019une philosophie pr\u00f4nant la discr\u00e9tion dans la vie priv\u00e9e, mais de la seule fa\u00e7on d\u2019\u00e9chapper \u00e0 la prison, voire de rester en vie.<\/p>\n<p>Certes, dans le monde entier, des victoires ont \u00e9t\u00e9 remport\u00e9es, et de nombreux gouvernements ont l\u00e9gif\u00e9r\u00e9 contre la discrimination. En 2017, pr\u00e8s d\u2019un milliard de personnes dans le monde vivait dans un des <a href=\"http:\/\/www.businessinsider.com\/where-is-same-sex-marriage-legal-world-2017-11#25-australian-lawmakers-in-december-enacted-the-will-of-the-majority-of-citizens-who-overwhelmingly-voted-in-favor-of-same-sex-marriage-during-a-postal-survey-held-weeks-earlier-\">25 pays<\/a>\u00a0 autorisant le mariage entre personnes du m\u00eame sexe. En l\u2019an 2000, il n\u2019existait nulle part dans le monde. Reste que les relations entre personnes du m\u00eame sexe sont encore consid\u00e9r\u00e9es comme <a href=\"https:\/\/ilga.org\/ilga-state-sponsored-homophobia-report-2017\">un crime dans plus de 70 pays<\/a>, parfois passible de la peine de mort.<\/p>\n<h3>Moqueries et \u00e0 la violence sur les lieux de travail<\/h3>\n<p>Sur le lieu de travail, les populations LGBTI continuent, \u00e0 des degr\u00e9s divers, \u00e0 faire face aux moqueries et \u00e0 la violence, et \u00e0 voir leur progression de carri\u00e8re bloqu\u00e9e du fait de leur orientation sexuelle et leur identit\u00e9 de genre, r\u00e9elles ou per\u00e7ues. La discrimination est sensible d\u00e8s la recherche d\u2019emploi.<\/p>\n<p>En Europe, o\u00f9 le cadre l\u00e9gal est pourtant plus favorable que dans d\u2019autres r\u00e9gions du monde, <a href=\"http:\/\/fra.europa.eu\/fr\/publication\/2014\/enqute-sur-les-personnes-lgbt-dans-lue-enqute-sur-les-personnes-lesbiennes-gays\">une personne sur huit dit en avoir souffert parce qu\u2019elle \u00e9tait LGBTI<\/a>, et le pourcentage grimpe \u00e0 30% pour les transgenres. Selon l\u2019<a href=\"http:\/\/fra.europa.eu\/fr\/publication\/2014\/enqute-sur-les-personnes-lgbt-dans-lue-enqute-sur-les-personnes-lesbiennes-gays\">Agence pour les droits fondamentaux de l\u2019Union europ\u00e9enne<\/a>, un tiers des personnes LGBTI consid\u00e8re que le fait de r\u00e9v\u00e9ler son homosexualit\u00e9 \u00e0 son entourage professionnel peut avoir un impact n\u00e9gatif sur la carri\u00e8re, y compris en termes de salaire.<\/p>\n<p>Cacher un \u00e9l\u00e9ment de son identit\u00e9 \u00e0 ses coll\u00e8gues peut avoir des cons\u00e9quences terribles, de nombreuses \u00e9tudes montrant que<a href=\"https:\/\/www.cairn.info\/revue-cahiers-de-l-action-2013-3-page-27.htm#no5\"> le taux de suicide est plus \u00e9lev\u00e9 au sein de la population LGBTI<\/a>. Et professionnellement, on est souvent moins efficace et engag\u00e9 dans une \u00e9quipe quand on se concentre avant tout \u00e0 esquiver des questions et des allusions personnelles, avec la peur d\u2019\u00eatre \u00abd\u00e9couvert\u00bb, comme l\u2019a montr\u00e9 une r\u00e9cente \u00e9tude de la <a href=\"https:\/\/hbr.org\/2016\/05\/most-employees-feel-authentic-at-work-but-it-can-take-a-while\">Harvard Business Review<\/a>.<\/p>\n<p>Les structures de travail, qu\u2019elles soient priv\u00e9es ou publiques ne sont pas encore assez sensibilis\u00e9es sur le sujet. M\u00eame les entreprises qui ont mis sur pied une politique de \u00abdiversit\u00e9\u00bb ne ciblent pas de fa\u00e7on explicite le crit\u00e8re de l\u2019orientation sexuelle. On voit encore trop peu de dirigeants syndicaux LGBTI, de groupes internes d\u2019employ\u00e9s LGBTI, ou d\u2019entreprises, publiques ou priv\u00e9es, participant directement aux marches des fiert\u00e9s. Les travailleurs du service public ont un r\u00f4le important \u00e0 jouer. Il leur revient d\u2019offrir un service public qui s\u2019appuie sur l\u2019\u00e9galit\u00e9 le respect de la diversit\u00e9, encourageant la justice sociale et \u00e9conomique.<\/p>\n<h3>Cr\u00e9er des lieux de travail plus inclusifs<\/h3>\n<p>\u00c0 l\u2019occasion de la Journ\u00e9e internationale contre l\u2019Homophobie, la Transphobie et la Bi-phobie, c\u00e9l\u00e9br\u00e9e aujourd\u2019hui, jeudi 17 mai 2018, nous voudrions rappeler que les syndicats ont un r\u00f4le primordial \u00e0 jouer, pour combattre les pr\u00e9jug\u00e9s et l\u2019ignorance dans le lieu de travail et la soci\u00e9t\u00e9 de fa\u00e7on g\u00e9n\u00e9rale. De m\u00eame que les groupes LGBTI souffrent de discrimination dans l\u2019entreprise, les travailleurs font face \u00e0 l\u2019exploitation, et les migrants sont victimes d\u2019un racisme \u00e0 la parole de plus en plus lib\u00e9r\u00e9e. Deux f\u00e9d\u00e9rations syndicales mondiales, l\u2019<a href=\"http:\/\/www.world-psi.org\/fr\">Internationale des Services publics<\/a> (ISP) et l\u2019<a href=\"https:\/\/www.ei-ie.org\/fr\">Internationale de l\u2019Education<\/a> sont, depuis 1999, <a href=\"http:\/\/www.world-psi.org\/en\/trade-unionists-together-lgbt-rights\">en t\u00eate de cette bataille<\/a> pour mettre fin \u00e0 la discrimination, le harc\u00e8lement et la violence sur le lieu de travail.<\/p>\n<p>Ce n\u2019est que par la solidarit\u00e9 que les repr\u00e9sentants syndicaux et les salari\u00e9s du secteur priv\u00e9 comme public pourront faire face \u00e0 toutes sortes d\u2019oppression. Les syndicats ont le devoir d\u2019aider \u00e0 cr\u00e9er des lieux de travail plus inclusifs, notamment \u00e0 travers des n\u00e9gociations collectives Ils doivent aussi prendre position, sans \u00e9quivoque, contre les attaques remettant en questions les droits LGBTI, acquis \u00e0 l\u2019issue de longues batailles. Et combattre, dans leurs propres rangs, les st\u00e9r\u00e9otypes qui subsistent. D\u00e9fendre les droits des personnes LGBTI, c&rsquo;est d\u00e9fendre des valeurs universelles d&rsquo;\u00e9galit\u00e9 et de dignit\u00e9 pour toutes et tous.<\/p>\n<p><em>* Sandra Vermuyten est responsable des campagnes de l\u2019<a href=\"http:\/\/www.world-psi.org\/fr\">Internationale des Services publics<\/a> (ISP).\u00a0<\/em><\/p>\n","protected":false},"excerpt":{"rendered":"<p>\u00c0 l\u2019occasion de la Journ\u00e9e internationale contre l\u2019homophobie, la transphobie et la bi-phobie, c\u00e9l\u00e9br\u00e9e aujourd\u2019hui, jeudi 17 mai 2018, l\u2019auteure rappelle que les syndicats ont un r\u00f4le primordial \u00e0 jouer, pour combattre les pr\u00e9jug\u00e9s et l\u2019ignorance dans le lieu de travail et la soci\u00e9t\u00e9 de fa\u00e7on g\u00e9n\u00e9rale. Par Sandra Vermuyten *<\/p>\n","protected":false},"author":8,"featured_media":154685,"comment_status":"open","ping_status":"open","sticky":false,"template":"","format":"standard","meta":{"footnotes":""},"categories":[992,1000,2433],"tags":[],"class_list":["post-154684","post","type-post","status-publish","format-standard","has-post-thumbnail","hentry","category-a-la-une","category-tribune","category-tunisie"],"yoast_head":"<!-- This site is optimized with the Yoast SEO plugin v26.6 - https:\/\/yoast.com\/wordpress\/plugins\/seo\/ -->\n<title>Tribune : En finir avec l\u2019homophobie sur les lieux de travail - Kapitalis<\/title>\n<meta name=\"robots\" content=\"index, follow, max-snippet:-1, max-image-preview:large, max-video-preview:-1\" \/>\n<link rel=\"canonical\" href=\"https:\/\/kapitalis.com\/tunisie\/2018\/05\/17\/tribune-en-finir-avec-lhomophobie-sur-les-lieux-de-travail\/\" \/>\n<meta property=\"og:locale\" content=\"fr_FR\" \/>\n<meta property=\"og:type\" content=\"article\" \/>\n<meta property=\"og:title\" content=\"Tribune : En finir avec l\u2019homophobie sur les lieux de travail - Kapitalis\" \/>\n<meta property=\"og:description\" content=\"\u00c0 l\u2019occasion de la Journ\u00e9e internationale contre l\u2019homophobie, la transphobie et la bi-phobie, c\u00e9l\u00e9br\u00e9e aujourd\u2019hui, jeudi 17 mai 2018, l\u2019auteure rappelle que les syndicats ont un r\u00f4le primordial \u00e0 jouer, pour combattre les pr\u00e9jug\u00e9s et l\u2019ignorance dans le lieu de travail et la soci\u00e9t\u00e9 de fa\u00e7on g\u00e9n\u00e9rale. Par Sandra Vermuyten *\" \/>\n<meta property=\"og:url\" content=\"https:\/\/kapitalis.com\/tunisie\/2018\/05\/17\/tribune-en-finir-avec-lhomophobie-sur-les-lieux-de-travail\/\" \/>\n<meta property=\"og:site_name\" content=\"Kapitalis\" \/>\n<meta property=\"article:publisher\" content=\"https:\/\/www.facebook.com\/KapitalisInfo\/\" \/>\n<meta property=\"article:published_time\" content=\"2018-05-17T15:56:33+00:00\" \/>\n<meta property=\"og:image\" content=\"https:\/\/kapitalis.com\/tunisie\/wp-content\/uploads\/2022\/05\/kapitalis-logo-fb.png\" \/>\n\t<meta property=\"og:image:width\" content=\"1200\" \/>\n\t<meta property=\"og:image:height\" content=\"630\" \/>\n\t<meta property=\"og:image:type\" content=\"image\/png\" \/>\n<meta name=\"author\" content=\"webmaster kapitalis\" \/>\n<meta name=\"twitter:card\" content=\"summary_large_image\" \/>\n<meta name=\"twitter:creator\" content=\"@KapitalisInfo\" \/>\n<meta name=\"twitter:site\" content=\"@KapitalisInfo\" \/>\n<meta name=\"twitter:label1\" content=\"\u00c9crit par\" \/>\n\t<meta name=\"twitter:data1\" content=\"webmaster kapitalis\" \/>\n\t<meta name=\"twitter:label2\" content=\"Dur\u00e9e de lecture estim\u00e9e\" \/>\n\t<meta name=\"twitter:data2\" content=\"4 minutes\" \/>\n<script type=\"application\/ld+json\" class=\"yoast-schema-graph\">{\"@context\":\"https:\/\/schema.org\",\"@graph\":[{\"@type\":\"Article\",\"@id\":\"https:\/\/kapitalis.com\/tunisie\/2018\/05\/17\/tribune-en-finir-avec-lhomophobie-sur-les-lieux-de-travail\/#article\",\"isPartOf\":{\"@id\":\"https:\/\/kapitalis.com\/tunisie\/2018\/05\/17\/tribune-en-finir-avec-lhomophobie-sur-les-lieux-de-travail\/\"},\"author\":{\"name\":\"webmaster kapitalis\",\"@id\":\"https:\/\/kapitalis.com\/tunisie\/#\/schema\/person\/d71f33a9ca44f7bad4698210b480c8e9\"},\"headline\":\"Tribune : En finir avec l\u2019homophobie sur les lieux de travail\",\"datePublished\":\"2018-05-17T15:56:33+00:00\",\"mainEntityOfPage\":{\"@id\":\"https:\/\/kapitalis.com\/tunisie\/2018\/05\/17\/tribune-en-finir-avec-lhomophobie-sur-les-lieux-de-travail\/\"},\"wordCount\":818,\"commentCount\":0,\"publisher\":{\"@id\":\"https:\/\/kapitalis.com\/tunisie\/#organization\"},\"image\":{\"@id\":\"https:\/\/kapitalis.com\/tunisie\/2018\/05\/17\/tribune-en-finir-avec-lhomophobie-sur-les-lieux-de-travail\/#primaryimage\"},\"thumbnailUrl\":\"\",\"articleSection\":[\"A LA UNE\",\"TRIBUNE\",\"Tunisie\"],\"inLanguage\":\"fr-FR\",\"potentialAction\":[{\"@type\":\"CommentAction\",\"name\":\"Comment\",\"target\":[\"https:\/\/kapitalis.com\/tunisie\/2018\/05\/17\/tribune-en-finir-avec-lhomophobie-sur-les-lieux-de-travail\/#respond\"]}]},{\"@type\":\"WebPage\",\"@id\":\"https:\/\/kapitalis.com\/tunisie\/2018\/05\/17\/tribune-en-finir-avec-lhomophobie-sur-les-lieux-de-travail\/\",\"url\":\"https:\/\/kapitalis.com\/tunisie\/2018\/05\/17\/tribune-en-finir-avec-lhomophobie-sur-les-lieux-de-travail\/\",\"name\":\"Tribune : En finir avec l\u2019homophobie sur les lieux de travail - Kapitalis\",\"isPartOf\":{\"@id\":\"https:\/\/kapitalis.com\/tunisie\/#website\"},\"primaryImageOfPage\":{\"@id\":\"https:\/\/kapitalis.com\/tunisie\/2018\/05\/17\/tribune-en-finir-avec-lhomophobie-sur-les-lieux-de-travail\/#primaryimage\"},\"image\":{\"@id\":\"https:\/\/kapitalis.com\/tunisie\/2018\/05\/17\/tribune-en-finir-avec-lhomophobie-sur-les-lieux-de-travail\/#primaryimage\"},\"thumbnailUrl\":\"\",\"datePublished\":\"2018-05-17T15:56:33+00:00\",\"breadcrumb\":{\"@id\":\"https:\/\/kapitalis.com\/tunisie\/2018\/05\/17\/tribune-en-finir-avec-lhomophobie-sur-les-lieux-de-travail\/#breadcrumb\"},\"inLanguage\":\"fr-FR\",\"potentialAction\":[{\"@type\":\"ReadAction\",\"target\":[\"https:\/\/kapitalis.com\/tunisie\/2018\/05\/17\/tribune-en-finir-avec-lhomophobie-sur-les-lieux-de-travail\/\"]}]},{\"@type\":\"ImageObject\",\"inLanguage\":\"fr-FR\",\"@id\":\"https:\/\/kapitalis.com\/tunisie\/2018\/05\/17\/tribune-en-finir-avec-lhomophobie-sur-les-lieux-de-travail\/#primaryimage\",\"url\":\"\",\"contentUrl\":\"\"},{\"@type\":\"BreadcrumbList\",\"@id\":\"https:\/\/kapitalis.com\/tunisie\/2018\/05\/17\/tribune-en-finir-avec-lhomophobie-sur-les-lieux-de-travail\/#breadcrumb\",\"itemListElement\":[{\"@type\":\"ListItem\",\"position\":1,\"name\":\"Accueil\",\"item\":\"https:\/\/kapitalis.com\/tunisie\/\"},{\"@type\":\"ListItem\",\"position\":2,\"name\":\"Tribune : En finir avec l\u2019homophobie sur les lieux de travail\"}]},{\"@type\":\"WebSite\",\"@id\":\"https:\/\/kapitalis.com\/tunisie\/#website\",\"url\":\"https:\/\/kapitalis.com\/tunisie\/\",\"name\":\"Kapitalis\",\"description\":\"L&#039;actualit\u00e9 en Tunisie et dans le monde\",\"publisher\":{\"@id\":\"https:\/\/kapitalis.com\/tunisie\/#organization\"},\"potentialAction\":[{\"@type\":\"SearchAction\",\"target\":{\"@type\":\"EntryPoint\",\"urlTemplate\":\"https:\/\/kapitalis.com\/tunisie\/?s={search_term_string}\"},\"query-input\":{\"@type\":\"PropertyValueSpecification\",\"valueRequired\":true,\"valueName\":\"search_term_string\"}}],\"inLanguage\":\"fr-FR\"},{\"@type\":\"Organization\",\"@id\":\"https:\/\/kapitalis.com\/tunisie\/#organization\",\"name\":\"Kapitalis\",\"url\":\"https:\/\/kapitalis.com\/tunisie\/\",\"logo\":{\"@type\":\"ImageObject\",\"inLanguage\":\"fr-FR\",\"@id\":\"https:\/\/kapitalis.com\/tunisie\/#\/schema\/logo\/image\/\",\"url\":\"https:\/\/kapitalis.com\/tunisie\/wp-content\/uploads\/2022\/05\/Kapitalis-big-size.png\",\"contentUrl\":\"https:\/\/kapitalis.com\/tunisie\/wp-content\/uploads\/2022\/05\/Kapitalis-big-size.png\",\"width\":5000,\"height\":1500,\"caption\":\"Kapitalis\"},\"image\":{\"@id\":\"https:\/\/kapitalis.com\/tunisie\/#\/schema\/logo\/image\/\"},\"sameAs\":[\"https:\/\/www.facebook.com\/KapitalisInfo\/\",\"https:\/\/x.com\/KapitalisInfo\",\"https:\/\/www.youtube.com\/channel\/UC-yDYrHyfFBWWZaOw3FPg9Q\"]},{\"@type\":\"Person\",\"@id\":\"https:\/\/kapitalis.com\/tunisie\/#\/schema\/person\/d71f33a9ca44f7bad4698210b480c8e9\",\"name\":\"webmaster kapitalis\",\"url\":\"https:\/\/kapitalis.com\/tunisie\/author\/webmaster-kapitalis\/\"}]}<\/script>\n<!-- \/ Yoast SEO plugin. -->","yoast_head_json":{"title":"Tribune : En finir avec l\u2019homophobie sur les lieux de travail - Kapitalis","robots":{"index":"index","follow":"follow","max-snippet":"max-snippet:-1","max-image-preview":"max-image-preview:large","max-video-preview":"max-video-preview:-1"},"canonical":"https:\/\/kapitalis.com\/tunisie\/2018\/05\/17\/tribune-en-finir-avec-lhomophobie-sur-les-lieux-de-travail\/","og_locale":"fr_FR","og_type":"article","og_title":"Tribune : En finir avec l\u2019homophobie sur les lieux de travail - Kapitalis","og_description":"\u00c0 l\u2019occasion de la Journ\u00e9e internationale contre l\u2019homophobie, la transphobie et la bi-phobie, c\u00e9l\u00e9br\u00e9e aujourd\u2019hui, jeudi 17 mai 2018, l\u2019auteure rappelle que les syndicats ont un r\u00f4le primordial \u00e0 jouer, pour combattre les pr\u00e9jug\u00e9s et l\u2019ignorance dans le lieu de travail et la soci\u00e9t\u00e9 de fa\u00e7on g\u00e9n\u00e9rale. Par Sandra Vermuyten *","og_url":"https:\/\/kapitalis.com\/tunisie\/2018\/05\/17\/tribune-en-finir-avec-lhomophobie-sur-les-lieux-de-travail\/","og_site_name":"Kapitalis","article_publisher":"https:\/\/www.facebook.com\/KapitalisInfo\/","article_published_time":"2018-05-17T15:56:33+00:00","og_image":[{"width":1200,"height":630,"url":"https:\/\/kapitalis.com\/tunisie\/wp-content\/uploads\/2022\/05\/kapitalis-logo-fb.png","type":"image\/png"}],"author":"webmaster kapitalis","twitter_card":"summary_large_image","twitter_creator":"@KapitalisInfo","twitter_site":"@KapitalisInfo","twitter_misc":{"\u00c9crit par":"webmaster kapitalis","Dur\u00e9e de lecture estim\u00e9e":"4 minutes"},"schema":{"@context":"https:\/\/schema.org","@graph":[{"@type":"Article","@id":"https:\/\/kapitalis.com\/tunisie\/2018\/05\/17\/tribune-en-finir-avec-lhomophobie-sur-les-lieux-de-travail\/#article","isPartOf":{"@id":"https:\/\/kapitalis.com\/tunisie\/2018\/05\/17\/tribune-en-finir-avec-lhomophobie-sur-les-lieux-de-travail\/"},"author":{"name":"webmaster kapitalis","@id":"https:\/\/kapitalis.com\/tunisie\/#\/schema\/person\/d71f33a9ca44f7bad4698210b480c8e9"},"headline":"Tribune : En finir avec l\u2019homophobie sur les lieux de travail","datePublished":"2018-05-17T15:56:33+00:00","mainEntityOfPage":{"@id":"https:\/\/kapitalis.com\/tunisie\/2018\/05\/17\/tribune-en-finir-avec-lhomophobie-sur-les-lieux-de-travail\/"},"wordCount":818,"commentCount":0,"publisher":{"@id":"https:\/\/kapitalis.com\/tunisie\/#organization"},"image":{"@id":"https:\/\/kapitalis.com\/tunisie\/2018\/05\/17\/tribune-en-finir-avec-lhomophobie-sur-les-lieux-de-travail\/#primaryimage"},"thumbnailUrl":"","articleSection":["A LA UNE","TRIBUNE","Tunisie"],"inLanguage":"fr-FR","potentialAction":[{"@type":"CommentAction","name":"Comment","target":["https:\/\/kapitalis.com\/tunisie\/2018\/05\/17\/tribune-en-finir-avec-lhomophobie-sur-les-lieux-de-travail\/#respond"]}]},{"@type":"WebPage","@id":"https:\/\/kapitalis.com\/tunisie\/2018\/05\/17\/tribune-en-finir-avec-lhomophobie-sur-les-lieux-de-travail\/","url":"https:\/\/kapitalis.com\/tunisie\/2018\/05\/17\/tribune-en-finir-avec-lhomophobie-sur-les-lieux-de-travail\/","name":"Tribune : En finir avec l\u2019homophobie sur les lieux de travail - Kapitalis","isPartOf":{"@id":"https:\/\/kapitalis.com\/tunisie\/#website"},"primaryImageOfPage":{"@id":"https:\/\/kapitalis.com\/tunisie\/2018\/05\/17\/tribune-en-finir-avec-lhomophobie-sur-les-lieux-de-travail\/#primaryimage"},"image":{"@id":"https:\/\/kapitalis.com\/tunisie\/2018\/05\/17\/tribune-en-finir-avec-lhomophobie-sur-les-lieux-de-travail\/#primaryimage"},"thumbnailUrl":"","datePublished":"2018-05-17T15:56:33+00:00","breadcrumb":{"@id":"https:\/\/kapitalis.com\/tunisie\/2018\/05\/17\/tribune-en-finir-avec-lhomophobie-sur-les-lieux-de-travail\/#breadcrumb"},"inLanguage":"fr-FR","potentialAction":[{"@type":"ReadAction","target":["https:\/\/kapitalis.com\/tunisie\/2018\/05\/17\/tribune-en-finir-avec-lhomophobie-sur-les-lieux-de-travail\/"]}]},{"@type":"ImageObject","inLanguage":"fr-FR","@id":"https:\/\/kapitalis.com\/tunisie\/2018\/05\/17\/tribune-en-finir-avec-lhomophobie-sur-les-lieux-de-travail\/#primaryimage","url":"","contentUrl":""},{"@type":"BreadcrumbList","@id":"https:\/\/kapitalis.com\/tunisie\/2018\/05\/17\/tribune-en-finir-avec-lhomophobie-sur-les-lieux-de-travail\/#breadcrumb","itemListElement":[{"@type":"ListItem","position":1,"name":"Accueil","item":"https:\/\/kapitalis.com\/tunisie\/"},{"@type":"ListItem","position":2,"name":"Tribune : En finir avec l\u2019homophobie sur les lieux de travail"}]},{"@type":"WebSite","@id":"https:\/\/kapitalis.com\/tunisie\/#website","url":"https:\/\/kapitalis.com\/tunisie\/","name":"Kapitalis","description":"L&#039;actualit\u00e9 en Tunisie et dans le monde","publisher":{"@id":"https:\/\/kapitalis.com\/tunisie\/#organization"},"potentialAction":[{"@type":"SearchAction","target":{"@type":"EntryPoint","urlTemplate":"https:\/\/kapitalis.com\/tunisie\/?s={search_term_string}"},"query-input":{"@type":"PropertyValueSpecification","valueRequired":true,"valueName":"search_term_string"}}],"inLanguage":"fr-FR"},{"@type":"Organization","@id":"https:\/\/kapitalis.com\/tunisie\/#organization","name":"Kapitalis","url":"https:\/\/kapitalis.com\/tunisie\/","logo":{"@type":"ImageObject","inLanguage":"fr-FR","@id":"https:\/\/kapitalis.com\/tunisie\/#\/schema\/logo\/image\/","url":"https:\/\/kapitalis.com\/tunisie\/wp-content\/uploads\/2022\/05\/Kapitalis-big-size.png","contentUrl":"https:\/\/kapitalis.com\/tunisie\/wp-content\/uploads\/2022\/05\/Kapitalis-big-size.png","width":5000,"height":1500,"caption":"Kapitalis"},"image":{"@id":"https:\/\/kapitalis.com\/tunisie\/#\/schema\/logo\/image\/"},"sameAs":["https:\/\/www.facebook.com\/KapitalisInfo\/","https:\/\/x.com\/KapitalisInfo","https:\/\/www.youtube.com\/channel\/UC-yDYrHyfFBWWZaOw3FPg9Q"]},{"@type":"Person","@id":"https:\/\/kapitalis.com\/tunisie\/#\/schema\/person\/d71f33a9ca44f7bad4698210b480c8e9","name":"webmaster kapitalis","url":"https:\/\/kapitalis.com\/tunisie\/author\/webmaster-kapitalis\/"}]}},"_links":{"self":[{"href":"https:\/\/kapitalis.com\/tunisie\/wp-json\/wp\/v2\/posts\/154684","targetHints":{"allow":["GET"]}}],"collection":[{"href":"https:\/\/kapitalis.com\/tunisie\/wp-json\/wp\/v2\/posts"}],"about":[{"href":"https:\/\/kapitalis.com\/tunisie\/wp-json\/wp\/v2\/types\/post"}],"author":[{"embeddable":true,"href":"https:\/\/kapitalis.com\/tunisie\/wp-json\/wp\/v2\/users\/8"}],"replies":[{"embeddable":true,"href":"https:\/\/kapitalis.com\/tunisie\/wp-json\/wp\/v2\/comments?post=154684"}],"version-history":[{"count":0,"href":"https:\/\/kapitalis.com\/tunisie\/wp-json\/wp\/v2\/posts\/154684\/revisions"}],"wp:featuredmedia":[{"embeddable":true,"href":"https:\/\/kapitalis.com\/tunisie\/wp-json\/wp\/v2\/media\/154685"}],"wp:attachment":[{"href":"https:\/\/kapitalis.com\/tunisie\/wp-json\/wp\/v2\/media?parent=154684"}],"wp:term":[{"taxonomy":"category","embeddable":true,"href":"https:\/\/kapitalis.com\/tunisie\/wp-json\/wp\/v2\/categories?post=154684"},{"taxonomy":"post_tag","embeddable":true,"href":"https:\/\/kapitalis.com\/tunisie\/wp-json\/wp\/v2\/tags?post=154684"}],"curies":[{"name":"wp","href":"https:\/\/api.w.org\/{rel}","templated":true}]}}