{"id":154916,"date":"2018-05-19T07:37:01","date_gmt":"2018-05-19T06:37:01","guid":{"rendered":"http:\/\/kapitalis.com\/tunisie\/?p=154916"},"modified":"2018-05-19T07:37:40","modified_gmt":"2018-05-19T06:37:40","slug":"journee-mondiale-contre-lhomophobie-on-danse-sous-les-etoiles","status":"publish","type":"post","link":"https:\/\/kapitalis.com\/tunisie\/2018\/05\/19\/journee-mondiale-contre-lhomophobie-on-danse-sous-les-etoiles\/","title":{"rendered":"Journ\u00e9e mondiale contre l\u2019homophobie : On danse sous les \u00e9toiles"},"content":{"rendered":"<p style=\"text-align: center;\"><img loading=\"lazy\" decoding=\"async\" class=\"alignnone size-full wp-image-154917\" src=\"http:\/\/kapitalis.com\/tunisie\/wp-content\/uploads\/2018\/05\/Rochdi-Belgasmi-IFT-Ban.jpg\" alt=\"\" width=\"626\" height=\"380\" \/><\/p>\n<p><em><strong>L\u2019Institut fran\u00e7ais de Tunisie (IFT) a accueilli, dans la soir\u00e9e du jeudi 17 mai 2018, le spectacle \u2018\u2018El Kobbania\u2019\u2019 de Rochdi Belgasmi, \u00e0 l\u2019occasion de la Journ\u00e9e mondiale contre l\u2019homophobie, un spectacle qui interroge le rapport trouble entre masculinit\u00e9 et f\u00e9minit\u00e9.<\/strong><\/em><\/p>\n<p>Par<strong> Fawz Ben Ali<\/strong><\/p>\n<p><!--more--><\/p>\n<p>Les associations ADLI, ATP+, Chouf, Damj et Mawjoudin, avec le soutien de la fondation Heinrich B\u00f6ll et de l\u2019IFT, ont c\u00e9l\u00e9br\u00e9 la Journ\u00e9e mondiale de lutte contre l\u2019homophobie et la transphobie, pour d\u00e9noncer la discrimination et les violences faites \u00e0 l\u2019encontre de la communaut\u00e9 LGBT.<\/p>\n<h3>Le combat continue<\/h3>\n<p>L\u2019ann\u00e9e derni\u00e8re, \u00e0 cette m\u00eame date, qui comm\u00e9more la d\u00e9cision de l\u2019Organisation mondiale de sant\u00e9 (OMS) en 1990 de ne plus consid\u00e9rer l\u2019homosexualit\u00e9 comme une maladie mentale, le Collectif civil pour les libert\u00e9s individuelles avait pr\u00e9sent\u00e9 un rapport sur la situation des personnes LGBT en Tunisie qui a \u00e9t\u00e9 par la suite soumis \u00e0 l\u2019examen p\u00e9riodique universel devant le Conseil des droits de l\u2019Homme des Nations Unis.<\/p>\n<p style=\"text-align: center;\"><img loading=\"lazy\" decoding=\"async\" class=\"alignnone wp-image-154918\" src=\"http:\/\/kapitalis.com\/tunisie\/wp-content\/uploads\/2018\/05\/Rochdi-Belgasmi-IFT.jpg\" alt=\"\" width=\"500\" height=\"298\" \/><\/p>\n<p>Le collectif compos\u00e9 d\u2019une trentaine d\u2019associations tunisiennes a signal\u00e9 que depuis le 17 mai 2017 et jusqu\u2019\u00e0 ce jour, plus de 90 personnes ont \u00e9t\u00e9 poursuivies pour leur orientation sexuelle. <em>\u00abRien qu\u2019en 2017, nous avons recens\u00e9 3 meurtres homophobes, de nombreux lynchage publics de personnes transgenres\u2026 des campagnes de d\u00e9nigrement et de diffamation contre les personnes LGBTQ et des associations d\u00e9fendant leurs droits\u00bb<\/em>, s\u2019alarme le collectif qui condamne fortement l\u2019article 230 qui l\u00e9gitime et justifie les propos et actes homophobes. <em>\u00ab\u00c0 quand la fin des condamnations des personnes LGBT et la pratique du test anal?\u00bb<\/em>, s\u2019interrogent les activistes qui rappellent en cette date symbolique que la mise en \u0153uvre de l\u2019article 230 par les autorit\u00e9s polici\u00e8res et judiciaires est une violation des droits fondamentaux des citoyens.<\/p>\n<p style=\"text-align: center;\"><img loading=\"lazy\" decoding=\"async\" class=\"alignnone wp-image-154919\" src=\"http:\/\/kapitalis.com\/tunisie\/wp-content\/uploads\/2018\/05\/Rochdi-Belgasmi-IFT-4.jpg\" alt=\"\" width=\"500\" height=\"375\" \/><\/p>\n<p>Le 17 mai 2018 \u00e9tait aussi le premier jour du mois de ramadan, et le Collectif en a profit\u00e9 pour ainsi rappeler qu\u2019il est fondamental de respecter la libert\u00e9 de conscience, qui est garantie par la constitution, et par cons\u00e9quent la libert\u00e9 de je\u00fbner pour pas.<\/p>\n<h3>Danser pour r\u00e9fl\u00e9chir et revendiquer<\/h3>\n<p>Avec pour vedette le danseur et chor\u00e9graphe Rochdi Belgasmi, la soir\u00e9e \u00e9tait aussi engag\u00e9e que festive, donnant le ton pour une s\u00e9rie de rencontres qui auront lieu tout au long du mois de ramadan \u00e0 la cour de l\u2019IFT. Un public immense \u00e9tait au rendez-vous pour cette premi\u00e8re soir\u00e9e sous les \u00e9toiles et sous la pluie.<\/p>\n<p style=\"text-align: center;\"><img loading=\"lazy\" decoding=\"async\" class=\"alignnone wp-image-154920\" src=\"http:\/\/kapitalis.com\/tunisie\/wp-content\/uploads\/2018\/05\/Rochdi-Belgasmi-IFT-2.jpg\" alt=\"\" width=\"500\" height=\"275\" \/><\/p>\n<p>Rochdi Belgasmi, connu par ses cr\u00e9ations qui bousculent les normes et brisent les tabous, questionne toujours la notion du genre, de la virilit\u00e9 et du rapport trouble entre masculinit\u00e9 et f\u00e9minit\u00e9. Dans <em>\u2018\u2018El Kobbania\u2019\u2019<\/em> qu\u2019il avait cr\u00e9\u00e9 en 2013, il nous embarque dans un voyage du nord au sud de la Tunisie pour mieux conna\u00eetre les danses populaires de chaque r\u00e9gion. Des danses qu\u2019il sort de leur cadre folklorique pour les placer sur un pi\u00e9destal artistique et les revoir d\u2019un point de vue socioculturel.<\/p>\n<p><em>\u2018\u2018El Kobbania\u2019\u2019<\/em> ou la compagnie trouve sa source dans un autre spectacle de Rochdi Belgasmi, celui de <em>\u2018\u2018Zoufri\u2019<\/em>\u2019, car \u2018<em>\u2018El kobbania\u2019\u2019<\/em> renvoie directement au monde des ouvriers et au <em>\u00abrboukh\u00bb<\/em>, cette danse populaire improvis\u00e9e, n\u00e9e \u00e0 la fin du 19e si\u00e8cle dans les milieux ouvriers de la ville de Tunis.<\/p>\n<p style=\"text-align: center;\"><img loading=\"lazy\" decoding=\"async\" class=\"alignnone wp-image-154921\" src=\"http:\/\/kapitalis.com\/tunisie\/wp-content\/uploads\/2018\/05\/Rochdi-Belgasmi-IFT-3.jpg\" alt=\"\" width=\"500\" height=\"307\" \/><\/p>\n<p>Rochdi Belgasmi nous explique qu\u2019apr\u00e8s le travail, les ouvriers allaient dans les caf\u00e9s chantant et reprenaient les gestes de leur travail quotidien dans des danses libres. Cependant, apr\u00e8s l\u2019ind\u00e9pendance, ces caf\u00e9s ont \u00e9t\u00e9 ferm\u00e9s, le sens du mot <em>\u00abzoufri\u00bb<\/em> est devenu <em>\u00ablibertin, voyou\u2026\u00bb<\/em>, et on a tent\u00e9 de faire dispara\u00eetre le <em>\u00abrboukh\u00bb<\/em> du folklore tunisien. Mais heureusement qu\u2019il a depuis fait son grand retour pour devenir la danse de tous les Tunisiens et pas seulement celle des ouvriers.<\/p>\n<p>Vers la fin de la soir\u00e9e, Rochdi Belgasmi a invit\u00e9 quelques jeunes \u00e0 apprendre les pas de base de la danse populaire, et la f\u00eate a pris fin en beaut\u00e9 avec une danse collective improvis\u00e9e entre l\u2019artiste et le public de tout \u00e2ge qui s\u2019est l\u00e2ch\u00e9 au milieu de la grande cour \u00e9toil\u00e9e de l\u2019IFT.<\/p>\n<blockquote class=\"wp-embedded-content\" data-secret=\"jhd2yzXH8c\"><p><a href=\"https:\/\/kapitalis.com\/tunisie\/2018\/05\/17\/tribune-en-finir-avec-lhomophobie-sur-les-lieux-de-travail\/\">Tribune : En finir avec l\u2019homophobie sur les lieux de travail<\/a><\/p><\/blockquote>\n<p><iframe loading=\"lazy\" class=\"wp-embedded-content\" sandbox=\"allow-scripts\" security=\"restricted\" style=\"position: absolute; clip: rect(1px, 1px, 1px, 1px);\" title=\"\u00ab\u00a0Tribune : En finir avec l\u2019homophobie sur les lieux de travail\u00a0\u00bb &#8212; Kapitalis\" src=\"https:\/\/kapitalis.com\/tunisie\/2018\/05\/17\/tribune-en-finir-avec-lhomophobie-sur-les-lieux-de-travail\/embed\/#?secret=FfrmeEMxBo#?secret=jhd2yzXH8c\" data-secret=\"jhd2yzXH8c\" width=\"600\" height=\"338\" frameborder=\"0\" marginwidth=\"0\" marginheight=\"0\" scrolling=\"no\"><\/iframe><\/p>\n<blockquote class=\"wp-embedded-content\" data-secret=\"rom50SdxAA\"><p><a href=\"https:\/\/kapitalis.com\/tunisie\/2018\/05\/13\/bloc-notes-au-nom-de-lislam-celebrer-la-journee-mondiale-contre-lhomophobie\/\">Bloc-notes: Au nom de l\u2019islam, c\u00e9l\u00e9brer la Journ\u00e9e mondiale contre l\u2019homophobie<\/a><\/p><\/blockquote>\n<p><iframe loading=\"lazy\" class=\"wp-embedded-content\" sandbox=\"allow-scripts\" security=\"restricted\" style=\"position: absolute; clip: rect(1px, 1px, 1px, 1px);\" title=\"\u00ab\u00a0Bloc-notes: Au nom de l\u2019islam, c\u00e9l\u00e9brer la Journ\u00e9e mondiale contre l\u2019homophobie\u00a0\u00bb &#8212; Kapitalis\" src=\"https:\/\/kapitalis.com\/tunisie\/2018\/05\/13\/bloc-notes-au-nom-de-lislam-celebrer-la-journee-mondiale-contre-lhomophobie\/embed\/#?secret=SSrfw8CYRP#?secret=rom50SdxAA\" data-secret=\"rom50SdxAA\" width=\"600\" height=\"338\" frameborder=\"0\" marginwidth=\"0\" marginheight=\"0\" scrolling=\"no\"><\/iframe><\/p>\n","protected":false},"excerpt":{"rendered":"<p>L\u2019Institut fran\u00e7ais de Tunisie (IFT) a accueilli, dans la soir\u00e9e du jeudi 17 mai 2018, le spectacle \u2018\u2018El Kobbania\u2019\u2019 de Rochdi Belgasmi, \u00e0 l\u2019occasion de la Journ\u00e9e mondiale contre l\u2019homophobie, un spectacle qui interroge le rapport trouble entre masculinit\u00e9 et f\u00e9minit\u00e9. Par Fawz Ben Ali<\/p>\n","protected":false},"author":8,"featured_media":154917,"comment_status":"open","ping_status":"open","sticky":false,"template":"","format":"standard","meta":{"footnotes":""},"categories":[992,994,2433],"tags":[31079,5199,23065,23064,447,3226,14779,27614],"class_list":["post-154916","post","type-post","status-publish","format-standard","has-post-thumbnail","hentry","category-a-la-une","category-culture","category-tunisie","tag-adli","tag-atp","tag-chouf","tag-damj","tag-homophobie","tag-institut-francais-de-tunisie","tag-mawjoudin","tag-rochdi-belgasmi"],"yoast_head":"<!-- This site is optimized with the Yoast SEO plugin v26.6 - https:\/\/yoast.com\/wordpress\/plugins\/seo\/ -->\n<title>Journ\u00e9e mondiale contre l\u2019homophobie : On danse sous les \u00e9toiles - Kapitalis<\/title>\n<meta name=\"robots\" content=\"index, follow, max-snippet:-1, max-image-preview:large, max-video-preview:-1\" \/>\n<link rel=\"canonical\" href=\"https:\/\/kapitalis.com\/tunisie\/2018\/05\/19\/journee-mondiale-contre-lhomophobie-on-danse-sous-les-etoiles\/\" \/>\n<meta property=\"og:locale\" content=\"fr_FR\" \/>\n<meta property=\"og:type\" content=\"article\" \/>\n<meta property=\"og:title\" content=\"Journ\u00e9e mondiale contre l\u2019homophobie : On danse sous les \u00e9toiles - Kapitalis\" \/>\n<meta property=\"og:description\" content=\"L\u2019Institut fran\u00e7ais de Tunisie (IFT) a accueilli, dans la soir\u00e9e du jeudi 17 mai 2018, le spectacle \u2018\u2018El Kobbania\u2019\u2019 de Rochdi Belgasmi, \u00e0 l\u2019occasion de la Journ\u00e9e mondiale contre l\u2019homophobie, un spectacle qui interroge le rapport trouble entre masculinit\u00e9 et f\u00e9minit\u00e9. Par Fawz Ben Ali\" \/>\n<meta property=\"og:url\" content=\"https:\/\/kapitalis.com\/tunisie\/2018\/05\/19\/journee-mondiale-contre-lhomophobie-on-danse-sous-les-etoiles\/\" \/>\n<meta property=\"og:site_name\" content=\"Kapitalis\" \/>\n<meta property=\"article:publisher\" content=\"https:\/\/www.facebook.com\/KapitalisInfo\/\" \/>\n<meta property=\"article:published_time\" content=\"2018-05-19T06:37:01+00:00\" \/>\n<meta property=\"article:modified_time\" content=\"2018-05-19T06:37:40+00:00\" \/>\n<meta property=\"og:image\" content=\"https:\/\/kapitalis.com\/tunisie\/wp-content\/uploads\/2022\/05\/kapitalis-logo-fb.png\" \/>\n\t<meta property=\"og:image:width\" content=\"1200\" \/>\n\t<meta property=\"og:image:height\" content=\"630\" \/>\n\t<meta property=\"og:image:type\" content=\"image\/png\" \/>\n<meta name=\"author\" content=\"webmaster kapitalis\" \/>\n<meta name=\"twitter:card\" content=\"summary_large_image\" \/>\n<meta name=\"twitter:creator\" content=\"@KapitalisInfo\" \/>\n<meta name=\"twitter:site\" content=\"@KapitalisInfo\" \/>\n<meta name=\"twitter:label1\" content=\"\u00c9crit par\" \/>\n\t<meta name=\"twitter:data1\" content=\"webmaster kapitalis\" \/>\n\t<meta name=\"twitter:label2\" content=\"Dur\u00e9e de lecture estim\u00e9e\" \/>\n\t<meta name=\"twitter:data2\" content=\"4 minutes\" \/>\n<script type=\"application\/ld+json\" class=\"yoast-schema-graph\">{\"@context\":\"https:\/\/schema.org\",\"@graph\":[{\"@type\":\"Article\",\"@id\":\"https:\/\/kapitalis.com\/tunisie\/2018\/05\/19\/journee-mondiale-contre-lhomophobie-on-danse-sous-les-etoiles\/#article\",\"isPartOf\":{\"@id\":\"https:\/\/kapitalis.com\/tunisie\/2018\/05\/19\/journee-mondiale-contre-lhomophobie-on-danse-sous-les-etoiles\/\"},\"author\":{\"name\":\"webmaster kapitalis\",\"@id\":\"https:\/\/kapitalis.com\/tunisie\/#\/schema\/person\/d71f33a9ca44f7bad4698210b480c8e9\"},\"headline\":\"Journ\u00e9e mondiale contre l\u2019homophobie : On danse sous les \u00e9toiles\",\"datePublished\":\"2018-05-19T06:37:01+00:00\",\"dateModified\":\"2018-05-19T06:37:40+00:00\",\"mainEntityOfPage\":{\"@id\":\"https:\/\/kapitalis.com\/tunisie\/2018\/05\/19\/journee-mondiale-contre-lhomophobie-on-danse-sous-les-etoiles\/\"},\"wordCount\":742,\"commentCount\":4,\"publisher\":{\"@id\":\"https:\/\/kapitalis.com\/tunisie\/#organization\"},\"image\":{\"@id\":\"https:\/\/kapitalis.com\/tunisie\/2018\/05\/19\/journee-mondiale-contre-lhomophobie-on-danse-sous-les-etoiles\/#primaryimage\"},\"thumbnailUrl\":\"\",\"keywords\":[\"Adli\",\"ATP\",\"Chouf\",\"Damj\",\"homophobie\",\"Institut fran\u00e7ais de Tunisie\",\"Mawjoudin\",\"Rochdi Belgasmi\"],\"articleSection\":[\"A LA UNE\",\"CULTURE\",\"Tunisie\"],\"inLanguage\":\"fr-FR\",\"potentialAction\":[{\"@type\":\"CommentAction\",\"name\":\"Comment\",\"target\":[\"https:\/\/kapitalis.com\/tunisie\/2018\/05\/19\/journee-mondiale-contre-lhomophobie-on-danse-sous-les-etoiles\/#respond\"]}]},{\"@type\":\"WebPage\",\"@id\":\"https:\/\/kapitalis.com\/tunisie\/2018\/05\/19\/journee-mondiale-contre-lhomophobie-on-danse-sous-les-etoiles\/\",\"url\":\"https:\/\/kapitalis.com\/tunisie\/2018\/05\/19\/journee-mondiale-contre-lhomophobie-on-danse-sous-les-etoiles\/\",\"name\":\"Journ\u00e9e mondiale contre l\u2019homophobie : On danse sous les \u00e9toiles - Kapitalis\",\"isPartOf\":{\"@id\":\"https:\/\/kapitalis.com\/tunisie\/#website\"},\"primaryImageOfPage\":{\"@id\":\"https:\/\/kapitalis.com\/tunisie\/2018\/05\/19\/journee-mondiale-contre-lhomophobie-on-danse-sous-les-etoiles\/#primaryimage\"},\"image\":{\"@id\":\"https:\/\/kapitalis.com\/tunisie\/2018\/05\/19\/journee-mondiale-contre-lhomophobie-on-danse-sous-les-etoiles\/#primaryimage\"},\"thumbnailUrl\":\"\",\"datePublished\":\"2018-05-19T06:37:01+00:00\",\"dateModified\":\"2018-05-19T06:37:40+00:00\",\"breadcrumb\":{\"@id\":\"https:\/\/kapitalis.com\/tunisie\/2018\/05\/19\/journee-mondiale-contre-lhomophobie-on-danse-sous-les-etoiles\/#breadcrumb\"},\"inLanguage\":\"fr-FR\",\"potentialAction\":[{\"@type\":\"ReadAction\",\"target\":[\"https:\/\/kapitalis.com\/tunisie\/2018\/05\/19\/journee-mondiale-contre-lhomophobie-on-danse-sous-les-etoiles\/\"]}]},{\"@type\":\"ImageObject\",\"inLanguage\":\"fr-FR\",\"@id\":\"https:\/\/kapitalis.com\/tunisie\/2018\/05\/19\/journee-mondiale-contre-lhomophobie-on-danse-sous-les-etoiles\/#primaryimage\",\"url\":\"\",\"contentUrl\":\"\"},{\"@type\":\"BreadcrumbList\",\"@id\":\"https:\/\/kapitalis.com\/tunisie\/2018\/05\/19\/journee-mondiale-contre-lhomophobie-on-danse-sous-les-etoiles\/#breadcrumb\",\"itemListElement\":[{\"@type\":\"ListItem\",\"position\":1,\"name\":\"Accueil\",\"item\":\"https:\/\/kapitalis.com\/tunisie\/\"},{\"@type\":\"ListItem\",\"position\":2,\"name\":\"Journ\u00e9e mondiale contre l\u2019homophobie : On danse sous les \u00e9toiles\"}]},{\"@type\":\"WebSite\",\"@id\":\"https:\/\/kapitalis.com\/tunisie\/#website\",\"url\":\"https:\/\/kapitalis.com\/tunisie\/\",\"name\":\"Kapitalis\",\"description\":\"L&#039;actualit\u00e9 en Tunisie et dans le monde\",\"publisher\":{\"@id\":\"https:\/\/kapitalis.com\/tunisie\/#organization\"},\"potentialAction\":[{\"@type\":\"SearchAction\",\"target\":{\"@type\":\"EntryPoint\",\"urlTemplate\":\"https:\/\/kapitalis.com\/tunisie\/?s={search_term_string}\"},\"query-input\":{\"@type\":\"PropertyValueSpecification\",\"valueRequired\":true,\"valueName\":\"search_term_string\"}}],\"inLanguage\":\"fr-FR\"},{\"@type\":\"Organization\",\"@id\":\"https:\/\/kapitalis.com\/tunisie\/#organization\",\"name\":\"Kapitalis\",\"url\":\"https:\/\/kapitalis.com\/tunisie\/\",\"logo\":{\"@type\":\"ImageObject\",\"inLanguage\":\"fr-FR\",\"@id\":\"https:\/\/kapitalis.com\/tunisie\/#\/schema\/logo\/image\/\",\"url\":\"https:\/\/kapitalis.com\/tunisie\/wp-content\/uploads\/2022\/05\/Kapitalis-big-size.png\",\"contentUrl\":\"https:\/\/kapitalis.com\/tunisie\/wp-content\/uploads\/2022\/05\/Kapitalis-big-size.png\",\"width\":5000,\"height\":1500,\"caption\":\"Kapitalis\"},\"image\":{\"@id\":\"https:\/\/kapitalis.com\/tunisie\/#\/schema\/logo\/image\/\"},\"sameAs\":[\"https:\/\/www.facebook.com\/KapitalisInfo\/\",\"https:\/\/x.com\/KapitalisInfo\",\"https:\/\/www.youtube.com\/channel\/UC-yDYrHyfFBWWZaOw3FPg9Q\"]},{\"@type\":\"Person\",\"@id\":\"https:\/\/kapitalis.com\/tunisie\/#\/schema\/person\/d71f33a9ca44f7bad4698210b480c8e9\",\"name\":\"webmaster kapitalis\",\"url\":\"https:\/\/kapitalis.com\/tunisie\/author\/webmaster-kapitalis\/\"}]}<\/script>\n<!-- \/ Yoast SEO plugin. -->","yoast_head_json":{"title":"Journ\u00e9e mondiale contre l\u2019homophobie : On danse sous les \u00e9toiles - Kapitalis","robots":{"index":"index","follow":"follow","max-snippet":"max-snippet:-1","max-image-preview":"max-image-preview:large","max-video-preview":"max-video-preview:-1"},"canonical":"https:\/\/kapitalis.com\/tunisie\/2018\/05\/19\/journee-mondiale-contre-lhomophobie-on-danse-sous-les-etoiles\/","og_locale":"fr_FR","og_type":"article","og_title":"Journ\u00e9e mondiale contre l\u2019homophobie : On danse sous les \u00e9toiles - Kapitalis","og_description":"L\u2019Institut fran\u00e7ais de Tunisie (IFT) a accueilli, dans la soir\u00e9e du jeudi 17 mai 2018, le spectacle \u2018\u2018El Kobbania\u2019\u2019 de Rochdi Belgasmi, \u00e0 l\u2019occasion de la Journ\u00e9e mondiale contre l\u2019homophobie, un spectacle qui interroge le rapport trouble entre masculinit\u00e9 et f\u00e9minit\u00e9. Par Fawz Ben Ali","og_url":"https:\/\/kapitalis.com\/tunisie\/2018\/05\/19\/journee-mondiale-contre-lhomophobie-on-danse-sous-les-etoiles\/","og_site_name":"Kapitalis","article_publisher":"https:\/\/www.facebook.com\/KapitalisInfo\/","article_published_time":"2018-05-19T06:37:01+00:00","article_modified_time":"2018-05-19T06:37:40+00:00","og_image":[{"width":1200,"height":630,"url":"https:\/\/kapitalis.com\/tunisie\/wp-content\/uploads\/2022\/05\/kapitalis-logo-fb.png","type":"image\/png"}],"author":"webmaster kapitalis","twitter_card":"summary_large_image","twitter_creator":"@KapitalisInfo","twitter_site":"@KapitalisInfo","twitter_misc":{"\u00c9crit par":"webmaster kapitalis","Dur\u00e9e de lecture estim\u00e9e":"4 minutes"},"schema":{"@context":"https:\/\/schema.org","@graph":[{"@type":"Article","@id":"https:\/\/kapitalis.com\/tunisie\/2018\/05\/19\/journee-mondiale-contre-lhomophobie-on-danse-sous-les-etoiles\/#article","isPartOf":{"@id":"https:\/\/kapitalis.com\/tunisie\/2018\/05\/19\/journee-mondiale-contre-lhomophobie-on-danse-sous-les-etoiles\/"},"author":{"name":"webmaster kapitalis","@id":"https:\/\/kapitalis.com\/tunisie\/#\/schema\/person\/d71f33a9ca44f7bad4698210b480c8e9"},"headline":"Journ\u00e9e mondiale contre l\u2019homophobie : On danse sous les \u00e9toiles","datePublished":"2018-05-19T06:37:01+00:00","dateModified":"2018-05-19T06:37:40+00:00","mainEntityOfPage":{"@id":"https:\/\/kapitalis.com\/tunisie\/2018\/05\/19\/journee-mondiale-contre-lhomophobie-on-danse-sous-les-etoiles\/"},"wordCount":742,"commentCount":4,"publisher":{"@id":"https:\/\/kapitalis.com\/tunisie\/#organization"},"image":{"@id":"https:\/\/kapitalis.com\/tunisie\/2018\/05\/19\/journee-mondiale-contre-lhomophobie-on-danse-sous-les-etoiles\/#primaryimage"},"thumbnailUrl":"","keywords":["Adli","ATP","Chouf","Damj","homophobie","Institut fran\u00e7ais de Tunisie","Mawjoudin","Rochdi Belgasmi"],"articleSection":["A LA UNE","CULTURE","Tunisie"],"inLanguage":"fr-FR","potentialAction":[{"@type":"CommentAction","name":"Comment","target":["https:\/\/kapitalis.com\/tunisie\/2018\/05\/19\/journee-mondiale-contre-lhomophobie-on-danse-sous-les-etoiles\/#respond"]}]},{"@type":"WebPage","@id":"https:\/\/kapitalis.com\/tunisie\/2018\/05\/19\/journee-mondiale-contre-lhomophobie-on-danse-sous-les-etoiles\/","url":"https:\/\/kapitalis.com\/tunisie\/2018\/05\/19\/journee-mondiale-contre-lhomophobie-on-danse-sous-les-etoiles\/","name":"Journ\u00e9e mondiale contre l\u2019homophobie : On danse sous les \u00e9toiles - Kapitalis","isPartOf":{"@id":"https:\/\/kapitalis.com\/tunisie\/#website"},"primaryImageOfPage":{"@id":"https:\/\/kapitalis.com\/tunisie\/2018\/05\/19\/journee-mondiale-contre-lhomophobie-on-danse-sous-les-etoiles\/#primaryimage"},"image":{"@id":"https:\/\/kapitalis.com\/tunisie\/2018\/05\/19\/journee-mondiale-contre-lhomophobie-on-danse-sous-les-etoiles\/#primaryimage"},"thumbnailUrl":"","datePublished":"2018-05-19T06:37:01+00:00","dateModified":"2018-05-19T06:37:40+00:00","breadcrumb":{"@id":"https:\/\/kapitalis.com\/tunisie\/2018\/05\/19\/journee-mondiale-contre-lhomophobie-on-danse-sous-les-etoiles\/#breadcrumb"},"inLanguage":"fr-FR","potentialAction":[{"@type":"ReadAction","target":["https:\/\/kapitalis.com\/tunisie\/2018\/05\/19\/journee-mondiale-contre-lhomophobie-on-danse-sous-les-etoiles\/"]}]},{"@type":"ImageObject","inLanguage":"fr-FR","@id":"https:\/\/kapitalis.com\/tunisie\/2018\/05\/19\/journee-mondiale-contre-lhomophobie-on-danse-sous-les-etoiles\/#primaryimage","url":"","contentUrl":""},{"@type":"BreadcrumbList","@id":"https:\/\/kapitalis.com\/tunisie\/2018\/05\/19\/journee-mondiale-contre-lhomophobie-on-danse-sous-les-etoiles\/#breadcrumb","itemListElement":[{"@type":"ListItem","position":1,"name":"Accueil","item":"https:\/\/kapitalis.com\/tunisie\/"},{"@type":"ListItem","position":2,"name":"Journ\u00e9e mondiale contre l\u2019homophobie : On danse sous les \u00e9toiles"}]},{"@type":"WebSite","@id":"https:\/\/kapitalis.com\/tunisie\/#website","url":"https:\/\/kapitalis.com\/tunisie\/","name":"Kapitalis","description":"L&#039;actualit\u00e9 en Tunisie et dans le monde","publisher":{"@id":"https:\/\/kapitalis.com\/tunisie\/#organization"},"potentialAction":[{"@type":"SearchAction","target":{"@type":"EntryPoint","urlTemplate":"https:\/\/kapitalis.com\/tunisie\/?s={search_term_string}"},"query-input":{"@type":"PropertyValueSpecification","valueRequired":true,"valueName":"search_term_string"}}],"inLanguage":"fr-FR"},{"@type":"Organization","@id":"https:\/\/kapitalis.com\/tunisie\/#organization","name":"Kapitalis","url":"https:\/\/kapitalis.com\/tunisie\/","logo":{"@type":"ImageObject","inLanguage":"fr-FR","@id":"https:\/\/kapitalis.com\/tunisie\/#\/schema\/logo\/image\/","url":"https:\/\/kapitalis.com\/tunisie\/wp-content\/uploads\/2022\/05\/Kapitalis-big-size.png","contentUrl":"https:\/\/kapitalis.com\/tunisie\/wp-content\/uploads\/2022\/05\/Kapitalis-big-size.png","width":5000,"height":1500,"caption":"Kapitalis"},"image":{"@id":"https:\/\/kapitalis.com\/tunisie\/#\/schema\/logo\/image\/"},"sameAs":["https:\/\/www.facebook.com\/KapitalisInfo\/","https:\/\/x.com\/KapitalisInfo","https:\/\/www.youtube.com\/channel\/UC-yDYrHyfFBWWZaOw3FPg9Q"]},{"@type":"Person","@id":"https:\/\/kapitalis.com\/tunisie\/#\/schema\/person\/d71f33a9ca44f7bad4698210b480c8e9","name":"webmaster kapitalis","url":"https:\/\/kapitalis.com\/tunisie\/author\/webmaster-kapitalis\/"}]}},"_links":{"self":[{"href":"https:\/\/kapitalis.com\/tunisie\/wp-json\/wp\/v2\/posts\/154916","targetHints":{"allow":["GET"]}}],"collection":[{"href":"https:\/\/kapitalis.com\/tunisie\/wp-json\/wp\/v2\/posts"}],"about":[{"href":"https:\/\/kapitalis.com\/tunisie\/wp-json\/wp\/v2\/types\/post"}],"author":[{"embeddable":true,"href":"https:\/\/kapitalis.com\/tunisie\/wp-json\/wp\/v2\/users\/8"}],"replies":[{"embeddable":true,"href":"https:\/\/kapitalis.com\/tunisie\/wp-json\/wp\/v2\/comments?post=154916"}],"version-history":[{"count":0,"href":"https:\/\/kapitalis.com\/tunisie\/wp-json\/wp\/v2\/posts\/154916\/revisions"}],"wp:featuredmedia":[{"embeddable":true,"href":"https:\/\/kapitalis.com\/tunisie\/wp-json\/wp\/v2\/media\/154917"}],"wp:attachment":[{"href":"https:\/\/kapitalis.com\/tunisie\/wp-json\/wp\/v2\/media?parent=154916"}],"wp:term":[{"taxonomy":"category","embeddable":true,"href":"https:\/\/kapitalis.com\/tunisie\/wp-json\/wp\/v2\/categories?post=154916"},{"taxonomy":"post_tag","embeddable":true,"href":"https:\/\/kapitalis.com\/tunisie\/wp-json\/wp\/v2\/tags?post=154916"}],"curies":[{"name":"wp","href":"https:\/\/api.w.org\/{rel}","templated":true}]}}