{"id":154982,"date":"2018-05-19T11:13:47","date_gmt":"2018-05-19T10:13:47","guid":{"rendered":"http:\/\/kapitalis.com\/tunisie\/?p=154982"},"modified":"2018-05-19T11:13:47","modified_gmt":"2018-05-19T10:13:47","slug":"basketball-mondial-2019-des-nouveaux-en-equipe-de-tunisie","status":"publish","type":"post","link":"https:\/\/kapitalis.com\/tunisie\/2018\/05\/19\/basketball-mondial-2019-des-nouveaux-en-equipe-de-tunisie\/","title":{"rendered":"Basketball-Mondial 2019 : Des nouveaux en \u00e9quipe de Tunisie"},"content":{"rendered":"<p style=\"text-align: center;\"><img loading=\"lazy\" decoding=\"async\" class=\"alignnone size-full wp-image-154986\" src=\"http:\/\/kapitalis.com\/tunisie\/wp-content\/uploads\/2018\/05\/Yassin-Debache-Wassef-Methnani.jpg\" alt=\"\" width=\"626\" height=\"380\" \/><br \/>\n<em>Yassin Debache\/Wassef Methnani.<\/em><\/p>\n<p><em><strong>Le s\u00e9lectionneur de l\u2019\u00e9quipe de Tunisie de basketball, Mario Palma, a convoqu\u00e9 pour la premi\u00e8re fois le joueur professionnel tunisien op\u00e9rant en Allemagne Yassine Debech.<\/strong> <\/em><\/p>\n<p><!--more--><\/p>\n<p>Le s\u00e9lectionneur a, par ailleurs, rappel\u00e9 les deux joueurs de l\u2019Union sportive monastirienne, Firas Lahiani et Bechir Hadidane, ainsi que le joueur de Fairfield University (Connecticut-Etats Unis) Wassef Methnani, pour le stage de l\u2019\u00e9quipe de Tunisie qui d\u00e9butera ce lundi 21 mai \u00e0 Nabeul.<\/p>\n<p>Salah Mejri, le joueur tunisien de Dallas Mavericks, l\u2019un des acteurs de la NBA, n\u2019\u00e9tant plus dans le giron de la s\u00e9lection nationale, notamment depuis le championnat d\u2019Afrique organis\u00e9 \u00e0 Tunis en septembre 2017, Mario Palma a d\u00e9cid\u00e9, pour renforcer son groupe, de faire appel \u00e0 deux joueurs pros, Yassin Debache, 23 ans (2m04), et Wassef Methnani (2m03). Celui-ci \u00e9volue en championnat MAAC, portail principal pour rejoindre le Championnat NCAA de basket-ball, qui oppose les \u00e9quipes universitaires am\u00e9ricaines. Un passage oblig\u00e9 pour les joueurs qui veulent <em>\u00abs\u00e9duire\u00bb<\/em> les responsables de la NBA, la principale ligue de basketball au monde.<\/p>\n<p>Ce stage donnera le coup d\u2019envoi de la pr\u00e9paration pour les \u00e9liminatoires de la Coupe du Monde 2019 qui se d\u00e9rouleront \u00e0 Rad\u00e8s du 29 juin au 1er juillet 2018.<\/p>\n<p>Il est \u00e0 noter que la Tunisie affrontera en qualifications la Guin\u00e9e le 29 juin prochain, l&rsquo;Afrique du Sud le 30 juin et le Cameroun le 1er juillet.<\/p>\n<p>La Tunisie s\u2019est impos\u00e9e lors de la premi\u00e8re phase des \u00e9liminatoires \u00e0 Yaound\u00e9 face \u00e0 la Guin\u00e9e 101-40, au Tchad 96-56 et au Cameroun 66-57.<\/p>\n<p><em><strong>Les 18 joueurs s\u00e9lectionn\u00e9s<\/strong><\/em> : Naji Jaziri, Firas Lahiani, Bechir Hadidane (Union sportive monastirienne), Yassin Debache (Dresden-Allemagne), Omar Abada, Mourad Al Mabrouk, Ziad Chennoufi, Mohamed Hadidane, Mokhtar Ghayaza, Mohamed Abbasi, Nizar Knioua, Radhouane Slimane, Omar Mouhli, Haithem Saada (Etoile sportive du Sahel), Ahmed Dhif (Jeunesse sportive kairouanaise), Lassaad Chouia (Club africain), Makram Ben Romdhane (Homentmen, Liban).<\/p>\n<p style=\"text-align: right;\"><strong>H. M.<\/strong><\/p>\n<blockquote class=\"wp-embedded-content\" data-secret=\"2qOtvrcYuw\"><p><a href=\"https:\/\/kapitalis.com\/tunisie\/2017\/11\/27\/la-tunisie-fait-un-grand-pas-pour-la-coupe-du-monde-de-basketball\/\">La Tunisie fait un grand pas pour la Coupe du monde de basketball<\/a><\/p><\/blockquote>\n<p><iframe loading=\"lazy\" class=\"wp-embedded-content\" sandbox=\"allow-scripts\" security=\"restricted\" style=\"position: absolute; clip: rect(1px, 1px, 1px, 1px);\" title=\"\u00ab\u00a0La Tunisie fait un grand pas pour la Coupe du monde de basketball\u00a0\u00bb &#8212; Kapitalis\" src=\"https:\/\/kapitalis.com\/tunisie\/2017\/11\/27\/la-tunisie-fait-un-grand-pas-pour-la-coupe-du-monde-de-basketball\/embed\/#?secret=I3hxuWUVPu#?secret=2qOtvrcYuw\" data-secret=\"2qOtvrcYuw\" width=\"600\" height=\"338\" frameborder=\"0\" marginwidth=\"0\" marginheight=\"0\" scrolling=\"no\"><\/iframe><\/p>\n<blockquote class=\"wp-embedded-content\" data-secret=\"6KwOycWWVe\"><p><a href=\"https:\/\/kapitalis.com\/tunisie\/2017\/11\/15\/mondial-2019-de-basketball-la-tunisie-entame-sa-preparation\/\">Mondial 2019 de basketball : La Tunisie entame sa pr\u00e9paration<\/a><\/p><\/blockquote>\n<p><iframe loading=\"lazy\" class=\"wp-embedded-content\" sandbox=\"allow-scripts\" security=\"restricted\" style=\"position: absolute; clip: rect(1px, 1px, 1px, 1px);\" title=\"\u00ab\u00a0Mondial 2019 de basketball : La Tunisie entame sa pr\u00e9paration\u00a0\u00bb &#8212; Kapitalis\" src=\"https:\/\/kapitalis.com\/tunisie\/2017\/11\/15\/mondial-2019-de-basketball-la-tunisie-entame-sa-preparation\/embed\/#?secret=9RvReTgbAd#?secret=6KwOycWWVe\" data-secret=\"6KwOycWWVe\" width=\"600\" height=\"338\" frameborder=\"0\" marginwidth=\"0\" marginheight=\"0\" scrolling=\"no\"><\/iframe><\/p>\n","protected":false},"excerpt":{"rendered":"<p>Yassin Debache\/Wassef Methnani. Le s\u00e9lectionneur de l\u2019\u00e9quipe de Tunisie de basketball, Mario Palma, a convoqu\u00e9 pour la premi\u00e8re fois le joueur professionnel tunisien op\u00e9rant en Allemagne Yassine Debech.<\/p>\n","protected":false},"author":8,"featured_media":154986,"comment_status":"open","ping_status":"open","sticky":false,"template":"","format":"standard","meta":{"footnotes":""},"categories":[999,2433],"tags":[3219,23677],"class_list":["post-154982","post","type-post","status-publish","format-standard","has-post-thumbnail","hentry","category-sport","category-tunisie","tag-basketball","tag-mario-palma"],"yoast_head":"<!-- This site is optimized with the Yoast SEO plugin v26.6 - https:\/\/yoast.com\/wordpress\/plugins\/seo\/ -->\n<title>Basketball-Mondial 2019 : Des nouveaux en \u00e9quipe de Tunisie - Kapitalis<\/title>\n<meta name=\"robots\" content=\"index, follow, max-snippet:-1, max-image-preview:large, max-video-preview:-1\" \/>\n<link rel=\"canonical\" href=\"https:\/\/kapitalis.com\/tunisie\/2018\/05\/19\/basketball-mondial-2019-des-nouveaux-en-equipe-de-tunisie\/\" \/>\n<meta property=\"og:locale\" content=\"fr_FR\" \/>\n<meta property=\"og:type\" content=\"article\" \/>\n<meta property=\"og:title\" content=\"Basketball-Mondial 2019 : Des nouveaux en \u00e9quipe de Tunisie - Kapitalis\" \/>\n<meta property=\"og:description\" content=\"Yassin Debache\/Wassef Methnani. Le s\u00e9lectionneur de l\u2019\u00e9quipe de Tunisie de basketball, Mario Palma, a convoqu\u00e9 pour la premi\u00e8re fois le joueur professionnel tunisien op\u00e9rant en Allemagne Yassine Debech.\" \/>\n<meta property=\"og:url\" content=\"https:\/\/kapitalis.com\/tunisie\/2018\/05\/19\/basketball-mondial-2019-des-nouveaux-en-equipe-de-tunisie\/\" \/>\n<meta property=\"og:site_name\" content=\"Kapitalis\" \/>\n<meta property=\"article:publisher\" content=\"https:\/\/www.facebook.com\/KapitalisInfo\/\" \/>\n<meta property=\"article:published_time\" content=\"2018-05-19T10:13:47+00:00\" \/>\n<meta property=\"og:image\" content=\"https:\/\/kapitalis.com\/tunisie\/wp-content\/uploads\/2022\/05\/kapitalis-logo-fb.png\" \/>\n\t<meta property=\"og:image:width\" content=\"1200\" \/>\n\t<meta property=\"og:image:height\" content=\"630\" \/>\n\t<meta property=\"og:image:type\" content=\"image\/png\" \/>\n<meta name=\"author\" content=\"webmaster kapitalis\" \/>\n<meta name=\"twitter:card\" content=\"summary_large_image\" \/>\n<meta name=\"twitter:creator\" content=\"@KapitalisInfo\" \/>\n<meta name=\"twitter:site\" content=\"@KapitalisInfo\" \/>\n<meta name=\"twitter:label1\" content=\"\u00c9crit par\" \/>\n\t<meta name=\"twitter:data1\" content=\"webmaster kapitalis\" \/>\n\t<meta name=\"twitter:label2\" content=\"Dur\u00e9e de lecture estim\u00e9e\" \/>\n\t<meta name=\"twitter:data2\" content=\"2 minutes\" \/>\n<script type=\"application\/ld+json\" class=\"yoast-schema-graph\">{\"@context\":\"https:\/\/schema.org\",\"@graph\":[{\"@type\":\"Article\",\"@id\":\"https:\/\/kapitalis.com\/tunisie\/2018\/05\/19\/basketball-mondial-2019-des-nouveaux-en-equipe-de-tunisie\/#article\",\"isPartOf\":{\"@id\":\"https:\/\/kapitalis.com\/tunisie\/2018\/05\/19\/basketball-mondial-2019-des-nouveaux-en-equipe-de-tunisie\/\"},\"author\":{\"name\":\"webmaster kapitalis\",\"@id\":\"https:\/\/kapitalis.com\/tunisie\/#\/schema\/person\/d71f33a9ca44f7bad4698210b480c8e9\"},\"headline\":\"Basketball-Mondial 2019 : Des nouveaux en \u00e9quipe de Tunisie\",\"datePublished\":\"2018-05-19T10:13:47+00:00\",\"mainEntityOfPage\":{\"@id\":\"https:\/\/kapitalis.com\/tunisie\/2018\/05\/19\/basketball-mondial-2019-des-nouveaux-en-equipe-de-tunisie\/\"},\"wordCount\":340,\"commentCount\":1,\"publisher\":{\"@id\":\"https:\/\/kapitalis.com\/tunisie\/#organization\"},\"image\":{\"@id\":\"https:\/\/kapitalis.com\/tunisie\/2018\/05\/19\/basketball-mondial-2019-des-nouveaux-en-equipe-de-tunisie\/#primaryimage\"},\"thumbnailUrl\":\"\",\"keywords\":[\"Basketball\",\"Mario Palma\"],\"articleSection\":[\"SPORT\",\"Tunisie\"],\"inLanguage\":\"fr-FR\",\"potentialAction\":[{\"@type\":\"CommentAction\",\"name\":\"Comment\",\"target\":[\"https:\/\/kapitalis.com\/tunisie\/2018\/05\/19\/basketball-mondial-2019-des-nouveaux-en-equipe-de-tunisie\/#respond\"]}]},{\"@type\":\"WebPage\",\"@id\":\"https:\/\/kapitalis.com\/tunisie\/2018\/05\/19\/basketball-mondial-2019-des-nouveaux-en-equipe-de-tunisie\/\",\"url\":\"https:\/\/kapitalis.com\/tunisie\/2018\/05\/19\/basketball-mondial-2019-des-nouveaux-en-equipe-de-tunisie\/\",\"name\":\"Basketball-Mondial 2019 : Des nouveaux en \u00e9quipe de Tunisie - Kapitalis\",\"isPartOf\":{\"@id\":\"https:\/\/kapitalis.com\/tunisie\/#website\"},\"primaryImageOfPage\":{\"@id\":\"https:\/\/kapitalis.com\/tunisie\/2018\/05\/19\/basketball-mondial-2019-des-nouveaux-en-equipe-de-tunisie\/#primaryimage\"},\"image\":{\"@id\":\"https:\/\/kapitalis.com\/tunisie\/2018\/05\/19\/basketball-mondial-2019-des-nouveaux-en-equipe-de-tunisie\/#primaryimage\"},\"thumbnailUrl\":\"\",\"datePublished\":\"2018-05-19T10:13:47+00:00\",\"breadcrumb\":{\"@id\":\"https:\/\/kapitalis.com\/tunisie\/2018\/05\/19\/basketball-mondial-2019-des-nouveaux-en-equipe-de-tunisie\/#breadcrumb\"},\"inLanguage\":\"fr-FR\",\"potentialAction\":[{\"@type\":\"ReadAction\",\"target\":[\"https:\/\/kapitalis.com\/tunisie\/2018\/05\/19\/basketball-mondial-2019-des-nouveaux-en-equipe-de-tunisie\/\"]}]},{\"@type\":\"ImageObject\",\"inLanguage\":\"fr-FR\",\"@id\":\"https:\/\/kapitalis.com\/tunisie\/2018\/05\/19\/basketball-mondial-2019-des-nouveaux-en-equipe-de-tunisie\/#primaryimage\",\"url\":\"\",\"contentUrl\":\"\"},{\"@type\":\"BreadcrumbList\",\"@id\":\"https:\/\/kapitalis.com\/tunisie\/2018\/05\/19\/basketball-mondial-2019-des-nouveaux-en-equipe-de-tunisie\/#breadcrumb\",\"itemListElement\":[{\"@type\":\"ListItem\",\"position\":1,\"name\":\"Accueil\",\"item\":\"https:\/\/kapitalis.com\/tunisie\/\"},{\"@type\":\"ListItem\",\"position\":2,\"name\":\"Basketball-Mondial 2019 : Des nouveaux en \u00e9quipe de Tunisie\"}]},{\"@type\":\"WebSite\",\"@id\":\"https:\/\/kapitalis.com\/tunisie\/#website\",\"url\":\"https:\/\/kapitalis.com\/tunisie\/\",\"name\":\"Kapitalis\",\"description\":\"L&#039;actualit\u00e9 en Tunisie et dans le monde\",\"publisher\":{\"@id\":\"https:\/\/kapitalis.com\/tunisie\/#organization\"},\"potentialAction\":[{\"@type\":\"SearchAction\",\"target\":{\"@type\":\"EntryPoint\",\"urlTemplate\":\"https:\/\/kapitalis.com\/tunisie\/?s={search_term_string}\"},\"query-input\":{\"@type\":\"PropertyValueSpecification\",\"valueRequired\":true,\"valueName\":\"search_term_string\"}}],\"inLanguage\":\"fr-FR\"},{\"@type\":\"Organization\",\"@id\":\"https:\/\/kapitalis.com\/tunisie\/#organization\",\"name\":\"Kapitalis\",\"url\":\"https:\/\/kapitalis.com\/tunisie\/\",\"logo\":{\"@type\":\"ImageObject\",\"inLanguage\":\"fr-FR\",\"@id\":\"https:\/\/kapitalis.com\/tunisie\/#\/schema\/logo\/image\/\",\"url\":\"https:\/\/kapitalis.com\/tunisie\/wp-content\/uploads\/2022\/05\/Kapitalis-big-size.png\",\"contentUrl\":\"https:\/\/kapitalis.com\/tunisie\/wp-content\/uploads\/2022\/05\/Kapitalis-big-size.png\",\"width\":5000,\"height\":1500,\"caption\":\"Kapitalis\"},\"image\":{\"@id\":\"https:\/\/kapitalis.com\/tunisie\/#\/schema\/logo\/image\/\"},\"sameAs\":[\"https:\/\/www.facebook.com\/KapitalisInfo\/\",\"https:\/\/x.com\/KapitalisInfo\",\"https:\/\/www.youtube.com\/channel\/UC-yDYrHyfFBWWZaOw3FPg9Q\"]},{\"@type\":\"Person\",\"@id\":\"https:\/\/kapitalis.com\/tunisie\/#\/schema\/person\/d71f33a9ca44f7bad4698210b480c8e9\",\"name\":\"webmaster kapitalis\",\"url\":\"https:\/\/kapitalis.com\/tunisie\/author\/webmaster-kapitalis\/\"}]}<\/script>\n<!-- \/ Yoast SEO plugin. -->","yoast_head_json":{"title":"Basketball-Mondial 2019 : Des nouveaux en \u00e9quipe de Tunisie - Kapitalis","robots":{"index":"index","follow":"follow","max-snippet":"max-snippet:-1","max-image-preview":"max-image-preview:large","max-video-preview":"max-video-preview:-1"},"canonical":"https:\/\/kapitalis.com\/tunisie\/2018\/05\/19\/basketball-mondial-2019-des-nouveaux-en-equipe-de-tunisie\/","og_locale":"fr_FR","og_type":"article","og_title":"Basketball-Mondial 2019 : Des nouveaux en \u00e9quipe de Tunisie - Kapitalis","og_description":"Yassin Debache\/Wassef Methnani. Le s\u00e9lectionneur de l\u2019\u00e9quipe de Tunisie de basketball, Mario Palma, a convoqu\u00e9 pour la premi\u00e8re fois le joueur professionnel tunisien op\u00e9rant en Allemagne Yassine Debech.","og_url":"https:\/\/kapitalis.com\/tunisie\/2018\/05\/19\/basketball-mondial-2019-des-nouveaux-en-equipe-de-tunisie\/","og_site_name":"Kapitalis","article_publisher":"https:\/\/www.facebook.com\/KapitalisInfo\/","article_published_time":"2018-05-19T10:13:47+00:00","og_image":[{"width":1200,"height":630,"url":"https:\/\/kapitalis.com\/tunisie\/wp-content\/uploads\/2022\/05\/kapitalis-logo-fb.png","type":"image\/png"}],"author":"webmaster kapitalis","twitter_card":"summary_large_image","twitter_creator":"@KapitalisInfo","twitter_site":"@KapitalisInfo","twitter_misc":{"\u00c9crit par":"webmaster kapitalis","Dur\u00e9e de lecture estim\u00e9e":"2 minutes"},"schema":{"@context":"https:\/\/schema.org","@graph":[{"@type":"Article","@id":"https:\/\/kapitalis.com\/tunisie\/2018\/05\/19\/basketball-mondial-2019-des-nouveaux-en-equipe-de-tunisie\/#article","isPartOf":{"@id":"https:\/\/kapitalis.com\/tunisie\/2018\/05\/19\/basketball-mondial-2019-des-nouveaux-en-equipe-de-tunisie\/"},"author":{"name":"webmaster kapitalis","@id":"https:\/\/kapitalis.com\/tunisie\/#\/schema\/person\/d71f33a9ca44f7bad4698210b480c8e9"},"headline":"Basketball-Mondial 2019 : Des nouveaux en \u00e9quipe de Tunisie","datePublished":"2018-05-19T10:13:47+00:00","mainEntityOfPage":{"@id":"https:\/\/kapitalis.com\/tunisie\/2018\/05\/19\/basketball-mondial-2019-des-nouveaux-en-equipe-de-tunisie\/"},"wordCount":340,"commentCount":1,"publisher":{"@id":"https:\/\/kapitalis.com\/tunisie\/#organization"},"image":{"@id":"https:\/\/kapitalis.com\/tunisie\/2018\/05\/19\/basketball-mondial-2019-des-nouveaux-en-equipe-de-tunisie\/#primaryimage"},"thumbnailUrl":"","keywords":["Basketball","Mario Palma"],"articleSection":["SPORT","Tunisie"],"inLanguage":"fr-FR","potentialAction":[{"@type":"CommentAction","name":"Comment","target":["https:\/\/kapitalis.com\/tunisie\/2018\/05\/19\/basketball-mondial-2019-des-nouveaux-en-equipe-de-tunisie\/#respond"]}]},{"@type":"WebPage","@id":"https:\/\/kapitalis.com\/tunisie\/2018\/05\/19\/basketball-mondial-2019-des-nouveaux-en-equipe-de-tunisie\/","url":"https:\/\/kapitalis.com\/tunisie\/2018\/05\/19\/basketball-mondial-2019-des-nouveaux-en-equipe-de-tunisie\/","name":"Basketball-Mondial 2019 : Des nouveaux en \u00e9quipe de Tunisie - Kapitalis","isPartOf":{"@id":"https:\/\/kapitalis.com\/tunisie\/#website"},"primaryImageOfPage":{"@id":"https:\/\/kapitalis.com\/tunisie\/2018\/05\/19\/basketball-mondial-2019-des-nouveaux-en-equipe-de-tunisie\/#primaryimage"},"image":{"@id":"https:\/\/kapitalis.com\/tunisie\/2018\/05\/19\/basketball-mondial-2019-des-nouveaux-en-equipe-de-tunisie\/#primaryimage"},"thumbnailUrl":"","datePublished":"2018-05-19T10:13:47+00:00","breadcrumb":{"@id":"https:\/\/kapitalis.com\/tunisie\/2018\/05\/19\/basketball-mondial-2019-des-nouveaux-en-equipe-de-tunisie\/#breadcrumb"},"inLanguage":"fr-FR","potentialAction":[{"@type":"ReadAction","target":["https:\/\/kapitalis.com\/tunisie\/2018\/05\/19\/basketball-mondial-2019-des-nouveaux-en-equipe-de-tunisie\/"]}]},{"@type":"ImageObject","inLanguage":"fr-FR","@id":"https:\/\/kapitalis.com\/tunisie\/2018\/05\/19\/basketball-mondial-2019-des-nouveaux-en-equipe-de-tunisie\/#primaryimage","url":"","contentUrl":""},{"@type":"BreadcrumbList","@id":"https:\/\/kapitalis.com\/tunisie\/2018\/05\/19\/basketball-mondial-2019-des-nouveaux-en-equipe-de-tunisie\/#breadcrumb","itemListElement":[{"@type":"ListItem","position":1,"name":"Accueil","item":"https:\/\/kapitalis.com\/tunisie\/"},{"@type":"ListItem","position":2,"name":"Basketball-Mondial 2019 : Des nouveaux en \u00e9quipe de Tunisie"}]},{"@type":"WebSite","@id":"https:\/\/kapitalis.com\/tunisie\/#website","url":"https:\/\/kapitalis.com\/tunisie\/","name":"Kapitalis","description":"L&#039;actualit\u00e9 en Tunisie et dans le monde","publisher":{"@id":"https:\/\/kapitalis.com\/tunisie\/#organization"},"potentialAction":[{"@type":"SearchAction","target":{"@type":"EntryPoint","urlTemplate":"https:\/\/kapitalis.com\/tunisie\/?s={search_term_string}"},"query-input":{"@type":"PropertyValueSpecification","valueRequired":true,"valueName":"search_term_string"}}],"inLanguage":"fr-FR"},{"@type":"Organization","@id":"https:\/\/kapitalis.com\/tunisie\/#organization","name":"Kapitalis","url":"https:\/\/kapitalis.com\/tunisie\/","logo":{"@type":"ImageObject","inLanguage":"fr-FR","@id":"https:\/\/kapitalis.com\/tunisie\/#\/schema\/logo\/image\/","url":"https:\/\/kapitalis.com\/tunisie\/wp-content\/uploads\/2022\/05\/Kapitalis-big-size.png","contentUrl":"https:\/\/kapitalis.com\/tunisie\/wp-content\/uploads\/2022\/05\/Kapitalis-big-size.png","width":5000,"height":1500,"caption":"Kapitalis"},"image":{"@id":"https:\/\/kapitalis.com\/tunisie\/#\/schema\/logo\/image\/"},"sameAs":["https:\/\/www.facebook.com\/KapitalisInfo\/","https:\/\/x.com\/KapitalisInfo","https:\/\/www.youtube.com\/channel\/UC-yDYrHyfFBWWZaOw3FPg9Q"]},{"@type":"Person","@id":"https:\/\/kapitalis.com\/tunisie\/#\/schema\/person\/d71f33a9ca44f7bad4698210b480c8e9","name":"webmaster kapitalis","url":"https:\/\/kapitalis.com\/tunisie\/author\/webmaster-kapitalis\/"}]}},"_links":{"self":[{"href":"https:\/\/kapitalis.com\/tunisie\/wp-json\/wp\/v2\/posts\/154982","targetHints":{"allow":["GET"]}}],"collection":[{"href":"https:\/\/kapitalis.com\/tunisie\/wp-json\/wp\/v2\/posts"}],"about":[{"href":"https:\/\/kapitalis.com\/tunisie\/wp-json\/wp\/v2\/types\/post"}],"author":[{"embeddable":true,"href":"https:\/\/kapitalis.com\/tunisie\/wp-json\/wp\/v2\/users\/8"}],"replies":[{"embeddable":true,"href":"https:\/\/kapitalis.com\/tunisie\/wp-json\/wp\/v2\/comments?post=154982"}],"version-history":[{"count":0,"href":"https:\/\/kapitalis.com\/tunisie\/wp-json\/wp\/v2\/posts\/154982\/revisions"}],"wp:featuredmedia":[{"embeddable":true,"href":"https:\/\/kapitalis.com\/tunisie\/wp-json\/wp\/v2\/media\/154986"}],"wp:attachment":[{"href":"https:\/\/kapitalis.com\/tunisie\/wp-json\/wp\/v2\/media?parent=154982"}],"wp:term":[{"taxonomy":"category","embeddable":true,"href":"https:\/\/kapitalis.com\/tunisie\/wp-json\/wp\/v2\/categories?post=154982"},{"taxonomy":"post_tag","embeddable":true,"href":"https:\/\/kapitalis.com\/tunisie\/wp-json\/wp\/v2\/tags?post=154982"}],"curies":[{"name":"wp","href":"https:\/\/api.w.org\/{rel}","templated":true}]}}