{"id":155105,"date":"2018-05-20T12:06:22","date_gmt":"2018-05-20T11:06:22","guid":{"rendered":"http:\/\/kapitalis.com\/tunisie\/?p=155105"},"modified":"2018-05-20T12:09:47","modified_gmt":"2018-05-20T11:09:47","slug":"in-memoriam-et-maya-jribi-incarna-le-militantisme","status":"publish","type":"post","link":"https:\/\/kapitalis.com\/tunisie\/2018\/05\/20\/in-memoriam-et-maya-jribi-incarna-le-militantisme\/","title":{"rendered":"In memoriam : Et Maya Jribi incarna le militantisme"},"content":{"rendered":"<p style=\"text-align: center;\"><img loading=\"lazy\" decoding=\"async\" class=\"alignnone size-full wp-image-34856\" src=\"http:\/\/kapitalis.com\/tunisie\/wp-content\/uploads\/2016\/01\/Maya-Jribi-10.jpg\" alt=\"\" width=\"626\" height=\"380\" \/><\/p>\n<p><em><strong>Nous publions ci-dessous l\u2019hommage du juriste Chedly Mamoghli \u00e0 Maya Jribi, constituante et ancienne secr\u00e9taire g\u00e9n\u00e9ral du Parti r\u00e9publicain (Al-Joumhouri), d\u00e9c\u00e9d\u00e9e hier \u00e0 l\u2019\u00e2ge de 58 ans.<\/strong> <\/em><\/p>\n<p><!--more--><\/p>\n<p>Maya Jribi avait l\u2019\u00e2me d\u2019une militante. Une militante qui se distinguait par son int\u00e9grit\u00e9 morale et par sa grande \u00e9loquence. Elle incarnait un militantisme sinc\u00e8re et d\u00e9sint\u00e9ress\u00e9. Oui, sinc\u00e8re et d\u00e9sint\u00e9ress\u00e9, ce qui n&rsquo;est pas l\u00e9gion.<\/p>\n<p>Beaucoup d&rsquo;individus jouent le r\u00f4le du militant devant leur microcosme ou devant la soci\u00e9t\u00e9 afin d\u2019\u00e9pater ceux qu\u2019ils veulent \u00e9pater, afin de combler un d\u00e9ficit de notori\u00e9t\u00e9 ou par opportunisme.<\/p>\n<p>Le militantisme de Maya Jribi \u00e9tait authentique. Il n\u2019est pas n\u00e9 apr\u00e8s la r\u00e9volution du 14 janvier 2011 comme pour beaucoup, il n\u2019est pas n\u00e9 sur Facebook, il existait bien avant. Dans un autre sens, ce n\u2019est pas une militante qui s\u2019est embourgeois\u00e9e et devenue une mondaine comme c\u2019est le cas pour beaucoup d\u2019opposants \u00e0 l\u2019ancien r\u00e9gime. Ce n\u2019est pas une militante qui s\u2019est reconvertie dans l\u2019affairisme comme certains.<\/p>\n<p>Maya Jribi \u00e9tait une vraie militante, elle l\u2019a \u00e9t\u00e9 jusqu\u2019au bout. C&rsquo;\u00e9tait le sens de sa vie, la d\u00e9finition de son existence.<\/p>\n<p>Allah Yarhamha&#8230;<\/p>\n<p style=\"text-align: right;\"><strong>Chedly Mamoghli<\/strong><\/p>\n<blockquote class=\"wp-embedded-content\" data-secret=\"DPQ4CoEqz9\"><p><a href=\"https:\/\/kapitalis.com\/tunisie\/2018\/05\/20\/maya-jribi-le-combat-dune-femme-le-combat-dun-peuple\/\">Maya Jribi, le combat d\u2019une femme, le combat d\u2019un peuple<\/a><\/p><\/blockquote>\n<p><iframe loading=\"lazy\" class=\"wp-embedded-content\" sandbox=\"allow-scripts\" security=\"restricted\" style=\"position: absolute; clip: rect(1px, 1px, 1px, 1px);\" title=\"\u00ab\u00a0Maya Jribi, le combat d\u2019une femme, le combat d\u2019un peuple\u00a0\u00bb &#8212; Kapitalis\" src=\"https:\/\/kapitalis.com\/tunisie\/2018\/05\/20\/maya-jribi-le-combat-dune-femme-le-combat-dun-peuple\/embed\/#?secret=nuWbW5mrxQ#?secret=DPQ4CoEqz9\" data-secret=\"DPQ4CoEqz9\" width=\"600\" height=\"338\" frameborder=\"0\" marginwidth=\"0\" marginheight=\"0\" scrolling=\"no\"><\/iframe><\/p>\n<blockquote class=\"wp-embedded-content\" data-secret=\"dfYSZoRTOM\"><p><a href=\"https:\/\/kapitalis.com\/tunisie\/2018\/05\/19\/tunisie-deces-de-la-constituante-et-militante-feministe-maya-jribi\/\">Tunisie : D\u00e9c\u00e8s de la constituante et militante f\u00e9ministe Maya Jribi<\/a><\/p><\/blockquote>\n<p><iframe loading=\"lazy\" class=\"wp-embedded-content\" sandbox=\"allow-scripts\" security=\"restricted\" style=\"position: absolute; clip: rect(1px, 1px, 1px, 1px);\" title=\"\u00ab\u00a0Tunisie : D\u00e9c\u00e8s de la constituante et militante f\u00e9ministe Maya Jribi\u00a0\u00bb &#8212; Kapitalis\" src=\"https:\/\/kapitalis.com\/tunisie\/2018\/05\/19\/tunisie-deces-de-la-constituante-et-militante-feministe-maya-jribi\/embed\/#?secret=lyCYHf0C5C#?secret=dfYSZoRTOM\" data-secret=\"dfYSZoRTOM\" width=\"600\" height=\"338\" frameborder=\"0\" marginwidth=\"0\" marginheight=\"0\" scrolling=\"no\"><\/iframe><\/p>\n","protected":false},"excerpt":{"rendered":"<p>Nous publions ci-dessous l\u2019hommage du juriste Chedly Mamoghli \u00e0 Maya Jribi, constituante et ancienne secr\u00e9taire g\u00e9n\u00e9ral du Parti r\u00e9publicain (Al-Joumhouri), d\u00e9c\u00e9d\u00e9e hier \u00e0 l\u2019\u00e2ge de 58 ans.<\/p>\n","protected":false},"author":8,"featured_media":0,"comment_status":"open","ping_status":"open","sticky":false,"template":"","format":"standard","meta":{"footnotes":""},"categories":[997,2433],"tags":[5559,4485,19272],"class_list":["post-155105","post","type-post","status-publish","format-standard","hentry","category-politique","category-tunisie","tag-al-joumhouri","tag-maya-jribi","tag-parti-republicain"],"yoast_head":"<!-- This site is optimized with the Yoast SEO plugin v26.6 - https:\/\/yoast.com\/wordpress\/plugins\/seo\/ -->\n<title>In memoriam : Et Maya Jribi incarna le militantisme - Kapitalis<\/title>\n<meta name=\"robots\" content=\"index, follow, max-snippet:-1, max-image-preview:large, max-video-preview:-1\" \/>\n<link rel=\"canonical\" href=\"https:\/\/kapitalis.com\/tunisie\/2018\/05\/20\/in-memoriam-et-maya-jribi-incarna-le-militantisme\/\" \/>\n<meta property=\"og:locale\" content=\"fr_FR\" \/>\n<meta property=\"og:type\" content=\"article\" \/>\n<meta property=\"og:title\" content=\"In memoriam : Et Maya Jribi incarna le militantisme - Kapitalis\" \/>\n<meta property=\"og:description\" content=\"Nous publions ci-dessous l\u2019hommage du juriste Chedly Mamoghli \u00e0 Maya Jribi, constituante et ancienne secr\u00e9taire g\u00e9n\u00e9ral du Parti r\u00e9publicain (Al-Joumhouri), d\u00e9c\u00e9d\u00e9e hier \u00e0 l\u2019\u00e2ge de 58 ans.\" \/>\n<meta property=\"og:url\" content=\"https:\/\/kapitalis.com\/tunisie\/2018\/05\/20\/in-memoriam-et-maya-jribi-incarna-le-militantisme\/\" \/>\n<meta property=\"og:site_name\" content=\"Kapitalis\" \/>\n<meta property=\"article:publisher\" content=\"https:\/\/www.facebook.com\/KapitalisInfo\/\" \/>\n<meta property=\"article:published_time\" content=\"2018-05-20T11:06:22+00:00\" \/>\n<meta property=\"article:modified_time\" content=\"2018-05-20T11:09:47+00:00\" \/>\n<meta property=\"og:image\" content=\"http:\/\/kapitalis.com\/tunisie\/wp-content\/uploads\/2016\/01\/Maya-Jribi-10.jpg\" \/>\n<meta name=\"author\" content=\"webmaster kapitalis\" \/>\n<meta name=\"twitter:card\" content=\"summary_large_image\" \/>\n<meta name=\"twitter:creator\" content=\"@KapitalisInfo\" \/>\n<meta name=\"twitter:site\" content=\"@KapitalisInfo\" \/>\n<meta name=\"twitter:label1\" content=\"\u00c9crit par\" \/>\n\t<meta name=\"twitter:data1\" content=\"webmaster kapitalis\" \/>\n\t<meta name=\"twitter:label2\" content=\"Dur\u00e9e de lecture estim\u00e9e\" \/>\n\t<meta name=\"twitter:data2\" content=\"1 minute\" \/>\n<script type=\"application\/ld+json\" class=\"yoast-schema-graph\">{\"@context\":\"https:\/\/schema.org\",\"@graph\":[{\"@type\":\"Article\",\"@id\":\"https:\/\/kapitalis.com\/tunisie\/2018\/05\/20\/in-memoriam-et-maya-jribi-incarna-le-militantisme\/#article\",\"isPartOf\":{\"@id\":\"https:\/\/kapitalis.com\/tunisie\/2018\/05\/20\/in-memoriam-et-maya-jribi-incarna-le-militantisme\/\"},\"author\":{\"name\":\"webmaster kapitalis\",\"@id\":\"https:\/\/kapitalis.com\/tunisie\/#\/schema\/person\/d71f33a9ca44f7bad4698210b480c8e9\"},\"headline\":\"In memoriam : Et Maya Jribi incarna le militantisme\",\"datePublished\":\"2018-05-20T11:06:22+00:00\",\"dateModified\":\"2018-05-20T11:09:47+00:00\",\"mainEntityOfPage\":{\"@id\":\"https:\/\/kapitalis.com\/tunisie\/2018\/05\/20\/in-memoriam-et-maya-jribi-incarna-le-militantisme\/\"},\"wordCount\":243,\"commentCount\":1,\"publisher\":{\"@id\":\"https:\/\/kapitalis.com\/tunisie\/#organization\"},\"image\":{\"@id\":\"https:\/\/kapitalis.com\/tunisie\/2018\/05\/20\/in-memoriam-et-maya-jribi-incarna-le-militantisme\/#primaryimage\"},\"thumbnailUrl\":\"http:\/\/kapitalis.com\/tunisie\/wp-content\/uploads\/2016\/01\/Maya-Jribi-10.jpg\",\"keywords\":[\"Al-Joumhouri\",\"Maya Jribi\",\"Parti r\u00e9publicain\"],\"articleSection\":[\"POLITIQUE\",\"Tunisie\"],\"inLanguage\":\"fr-FR\",\"potentialAction\":[{\"@type\":\"CommentAction\",\"name\":\"Comment\",\"target\":[\"https:\/\/kapitalis.com\/tunisie\/2018\/05\/20\/in-memoriam-et-maya-jribi-incarna-le-militantisme\/#respond\"]}]},{\"@type\":\"WebPage\",\"@id\":\"https:\/\/kapitalis.com\/tunisie\/2018\/05\/20\/in-memoriam-et-maya-jribi-incarna-le-militantisme\/\",\"url\":\"https:\/\/kapitalis.com\/tunisie\/2018\/05\/20\/in-memoriam-et-maya-jribi-incarna-le-militantisme\/\",\"name\":\"In memoriam : Et Maya Jribi incarna le militantisme - Kapitalis\",\"isPartOf\":{\"@id\":\"https:\/\/kapitalis.com\/tunisie\/#website\"},\"primaryImageOfPage\":{\"@id\":\"https:\/\/kapitalis.com\/tunisie\/2018\/05\/20\/in-memoriam-et-maya-jribi-incarna-le-militantisme\/#primaryimage\"},\"image\":{\"@id\":\"https:\/\/kapitalis.com\/tunisie\/2018\/05\/20\/in-memoriam-et-maya-jribi-incarna-le-militantisme\/#primaryimage\"},\"thumbnailUrl\":\"http:\/\/kapitalis.com\/tunisie\/wp-content\/uploads\/2016\/01\/Maya-Jribi-10.jpg\",\"datePublished\":\"2018-05-20T11:06:22+00:00\",\"dateModified\":\"2018-05-20T11:09:47+00:00\",\"breadcrumb\":{\"@id\":\"https:\/\/kapitalis.com\/tunisie\/2018\/05\/20\/in-memoriam-et-maya-jribi-incarna-le-militantisme\/#breadcrumb\"},\"inLanguage\":\"fr-FR\",\"potentialAction\":[{\"@type\":\"ReadAction\",\"target\":[\"https:\/\/kapitalis.com\/tunisie\/2018\/05\/20\/in-memoriam-et-maya-jribi-incarna-le-militantisme\/\"]}]},{\"@type\":\"ImageObject\",\"inLanguage\":\"fr-FR\",\"@id\":\"https:\/\/kapitalis.com\/tunisie\/2018\/05\/20\/in-memoriam-et-maya-jribi-incarna-le-militantisme\/#primaryimage\",\"url\":\"http:\/\/kapitalis.com\/tunisie\/wp-content\/uploads\/2016\/01\/Maya-Jribi-10.jpg\",\"contentUrl\":\"http:\/\/kapitalis.com\/tunisie\/wp-content\/uploads\/2016\/01\/Maya-Jribi-10.jpg\"},{\"@type\":\"BreadcrumbList\",\"@id\":\"https:\/\/kapitalis.com\/tunisie\/2018\/05\/20\/in-memoriam-et-maya-jribi-incarna-le-militantisme\/#breadcrumb\",\"itemListElement\":[{\"@type\":\"ListItem\",\"position\":1,\"name\":\"Accueil\",\"item\":\"https:\/\/kapitalis.com\/tunisie\/\"},{\"@type\":\"ListItem\",\"position\":2,\"name\":\"In memoriam : Et Maya Jribi incarna le militantisme\"}]},{\"@type\":\"WebSite\",\"@id\":\"https:\/\/kapitalis.com\/tunisie\/#website\",\"url\":\"https:\/\/kapitalis.com\/tunisie\/\",\"name\":\"Kapitalis\",\"description\":\"L&#039;actualit\u00e9 en Tunisie et dans le monde\",\"publisher\":{\"@id\":\"https:\/\/kapitalis.com\/tunisie\/#organization\"},\"potentialAction\":[{\"@type\":\"SearchAction\",\"target\":{\"@type\":\"EntryPoint\",\"urlTemplate\":\"https:\/\/kapitalis.com\/tunisie\/?s={search_term_string}\"},\"query-input\":{\"@type\":\"PropertyValueSpecification\",\"valueRequired\":true,\"valueName\":\"search_term_string\"}}],\"inLanguage\":\"fr-FR\"},{\"@type\":\"Organization\",\"@id\":\"https:\/\/kapitalis.com\/tunisie\/#organization\",\"name\":\"Kapitalis\",\"url\":\"https:\/\/kapitalis.com\/tunisie\/\",\"logo\":{\"@type\":\"ImageObject\",\"inLanguage\":\"fr-FR\",\"@id\":\"https:\/\/kapitalis.com\/tunisie\/#\/schema\/logo\/image\/\",\"url\":\"https:\/\/kapitalis.com\/tunisie\/wp-content\/uploads\/2022\/05\/Kapitalis-big-size.png\",\"contentUrl\":\"https:\/\/kapitalis.com\/tunisie\/wp-content\/uploads\/2022\/05\/Kapitalis-big-size.png\",\"width\":5000,\"height\":1500,\"caption\":\"Kapitalis\"},\"image\":{\"@id\":\"https:\/\/kapitalis.com\/tunisie\/#\/schema\/logo\/image\/\"},\"sameAs\":[\"https:\/\/www.facebook.com\/KapitalisInfo\/\",\"https:\/\/x.com\/KapitalisInfo\",\"https:\/\/www.youtube.com\/channel\/UC-yDYrHyfFBWWZaOw3FPg9Q\"]},{\"@type\":\"Person\",\"@id\":\"https:\/\/kapitalis.com\/tunisie\/#\/schema\/person\/d71f33a9ca44f7bad4698210b480c8e9\",\"name\":\"webmaster kapitalis\",\"url\":\"https:\/\/kapitalis.com\/tunisie\/author\/webmaster-kapitalis\/\"}]}<\/script>\n<!-- \/ Yoast SEO plugin. -->","yoast_head_json":{"title":"In memoriam : Et Maya Jribi incarna le militantisme - Kapitalis","robots":{"index":"index","follow":"follow","max-snippet":"max-snippet:-1","max-image-preview":"max-image-preview:large","max-video-preview":"max-video-preview:-1"},"canonical":"https:\/\/kapitalis.com\/tunisie\/2018\/05\/20\/in-memoriam-et-maya-jribi-incarna-le-militantisme\/","og_locale":"fr_FR","og_type":"article","og_title":"In memoriam : Et Maya Jribi incarna le militantisme - Kapitalis","og_description":"Nous publions ci-dessous l\u2019hommage du juriste Chedly Mamoghli \u00e0 Maya Jribi, constituante et ancienne secr\u00e9taire g\u00e9n\u00e9ral du Parti r\u00e9publicain (Al-Joumhouri), d\u00e9c\u00e9d\u00e9e hier \u00e0 l\u2019\u00e2ge de 58 ans.","og_url":"https:\/\/kapitalis.com\/tunisie\/2018\/05\/20\/in-memoriam-et-maya-jribi-incarna-le-militantisme\/","og_site_name":"Kapitalis","article_publisher":"https:\/\/www.facebook.com\/KapitalisInfo\/","article_published_time":"2018-05-20T11:06:22+00:00","article_modified_time":"2018-05-20T11:09:47+00:00","og_image":[{"url":"http:\/\/kapitalis.com\/tunisie\/wp-content\/uploads\/2016\/01\/Maya-Jribi-10.jpg","type":"","width":"","height":""}],"author":"webmaster kapitalis","twitter_card":"summary_large_image","twitter_creator":"@KapitalisInfo","twitter_site":"@KapitalisInfo","twitter_misc":{"\u00c9crit par":"webmaster kapitalis","Dur\u00e9e de lecture estim\u00e9e":"1 minute"},"schema":{"@context":"https:\/\/schema.org","@graph":[{"@type":"Article","@id":"https:\/\/kapitalis.com\/tunisie\/2018\/05\/20\/in-memoriam-et-maya-jribi-incarna-le-militantisme\/#article","isPartOf":{"@id":"https:\/\/kapitalis.com\/tunisie\/2018\/05\/20\/in-memoriam-et-maya-jribi-incarna-le-militantisme\/"},"author":{"name":"webmaster kapitalis","@id":"https:\/\/kapitalis.com\/tunisie\/#\/schema\/person\/d71f33a9ca44f7bad4698210b480c8e9"},"headline":"In memoriam : Et Maya Jribi incarna le militantisme","datePublished":"2018-05-20T11:06:22+00:00","dateModified":"2018-05-20T11:09:47+00:00","mainEntityOfPage":{"@id":"https:\/\/kapitalis.com\/tunisie\/2018\/05\/20\/in-memoriam-et-maya-jribi-incarna-le-militantisme\/"},"wordCount":243,"commentCount":1,"publisher":{"@id":"https:\/\/kapitalis.com\/tunisie\/#organization"},"image":{"@id":"https:\/\/kapitalis.com\/tunisie\/2018\/05\/20\/in-memoriam-et-maya-jribi-incarna-le-militantisme\/#primaryimage"},"thumbnailUrl":"http:\/\/kapitalis.com\/tunisie\/wp-content\/uploads\/2016\/01\/Maya-Jribi-10.jpg","keywords":["Al-Joumhouri","Maya Jribi","Parti r\u00e9publicain"],"articleSection":["POLITIQUE","Tunisie"],"inLanguage":"fr-FR","potentialAction":[{"@type":"CommentAction","name":"Comment","target":["https:\/\/kapitalis.com\/tunisie\/2018\/05\/20\/in-memoriam-et-maya-jribi-incarna-le-militantisme\/#respond"]}]},{"@type":"WebPage","@id":"https:\/\/kapitalis.com\/tunisie\/2018\/05\/20\/in-memoriam-et-maya-jribi-incarna-le-militantisme\/","url":"https:\/\/kapitalis.com\/tunisie\/2018\/05\/20\/in-memoriam-et-maya-jribi-incarna-le-militantisme\/","name":"In memoriam : Et Maya Jribi incarna le militantisme - Kapitalis","isPartOf":{"@id":"https:\/\/kapitalis.com\/tunisie\/#website"},"primaryImageOfPage":{"@id":"https:\/\/kapitalis.com\/tunisie\/2018\/05\/20\/in-memoriam-et-maya-jribi-incarna-le-militantisme\/#primaryimage"},"image":{"@id":"https:\/\/kapitalis.com\/tunisie\/2018\/05\/20\/in-memoriam-et-maya-jribi-incarna-le-militantisme\/#primaryimage"},"thumbnailUrl":"http:\/\/kapitalis.com\/tunisie\/wp-content\/uploads\/2016\/01\/Maya-Jribi-10.jpg","datePublished":"2018-05-20T11:06:22+00:00","dateModified":"2018-05-20T11:09:47+00:00","breadcrumb":{"@id":"https:\/\/kapitalis.com\/tunisie\/2018\/05\/20\/in-memoriam-et-maya-jribi-incarna-le-militantisme\/#breadcrumb"},"inLanguage":"fr-FR","potentialAction":[{"@type":"ReadAction","target":["https:\/\/kapitalis.com\/tunisie\/2018\/05\/20\/in-memoriam-et-maya-jribi-incarna-le-militantisme\/"]}]},{"@type":"ImageObject","inLanguage":"fr-FR","@id":"https:\/\/kapitalis.com\/tunisie\/2018\/05\/20\/in-memoriam-et-maya-jribi-incarna-le-militantisme\/#primaryimage","url":"http:\/\/kapitalis.com\/tunisie\/wp-content\/uploads\/2016\/01\/Maya-Jribi-10.jpg","contentUrl":"http:\/\/kapitalis.com\/tunisie\/wp-content\/uploads\/2016\/01\/Maya-Jribi-10.jpg"},{"@type":"BreadcrumbList","@id":"https:\/\/kapitalis.com\/tunisie\/2018\/05\/20\/in-memoriam-et-maya-jribi-incarna-le-militantisme\/#breadcrumb","itemListElement":[{"@type":"ListItem","position":1,"name":"Accueil","item":"https:\/\/kapitalis.com\/tunisie\/"},{"@type":"ListItem","position":2,"name":"In memoriam : Et Maya Jribi incarna le militantisme"}]},{"@type":"WebSite","@id":"https:\/\/kapitalis.com\/tunisie\/#website","url":"https:\/\/kapitalis.com\/tunisie\/","name":"Kapitalis","description":"L&#039;actualit\u00e9 en Tunisie et dans le monde","publisher":{"@id":"https:\/\/kapitalis.com\/tunisie\/#organization"},"potentialAction":[{"@type":"SearchAction","target":{"@type":"EntryPoint","urlTemplate":"https:\/\/kapitalis.com\/tunisie\/?s={search_term_string}"},"query-input":{"@type":"PropertyValueSpecification","valueRequired":true,"valueName":"search_term_string"}}],"inLanguage":"fr-FR"},{"@type":"Organization","@id":"https:\/\/kapitalis.com\/tunisie\/#organization","name":"Kapitalis","url":"https:\/\/kapitalis.com\/tunisie\/","logo":{"@type":"ImageObject","inLanguage":"fr-FR","@id":"https:\/\/kapitalis.com\/tunisie\/#\/schema\/logo\/image\/","url":"https:\/\/kapitalis.com\/tunisie\/wp-content\/uploads\/2022\/05\/Kapitalis-big-size.png","contentUrl":"https:\/\/kapitalis.com\/tunisie\/wp-content\/uploads\/2022\/05\/Kapitalis-big-size.png","width":5000,"height":1500,"caption":"Kapitalis"},"image":{"@id":"https:\/\/kapitalis.com\/tunisie\/#\/schema\/logo\/image\/"},"sameAs":["https:\/\/www.facebook.com\/KapitalisInfo\/","https:\/\/x.com\/KapitalisInfo","https:\/\/www.youtube.com\/channel\/UC-yDYrHyfFBWWZaOw3FPg9Q"]},{"@type":"Person","@id":"https:\/\/kapitalis.com\/tunisie\/#\/schema\/person\/d71f33a9ca44f7bad4698210b480c8e9","name":"webmaster kapitalis","url":"https:\/\/kapitalis.com\/tunisie\/author\/webmaster-kapitalis\/"}]}},"_links":{"self":[{"href":"https:\/\/kapitalis.com\/tunisie\/wp-json\/wp\/v2\/posts\/155105","targetHints":{"allow":["GET"]}}],"collection":[{"href":"https:\/\/kapitalis.com\/tunisie\/wp-json\/wp\/v2\/posts"}],"about":[{"href":"https:\/\/kapitalis.com\/tunisie\/wp-json\/wp\/v2\/types\/post"}],"author":[{"embeddable":true,"href":"https:\/\/kapitalis.com\/tunisie\/wp-json\/wp\/v2\/users\/8"}],"replies":[{"embeddable":true,"href":"https:\/\/kapitalis.com\/tunisie\/wp-json\/wp\/v2\/comments?post=155105"}],"version-history":[{"count":0,"href":"https:\/\/kapitalis.com\/tunisie\/wp-json\/wp\/v2\/posts\/155105\/revisions"}],"wp:attachment":[{"href":"https:\/\/kapitalis.com\/tunisie\/wp-json\/wp\/v2\/media?parent=155105"}],"wp:term":[{"taxonomy":"category","embeddable":true,"href":"https:\/\/kapitalis.com\/tunisie\/wp-json\/wp\/v2\/categories?post=155105"},{"taxonomy":"post_tag","embeddable":true,"href":"https:\/\/kapitalis.com\/tunisie\/wp-json\/wp\/v2\/tags?post=155105"}],"curies":[{"name":"wp","href":"https:\/\/api.w.org\/{rel}","templated":true}]}}