{"id":15528126,"date":"2025-02-13T08:05:02","date_gmt":"2025-02-13T07:05:02","guid":{"rendered":"https:\/\/kapitalis.com\/tunisie\/?p=15528126"},"modified":"2025-02-13T08:05:04","modified_gmt":"2025-02-13T07:05:04","slug":"abdallah-de-jordanie-evite-la-confrontation-avec-trump-mais-ne-plie-pas","status":"publish","type":"post","link":"https:\/\/kapitalis.com\/tunisie\/2025\/02\/13\/abdallah-de-jordanie-evite-la-confrontation-avec-trump-mais-ne-plie-pas\/","title":{"rendered":"Abdallah de Jordanie \u00e9vite la confrontation avec Trump mais ne plie pas"},"content":{"rendered":"\n<p><strong><em>Ce fut un exercice diplomatique compliqu\u00e9 auquel \u00e0 \u00e9t\u00e9 confront\u00e9 Abdallah de Jordanie, mardi 11 f\u00e9vrier 2025 \u00e0 la Maison-Blanche. Le souverain a \u00e9t\u00e9 confront\u00e9 \u00e0 une \u00e9quation tr\u00e8s particuli\u00e8re, d\u2019un c\u00f4t\u00e9 il ne devait pas plier face \u00e0 Donald Trump qui veut imposer son plan de d\u00e9placement des Palestiniens de Gaza et d\u2019un autre, il ne pouvait pas entrer en confrontation directe, frontale et publique avec le pr\u00e9sident de la premi\u00e8re puissance mondiale. Lors de la pr\u00e9c\u00e9dente pr\u00e9sidence Trump, la Jordanie avait refus\u00e9 cat\u00e9goriquement les Accords d\u2019Abraham ce qui avait valu \u00e0 Abdallah II une animosit\u00e9 de la part du pr\u00e9sident am\u00e9ricain. Le souverain hach\u00e9mite semble avoir retenu la le\u00e7on et a \u00e9t\u00e9 plus madr\u00e9 cette fois-ci.&nbsp;<\/em><\/strong><\/p>\n\n\n\n<p><strong>Imed Bahri &nbsp;<\/strong><\/p>\n\n\n\n<!--more-->\n\n\n\n<p>Le magazine <a href=\"https:\/\/www.politico.com\/news\/2025\/02\/11\/trump-abdullah-gaza-plan-00203602\" target=\"_blank\" rel=\"noreferrer noopener\">Politico<\/a> a publi\u00e9 une analyse d\u2019Eli Stokols dans laquelle il affirme que le roi Abdallah II a utilis\u00e9 \u00e0 la fois la flatterie et la subtilit\u00e9 pour tenter de gagner du temps concernant le plan de Donald Trump visant \u00e0 contr\u00f4ler Gaza, expulser ses habitants et la transformer en un projet immobilier.\u00a0Il a \u00e9t\u00e9 le premier dirigeant arabe \u00e0 rencontrer Trump apr\u00e8s son entr\u00e9e \u00e0 la Maison Blanche le mois dernier et depuis qu\u2019il a annonc\u00e9 son d\u00e9sir de prendre le contr\u00f4le de Gaza et de d\u00e9placer ses habitants vers la Jordanie et l\u2019\u00c9gypte.<\/p>\n\n\n\n<p>Le roi jordanien a diplomatiquement \u00e9lud\u00e9 les questions sur le sujet pour tenter d\u2019\u00e9viter un d\u00e9saccord direct et public avec le pr\u00e9sident Trump. Il a rejet\u00e9 le plan lorsqu\u2019il a \u00e9t\u00e9 annonc\u00e9 et a d\u00e9clar\u00e9 aux journalistes \u00e0 la Maison Blanche qu\u2019il accepterait 2 000 enfants bless\u00e9s de Gaza. Parall\u00e8lement, en ce qui concerne les questions li\u00e9es au d\u00e9placement des Palestiniens vers l\u2019Egypte et la Jordanie, il a renvoy\u00e9 les journalistes \u00e0 la proposition sur laquelle travaille la Jordanie avec le reste des pays arabes concernant la reconstruction de Gaza et qui sera pr\u00e9sent\u00e9e ult\u00e9rieurement \u00e0 l\u2019administration am\u00e9ricaine. Trump a, quant \u00e0 lui, d\u00e9clar\u00e9, concernant l\u2019accueil des 2000 enfants de Gaza ayant besoin de soins: <em>\u00abC\u2019est vraiment un beau geste, c\u2019est tr\u00e8s bien et nous en sommes reconnaissants\u00bb<\/em>.<\/p>\n\n\n\n<p>Eli Stokols estime que la tactique du monarque jordanien dont le pays est le troisi\u00e8me plus grand b\u00e9n\u00e9ficiaire de l\u2019aide am\u00e9ricaine et qui s\u2019oppose obstin\u00e9ment \u00e0 devenir une patrie de substitution pour les Palestiniens d\u00e9plac\u00e9s a peut-\u00eatre r\u00e9ussi \u00e0 apaiser les tensions entre les deux alli\u00e9s et \u00e0 gagner du temps.<\/p>\n\n\n\n<figure class=\"wp-block-embed is-type-wp-embed is-provider-kapitalis wp-block-embed-kapitalis\"><div class=\"wp-block-embed__wrapper\">\n<blockquote class=\"wp-embedded-content\" data-secret=\"qXYVU15aur\"><a href=\"https:\/\/kapitalis.com\/tunisie\/2025\/02\/12\/joseph-pelzman-lhomme-derriere-le-plan-de-trump-pour-gaza\/\">Joseph Pelzman, l\u2019homme derri\u00e8re le plan de Trump pour Gaza<\/a><\/blockquote><iframe loading=\"lazy\" class=\"wp-embedded-content\" sandbox=\"allow-scripts\" security=\"restricted\" style=\"position: absolute; visibility: hidden;\" title=\"\u00ab\u00a0Joseph Pelzman, l\u2019homme derri\u00e8re le plan de Trump pour Gaza\u00a0\u00bb &#8212; Kapitalis\" src=\"https:\/\/kapitalis.com\/tunisie\/2025\/02\/12\/joseph-pelzman-lhomme-derriere-le-plan-de-trump-pour-gaza\/embed\/#?secret=UQNvrNrR7a#?secret=qXYVU15aur\" data-secret=\"qXYVU15aur\" width=\"600\" height=\"338\" frameborder=\"0\" marginwidth=\"0\" marginheight=\"0\" scrolling=\"no\"><\/iframe>\n<\/div><\/figure>\n\n\n\n<h2 class=\"wp-block-heading\">Attendre que l\u2019\u00c9gypte pr\u00e9sente son plan<\/h2>\n\n\n\n<p><em>Politico<\/em> estime qu\u2019il existe dans tous les pays arabes une large opposition au d\u00e9placement des Palestiniens mais l\u2019\u00c9gypte et d\u2019autres pays coordonnent une strat\u00e9gie r\u00e9gionale visant \u00e0 satisfaire le d\u00e9sir de Trump d\u2019imposer une solution \u00e0 la crise humanitaire \u00e0 Gaza d\u00e9vast\u00e9e par 15 mois de guerre avec Isra\u00ebl. Abdallah a tenu \u00e0 exprimer une volont\u00e9 plus large de travailler avec Trump, en sugg\u00e9rant que le pr\u00e9sident pourrait \u00eatre un homme historique et un artisan de la paix. <em>\u00abAvec tous les d\u00e9fis auxquels nous sommes confront\u00e9s au Moyen-Orient, je vois enfin quelqu\u2019un qui peut nous mener jusqu\u2019\u00e0 la ligne d\u2019arriv\u00e9e pour parvenir \u00e0 la stabilit\u00e9, \u00e0 la paix et \u00e0 la prosp\u00e9rit\u00e9 pour nous tous dans la r\u00e9gion\u00bb<\/em>, a- t-il d\u00e9clar\u00e9 assis \u00e0 c\u00f4t\u00e9 de Trump dans le bureau ovale et d\u2019ajouter: <em>\u00abIl est de notre responsabilit\u00e9 collective au Moyen-Orient de continuer \u00e0 travailler avec vous et \u00e0 vous soutenir pour atteindre ces nobles objectifs.\u00bb<\/em><\/p>\n\n\n\n<p>Toutefois, le roi Abdallah a refus\u00e9 de r\u00e9pondre lorsqu\u2019on lui a demand\u00e9 directement s\u2019il voulait que les \u00c9tats-Unis contr\u00f4lent la bande de Gaza indiquant qu\u2019il devait attendre que l\u2019\u00c9gypte pr\u00e9sente son plan.<\/p>\n\n\n\n<p>Lors de la partie publique de sa rencontre avec le roi Abdallah, Trump s\u2019en est tenu \u00e0 son id\u00e9e de d\u00e9placer deux millions de Palestiniens de Gaza et de transformer la zone en un projet immobilier pilot\u00e9 par les \u00c9tats-Unis bien qu\u2019il ait eu du mal \u00e0 expliquer comment l\u2019Am\u00e9rique contr\u00f4lerait la zone ou sous quelle autorit\u00e9, affirmant cat\u00e9goriquement et \u00e0 tort que personne ne remettra cela en question.<\/p>\n\n\n\n<p>Trump a \u00e9galement exprim\u00e9 son optimisme quant au fait que son plan que beaucoup dans la r\u00e9gion consid\u00e8rent comme un nettoyage ethnique apporterait la paix dans une r\u00e9gion longtemps en proie \u00e0 la guerre.<\/p>\n\n\n\n<p><em>\u00abCela fonctionnera\u00bb<\/em>, a-t-il lanc\u00e9, promettant que les Palestiniens <em>\u00abvivraient magnifiquement ailleurs\u00bb<\/em>.<\/p>\n\n\n\n<p>Le plus important pour le souverain jordanien est que Trump a renonc\u00e9 la veille \u00e0 sa menace de suspendre l\u2019aide. <em>\u00abNous donnons d\u2019ailleurs beaucoup d\u2019argent \u00e0 la Jordanie et \u00e0 l\u2019\u00c9gypte. C\u2019est beaucoup pour eux deux mais je n\u2019ai pas besoin de menacer, je pense que nous sommes au-dessus de \u00e7a\u00bb<\/em>, a d\u00e9clar\u00e9 le pr\u00e9sident am\u00e9ricain, sans vraiment rassurer d\u00e9finitivement son h\u00f4te \u00e0 propos de ce sujet.<\/p>\n\n\n\n<figure class=\"wp-block-embed is-type-wp-embed is-provider-kapitalis wp-block-embed-kapitalis\"><div class=\"wp-block-embed__wrapper\">\n<blockquote class=\"wp-embedded-content\" data-secret=\"k7kW7Y2ji0\"><a href=\"https:\/\/kapitalis.com\/tunisie\/2025\/02\/07\/la-folie-furieuse-de-donald-trump-plane-sur-le-moyen-orient\/\">La folie furieuse de Donald Trump plane sur le Moyen-Orient<\/a><\/blockquote><iframe loading=\"lazy\" class=\"wp-embedded-content\" sandbox=\"allow-scripts\" security=\"restricted\" style=\"position: absolute; visibility: hidden;\" title=\"\u00ab\u00a0La folie furieuse de Donald Trump plane sur le Moyen-Orient\u00a0\u00bb &#8212; Kapitalis\" src=\"https:\/\/kapitalis.com\/tunisie\/2025\/02\/07\/la-folie-furieuse-de-donald-trump-plane-sur-le-moyen-orient\/embed\/#?secret=LaUPc0NRfy#?secret=k7kW7Y2ji0\" data-secret=\"k7kW7Y2ji0\" width=\"600\" height=\"338\" frameborder=\"0\" marginwidth=\"0\" marginheight=\"0\" scrolling=\"no\"><\/iframe>\n<\/div><\/figure>\n\n\n\n<h2 class=\"wp-block-heading\">La position agressive de Trump <\/h2>\n\n\n\n<p>En m\u00eame temps, Trump n\u2019a pas renonc\u00e9 \u00e0 sa position plus agressive envers le Hamas qu\u2019il a menac\u00e9 de l\u2019enfer s\u2019il ne restituait pas neuf d\u00e9tenus suppl\u00e9mentaires d\u2019ici samedi comme promis. Cet ultimatum et la rh\u00e9torique mena\u00e7ante de Trump pourraient aider Isra\u00ebl \u00e0 cr\u00e9er un pr\u00e9texte pour mettre fin au tr\u00e8s fragile cessez-le-feu avec le Hamas.<\/p>\n\n\n\n<p>Malgr\u00e9 la diplomatie prudente et subtile du souverain jordanien \u00e0 la Maison Blanche, l\u2019engagement ind\u00e9fectible de Trump envers un plan que les critiques ont d\u00e9crit comme trompeur et irr\u00e9aliste menace la stabilit\u00e9 g\u00e9n\u00e9rale du Moyen-Orient et met un certain nombre d\u2019alli\u00e9s arabes dans une position difficile. La Jordanie, par exemple, a connu des troubles dans le pass\u00e9 et alors que Trump a longuement parl\u00e9 de sa vision du Moyen-Orient, Abdallah II n\u2019a montr\u00e9 aucune r\u00e9action \u00e0 la presse pr\u00e9sente dans la salle.&nbsp;<\/p>\n\n\n\n<p>Marwan Muasher, ancien ministre jordanien des Affaires \u00e9trang\u00e8res qui a particip\u00e9 aux n\u00e9gociations du trait\u00e9 de paix jordano-isra\u00e9lien de 1994, a d\u00e9clar\u00e9 la semaine derni\u00e8re qu\u2019accepter un grand nombre de Palestiniens \u00e9tait inacceptable pour son pays et constituerait une menace existentielle. <em>\u00abCe n\u2019est pas une question \u00e9conomique ou de s\u00e9curit\u00e9 pour la Jordanie, c\u2019est une question d\u2019identit\u00e9\u00bb<\/em>, a d\u00e9clar\u00e9 Muasher.<\/p>\n\n\n\n<p>De nombreux Jordaniens sensibles au sort des Gazaouis craignent qu\u2019accepter le plan de Trump \u00e9quivaudrait \u00e0 abandonner la cr\u00e9ation d\u2019un \u00c9tat palestinien et \u00e0 renier aux Palestiniens leur droit au retour sur la terre qu\u2019ils ont fuie en 1948 et 1967. Ces questions sont au c\u0153ur d\u2019un projet de loi soumis au parlement jordanien la semaine derni\u00e8re visant \u00e0 interdire le transfert des Palestiniens dans le royaume. Ce projet de loi qui b\u00e9n\u00e9ficiera d\u2019un examen prioritaire affirme dans le texte le rejet officiel et populaire de la Jordanie de tout plan visant \u00e0 d\u00e9placer les Palestiniens vers la Jordanie comme patrie de substitution. Le projet de loi stipule explicitement que la Jordanie est aux Jordaniens et la Palestine est aux Palestiniens.&nbsp;&nbsp;<\/p>\n\n\n\n<p>Les analystes ont \u00e9mis l\u2019hypoth\u00e8se que le roi Abdallah aurait averti Trump de l\u2019impact de ses plans sur la r\u00e9gion et sa stabilit\u00e9 mais le pr\u00e9sident am\u00e9ricain depuis son entr\u00e9e en fonction le mois dernier n\u2019a montr\u00e9 aucune r\u00e9serve dans la pression qu\u2019il exerce sur ses alli\u00e9s afin qu\u2019ils acceptent ses conditions. Interrog\u00e9 dans le Bureau ovale sur l\u2019autorit\u00e9 l\u00e9gale sur laquelle les \u00c9tats-Unis peuvent se baser pour prendre le contr\u00f4le de Gaza,&nbsp;le pr\u00e9sident a r\u00e9pondu du tac au tac: <em>\u00abL\u2019autorit\u00e9 am\u00e9ricaine\u00bb<\/em>.<\/p>\n\n\n\n<p>Apr\u00e8s la fin de l\u2019entretien, le Premier ministre jordanien Jaafar Hassan est intervenu sur CNN et a expliqu\u00e9 que la Jordanie o\u00f9 les r\u00e9fugi\u00e9s palestiniens repr\u00e9sentent d\u00e9j\u00e0 35% de la population, ne peut se permettre d\u2019en accueillir plus. Il a \u00e9galement d\u00e9clar\u00e9: <em>\u00abOn ne peut pas reconstruire Gaza sans les Gazaouis. Nous sommes pour une paix durable, il faut une solution \u00e0 deux Etats avec les Palestiniens qui restent chez eux\u00bb<\/em>.&nbsp;<\/p>\n\n\n\n<p>Au lendemain de la rencontre, mercredi 12 f\u00e9vrier 2025, la porte-parole de la Maison-Blanche Karoline Leavitt a relay\u00e9 lors de son point de presse que lors de son entretien avec le pr\u00e9sident Trump, le roi de Jordanie a indiqu\u00e9 qu\u2019il souhaitait que les Palestiniens restent \u00e0 Gaza et \u00e0 \u0153uvrer \u00e0 y mettre en \u0153uvre des projets de d\u00e9veloppement.<\/p>\n\n\n\n<figure class=\"wp-block-embed is-type-wp-embed is-provider-kapitalis wp-block-embed-kapitalis\"><div class=\"wp-block-embed__wrapper\">\n<blockquote class=\"wp-embedded-content\" data-secret=\"k7kW7Y2ji0\"><a href=\"https:\/\/kapitalis.com\/tunisie\/2025\/02\/07\/la-folie-furieuse-de-donald-trump-plane-sur-le-moyen-orient\/\">La folie furieuse de Donald Trump plane sur le Moyen-Orient<\/a><\/blockquote><iframe loading=\"lazy\" class=\"wp-embedded-content\" sandbox=\"allow-scripts\" security=\"restricted\" style=\"position: absolute; visibility: hidden;\" title=\"\u00ab\u00a0La folie furieuse de Donald Trump plane sur le Moyen-Orient\u00a0\u00bb &#8212; Kapitalis\" src=\"https:\/\/kapitalis.com\/tunisie\/2025\/02\/07\/la-folie-furieuse-de-donald-trump-plane-sur-le-moyen-orient\/embed\/#?secret=LaUPc0NRfy#?secret=k7kW7Y2ji0\" data-secret=\"k7kW7Y2ji0\" width=\"600\" height=\"338\" frameborder=\"0\" marginwidth=\"0\" marginheight=\"0\" scrolling=\"no\"><\/iframe>\n<\/div><\/figure>\n","protected":false},"excerpt":{"rendered":"<p>Abdallah de Jordanie \u00e0 \u00e9t\u00e9 confront\u00e9 \u00e0 un exercice diplomatique compliqu\u00e9 face \u00e0 Donald Trump, mardi 11 f\u00e9vrier 2025, \u00e0 la Maison-Blanche.<\/p>\n","protected":false},"author":8,"featured_media":15528224,"comment_status":"open","ping_status":"open","sticky":false,"template":"","format":"standard","meta":{"footnotes":""},"categories":[992,997,2433],"tags":[120740,86634,9054,2444,26195,2478,114119,2739],"class_list":["post-15528126","post","type-post","status-publish","format-standard","has-post-thumbnail","hentry","category-a-la-une","category-politique","category-tunisie","tag-abdallah-de-jordanie","tag-accords-dabraham","tag-donald-trump","tag-gaza","tag-hamas","tag-israel","tag-marwan-muasher","tag-palestiniens"],"yoast_head":"<!-- This site is optimized with the Yoast SEO plugin v26.6 - https:\/\/yoast.com\/wordpress\/plugins\/seo\/ -->\n<title>Abdallah de Jordanie \u00e9vite la confrontation avec Trump mais ne plie pas - Kapitalis<\/title>\n<meta name=\"robots\" content=\"index, follow, max-snippet:-1, max-image-preview:large, max-video-preview:-1\" \/>\n<link rel=\"canonical\" href=\"https:\/\/kapitalis.com\/tunisie\/2025\/02\/13\/abdallah-de-jordanie-evite-la-confrontation-avec-trump-mais-ne-plie-pas\/\" \/>\n<meta property=\"og:locale\" content=\"fr_FR\" \/>\n<meta property=\"og:type\" content=\"article\" \/>\n<meta property=\"og:title\" content=\"Abdallah de Jordanie \u00e9vite la confrontation avec Trump mais ne plie pas - Kapitalis\" \/>\n<meta property=\"og:description\" content=\"Abdallah de Jordanie \u00e0 \u00e9t\u00e9 confront\u00e9 \u00e0 un exercice diplomatique compliqu\u00e9 face \u00e0 Donald Trump, mardi 11 f\u00e9vrier 2025, \u00e0 la Maison-Blanche.\" \/>\n<meta property=\"og:url\" content=\"https:\/\/kapitalis.com\/tunisie\/2025\/02\/13\/abdallah-de-jordanie-evite-la-confrontation-avec-trump-mais-ne-plie-pas\/\" \/>\n<meta property=\"og:site_name\" content=\"Kapitalis\" \/>\n<meta property=\"article:publisher\" content=\"https:\/\/www.facebook.com\/KapitalisInfo\/\" \/>\n<meta property=\"article:published_time\" content=\"2025-02-13T07:05:02+00:00\" \/>\n<meta property=\"article:modified_time\" content=\"2025-02-13T07:05:04+00:00\" \/>\n<meta property=\"og:image\" content=\"https:\/\/kapitalis.com\/tunisie\/wp-content\/uploads\/2025\/02\/Abdallah-de-Jordanie-Donald-Trump.jpg\" \/>\n\t<meta property=\"og:image:width\" content=\"1200\" \/>\n\t<meta property=\"og:image:height\" content=\"630\" \/>\n\t<meta property=\"og:image:type\" content=\"image\/jpeg\" \/>\n<meta name=\"author\" content=\"webmaster kapitalis\" \/>\n<meta name=\"twitter:card\" content=\"summary_large_image\" \/>\n<meta name=\"twitter:creator\" content=\"@KapitalisInfo\" \/>\n<meta name=\"twitter:site\" content=\"@KapitalisInfo\" \/>\n<meta name=\"twitter:label1\" content=\"\u00c9crit par\" \/>\n\t<meta name=\"twitter:data1\" content=\"webmaster kapitalis\" \/>\n\t<meta name=\"twitter:label2\" content=\"Dur\u00e9e de lecture estim\u00e9e\" \/>\n\t<meta name=\"twitter:data2\" content=\"7 minutes\" \/>\n<script type=\"application\/ld+json\" class=\"yoast-schema-graph\">{\"@context\":\"https:\/\/schema.org\",\"@graph\":[{\"@type\":\"Article\",\"@id\":\"https:\/\/kapitalis.com\/tunisie\/2025\/02\/13\/abdallah-de-jordanie-evite-la-confrontation-avec-trump-mais-ne-plie-pas\/#article\",\"isPartOf\":{\"@id\":\"https:\/\/kapitalis.com\/tunisie\/2025\/02\/13\/abdallah-de-jordanie-evite-la-confrontation-avec-trump-mais-ne-plie-pas\/\"},\"author\":{\"name\":\"webmaster kapitalis\",\"@id\":\"https:\/\/kapitalis.com\/tunisie\/#\/schema\/person\/d71f33a9ca44f7bad4698210b480c8e9\"},\"headline\":\"Abdallah de Jordanie \u00e9vite la confrontation avec Trump mais ne plie pas\",\"datePublished\":\"2025-02-13T07:05:02+00:00\",\"dateModified\":\"2025-02-13T07:05:04+00:00\",\"mainEntityOfPage\":{\"@id\":\"https:\/\/kapitalis.com\/tunisie\/2025\/02\/13\/abdallah-de-jordanie-evite-la-confrontation-avec-trump-mais-ne-plie-pas\/\"},\"wordCount\":1475,\"commentCount\":0,\"publisher\":{\"@id\":\"https:\/\/kapitalis.com\/tunisie\/#organization\"},\"image\":{\"@id\":\"https:\/\/kapitalis.com\/tunisie\/2025\/02\/13\/abdallah-de-jordanie-evite-la-confrontation-avec-trump-mais-ne-plie-pas\/#primaryimage\"},\"thumbnailUrl\":\"https:\/\/kapitalis.com\/tunisie\/wp-content\/uploads\/2025\/02\/Abdallah-de-Jordanie-Donald-Trump.jpg\",\"keywords\":[\"Abdallah de Jordanie\",\"accords d\u2019Abraham\",\"Donald Trump\",\"Gaza\",\"Hamas\",\"Isra\u00ebl\",\"Marwan Muasher\",\"Palestiniens\"],\"articleSection\":[\"A LA UNE\",\"POLITIQUE\",\"Tunisie\"],\"inLanguage\":\"fr-FR\",\"potentialAction\":[{\"@type\":\"CommentAction\",\"name\":\"Comment\",\"target\":[\"https:\/\/kapitalis.com\/tunisie\/2025\/02\/13\/abdallah-de-jordanie-evite-la-confrontation-avec-trump-mais-ne-plie-pas\/#respond\"]}]},{\"@type\":\"WebPage\",\"@id\":\"https:\/\/kapitalis.com\/tunisie\/2025\/02\/13\/abdallah-de-jordanie-evite-la-confrontation-avec-trump-mais-ne-plie-pas\/\",\"url\":\"https:\/\/kapitalis.com\/tunisie\/2025\/02\/13\/abdallah-de-jordanie-evite-la-confrontation-avec-trump-mais-ne-plie-pas\/\",\"name\":\"Abdallah de Jordanie \u00e9vite la confrontation avec Trump mais ne plie pas - Kapitalis\",\"isPartOf\":{\"@id\":\"https:\/\/kapitalis.com\/tunisie\/#website\"},\"primaryImageOfPage\":{\"@id\":\"https:\/\/kapitalis.com\/tunisie\/2025\/02\/13\/abdallah-de-jordanie-evite-la-confrontation-avec-trump-mais-ne-plie-pas\/#primaryimage\"},\"image\":{\"@id\":\"https:\/\/kapitalis.com\/tunisie\/2025\/02\/13\/abdallah-de-jordanie-evite-la-confrontation-avec-trump-mais-ne-plie-pas\/#primaryimage\"},\"thumbnailUrl\":\"https:\/\/kapitalis.com\/tunisie\/wp-content\/uploads\/2025\/02\/Abdallah-de-Jordanie-Donald-Trump.jpg\",\"datePublished\":\"2025-02-13T07:05:02+00:00\",\"dateModified\":\"2025-02-13T07:05:04+00:00\",\"breadcrumb\":{\"@id\":\"https:\/\/kapitalis.com\/tunisie\/2025\/02\/13\/abdallah-de-jordanie-evite-la-confrontation-avec-trump-mais-ne-plie-pas\/#breadcrumb\"},\"inLanguage\":\"fr-FR\",\"potentialAction\":[{\"@type\":\"ReadAction\",\"target\":[\"https:\/\/kapitalis.com\/tunisie\/2025\/02\/13\/abdallah-de-jordanie-evite-la-confrontation-avec-trump-mais-ne-plie-pas\/\"]}]},{\"@type\":\"ImageObject\",\"inLanguage\":\"fr-FR\",\"@id\":\"https:\/\/kapitalis.com\/tunisie\/2025\/02\/13\/abdallah-de-jordanie-evite-la-confrontation-avec-trump-mais-ne-plie-pas\/#primaryimage\",\"url\":\"https:\/\/kapitalis.com\/tunisie\/wp-content\/uploads\/2025\/02\/Abdallah-de-Jordanie-Donald-Trump.jpg\",\"contentUrl\":\"https:\/\/kapitalis.com\/tunisie\/wp-content\/uploads\/2025\/02\/Abdallah-de-Jordanie-Donald-Trump.jpg\",\"width\":1200,\"height\":630},{\"@type\":\"BreadcrumbList\",\"@id\":\"https:\/\/kapitalis.com\/tunisie\/2025\/02\/13\/abdallah-de-jordanie-evite-la-confrontation-avec-trump-mais-ne-plie-pas\/#breadcrumb\",\"itemListElement\":[{\"@type\":\"ListItem\",\"position\":1,\"name\":\"Accueil\",\"item\":\"https:\/\/kapitalis.com\/tunisie\/\"},{\"@type\":\"ListItem\",\"position\":2,\"name\":\"Abdallah de Jordanie \u00e9vite la confrontation avec Trump mais ne plie pas\"}]},{\"@type\":\"WebSite\",\"@id\":\"https:\/\/kapitalis.com\/tunisie\/#website\",\"url\":\"https:\/\/kapitalis.com\/tunisie\/\",\"name\":\"Kapitalis\",\"description\":\"L&#039;actualit\u00e9 en Tunisie et dans le monde\",\"publisher\":{\"@id\":\"https:\/\/kapitalis.com\/tunisie\/#organization\"},\"potentialAction\":[{\"@type\":\"SearchAction\",\"target\":{\"@type\":\"EntryPoint\",\"urlTemplate\":\"https:\/\/kapitalis.com\/tunisie\/?s={search_term_string}\"},\"query-input\":{\"@type\":\"PropertyValueSpecification\",\"valueRequired\":true,\"valueName\":\"search_term_string\"}}],\"inLanguage\":\"fr-FR\"},{\"@type\":\"Organization\",\"@id\":\"https:\/\/kapitalis.com\/tunisie\/#organization\",\"name\":\"Kapitalis\",\"url\":\"https:\/\/kapitalis.com\/tunisie\/\",\"logo\":{\"@type\":\"ImageObject\",\"inLanguage\":\"fr-FR\",\"@id\":\"https:\/\/kapitalis.com\/tunisie\/#\/schema\/logo\/image\/\",\"url\":\"https:\/\/kapitalis.com\/tunisie\/wp-content\/uploads\/2022\/05\/Kapitalis-big-size.png\",\"contentUrl\":\"https:\/\/kapitalis.com\/tunisie\/wp-content\/uploads\/2022\/05\/Kapitalis-big-size.png\",\"width\":5000,\"height\":1500,\"caption\":\"Kapitalis\"},\"image\":{\"@id\":\"https:\/\/kapitalis.com\/tunisie\/#\/schema\/logo\/image\/\"},\"sameAs\":[\"https:\/\/www.facebook.com\/KapitalisInfo\/\",\"https:\/\/x.com\/KapitalisInfo\",\"https:\/\/www.youtube.com\/channel\/UC-yDYrHyfFBWWZaOw3FPg9Q\"]},{\"@type\":\"Person\",\"@id\":\"https:\/\/kapitalis.com\/tunisie\/#\/schema\/person\/d71f33a9ca44f7bad4698210b480c8e9\",\"name\":\"webmaster kapitalis\",\"url\":\"https:\/\/kapitalis.com\/tunisie\/author\/webmaster-kapitalis\/\"}]}<\/script>\n<!-- \/ Yoast SEO plugin. -->","yoast_head_json":{"title":"Abdallah de Jordanie \u00e9vite la confrontation avec Trump mais ne plie pas - Kapitalis","robots":{"index":"index","follow":"follow","max-snippet":"max-snippet:-1","max-image-preview":"max-image-preview:large","max-video-preview":"max-video-preview:-1"},"canonical":"https:\/\/kapitalis.com\/tunisie\/2025\/02\/13\/abdallah-de-jordanie-evite-la-confrontation-avec-trump-mais-ne-plie-pas\/","og_locale":"fr_FR","og_type":"article","og_title":"Abdallah de Jordanie \u00e9vite la confrontation avec Trump mais ne plie pas - Kapitalis","og_description":"Abdallah de Jordanie \u00e0 \u00e9t\u00e9 confront\u00e9 \u00e0 un exercice diplomatique compliqu\u00e9 face \u00e0 Donald Trump, mardi 11 f\u00e9vrier 2025, \u00e0 la Maison-Blanche.","og_url":"https:\/\/kapitalis.com\/tunisie\/2025\/02\/13\/abdallah-de-jordanie-evite-la-confrontation-avec-trump-mais-ne-plie-pas\/","og_site_name":"Kapitalis","article_publisher":"https:\/\/www.facebook.com\/KapitalisInfo\/","article_published_time":"2025-02-13T07:05:02+00:00","article_modified_time":"2025-02-13T07:05:04+00:00","og_image":[{"width":1200,"height":630,"url":"https:\/\/kapitalis.com\/tunisie\/wp-content\/uploads\/2025\/02\/Abdallah-de-Jordanie-Donald-Trump.jpg","type":"image\/jpeg"}],"author":"webmaster kapitalis","twitter_card":"summary_large_image","twitter_creator":"@KapitalisInfo","twitter_site":"@KapitalisInfo","twitter_misc":{"\u00c9crit par":"webmaster kapitalis","Dur\u00e9e de lecture estim\u00e9e":"7 minutes"},"schema":{"@context":"https:\/\/schema.org","@graph":[{"@type":"Article","@id":"https:\/\/kapitalis.com\/tunisie\/2025\/02\/13\/abdallah-de-jordanie-evite-la-confrontation-avec-trump-mais-ne-plie-pas\/#article","isPartOf":{"@id":"https:\/\/kapitalis.com\/tunisie\/2025\/02\/13\/abdallah-de-jordanie-evite-la-confrontation-avec-trump-mais-ne-plie-pas\/"},"author":{"name":"webmaster kapitalis","@id":"https:\/\/kapitalis.com\/tunisie\/#\/schema\/person\/d71f33a9ca44f7bad4698210b480c8e9"},"headline":"Abdallah de Jordanie \u00e9vite la confrontation avec Trump mais ne plie pas","datePublished":"2025-02-13T07:05:02+00:00","dateModified":"2025-02-13T07:05:04+00:00","mainEntityOfPage":{"@id":"https:\/\/kapitalis.com\/tunisie\/2025\/02\/13\/abdallah-de-jordanie-evite-la-confrontation-avec-trump-mais-ne-plie-pas\/"},"wordCount":1475,"commentCount":0,"publisher":{"@id":"https:\/\/kapitalis.com\/tunisie\/#organization"},"image":{"@id":"https:\/\/kapitalis.com\/tunisie\/2025\/02\/13\/abdallah-de-jordanie-evite-la-confrontation-avec-trump-mais-ne-plie-pas\/#primaryimage"},"thumbnailUrl":"https:\/\/kapitalis.com\/tunisie\/wp-content\/uploads\/2025\/02\/Abdallah-de-Jordanie-Donald-Trump.jpg","keywords":["Abdallah de Jordanie","accords d\u2019Abraham","Donald Trump","Gaza","Hamas","Isra\u00ebl","Marwan Muasher","Palestiniens"],"articleSection":["A LA UNE","POLITIQUE","Tunisie"],"inLanguage":"fr-FR","potentialAction":[{"@type":"CommentAction","name":"Comment","target":["https:\/\/kapitalis.com\/tunisie\/2025\/02\/13\/abdallah-de-jordanie-evite-la-confrontation-avec-trump-mais-ne-plie-pas\/#respond"]}]},{"@type":"WebPage","@id":"https:\/\/kapitalis.com\/tunisie\/2025\/02\/13\/abdallah-de-jordanie-evite-la-confrontation-avec-trump-mais-ne-plie-pas\/","url":"https:\/\/kapitalis.com\/tunisie\/2025\/02\/13\/abdallah-de-jordanie-evite-la-confrontation-avec-trump-mais-ne-plie-pas\/","name":"Abdallah de Jordanie \u00e9vite la confrontation avec Trump mais ne plie pas - Kapitalis","isPartOf":{"@id":"https:\/\/kapitalis.com\/tunisie\/#website"},"primaryImageOfPage":{"@id":"https:\/\/kapitalis.com\/tunisie\/2025\/02\/13\/abdallah-de-jordanie-evite-la-confrontation-avec-trump-mais-ne-plie-pas\/#primaryimage"},"image":{"@id":"https:\/\/kapitalis.com\/tunisie\/2025\/02\/13\/abdallah-de-jordanie-evite-la-confrontation-avec-trump-mais-ne-plie-pas\/#primaryimage"},"thumbnailUrl":"https:\/\/kapitalis.com\/tunisie\/wp-content\/uploads\/2025\/02\/Abdallah-de-Jordanie-Donald-Trump.jpg","datePublished":"2025-02-13T07:05:02+00:00","dateModified":"2025-02-13T07:05:04+00:00","breadcrumb":{"@id":"https:\/\/kapitalis.com\/tunisie\/2025\/02\/13\/abdallah-de-jordanie-evite-la-confrontation-avec-trump-mais-ne-plie-pas\/#breadcrumb"},"inLanguage":"fr-FR","potentialAction":[{"@type":"ReadAction","target":["https:\/\/kapitalis.com\/tunisie\/2025\/02\/13\/abdallah-de-jordanie-evite-la-confrontation-avec-trump-mais-ne-plie-pas\/"]}]},{"@type":"ImageObject","inLanguage":"fr-FR","@id":"https:\/\/kapitalis.com\/tunisie\/2025\/02\/13\/abdallah-de-jordanie-evite-la-confrontation-avec-trump-mais-ne-plie-pas\/#primaryimage","url":"https:\/\/kapitalis.com\/tunisie\/wp-content\/uploads\/2025\/02\/Abdallah-de-Jordanie-Donald-Trump.jpg","contentUrl":"https:\/\/kapitalis.com\/tunisie\/wp-content\/uploads\/2025\/02\/Abdallah-de-Jordanie-Donald-Trump.jpg","width":1200,"height":630},{"@type":"BreadcrumbList","@id":"https:\/\/kapitalis.com\/tunisie\/2025\/02\/13\/abdallah-de-jordanie-evite-la-confrontation-avec-trump-mais-ne-plie-pas\/#breadcrumb","itemListElement":[{"@type":"ListItem","position":1,"name":"Accueil","item":"https:\/\/kapitalis.com\/tunisie\/"},{"@type":"ListItem","position":2,"name":"Abdallah de Jordanie \u00e9vite la confrontation avec Trump mais ne plie pas"}]},{"@type":"WebSite","@id":"https:\/\/kapitalis.com\/tunisie\/#website","url":"https:\/\/kapitalis.com\/tunisie\/","name":"Kapitalis","description":"L&#039;actualit\u00e9 en Tunisie et dans le monde","publisher":{"@id":"https:\/\/kapitalis.com\/tunisie\/#organization"},"potentialAction":[{"@type":"SearchAction","target":{"@type":"EntryPoint","urlTemplate":"https:\/\/kapitalis.com\/tunisie\/?s={search_term_string}"},"query-input":{"@type":"PropertyValueSpecification","valueRequired":true,"valueName":"search_term_string"}}],"inLanguage":"fr-FR"},{"@type":"Organization","@id":"https:\/\/kapitalis.com\/tunisie\/#organization","name":"Kapitalis","url":"https:\/\/kapitalis.com\/tunisie\/","logo":{"@type":"ImageObject","inLanguage":"fr-FR","@id":"https:\/\/kapitalis.com\/tunisie\/#\/schema\/logo\/image\/","url":"https:\/\/kapitalis.com\/tunisie\/wp-content\/uploads\/2022\/05\/Kapitalis-big-size.png","contentUrl":"https:\/\/kapitalis.com\/tunisie\/wp-content\/uploads\/2022\/05\/Kapitalis-big-size.png","width":5000,"height":1500,"caption":"Kapitalis"},"image":{"@id":"https:\/\/kapitalis.com\/tunisie\/#\/schema\/logo\/image\/"},"sameAs":["https:\/\/www.facebook.com\/KapitalisInfo\/","https:\/\/x.com\/KapitalisInfo","https:\/\/www.youtube.com\/channel\/UC-yDYrHyfFBWWZaOw3FPg9Q"]},{"@type":"Person","@id":"https:\/\/kapitalis.com\/tunisie\/#\/schema\/person\/d71f33a9ca44f7bad4698210b480c8e9","name":"webmaster kapitalis","url":"https:\/\/kapitalis.com\/tunisie\/author\/webmaster-kapitalis\/"}]}},"_links":{"self":[{"href":"https:\/\/kapitalis.com\/tunisie\/wp-json\/wp\/v2\/posts\/15528126","targetHints":{"allow":["GET"]}}],"collection":[{"href":"https:\/\/kapitalis.com\/tunisie\/wp-json\/wp\/v2\/posts"}],"about":[{"href":"https:\/\/kapitalis.com\/tunisie\/wp-json\/wp\/v2\/types\/post"}],"author":[{"embeddable":true,"href":"https:\/\/kapitalis.com\/tunisie\/wp-json\/wp\/v2\/users\/8"}],"replies":[{"embeddable":true,"href":"https:\/\/kapitalis.com\/tunisie\/wp-json\/wp\/v2\/comments?post=15528126"}],"version-history":[{"count":1,"href":"https:\/\/kapitalis.com\/tunisie\/wp-json\/wp\/v2\/posts\/15528126\/revisions"}],"predecessor-version":[{"id":15528280,"href":"https:\/\/kapitalis.com\/tunisie\/wp-json\/wp\/v2\/posts\/15528126\/revisions\/15528280"}],"wp:featuredmedia":[{"embeddable":true,"href":"https:\/\/kapitalis.com\/tunisie\/wp-json\/wp\/v2\/media\/15528224"}],"wp:attachment":[{"href":"https:\/\/kapitalis.com\/tunisie\/wp-json\/wp\/v2\/media?parent=15528126"}],"wp:term":[{"taxonomy":"category","embeddable":true,"href":"https:\/\/kapitalis.com\/tunisie\/wp-json\/wp\/v2\/categories?post=15528126"},{"taxonomy":"post_tag","embeddable":true,"href":"https:\/\/kapitalis.com\/tunisie\/wp-json\/wp\/v2\/tags?post=15528126"}],"curies":[{"name":"wp","href":"https:\/\/api.w.org\/{rel}","templated":true}]}}