{"id":15531129,"date":"2025-02-13T11:08:48","date_gmt":"2025-02-13T10:08:48","guid":{"rendered":"https:\/\/kapitalis.com\/tunisie\/?p=15531129"},"modified":"2025-02-13T11:15:14","modified_gmt":"2025-02-13T10:15:14","slug":"tunisie-le-deficit-commercial-a-triple-en-un-an","status":"publish","type":"post","link":"https:\/\/kapitalis.com\/tunisie\/2025\/02\/13\/tunisie-le-deficit-commercial-a-triple-en-un-an\/","title":{"rendered":"Tunisie\u00a0: le d\u00e9ficit commercial a tripl\u00e9 en un an"},"content":{"rendered":"\n<p><strong><em>Le d\u00e9ficit commercial de la Tunisie a tripl\u00e9 en janvier 2025, pour s\u2019\u00e9tablir \u00e0 un niveau de -1 765,5 millions de dinars (MD), contre -577,6 MD durant la m\u00eame p\u00e9riode de 2024, r\u00e9v\u00e8le, mercredi 12 f\u00e9vrier 2025, l\u2019Institut national de la statistique (INS) dans une note consacr\u00e9e au commerce ext\u00e9rieur aux prix courants au titre de janvier 2025.<\/em><\/strong> <strong><em>Au moment o\u00f9 les d\u00e9penses de l&rsquo;Etat augmentent et que ses recettes stagnent, cette \u00e9volution a de quoi inqui\u00e9ter les autorit\u00e9s financi\u00e8res qui n&rsquo;ont de cesse de maintenir les taux d&rsquo;int\u00e9r\u00eat \u00e0 des niveaux \u00e9lev\u00e9s sans parvenir pour autant \u00e0 juguler l&rsquo;inflation. Y a-t-il quelqu&rsquo;un \u00e0 bord pour voir les voyants rouges clignoter ?<\/em><\/strong>   <\/p>\n\n\n\n<!--more-->\n\n\n\n<p>Hors \u00e9nergie, le d\u00e9ficit de la balance commerciale s\u2019est r\u00e9duit \u00e0 -687 MD, tandis que le d\u00e9ficit de la balance \u00e9nerg\u00e9tique s\u2019est \u00e9tabli \u00e0 -1 078,4 MD, contre -683,6 MD en janvier 2024, indique l\u2019INS, qui explique ce d\u00e9ficit par, principalement, le d\u00e9ficit enregistr\u00e9 avec certains pays, tels que la Chine (- 971,2 MD), la Russie (-647,1 MD), l\u2019Alg\u00e9rie (-281,6 MD), la Turquie (-220,8 MD), la Gr\u00e8ce (-197,6 MD) et l\u2019Inde (-103,6 MD).<\/p>\n\n\n\n<p>D\u2019autre part, le solde de la balance commerciale des biens a enregistr\u00e9 un exc\u00e9dent avec d\u2019autres pays, principalement la France (361,7 MD), l\u2019Allemagne (276,6 MD), l\u2019Italie (268 MD), la Libye (180,5 MD) et le Maroc (79,4 MD).<\/p>\n\n\n\n<p>Pour ce qui est du taux de couverture, il s\u2019est d\u00e9t\u00e9rior\u00e9 s\u2019\u00e9tablissant \u00e0 un niveau de 74% contre 89,9% en janvier 2024.<\/p>\n\n\n\n<p>Les r\u00e9sultats des \u00e9changes commerciaux de la Tunisie avec l\u2019ext\u00e9rieur aux prix courants durant le mois de janvier 2025 montrent que les exportations ont baiss\u00e9 atteignant 5 025,8 MD, contre 5 148,5 MD en janvier 2024. Quant aux importations, elles ont augment\u00e9 s\u2019\u00e9levant \u00e0 6 791,3 MD contre 5 726,1 MD en janvier 2024.<\/p>\n\n\n\n<p>D\u2019apr\u00e8s l\u2019INS, la r\u00e9gression des exportations r\u00e9sulte principalement, de la baisse des exportations du secteur de l\u2019\u00e9nergie de &#8211; 52,8% sous l\u2019effet de la diminution des ventes des produits raffin\u00e9s (28,5 MD contre 191,5 MD), ainsi que du secteur des industries agro-alimentaires de -9,7% \u00e0 la suite de la baisse des ventes de l\u2019huile d\u2019olive (518,4 MD contre 607,8 MD).<\/p>\n\n\n\n<p>D\u2019autre part, les exportations ont enregistr\u00e9 une hausse au niveau du secteur des mines, phosphates et d\u00e9riv\u00e9s de +20,5% et du secteur textile, habillement et cuir de +2,5%.<\/p>\n\n\n\n<h2 class=\"wp-block-heading\">Baisse des exportations vers l\u2019UE, principal client <\/h2>\n\n\n\n<p>Les exportations tunisiennes vers l\u2019Union europ\u00e9enne (67,9% du total) ont diminu\u00e9 de -9,8%. Cette r\u00e9gression est expliqu\u00e9e d\u2019une part, par la baisse des exportations vers certains partenaires, tels que la France (-6,2%), l\u2019Italie (-7,5%) et l\u2019Espagne (-59%), malgr\u00e9 la hausse observ\u00e9e avec l\u2019Allemagne (+13%) et les Pays Bas (+18,8%).<\/p>\n\n\n\n<p>Vers les pays arabes, les exportations ont augment\u00e9 avec la Libye (+62,3%), le Maroc (+58,9%), l\u2019Alg\u00e9rie (+0,8%) et avec l\u2019\u00c9gypte (+176,5%).<\/p>\n\n\n\n<p>Pour ce qui est de la hausse des importations, elle provient de l\u2019augmentation enregistr\u00e9e au niveau des produits \u00e9nerg\u00e9tiques de +24% suite \u00e0 la progression des achats des produits raffin\u00e9s (1 219,2 MD contre 623,2 MD).<\/p>\n\n\n\n<p>De m\u00eame, les importations sont en hausse pour les biens d\u2019\u00e9quipement (+14,1%), les mati\u00e8res premi\u00e8res et demi-produits (+13,2%), les biens de consommation (+18,5%) et les produits alimentaires (+37,9%).<\/p>\n\n\n\n<p>Les importations avec l\u2019UE (41,7% du total) ont enregistr\u00e9 une hausse de 4,2% pour s\u2019\u00e9tablir \u00e0 2 830,5 MD. Avec la France, elles ont augment\u00e9 de 1,8% et l\u2019Italie de +8,7%. En revanche, elles ont baiss\u00e9 avec l\u2019Allemagne (-0,4%), l\u2019Espagne (-2%) et la Belgique (-14,6%).<\/p>\n\n\n\n<p>Hors UE, les importations ont augment\u00e9 avec la Chine (+62,3%), la Russie (+51,2%), l\u2019\u2019Inde (+12,2%) et la Turquie (+10,4%).<\/p>\n\n\n\n<p><strong><em>Avec Tap.<\/em><\/strong><\/p>\n","protected":false},"excerpt":{"rendered":"<p>Le d\u00e9ficit commercial de la Tunisie a tripl\u00e9 en janvier 2025 par rapport \u00e0 janvier 2024. <\/p>\n","protected":false},"author":8,"featured_media":3978610,"comment_status":"open","ping_status":"open","sticky":false,"template":"","format":"standard","meta":{"footnotes":""},"categories":[995,2433],"tags":[3016,1874,365,469,796,62643,937],"class_list":["post-15531129","post","type-post","status-publish","format-standard","has-post-thumbnail","hentry","category-economie","category-tunisie","tag-chine","tag-deficit-commercial","tag-exportations","tag-importations","tag-russie","tag-tunisie","tag-union-europeenne"],"yoast_head":"<!-- This site is optimized with the Yoast SEO plugin v26.6 - https:\/\/yoast.com\/wordpress\/plugins\/seo\/ -->\n<title>Tunisie\u00a0: le d\u00e9ficit commercial a tripl\u00e9 en un an - Kapitalis<\/title>\n<meta name=\"robots\" content=\"index, follow, max-snippet:-1, max-image-preview:large, max-video-preview:-1\" \/>\n<link rel=\"canonical\" href=\"https:\/\/kapitalis.com\/tunisie\/2025\/02\/13\/tunisie-le-deficit-commercial-a-triple-en-un-an\/\" \/>\n<meta property=\"og:locale\" content=\"fr_FR\" \/>\n<meta property=\"og:type\" content=\"article\" \/>\n<meta property=\"og:title\" content=\"Tunisie\u00a0: le d\u00e9ficit commercial a tripl\u00e9 en un an - Kapitalis\" \/>\n<meta property=\"og:description\" content=\"Le d\u00e9ficit commercial de la Tunisie a tripl\u00e9 en janvier 2025 par rapport \u00e0 janvier 2024.\" \/>\n<meta property=\"og:url\" content=\"https:\/\/kapitalis.com\/tunisie\/2025\/02\/13\/tunisie-le-deficit-commercial-a-triple-en-un-an\/\" \/>\n<meta property=\"og:site_name\" content=\"Kapitalis\" \/>\n<meta property=\"article:publisher\" content=\"https:\/\/www.facebook.com\/KapitalisInfo\/\" \/>\n<meta property=\"article:published_time\" content=\"2025-02-13T10:08:48+00:00\" \/>\n<meta property=\"article:modified_time\" content=\"2025-02-13T10:15:14+00:00\" \/>\n<meta property=\"og:image\" content=\"https:\/\/kapitalis.com\/tunisie\/wp-content\/uploads\/2022\/09\/Port-de-Rades.jpg\" \/>\n\t<meta property=\"og:image:width\" content=\"1200\" \/>\n\t<meta property=\"og:image:height\" content=\"630\" \/>\n\t<meta property=\"og:image:type\" content=\"image\/jpeg\" \/>\n<meta name=\"author\" content=\"webmaster kapitalis\" \/>\n<meta name=\"twitter:card\" content=\"summary_large_image\" \/>\n<meta name=\"twitter:creator\" content=\"@KapitalisInfo\" \/>\n<meta name=\"twitter:site\" content=\"@KapitalisInfo\" \/>\n<meta name=\"twitter:label1\" content=\"\u00c9crit par\" \/>\n\t<meta name=\"twitter:data1\" content=\"webmaster kapitalis\" \/>\n\t<meta name=\"twitter:label2\" content=\"Dur\u00e9e de lecture estim\u00e9e\" \/>\n\t<meta name=\"twitter:data2\" content=\"4 minutes\" \/>\n<script type=\"application\/ld+json\" class=\"yoast-schema-graph\">{\"@context\":\"https:\/\/schema.org\",\"@graph\":[{\"@type\":\"Article\",\"@id\":\"https:\/\/kapitalis.com\/tunisie\/2025\/02\/13\/tunisie-le-deficit-commercial-a-triple-en-un-an\/#article\",\"isPartOf\":{\"@id\":\"https:\/\/kapitalis.com\/tunisie\/2025\/02\/13\/tunisie-le-deficit-commercial-a-triple-en-un-an\/\"},\"author\":{\"name\":\"webmaster kapitalis\",\"@id\":\"https:\/\/kapitalis.com\/tunisie\/#\/schema\/person\/d71f33a9ca44f7bad4698210b480c8e9\"},\"headline\":\"Tunisie\u00a0: le d\u00e9ficit commercial a tripl\u00e9 en un an\",\"datePublished\":\"2025-02-13T10:08:48+00:00\",\"dateModified\":\"2025-02-13T10:15:14+00:00\",\"mainEntityOfPage\":{\"@id\":\"https:\/\/kapitalis.com\/tunisie\/2025\/02\/13\/tunisie-le-deficit-commercial-a-triple-en-un-an\/\"},\"wordCount\":614,\"commentCount\":0,\"publisher\":{\"@id\":\"https:\/\/kapitalis.com\/tunisie\/#organization\"},\"image\":{\"@id\":\"https:\/\/kapitalis.com\/tunisie\/2025\/02\/13\/tunisie-le-deficit-commercial-a-triple-en-un-an\/#primaryimage\"},\"thumbnailUrl\":\"https:\/\/kapitalis.com\/tunisie\/wp-content\/uploads\/2022\/09\/Port-de-Rades.jpg\",\"keywords\":[\"Chine\",\"d\u00e9ficit commercial\",\"exportations\",\"importations\",\"Russie\",\"Tunisie\",\"Union europ\u00e9enne\"],\"articleSection\":[\"ECONOMIE\",\"Tunisie\"],\"inLanguage\":\"fr-FR\",\"potentialAction\":[{\"@type\":\"CommentAction\",\"name\":\"Comment\",\"target\":[\"https:\/\/kapitalis.com\/tunisie\/2025\/02\/13\/tunisie-le-deficit-commercial-a-triple-en-un-an\/#respond\"]}]},{\"@type\":\"WebPage\",\"@id\":\"https:\/\/kapitalis.com\/tunisie\/2025\/02\/13\/tunisie-le-deficit-commercial-a-triple-en-un-an\/\",\"url\":\"https:\/\/kapitalis.com\/tunisie\/2025\/02\/13\/tunisie-le-deficit-commercial-a-triple-en-un-an\/\",\"name\":\"Tunisie\u00a0: le d\u00e9ficit commercial a tripl\u00e9 en un an - Kapitalis\",\"isPartOf\":{\"@id\":\"https:\/\/kapitalis.com\/tunisie\/#website\"},\"primaryImageOfPage\":{\"@id\":\"https:\/\/kapitalis.com\/tunisie\/2025\/02\/13\/tunisie-le-deficit-commercial-a-triple-en-un-an\/#primaryimage\"},\"image\":{\"@id\":\"https:\/\/kapitalis.com\/tunisie\/2025\/02\/13\/tunisie-le-deficit-commercial-a-triple-en-un-an\/#primaryimage\"},\"thumbnailUrl\":\"https:\/\/kapitalis.com\/tunisie\/wp-content\/uploads\/2022\/09\/Port-de-Rades.jpg\",\"datePublished\":\"2025-02-13T10:08:48+00:00\",\"dateModified\":\"2025-02-13T10:15:14+00:00\",\"breadcrumb\":{\"@id\":\"https:\/\/kapitalis.com\/tunisie\/2025\/02\/13\/tunisie-le-deficit-commercial-a-triple-en-un-an\/#breadcrumb\"},\"inLanguage\":\"fr-FR\",\"potentialAction\":[{\"@type\":\"ReadAction\",\"target\":[\"https:\/\/kapitalis.com\/tunisie\/2025\/02\/13\/tunisie-le-deficit-commercial-a-triple-en-un-an\/\"]}]},{\"@type\":\"ImageObject\",\"inLanguage\":\"fr-FR\",\"@id\":\"https:\/\/kapitalis.com\/tunisie\/2025\/02\/13\/tunisie-le-deficit-commercial-a-triple-en-un-an\/#primaryimage\",\"url\":\"https:\/\/kapitalis.com\/tunisie\/wp-content\/uploads\/2022\/09\/Port-de-Rades.jpg\",\"contentUrl\":\"https:\/\/kapitalis.com\/tunisie\/wp-content\/uploads\/2022\/09\/Port-de-Rades.jpg\",\"width\":1200,\"height\":630},{\"@type\":\"BreadcrumbList\",\"@id\":\"https:\/\/kapitalis.com\/tunisie\/2025\/02\/13\/tunisie-le-deficit-commercial-a-triple-en-un-an\/#breadcrumb\",\"itemListElement\":[{\"@type\":\"ListItem\",\"position\":1,\"name\":\"Accueil\",\"item\":\"https:\/\/kapitalis.com\/tunisie\/\"},{\"@type\":\"ListItem\",\"position\":2,\"name\":\"Tunisie\u00a0: le d\u00e9ficit commercial a tripl\u00e9 en un an\"}]},{\"@type\":\"WebSite\",\"@id\":\"https:\/\/kapitalis.com\/tunisie\/#website\",\"url\":\"https:\/\/kapitalis.com\/tunisie\/\",\"name\":\"Kapitalis\",\"description\":\"L&#039;actualit\u00e9 en Tunisie et dans le monde\",\"publisher\":{\"@id\":\"https:\/\/kapitalis.com\/tunisie\/#organization\"},\"potentialAction\":[{\"@type\":\"SearchAction\",\"target\":{\"@type\":\"EntryPoint\",\"urlTemplate\":\"https:\/\/kapitalis.com\/tunisie\/?s={search_term_string}\"},\"query-input\":{\"@type\":\"PropertyValueSpecification\",\"valueRequired\":true,\"valueName\":\"search_term_string\"}}],\"inLanguage\":\"fr-FR\"},{\"@type\":\"Organization\",\"@id\":\"https:\/\/kapitalis.com\/tunisie\/#organization\",\"name\":\"Kapitalis\",\"url\":\"https:\/\/kapitalis.com\/tunisie\/\",\"logo\":{\"@type\":\"ImageObject\",\"inLanguage\":\"fr-FR\",\"@id\":\"https:\/\/kapitalis.com\/tunisie\/#\/schema\/logo\/image\/\",\"url\":\"https:\/\/kapitalis.com\/tunisie\/wp-content\/uploads\/2022\/05\/Kapitalis-big-size.png\",\"contentUrl\":\"https:\/\/kapitalis.com\/tunisie\/wp-content\/uploads\/2022\/05\/Kapitalis-big-size.png\",\"width\":5000,\"height\":1500,\"caption\":\"Kapitalis\"},\"image\":{\"@id\":\"https:\/\/kapitalis.com\/tunisie\/#\/schema\/logo\/image\/\"},\"sameAs\":[\"https:\/\/www.facebook.com\/KapitalisInfo\/\",\"https:\/\/x.com\/KapitalisInfo\",\"https:\/\/www.youtube.com\/channel\/UC-yDYrHyfFBWWZaOw3FPg9Q\"]},{\"@type\":\"Person\",\"@id\":\"https:\/\/kapitalis.com\/tunisie\/#\/schema\/person\/d71f33a9ca44f7bad4698210b480c8e9\",\"name\":\"webmaster kapitalis\",\"url\":\"https:\/\/kapitalis.com\/tunisie\/author\/webmaster-kapitalis\/\"}]}<\/script>\n<!-- \/ Yoast SEO plugin. -->","yoast_head_json":{"title":"Tunisie\u00a0: le d\u00e9ficit commercial a tripl\u00e9 en un an - Kapitalis","robots":{"index":"index","follow":"follow","max-snippet":"max-snippet:-1","max-image-preview":"max-image-preview:large","max-video-preview":"max-video-preview:-1"},"canonical":"https:\/\/kapitalis.com\/tunisie\/2025\/02\/13\/tunisie-le-deficit-commercial-a-triple-en-un-an\/","og_locale":"fr_FR","og_type":"article","og_title":"Tunisie\u00a0: le d\u00e9ficit commercial a tripl\u00e9 en un an - Kapitalis","og_description":"Le d\u00e9ficit commercial de la Tunisie a tripl\u00e9 en janvier 2025 par rapport \u00e0 janvier 2024.","og_url":"https:\/\/kapitalis.com\/tunisie\/2025\/02\/13\/tunisie-le-deficit-commercial-a-triple-en-un-an\/","og_site_name":"Kapitalis","article_publisher":"https:\/\/www.facebook.com\/KapitalisInfo\/","article_published_time":"2025-02-13T10:08:48+00:00","article_modified_time":"2025-02-13T10:15:14+00:00","og_image":[{"width":1200,"height":630,"url":"https:\/\/kapitalis.com\/tunisie\/wp-content\/uploads\/2022\/09\/Port-de-Rades.jpg","type":"image\/jpeg"}],"author":"webmaster kapitalis","twitter_card":"summary_large_image","twitter_creator":"@KapitalisInfo","twitter_site":"@KapitalisInfo","twitter_misc":{"\u00c9crit par":"webmaster kapitalis","Dur\u00e9e de lecture estim\u00e9e":"4 minutes"},"schema":{"@context":"https:\/\/schema.org","@graph":[{"@type":"Article","@id":"https:\/\/kapitalis.com\/tunisie\/2025\/02\/13\/tunisie-le-deficit-commercial-a-triple-en-un-an\/#article","isPartOf":{"@id":"https:\/\/kapitalis.com\/tunisie\/2025\/02\/13\/tunisie-le-deficit-commercial-a-triple-en-un-an\/"},"author":{"name":"webmaster kapitalis","@id":"https:\/\/kapitalis.com\/tunisie\/#\/schema\/person\/d71f33a9ca44f7bad4698210b480c8e9"},"headline":"Tunisie\u00a0: le d\u00e9ficit commercial a tripl\u00e9 en un an","datePublished":"2025-02-13T10:08:48+00:00","dateModified":"2025-02-13T10:15:14+00:00","mainEntityOfPage":{"@id":"https:\/\/kapitalis.com\/tunisie\/2025\/02\/13\/tunisie-le-deficit-commercial-a-triple-en-un-an\/"},"wordCount":614,"commentCount":0,"publisher":{"@id":"https:\/\/kapitalis.com\/tunisie\/#organization"},"image":{"@id":"https:\/\/kapitalis.com\/tunisie\/2025\/02\/13\/tunisie-le-deficit-commercial-a-triple-en-un-an\/#primaryimage"},"thumbnailUrl":"https:\/\/kapitalis.com\/tunisie\/wp-content\/uploads\/2022\/09\/Port-de-Rades.jpg","keywords":["Chine","d\u00e9ficit commercial","exportations","importations","Russie","Tunisie","Union europ\u00e9enne"],"articleSection":["ECONOMIE","Tunisie"],"inLanguage":"fr-FR","potentialAction":[{"@type":"CommentAction","name":"Comment","target":["https:\/\/kapitalis.com\/tunisie\/2025\/02\/13\/tunisie-le-deficit-commercial-a-triple-en-un-an\/#respond"]}]},{"@type":"WebPage","@id":"https:\/\/kapitalis.com\/tunisie\/2025\/02\/13\/tunisie-le-deficit-commercial-a-triple-en-un-an\/","url":"https:\/\/kapitalis.com\/tunisie\/2025\/02\/13\/tunisie-le-deficit-commercial-a-triple-en-un-an\/","name":"Tunisie\u00a0: le d\u00e9ficit commercial a tripl\u00e9 en un an - Kapitalis","isPartOf":{"@id":"https:\/\/kapitalis.com\/tunisie\/#website"},"primaryImageOfPage":{"@id":"https:\/\/kapitalis.com\/tunisie\/2025\/02\/13\/tunisie-le-deficit-commercial-a-triple-en-un-an\/#primaryimage"},"image":{"@id":"https:\/\/kapitalis.com\/tunisie\/2025\/02\/13\/tunisie-le-deficit-commercial-a-triple-en-un-an\/#primaryimage"},"thumbnailUrl":"https:\/\/kapitalis.com\/tunisie\/wp-content\/uploads\/2022\/09\/Port-de-Rades.jpg","datePublished":"2025-02-13T10:08:48+00:00","dateModified":"2025-02-13T10:15:14+00:00","breadcrumb":{"@id":"https:\/\/kapitalis.com\/tunisie\/2025\/02\/13\/tunisie-le-deficit-commercial-a-triple-en-un-an\/#breadcrumb"},"inLanguage":"fr-FR","potentialAction":[{"@type":"ReadAction","target":["https:\/\/kapitalis.com\/tunisie\/2025\/02\/13\/tunisie-le-deficit-commercial-a-triple-en-un-an\/"]}]},{"@type":"ImageObject","inLanguage":"fr-FR","@id":"https:\/\/kapitalis.com\/tunisie\/2025\/02\/13\/tunisie-le-deficit-commercial-a-triple-en-un-an\/#primaryimage","url":"https:\/\/kapitalis.com\/tunisie\/wp-content\/uploads\/2022\/09\/Port-de-Rades.jpg","contentUrl":"https:\/\/kapitalis.com\/tunisie\/wp-content\/uploads\/2022\/09\/Port-de-Rades.jpg","width":1200,"height":630},{"@type":"BreadcrumbList","@id":"https:\/\/kapitalis.com\/tunisie\/2025\/02\/13\/tunisie-le-deficit-commercial-a-triple-en-un-an\/#breadcrumb","itemListElement":[{"@type":"ListItem","position":1,"name":"Accueil","item":"https:\/\/kapitalis.com\/tunisie\/"},{"@type":"ListItem","position":2,"name":"Tunisie\u00a0: le d\u00e9ficit commercial a tripl\u00e9 en un an"}]},{"@type":"WebSite","@id":"https:\/\/kapitalis.com\/tunisie\/#website","url":"https:\/\/kapitalis.com\/tunisie\/","name":"Kapitalis","description":"L&#039;actualit\u00e9 en Tunisie et dans le monde","publisher":{"@id":"https:\/\/kapitalis.com\/tunisie\/#organization"},"potentialAction":[{"@type":"SearchAction","target":{"@type":"EntryPoint","urlTemplate":"https:\/\/kapitalis.com\/tunisie\/?s={search_term_string}"},"query-input":{"@type":"PropertyValueSpecification","valueRequired":true,"valueName":"search_term_string"}}],"inLanguage":"fr-FR"},{"@type":"Organization","@id":"https:\/\/kapitalis.com\/tunisie\/#organization","name":"Kapitalis","url":"https:\/\/kapitalis.com\/tunisie\/","logo":{"@type":"ImageObject","inLanguage":"fr-FR","@id":"https:\/\/kapitalis.com\/tunisie\/#\/schema\/logo\/image\/","url":"https:\/\/kapitalis.com\/tunisie\/wp-content\/uploads\/2022\/05\/Kapitalis-big-size.png","contentUrl":"https:\/\/kapitalis.com\/tunisie\/wp-content\/uploads\/2022\/05\/Kapitalis-big-size.png","width":5000,"height":1500,"caption":"Kapitalis"},"image":{"@id":"https:\/\/kapitalis.com\/tunisie\/#\/schema\/logo\/image\/"},"sameAs":["https:\/\/www.facebook.com\/KapitalisInfo\/","https:\/\/x.com\/KapitalisInfo","https:\/\/www.youtube.com\/channel\/UC-yDYrHyfFBWWZaOw3FPg9Q"]},{"@type":"Person","@id":"https:\/\/kapitalis.com\/tunisie\/#\/schema\/person\/d71f33a9ca44f7bad4698210b480c8e9","name":"webmaster kapitalis","url":"https:\/\/kapitalis.com\/tunisie\/author\/webmaster-kapitalis\/"}]}},"_links":{"self":[{"href":"https:\/\/kapitalis.com\/tunisie\/wp-json\/wp\/v2\/posts\/15531129","targetHints":{"allow":["GET"]}}],"collection":[{"href":"https:\/\/kapitalis.com\/tunisie\/wp-json\/wp\/v2\/posts"}],"about":[{"href":"https:\/\/kapitalis.com\/tunisie\/wp-json\/wp\/v2\/types\/post"}],"author":[{"embeddable":true,"href":"https:\/\/kapitalis.com\/tunisie\/wp-json\/wp\/v2\/users\/8"}],"replies":[{"embeddable":true,"href":"https:\/\/kapitalis.com\/tunisie\/wp-json\/wp\/v2\/comments?post=15531129"}],"version-history":[{"count":2,"href":"https:\/\/kapitalis.com\/tunisie\/wp-json\/wp\/v2\/posts\/15531129\/revisions"}],"predecessor-version":[{"id":15531292,"href":"https:\/\/kapitalis.com\/tunisie\/wp-json\/wp\/v2\/posts\/15531129\/revisions\/15531292"}],"wp:featuredmedia":[{"embeddable":true,"href":"https:\/\/kapitalis.com\/tunisie\/wp-json\/wp\/v2\/media\/3978610"}],"wp:attachment":[{"href":"https:\/\/kapitalis.com\/tunisie\/wp-json\/wp\/v2\/media?parent=15531129"}],"wp:term":[{"taxonomy":"category","embeddable":true,"href":"https:\/\/kapitalis.com\/tunisie\/wp-json\/wp\/v2\/categories?post=15531129"},{"taxonomy":"post_tag","embeddable":true,"href":"https:\/\/kapitalis.com\/tunisie\/wp-json\/wp\/v2\/tags?post=15531129"}],"curies":[{"name":"wp","href":"https:\/\/api.w.org\/{rel}","templated":true}]}}