{"id":15542702,"date":"2025-02-14T09:38:16","date_gmt":"2025-02-14T08:38:16","guid":{"rendered":"https:\/\/kapitalis.com\/tunisie\/?p=15542702"},"modified":"2025-02-14T09:38:17","modified_gmt":"2025-02-14T08:38:17","slug":"kais-saied-au-chevet-de-yosri-zerelli-blesse-de-la-revolution","status":"publish","type":"post","link":"https:\/\/kapitalis.com\/tunisie\/2025\/02\/14\/kais-saied-au-chevet-de-yosri-zerelli-blesse-de-la-revolution\/","title":{"rendered":"Kais Sa\u00efed au chevet de Yosri Zerelli, bless\u00e9 de la r\u00e9volution"},"content":{"rendered":"\n<p><strong><em>Kais Sa\u00efed s\u2019est rendu, jeudi 13 f\u00e9vrier 2025, au chevet du bless\u00e9 de la r\u00e9volution, Yosri Zerelli, \u00e0 l\u2019h\u00f4pital militaire de Tunis, pour s\u2019enqu\u00e9rir de son \u00e9tat de sant\u00e9 avant son transfert \u00e0 un h\u00f4pital en France o\u00f9 il devrait poursuivre les soins sur d\u00e9cision d\u2019une commission m\u00e9dicale.<\/em><\/strong><\/p>\n\n\n\n<!--more-->\n\n\n\n<p>Lors de cette visite, le pr\u00e9sident de la R\u00e9publique s\u2019est inform\u00e9 de l\u2019op\u00e9ration chirurgicale d\u00e9licate \u00e0 laquelle va \u00eatre soumis le patient, dont la blessure remonte \u00e0 janvier 2011, et qui sera effectu\u00e9e par un chirurgien tunisien, rapporte une vid\u00e9o publi\u00e9e sur la page de la pr\u00e9sidence de la r\u00e9publique.<\/p>\n\n\n\n<p>Lors de son \u00e9change avec le bless\u00e9, le pr\u00e9sident Sa\u00efed a d\u00e9clar\u00e9 que la Tunisie n\u2019oubliera pas les bless\u00e9s de la r\u00e9volution ainsi que les familles des martyrs qu\u2019ils soient, civils, s\u00e9curitaires ou militaires, r\u00e9affirmant son engagement \u00e0 r\u00e9pondre \u00e0 leurs revendications et celles du peuple tunisien \u00e0 la libert\u00e9, \u00e0 l\u2019emploi et \u00e0 la dignit\u00e9 nationale, et promettant d\u2019aller de l\u2019avant sur la voie du parach\u00e8vement du processus de la r\u00e9volution et de l\u2019assainissement du pays.<\/p>\n\n\n\n<p>Le pr\u00e9sident Sa\u00efed a aussi remerci\u00e9 les forces s\u00e9curitaires et militaires, tous corps confondus, pour leur pr\u00e9cieux soutien aux efforts des autres institutions de l\u2019Etat dans les diff\u00e9rents domaines.<\/p>\n\n\n\n<p>Il a \u00e9galement rendu hommage au militaire tunisien qui a trouv\u00e9 la mort, mardi, dans la r\u00e9gion d\u2019Ind\u00e9li, pr\u00e8s de la fronti\u00e8re avec le Tchad dans le cadre de la mission onusienne de maintien de la paix en R\u00e9publique centrafricaine, se f\u00e9licitant de l\u2019institution militaire pour sa contribution aux op\u00e9rations de maintien de la paix et de la s\u00e9curit\u00e9 dans les zones de conflit.<\/p>\n\n\n\n<p>Le pr\u00e9sident Sa\u00efed a promis de trouver des solutions aux nombreuses requ\u00eates et dol\u00e9ances parvenues \u00e0 la pr\u00e9sidence de la r\u00e9publique, rappelant que l\u2019institution de la pr\u00e9sidence s\u2019est saisie jusqu\u2019\u00e0 mercredi, plus de 60&nbsp;000 requ\u00eates.<\/p>\n\n\n\n<p>Recevant, le m\u00eame jour, au palais de Carthage, le pr\u00e9sident de la Fondation Fidaa, Ahmed Ja\u00e1far, Kais Sa\u00efed a d\u00e9clar\u00e9&nbsp;que <em>\u00abla Tunisie n\u2019oubliera jamais ses martyrs et leurs proches, tout comme elle ne laissera pas les bless\u00e9s de la r\u00e9volution sans assistance ou prise en charge\u00bb<\/em>.<\/p>\n\n\n\n<p>Selon un communiqu\u00e9 de la pr\u00e9sidence, le chef de l\u2019Etat a rappel\u00e9 que la cr\u00e9ation de cette fondation est une id\u00e9e qu\u2019il avait lui-m\u00eame lanc\u00e9e au lendemain de la r\u00e9volution avant qu\u2019elle prenne corps dans le d\u00e9cret-loi n\u00b020-2022 du 9 avril 2022 et se d\u00e9veloppe par la suite \u00e0 travers la loi n\u00b01-2025 du 9 janvier 2025.<\/p>\n\n\n\n<p>Il a, dans ce contexte, promis de soutenir cette institution afin qu\u2019elle puisse accomplir au mieux sa mission.<\/p>\n\n\n\n<p class=\"has-text-align-right\"><strong><em>Avec Tap.<\/em><\/strong><\/p>\n","protected":false},"excerpt":{"rendered":"<p>Kais Sa\u00efed s\u2019enquiert de l&rsquo;\u00e9tat de sant\u00e9 du bless\u00e9 de la r\u00e9volution, Yosri Zerelli, \u00e0 l\u2019h\u00f4pital militaire de Tunis,<\/p>\n","protected":false},"author":8,"featured_media":15542752,"comment_status":"open","ping_status":"open","sticky":false,"template":"","format":"standard","meta":{"footnotes":""},"categories":[997,998,2433],"tags":[120765,120766,120768,78464,120767],"class_list":["post-15542702","post","type-post","status-publish","format-standard","has-post-thumbnail","hentry","category-politique","category-societe","category-tunisie","tag-ahmed-jaafar","tag-blesses-de-la-revolution","tag-fondation-fidaa","tag-kais-saied-4","tag-yosri-zerelli"],"yoast_head":"<!-- This site is optimized with the Yoast SEO plugin v26.6 - https:\/\/yoast.com\/wordpress\/plugins\/seo\/ -->\n<title>Kais Sa\u00efed au chevet de Yosri Zerelli, bless\u00e9 de la r\u00e9volution - Kapitalis<\/title>\n<meta name=\"robots\" content=\"index, follow, max-snippet:-1, max-image-preview:large, max-video-preview:-1\" \/>\n<link rel=\"canonical\" href=\"https:\/\/kapitalis.com\/tunisie\/2025\/02\/14\/kais-saied-au-chevet-de-yosri-zerelli-blesse-de-la-revolution\/\" \/>\n<meta property=\"og:locale\" content=\"fr_FR\" \/>\n<meta property=\"og:type\" content=\"article\" \/>\n<meta property=\"og:title\" content=\"Kais Sa\u00efed au chevet de Yosri Zerelli, bless\u00e9 de la r\u00e9volution - Kapitalis\" \/>\n<meta property=\"og:description\" content=\"Kais Sa\u00efed s\u2019enquiert de l&#039;\u00e9tat de sant\u00e9 du bless\u00e9 de la r\u00e9volution, Yosri Zerelli, \u00e0 l\u2019h\u00f4pital militaire de Tunis,\" \/>\n<meta property=\"og:url\" content=\"https:\/\/kapitalis.com\/tunisie\/2025\/02\/14\/kais-saied-au-chevet-de-yosri-zerelli-blesse-de-la-revolution\/\" \/>\n<meta property=\"og:site_name\" content=\"Kapitalis\" \/>\n<meta property=\"article:publisher\" content=\"https:\/\/www.facebook.com\/KapitalisInfo\/\" \/>\n<meta property=\"article:published_time\" content=\"2025-02-14T08:38:16+00:00\" \/>\n<meta property=\"article:modified_time\" content=\"2025-02-14T08:38:17+00:00\" \/>\n<meta property=\"og:image\" content=\"https:\/\/kapitalis.com\/tunisie\/wp-content\/uploads\/2025\/02\/Kais-Saied-Yosri-Zerelli.jpg\" \/>\n\t<meta property=\"og:image:width\" content=\"1200\" \/>\n\t<meta property=\"og:image:height\" content=\"630\" \/>\n\t<meta property=\"og:image:type\" content=\"image\/jpeg\" \/>\n<meta name=\"author\" content=\"webmaster kapitalis\" \/>\n<meta name=\"twitter:card\" content=\"summary_large_image\" \/>\n<meta name=\"twitter:creator\" content=\"@KapitalisInfo\" \/>\n<meta name=\"twitter:site\" content=\"@KapitalisInfo\" \/>\n<meta name=\"twitter:label1\" content=\"\u00c9crit par\" \/>\n\t<meta name=\"twitter:data1\" content=\"webmaster kapitalis\" \/>\n\t<meta name=\"twitter:label2\" content=\"Dur\u00e9e de lecture estim\u00e9e\" \/>\n\t<meta name=\"twitter:data2\" content=\"3 minutes\" \/>\n<script type=\"application\/ld+json\" class=\"yoast-schema-graph\">{\"@context\":\"https:\/\/schema.org\",\"@graph\":[{\"@type\":\"Article\",\"@id\":\"https:\/\/kapitalis.com\/tunisie\/2025\/02\/14\/kais-saied-au-chevet-de-yosri-zerelli-blesse-de-la-revolution\/#article\",\"isPartOf\":{\"@id\":\"https:\/\/kapitalis.com\/tunisie\/2025\/02\/14\/kais-saied-au-chevet-de-yosri-zerelli-blesse-de-la-revolution\/\"},\"author\":{\"name\":\"webmaster kapitalis\",\"@id\":\"https:\/\/kapitalis.com\/tunisie\/#\/schema\/person\/d71f33a9ca44f7bad4698210b480c8e9\"},\"headline\":\"Kais Sa\u00efed au chevet de Yosri Zerelli, bless\u00e9 de la r\u00e9volution\",\"datePublished\":\"2025-02-14T08:38:16+00:00\",\"dateModified\":\"2025-02-14T08:38:17+00:00\",\"mainEntityOfPage\":{\"@id\":\"https:\/\/kapitalis.com\/tunisie\/2025\/02\/14\/kais-saied-au-chevet-de-yosri-zerelli-blesse-de-la-revolution\/\"},\"wordCount\":510,\"commentCount\":0,\"publisher\":{\"@id\":\"https:\/\/kapitalis.com\/tunisie\/#organization\"},\"image\":{\"@id\":\"https:\/\/kapitalis.com\/tunisie\/2025\/02\/14\/kais-saied-au-chevet-de-yosri-zerelli-blesse-de-la-revolution\/#primaryimage\"},\"thumbnailUrl\":\"https:\/\/kapitalis.com\/tunisie\/wp-content\/uploads\/2025\/02\/Kais-Saied-Yosri-Zerelli.jpg\",\"keywords\":[\"Ahmed Ja\u00e1far\",\"bless\u00e9s de la r\u00e9volution\",\"Fondation Fidaa\",\"kais sa\u00efed\",\"Yosri Zerelli\"],\"articleSection\":[\"POLITIQUE\",\"SOCIETE\",\"Tunisie\"],\"inLanguage\":\"fr-FR\",\"potentialAction\":[{\"@type\":\"CommentAction\",\"name\":\"Comment\",\"target\":[\"https:\/\/kapitalis.com\/tunisie\/2025\/02\/14\/kais-saied-au-chevet-de-yosri-zerelli-blesse-de-la-revolution\/#respond\"]}]},{\"@type\":\"WebPage\",\"@id\":\"https:\/\/kapitalis.com\/tunisie\/2025\/02\/14\/kais-saied-au-chevet-de-yosri-zerelli-blesse-de-la-revolution\/\",\"url\":\"https:\/\/kapitalis.com\/tunisie\/2025\/02\/14\/kais-saied-au-chevet-de-yosri-zerelli-blesse-de-la-revolution\/\",\"name\":\"Kais Sa\u00efed au chevet de Yosri Zerelli, bless\u00e9 de la r\u00e9volution - Kapitalis\",\"isPartOf\":{\"@id\":\"https:\/\/kapitalis.com\/tunisie\/#website\"},\"primaryImageOfPage\":{\"@id\":\"https:\/\/kapitalis.com\/tunisie\/2025\/02\/14\/kais-saied-au-chevet-de-yosri-zerelli-blesse-de-la-revolution\/#primaryimage\"},\"image\":{\"@id\":\"https:\/\/kapitalis.com\/tunisie\/2025\/02\/14\/kais-saied-au-chevet-de-yosri-zerelli-blesse-de-la-revolution\/#primaryimage\"},\"thumbnailUrl\":\"https:\/\/kapitalis.com\/tunisie\/wp-content\/uploads\/2025\/02\/Kais-Saied-Yosri-Zerelli.jpg\",\"datePublished\":\"2025-02-14T08:38:16+00:00\",\"dateModified\":\"2025-02-14T08:38:17+00:00\",\"breadcrumb\":{\"@id\":\"https:\/\/kapitalis.com\/tunisie\/2025\/02\/14\/kais-saied-au-chevet-de-yosri-zerelli-blesse-de-la-revolution\/#breadcrumb\"},\"inLanguage\":\"fr-FR\",\"potentialAction\":[{\"@type\":\"ReadAction\",\"target\":[\"https:\/\/kapitalis.com\/tunisie\/2025\/02\/14\/kais-saied-au-chevet-de-yosri-zerelli-blesse-de-la-revolution\/\"]}]},{\"@type\":\"ImageObject\",\"inLanguage\":\"fr-FR\",\"@id\":\"https:\/\/kapitalis.com\/tunisie\/2025\/02\/14\/kais-saied-au-chevet-de-yosri-zerelli-blesse-de-la-revolution\/#primaryimage\",\"url\":\"https:\/\/kapitalis.com\/tunisie\/wp-content\/uploads\/2025\/02\/Kais-Saied-Yosri-Zerelli.jpg\",\"contentUrl\":\"https:\/\/kapitalis.com\/tunisie\/wp-content\/uploads\/2025\/02\/Kais-Saied-Yosri-Zerelli.jpg\",\"width\":1200,\"height\":630},{\"@type\":\"BreadcrumbList\",\"@id\":\"https:\/\/kapitalis.com\/tunisie\/2025\/02\/14\/kais-saied-au-chevet-de-yosri-zerelli-blesse-de-la-revolution\/#breadcrumb\",\"itemListElement\":[{\"@type\":\"ListItem\",\"position\":1,\"name\":\"Accueil\",\"item\":\"https:\/\/kapitalis.com\/tunisie\/\"},{\"@type\":\"ListItem\",\"position\":2,\"name\":\"Kais Sa\u00efed au chevet de Yosri Zerelli, bless\u00e9 de la r\u00e9volution\"}]},{\"@type\":\"WebSite\",\"@id\":\"https:\/\/kapitalis.com\/tunisie\/#website\",\"url\":\"https:\/\/kapitalis.com\/tunisie\/\",\"name\":\"Kapitalis\",\"description\":\"L&#039;actualit\u00e9 en Tunisie et dans le monde\",\"publisher\":{\"@id\":\"https:\/\/kapitalis.com\/tunisie\/#organization\"},\"potentialAction\":[{\"@type\":\"SearchAction\",\"target\":{\"@type\":\"EntryPoint\",\"urlTemplate\":\"https:\/\/kapitalis.com\/tunisie\/?s={search_term_string}\"},\"query-input\":{\"@type\":\"PropertyValueSpecification\",\"valueRequired\":true,\"valueName\":\"search_term_string\"}}],\"inLanguage\":\"fr-FR\"},{\"@type\":\"Organization\",\"@id\":\"https:\/\/kapitalis.com\/tunisie\/#organization\",\"name\":\"Kapitalis\",\"url\":\"https:\/\/kapitalis.com\/tunisie\/\",\"logo\":{\"@type\":\"ImageObject\",\"inLanguage\":\"fr-FR\",\"@id\":\"https:\/\/kapitalis.com\/tunisie\/#\/schema\/logo\/image\/\",\"url\":\"https:\/\/kapitalis.com\/tunisie\/wp-content\/uploads\/2022\/05\/Kapitalis-big-size.png\",\"contentUrl\":\"https:\/\/kapitalis.com\/tunisie\/wp-content\/uploads\/2022\/05\/Kapitalis-big-size.png\",\"width\":5000,\"height\":1500,\"caption\":\"Kapitalis\"},\"image\":{\"@id\":\"https:\/\/kapitalis.com\/tunisie\/#\/schema\/logo\/image\/\"},\"sameAs\":[\"https:\/\/www.facebook.com\/KapitalisInfo\/\",\"https:\/\/x.com\/KapitalisInfo\",\"https:\/\/www.youtube.com\/channel\/UC-yDYrHyfFBWWZaOw3FPg9Q\"]},{\"@type\":\"Person\",\"@id\":\"https:\/\/kapitalis.com\/tunisie\/#\/schema\/person\/d71f33a9ca44f7bad4698210b480c8e9\",\"name\":\"webmaster kapitalis\",\"url\":\"https:\/\/kapitalis.com\/tunisie\/author\/webmaster-kapitalis\/\"}]}<\/script>\n<!-- \/ Yoast SEO plugin. -->","yoast_head_json":{"title":"Kais Sa\u00efed au chevet de Yosri Zerelli, bless\u00e9 de la r\u00e9volution - Kapitalis","robots":{"index":"index","follow":"follow","max-snippet":"max-snippet:-1","max-image-preview":"max-image-preview:large","max-video-preview":"max-video-preview:-1"},"canonical":"https:\/\/kapitalis.com\/tunisie\/2025\/02\/14\/kais-saied-au-chevet-de-yosri-zerelli-blesse-de-la-revolution\/","og_locale":"fr_FR","og_type":"article","og_title":"Kais Sa\u00efed au chevet de Yosri Zerelli, bless\u00e9 de la r\u00e9volution - Kapitalis","og_description":"Kais Sa\u00efed s\u2019enquiert de l'\u00e9tat de sant\u00e9 du bless\u00e9 de la r\u00e9volution, Yosri Zerelli, \u00e0 l\u2019h\u00f4pital militaire de Tunis,","og_url":"https:\/\/kapitalis.com\/tunisie\/2025\/02\/14\/kais-saied-au-chevet-de-yosri-zerelli-blesse-de-la-revolution\/","og_site_name":"Kapitalis","article_publisher":"https:\/\/www.facebook.com\/KapitalisInfo\/","article_published_time":"2025-02-14T08:38:16+00:00","article_modified_time":"2025-02-14T08:38:17+00:00","og_image":[{"width":1200,"height":630,"url":"https:\/\/kapitalis.com\/tunisie\/wp-content\/uploads\/2025\/02\/Kais-Saied-Yosri-Zerelli.jpg","type":"image\/jpeg"}],"author":"webmaster kapitalis","twitter_card":"summary_large_image","twitter_creator":"@KapitalisInfo","twitter_site":"@KapitalisInfo","twitter_misc":{"\u00c9crit par":"webmaster kapitalis","Dur\u00e9e de lecture estim\u00e9e":"3 minutes"},"schema":{"@context":"https:\/\/schema.org","@graph":[{"@type":"Article","@id":"https:\/\/kapitalis.com\/tunisie\/2025\/02\/14\/kais-saied-au-chevet-de-yosri-zerelli-blesse-de-la-revolution\/#article","isPartOf":{"@id":"https:\/\/kapitalis.com\/tunisie\/2025\/02\/14\/kais-saied-au-chevet-de-yosri-zerelli-blesse-de-la-revolution\/"},"author":{"name":"webmaster kapitalis","@id":"https:\/\/kapitalis.com\/tunisie\/#\/schema\/person\/d71f33a9ca44f7bad4698210b480c8e9"},"headline":"Kais Sa\u00efed au chevet de Yosri Zerelli, bless\u00e9 de la r\u00e9volution","datePublished":"2025-02-14T08:38:16+00:00","dateModified":"2025-02-14T08:38:17+00:00","mainEntityOfPage":{"@id":"https:\/\/kapitalis.com\/tunisie\/2025\/02\/14\/kais-saied-au-chevet-de-yosri-zerelli-blesse-de-la-revolution\/"},"wordCount":510,"commentCount":0,"publisher":{"@id":"https:\/\/kapitalis.com\/tunisie\/#organization"},"image":{"@id":"https:\/\/kapitalis.com\/tunisie\/2025\/02\/14\/kais-saied-au-chevet-de-yosri-zerelli-blesse-de-la-revolution\/#primaryimage"},"thumbnailUrl":"https:\/\/kapitalis.com\/tunisie\/wp-content\/uploads\/2025\/02\/Kais-Saied-Yosri-Zerelli.jpg","keywords":["Ahmed Ja\u00e1far","bless\u00e9s de la r\u00e9volution","Fondation Fidaa","kais sa\u00efed","Yosri Zerelli"],"articleSection":["POLITIQUE","SOCIETE","Tunisie"],"inLanguage":"fr-FR","potentialAction":[{"@type":"CommentAction","name":"Comment","target":["https:\/\/kapitalis.com\/tunisie\/2025\/02\/14\/kais-saied-au-chevet-de-yosri-zerelli-blesse-de-la-revolution\/#respond"]}]},{"@type":"WebPage","@id":"https:\/\/kapitalis.com\/tunisie\/2025\/02\/14\/kais-saied-au-chevet-de-yosri-zerelli-blesse-de-la-revolution\/","url":"https:\/\/kapitalis.com\/tunisie\/2025\/02\/14\/kais-saied-au-chevet-de-yosri-zerelli-blesse-de-la-revolution\/","name":"Kais Sa\u00efed au chevet de Yosri Zerelli, bless\u00e9 de la r\u00e9volution - Kapitalis","isPartOf":{"@id":"https:\/\/kapitalis.com\/tunisie\/#website"},"primaryImageOfPage":{"@id":"https:\/\/kapitalis.com\/tunisie\/2025\/02\/14\/kais-saied-au-chevet-de-yosri-zerelli-blesse-de-la-revolution\/#primaryimage"},"image":{"@id":"https:\/\/kapitalis.com\/tunisie\/2025\/02\/14\/kais-saied-au-chevet-de-yosri-zerelli-blesse-de-la-revolution\/#primaryimage"},"thumbnailUrl":"https:\/\/kapitalis.com\/tunisie\/wp-content\/uploads\/2025\/02\/Kais-Saied-Yosri-Zerelli.jpg","datePublished":"2025-02-14T08:38:16+00:00","dateModified":"2025-02-14T08:38:17+00:00","breadcrumb":{"@id":"https:\/\/kapitalis.com\/tunisie\/2025\/02\/14\/kais-saied-au-chevet-de-yosri-zerelli-blesse-de-la-revolution\/#breadcrumb"},"inLanguage":"fr-FR","potentialAction":[{"@type":"ReadAction","target":["https:\/\/kapitalis.com\/tunisie\/2025\/02\/14\/kais-saied-au-chevet-de-yosri-zerelli-blesse-de-la-revolution\/"]}]},{"@type":"ImageObject","inLanguage":"fr-FR","@id":"https:\/\/kapitalis.com\/tunisie\/2025\/02\/14\/kais-saied-au-chevet-de-yosri-zerelli-blesse-de-la-revolution\/#primaryimage","url":"https:\/\/kapitalis.com\/tunisie\/wp-content\/uploads\/2025\/02\/Kais-Saied-Yosri-Zerelli.jpg","contentUrl":"https:\/\/kapitalis.com\/tunisie\/wp-content\/uploads\/2025\/02\/Kais-Saied-Yosri-Zerelli.jpg","width":1200,"height":630},{"@type":"BreadcrumbList","@id":"https:\/\/kapitalis.com\/tunisie\/2025\/02\/14\/kais-saied-au-chevet-de-yosri-zerelli-blesse-de-la-revolution\/#breadcrumb","itemListElement":[{"@type":"ListItem","position":1,"name":"Accueil","item":"https:\/\/kapitalis.com\/tunisie\/"},{"@type":"ListItem","position":2,"name":"Kais Sa\u00efed au chevet de Yosri Zerelli, bless\u00e9 de la r\u00e9volution"}]},{"@type":"WebSite","@id":"https:\/\/kapitalis.com\/tunisie\/#website","url":"https:\/\/kapitalis.com\/tunisie\/","name":"Kapitalis","description":"L&#039;actualit\u00e9 en Tunisie et dans le monde","publisher":{"@id":"https:\/\/kapitalis.com\/tunisie\/#organization"},"potentialAction":[{"@type":"SearchAction","target":{"@type":"EntryPoint","urlTemplate":"https:\/\/kapitalis.com\/tunisie\/?s={search_term_string}"},"query-input":{"@type":"PropertyValueSpecification","valueRequired":true,"valueName":"search_term_string"}}],"inLanguage":"fr-FR"},{"@type":"Organization","@id":"https:\/\/kapitalis.com\/tunisie\/#organization","name":"Kapitalis","url":"https:\/\/kapitalis.com\/tunisie\/","logo":{"@type":"ImageObject","inLanguage":"fr-FR","@id":"https:\/\/kapitalis.com\/tunisie\/#\/schema\/logo\/image\/","url":"https:\/\/kapitalis.com\/tunisie\/wp-content\/uploads\/2022\/05\/Kapitalis-big-size.png","contentUrl":"https:\/\/kapitalis.com\/tunisie\/wp-content\/uploads\/2022\/05\/Kapitalis-big-size.png","width":5000,"height":1500,"caption":"Kapitalis"},"image":{"@id":"https:\/\/kapitalis.com\/tunisie\/#\/schema\/logo\/image\/"},"sameAs":["https:\/\/www.facebook.com\/KapitalisInfo\/","https:\/\/x.com\/KapitalisInfo","https:\/\/www.youtube.com\/channel\/UC-yDYrHyfFBWWZaOw3FPg9Q"]},{"@type":"Person","@id":"https:\/\/kapitalis.com\/tunisie\/#\/schema\/person\/d71f33a9ca44f7bad4698210b480c8e9","name":"webmaster kapitalis","url":"https:\/\/kapitalis.com\/tunisie\/author\/webmaster-kapitalis\/"}]}},"_links":{"self":[{"href":"https:\/\/kapitalis.com\/tunisie\/wp-json\/wp\/v2\/posts\/15542702","targetHints":{"allow":["GET"]}}],"collection":[{"href":"https:\/\/kapitalis.com\/tunisie\/wp-json\/wp\/v2\/posts"}],"about":[{"href":"https:\/\/kapitalis.com\/tunisie\/wp-json\/wp\/v2\/types\/post"}],"author":[{"embeddable":true,"href":"https:\/\/kapitalis.com\/tunisie\/wp-json\/wp\/v2\/users\/8"}],"replies":[{"embeddable":true,"href":"https:\/\/kapitalis.com\/tunisie\/wp-json\/wp\/v2\/comments?post=15542702"}],"version-history":[{"count":1,"href":"https:\/\/kapitalis.com\/tunisie\/wp-json\/wp\/v2\/posts\/15542702\/revisions"}],"predecessor-version":[{"id":15542758,"href":"https:\/\/kapitalis.com\/tunisie\/wp-json\/wp\/v2\/posts\/15542702\/revisions\/15542758"}],"wp:featuredmedia":[{"embeddable":true,"href":"https:\/\/kapitalis.com\/tunisie\/wp-json\/wp\/v2\/media\/15542752"}],"wp:attachment":[{"href":"https:\/\/kapitalis.com\/tunisie\/wp-json\/wp\/v2\/media?parent=15542702"}],"wp:term":[{"taxonomy":"category","embeddable":true,"href":"https:\/\/kapitalis.com\/tunisie\/wp-json\/wp\/v2\/categories?post=15542702"},{"taxonomy":"post_tag","embeddable":true,"href":"https:\/\/kapitalis.com\/tunisie\/wp-json\/wp\/v2\/tags?post=15542702"}],"curies":[{"name":"wp","href":"https:\/\/api.w.org\/{rel}","templated":true}]}}