{"id":15549625,"date":"2025-02-15T09:07:42","date_gmt":"2025-02-15T08:07:42","guid":{"rendered":"https:\/\/kapitalis.com\/tunisie\/?p=15549625"},"modified":"2025-02-15T09:07:43","modified_gmt":"2025-02-15T08:07:43","slug":"la-reintegration-des-refugies-de-retour-est-le-plus-grand-defi-de-la-syrie","status":"publish","type":"post","link":"https:\/\/kapitalis.com\/tunisie\/2025\/02\/15\/la-reintegration-des-refugies-de-retour-est-le-plus-grand-defi-de-la-syrie\/","title":{"rendered":"La r\u00e9int\u00e9gration des r\u00e9fugi\u00e9s de retour est le plus grand d\u00e9fi de la Syrie"},"content":{"rendered":"\n<p><strong><em>L\u2019avenir de la Syrie reste incertain \u00e0 l\u2019heure o\u00f9 le pays est confront\u00e9 au d\u00e9fi de rapatrier des millions de r\u00e9fugi\u00e9s apr\u00e8s presque quinze ann\u00e9es de guerre sanglante et destructrice.<\/em><\/strong> <em>(Photo : Des r\u00e9fugi\u00e9es syriennes suivent un cours sur les bases des soins infirmiers \u00e0 Sidon, au Liban.)<\/em><\/p>\n\n\n\n<p><strong>Imed Bahri<\/strong><\/p>\n\n\n\n<!--more-->\n\n\n\n<p>On compte plus de six millions de r\u00e9fugi\u00e9s syriens \u00e0 l\u2019\u00e9tranger et sept millions de d\u00e9plac\u00e9s internes. Le retour des Syriens chez eux et leur r\u00e9int\u00e9gration est le principal d\u00e9fi du pays mais pour qu\u2019il soit relev\u00e9, tous les protagonistes locaux et internationaux doivent agir conjointement et optimiser le facteur temps qui est d\u00e9cisif et peut affecter la situation dans un sens ou un autre.&nbsp;<\/p>\n\n\n\n<p>Une enqu\u00eate du magazine britannique <em><a href=\"https:\/\/www.foreignaffairs.com\/syria\/syrias-biggest-problem\" target=\"_blank\" rel=\"noreferrer noopener\">Foreign Affairs<\/a><\/em> r\u00e9dig\u00e9e par Jesse Marks de Refugees International et Hazem Rihawi de la D\u00e9fense civile syrienne \u00e9voque les d\u00e9tails de ce dilemme et indique que de nombreux Syriens sont d\u00e9j\u00e0 rentr\u00e9s esp\u00e9rant r\u00e9unir leurs familles et reconstruire leur patrie compte tenu surtout des difficult\u00e9s \u00e9conomiques dans les pays d\u2019accueil. Les auteurs proposent \u00e9galement une vision reposant sur plusieurs protagonistes pour que le retour des Syriens puisse aboutir avec succ\u00e8s.\u00a0<\/p>\n\n\n\n<p>\u00c0 la fin de l\u2019ann\u00e9e 2024, pr\u00e8s de 500 000 r\u00e9fugi\u00e9s seront rentr\u00e9s dont 350 000 qui \u00e9taient au Liban et qui ont fui l\u2019invasion isra\u00e9lienne, 125 000 autres ont suivi d\u00e9but 2025. D\u2019autres devraient revenir soit volontairement soit en raison de leur expulsion des pays d\u2019accueil confront\u00e9s \u00e0 des pressions \u00e9conomiques et politiques indique <em>Foreign Affairs<\/em>.&nbsp;<\/p>\n\n\n\n<figure class=\"wp-block-embed is-type-wp-embed is-provider-kapitalis wp-block-embed-kapitalis\"><div class=\"wp-block-embed__wrapper\">\n<blockquote class=\"wp-embedded-content\" data-secret=\"pmAGUGseun\"><a href=\"https:\/\/kapitalis.com\/tunisie\/2025\/01\/31\/syrie-les-survivants-de-lattaque-chimique-dal-ghouta-temoignent-enfin\/\">Syrie\u00a0: les survivants de l\u2019attaque chimique d&rsquo;Al-Ghouta t\u00e9moignent enfin!<\/a><\/blockquote><iframe loading=\"lazy\" class=\"wp-embedded-content\" sandbox=\"allow-scripts\" security=\"restricted\" style=\"position: absolute; visibility: hidden;\" title=\"\u00ab\u00a0Syrie\u00a0: les survivants de l\u2019attaque chimique d&rsquo;Al-Ghouta t\u00e9moignent enfin!\u00a0\u00bb &#8212; Kapitalis\" src=\"https:\/\/kapitalis.com\/tunisie\/2025\/01\/31\/syrie-les-survivants-de-lattaque-chimique-dal-ghouta-temoignent-enfin\/embed\/#?secret=oxfJyZeRRR#?secret=pmAGUGseun\" data-secret=\"pmAGUGseun\" width=\"600\" height=\"338\" frameborder=\"0\" marginwidth=\"0\" marginheight=\"0\" scrolling=\"no\"><\/iframe>\n<\/div><\/figure>\n\n\n\n<h2 class=\"wp-block-heading\">Mettre un terme aux expulsions forc\u00e9es dans les pays d&rsquo;accueil<\/h2>\n\n\n\n<p>Toutefois le probl\u00e8me, selon le magazine, r\u00e9side dans le fait que la plupart des rapatri\u00e9s ne trouveront pas d\u2019endroit o\u00f9 retourner. Des quartiers entiers dans des villes comme Alep et Raqqa ont \u00e9t\u00e9 d\u00e9truits par les bombardements du r\u00e9gime d\u00e9chu, l\u2019\u00e9conomie a chut\u00e9 de 80% et les services de base comme les soins de sant\u00e9, l\u2019\u00e9lectricit\u00e9 et l\u2019eau potable font cruellement d\u00e9faut.<\/p>\n\n\n\n<p>Le rapport ajoute que le ch\u00f4mage g\u00e9n\u00e9ralis\u00e9 et l\u2019inflation galopante ont conduit \u00e0 un taux de pauvret\u00e9 de 90%, et que le manque d\u2019infrastructures de base dans le pays, y compris des \u00e9coles et des institutions, pourrait compliquer la possibilit\u00e9 d\u2019une r\u00e9int\u00e9gration massive des personnes qui retournent chez eux.&nbsp;<\/p>\n\n\n\n<p>Pire, de nombreuses personnes ont trouv\u00e9 leurs maisons occup\u00e9es, d\u00e9truites ou habit\u00e9es, ce qui peut entra\u00eener des conflits fonciers et de nouveaux troubles aggravant ainsi la situation fragile en Syrie.<\/p>\n\n\n\n<p>Jesse Marks et Hazem Rihawi appellent \u00e0 un programme coordonn\u00e9 de retour des r\u00e9fugi\u00e9s impliquant le gouvernement int\u00e9rimaire syrien, le Haut commissariat aux r\u00e9fugi\u00e9s (HCR) relevant des Nations unies et les pays voisins comme la Turquie, l\u2019\u00c9gypte, le Liban et la Jordanie, une approche qui s\u2019est av\u00e9r\u00e9e fructueuse en Afghanistan et en Irak. Un tel cadre prot\u00e9gerait les rapatri\u00e9s, r\u00e9soudrait les conflits de propri\u00e9t\u00e9 et int\u00e9grerait les Syriens dans le processus de reconstruction de leur pays.<\/p>\n\n\n\n<p>Ils ajoutent \u00e9galement que les pays d\u2019accueil devraient mettre un terme aux expulsions forc\u00e9es et permettre aux agences de l\u2019Onu de superviser le retour volontaire des Syriens dans leur pays d\u2019origine et leur donner la possibilit\u00e9 de retourner dans le pays d\u2019accueil s\u2019ils estiment que les conditions sont toujours invivables.<\/p>\n\n\n\n<p>A cet \u00e9gard, <em>Foreign Affairs<\/em> indique que la communaut\u00e9 internationale et le HCR devraient encourager les pays \u00e0 remplir ces obligations en liant l\u2019aide humanitaire qu\u2019ils re\u00e7oivent au respect du plan de retour des r\u00e9fugi\u00e9s. Les auteurs mentionnent le programme d\u2019aide fourni par l\u2019Union europ\u00e9enne au Liban en 2024 ainsi que l\u2019aide humanitaire que la Jordanie re\u00e7oit chaque ann\u00e9e des \u00c9tats-Unis dont le montant est de 1,2 milliard de dollars.<\/p>\n\n\n\n<figure class=\"wp-block-embed is-type-wp-embed is-provider-kapitalis wp-block-embed-kapitalis\"><div class=\"wp-block-embed__wrapper\">\n<blockquote class=\"wp-embedded-content\" data-secret=\"RThpMDyKdE\"><a href=\"https:\/\/kapitalis.com\/tunisie\/2025\/01\/20\/syrie-la-fin-dune-dictature-nest-pas-toujours-lentree-dans-une-ere-de-liberte\/\">Syrie : La fin d&rsquo;une dictature n\u2019est pas toujours l\u2019entr\u00e9e dans une \u00e8re de libert\u00e9\u00a0<\/a><\/blockquote><iframe loading=\"lazy\" class=\"wp-embedded-content\" sandbox=\"allow-scripts\" security=\"restricted\" style=\"position: absolute; visibility: hidden;\" title=\"\u00ab\u00a0Syrie : La fin d&rsquo;une dictature n\u2019est pas toujours l\u2019entr\u00e9e dans une \u00e8re de libert\u00e9\u00a0\u00a0\u00bb &#8212; Kapitalis\" src=\"https:\/\/kapitalis.com\/tunisie\/2025\/01\/20\/syrie-la-fin-dune-dictature-nest-pas-toujours-lentree-dans-une-ere-de-liberte\/embed\/#?secret=C0jX3k47ee#?secret=RThpMDyKdE\" data-secret=\"RThpMDyKdE\" width=\"600\" height=\"338\" frameborder=\"0\" marginwidth=\"0\" marginheight=\"0\" scrolling=\"no\"><\/iframe>\n<\/div><\/figure>\n\n\n\n<h2 class=\"wp-block-heading\">Abandonner les doutes sur le nouveau pouvoir<\/h2>\n\n\n\n<p>Les auteurs soulignent \u00e9galement la n\u00e9cessit\u00e9 de financer le plan qu\u2019ils proposent notant que les Nations Unies et les donateurs internationaux, y compris les \u00c9tats du Golfe, devraient fournir des incitations financi\u00e8res pour assurer un retour s\u00fbr et progressif.<\/p>\n\n\n\n<p>La gestion de cette crise n\u00e9cessite de reconstruire les institutions syriennes pour fournir des services ainsi que des efforts de m\u00e9diation dans les conflits et de ce fait, les organisations de la soci\u00e9t\u00e9 civile, qui ont jou\u00e9 un r\u00f4le crucial en fournissant de l\u2019aide tout au long de la guerre, doivent continuer \u00e0 soutenir les efforts de r\u00e9int\u00e9gration des populations qui retournent chez elles. <\/p>\n\n\n\n<p>Les auteurs appellent \u00e0 la n\u00e9cessit\u00e9 d\u2019abandonner les doutes internationaux sur le nouveau pouvoir en Syrie pour que le plan de retour des r\u00e9fugi\u00e9s r\u00e9ussisse sinon il existe un risque d\u2019un autre conflit mena\u00e7ant la vie des Syriens. <\/p>\n\n\n\n<p>Si la fen\u00eatre d\u2019opportunit\u00e9 qui s\u2019ouvre actuellement pour reconstruire la Syrie sans nouveau conflit se referme, le co\u00fbt de l\u2019inaction sera tr\u00e8s \u00e9lev\u00e9 et affectera les Syriens ainsi que les pays voisins pendant des g\u00e9n\u00e9rations. Le facteur temps est d\u00e9terminant et d\u00e9cisif, avertissent-ils.<\/p>\n","protected":false},"excerpt":{"rendered":"<p>L\u2019avenir de la Syrie reste incertain \u00e0 l\u2019heure o\u00f9 le pays est confront\u00e9 au d\u00e9fi de rapatrier des millions de r\u00e9fugi\u00e9s.<\/p>\n","protected":false},"author":8,"featured_media":15549750,"comment_status":"open","ping_status":"open","sticky":false,"template":"","format":"standard","meta":{"footnotes":""},"categories":[992,997,2433],"tags":[81405,8076,120782,113306,3244,873],"class_list":["post-15549625","post","type-post","status-publish","format-standard","has-post-thumbnail","hentry","category-a-la-une","category-politique","category-tunisie","tag-aide-humanitaire","tag-alep","tag-raqqa","tag-refugees-international","tag-refugies","tag-syrie"],"yoast_head":"<!-- This site is optimized with the Yoast SEO plugin v26.6 - https:\/\/yoast.com\/wordpress\/plugins\/seo\/ -->\n<title>La r\u00e9int\u00e9gration des r\u00e9fugi\u00e9s de retour est le plus grand d\u00e9fi de la Syrie - Kapitalis<\/title>\n<meta name=\"robots\" content=\"index, follow, max-snippet:-1, max-image-preview:large, max-video-preview:-1\" \/>\n<link rel=\"canonical\" href=\"https:\/\/kapitalis.com\/tunisie\/2025\/02\/15\/la-reintegration-des-refugies-de-retour-est-le-plus-grand-defi-de-la-syrie\/\" \/>\n<meta property=\"og:locale\" content=\"fr_FR\" \/>\n<meta property=\"og:type\" content=\"article\" \/>\n<meta property=\"og:title\" content=\"La r\u00e9int\u00e9gration des r\u00e9fugi\u00e9s de retour est le plus grand d\u00e9fi de la Syrie - Kapitalis\" \/>\n<meta property=\"og:description\" content=\"L\u2019avenir de la Syrie reste incertain \u00e0 l\u2019heure o\u00f9 le pays est confront\u00e9 au d\u00e9fi de rapatrier des millions de r\u00e9fugi\u00e9s.\" \/>\n<meta property=\"og:url\" content=\"https:\/\/kapitalis.com\/tunisie\/2025\/02\/15\/la-reintegration-des-refugies-de-retour-est-le-plus-grand-defi-de-la-syrie\/\" \/>\n<meta property=\"og:site_name\" content=\"Kapitalis\" \/>\n<meta property=\"article:publisher\" content=\"https:\/\/www.facebook.com\/KapitalisInfo\/\" \/>\n<meta property=\"article:published_time\" content=\"2025-02-15T08:07:42+00:00\" \/>\n<meta property=\"article:modified_time\" content=\"2025-02-15T08:07:43+00:00\" \/>\n<meta property=\"og:image\" content=\"https:\/\/kapitalis.com\/tunisie\/wp-content\/uploads\/2025\/02\/Refugiees-syriennes-Liban.jpg\" \/>\n\t<meta property=\"og:image:width\" content=\"1200\" \/>\n\t<meta property=\"og:image:height\" content=\"630\" \/>\n\t<meta property=\"og:image:type\" content=\"image\/jpeg\" \/>\n<meta name=\"author\" content=\"webmaster kapitalis\" \/>\n<meta name=\"twitter:card\" content=\"summary_large_image\" \/>\n<meta name=\"twitter:creator\" content=\"@KapitalisInfo\" \/>\n<meta name=\"twitter:site\" content=\"@KapitalisInfo\" \/>\n<meta name=\"twitter:label1\" content=\"\u00c9crit par\" \/>\n\t<meta name=\"twitter:data1\" content=\"webmaster kapitalis\" \/>\n\t<meta name=\"twitter:label2\" content=\"Dur\u00e9e de lecture estim\u00e9e\" \/>\n\t<meta name=\"twitter:data2\" content=\"5 minutes\" \/>\n<script type=\"application\/ld+json\" class=\"yoast-schema-graph\">{\"@context\":\"https:\/\/schema.org\",\"@graph\":[{\"@type\":\"Article\",\"@id\":\"https:\/\/kapitalis.com\/tunisie\/2025\/02\/15\/la-reintegration-des-refugies-de-retour-est-le-plus-grand-defi-de-la-syrie\/#article\",\"isPartOf\":{\"@id\":\"https:\/\/kapitalis.com\/tunisie\/2025\/02\/15\/la-reintegration-des-refugies-de-retour-est-le-plus-grand-defi-de-la-syrie\/\"},\"author\":{\"name\":\"webmaster kapitalis\",\"@id\":\"https:\/\/kapitalis.com\/tunisie\/#\/schema\/person\/d71f33a9ca44f7bad4698210b480c8e9\"},\"headline\":\"La r\u00e9int\u00e9gration des r\u00e9fugi\u00e9s de retour est le plus grand d\u00e9fi de la Syrie\",\"datePublished\":\"2025-02-15T08:07:42+00:00\",\"dateModified\":\"2025-02-15T08:07:43+00:00\",\"mainEntityOfPage\":{\"@id\":\"https:\/\/kapitalis.com\/tunisie\/2025\/02\/15\/la-reintegration-des-refugies-de-retour-est-le-plus-grand-defi-de-la-syrie\/\"},\"wordCount\":920,\"commentCount\":0,\"publisher\":{\"@id\":\"https:\/\/kapitalis.com\/tunisie\/#organization\"},\"image\":{\"@id\":\"https:\/\/kapitalis.com\/tunisie\/2025\/02\/15\/la-reintegration-des-refugies-de-retour-est-le-plus-grand-defi-de-la-syrie\/#primaryimage\"},\"thumbnailUrl\":\"https:\/\/kapitalis.com\/tunisie\/wp-content\/uploads\/2025\/02\/Refugiees-syriennes-Liban.jpg\",\"keywords\":[\"aide humanitaire\",\"Alep\",\"Raqqa\",\"Refugees International\",\"r\u00e9fugi\u00e9s\",\"Syrie\"],\"articleSection\":[\"A LA UNE\",\"POLITIQUE\",\"Tunisie\"],\"inLanguage\":\"fr-FR\",\"potentialAction\":[{\"@type\":\"CommentAction\",\"name\":\"Comment\",\"target\":[\"https:\/\/kapitalis.com\/tunisie\/2025\/02\/15\/la-reintegration-des-refugies-de-retour-est-le-plus-grand-defi-de-la-syrie\/#respond\"]}]},{\"@type\":\"WebPage\",\"@id\":\"https:\/\/kapitalis.com\/tunisie\/2025\/02\/15\/la-reintegration-des-refugies-de-retour-est-le-plus-grand-defi-de-la-syrie\/\",\"url\":\"https:\/\/kapitalis.com\/tunisie\/2025\/02\/15\/la-reintegration-des-refugies-de-retour-est-le-plus-grand-defi-de-la-syrie\/\",\"name\":\"La r\u00e9int\u00e9gration des r\u00e9fugi\u00e9s de retour est le plus grand d\u00e9fi de la Syrie - Kapitalis\",\"isPartOf\":{\"@id\":\"https:\/\/kapitalis.com\/tunisie\/#website\"},\"primaryImageOfPage\":{\"@id\":\"https:\/\/kapitalis.com\/tunisie\/2025\/02\/15\/la-reintegration-des-refugies-de-retour-est-le-plus-grand-defi-de-la-syrie\/#primaryimage\"},\"image\":{\"@id\":\"https:\/\/kapitalis.com\/tunisie\/2025\/02\/15\/la-reintegration-des-refugies-de-retour-est-le-plus-grand-defi-de-la-syrie\/#primaryimage\"},\"thumbnailUrl\":\"https:\/\/kapitalis.com\/tunisie\/wp-content\/uploads\/2025\/02\/Refugiees-syriennes-Liban.jpg\",\"datePublished\":\"2025-02-15T08:07:42+00:00\",\"dateModified\":\"2025-02-15T08:07:43+00:00\",\"breadcrumb\":{\"@id\":\"https:\/\/kapitalis.com\/tunisie\/2025\/02\/15\/la-reintegration-des-refugies-de-retour-est-le-plus-grand-defi-de-la-syrie\/#breadcrumb\"},\"inLanguage\":\"fr-FR\",\"potentialAction\":[{\"@type\":\"ReadAction\",\"target\":[\"https:\/\/kapitalis.com\/tunisie\/2025\/02\/15\/la-reintegration-des-refugies-de-retour-est-le-plus-grand-defi-de-la-syrie\/\"]}]},{\"@type\":\"ImageObject\",\"inLanguage\":\"fr-FR\",\"@id\":\"https:\/\/kapitalis.com\/tunisie\/2025\/02\/15\/la-reintegration-des-refugies-de-retour-est-le-plus-grand-defi-de-la-syrie\/#primaryimage\",\"url\":\"https:\/\/kapitalis.com\/tunisie\/wp-content\/uploads\/2025\/02\/Refugiees-syriennes-Liban.jpg\",\"contentUrl\":\"https:\/\/kapitalis.com\/tunisie\/wp-content\/uploads\/2025\/02\/Refugiees-syriennes-Liban.jpg\",\"width\":1200,\"height\":630},{\"@type\":\"BreadcrumbList\",\"@id\":\"https:\/\/kapitalis.com\/tunisie\/2025\/02\/15\/la-reintegration-des-refugies-de-retour-est-le-plus-grand-defi-de-la-syrie\/#breadcrumb\",\"itemListElement\":[{\"@type\":\"ListItem\",\"position\":1,\"name\":\"Accueil\",\"item\":\"https:\/\/kapitalis.com\/tunisie\/\"},{\"@type\":\"ListItem\",\"position\":2,\"name\":\"La r\u00e9int\u00e9gration des r\u00e9fugi\u00e9s de retour est le plus grand d\u00e9fi de la Syrie\"}]},{\"@type\":\"WebSite\",\"@id\":\"https:\/\/kapitalis.com\/tunisie\/#website\",\"url\":\"https:\/\/kapitalis.com\/tunisie\/\",\"name\":\"Kapitalis\",\"description\":\"L&#039;actualit\u00e9 en Tunisie et dans le monde\",\"publisher\":{\"@id\":\"https:\/\/kapitalis.com\/tunisie\/#organization\"},\"potentialAction\":[{\"@type\":\"SearchAction\",\"target\":{\"@type\":\"EntryPoint\",\"urlTemplate\":\"https:\/\/kapitalis.com\/tunisie\/?s={search_term_string}\"},\"query-input\":{\"@type\":\"PropertyValueSpecification\",\"valueRequired\":true,\"valueName\":\"search_term_string\"}}],\"inLanguage\":\"fr-FR\"},{\"@type\":\"Organization\",\"@id\":\"https:\/\/kapitalis.com\/tunisie\/#organization\",\"name\":\"Kapitalis\",\"url\":\"https:\/\/kapitalis.com\/tunisie\/\",\"logo\":{\"@type\":\"ImageObject\",\"inLanguage\":\"fr-FR\",\"@id\":\"https:\/\/kapitalis.com\/tunisie\/#\/schema\/logo\/image\/\",\"url\":\"https:\/\/kapitalis.com\/tunisie\/wp-content\/uploads\/2022\/05\/Kapitalis-big-size.png\",\"contentUrl\":\"https:\/\/kapitalis.com\/tunisie\/wp-content\/uploads\/2022\/05\/Kapitalis-big-size.png\",\"width\":5000,\"height\":1500,\"caption\":\"Kapitalis\"},\"image\":{\"@id\":\"https:\/\/kapitalis.com\/tunisie\/#\/schema\/logo\/image\/\"},\"sameAs\":[\"https:\/\/www.facebook.com\/KapitalisInfo\/\",\"https:\/\/x.com\/KapitalisInfo\",\"https:\/\/www.youtube.com\/channel\/UC-yDYrHyfFBWWZaOw3FPg9Q\"]},{\"@type\":\"Person\",\"@id\":\"https:\/\/kapitalis.com\/tunisie\/#\/schema\/person\/d71f33a9ca44f7bad4698210b480c8e9\",\"name\":\"webmaster kapitalis\",\"url\":\"https:\/\/kapitalis.com\/tunisie\/author\/webmaster-kapitalis\/\"}]}<\/script>\n<!-- \/ Yoast SEO plugin. -->","yoast_head_json":{"title":"La r\u00e9int\u00e9gration des r\u00e9fugi\u00e9s de retour est le plus grand d\u00e9fi de la Syrie - Kapitalis","robots":{"index":"index","follow":"follow","max-snippet":"max-snippet:-1","max-image-preview":"max-image-preview:large","max-video-preview":"max-video-preview:-1"},"canonical":"https:\/\/kapitalis.com\/tunisie\/2025\/02\/15\/la-reintegration-des-refugies-de-retour-est-le-plus-grand-defi-de-la-syrie\/","og_locale":"fr_FR","og_type":"article","og_title":"La r\u00e9int\u00e9gration des r\u00e9fugi\u00e9s de retour est le plus grand d\u00e9fi de la Syrie - Kapitalis","og_description":"L\u2019avenir de la Syrie reste incertain \u00e0 l\u2019heure o\u00f9 le pays est confront\u00e9 au d\u00e9fi de rapatrier des millions de r\u00e9fugi\u00e9s.","og_url":"https:\/\/kapitalis.com\/tunisie\/2025\/02\/15\/la-reintegration-des-refugies-de-retour-est-le-plus-grand-defi-de-la-syrie\/","og_site_name":"Kapitalis","article_publisher":"https:\/\/www.facebook.com\/KapitalisInfo\/","article_published_time":"2025-02-15T08:07:42+00:00","article_modified_time":"2025-02-15T08:07:43+00:00","og_image":[{"width":1200,"height":630,"url":"https:\/\/kapitalis.com\/tunisie\/wp-content\/uploads\/2025\/02\/Refugiees-syriennes-Liban.jpg","type":"image\/jpeg"}],"author":"webmaster kapitalis","twitter_card":"summary_large_image","twitter_creator":"@KapitalisInfo","twitter_site":"@KapitalisInfo","twitter_misc":{"\u00c9crit par":"webmaster kapitalis","Dur\u00e9e de lecture estim\u00e9e":"5 minutes"},"schema":{"@context":"https:\/\/schema.org","@graph":[{"@type":"Article","@id":"https:\/\/kapitalis.com\/tunisie\/2025\/02\/15\/la-reintegration-des-refugies-de-retour-est-le-plus-grand-defi-de-la-syrie\/#article","isPartOf":{"@id":"https:\/\/kapitalis.com\/tunisie\/2025\/02\/15\/la-reintegration-des-refugies-de-retour-est-le-plus-grand-defi-de-la-syrie\/"},"author":{"name":"webmaster kapitalis","@id":"https:\/\/kapitalis.com\/tunisie\/#\/schema\/person\/d71f33a9ca44f7bad4698210b480c8e9"},"headline":"La r\u00e9int\u00e9gration des r\u00e9fugi\u00e9s de retour est le plus grand d\u00e9fi de la Syrie","datePublished":"2025-02-15T08:07:42+00:00","dateModified":"2025-02-15T08:07:43+00:00","mainEntityOfPage":{"@id":"https:\/\/kapitalis.com\/tunisie\/2025\/02\/15\/la-reintegration-des-refugies-de-retour-est-le-plus-grand-defi-de-la-syrie\/"},"wordCount":920,"commentCount":0,"publisher":{"@id":"https:\/\/kapitalis.com\/tunisie\/#organization"},"image":{"@id":"https:\/\/kapitalis.com\/tunisie\/2025\/02\/15\/la-reintegration-des-refugies-de-retour-est-le-plus-grand-defi-de-la-syrie\/#primaryimage"},"thumbnailUrl":"https:\/\/kapitalis.com\/tunisie\/wp-content\/uploads\/2025\/02\/Refugiees-syriennes-Liban.jpg","keywords":["aide humanitaire","Alep","Raqqa","Refugees International","r\u00e9fugi\u00e9s","Syrie"],"articleSection":["A LA UNE","POLITIQUE","Tunisie"],"inLanguage":"fr-FR","potentialAction":[{"@type":"CommentAction","name":"Comment","target":["https:\/\/kapitalis.com\/tunisie\/2025\/02\/15\/la-reintegration-des-refugies-de-retour-est-le-plus-grand-defi-de-la-syrie\/#respond"]}]},{"@type":"WebPage","@id":"https:\/\/kapitalis.com\/tunisie\/2025\/02\/15\/la-reintegration-des-refugies-de-retour-est-le-plus-grand-defi-de-la-syrie\/","url":"https:\/\/kapitalis.com\/tunisie\/2025\/02\/15\/la-reintegration-des-refugies-de-retour-est-le-plus-grand-defi-de-la-syrie\/","name":"La r\u00e9int\u00e9gration des r\u00e9fugi\u00e9s de retour est le plus grand d\u00e9fi de la Syrie - Kapitalis","isPartOf":{"@id":"https:\/\/kapitalis.com\/tunisie\/#website"},"primaryImageOfPage":{"@id":"https:\/\/kapitalis.com\/tunisie\/2025\/02\/15\/la-reintegration-des-refugies-de-retour-est-le-plus-grand-defi-de-la-syrie\/#primaryimage"},"image":{"@id":"https:\/\/kapitalis.com\/tunisie\/2025\/02\/15\/la-reintegration-des-refugies-de-retour-est-le-plus-grand-defi-de-la-syrie\/#primaryimage"},"thumbnailUrl":"https:\/\/kapitalis.com\/tunisie\/wp-content\/uploads\/2025\/02\/Refugiees-syriennes-Liban.jpg","datePublished":"2025-02-15T08:07:42+00:00","dateModified":"2025-02-15T08:07:43+00:00","breadcrumb":{"@id":"https:\/\/kapitalis.com\/tunisie\/2025\/02\/15\/la-reintegration-des-refugies-de-retour-est-le-plus-grand-defi-de-la-syrie\/#breadcrumb"},"inLanguage":"fr-FR","potentialAction":[{"@type":"ReadAction","target":["https:\/\/kapitalis.com\/tunisie\/2025\/02\/15\/la-reintegration-des-refugies-de-retour-est-le-plus-grand-defi-de-la-syrie\/"]}]},{"@type":"ImageObject","inLanguage":"fr-FR","@id":"https:\/\/kapitalis.com\/tunisie\/2025\/02\/15\/la-reintegration-des-refugies-de-retour-est-le-plus-grand-defi-de-la-syrie\/#primaryimage","url":"https:\/\/kapitalis.com\/tunisie\/wp-content\/uploads\/2025\/02\/Refugiees-syriennes-Liban.jpg","contentUrl":"https:\/\/kapitalis.com\/tunisie\/wp-content\/uploads\/2025\/02\/Refugiees-syriennes-Liban.jpg","width":1200,"height":630},{"@type":"BreadcrumbList","@id":"https:\/\/kapitalis.com\/tunisie\/2025\/02\/15\/la-reintegration-des-refugies-de-retour-est-le-plus-grand-defi-de-la-syrie\/#breadcrumb","itemListElement":[{"@type":"ListItem","position":1,"name":"Accueil","item":"https:\/\/kapitalis.com\/tunisie\/"},{"@type":"ListItem","position":2,"name":"La r\u00e9int\u00e9gration des r\u00e9fugi\u00e9s de retour est le plus grand d\u00e9fi de la Syrie"}]},{"@type":"WebSite","@id":"https:\/\/kapitalis.com\/tunisie\/#website","url":"https:\/\/kapitalis.com\/tunisie\/","name":"Kapitalis","description":"L&#039;actualit\u00e9 en Tunisie et dans le monde","publisher":{"@id":"https:\/\/kapitalis.com\/tunisie\/#organization"},"potentialAction":[{"@type":"SearchAction","target":{"@type":"EntryPoint","urlTemplate":"https:\/\/kapitalis.com\/tunisie\/?s={search_term_string}"},"query-input":{"@type":"PropertyValueSpecification","valueRequired":true,"valueName":"search_term_string"}}],"inLanguage":"fr-FR"},{"@type":"Organization","@id":"https:\/\/kapitalis.com\/tunisie\/#organization","name":"Kapitalis","url":"https:\/\/kapitalis.com\/tunisie\/","logo":{"@type":"ImageObject","inLanguage":"fr-FR","@id":"https:\/\/kapitalis.com\/tunisie\/#\/schema\/logo\/image\/","url":"https:\/\/kapitalis.com\/tunisie\/wp-content\/uploads\/2022\/05\/Kapitalis-big-size.png","contentUrl":"https:\/\/kapitalis.com\/tunisie\/wp-content\/uploads\/2022\/05\/Kapitalis-big-size.png","width":5000,"height":1500,"caption":"Kapitalis"},"image":{"@id":"https:\/\/kapitalis.com\/tunisie\/#\/schema\/logo\/image\/"},"sameAs":["https:\/\/www.facebook.com\/KapitalisInfo\/","https:\/\/x.com\/KapitalisInfo","https:\/\/www.youtube.com\/channel\/UC-yDYrHyfFBWWZaOw3FPg9Q"]},{"@type":"Person","@id":"https:\/\/kapitalis.com\/tunisie\/#\/schema\/person\/d71f33a9ca44f7bad4698210b480c8e9","name":"webmaster kapitalis","url":"https:\/\/kapitalis.com\/tunisie\/author\/webmaster-kapitalis\/"}]}},"_links":{"self":[{"href":"https:\/\/kapitalis.com\/tunisie\/wp-json\/wp\/v2\/posts\/15549625","targetHints":{"allow":["GET"]}}],"collection":[{"href":"https:\/\/kapitalis.com\/tunisie\/wp-json\/wp\/v2\/posts"}],"about":[{"href":"https:\/\/kapitalis.com\/tunisie\/wp-json\/wp\/v2\/types\/post"}],"author":[{"embeddable":true,"href":"https:\/\/kapitalis.com\/tunisie\/wp-json\/wp\/v2\/users\/8"}],"replies":[{"embeddable":true,"href":"https:\/\/kapitalis.com\/tunisie\/wp-json\/wp\/v2\/comments?post=15549625"}],"version-history":[{"count":1,"href":"https:\/\/kapitalis.com\/tunisie\/wp-json\/wp\/v2\/posts\/15549625\/revisions"}],"predecessor-version":[{"id":15549796,"href":"https:\/\/kapitalis.com\/tunisie\/wp-json\/wp\/v2\/posts\/15549625\/revisions\/15549796"}],"wp:featuredmedia":[{"embeddable":true,"href":"https:\/\/kapitalis.com\/tunisie\/wp-json\/wp\/v2\/media\/15549750"}],"wp:attachment":[{"href":"https:\/\/kapitalis.com\/tunisie\/wp-json\/wp\/v2\/media?parent=15549625"}],"wp:term":[{"taxonomy":"category","embeddable":true,"href":"https:\/\/kapitalis.com\/tunisie\/wp-json\/wp\/v2\/categories?post=15549625"},{"taxonomy":"post_tag","embeddable":true,"href":"https:\/\/kapitalis.com\/tunisie\/wp-json\/wp\/v2\/tags?post=15549625"}],"curies":[{"name":"wp","href":"https:\/\/api.w.org\/{rel}","templated":true}]}}