{"id":155538,"date":"2018-05-22T17:54:54","date_gmt":"2018-05-22T16:54:54","guid":{"rendered":"http:\/\/kapitalis.com\/tunisie\/?p=155538"},"modified":"2018-05-23T09:22:36","modified_gmt":"2018-05-23T08:22:36","slug":"affaire-usbg-egsg-zones-dombres-et-odeurs-de-pourri","status":"publish","type":"post","link":"https:\/\/kapitalis.com\/tunisie\/2018\/05\/22\/affaire-usbg-egsg-zones-dombres-et-odeurs-de-pourri\/","title":{"rendered":"Affaire USBG-EGSG : Zones d\u2019ombres et odeurs de pourri"},"content":{"rendered":"<p style=\"text-align: center;\"><img loading=\"lazy\" decoding=\"async\" class=\"alignnone size-full wp-image-154933\" src=\"http:\/\/kapitalis.com\/tunisie\/wp-content\/uploads\/2018\/05\/US-Ben-Guerdane-El-Gawafel-de-Gafsa.jpg\" alt=\"\" width=\"626\" height=\"380\" \/><\/p>\n<p><em><strong>L\u2019avocat de l\u2019Union sportive de Ben Guerdane (USBG), Anis Ben Mime, a d\u00e9clar\u00e9 hier, lundi 21 mai 2018, que la position du club est solide, dans le litige l\u2019opposant \u00e0 El Gawafel sportives de Gafsa (RGSG), \u00e0 propos du match de barrage pour le maintien en Ligue 1 <a href=\"http:\/\/kapitalis.com\/tunisie\/2018\/05\/19\/ligue-1-barrages-le-match-ben-guerdane-gafsa-interrompu-a-la-65e-minute\/\">interrompu par l&rsquo;arbitre<\/a>.<\/strong> <\/em><\/p>\n<p><!--more--><\/p>\n<p><em>\u00abLes rapports ont confirm\u00e9 le retrait et la d\u00e9cision d\u2019interrompre le match a respect\u00e9 les proc\u00e9dures l\u00e9gales\u00bb<\/em>, a d\u00e9clar\u00e9 Ben Mime apr\u00e8s l\u2019entrevue avec les membres de la commission d\u00e9sign\u00e9e par le bureau f\u00e9d\u00e9ral pour instruire l\u2019enqu\u00eate sur cette rencontre.<\/p>\n<p><em>\u00abNous avons constat\u00e9 que les rapports incluaient tous les faits, y compris l\u2019exploitation de l\u2019\u00e9v\u00e9nement \u00e0 des fins politiques\u00bb<\/em>, a ajout\u00e9 le pr\u00e9sident de l\u2019USBG, Mongi Lassoued, apr\u00e8s l\u2019audience.<\/p>\n<p>En revanche, l\u2019avocat d\u2019El Gawafel, Ali Abbes, insiste pour faire rejouer le match. <em>\u00ab\u00c0 mon avis, la rencontre doit \u00eatre rejou\u00e9e, car il y a des contradictions entre le rapport de l\u2019arbitre et celui du commissaire du match\u00bb<\/em>, affirme Ali Abbes, laissant entendre qu\u2019il y a doute quant \u00e0 la neutralit\u00e9 de certaines parties.<\/p>\n<p>EGS Gafsa soutient que ses joueurs ne se sont pas retir\u00e9s du terrain. Ils \u00e9taient l\u00e0 mais l\u2019arbitre Sadok Selmi s\u2019est pr\u00e9cipit\u00e9 pour siffler l\u2019interruption de la rencontre.<\/p>\n<p>Les dispositions l\u00e9gales pour annoncer la fin de la rencontre n\u2019ont pas \u00e9t\u00e9 respect\u00e9es par le trio arbitral, explique encore l\u2019avocat d\u2019El Gawafel, car l\u2019arbitre n\u2019a pas signifi\u00e9 sa d\u00e9cision d\u2019interrompre le jeu au responsable administratif de l\u2019\u00e9quipe.<\/p>\n<p>Ridha Mhamdi, pr\u00e9sident d\u2019El Gawafel pr\u00e9cise de son c\u00f4t\u00e9 que son \u00e9quipe s\u2019est arr\u00eat\u00e9e de jouer, <em>\u00abparce que le vice-pr\u00e9sident de l\u2019USBG, Aymen Chandoul, est entr\u00e9 sur le terrain. \u00c0 ce moment-l\u00e0, on a demand\u00e9 \u00e0 r\u00e9diger des r\u00e9serves contre cette intrusion d\u2019un responsable sous le coup d\u2019une suspension\u00bb.<\/em><\/p>\n<p>Le vice-pr\u00e9sident de Gafsa, Rabii Belkhodja, explique que <em>\u00abl\u2019arbitre est responsable de ce qui est arriv\u00e9. Nous avons d\u00e9couvert au cours de la r\u00e9union des faits nouveaux\u00bb<\/em>. Il ne dit pas plus, laissant planer le doute sur des c\u00f4t\u00e9s de l\u2019affaire.<\/p>\n<p>La commission doit entendre aujourd\u2019hui les arbitres de la rencontre mais l\u2019affaire sent <em>\u00able pourri\u00bb<\/em>. Si elle n\u2019est pas r\u00e9gl\u00e9e \u00e0 temps, la situation risque de d\u00e9g\u00e9n\u00e9rer et devenir incontr\u00f4lable.<\/p>\n<p style=\"text-align: right;\"><strong>H. M.<\/strong><\/p>\n<blockquote class=\"wp-embedded-content\" data-secret=\"Gd0y4MFSQO\"><p><a href=\"https:\/\/kapitalis.com\/tunisie\/2018\/05\/20\/affaire-el-gawafel-le-football-tunisien-aux-mains-de-girouettes\/\">Affaire El Gawafel : Le football tunisien aux mains de girouettes<\/a><\/p><\/blockquote>\n<p><iframe loading=\"lazy\" class=\"wp-embedded-content\" sandbox=\"allow-scripts\" security=\"restricted\" style=\"position: absolute; clip: rect(1px, 1px, 1px, 1px);\" title=\"\u00ab\u00a0Affaire El Gawafel : Le football tunisien aux mains de girouettes\u00a0\u00bb &#8212; Kapitalis\" src=\"https:\/\/kapitalis.com\/tunisie\/2018\/05\/20\/affaire-el-gawafel-le-football-tunisien-aux-mains-de-girouettes\/embed\/#?secret=HdZffem2Ow#?secret=Gd0y4MFSQO\" data-secret=\"Gd0y4MFSQO\" width=\"600\" height=\"338\" frameborder=\"0\" marginwidth=\"0\" marginheight=\"0\" scrolling=\"no\"><\/iframe><\/p>\n<blockquote class=\"wp-embedded-content\" data-secret=\"yfzRLMWjfv\"><p><a href=\"https:\/\/kapitalis.com\/tunisie\/2018\/05\/19\/ben-guerdane-gafsa-que-faisaient-toubel-et-amroussia-sur-la-pelouse\/\">Ben Guerdane-Gafsa : Que faisaient Toubel et Amroussia sur la pelouse?<\/a><\/p><\/blockquote>\n<p><iframe loading=\"lazy\" class=\"wp-embedded-content\" sandbox=\"allow-scripts\" security=\"restricted\" style=\"position: absolute; clip: rect(1px, 1px, 1px, 1px);\" title=\"\u00ab\u00a0Ben Guerdane-Gafsa : Que faisaient Toubel et Amroussia sur la pelouse?\u00a0\u00bb &#8212; Kapitalis\" src=\"https:\/\/kapitalis.com\/tunisie\/2018\/05\/19\/ben-guerdane-gafsa-que-faisaient-toubel-et-amroussia-sur-la-pelouse\/embed\/#?secret=JGSDd8LCrl#?secret=yfzRLMWjfv\" data-secret=\"yfzRLMWjfv\" width=\"600\" height=\"338\" frameborder=\"0\" marginwidth=\"0\" marginheight=\"0\" scrolling=\"no\"><\/iframe><\/p>\n","protected":false},"excerpt":{"rendered":"<p>L\u2019avocat de l\u2019Union sportive de Ben Guerdane (USBG), Anis Ben Mime, a d\u00e9clar\u00e9 hier, lundi 21 mai 2018, que la position du club est solide, dans le litige l\u2019opposant \u00e0 El Gawafel sportives de Gafsa (RGSG), \u00e0 propos du match de barrage pour le maintien en Ligue 1 interrompu par l&rsquo;arbitre.<\/p>\n","protected":false},"author":8,"featured_media":0,"comment_status":"open","ping_status":"open","sticky":false,"template":"","format":"standard","meta":{"footnotes":""},"categories":[999,2433],"tags":[39719,12162,16252,32571],"class_list":["post-155538","post","type-post","status-publish","format-standard","hentry","category-sport","category-tunisie","tag-aymen-chandoul","tag-el-gawafel-sportives-de-gafsa","tag-sadok-selmi","tag-union-sportive-de-ben-guerdane"],"yoast_head":"<!-- This site is optimized with the Yoast SEO plugin v26.6 - https:\/\/yoast.com\/wordpress\/plugins\/seo\/ -->\n<title>Affaire USBG-EGSG : Zones d\u2019ombres et odeurs de pourri - Kapitalis<\/title>\n<meta name=\"robots\" content=\"index, follow, max-snippet:-1, max-image-preview:large, max-video-preview:-1\" \/>\n<link rel=\"canonical\" href=\"https:\/\/kapitalis.com\/tunisie\/2018\/05\/22\/affaire-usbg-egsg-zones-dombres-et-odeurs-de-pourri\/\" \/>\n<meta property=\"og:locale\" content=\"fr_FR\" \/>\n<meta property=\"og:type\" content=\"article\" \/>\n<meta property=\"og:title\" content=\"Affaire USBG-EGSG : Zones d\u2019ombres et odeurs de pourri - Kapitalis\" \/>\n<meta property=\"og:description\" content=\"L\u2019avocat de l\u2019Union sportive de Ben Guerdane (USBG), Anis Ben Mime, a d\u00e9clar\u00e9 hier, lundi 21 mai 2018, que la position du club est solide, dans le litige l\u2019opposant \u00e0 El Gawafel sportives de Gafsa (RGSG), \u00e0 propos du match de barrage pour le maintien en Ligue 1 interrompu par l&rsquo;arbitre.\" \/>\n<meta property=\"og:url\" content=\"https:\/\/kapitalis.com\/tunisie\/2018\/05\/22\/affaire-usbg-egsg-zones-dombres-et-odeurs-de-pourri\/\" \/>\n<meta property=\"og:site_name\" content=\"Kapitalis\" \/>\n<meta property=\"article:publisher\" content=\"https:\/\/www.facebook.com\/KapitalisInfo\/\" \/>\n<meta property=\"article:published_time\" content=\"2018-05-22T16:54:54+00:00\" \/>\n<meta property=\"article:modified_time\" content=\"2018-05-23T08:22:36+00:00\" \/>\n<meta property=\"og:image\" content=\"http:\/\/kapitalis.com\/tunisie\/wp-content\/uploads\/2018\/05\/US-Ben-Guerdane-El-Gawafel-de-Gafsa.jpg\" \/>\n<meta name=\"author\" content=\"webmaster kapitalis\" \/>\n<meta name=\"twitter:card\" content=\"summary_large_image\" \/>\n<meta name=\"twitter:creator\" content=\"@KapitalisInfo\" \/>\n<meta name=\"twitter:site\" content=\"@KapitalisInfo\" \/>\n<meta name=\"twitter:label1\" content=\"\u00c9crit par\" \/>\n\t<meta name=\"twitter:data1\" content=\"webmaster kapitalis\" \/>\n\t<meta name=\"twitter:label2\" content=\"Dur\u00e9e de lecture estim\u00e9e\" \/>\n\t<meta name=\"twitter:data2\" content=\"2 minutes\" \/>\n<script type=\"application\/ld+json\" class=\"yoast-schema-graph\">{\"@context\":\"https:\/\/schema.org\",\"@graph\":[{\"@type\":\"Article\",\"@id\":\"https:\/\/kapitalis.com\/tunisie\/2018\/05\/22\/affaire-usbg-egsg-zones-dombres-et-odeurs-de-pourri\/#article\",\"isPartOf\":{\"@id\":\"https:\/\/kapitalis.com\/tunisie\/2018\/05\/22\/affaire-usbg-egsg-zones-dombres-et-odeurs-de-pourri\/\"},\"author\":{\"name\":\"webmaster kapitalis\",\"@id\":\"https:\/\/kapitalis.com\/tunisie\/#\/schema\/person\/d71f33a9ca44f7bad4698210b480c8e9\"},\"headline\":\"Affaire USBG-EGSG : Zones d\u2019ombres et odeurs de pourri\",\"datePublished\":\"2018-05-22T16:54:54+00:00\",\"dateModified\":\"2018-05-23T08:22:36+00:00\",\"mainEntityOfPage\":{\"@id\":\"https:\/\/kapitalis.com\/tunisie\/2018\/05\/22\/affaire-usbg-egsg-zones-dombres-et-odeurs-de-pourri\/\"},\"wordCount\":443,\"commentCount\":0,\"publisher\":{\"@id\":\"https:\/\/kapitalis.com\/tunisie\/#organization\"},\"image\":{\"@id\":\"https:\/\/kapitalis.com\/tunisie\/2018\/05\/22\/affaire-usbg-egsg-zones-dombres-et-odeurs-de-pourri\/#primaryimage\"},\"thumbnailUrl\":\"http:\/\/kapitalis.com\/tunisie\/wp-content\/uploads\/2018\/05\/US-Ben-Guerdane-El-Gawafel-de-Gafsa.jpg\",\"keywords\":[\"Aymen Chandoul\",\"El Gawafel sportives de Gafsa\",\"Sadok Selmi\",\"Union sportive de Ben Guerdane\"],\"articleSection\":[\"SPORT\",\"Tunisie\"],\"inLanguage\":\"fr-FR\",\"potentialAction\":[{\"@type\":\"CommentAction\",\"name\":\"Comment\",\"target\":[\"https:\/\/kapitalis.com\/tunisie\/2018\/05\/22\/affaire-usbg-egsg-zones-dombres-et-odeurs-de-pourri\/#respond\"]}]},{\"@type\":\"WebPage\",\"@id\":\"https:\/\/kapitalis.com\/tunisie\/2018\/05\/22\/affaire-usbg-egsg-zones-dombres-et-odeurs-de-pourri\/\",\"url\":\"https:\/\/kapitalis.com\/tunisie\/2018\/05\/22\/affaire-usbg-egsg-zones-dombres-et-odeurs-de-pourri\/\",\"name\":\"Affaire USBG-EGSG : Zones d\u2019ombres et odeurs de pourri - Kapitalis\",\"isPartOf\":{\"@id\":\"https:\/\/kapitalis.com\/tunisie\/#website\"},\"primaryImageOfPage\":{\"@id\":\"https:\/\/kapitalis.com\/tunisie\/2018\/05\/22\/affaire-usbg-egsg-zones-dombres-et-odeurs-de-pourri\/#primaryimage\"},\"image\":{\"@id\":\"https:\/\/kapitalis.com\/tunisie\/2018\/05\/22\/affaire-usbg-egsg-zones-dombres-et-odeurs-de-pourri\/#primaryimage\"},\"thumbnailUrl\":\"http:\/\/kapitalis.com\/tunisie\/wp-content\/uploads\/2018\/05\/US-Ben-Guerdane-El-Gawafel-de-Gafsa.jpg\",\"datePublished\":\"2018-05-22T16:54:54+00:00\",\"dateModified\":\"2018-05-23T08:22:36+00:00\",\"breadcrumb\":{\"@id\":\"https:\/\/kapitalis.com\/tunisie\/2018\/05\/22\/affaire-usbg-egsg-zones-dombres-et-odeurs-de-pourri\/#breadcrumb\"},\"inLanguage\":\"fr-FR\",\"potentialAction\":[{\"@type\":\"ReadAction\",\"target\":[\"https:\/\/kapitalis.com\/tunisie\/2018\/05\/22\/affaire-usbg-egsg-zones-dombres-et-odeurs-de-pourri\/\"]}]},{\"@type\":\"ImageObject\",\"inLanguage\":\"fr-FR\",\"@id\":\"https:\/\/kapitalis.com\/tunisie\/2018\/05\/22\/affaire-usbg-egsg-zones-dombres-et-odeurs-de-pourri\/#primaryimage\",\"url\":\"http:\/\/kapitalis.com\/tunisie\/wp-content\/uploads\/2018\/05\/US-Ben-Guerdane-El-Gawafel-de-Gafsa.jpg\",\"contentUrl\":\"http:\/\/kapitalis.com\/tunisie\/wp-content\/uploads\/2018\/05\/US-Ben-Guerdane-El-Gawafel-de-Gafsa.jpg\"},{\"@type\":\"BreadcrumbList\",\"@id\":\"https:\/\/kapitalis.com\/tunisie\/2018\/05\/22\/affaire-usbg-egsg-zones-dombres-et-odeurs-de-pourri\/#breadcrumb\",\"itemListElement\":[{\"@type\":\"ListItem\",\"position\":1,\"name\":\"Accueil\",\"item\":\"https:\/\/kapitalis.com\/tunisie\/\"},{\"@type\":\"ListItem\",\"position\":2,\"name\":\"Affaire USBG-EGSG : Zones d\u2019ombres et odeurs de pourri\"}]},{\"@type\":\"WebSite\",\"@id\":\"https:\/\/kapitalis.com\/tunisie\/#website\",\"url\":\"https:\/\/kapitalis.com\/tunisie\/\",\"name\":\"Kapitalis\",\"description\":\"L&#039;actualit\u00e9 en Tunisie et dans le monde\",\"publisher\":{\"@id\":\"https:\/\/kapitalis.com\/tunisie\/#organization\"},\"potentialAction\":[{\"@type\":\"SearchAction\",\"target\":{\"@type\":\"EntryPoint\",\"urlTemplate\":\"https:\/\/kapitalis.com\/tunisie\/?s={search_term_string}\"},\"query-input\":{\"@type\":\"PropertyValueSpecification\",\"valueRequired\":true,\"valueName\":\"search_term_string\"}}],\"inLanguage\":\"fr-FR\"},{\"@type\":\"Organization\",\"@id\":\"https:\/\/kapitalis.com\/tunisie\/#organization\",\"name\":\"Kapitalis\",\"url\":\"https:\/\/kapitalis.com\/tunisie\/\",\"logo\":{\"@type\":\"ImageObject\",\"inLanguage\":\"fr-FR\",\"@id\":\"https:\/\/kapitalis.com\/tunisie\/#\/schema\/logo\/image\/\",\"url\":\"https:\/\/kapitalis.com\/tunisie\/wp-content\/uploads\/2022\/05\/Kapitalis-big-size.png\",\"contentUrl\":\"https:\/\/kapitalis.com\/tunisie\/wp-content\/uploads\/2022\/05\/Kapitalis-big-size.png\",\"width\":5000,\"height\":1500,\"caption\":\"Kapitalis\"},\"image\":{\"@id\":\"https:\/\/kapitalis.com\/tunisie\/#\/schema\/logo\/image\/\"},\"sameAs\":[\"https:\/\/www.facebook.com\/KapitalisInfo\/\",\"https:\/\/x.com\/KapitalisInfo\",\"https:\/\/www.youtube.com\/channel\/UC-yDYrHyfFBWWZaOw3FPg9Q\"]},{\"@type\":\"Person\",\"@id\":\"https:\/\/kapitalis.com\/tunisie\/#\/schema\/person\/d71f33a9ca44f7bad4698210b480c8e9\",\"name\":\"webmaster kapitalis\",\"url\":\"https:\/\/kapitalis.com\/tunisie\/author\/webmaster-kapitalis\/\"}]}<\/script>\n<!-- \/ Yoast SEO plugin. -->","yoast_head_json":{"title":"Affaire USBG-EGSG : Zones d\u2019ombres et odeurs de pourri - Kapitalis","robots":{"index":"index","follow":"follow","max-snippet":"max-snippet:-1","max-image-preview":"max-image-preview:large","max-video-preview":"max-video-preview:-1"},"canonical":"https:\/\/kapitalis.com\/tunisie\/2018\/05\/22\/affaire-usbg-egsg-zones-dombres-et-odeurs-de-pourri\/","og_locale":"fr_FR","og_type":"article","og_title":"Affaire USBG-EGSG : Zones d\u2019ombres et odeurs de pourri - Kapitalis","og_description":"L\u2019avocat de l\u2019Union sportive de Ben Guerdane (USBG), Anis Ben Mime, a d\u00e9clar\u00e9 hier, lundi 21 mai 2018, que la position du club est solide, dans le litige l\u2019opposant \u00e0 El Gawafel sportives de Gafsa (RGSG), \u00e0 propos du match de barrage pour le maintien en Ligue 1 interrompu par l&rsquo;arbitre.","og_url":"https:\/\/kapitalis.com\/tunisie\/2018\/05\/22\/affaire-usbg-egsg-zones-dombres-et-odeurs-de-pourri\/","og_site_name":"Kapitalis","article_publisher":"https:\/\/www.facebook.com\/KapitalisInfo\/","article_published_time":"2018-05-22T16:54:54+00:00","article_modified_time":"2018-05-23T08:22:36+00:00","og_image":[{"url":"http:\/\/kapitalis.com\/tunisie\/wp-content\/uploads\/2018\/05\/US-Ben-Guerdane-El-Gawafel-de-Gafsa.jpg","type":"","width":"","height":""}],"author":"webmaster kapitalis","twitter_card":"summary_large_image","twitter_creator":"@KapitalisInfo","twitter_site":"@KapitalisInfo","twitter_misc":{"\u00c9crit par":"webmaster kapitalis","Dur\u00e9e de lecture estim\u00e9e":"2 minutes"},"schema":{"@context":"https:\/\/schema.org","@graph":[{"@type":"Article","@id":"https:\/\/kapitalis.com\/tunisie\/2018\/05\/22\/affaire-usbg-egsg-zones-dombres-et-odeurs-de-pourri\/#article","isPartOf":{"@id":"https:\/\/kapitalis.com\/tunisie\/2018\/05\/22\/affaire-usbg-egsg-zones-dombres-et-odeurs-de-pourri\/"},"author":{"name":"webmaster kapitalis","@id":"https:\/\/kapitalis.com\/tunisie\/#\/schema\/person\/d71f33a9ca44f7bad4698210b480c8e9"},"headline":"Affaire USBG-EGSG : Zones d\u2019ombres et odeurs de pourri","datePublished":"2018-05-22T16:54:54+00:00","dateModified":"2018-05-23T08:22:36+00:00","mainEntityOfPage":{"@id":"https:\/\/kapitalis.com\/tunisie\/2018\/05\/22\/affaire-usbg-egsg-zones-dombres-et-odeurs-de-pourri\/"},"wordCount":443,"commentCount":0,"publisher":{"@id":"https:\/\/kapitalis.com\/tunisie\/#organization"},"image":{"@id":"https:\/\/kapitalis.com\/tunisie\/2018\/05\/22\/affaire-usbg-egsg-zones-dombres-et-odeurs-de-pourri\/#primaryimage"},"thumbnailUrl":"http:\/\/kapitalis.com\/tunisie\/wp-content\/uploads\/2018\/05\/US-Ben-Guerdane-El-Gawafel-de-Gafsa.jpg","keywords":["Aymen Chandoul","El Gawafel sportives de Gafsa","Sadok Selmi","Union sportive de Ben Guerdane"],"articleSection":["SPORT","Tunisie"],"inLanguage":"fr-FR","potentialAction":[{"@type":"CommentAction","name":"Comment","target":["https:\/\/kapitalis.com\/tunisie\/2018\/05\/22\/affaire-usbg-egsg-zones-dombres-et-odeurs-de-pourri\/#respond"]}]},{"@type":"WebPage","@id":"https:\/\/kapitalis.com\/tunisie\/2018\/05\/22\/affaire-usbg-egsg-zones-dombres-et-odeurs-de-pourri\/","url":"https:\/\/kapitalis.com\/tunisie\/2018\/05\/22\/affaire-usbg-egsg-zones-dombres-et-odeurs-de-pourri\/","name":"Affaire USBG-EGSG : Zones d\u2019ombres et odeurs de pourri - Kapitalis","isPartOf":{"@id":"https:\/\/kapitalis.com\/tunisie\/#website"},"primaryImageOfPage":{"@id":"https:\/\/kapitalis.com\/tunisie\/2018\/05\/22\/affaire-usbg-egsg-zones-dombres-et-odeurs-de-pourri\/#primaryimage"},"image":{"@id":"https:\/\/kapitalis.com\/tunisie\/2018\/05\/22\/affaire-usbg-egsg-zones-dombres-et-odeurs-de-pourri\/#primaryimage"},"thumbnailUrl":"http:\/\/kapitalis.com\/tunisie\/wp-content\/uploads\/2018\/05\/US-Ben-Guerdane-El-Gawafel-de-Gafsa.jpg","datePublished":"2018-05-22T16:54:54+00:00","dateModified":"2018-05-23T08:22:36+00:00","breadcrumb":{"@id":"https:\/\/kapitalis.com\/tunisie\/2018\/05\/22\/affaire-usbg-egsg-zones-dombres-et-odeurs-de-pourri\/#breadcrumb"},"inLanguage":"fr-FR","potentialAction":[{"@type":"ReadAction","target":["https:\/\/kapitalis.com\/tunisie\/2018\/05\/22\/affaire-usbg-egsg-zones-dombres-et-odeurs-de-pourri\/"]}]},{"@type":"ImageObject","inLanguage":"fr-FR","@id":"https:\/\/kapitalis.com\/tunisie\/2018\/05\/22\/affaire-usbg-egsg-zones-dombres-et-odeurs-de-pourri\/#primaryimage","url":"http:\/\/kapitalis.com\/tunisie\/wp-content\/uploads\/2018\/05\/US-Ben-Guerdane-El-Gawafel-de-Gafsa.jpg","contentUrl":"http:\/\/kapitalis.com\/tunisie\/wp-content\/uploads\/2018\/05\/US-Ben-Guerdane-El-Gawafel-de-Gafsa.jpg"},{"@type":"BreadcrumbList","@id":"https:\/\/kapitalis.com\/tunisie\/2018\/05\/22\/affaire-usbg-egsg-zones-dombres-et-odeurs-de-pourri\/#breadcrumb","itemListElement":[{"@type":"ListItem","position":1,"name":"Accueil","item":"https:\/\/kapitalis.com\/tunisie\/"},{"@type":"ListItem","position":2,"name":"Affaire USBG-EGSG : Zones d\u2019ombres et odeurs de pourri"}]},{"@type":"WebSite","@id":"https:\/\/kapitalis.com\/tunisie\/#website","url":"https:\/\/kapitalis.com\/tunisie\/","name":"Kapitalis","description":"L&#039;actualit\u00e9 en Tunisie et dans le monde","publisher":{"@id":"https:\/\/kapitalis.com\/tunisie\/#organization"},"potentialAction":[{"@type":"SearchAction","target":{"@type":"EntryPoint","urlTemplate":"https:\/\/kapitalis.com\/tunisie\/?s={search_term_string}"},"query-input":{"@type":"PropertyValueSpecification","valueRequired":true,"valueName":"search_term_string"}}],"inLanguage":"fr-FR"},{"@type":"Organization","@id":"https:\/\/kapitalis.com\/tunisie\/#organization","name":"Kapitalis","url":"https:\/\/kapitalis.com\/tunisie\/","logo":{"@type":"ImageObject","inLanguage":"fr-FR","@id":"https:\/\/kapitalis.com\/tunisie\/#\/schema\/logo\/image\/","url":"https:\/\/kapitalis.com\/tunisie\/wp-content\/uploads\/2022\/05\/Kapitalis-big-size.png","contentUrl":"https:\/\/kapitalis.com\/tunisie\/wp-content\/uploads\/2022\/05\/Kapitalis-big-size.png","width":5000,"height":1500,"caption":"Kapitalis"},"image":{"@id":"https:\/\/kapitalis.com\/tunisie\/#\/schema\/logo\/image\/"},"sameAs":["https:\/\/www.facebook.com\/KapitalisInfo\/","https:\/\/x.com\/KapitalisInfo","https:\/\/www.youtube.com\/channel\/UC-yDYrHyfFBWWZaOw3FPg9Q"]},{"@type":"Person","@id":"https:\/\/kapitalis.com\/tunisie\/#\/schema\/person\/d71f33a9ca44f7bad4698210b480c8e9","name":"webmaster kapitalis","url":"https:\/\/kapitalis.com\/tunisie\/author\/webmaster-kapitalis\/"}]}},"_links":{"self":[{"href":"https:\/\/kapitalis.com\/tunisie\/wp-json\/wp\/v2\/posts\/155538","targetHints":{"allow":["GET"]}}],"collection":[{"href":"https:\/\/kapitalis.com\/tunisie\/wp-json\/wp\/v2\/posts"}],"about":[{"href":"https:\/\/kapitalis.com\/tunisie\/wp-json\/wp\/v2\/types\/post"}],"author":[{"embeddable":true,"href":"https:\/\/kapitalis.com\/tunisie\/wp-json\/wp\/v2\/users\/8"}],"replies":[{"embeddable":true,"href":"https:\/\/kapitalis.com\/tunisie\/wp-json\/wp\/v2\/comments?post=155538"}],"version-history":[{"count":0,"href":"https:\/\/kapitalis.com\/tunisie\/wp-json\/wp\/v2\/posts\/155538\/revisions"}],"wp:attachment":[{"href":"https:\/\/kapitalis.com\/tunisie\/wp-json\/wp\/v2\/media?parent=155538"}],"wp:term":[{"taxonomy":"category","embeddable":true,"href":"https:\/\/kapitalis.com\/tunisie\/wp-json\/wp\/v2\/categories?post=155538"},{"taxonomy":"post_tag","embeddable":true,"href":"https:\/\/kapitalis.com\/tunisie\/wp-json\/wp\/v2\/tags?post=155538"}],"curies":[{"name":"wp","href":"https:\/\/api.w.org\/{rel}","templated":true}]}}