{"id":1555651,"date":"2022-06-18T21:42:44","date_gmt":"2022-06-18T20:42:44","guid":{"rendered":"https:\/\/kapitalis.com\/tunisie\/?p=1555651"},"modified":"2022-06-18T21:45:31","modified_gmt":"2022-06-18T20:45:31","slug":"tunisie-la-presidente-du-pdl-abir-moussi-exprime-son-soutien-a-lugtt","status":"publish","type":"post","link":"https:\/\/kapitalis.com\/tunisie\/2022\/06\/18\/tunisie-la-presidente-du-pdl-abir-moussi-exprime-son-soutien-a-lugtt\/","title":{"rendered":"Tunisie : La pr\u00e9sidente du PDL Abir Moussi exprime son soutien \u00e0 l&rsquo;UGTT"},"content":{"rendered":"\n<p><strong><em>La pr\u00e9sidente du parti destourien libre (PDL) Abir Moussi a exprim\u00e9, lors de la marche effectu\u00e9e ce samedi 18 juin 2022, par son parti \u00e0 Tunis, son soutien \u00e0 l&rsquo;Union g\u00e9n\u00e9rale tunisienne du travail (UGTT), tout en \u00abrappelant les liens historiques entre les destouriens et les syndicalistes\u00bb.<\/em><\/strong><\/p>\n\n\n\n<!--more-->\n\n\n\n<p>Les partisans du PDL ont afflu\u00e9 en masse \u00e0 Bab Souika, ce samedi, \u00e0 Tunis pour participer \u00e0 la marche de protestation organis\u00e9e jusqu&rsquo;\u00e0 la place de la Kasbah par le parti d&rsquo;Abir Moussi, dans le but de \u00ab<em>d\u00e9fendre l\u2019Etat et les droits et pour exprimer leur refus de la politique du pr\u00e9sident de la r\u00e9publique et du gouvernement<\/em>\u00bb.<\/p>\n\n\n\n<p>Abir Moussi, qui a tenu un discours \u00e0 cette occasion, a d&rsquo;ailleurs appel\u00e9 le gouvernement \u00e0 d\u00e9missionner, estimant que celui-ci est en \u00e9chec total, notamment en ce qui concerne les n\u00e9gociations avec le Fonds mon\u00e9taire international (FMI) et que ses programmes \u00ab<em>sont fictifs et ne permettront pas de sortir la Tunisie de la crise\u00bb<\/em>.<\/p>\n\n\n\n<p>La pr\u00e9sidente du PDL a de ce fait appel\u00e9 le gouvernement \u00e0 d\u00e9missionner et \u00e0 la mise en place de l\u00e9gislatives anticip\u00e9es afin de r\u00e9tablir le processus d\u00e9mocratique, sous les applaudissements des partisans, qui ont scand\u00e9 des <em>\u00abd\u00e9gages\u00bb<\/em>, des slogans hostiles au gouvernement Bouden et en lan\u00e7ant, en s&rsquo;adressant \u00e0 Abir Moussi : <em>\u00abLe peuple est avec toi pr\u00e9sidente\u00bb<\/em><\/p>\n\n\n\n<p>D&rsquo;autre part, Abir Moussi a exprim\u00e9 son soutien total \u00e0 la centrale syndicale en d\u00e9non\u00e7ant, ce qu&rsquo;elle qualifie de <em>\u00abcampagnes de diabolisation\u00bb<\/em> qu&rsquo;elle incombe aux partisans du pr\u00e9sident de la r\u00e9publique, tout en affirmant et qu\u2019elle souhaite le soutien, pour gouverner, de l&rsquo;UGTT, <em>\u00abquand son parti sera au pouvoir<\/em>\u00bb, dit-elle, et en appelant de ce fait \u00e0 <em>\u00abresserrer les rangs autour de l\u2019organisation\u00bb<\/em><\/p>\n\n\n\n<p>A l&rsquo;occasion de cette marche, la pr\u00e9sidente du PDL a \u00e9galement r\u00e9affirm\u00e9 son opposition au r\u00e9f\u00e9rendum, : <em>\u00abL&rsquo;unique objectif du r\u00e9f\u00e9rendum est de falsifier la volont\u00e9 du peuple pour chercher une l\u00e9gitimit\u00e9 au projet personnel du pr\u00e9sident\u00bb<\/em>, a-t-elle encore indiqu\u00e9.<\/p>\n\n\n\n<p>Pour conclure, Moussi indique que le bureau politique du PDL pr\u00e9voir de se r\u00e9unir et \u00abqu\u2019une surprise sera annonc\u00e9e, d&rsquo;ici sous peu\u2026\u00bb.<\/p>\n\n\n\n<p class=\"has-text-align-right\"><strong>Y. N.<\/strong><\/p>\n","protected":false},"excerpt":{"rendered":"<p>Tunisie : La pr\u00e9sidente du PDL Abir Moussi exprime son soutien \u00e0 l&rsquo;UGTT<\/p>\n","protected":false},"author":6,"featured_media":1555944,"comment_status":"open","ping_status":"open","sticky":false,"template":"","format":"standard","meta":{"footnotes":""},"categories":[997,2433],"tags":[15144,3345,76012,33536,62643,936],"class_list":["post-1555651","post","type-post","status-publish","format-standard","has-post-thumbnail","hentry","category-politique","category-tunisie","tag-abir-moussi","tag-destouriens","tag-kais-saied-2","tag-pdl","tag-tunisie","tag-ugtt"],"yoast_head":"<!-- This site is optimized with the Yoast SEO plugin v26.6 - https:\/\/yoast.com\/wordpress\/plugins\/seo\/ -->\n<title>Tunisie : La pr\u00e9sidente du PDL Abir Moussi exprime son soutien \u00e0 l&#039;UGTT - Kapitalis<\/title>\n<meta name=\"description\" content=\"La pr\u00e9sidente du parti destourien libre (PDL) a exprim\u00e9, lors de la marche effectu\u00e9e ce samedi 18 juin 2022, par son parti \u00e0 Tunis, son soutien \u00e0 l&#039;Union g\u00e9n\u00e9rale tunisienne du travail (UGTT), tout en \u00abrappelant les liens historiques entre les destouriens et les syndicalistes\u00bb.\" \/>\n<meta name=\"robots\" content=\"index, follow, max-snippet:-1, max-image-preview:large, max-video-preview:-1\" \/>\n<link rel=\"canonical\" href=\"https:\/\/kapitalis.com\/tunisie\/2022\/06\/18\/tunisie-la-presidente-du-pdl-abir-moussi-exprime-son-soutien-a-lugtt\/\" \/>\n<meta property=\"og:locale\" content=\"fr_FR\" \/>\n<meta property=\"og:type\" content=\"article\" \/>\n<meta property=\"og:title\" content=\"Tunisie : La pr\u00e9sidente du PDL Abir Moussi exprime son soutien \u00e0 l&#039;UGTT - Kapitalis\" \/>\n<meta property=\"og:description\" content=\"La pr\u00e9sidente du parti destourien libre (PDL) a exprim\u00e9, lors de la marche effectu\u00e9e ce samedi 18 juin 2022, par son parti \u00e0 Tunis, son soutien \u00e0 l&#039;Union g\u00e9n\u00e9rale tunisienne du travail (UGTT), tout en \u00abrappelant les liens historiques entre les destouriens et les syndicalistes\u00bb.\" \/>\n<meta property=\"og:url\" content=\"https:\/\/kapitalis.com\/tunisie\/2022\/06\/18\/tunisie-la-presidente-du-pdl-abir-moussi-exprime-son-soutien-a-lugtt\/\" \/>\n<meta property=\"og:site_name\" content=\"Kapitalis\" \/>\n<meta property=\"article:publisher\" content=\"https:\/\/www.facebook.com\/KapitalisInfo\/\" \/>\n<meta property=\"article:published_time\" content=\"2022-06-18T20:42:44+00:00\" \/>\n<meta property=\"article:modified_time\" content=\"2022-06-18T20:45:31+00:00\" \/>\n<meta property=\"og:image\" content=\"https:\/\/kapitalis.com\/tunisie\/wp-content\/uploads\/2022\/06\/Abir-Moussi-PDL.jpg\" \/>\n\t<meta property=\"og:image:width\" content=\"1200\" \/>\n\t<meta property=\"og:image:height\" content=\"630\" \/>\n\t<meta property=\"og:image:type\" content=\"image\/jpeg\" \/>\n<meta name=\"author\" content=\"Yusra NY\" \/>\n<meta name=\"twitter:card\" content=\"summary_large_image\" \/>\n<meta name=\"twitter:creator\" content=\"@KapitalisInfo\" \/>\n<meta name=\"twitter:site\" content=\"@KapitalisInfo\" \/>\n<meta name=\"twitter:label1\" content=\"\u00c9crit par\" \/>\n\t<meta name=\"twitter:data1\" content=\"Yusra NY\" \/>\n\t<meta name=\"twitter:label2\" content=\"Dur\u00e9e de lecture estim\u00e9e\" \/>\n\t<meta name=\"twitter:data2\" content=\"2 minutes\" \/>\n<script type=\"application\/ld+json\" class=\"yoast-schema-graph\">{\"@context\":\"https:\/\/schema.org\",\"@graph\":[{\"@type\":\"Article\",\"@id\":\"https:\/\/kapitalis.com\/tunisie\/2022\/06\/18\/tunisie-la-presidente-du-pdl-abir-moussi-exprime-son-soutien-a-lugtt\/#article\",\"isPartOf\":{\"@id\":\"https:\/\/kapitalis.com\/tunisie\/2022\/06\/18\/tunisie-la-presidente-du-pdl-abir-moussi-exprime-son-soutien-a-lugtt\/\"},\"author\":{\"name\":\"Yusra NY\",\"@id\":\"https:\/\/kapitalis.com\/tunisie\/#\/schema\/person\/74bbde0154d49d790a92aaeac5bc01d5\"},\"headline\":\"Tunisie : La pr\u00e9sidente du PDL Abir Moussi exprime son soutien \u00e0 l&rsquo;UGTT\",\"datePublished\":\"2022-06-18T20:42:44+00:00\",\"dateModified\":\"2022-06-18T20:45:31+00:00\",\"mainEntityOfPage\":{\"@id\":\"https:\/\/kapitalis.com\/tunisie\/2022\/06\/18\/tunisie-la-presidente-du-pdl-abir-moussi-exprime-son-soutien-a-lugtt\/\"},\"wordCount\":381,\"commentCount\":5,\"publisher\":{\"@id\":\"https:\/\/kapitalis.com\/tunisie\/#organization\"},\"image\":{\"@id\":\"https:\/\/kapitalis.com\/tunisie\/2022\/06\/18\/tunisie-la-presidente-du-pdl-abir-moussi-exprime-son-soutien-a-lugtt\/#primaryimage\"},\"thumbnailUrl\":\"https:\/\/kapitalis.com\/tunisie\/wp-content\/uploads\/2022\/06\/Abir-Moussi-PDL.jpg\",\"keywords\":[\"Abir Moussi\",\"destouriens\",\"Ka\u00efs Sa\u00efed\",\"PDL\",\"Tunisie\",\"UGTT\"],\"articleSection\":[\"POLITIQUE\",\"Tunisie\"],\"inLanguage\":\"fr-FR\",\"potentialAction\":[{\"@type\":\"CommentAction\",\"name\":\"Comment\",\"target\":[\"https:\/\/kapitalis.com\/tunisie\/2022\/06\/18\/tunisie-la-presidente-du-pdl-abir-moussi-exprime-son-soutien-a-lugtt\/#respond\"]}]},{\"@type\":\"WebPage\",\"@id\":\"https:\/\/kapitalis.com\/tunisie\/2022\/06\/18\/tunisie-la-presidente-du-pdl-abir-moussi-exprime-son-soutien-a-lugtt\/\",\"url\":\"https:\/\/kapitalis.com\/tunisie\/2022\/06\/18\/tunisie-la-presidente-du-pdl-abir-moussi-exprime-son-soutien-a-lugtt\/\",\"name\":\"Tunisie : La pr\u00e9sidente du PDL Abir Moussi exprime son soutien \u00e0 l'UGTT - Kapitalis\",\"isPartOf\":{\"@id\":\"https:\/\/kapitalis.com\/tunisie\/#website\"},\"primaryImageOfPage\":{\"@id\":\"https:\/\/kapitalis.com\/tunisie\/2022\/06\/18\/tunisie-la-presidente-du-pdl-abir-moussi-exprime-son-soutien-a-lugtt\/#primaryimage\"},\"image\":{\"@id\":\"https:\/\/kapitalis.com\/tunisie\/2022\/06\/18\/tunisie-la-presidente-du-pdl-abir-moussi-exprime-son-soutien-a-lugtt\/#primaryimage\"},\"thumbnailUrl\":\"https:\/\/kapitalis.com\/tunisie\/wp-content\/uploads\/2022\/06\/Abir-Moussi-PDL.jpg\",\"datePublished\":\"2022-06-18T20:42:44+00:00\",\"dateModified\":\"2022-06-18T20:45:31+00:00\",\"description\":\"La pr\u00e9sidente du parti destourien libre (PDL) a exprim\u00e9, lors de la marche effectu\u00e9e ce samedi 18 juin 2022, par son parti \u00e0 Tunis, son soutien \u00e0 l'Union g\u00e9n\u00e9rale tunisienne du travail (UGTT), tout en \u00abrappelant les liens historiques entre les destouriens et les syndicalistes\u00bb.\",\"breadcrumb\":{\"@id\":\"https:\/\/kapitalis.com\/tunisie\/2022\/06\/18\/tunisie-la-presidente-du-pdl-abir-moussi-exprime-son-soutien-a-lugtt\/#breadcrumb\"},\"inLanguage\":\"fr-FR\",\"potentialAction\":[{\"@type\":\"ReadAction\",\"target\":[\"https:\/\/kapitalis.com\/tunisie\/2022\/06\/18\/tunisie-la-presidente-du-pdl-abir-moussi-exprime-son-soutien-a-lugtt\/\"]}]},{\"@type\":\"ImageObject\",\"inLanguage\":\"fr-FR\",\"@id\":\"https:\/\/kapitalis.com\/tunisie\/2022\/06\/18\/tunisie-la-presidente-du-pdl-abir-moussi-exprime-son-soutien-a-lugtt\/#primaryimage\",\"url\":\"https:\/\/kapitalis.com\/tunisie\/wp-content\/uploads\/2022\/06\/Abir-Moussi-PDL.jpg\",\"contentUrl\":\"https:\/\/kapitalis.com\/tunisie\/wp-content\/uploads\/2022\/06\/Abir-Moussi-PDL.jpg\",\"width\":1200,\"height\":630},{\"@type\":\"BreadcrumbList\",\"@id\":\"https:\/\/kapitalis.com\/tunisie\/2022\/06\/18\/tunisie-la-presidente-du-pdl-abir-moussi-exprime-son-soutien-a-lugtt\/#breadcrumb\",\"itemListElement\":[{\"@type\":\"ListItem\",\"position\":1,\"name\":\"Accueil\",\"item\":\"https:\/\/kapitalis.com\/tunisie\/\"},{\"@type\":\"ListItem\",\"position\":2,\"name\":\"Tunisie : La pr\u00e9sidente du PDL Abir Moussi exprime son soutien \u00e0 l&rsquo;UGTT\"}]},{\"@type\":\"WebSite\",\"@id\":\"https:\/\/kapitalis.com\/tunisie\/#website\",\"url\":\"https:\/\/kapitalis.com\/tunisie\/\",\"name\":\"Kapitalis\",\"description\":\"L&#039;actualit\u00e9 en Tunisie et dans le monde\",\"publisher\":{\"@id\":\"https:\/\/kapitalis.com\/tunisie\/#organization\"},\"potentialAction\":[{\"@type\":\"SearchAction\",\"target\":{\"@type\":\"EntryPoint\",\"urlTemplate\":\"https:\/\/kapitalis.com\/tunisie\/?s={search_term_string}\"},\"query-input\":{\"@type\":\"PropertyValueSpecification\",\"valueRequired\":true,\"valueName\":\"search_term_string\"}}],\"inLanguage\":\"fr-FR\"},{\"@type\":\"Organization\",\"@id\":\"https:\/\/kapitalis.com\/tunisie\/#organization\",\"name\":\"Kapitalis\",\"url\":\"https:\/\/kapitalis.com\/tunisie\/\",\"logo\":{\"@type\":\"ImageObject\",\"inLanguage\":\"fr-FR\",\"@id\":\"https:\/\/kapitalis.com\/tunisie\/#\/schema\/logo\/image\/\",\"url\":\"https:\/\/kapitalis.com\/tunisie\/wp-content\/uploads\/2022\/05\/Kapitalis-big-size.png\",\"contentUrl\":\"https:\/\/kapitalis.com\/tunisie\/wp-content\/uploads\/2022\/05\/Kapitalis-big-size.png\",\"width\":5000,\"height\":1500,\"caption\":\"Kapitalis\"},\"image\":{\"@id\":\"https:\/\/kapitalis.com\/tunisie\/#\/schema\/logo\/image\/\"},\"sameAs\":[\"https:\/\/www.facebook.com\/KapitalisInfo\/\",\"https:\/\/x.com\/KapitalisInfo\",\"https:\/\/www.youtube.com\/channel\/UC-yDYrHyfFBWWZaOw3FPg9Q\"]},{\"@type\":\"Person\",\"@id\":\"https:\/\/kapitalis.com\/tunisie\/#\/schema\/person\/74bbde0154d49d790a92aaeac5bc01d5\",\"name\":\"Yusra NY\",\"url\":\"https:\/\/kapitalis.com\/tunisie\/author\/yuza_adam\/\"}]}<\/script>\n<!-- \/ Yoast SEO plugin. -->","yoast_head_json":{"title":"Tunisie : La pr\u00e9sidente du PDL Abir Moussi exprime son soutien \u00e0 l'UGTT - Kapitalis","description":"La pr\u00e9sidente du parti destourien libre (PDL) a exprim\u00e9, lors de la marche effectu\u00e9e ce samedi 18 juin 2022, par son parti \u00e0 Tunis, son soutien \u00e0 l'Union g\u00e9n\u00e9rale tunisienne du travail (UGTT), tout en \u00abrappelant les liens historiques entre les destouriens et les syndicalistes\u00bb.","robots":{"index":"index","follow":"follow","max-snippet":"max-snippet:-1","max-image-preview":"max-image-preview:large","max-video-preview":"max-video-preview:-1"},"canonical":"https:\/\/kapitalis.com\/tunisie\/2022\/06\/18\/tunisie-la-presidente-du-pdl-abir-moussi-exprime-son-soutien-a-lugtt\/","og_locale":"fr_FR","og_type":"article","og_title":"Tunisie : La pr\u00e9sidente du PDL Abir Moussi exprime son soutien \u00e0 l'UGTT - Kapitalis","og_description":"La pr\u00e9sidente du parti destourien libre (PDL) a exprim\u00e9, lors de la marche effectu\u00e9e ce samedi 18 juin 2022, par son parti \u00e0 Tunis, son soutien \u00e0 l'Union g\u00e9n\u00e9rale tunisienne du travail (UGTT), tout en \u00abrappelant les liens historiques entre les destouriens et les syndicalistes\u00bb.","og_url":"https:\/\/kapitalis.com\/tunisie\/2022\/06\/18\/tunisie-la-presidente-du-pdl-abir-moussi-exprime-son-soutien-a-lugtt\/","og_site_name":"Kapitalis","article_publisher":"https:\/\/www.facebook.com\/KapitalisInfo\/","article_published_time":"2022-06-18T20:42:44+00:00","article_modified_time":"2022-06-18T20:45:31+00:00","og_image":[{"width":1200,"height":630,"url":"https:\/\/kapitalis.com\/tunisie\/wp-content\/uploads\/2022\/06\/Abir-Moussi-PDL.jpg","type":"image\/jpeg"}],"author":"Yusra NY","twitter_card":"summary_large_image","twitter_creator":"@KapitalisInfo","twitter_site":"@KapitalisInfo","twitter_misc":{"\u00c9crit par":"Yusra NY","Dur\u00e9e de lecture estim\u00e9e":"2 minutes"},"schema":{"@context":"https:\/\/schema.org","@graph":[{"@type":"Article","@id":"https:\/\/kapitalis.com\/tunisie\/2022\/06\/18\/tunisie-la-presidente-du-pdl-abir-moussi-exprime-son-soutien-a-lugtt\/#article","isPartOf":{"@id":"https:\/\/kapitalis.com\/tunisie\/2022\/06\/18\/tunisie-la-presidente-du-pdl-abir-moussi-exprime-son-soutien-a-lugtt\/"},"author":{"name":"Yusra NY","@id":"https:\/\/kapitalis.com\/tunisie\/#\/schema\/person\/74bbde0154d49d790a92aaeac5bc01d5"},"headline":"Tunisie : La pr\u00e9sidente du PDL Abir Moussi exprime son soutien \u00e0 l&rsquo;UGTT","datePublished":"2022-06-18T20:42:44+00:00","dateModified":"2022-06-18T20:45:31+00:00","mainEntityOfPage":{"@id":"https:\/\/kapitalis.com\/tunisie\/2022\/06\/18\/tunisie-la-presidente-du-pdl-abir-moussi-exprime-son-soutien-a-lugtt\/"},"wordCount":381,"commentCount":5,"publisher":{"@id":"https:\/\/kapitalis.com\/tunisie\/#organization"},"image":{"@id":"https:\/\/kapitalis.com\/tunisie\/2022\/06\/18\/tunisie-la-presidente-du-pdl-abir-moussi-exprime-son-soutien-a-lugtt\/#primaryimage"},"thumbnailUrl":"https:\/\/kapitalis.com\/tunisie\/wp-content\/uploads\/2022\/06\/Abir-Moussi-PDL.jpg","keywords":["Abir Moussi","destouriens","Ka\u00efs Sa\u00efed","PDL","Tunisie","UGTT"],"articleSection":["POLITIQUE","Tunisie"],"inLanguage":"fr-FR","potentialAction":[{"@type":"CommentAction","name":"Comment","target":["https:\/\/kapitalis.com\/tunisie\/2022\/06\/18\/tunisie-la-presidente-du-pdl-abir-moussi-exprime-son-soutien-a-lugtt\/#respond"]}]},{"@type":"WebPage","@id":"https:\/\/kapitalis.com\/tunisie\/2022\/06\/18\/tunisie-la-presidente-du-pdl-abir-moussi-exprime-son-soutien-a-lugtt\/","url":"https:\/\/kapitalis.com\/tunisie\/2022\/06\/18\/tunisie-la-presidente-du-pdl-abir-moussi-exprime-son-soutien-a-lugtt\/","name":"Tunisie : La pr\u00e9sidente du PDL Abir Moussi exprime son soutien \u00e0 l'UGTT - Kapitalis","isPartOf":{"@id":"https:\/\/kapitalis.com\/tunisie\/#website"},"primaryImageOfPage":{"@id":"https:\/\/kapitalis.com\/tunisie\/2022\/06\/18\/tunisie-la-presidente-du-pdl-abir-moussi-exprime-son-soutien-a-lugtt\/#primaryimage"},"image":{"@id":"https:\/\/kapitalis.com\/tunisie\/2022\/06\/18\/tunisie-la-presidente-du-pdl-abir-moussi-exprime-son-soutien-a-lugtt\/#primaryimage"},"thumbnailUrl":"https:\/\/kapitalis.com\/tunisie\/wp-content\/uploads\/2022\/06\/Abir-Moussi-PDL.jpg","datePublished":"2022-06-18T20:42:44+00:00","dateModified":"2022-06-18T20:45:31+00:00","description":"La pr\u00e9sidente du parti destourien libre (PDL) a exprim\u00e9, lors de la marche effectu\u00e9e ce samedi 18 juin 2022, par son parti \u00e0 Tunis, son soutien \u00e0 l'Union g\u00e9n\u00e9rale tunisienne du travail (UGTT), tout en \u00abrappelant les liens historiques entre les destouriens et les syndicalistes\u00bb.","breadcrumb":{"@id":"https:\/\/kapitalis.com\/tunisie\/2022\/06\/18\/tunisie-la-presidente-du-pdl-abir-moussi-exprime-son-soutien-a-lugtt\/#breadcrumb"},"inLanguage":"fr-FR","potentialAction":[{"@type":"ReadAction","target":["https:\/\/kapitalis.com\/tunisie\/2022\/06\/18\/tunisie-la-presidente-du-pdl-abir-moussi-exprime-son-soutien-a-lugtt\/"]}]},{"@type":"ImageObject","inLanguage":"fr-FR","@id":"https:\/\/kapitalis.com\/tunisie\/2022\/06\/18\/tunisie-la-presidente-du-pdl-abir-moussi-exprime-son-soutien-a-lugtt\/#primaryimage","url":"https:\/\/kapitalis.com\/tunisie\/wp-content\/uploads\/2022\/06\/Abir-Moussi-PDL.jpg","contentUrl":"https:\/\/kapitalis.com\/tunisie\/wp-content\/uploads\/2022\/06\/Abir-Moussi-PDL.jpg","width":1200,"height":630},{"@type":"BreadcrumbList","@id":"https:\/\/kapitalis.com\/tunisie\/2022\/06\/18\/tunisie-la-presidente-du-pdl-abir-moussi-exprime-son-soutien-a-lugtt\/#breadcrumb","itemListElement":[{"@type":"ListItem","position":1,"name":"Accueil","item":"https:\/\/kapitalis.com\/tunisie\/"},{"@type":"ListItem","position":2,"name":"Tunisie : La pr\u00e9sidente du PDL Abir Moussi exprime son soutien \u00e0 l&rsquo;UGTT"}]},{"@type":"WebSite","@id":"https:\/\/kapitalis.com\/tunisie\/#website","url":"https:\/\/kapitalis.com\/tunisie\/","name":"Kapitalis","description":"L&#039;actualit\u00e9 en Tunisie et dans le monde","publisher":{"@id":"https:\/\/kapitalis.com\/tunisie\/#organization"},"potentialAction":[{"@type":"SearchAction","target":{"@type":"EntryPoint","urlTemplate":"https:\/\/kapitalis.com\/tunisie\/?s={search_term_string}"},"query-input":{"@type":"PropertyValueSpecification","valueRequired":true,"valueName":"search_term_string"}}],"inLanguage":"fr-FR"},{"@type":"Organization","@id":"https:\/\/kapitalis.com\/tunisie\/#organization","name":"Kapitalis","url":"https:\/\/kapitalis.com\/tunisie\/","logo":{"@type":"ImageObject","inLanguage":"fr-FR","@id":"https:\/\/kapitalis.com\/tunisie\/#\/schema\/logo\/image\/","url":"https:\/\/kapitalis.com\/tunisie\/wp-content\/uploads\/2022\/05\/Kapitalis-big-size.png","contentUrl":"https:\/\/kapitalis.com\/tunisie\/wp-content\/uploads\/2022\/05\/Kapitalis-big-size.png","width":5000,"height":1500,"caption":"Kapitalis"},"image":{"@id":"https:\/\/kapitalis.com\/tunisie\/#\/schema\/logo\/image\/"},"sameAs":["https:\/\/www.facebook.com\/KapitalisInfo\/","https:\/\/x.com\/KapitalisInfo","https:\/\/www.youtube.com\/channel\/UC-yDYrHyfFBWWZaOw3FPg9Q"]},{"@type":"Person","@id":"https:\/\/kapitalis.com\/tunisie\/#\/schema\/person\/74bbde0154d49d790a92aaeac5bc01d5","name":"Yusra NY","url":"https:\/\/kapitalis.com\/tunisie\/author\/yuza_adam\/"}]}},"_links":{"self":[{"href":"https:\/\/kapitalis.com\/tunisie\/wp-json\/wp\/v2\/posts\/1555651","targetHints":{"allow":["GET"]}}],"collection":[{"href":"https:\/\/kapitalis.com\/tunisie\/wp-json\/wp\/v2\/posts"}],"about":[{"href":"https:\/\/kapitalis.com\/tunisie\/wp-json\/wp\/v2\/types\/post"}],"author":[{"embeddable":true,"href":"https:\/\/kapitalis.com\/tunisie\/wp-json\/wp\/v2\/users\/6"}],"replies":[{"embeddable":true,"href":"https:\/\/kapitalis.com\/tunisie\/wp-json\/wp\/v2\/comments?post=1555651"}],"version-history":[{"count":0,"href":"https:\/\/kapitalis.com\/tunisie\/wp-json\/wp\/v2\/posts\/1555651\/revisions"}],"wp:featuredmedia":[{"embeddable":true,"href":"https:\/\/kapitalis.com\/tunisie\/wp-json\/wp\/v2\/media\/1555944"}],"wp:attachment":[{"href":"https:\/\/kapitalis.com\/tunisie\/wp-json\/wp\/v2\/media?parent=1555651"}],"wp:term":[{"taxonomy":"category","embeddable":true,"href":"https:\/\/kapitalis.com\/tunisie\/wp-json\/wp\/v2\/categories?post=1555651"},{"taxonomy":"post_tag","embeddable":true,"href":"https:\/\/kapitalis.com\/tunisie\/wp-json\/wp\/v2\/tags?post=1555651"}],"curies":[{"name":"wp","href":"https:\/\/api.w.org\/{rel}","templated":true}]}}