{"id":15566304,"date":"2025-02-17T12:18:28","date_gmt":"2025-02-17T11:18:28","guid":{"rendered":"https:\/\/kapitalis.com\/tunisie\/?p=15566304"},"modified":"2025-02-17T12:18:29","modified_gmt":"2025-02-17T11:18:29","slug":"tunisie-un-etat-pauvre-et-depensier","status":"publish","type":"post","link":"https:\/\/kapitalis.com\/tunisie\/2025\/02\/17\/tunisie-un-etat-pauvre-et-depensier\/","title":{"rendered":"Tunisie | Un Etat pauvre et d\u00e9pensier \u00a0"},"content":{"rendered":"\n<p><strong><em>Au lieu d\u2019imposer aux citoyens et aux entreprises une aust\u00e9rit\u00e9 et une fiscalit\u00e9 qui pourraient compromettre les chances de relance \u00e9conomique, l\u2019Etat tunisien serait mieux inspir\u00e9 de r\u00e9duire ou de rationaliser consid\u00e9rablement son train de vie, trop couteux pour les contribuables.<\/em><\/strong><\/p>\n\n\n\n<p><strong>Elyes Kasri *<\/strong><\/p>\n\n\n\n<!--more-->\n\n\n<div class=\"wp-block-image\">\n<figure class=\"alignleft size-full\"><img decoding=\"async\" src=\"http:\/\/kapitalis.com\/tunisie\/wp-content\/uploads\/2021\/06\/Elyes-Kasri.jpg\" alt=\"\" class=\"wp-image-352204\"\/><\/figure>\n<\/div>\n\n\n<p>Faute d\u2019\u00eatre riche, car il semble qu\u2019il le soit de moins en moins, l\u2019\u00c9tat tunisien est n\u00e9anmoins g\u00e9n\u00e9reux et d\u2019une prodigalit\u00e9 remarquable.<\/p>\n\n\n\n<p>Je me rappelle lorsque j\u2019\u00e9tais ambassadeur \u00e0 Berlin, les hauts responsables f\u00e9d\u00e9raux invit\u00e9s \u00e0 une r\u00e9ception ou un d\u00eener \u00e0 la r\u00e9sidence de Tunisie dans la capitale allemande demandaient \u00e0 conna\u00eetre la station de m\u00e9tro la plus proche. En fin de soir\u00e9e, ils se faisaient aider par le personnel de l\u2019ambassade pour appeler un taxi pour les ramener chez eux.<\/p>\n\n\n\n<p>Alors que l\u2019Allemagne, \u00e0 l&rsquo;\u00e9poque premier constructeur et exportateur mondial de v\u00e9hicules automobiles, distribuait parcimonieusement les voitures de fonction \u00e0 ses cadres, la Tunisie qui ne cesse de s\u2019endetter pour boucler ses fins de mois, aux dires de nombreux \u00e9conomistes, se permet le luxe d\u2019entretenir un parc automobile administratif atteignant, selon certaines sources, 90 000 v\u00e9hicules automobiles import\u00e9s et maintenus avec des pi\u00e8ces de rechange pay\u00e9es en devises \u00e9trang\u00e8res, en plus d\u2019une dotation en carburant cons\u00e9quente et de plus en plus co\u00fbteuse au tr\u00e9sor public car libell\u00e9e en nombre de litres quel qu\u2019en soit le prix.<\/p>\n\n\n\n<p>Au lieu d\u2019imposer aux citoyens et aux entreprises une aust\u00e9rit\u00e9 et une fiscalit\u00e9 qui pourraient compromettre les chances de relance \u00e9conomique, de nombreux \u00e9conomistes \u00e0 travers le monde pensent qu\u2019en pareille situation il revient \u00e0 l\u2019\u00c9tat de donner l\u2019exemple en r\u00e9duisant ou mieux en rationalisant consid\u00e9rablement son train de vie.<\/p>\n\n\n\n<p>C\u2019est ce que les Anglo-saxons appellent <em>\u00ableadership by example\u00bb<\/em>.<\/p>\n\n\n\n<p>* <em>Ancien ambassadeur.<\/em><\/p>\n","protected":false},"excerpt":{"rendered":"<p>L\u2019Etat tunisien serait mieux inspir\u00e9 de rationaliser consid\u00e9rablement son train de vie, trop couteux pour les contribuables.<\/p>\n","protected":false},"author":8,"featured_media":4833320,"comment_status":"open","ping_status":"open","sticky":false,"template":"","format":"standard","meta":{"footnotes":""},"categories":[992,997,1000,2433],"tags":[1096,4052,111661,119029,82931,9128,8831,62643,111264],"class_list":["post-15566304","post","type-post","status-publish","format-standard","has-post-thumbnail","hentry","category-a-la-une","category-politique","category-tribune","category-tunisie","tag-allemagne","tag-austerite","tag-contribuables","tag-depense-publique","tag-elyes-kasri-2","tag-fiscalite","tag-relance-economique","tag-tunisie","tag-voitures-de-fonction"],"yoast_head":"<!-- This site is optimized with the Yoast SEO plugin v26.6 - https:\/\/yoast.com\/wordpress\/plugins\/seo\/ -->\n<title>Tunisie | Un Etat pauvre et d\u00e9pensier \u00a0 - Kapitalis<\/title>\n<meta name=\"robots\" content=\"index, follow, max-snippet:-1, max-image-preview:large, max-video-preview:-1\" \/>\n<link rel=\"canonical\" href=\"https:\/\/kapitalis.com\/tunisie\/2025\/02\/17\/tunisie-un-etat-pauvre-et-depensier\/\" \/>\n<meta property=\"og:locale\" content=\"fr_FR\" \/>\n<meta property=\"og:type\" content=\"article\" \/>\n<meta property=\"og:title\" content=\"Tunisie | Un Etat pauvre et d\u00e9pensier \u00a0 - Kapitalis\" \/>\n<meta property=\"og:description\" content=\"L\u2019Etat tunisien serait mieux inspir\u00e9 de rationaliser consid\u00e9rablement son train de vie, trop couteux pour les contribuables.\" \/>\n<meta property=\"og:url\" content=\"https:\/\/kapitalis.com\/tunisie\/2025\/02\/17\/tunisie-un-etat-pauvre-et-depensier\/\" \/>\n<meta property=\"og:site_name\" content=\"Kapitalis\" \/>\n<meta property=\"article:publisher\" content=\"https:\/\/www.facebook.com\/KapitalisInfo\/\" \/>\n<meta property=\"article:published_time\" content=\"2025-02-17T11:18:28+00:00\" \/>\n<meta property=\"article:modified_time\" content=\"2025-02-17T11:18:29+00:00\" \/>\n<meta property=\"og:image\" content=\"https:\/\/kapitalis.com\/tunisie\/wp-content\/uploads\/2022\/11\/Palais-du-gouvernement-Tunis.jpg\" \/>\n\t<meta property=\"og:image:width\" content=\"1200\" \/>\n\t<meta property=\"og:image:height\" content=\"630\" \/>\n\t<meta property=\"og:image:type\" content=\"image\/jpeg\" \/>\n<meta name=\"author\" content=\"webmaster kapitalis\" \/>\n<meta name=\"twitter:card\" content=\"summary_large_image\" \/>\n<meta name=\"twitter:creator\" content=\"@KapitalisInfo\" \/>\n<meta name=\"twitter:site\" content=\"@KapitalisInfo\" \/>\n<meta name=\"twitter:label1\" content=\"\u00c9crit par\" \/>\n\t<meta name=\"twitter:data1\" content=\"webmaster kapitalis\" \/>\n\t<meta name=\"twitter:label2\" content=\"Dur\u00e9e de lecture estim\u00e9e\" \/>\n\t<meta name=\"twitter:data2\" content=\"2 minutes\" \/>\n<script type=\"application\/ld+json\" class=\"yoast-schema-graph\">{\"@context\":\"https:\/\/schema.org\",\"@graph\":[{\"@type\":\"Article\",\"@id\":\"https:\/\/kapitalis.com\/tunisie\/2025\/02\/17\/tunisie-un-etat-pauvre-et-depensier\/#article\",\"isPartOf\":{\"@id\":\"https:\/\/kapitalis.com\/tunisie\/2025\/02\/17\/tunisie-un-etat-pauvre-et-depensier\/\"},\"author\":{\"name\":\"webmaster kapitalis\",\"@id\":\"https:\/\/kapitalis.com\/tunisie\/#\/schema\/person\/d71f33a9ca44f7bad4698210b480c8e9\"},\"headline\":\"Tunisie | Un Etat pauvre et d\u00e9pensier \u00a0\",\"datePublished\":\"2025-02-17T11:18:28+00:00\",\"dateModified\":\"2025-02-17T11:18:29+00:00\",\"mainEntityOfPage\":{\"@id\":\"https:\/\/kapitalis.com\/tunisie\/2025\/02\/17\/tunisie-un-etat-pauvre-et-depensier\/\"},\"wordCount\":326,\"commentCount\":4,\"publisher\":{\"@id\":\"https:\/\/kapitalis.com\/tunisie\/#organization\"},\"image\":{\"@id\":\"https:\/\/kapitalis.com\/tunisie\/2025\/02\/17\/tunisie-un-etat-pauvre-et-depensier\/#primaryimage\"},\"thumbnailUrl\":\"https:\/\/kapitalis.com\/tunisie\/wp-content\/uploads\/2022\/11\/Palais-du-gouvernement-Tunis.jpg\",\"keywords\":[\"Allemagne\",\"aust\u00e9rit\u00e9\",\"contribuables\",\"d\u00e9pense publique\",\"Elyes Kasri\",\"fiscalit\u00e9\",\"relance \u00e9conomique\",\"Tunisie\",\"voitures de fonction\"],\"articleSection\":[\"A LA UNE\",\"POLITIQUE\",\"TRIBUNE\",\"Tunisie\"],\"inLanguage\":\"fr-FR\",\"potentialAction\":[{\"@type\":\"CommentAction\",\"name\":\"Comment\",\"target\":[\"https:\/\/kapitalis.com\/tunisie\/2025\/02\/17\/tunisie-un-etat-pauvre-et-depensier\/#respond\"]}]},{\"@type\":\"WebPage\",\"@id\":\"https:\/\/kapitalis.com\/tunisie\/2025\/02\/17\/tunisie-un-etat-pauvre-et-depensier\/\",\"url\":\"https:\/\/kapitalis.com\/tunisie\/2025\/02\/17\/tunisie-un-etat-pauvre-et-depensier\/\",\"name\":\"Tunisie | Un Etat pauvre et d\u00e9pensier \u00a0 - Kapitalis\",\"isPartOf\":{\"@id\":\"https:\/\/kapitalis.com\/tunisie\/#website\"},\"primaryImageOfPage\":{\"@id\":\"https:\/\/kapitalis.com\/tunisie\/2025\/02\/17\/tunisie-un-etat-pauvre-et-depensier\/#primaryimage\"},\"image\":{\"@id\":\"https:\/\/kapitalis.com\/tunisie\/2025\/02\/17\/tunisie-un-etat-pauvre-et-depensier\/#primaryimage\"},\"thumbnailUrl\":\"https:\/\/kapitalis.com\/tunisie\/wp-content\/uploads\/2022\/11\/Palais-du-gouvernement-Tunis.jpg\",\"datePublished\":\"2025-02-17T11:18:28+00:00\",\"dateModified\":\"2025-02-17T11:18:29+00:00\",\"breadcrumb\":{\"@id\":\"https:\/\/kapitalis.com\/tunisie\/2025\/02\/17\/tunisie-un-etat-pauvre-et-depensier\/#breadcrumb\"},\"inLanguage\":\"fr-FR\",\"potentialAction\":[{\"@type\":\"ReadAction\",\"target\":[\"https:\/\/kapitalis.com\/tunisie\/2025\/02\/17\/tunisie-un-etat-pauvre-et-depensier\/\"]}]},{\"@type\":\"ImageObject\",\"inLanguage\":\"fr-FR\",\"@id\":\"https:\/\/kapitalis.com\/tunisie\/2025\/02\/17\/tunisie-un-etat-pauvre-et-depensier\/#primaryimage\",\"url\":\"https:\/\/kapitalis.com\/tunisie\/wp-content\/uploads\/2022\/11\/Palais-du-gouvernement-Tunis.jpg\",\"contentUrl\":\"https:\/\/kapitalis.com\/tunisie\/wp-content\/uploads\/2022\/11\/Palais-du-gouvernement-Tunis.jpg\",\"width\":1200,\"height\":630},{\"@type\":\"BreadcrumbList\",\"@id\":\"https:\/\/kapitalis.com\/tunisie\/2025\/02\/17\/tunisie-un-etat-pauvre-et-depensier\/#breadcrumb\",\"itemListElement\":[{\"@type\":\"ListItem\",\"position\":1,\"name\":\"Accueil\",\"item\":\"https:\/\/kapitalis.com\/tunisie\/\"},{\"@type\":\"ListItem\",\"position\":2,\"name\":\"Tunisie | Un Etat pauvre et d\u00e9pensier \u00a0\"}]},{\"@type\":\"WebSite\",\"@id\":\"https:\/\/kapitalis.com\/tunisie\/#website\",\"url\":\"https:\/\/kapitalis.com\/tunisie\/\",\"name\":\"Kapitalis\",\"description\":\"L&#039;actualit\u00e9 en Tunisie et dans le monde\",\"publisher\":{\"@id\":\"https:\/\/kapitalis.com\/tunisie\/#organization\"},\"potentialAction\":[{\"@type\":\"SearchAction\",\"target\":{\"@type\":\"EntryPoint\",\"urlTemplate\":\"https:\/\/kapitalis.com\/tunisie\/?s={search_term_string}\"},\"query-input\":{\"@type\":\"PropertyValueSpecification\",\"valueRequired\":true,\"valueName\":\"search_term_string\"}}],\"inLanguage\":\"fr-FR\"},{\"@type\":\"Organization\",\"@id\":\"https:\/\/kapitalis.com\/tunisie\/#organization\",\"name\":\"Kapitalis\",\"url\":\"https:\/\/kapitalis.com\/tunisie\/\",\"logo\":{\"@type\":\"ImageObject\",\"inLanguage\":\"fr-FR\",\"@id\":\"https:\/\/kapitalis.com\/tunisie\/#\/schema\/logo\/image\/\",\"url\":\"https:\/\/kapitalis.com\/tunisie\/wp-content\/uploads\/2022\/05\/Kapitalis-big-size.png\",\"contentUrl\":\"https:\/\/kapitalis.com\/tunisie\/wp-content\/uploads\/2022\/05\/Kapitalis-big-size.png\",\"width\":5000,\"height\":1500,\"caption\":\"Kapitalis\"},\"image\":{\"@id\":\"https:\/\/kapitalis.com\/tunisie\/#\/schema\/logo\/image\/\"},\"sameAs\":[\"https:\/\/www.facebook.com\/KapitalisInfo\/\",\"https:\/\/x.com\/KapitalisInfo\",\"https:\/\/www.youtube.com\/channel\/UC-yDYrHyfFBWWZaOw3FPg9Q\"]},{\"@type\":\"Person\",\"@id\":\"https:\/\/kapitalis.com\/tunisie\/#\/schema\/person\/d71f33a9ca44f7bad4698210b480c8e9\",\"name\":\"webmaster kapitalis\",\"url\":\"https:\/\/kapitalis.com\/tunisie\/author\/webmaster-kapitalis\/\"}]}<\/script>\n<!-- \/ Yoast SEO plugin. -->","yoast_head_json":{"title":"Tunisie | Un Etat pauvre et d\u00e9pensier \u00a0 - Kapitalis","robots":{"index":"index","follow":"follow","max-snippet":"max-snippet:-1","max-image-preview":"max-image-preview:large","max-video-preview":"max-video-preview:-1"},"canonical":"https:\/\/kapitalis.com\/tunisie\/2025\/02\/17\/tunisie-un-etat-pauvre-et-depensier\/","og_locale":"fr_FR","og_type":"article","og_title":"Tunisie | Un Etat pauvre et d\u00e9pensier \u00a0 - Kapitalis","og_description":"L\u2019Etat tunisien serait mieux inspir\u00e9 de rationaliser consid\u00e9rablement son train de vie, trop couteux pour les contribuables.","og_url":"https:\/\/kapitalis.com\/tunisie\/2025\/02\/17\/tunisie-un-etat-pauvre-et-depensier\/","og_site_name":"Kapitalis","article_publisher":"https:\/\/www.facebook.com\/KapitalisInfo\/","article_published_time":"2025-02-17T11:18:28+00:00","article_modified_time":"2025-02-17T11:18:29+00:00","og_image":[{"width":1200,"height":630,"url":"https:\/\/kapitalis.com\/tunisie\/wp-content\/uploads\/2022\/11\/Palais-du-gouvernement-Tunis.jpg","type":"image\/jpeg"}],"author":"webmaster kapitalis","twitter_card":"summary_large_image","twitter_creator":"@KapitalisInfo","twitter_site":"@KapitalisInfo","twitter_misc":{"\u00c9crit par":"webmaster kapitalis","Dur\u00e9e de lecture estim\u00e9e":"2 minutes"},"schema":{"@context":"https:\/\/schema.org","@graph":[{"@type":"Article","@id":"https:\/\/kapitalis.com\/tunisie\/2025\/02\/17\/tunisie-un-etat-pauvre-et-depensier\/#article","isPartOf":{"@id":"https:\/\/kapitalis.com\/tunisie\/2025\/02\/17\/tunisie-un-etat-pauvre-et-depensier\/"},"author":{"name":"webmaster kapitalis","@id":"https:\/\/kapitalis.com\/tunisie\/#\/schema\/person\/d71f33a9ca44f7bad4698210b480c8e9"},"headline":"Tunisie | Un Etat pauvre et d\u00e9pensier \u00a0","datePublished":"2025-02-17T11:18:28+00:00","dateModified":"2025-02-17T11:18:29+00:00","mainEntityOfPage":{"@id":"https:\/\/kapitalis.com\/tunisie\/2025\/02\/17\/tunisie-un-etat-pauvre-et-depensier\/"},"wordCount":326,"commentCount":4,"publisher":{"@id":"https:\/\/kapitalis.com\/tunisie\/#organization"},"image":{"@id":"https:\/\/kapitalis.com\/tunisie\/2025\/02\/17\/tunisie-un-etat-pauvre-et-depensier\/#primaryimage"},"thumbnailUrl":"https:\/\/kapitalis.com\/tunisie\/wp-content\/uploads\/2022\/11\/Palais-du-gouvernement-Tunis.jpg","keywords":["Allemagne","aust\u00e9rit\u00e9","contribuables","d\u00e9pense publique","Elyes Kasri","fiscalit\u00e9","relance \u00e9conomique","Tunisie","voitures de fonction"],"articleSection":["A LA UNE","POLITIQUE","TRIBUNE","Tunisie"],"inLanguage":"fr-FR","potentialAction":[{"@type":"CommentAction","name":"Comment","target":["https:\/\/kapitalis.com\/tunisie\/2025\/02\/17\/tunisie-un-etat-pauvre-et-depensier\/#respond"]}]},{"@type":"WebPage","@id":"https:\/\/kapitalis.com\/tunisie\/2025\/02\/17\/tunisie-un-etat-pauvre-et-depensier\/","url":"https:\/\/kapitalis.com\/tunisie\/2025\/02\/17\/tunisie-un-etat-pauvre-et-depensier\/","name":"Tunisie | Un Etat pauvre et d\u00e9pensier \u00a0 - Kapitalis","isPartOf":{"@id":"https:\/\/kapitalis.com\/tunisie\/#website"},"primaryImageOfPage":{"@id":"https:\/\/kapitalis.com\/tunisie\/2025\/02\/17\/tunisie-un-etat-pauvre-et-depensier\/#primaryimage"},"image":{"@id":"https:\/\/kapitalis.com\/tunisie\/2025\/02\/17\/tunisie-un-etat-pauvre-et-depensier\/#primaryimage"},"thumbnailUrl":"https:\/\/kapitalis.com\/tunisie\/wp-content\/uploads\/2022\/11\/Palais-du-gouvernement-Tunis.jpg","datePublished":"2025-02-17T11:18:28+00:00","dateModified":"2025-02-17T11:18:29+00:00","breadcrumb":{"@id":"https:\/\/kapitalis.com\/tunisie\/2025\/02\/17\/tunisie-un-etat-pauvre-et-depensier\/#breadcrumb"},"inLanguage":"fr-FR","potentialAction":[{"@type":"ReadAction","target":["https:\/\/kapitalis.com\/tunisie\/2025\/02\/17\/tunisie-un-etat-pauvre-et-depensier\/"]}]},{"@type":"ImageObject","inLanguage":"fr-FR","@id":"https:\/\/kapitalis.com\/tunisie\/2025\/02\/17\/tunisie-un-etat-pauvre-et-depensier\/#primaryimage","url":"https:\/\/kapitalis.com\/tunisie\/wp-content\/uploads\/2022\/11\/Palais-du-gouvernement-Tunis.jpg","contentUrl":"https:\/\/kapitalis.com\/tunisie\/wp-content\/uploads\/2022\/11\/Palais-du-gouvernement-Tunis.jpg","width":1200,"height":630},{"@type":"BreadcrumbList","@id":"https:\/\/kapitalis.com\/tunisie\/2025\/02\/17\/tunisie-un-etat-pauvre-et-depensier\/#breadcrumb","itemListElement":[{"@type":"ListItem","position":1,"name":"Accueil","item":"https:\/\/kapitalis.com\/tunisie\/"},{"@type":"ListItem","position":2,"name":"Tunisie | Un Etat pauvre et d\u00e9pensier \u00a0"}]},{"@type":"WebSite","@id":"https:\/\/kapitalis.com\/tunisie\/#website","url":"https:\/\/kapitalis.com\/tunisie\/","name":"Kapitalis","description":"L&#039;actualit\u00e9 en Tunisie et dans le monde","publisher":{"@id":"https:\/\/kapitalis.com\/tunisie\/#organization"},"potentialAction":[{"@type":"SearchAction","target":{"@type":"EntryPoint","urlTemplate":"https:\/\/kapitalis.com\/tunisie\/?s={search_term_string}"},"query-input":{"@type":"PropertyValueSpecification","valueRequired":true,"valueName":"search_term_string"}}],"inLanguage":"fr-FR"},{"@type":"Organization","@id":"https:\/\/kapitalis.com\/tunisie\/#organization","name":"Kapitalis","url":"https:\/\/kapitalis.com\/tunisie\/","logo":{"@type":"ImageObject","inLanguage":"fr-FR","@id":"https:\/\/kapitalis.com\/tunisie\/#\/schema\/logo\/image\/","url":"https:\/\/kapitalis.com\/tunisie\/wp-content\/uploads\/2022\/05\/Kapitalis-big-size.png","contentUrl":"https:\/\/kapitalis.com\/tunisie\/wp-content\/uploads\/2022\/05\/Kapitalis-big-size.png","width":5000,"height":1500,"caption":"Kapitalis"},"image":{"@id":"https:\/\/kapitalis.com\/tunisie\/#\/schema\/logo\/image\/"},"sameAs":["https:\/\/www.facebook.com\/KapitalisInfo\/","https:\/\/x.com\/KapitalisInfo","https:\/\/www.youtube.com\/channel\/UC-yDYrHyfFBWWZaOw3FPg9Q"]},{"@type":"Person","@id":"https:\/\/kapitalis.com\/tunisie\/#\/schema\/person\/d71f33a9ca44f7bad4698210b480c8e9","name":"webmaster kapitalis","url":"https:\/\/kapitalis.com\/tunisie\/author\/webmaster-kapitalis\/"}]}},"_links":{"self":[{"href":"https:\/\/kapitalis.com\/tunisie\/wp-json\/wp\/v2\/posts\/15566304","targetHints":{"allow":["GET"]}}],"collection":[{"href":"https:\/\/kapitalis.com\/tunisie\/wp-json\/wp\/v2\/posts"}],"about":[{"href":"https:\/\/kapitalis.com\/tunisie\/wp-json\/wp\/v2\/types\/post"}],"author":[{"embeddable":true,"href":"https:\/\/kapitalis.com\/tunisie\/wp-json\/wp\/v2\/users\/8"}],"replies":[{"embeddable":true,"href":"https:\/\/kapitalis.com\/tunisie\/wp-json\/wp\/v2\/comments?post=15566304"}],"version-history":[{"count":1,"href":"https:\/\/kapitalis.com\/tunisie\/wp-json\/wp\/v2\/posts\/15566304\/revisions"}],"predecessor-version":[{"id":15566321,"href":"https:\/\/kapitalis.com\/tunisie\/wp-json\/wp\/v2\/posts\/15566304\/revisions\/15566321"}],"wp:featuredmedia":[{"embeddable":true,"href":"https:\/\/kapitalis.com\/tunisie\/wp-json\/wp\/v2\/media\/4833320"}],"wp:attachment":[{"href":"https:\/\/kapitalis.com\/tunisie\/wp-json\/wp\/v2\/media?parent=15566304"}],"wp:term":[{"taxonomy":"category","embeddable":true,"href":"https:\/\/kapitalis.com\/tunisie\/wp-json\/wp\/v2\/categories?post=15566304"},{"taxonomy":"post_tag","embeddable":true,"href":"https:\/\/kapitalis.com\/tunisie\/wp-json\/wp\/v2\/tags?post=15566304"}],"curies":[{"name":"wp","href":"https:\/\/api.w.org\/{rel}","templated":true}]}}