{"id":15569121,"date":"2025-02-17T21:19:59","date_gmt":"2025-02-17T20:19:59","guid":{"rendered":"https:\/\/kapitalis.com\/tunisie\/?p=15569121"},"modified":"2025-02-17T21:23:36","modified_gmt":"2025-02-17T20:23:36","slug":"abir-moussi-transferee-a-la-prison-de-nabeul-aswat-nissa-pleinement-solidaire","status":"publish","type":"post","link":"https:\/\/kapitalis.com\/tunisie\/2025\/02\/17\/abir-moussi-transferee-a-la-prison-de-nabeul-aswat-nissa-pleinement-solidaire\/","title":{"rendered":"Abir Moussi transf\u00e9r\u00e9e \u00e0 la prison de Nabeul | Aswat Nissa pleinement solidaire"},"content":{"rendered":"\n<p><strong><em>L&rsquo;Association f\u00e9ministe Aswat Nissa a exprim\u00e9 sa pleine solidarit\u00e9 avec la pr\u00e9sidente du Parti destourien libre (PDL) Abir Moussa.<\/em><\/strong><\/p>\n\n\n\n<!--more-->\n\n\n\n<p>Dans un communiqu\u00e9 publi\u00e9 ce lundi 17 f\u00e9vrier 2025, Aswat Nissa a rappel\u00e9 qu&rsquo;Abir Moussi observe une gr\u00e8ve de la faim sauvage depuis mercredi dernier <em>\u00ab afin de d\u00e9noncer les mauvais traitements qu&rsquo;elle subit \u00e0 la prison pour femmes de La Manouba, selon son comit\u00e9 de d\u00e9fense \u00bb.<\/em><\/p>\n\n\n\n<p>L&rsquo;Association a \u00e9galement condamn\u00e9 le transfert d&rsquo;Abir Moussi \u00e0 la prison de Nabeul vendredi dernier, et ce, sans en avoir inform\u00e9 sa famille qui habite \u00e0 Tunis, ni encore son comit\u00e9 de d\u00e9fense.<\/p>\n\n\n\n<p>Aswat Nissa consid\u00e8re ce transfert<em> \u00ab comme une violation suppl\u00e9mentaire \u00bb<\/em> des droits de la pr\u00e9sidente du PDL, et a a r\u00e9it\u00e9r\u00e9 son \u00ab rejet de toutes formes d&rsquo;atteinte \u00e0 la dignit\u00e9 humaine et aux droits fondamentaux des d\u00e9tenues \u00bb, tout exigeant la garantie d&rsquo;un \u00ab proc\u00e8s \u00e9quitable et en appelant \u00e0 mettre fin pratiques d\u00e9gradantes dans les prisons \u00bb.<\/p>\n\n\n\n<p><em>\u00ab Nous appelons les forces des droits de l&rsquo;homme, politiques et civiles \u00e0 suivre la situation des prisonni\u00e8res d&rsquo;opinion et des militantes de la soci\u00e9t\u00e9 civile et \u00e0 \u0153uvrer pour leur protection contre toute menace \u00e0 leur vie et \u00e0 leur s\u00e9curit\u00e9 <\/em>\u00bb, lit-on encore dans le communiqu\u00e9 d&rsquo;Aswat Nissa.<\/p>\n\n\n\n<p>Rappelons que le comit\u00e9 de d\u00e9fense a affirm\u00e9, ce lundi, qu&rsquo;Abir Moussi a \u00e9t\u00e9 transf\u00e9r\u00e9e vendredi soir \u00e0 la prison de Nabeul et que son \u00e9tat de sant\u00e9 s&rsquo;est d\u00e9t\u00e9rior\u00e9, ce qui a n\u00e9cessit\u00e9 son transport \u00e0 l&rsquo;h\u00f4pital hier.<\/p>\n\n\n\n<p class=\"has-text-align-right\"><strong>Y. N.<\/strong><\/p>\n","protected":false},"excerpt":{"rendered":"<p>L&rsquo;Association f\u00e9ministe Aswat Nissa a exprim\u00e9 sa pleine solidarit\u00e9 avec la pr\u00e9sidente du Parti destourien libre (PDL) Abir Moussa.<\/p>\n","protected":false},"author":6,"featured_media":15569163,"comment_status":"open","ping_status":"open","sticky":false,"template":"","format":"standard","meta":{"footnotes":""},"categories":[997,2433],"tags":[15144,26318,10110,650,120844,1139,64491,62643],"class_list":["post-15569121","post","type-post","status-publish","format-standard","has-post-thumbnail","hentry","category-politique","category-tunisie","tag-abir-moussi","tag-aswat-nissa","tag-feministe","tag-nabeul","tag-psl","tag-solidarite","tag-tunis","tag-tunisie"],"yoast_head":"<!-- This site is optimized with the Yoast SEO plugin v26.6 - https:\/\/yoast.com\/wordpress\/plugins\/seo\/ -->\n<title>Abir Moussi transf\u00e9r\u00e9e \u00e0 la prison de Nabeul | Aswat Nissa pleinement solidaire - Kapitalis<\/title>\n<meta name=\"robots\" content=\"index, follow, max-snippet:-1, max-image-preview:large, max-video-preview:-1\" \/>\n<link rel=\"canonical\" href=\"https:\/\/kapitalis.com\/tunisie\/2025\/02\/17\/abir-moussi-transferee-a-la-prison-de-nabeul-aswat-nissa-pleinement-solidaire\/\" \/>\n<meta property=\"og:locale\" content=\"fr_FR\" \/>\n<meta property=\"og:type\" content=\"article\" \/>\n<meta property=\"og:title\" content=\"Abir Moussi transf\u00e9r\u00e9e \u00e0 la prison de Nabeul | Aswat Nissa pleinement solidaire - Kapitalis\" \/>\n<meta property=\"og:description\" content=\"L&rsquo;Association f\u00e9ministe Aswat Nissa a exprim\u00e9 sa pleine solidarit\u00e9 avec la pr\u00e9sidente du Parti destourien libre (PDL) Abir Moussa.\" \/>\n<meta property=\"og:url\" content=\"https:\/\/kapitalis.com\/tunisie\/2025\/02\/17\/abir-moussi-transferee-a-la-prison-de-nabeul-aswat-nissa-pleinement-solidaire\/\" \/>\n<meta property=\"og:site_name\" content=\"Kapitalis\" \/>\n<meta property=\"article:publisher\" content=\"https:\/\/www.facebook.com\/KapitalisInfo\/\" \/>\n<meta property=\"article:published_time\" content=\"2025-02-17T20:19:59+00:00\" \/>\n<meta property=\"article:modified_time\" content=\"2025-02-17T20:23:36+00:00\" \/>\n<meta property=\"og:image\" content=\"https:\/\/kapitalis.com\/tunisie\/wp-content\/uploads\/2025\/02\/Abir-Moussi-Aswat-Nissa.jpg\" \/>\n\t<meta property=\"og:image:width\" content=\"1200\" \/>\n\t<meta property=\"og:image:height\" content=\"630\" \/>\n\t<meta property=\"og:image:type\" content=\"image\/jpeg\" \/>\n<meta name=\"author\" content=\"Yusra NY\" \/>\n<meta name=\"twitter:card\" content=\"summary_large_image\" \/>\n<meta name=\"twitter:creator\" content=\"@KapitalisInfo\" \/>\n<meta name=\"twitter:site\" content=\"@KapitalisInfo\" \/>\n<meta name=\"twitter:label1\" content=\"\u00c9crit par\" \/>\n\t<meta name=\"twitter:data1\" content=\"Yusra NY\" \/>\n\t<meta name=\"twitter:label2\" content=\"Dur\u00e9e de lecture estim\u00e9e\" \/>\n\t<meta name=\"twitter:data2\" content=\"2 minutes\" \/>\n<script type=\"application\/ld+json\" class=\"yoast-schema-graph\">{\"@context\":\"https:\/\/schema.org\",\"@graph\":[{\"@type\":\"Article\",\"@id\":\"https:\/\/kapitalis.com\/tunisie\/2025\/02\/17\/abir-moussi-transferee-a-la-prison-de-nabeul-aswat-nissa-pleinement-solidaire\/#article\",\"isPartOf\":{\"@id\":\"https:\/\/kapitalis.com\/tunisie\/2025\/02\/17\/abir-moussi-transferee-a-la-prison-de-nabeul-aswat-nissa-pleinement-solidaire\/\"},\"author\":{\"name\":\"Yusra NY\",\"@id\":\"https:\/\/kapitalis.com\/tunisie\/#\/schema\/person\/74bbde0154d49d790a92aaeac5bc01d5\"},\"headline\":\"Abir Moussi transf\u00e9r\u00e9e \u00e0 la prison de Nabeul | Aswat Nissa pleinement solidaire\",\"datePublished\":\"2025-02-17T20:19:59+00:00\",\"dateModified\":\"2025-02-17T20:23:36+00:00\",\"mainEntityOfPage\":{\"@id\":\"https:\/\/kapitalis.com\/tunisie\/2025\/02\/17\/abir-moussi-transferee-a-la-prison-de-nabeul-aswat-nissa-pleinement-solidaire\/\"},\"wordCount\":266,\"commentCount\":0,\"publisher\":{\"@id\":\"https:\/\/kapitalis.com\/tunisie\/#organization\"},\"image\":{\"@id\":\"https:\/\/kapitalis.com\/tunisie\/2025\/02\/17\/abir-moussi-transferee-a-la-prison-de-nabeul-aswat-nissa-pleinement-solidaire\/#primaryimage\"},\"thumbnailUrl\":\"https:\/\/kapitalis.com\/tunisie\/wp-content\/uploads\/2025\/02\/Abir-Moussi-Aswat-Nissa.jpg\",\"keywords\":[\"Abir Moussi\",\"Aswat Nissa\",\"f\u00e9ministe\",\"Nabeul\",\"PSL\",\"solidarit\u00e9\",\"Tunis\",\"Tunisie\"],\"articleSection\":[\"POLITIQUE\",\"Tunisie\"],\"inLanguage\":\"fr-FR\",\"potentialAction\":[{\"@type\":\"CommentAction\",\"name\":\"Comment\",\"target\":[\"https:\/\/kapitalis.com\/tunisie\/2025\/02\/17\/abir-moussi-transferee-a-la-prison-de-nabeul-aswat-nissa-pleinement-solidaire\/#respond\"]}]},{\"@type\":\"WebPage\",\"@id\":\"https:\/\/kapitalis.com\/tunisie\/2025\/02\/17\/abir-moussi-transferee-a-la-prison-de-nabeul-aswat-nissa-pleinement-solidaire\/\",\"url\":\"https:\/\/kapitalis.com\/tunisie\/2025\/02\/17\/abir-moussi-transferee-a-la-prison-de-nabeul-aswat-nissa-pleinement-solidaire\/\",\"name\":\"Abir Moussi transf\u00e9r\u00e9e \u00e0 la prison de Nabeul | Aswat Nissa pleinement solidaire - Kapitalis\",\"isPartOf\":{\"@id\":\"https:\/\/kapitalis.com\/tunisie\/#website\"},\"primaryImageOfPage\":{\"@id\":\"https:\/\/kapitalis.com\/tunisie\/2025\/02\/17\/abir-moussi-transferee-a-la-prison-de-nabeul-aswat-nissa-pleinement-solidaire\/#primaryimage\"},\"image\":{\"@id\":\"https:\/\/kapitalis.com\/tunisie\/2025\/02\/17\/abir-moussi-transferee-a-la-prison-de-nabeul-aswat-nissa-pleinement-solidaire\/#primaryimage\"},\"thumbnailUrl\":\"https:\/\/kapitalis.com\/tunisie\/wp-content\/uploads\/2025\/02\/Abir-Moussi-Aswat-Nissa.jpg\",\"datePublished\":\"2025-02-17T20:19:59+00:00\",\"dateModified\":\"2025-02-17T20:23:36+00:00\",\"breadcrumb\":{\"@id\":\"https:\/\/kapitalis.com\/tunisie\/2025\/02\/17\/abir-moussi-transferee-a-la-prison-de-nabeul-aswat-nissa-pleinement-solidaire\/#breadcrumb\"},\"inLanguage\":\"fr-FR\",\"potentialAction\":[{\"@type\":\"ReadAction\",\"target\":[\"https:\/\/kapitalis.com\/tunisie\/2025\/02\/17\/abir-moussi-transferee-a-la-prison-de-nabeul-aswat-nissa-pleinement-solidaire\/\"]}]},{\"@type\":\"ImageObject\",\"inLanguage\":\"fr-FR\",\"@id\":\"https:\/\/kapitalis.com\/tunisie\/2025\/02\/17\/abir-moussi-transferee-a-la-prison-de-nabeul-aswat-nissa-pleinement-solidaire\/#primaryimage\",\"url\":\"https:\/\/kapitalis.com\/tunisie\/wp-content\/uploads\/2025\/02\/Abir-Moussi-Aswat-Nissa.jpg\",\"contentUrl\":\"https:\/\/kapitalis.com\/tunisie\/wp-content\/uploads\/2025\/02\/Abir-Moussi-Aswat-Nissa.jpg\",\"width\":1200,\"height\":630},{\"@type\":\"BreadcrumbList\",\"@id\":\"https:\/\/kapitalis.com\/tunisie\/2025\/02\/17\/abir-moussi-transferee-a-la-prison-de-nabeul-aswat-nissa-pleinement-solidaire\/#breadcrumb\",\"itemListElement\":[{\"@type\":\"ListItem\",\"position\":1,\"name\":\"Accueil\",\"item\":\"https:\/\/kapitalis.com\/tunisie\/\"},{\"@type\":\"ListItem\",\"position\":2,\"name\":\"Abir Moussi transf\u00e9r\u00e9e \u00e0 la prison de Nabeul | Aswat Nissa pleinement solidaire\"}]},{\"@type\":\"WebSite\",\"@id\":\"https:\/\/kapitalis.com\/tunisie\/#website\",\"url\":\"https:\/\/kapitalis.com\/tunisie\/\",\"name\":\"Kapitalis\",\"description\":\"L&#039;actualit\u00e9 en Tunisie et dans le monde\",\"publisher\":{\"@id\":\"https:\/\/kapitalis.com\/tunisie\/#organization\"},\"potentialAction\":[{\"@type\":\"SearchAction\",\"target\":{\"@type\":\"EntryPoint\",\"urlTemplate\":\"https:\/\/kapitalis.com\/tunisie\/?s={search_term_string}\"},\"query-input\":{\"@type\":\"PropertyValueSpecification\",\"valueRequired\":true,\"valueName\":\"search_term_string\"}}],\"inLanguage\":\"fr-FR\"},{\"@type\":\"Organization\",\"@id\":\"https:\/\/kapitalis.com\/tunisie\/#organization\",\"name\":\"Kapitalis\",\"url\":\"https:\/\/kapitalis.com\/tunisie\/\",\"logo\":{\"@type\":\"ImageObject\",\"inLanguage\":\"fr-FR\",\"@id\":\"https:\/\/kapitalis.com\/tunisie\/#\/schema\/logo\/image\/\",\"url\":\"https:\/\/kapitalis.com\/tunisie\/wp-content\/uploads\/2022\/05\/Kapitalis-big-size.png\",\"contentUrl\":\"https:\/\/kapitalis.com\/tunisie\/wp-content\/uploads\/2022\/05\/Kapitalis-big-size.png\",\"width\":5000,\"height\":1500,\"caption\":\"Kapitalis\"},\"image\":{\"@id\":\"https:\/\/kapitalis.com\/tunisie\/#\/schema\/logo\/image\/\"},\"sameAs\":[\"https:\/\/www.facebook.com\/KapitalisInfo\/\",\"https:\/\/x.com\/KapitalisInfo\",\"https:\/\/www.youtube.com\/channel\/UC-yDYrHyfFBWWZaOw3FPg9Q\"]},{\"@type\":\"Person\",\"@id\":\"https:\/\/kapitalis.com\/tunisie\/#\/schema\/person\/74bbde0154d49d790a92aaeac5bc01d5\",\"name\":\"Yusra NY\",\"url\":\"https:\/\/kapitalis.com\/tunisie\/author\/yuza_adam\/\"}]}<\/script>\n<!-- \/ Yoast SEO plugin. -->","yoast_head_json":{"title":"Abir Moussi transf\u00e9r\u00e9e \u00e0 la prison de Nabeul | Aswat Nissa pleinement solidaire - Kapitalis","robots":{"index":"index","follow":"follow","max-snippet":"max-snippet:-1","max-image-preview":"max-image-preview:large","max-video-preview":"max-video-preview:-1"},"canonical":"https:\/\/kapitalis.com\/tunisie\/2025\/02\/17\/abir-moussi-transferee-a-la-prison-de-nabeul-aswat-nissa-pleinement-solidaire\/","og_locale":"fr_FR","og_type":"article","og_title":"Abir Moussi transf\u00e9r\u00e9e \u00e0 la prison de Nabeul | Aswat Nissa pleinement solidaire - Kapitalis","og_description":"L&rsquo;Association f\u00e9ministe Aswat Nissa a exprim\u00e9 sa pleine solidarit\u00e9 avec la pr\u00e9sidente du Parti destourien libre (PDL) Abir Moussa.","og_url":"https:\/\/kapitalis.com\/tunisie\/2025\/02\/17\/abir-moussi-transferee-a-la-prison-de-nabeul-aswat-nissa-pleinement-solidaire\/","og_site_name":"Kapitalis","article_publisher":"https:\/\/www.facebook.com\/KapitalisInfo\/","article_published_time":"2025-02-17T20:19:59+00:00","article_modified_time":"2025-02-17T20:23:36+00:00","og_image":[{"width":1200,"height":630,"url":"https:\/\/kapitalis.com\/tunisie\/wp-content\/uploads\/2025\/02\/Abir-Moussi-Aswat-Nissa.jpg","type":"image\/jpeg"}],"author":"Yusra NY","twitter_card":"summary_large_image","twitter_creator":"@KapitalisInfo","twitter_site":"@KapitalisInfo","twitter_misc":{"\u00c9crit par":"Yusra NY","Dur\u00e9e de lecture estim\u00e9e":"2 minutes"},"schema":{"@context":"https:\/\/schema.org","@graph":[{"@type":"Article","@id":"https:\/\/kapitalis.com\/tunisie\/2025\/02\/17\/abir-moussi-transferee-a-la-prison-de-nabeul-aswat-nissa-pleinement-solidaire\/#article","isPartOf":{"@id":"https:\/\/kapitalis.com\/tunisie\/2025\/02\/17\/abir-moussi-transferee-a-la-prison-de-nabeul-aswat-nissa-pleinement-solidaire\/"},"author":{"name":"Yusra NY","@id":"https:\/\/kapitalis.com\/tunisie\/#\/schema\/person\/74bbde0154d49d790a92aaeac5bc01d5"},"headline":"Abir Moussi transf\u00e9r\u00e9e \u00e0 la prison de Nabeul | Aswat Nissa pleinement solidaire","datePublished":"2025-02-17T20:19:59+00:00","dateModified":"2025-02-17T20:23:36+00:00","mainEntityOfPage":{"@id":"https:\/\/kapitalis.com\/tunisie\/2025\/02\/17\/abir-moussi-transferee-a-la-prison-de-nabeul-aswat-nissa-pleinement-solidaire\/"},"wordCount":266,"commentCount":0,"publisher":{"@id":"https:\/\/kapitalis.com\/tunisie\/#organization"},"image":{"@id":"https:\/\/kapitalis.com\/tunisie\/2025\/02\/17\/abir-moussi-transferee-a-la-prison-de-nabeul-aswat-nissa-pleinement-solidaire\/#primaryimage"},"thumbnailUrl":"https:\/\/kapitalis.com\/tunisie\/wp-content\/uploads\/2025\/02\/Abir-Moussi-Aswat-Nissa.jpg","keywords":["Abir Moussi","Aswat Nissa","f\u00e9ministe","Nabeul","PSL","solidarit\u00e9","Tunis","Tunisie"],"articleSection":["POLITIQUE","Tunisie"],"inLanguage":"fr-FR","potentialAction":[{"@type":"CommentAction","name":"Comment","target":["https:\/\/kapitalis.com\/tunisie\/2025\/02\/17\/abir-moussi-transferee-a-la-prison-de-nabeul-aswat-nissa-pleinement-solidaire\/#respond"]}]},{"@type":"WebPage","@id":"https:\/\/kapitalis.com\/tunisie\/2025\/02\/17\/abir-moussi-transferee-a-la-prison-de-nabeul-aswat-nissa-pleinement-solidaire\/","url":"https:\/\/kapitalis.com\/tunisie\/2025\/02\/17\/abir-moussi-transferee-a-la-prison-de-nabeul-aswat-nissa-pleinement-solidaire\/","name":"Abir Moussi transf\u00e9r\u00e9e \u00e0 la prison de Nabeul | Aswat Nissa pleinement solidaire - Kapitalis","isPartOf":{"@id":"https:\/\/kapitalis.com\/tunisie\/#website"},"primaryImageOfPage":{"@id":"https:\/\/kapitalis.com\/tunisie\/2025\/02\/17\/abir-moussi-transferee-a-la-prison-de-nabeul-aswat-nissa-pleinement-solidaire\/#primaryimage"},"image":{"@id":"https:\/\/kapitalis.com\/tunisie\/2025\/02\/17\/abir-moussi-transferee-a-la-prison-de-nabeul-aswat-nissa-pleinement-solidaire\/#primaryimage"},"thumbnailUrl":"https:\/\/kapitalis.com\/tunisie\/wp-content\/uploads\/2025\/02\/Abir-Moussi-Aswat-Nissa.jpg","datePublished":"2025-02-17T20:19:59+00:00","dateModified":"2025-02-17T20:23:36+00:00","breadcrumb":{"@id":"https:\/\/kapitalis.com\/tunisie\/2025\/02\/17\/abir-moussi-transferee-a-la-prison-de-nabeul-aswat-nissa-pleinement-solidaire\/#breadcrumb"},"inLanguage":"fr-FR","potentialAction":[{"@type":"ReadAction","target":["https:\/\/kapitalis.com\/tunisie\/2025\/02\/17\/abir-moussi-transferee-a-la-prison-de-nabeul-aswat-nissa-pleinement-solidaire\/"]}]},{"@type":"ImageObject","inLanguage":"fr-FR","@id":"https:\/\/kapitalis.com\/tunisie\/2025\/02\/17\/abir-moussi-transferee-a-la-prison-de-nabeul-aswat-nissa-pleinement-solidaire\/#primaryimage","url":"https:\/\/kapitalis.com\/tunisie\/wp-content\/uploads\/2025\/02\/Abir-Moussi-Aswat-Nissa.jpg","contentUrl":"https:\/\/kapitalis.com\/tunisie\/wp-content\/uploads\/2025\/02\/Abir-Moussi-Aswat-Nissa.jpg","width":1200,"height":630},{"@type":"BreadcrumbList","@id":"https:\/\/kapitalis.com\/tunisie\/2025\/02\/17\/abir-moussi-transferee-a-la-prison-de-nabeul-aswat-nissa-pleinement-solidaire\/#breadcrumb","itemListElement":[{"@type":"ListItem","position":1,"name":"Accueil","item":"https:\/\/kapitalis.com\/tunisie\/"},{"@type":"ListItem","position":2,"name":"Abir Moussi transf\u00e9r\u00e9e \u00e0 la prison de Nabeul | Aswat Nissa pleinement solidaire"}]},{"@type":"WebSite","@id":"https:\/\/kapitalis.com\/tunisie\/#website","url":"https:\/\/kapitalis.com\/tunisie\/","name":"Kapitalis","description":"L&#039;actualit\u00e9 en Tunisie et dans le monde","publisher":{"@id":"https:\/\/kapitalis.com\/tunisie\/#organization"},"potentialAction":[{"@type":"SearchAction","target":{"@type":"EntryPoint","urlTemplate":"https:\/\/kapitalis.com\/tunisie\/?s={search_term_string}"},"query-input":{"@type":"PropertyValueSpecification","valueRequired":true,"valueName":"search_term_string"}}],"inLanguage":"fr-FR"},{"@type":"Organization","@id":"https:\/\/kapitalis.com\/tunisie\/#organization","name":"Kapitalis","url":"https:\/\/kapitalis.com\/tunisie\/","logo":{"@type":"ImageObject","inLanguage":"fr-FR","@id":"https:\/\/kapitalis.com\/tunisie\/#\/schema\/logo\/image\/","url":"https:\/\/kapitalis.com\/tunisie\/wp-content\/uploads\/2022\/05\/Kapitalis-big-size.png","contentUrl":"https:\/\/kapitalis.com\/tunisie\/wp-content\/uploads\/2022\/05\/Kapitalis-big-size.png","width":5000,"height":1500,"caption":"Kapitalis"},"image":{"@id":"https:\/\/kapitalis.com\/tunisie\/#\/schema\/logo\/image\/"},"sameAs":["https:\/\/www.facebook.com\/KapitalisInfo\/","https:\/\/x.com\/KapitalisInfo","https:\/\/www.youtube.com\/channel\/UC-yDYrHyfFBWWZaOw3FPg9Q"]},{"@type":"Person","@id":"https:\/\/kapitalis.com\/tunisie\/#\/schema\/person\/74bbde0154d49d790a92aaeac5bc01d5","name":"Yusra NY","url":"https:\/\/kapitalis.com\/tunisie\/author\/yuza_adam\/"}]}},"_links":{"self":[{"href":"https:\/\/kapitalis.com\/tunisie\/wp-json\/wp\/v2\/posts\/15569121","targetHints":{"allow":["GET"]}}],"collection":[{"href":"https:\/\/kapitalis.com\/tunisie\/wp-json\/wp\/v2\/posts"}],"about":[{"href":"https:\/\/kapitalis.com\/tunisie\/wp-json\/wp\/v2\/types\/post"}],"author":[{"embeddable":true,"href":"https:\/\/kapitalis.com\/tunisie\/wp-json\/wp\/v2\/users\/6"}],"replies":[{"embeddable":true,"href":"https:\/\/kapitalis.com\/tunisie\/wp-json\/wp\/v2\/comments?post=15569121"}],"version-history":[{"count":1,"href":"https:\/\/kapitalis.com\/tunisie\/wp-json\/wp\/v2\/posts\/15569121\/revisions"}],"predecessor-version":[{"id":15569166,"href":"https:\/\/kapitalis.com\/tunisie\/wp-json\/wp\/v2\/posts\/15569121\/revisions\/15569166"}],"wp:featuredmedia":[{"embeddable":true,"href":"https:\/\/kapitalis.com\/tunisie\/wp-json\/wp\/v2\/media\/15569163"}],"wp:attachment":[{"href":"https:\/\/kapitalis.com\/tunisie\/wp-json\/wp\/v2\/media?parent=15569121"}],"wp:term":[{"taxonomy":"category","embeddable":true,"href":"https:\/\/kapitalis.com\/tunisie\/wp-json\/wp\/v2\/categories?post=15569121"},{"taxonomy":"post_tag","embeddable":true,"href":"https:\/\/kapitalis.com\/tunisie\/wp-json\/wp\/v2\/tags?post=15569121"}],"curies":[{"name":"wp","href":"https:\/\/api.w.org\/{rel}","templated":true}]}}