{"id":15579,"date":"2015-09-22T16:33:34","date_gmt":"2015-09-22T15:33:34","guid":{"rendered":"http:\/\/kapitalis.com\/tunisie\/?p=15579"},"modified":"2015-09-22T17:31:14","modified_gmt":"2015-09-22T16:31:14","slug":"ugtt-utica-negociations-difficiles-et-menace-de-greve-generale","status":"publish","type":"post","link":"https:\/\/kapitalis.com\/tunisie\/2015\/09\/22\/ugtt-utica-negociations-difficiles-et-menace-de-greve-generale\/","title":{"rendered":"UGTT-Utica : N\u00e9gociations difficiles et menace de gr\u00e8ve g\u00e9n\u00e9rale"},"content":{"rendered":"<p><img loading=\"lazy\" decoding=\"async\" class=\"alignnone size-full wp-image-15587 aligncenter\" src=\"http:\/\/kapitalis.com\/tunisie\/wp-content\/uploads\/2015\/09\/BELGACEM-AYARI-vs-Khalil.jpg\" alt=\"BELGACEM-AYARI vs Khalil\" width=\"626\" height=\"380\" \/><\/p>\n<p><em><strong>Belgacem Ayari (UGTT) menace d\u2019une gr\u00e8ve g\u00e9n\u00e9rale dans le priv\u00e9, Khalil Ghariani (Utica) lui demande d\u2019\u00eatre r\u00e9aliste et de penser \u00e0 la situation du pays.<\/strong><\/em><!--more--><\/p>\n<p>Lors d&rsquo;un point de presse, tenu au si\u00e8ge de la centrale syndicale, ce matin, Belgacem Ayari, secr\u00e9taire g\u00e9n\u00e9ral adjoint de l&rsquo;UGTT charg\u00e9 du secteur priv\u00e9, a annonc\u00e9 que la centrale syndicale pourrait \u00eatre accul\u00e9e \u00e0 d\u00e9cider \u00ab<em>une gr\u00e8ve g\u00e9n\u00e9rale dans le secteur priv\u00e9 en cas de non signature de l&rsquo;accord-cadre sur les augmentations salariales<\/em>\u00bb.<\/p>\n<p>Il a ajout\u00e9 que cette d\u00e9cision intervient suite \u00e0 l\u2019absence d\u2019accord sur des augmentations salariales dans le secteur priv\u00e9, \u00e0 l&rsquo;instar de celui qui vient d&rsquo;\u00eatre sign\u00e9 aujourd&rsquo;hui avec le gouvernement et qui concerne le secteur public et la fonction publique. Il a invoqu\u00e9 aussi le refus de l&rsquo;Union tunisienne de l&rsquo;industrie, du commerce et de l&rsquo;artisanat (Utica) de signer l&rsquo;accord-cadre sur les augmentations salariales au titre des ann\u00e9es 2015, 2016 et 2017.<\/p>\n<p>Selon le responsable syndical, l&rsquo;Utica n&rsquo;a manifest\u00e9 aucun signe de coop\u00e9ration ce qui a pouss\u00e9 la commission administrative du groupement du secteur priv\u00e9, r\u00e9unie r\u00e9cemment, \u00e0 d\u00e9cider de lancer des campagnes de mobilisation et de sensibilisation au niveau r\u00e9gional.<\/p>\n<p>\u00ab<em>Ces mouvements seront couronn\u00e9s par un grand rassemblement ouvrier \u00e0 la Place Mohamed Ali, devant le si\u00e8ge de l&rsquo;UGTT, \u00e0 la mi-octobre prochain<\/em>\u00bb, a-t-il dit.<\/p>\n<p>Belgacem Ayari a estim\u00e9 que l&rsquo;Utica adopte une politique d&rsquo;atermoiement et n&rsquo;accorde pas l&rsquo;int\u00e9r\u00eat requis aux probl\u00e8mes des travailleurs dans le secteur priv\u00e9, faisant remarquer qu&rsquo;environ 100 dossiers demeurent encore suspendus. et appelant la pr\u00e9sidente de l&rsquo;Utica \u00e0 les examiner s\u00e9rieusement.<\/p>\n<p>De son c\u00f4t\u00e9 Khalil Ghariani, responsable du dossier social au bureau ex\u00e9cutif de l\u2019Utica, est revenu sur la gr\u00e8ve des transporteurs de marchandises au micro de mosa\u00efque FM, aujourd\u2019hui, qu\u2019il a qualifi\u00e9e d\u2019ill\u00e9gale.<\/p>\n<p>Khalil Ghariani a ajout\u00e9 que l&rsquo;Utica a accept\u00e9 d&rsquo;entamer des n\u00e9gociations avec les syndicalistes pour trouver un accord sur les r\u00e9clamations des employ\u00e9s. Il a ajout\u00e9 que les repr\u00e9sentants de la centrale patronale ont assist\u00e9 \u00e0 une r\u00e9union dans la journ\u00e9e du dimanche 20 septembre et ont n\u00e9goci\u00e9 pendant pr\u00e8s d&rsquo;une demie heure avant que l&rsquo;un des dirigeants syndicaux ne prof\u00e8re des propos blessants et mena\u00e7ants.<\/p>\n<p>Il a, par ailleurs, reproch\u00e9 \u00e0 certains syndicalistes leur exc\u00e8s d&rsquo;optimisme en ce qui concerne les augmentations attendues, et qui peut parfois avoir un effet n\u00e9gatif sur l&rsquo;avanc\u00e9e des n\u00e9gociations.<\/p>\n<p>A ce propos, M. Ghariani a d\u00e9clar\u00e9 que l\u2019Utica est pr\u00eate \u00e0 n\u00e9gocier mais qu\u2019il faut tenir compte de la situation \u00e9conomique des entreprises et dans le pays, qui est tr\u00e8s difficile avec des pr\u00e9visions de moins 1% de croissance, comme il faut imp\u00e9rativement tenir compte de la baisse dangereuse de la productivit\u00e9 qui se r\u00e9percute n\u00e9gativement sur les performances des entreprises.<\/p>\n<p>En d&rsquo;autres termes, les augmentations salariales attendues doivent \u00eatre en ad\u00e9quation avec une hausse cons\u00e9quentes de la productivit\u00e9.<\/p>\n<p style=\"text-align: right;\"><strong>A. B. M.<\/strong> (<em>avec Tap<\/em>)<\/p>\n","protected":false},"excerpt":{"rendered":"<p>Belgacem Ayari (UGTT) menace d\u2019une gr\u00e8ve g\u00e9n\u00e9rale dans le priv\u00e9, Khalil Ghariani (Utica) lui demande d\u2019\u00eatre r\u00e9aliste et de penser \u00e0 la situation du pays.<\/p>\n","protected":false},"author":11,"featured_media":15587,"comment_status":"open","ping_status":"open","sticky":false,"template":"","format":"standard","meta":{"footnotes":""},"categories":[998,2433],"tags":[1170,137,334,6613,4983,6614],"class_list":["post-15579","post","type-post","status-publish","format-standard","has-post-thumbnail","hentry","category-societe","category-tunisie","tag-augmentations-salariales","tag-belgacem-ayari","tag-entreprises","tag-khalil-ghariani","tag-negociations","tag-secteur-prive"],"yoast_head":"<!-- This site is optimized with the Yoast SEO plugin v26.6 - https:\/\/yoast.com\/wordpress\/plugins\/seo\/ -->\n<title>UGTT-Utica : N\u00e9gociations difficiles et menace de gr\u00e8ve g\u00e9n\u00e9rale - Kapitalis<\/title>\n<meta name=\"robots\" content=\"index, follow, max-snippet:-1, max-image-preview:large, max-video-preview:-1\" \/>\n<link rel=\"canonical\" href=\"https:\/\/kapitalis.com\/tunisie\/2015\/09\/22\/ugtt-utica-negociations-difficiles-et-menace-de-greve-generale\/\" \/>\n<meta property=\"og:locale\" content=\"fr_FR\" \/>\n<meta property=\"og:type\" content=\"article\" \/>\n<meta property=\"og:title\" content=\"UGTT-Utica : N\u00e9gociations difficiles et menace de gr\u00e8ve g\u00e9n\u00e9rale - Kapitalis\" \/>\n<meta property=\"og:description\" content=\"Belgacem Ayari (UGTT) menace d\u2019une gr\u00e8ve g\u00e9n\u00e9rale dans le priv\u00e9, Khalil Ghariani (Utica) lui demande d\u2019\u00eatre r\u00e9aliste et de penser \u00e0 la situation du pays.\" \/>\n<meta property=\"og:url\" content=\"https:\/\/kapitalis.com\/tunisie\/2015\/09\/22\/ugtt-utica-negociations-difficiles-et-menace-de-greve-generale\/\" \/>\n<meta property=\"og:site_name\" content=\"Kapitalis\" \/>\n<meta property=\"article:publisher\" content=\"https:\/\/www.facebook.com\/KapitalisInfo\/\" \/>\n<meta property=\"article:published_time\" content=\"2015-09-22T15:33:34+00:00\" \/>\n<meta property=\"article:modified_time\" content=\"2015-09-22T16:31:14+00:00\" \/>\n<meta property=\"og:image\" content=\"https:\/\/kapitalis.com\/tunisie\/wp-content\/uploads\/2022\/05\/kapitalis-logo-fb.png\" \/>\n\t<meta property=\"og:image:width\" content=\"1200\" \/>\n\t<meta property=\"og:image:height\" content=\"630\" \/>\n\t<meta property=\"og:image:type\" content=\"image\/png\" \/>\n<meta name=\"author\" content=\"benmansour3 benmansour\" \/>\n<meta name=\"twitter:card\" content=\"summary_large_image\" \/>\n<meta name=\"twitter:creator\" content=\"@KapitalisInfo\" \/>\n<meta name=\"twitter:site\" content=\"@KapitalisInfo\" \/>\n<meta name=\"twitter:label1\" content=\"\u00c9crit par\" \/>\n\t<meta name=\"twitter:data1\" content=\"benmansour3 benmansour\" \/>\n\t<meta name=\"twitter:label2\" content=\"Dur\u00e9e de lecture estim\u00e9e\" \/>\n\t<meta name=\"twitter:data2\" content=\"3 minutes\" \/>\n<script type=\"application\/ld+json\" class=\"yoast-schema-graph\">{\"@context\":\"https:\/\/schema.org\",\"@graph\":[{\"@type\":\"Article\",\"@id\":\"https:\/\/kapitalis.com\/tunisie\/2015\/09\/22\/ugtt-utica-negociations-difficiles-et-menace-de-greve-generale\/#article\",\"isPartOf\":{\"@id\":\"https:\/\/kapitalis.com\/tunisie\/2015\/09\/22\/ugtt-utica-negociations-difficiles-et-menace-de-greve-generale\/\"},\"author\":{\"name\":\"benmansour3 benmansour\",\"@id\":\"https:\/\/kapitalis.com\/tunisie\/#\/schema\/person\/035372e645ad321edc01006468cd4c8b\"},\"headline\":\"UGTT-Utica : N\u00e9gociations difficiles et menace de gr\u00e8ve g\u00e9n\u00e9rale\",\"datePublished\":\"2015-09-22T15:33:34+00:00\",\"dateModified\":\"2015-09-22T16:31:14+00:00\",\"mainEntityOfPage\":{\"@id\":\"https:\/\/kapitalis.com\/tunisie\/2015\/09\/22\/ugtt-utica-negociations-difficiles-et-menace-de-greve-generale\/\"},\"wordCount\":534,\"commentCount\":0,\"publisher\":{\"@id\":\"https:\/\/kapitalis.com\/tunisie\/#organization\"},\"image\":{\"@id\":\"https:\/\/kapitalis.com\/tunisie\/2015\/09\/22\/ugtt-utica-negociations-difficiles-et-menace-de-greve-generale\/#primaryimage\"},\"thumbnailUrl\":\"\",\"keywords\":[\"augmentations salariales\",\"Belgacem Ayari\",\"entreprises\",\"Khalil Ghariani\",\"n\u00e9gociations\",\"secteur priv\u00e9\"],\"articleSection\":[\"SOCIETE\",\"Tunisie\"],\"inLanguage\":\"fr-FR\",\"potentialAction\":[{\"@type\":\"CommentAction\",\"name\":\"Comment\",\"target\":[\"https:\/\/kapitalis.com\/tunisie\/2015\/09\/22\/ugtt-utica-negociations-difficiles-et-menace-de-greve-generale\/#respond\"]}]},{\"@type\":\"WebPage\",\"@id\":\"https:\/\/kapitalis.com\/tunisie\/2015\/09\/22\/ugtt-utica-negociations-difficiles-et-menace-de-greve-generale\/\",\"url\":\"https:\/\/kapitalis.com\/tunisie\/2015\/09\/22\/ugtt-utica-negociations-difficiles-et-menace-de-greve-generale\/\",\"name\":\"UGTT-Utica : N\u00e9gociations difficiles et menace de gr\u00e8ve g\u00e9n\u00e9rale - Kapitalis\",\"isPartOf\":{\"@id\":\"https:\/\/kapitalis.com\/tunisie\/#website\"},\"primaryImageOfPage\":{\"@id\":\"https:\/\/kapitalis.com\/tunisie\/2015\/09\/22\/ugtt-utica-negociations-difficiles-et-menace-de-greve-generale\/#primaryimage\"},\"image\":{\"@id\":\"https:\/\/kapitalis.com\/tunisie\/2015\/09\/22\/ugtt-utica-negociations-difficiles-et-menace-de-greve-generale\/#primaryimage\"},\"thumbnailUrl\":\"\",\"datePublished\":\"2015-09-22T15:33:34+00:00\",\"dateModified\":\"2015-09-22T16:31:14+00:00\",\"breadcrumb\":{\"@id\":\"https:\/\/kapitalis.com\/tunisie\/2015\/09\/22\/ugtt-utica-negociations-difficiles-et-menace-de-greve-generale\/#breadcrumb\"},\"inLanguage\":\"fr-FR\",\"potentialAction\":[{\"@type\":\"ReadAction\",\"target\":[\"https:\/\/kapitalis.com\/tunisie\/2015\/09\/22\/ugtt-utica-negociations-difficiles-et-menace-de-greve-generale\/\"]}]},{\"@type\":\"ImageObject\",\"inLanguage\":\"fr-FR\",\"@id\":\"https:\/\/kapitalis.com\/tunisie\/2015\/09\/22\/ugtt-utica-negociations-difficiles-et-menace-de-greve-generale\/#primaryimage\",\"url\":\"\",\"contentUrl\":\"\"},{\"@type\":\"BreadcrumbList\",\"@id\":\"https:\/\/kapitalis.com\/tunisie\/2015\/09\/22\/ugtt-utica-negociations-difficiles-et-menace-de-greve-generale\/#breadcrumb\",\"itemListElement\":[{\"@type\":\"ListItem\",\"position\":1,\"name\":\"Accueil\",\"item\":\"https:\/\/kapitalis.com\/tunisie\/\"},{\"@type\":\"ListItem\",\"position\":2,\"name\":\"UGTT-Utica : N\u00e9gociations difficiles et menace de gr\u00e8ve g\u00e9n\u00e9rale\"}]},{\"@type\":\"WebSite\",\"@id\":\"https:\/\/kapitalis.com\/tunisie\/#website\",\"url\":\"https:\/\/kapitalis.com\/tunisie\/\",\"name\":\"Kapitalis\",\"description\":\"L&#039;actualit\u00e9 en Tunisie et dans le monde\",\"publisher\":{\"@id\":\"https:\/\/kapitalis.com\/tunisie\/#organization\"},\"potentialAction\":[{\"@type\":\"SearchAction\",\"target\":{\"@type\":\"EntryPoint\",\"urlTemplate\":\"https:\/\/kapitalis.com\/tunisie\/?s={search_term_string}\"},\"query-input\":{\"@type\":\"PropertyValueSpecification\",\"valueRequired\":true,\"valueName\":\"search_term_string\"}}],\"inLanguage\":\"fr-FR\"},{\"@type\":\"Organization\",\"@id\":\"https:\/\/kapitalis.com\/tunisie\/#organization\",\"name\":\"Kapitalis\",\"url\":\"https:\/\/kapitalis.com\/tunisie\/\",\"logo\":{\"@type\":\"ImageObject\",\"inLanguage\":\"fr-FR\",\"@id\":\"https:\/\/kapitalis.com\/tunisie\/#\/schema\/logo\/image\/\",\"url\":\"https:\/\/kapitalis.com\/tunisie\/wp-content\/uploads\/2022\/05\/Kapitalis-big-size.png\",\"contentUrl\":\"https:\/\/kapitalis.com\/tunisie\/wp-content\/uploads\/2022\/05\/Kapitalis-big-size.png\",\"width\":5000,\"height\":1500,\"caption\":\"Kapitalis\"},\"image\":{\"@id\":\"https:\/\/kapitalis.com\/tunisie\/#\/schema\/logo\/image\/\"},\"sameAs\":[\"https:\/\/www.facebook.com\/KapitalisInfo\/\",\"https:\/\/x.com\/KapitalisInfo\",\"https:\/\/www.youtube.com\/channel\/UC-yDYrHyfFBWWZaOw3FPg9Q\"]},{\"@type\":\"Person\",\"@id\":\"https:\/\/kapitalis.com\/tunisie\/#\/schema\/person\/035372e645ad321edc01006468cd4c8b\",\"name\":\"benmansour3 benmansour\",\"url\":\"https:\/\/kapitalis.com\/tunisie\/author\/benmansour3\/\"}]}<\/script>\n<!-- \/ Yoast SEO plugin. -->","yoast_head_json":{"title":"UGTT-Utica : N\u00e9gociations difficiles et menace de gr\u00e8ve g\u00e9n\u00e9rale - Kapitalis","robots":{"index":"index","follow":"follow","max-snippet":"max-snippet:-1","max-image-preview":"max-image-preview:large","max-video-preview":"max-video-preview:-1"},"canonical":"https:\/\/kapitalis.com\/tunisie\/2015\/09\/22\/ugtt-utica-negociations-difficiles-et-menace-de-greve-generale\/","og_locale":"fr_FR","og_type":"article","og_title":"UGTT-Utica : N\u00e9gociations difficiles et menace de gr\u00e8ve g\u00e9n\u00e9rale - Kapitalis","og_description":"Belgacem Ayari (UGTT) menace d\u2019une gr\u00e8ve g\u00e9n\u00e9rale dans le priv\u00e9, Khalil Ghariani (Utica) lui demande d\u2019\u00eatre r\u00e9aliste et de penser \u00e0 la situation du pays.","og_url":"https:\/\/kapitalis.com\/tunisie\/2015\/09\/22\/ugtt-utica-negociations-difficiles-et-menace-de-greve-generale\/","og_site_name":"Kapitalis","article_publisher":"https:\/\/www.facebook.com\/KapitalisInfo\/","article_published_time":"2015-09-22T15:33:34+00:00","article_modified_time":"2015-09-22T16:31:14+00:00","og_image":[{"width":1200,"height":630,"url":"https:\/\/kapitalis.com\/tunisie\/wp-content\/uploads\/2022\/05\/kapitalis-logo-fb.png","type":"image\/png"}],"author":"benmansour3 benmansour","twitter_card":"summary_large_image","twitter_creator":"@KapitalisInfo","twitter_site":"@KapitalisInfo","twitter_misc":{"\u00c9crit par":"benmansour3 benmansour","Dur\u00e9e de lecture estim\u00e9e":"3 minutes"},"schema":{"@context":"https:\/\/schema.org","@graph":[{"@type":"Article","@id":"https:\/\/kapitalis.com\/tunisie\/2015\/09\/22\/ugtt-utica-negociations-difficiles-et-menace-de-greve-generale\/#article","isPartOf":{"@id":"https:\/\/kapitalis.com\/tunisie\/2015\/09\/22\/ugtt-utica-negociations-difficiles-et-menace-de-greve-generale\/"},"author":{"name":"benmansour3 benmansour","@id":"https:\/\/kapitalis.com\/tunisie\/#\/schema\/person\/035372e645ad321edc01006468cd4c8b"},"headline":"UGTT-Utica : N\u00e9gociations difficiles et menace de gr\u00e8ve g\u00e9n\u00e9rale","datePublished":"2015-09-22T15:33:34+00:00","dateModified":"2015-09-22T16:31:14+00:00","mainEntityOfPage":{"@id":"https:\/\/kapitalis.com\/tunisie\/2015\/09\/22\/ugtt-utica-negociations-difficiles-et-menace-de-greve-generale\/"},"wordCount":534,"commentCount":0,"publisher":{"@id":"https:\/\/kapitalis.com\/tunisie\/#organization"},"image":{"@id":"https:\/\/kapitalis.com\/tunisie\/2015\/09\/22\/ugtt-utica-negociations-difficiles-et-menace-de-greve-generale\/#primaryimage"},"thumbnailUrl":"","keywords":["augmentations salariales","Belgacem Ayari","entreprises","Khalil Ghariani","n\u00e9gociations","secteur priv\u00e9"],"articleSection":["SOCIETE","Tunisie"],"inLanguage":"fr-FR","potentialAction":[{"@type":"CommentAction","name":"Comment","target":["https:\/\/kapitalis.com\/tunisie\/2015\/09\/22\/ugtt-utica-negociations-difficiles-et-menace-de-greve-generale\/#respond"]}]},{"@type":"WebPage","@id":"https:\/\/kapitalis.com\/tunisie\/2015\/09\/22\/ugtt-utica-negociations-difficiles-et-menace-de-greve-generale\/","url":"https:\/\/kapitalis.com\/tunisie\/2015\/09\/22\/ugtt-utica-negociations-difficiles-et-menace-de-greve-generale\/","name":"UGTT-Utica : N\u00e9gociations difficiles et menace de gr\u00e8ve g\u00e9n\u00e9rale - Kapitalis","isPartOf":{"@id":"https:\/\/kapitalis.com\/tunisie\/#website"},"primaryImageOfPage":{"@id":"https:\/\/kapitalis.com\/tunisie\/2015\/09\/22\/ugtt-utica-negociations-difficiles-et-menace-de-greve-generale\/#primaryimage"},"image":{"@id":"https:\/\/kapitalis.com\/tunisie\/2015\/09\/22\/ugtt-utica-negociations-difficiles-et-menace-de-greve-generale\/#primaryimage"},"thumbnailUrl":"","datePublished":"2015-09-22T15:33:34+00:00","dateModified":"2015-09-22T16:31:14+00:00","breadcrumb":{"@id":"https:\/\/kapitalis.com\/tunisie\/2015\/09\/22\/ugtt-utica-negociations-difficiles-et-menace-de-greve-generale\/#breadcrumb"},"inLanguage":"fr-FR","potentialAction":[{"@type":"ReadAction","target":["https:\/\/kapitalis.com\/tunisie\/2015\/09\/22\/ugtt-utica-negociations-difficiles-et-menace-de-greve-generale\/"]}]},{"@type":"ImageObject","inLanguage":"fr-FR","@id":"https:\/\/kapitalis.com\/tunisie\/2015\/09\/22\/ugtt-utica-negociations-difficiles-et-menace-de-greve-generale\/#primaryimage","url":"","contentUrl":""},{"@type":"BreadcrumbList","@id":"https:\/\/kapitalis.com\/tunisie\/2015\/09\/22\/ugtt-utica-negociations-difficiles-et-menace-de-greve-generale\/#breadcrumb","itemListElement":[{"@type":"ListItem","position":1,"name":"Accueil","item":"https:\/\/kapitalis.com\/tunisie\/"},{"@type":"ListItem","position":2,"name":"UGTT-Utica : N\u00e9gociations difficiles et menace de gr\u00e8ve g\u00e9n\u00e9rale"}]},{"@type":"WebSite","@id":"https:\/\/kapitalis.com\/tunisie\/#website","url":"https:\/\/kapitalis.com\/tunisie\/","name":"Kapitalis","description":"L&#039;actualit\u00e9 en Tunisie et dans le monde","publisher":{"@id":"https:\/\/kapitalis.com\/tunisie\/#organization"},"potentialAction":[{"@type":"SearchAction","target":{"@type":"EntryPoint","urlTemplate":"https:\/\/kapitalis.com\/tunisie\/?s={search_term_string}"},"query-input":{"@type":"PropertyValueSpecification","valueRequired":true,"valueName":"search_term_string"}}],"inLanguage":"fr-FR"},{"@type":"Organization","@id":"https:\/\/kapitalis.com\/tunisie\/#organization","name":"Kapitalis","url":"https:\/\/kapitalis.com\/tunisie\/","logo":{"@type":"ImageObject","inLanguage":"fr-FR","@id":"https:\/\/kapitalis.com\/tunisie\/#\/schema\/logo\/image\/","url":"https:\/\/kapitalis.com\/tunisie\/wp-content\/uploads\/2022\/05\/Kapitalis-big-size.png","contentUrl":"https:\/\/kapitalis.com\/tunisie\/wp-content\/uploads\/2022\/05\/Kapitalis-big-size.png","width":5000,"height":1500,"caption":"Kapitalis"},"image":{"@id":"https:\/\/kapitalis.com\/tunisie\/#\/schema\/logo\/image\/"},"sameAs":["https:\/\/www.facebook.com\/KapitalisInfo\/","https:\/\/x.com\/KapitalisInfo","https:\/\/www.youtube.com\/channel\/UC-yDYrHyfFBWWZaOw3FPg9Q"]},{"@type":"Person","@id":"https:\/\/kapitalis.com\/tunisie\/#\/schema\/person\/035372e645ad321edc01006468cd4c8b","name":"benmansour3 benmansour","url":"https:\/\/kapitalis.com\/tunisie\/author\/benmansour3\/"}]}},"_links":{"self":[{"href":"https:\/\/kapitalis.com\/tunisie\/wp-json\/wp\/v2\/posts\/15579","targetHints":{"allow":["GET"]}}],"collection":[{"href":"https:\/\/kapitalis.com\/tunisie\/wp-json\/wp\/v2\/posts"}],"about":[{"href":"https:\/\/kapitalis.com\/tunisie\/wp-json\/wp\/v2\/types\/post"}],"author":[{"embeddable":true,"href":"https:\/\/kapitalis.com\/tunisie\/wp-json\/wp\/v2\/users\/11"}],"replies":[{"embeddable":true,"href":"https:\/\/kapitalis.com\/tunisie\/wp-json\/wp\/v2\/comments?post=15579"}],"version-history":[{"count":0,"href":"https:\/\/kapitalis.com\/tunisie\/wp-json\/wp\/v2\/posts\/15579\/revisions"}],"wp:featuredmedia":[{"embeddable":true,"href":"https:\/\/kapitalis.com\/tunisie\/wp-json\/wp\/v2\/media\/15587"}],"wp:attachment":[{"href":"https:\/\/kapitalis.com\/tunisie\/wp-json\/wp\/v2\/media?parent=15579"}],"wp:term":[{"taxonomy":"category","embeddable":true,"href":"https:\/\/kapitalis.com\/tunisie\/wp-json\/wp\/v2\/categories?post=15579"},{"taxonomy":"post_tag","embeddable":true,"href":"https:\/\/kapitalis.com\/tunisie\/wp-json\/wp\/v2\/tags?post=15579"}],"curies":[{"name":"wp","href":"https:\/\/api.w.org\/{rel}","templated":true}]}}