{"id":155797,"date":"2018-05-24T08:08:36","date_gmt":"2018-05-24T07:08:36","guid":{"rendered":"http:\/\/kapitalis.com\/tunisie\/?p=155797"},"modified":"2018-05-24T08:08:36","modified_gmt":"2018-05-24T07:08:36","slug":"fakhreddine-ben-youssef-prolonge-de-2-ans-avec-al-ettifaq","status":"publish","type":"post","link":"https:\/\/kapitalis.com\/tunisie\/2018\/05\/24\/fakhreddine-ben-youssef-prolonge-de-2-ans-avec-al-ettifaq\/","title":{"rendered":"Fakhreddine Ben Youssef prolonge de 2 ans avec Al-Ettifaq"},"content":{"rendered":"<p style=\"text-align: center;\"><img loading=\"lazy\" decoding=\"async\" class=\"alignnone size-full wp-image-155798\" src=\"http:\/\/kapitalis.com\/tunisie\/wp-content\/uploads\/2018\/05\/Fakhreddine-Ben-Youssef.jpg\" alt=\"\" width=\"626\" height=\"380\" \/><\/p>\n<p><em><strong>L&rsquo;international tunisien Fakhreddine Ben Youssef a accept\u00e9 de renouveler son contrat avec le club saoudien Al Ettifaq pour deux saisons suppl\u00e9mentaires.<\/strong><\/em><\/p>\n<p><!--more--><\/p>\n<p>L\u2019attaquant tunisien aurait obtenu une augmentation de salaire de l\u2019ordre de moiti\u00e9 pour prolonger avec son club. Favorable \u00e0 des contrats courts avec les joueurs \u00e9trangers (1 an maximum), le club saoudien, 4e \u00e0 la fin de la saison \u00e9coul\u00e9e, a fait exception en prolongeant le joueur tunisien de deux ans.<\/p>\n<p>Fakhreddine Ben Youssef a rejoint Al Ettifaq, bas\u00e9 \u00e0 Dammam, dans un transfert libre apr\u00e8s avoir rompu son contrat \u00e0 l\u2019amiable avec l&rsquo;Esp\u00e9rance sportive de Tunis (EST). Il devra donc porter le maillot vert jusqu\u2019en juin 2020.<\/p>\n<p>Il avait r\u00e9cemment re\u00e7u des offres de l\u2019\u00e9tranger. En avril dernier, il \u00e9tait dans le viseur de <a href=\"http:\/\/kapitalis.com\/tunisie\/2018\/04\/26\/toulouse-et-montepellier-sinteressent-au-tunisien-fakhreddine-ben-youssef\/\">Montpellier et de Lille<\/a>, mais l\u2019attaquant tunisien a pr\u00e9f\u00e9r\u00e9 l\u2019offre saoudienne, financi\u00e8rement attrayante.<\/p>\n<p>L\u2019ex-joueur de l\u2019EST a rejoint Al-Ettifaq en janvier dernier pour une <em>\u00abpige\u00bb<\/em> de six mois. Capable de jouer aussi bien dans le couloir droit que dans le couloir gauche, il a disput\u00e9 8 matchs et marqu\u00e9 4 buts en championnat saoudien.<\/p>\n<p>En stage avec l\u2019\u00e9quipe de Tunisie, Fakhreddine Ben Youssef est l&rsquo;une des options offensives de Nabil Maaloul pendant la Coupe du Monde cet \u00e9t\u00e9 en Russie.<\/p>\n<p style=\"text-align: right;\"><strong>H. M.<\/strong><\/p>\n<blockquote class=\"wp-embedded-content\" data-secret=\"6YBKI99XNy\"><p><a href=\"https:\/\/kapitalis.com\/tunisie\/2018\/03\/20\/fakhreddine-ben-youssef-restera-avec-al-ittifaq-jusquen-2020\/\">Fakhreddine Ben Youssef restera avec Al-Ittifaq jusqu\u2019en 2020<\/a><\/p><\/blockquote>\n<p><iframe loading=\"lazy\" class=\"wp-embedded-content\" sandbox=\"allow-scripts\" security=\"restricted\" style=\"position: absolute; clip: rect(1px, 1px, 1px, 1px);\" title=\"\u00ab\u00a0Fakhreddine Ben Youssef restera avec Al-Ittifaq jusqu\u2019en 2020\u00a0\u00bb &#8212; Kapitalis\" src=\"https:\/\/kapitalis.com\/tunisie\/2018\/03\/20\/fakhreddine-ben-youssef-restera-avec-al-ittifaq-jusquen-2020\/embed\/#?secret=ySwNDL4cjF#?secret=6YBKI99XNy\" data-secret=\"6YBKI99XNy\" width=\"600\" height=\"338\" frameborder=\"0\" marginwidth=\"0\" marginheight=\"0\" scrolling=\"no\"><\/iframe><\/p>\n<blockquote class=\"wp-embedded-content\" data-secret=\"xir64JrItI\"><p><a href=\"https:\/\/kapitalis.com\/tunisie\/2018\/01\/28\/football-fakhreddine-ben-youssef-quitte-lesperance-al-ittifak\/\">Football : Fakhreddine Ben Youssef quitte l\u2019Esp\u00e9rance pour Al Ittifak<\/a><\/p><\/blockquote>\n<p><iframe loading=\"lazy\" class=\"wp-embedded-content\" sandbox=\"allow-scripts\" security=\"restricted\" style=\"position: absolute; clip: rect(1px, 1px, 1px, 1px);\" title=\"\u00ab\u00a0Football : Fakhreddine Ben Youssef quitte l\u2019Esp\u00e9rance pour Al Ittifak\u00a0\u00bb &#8212; Kapitalis\" src=\"https:\/\/kapitalis.com\/tunisie\/2018\/01\/28\/football-fakhreddine-ben-youssef-quitte-lesperance-al-ittifak\/embed\/#?secret=jTYxIcRMpn#?secret=xir64JrItI\" data-secret=\"xir64JrItI\" width=\"600\" height=\"338\" frameborder=\"0\" marginwidth=\"0\" marginheight=\"0\" scrolling=\"no\"><\/iframe><\/p>\n","protected":false},"excerpt":{"rendered":"<p>L&rsquo;international tunisien Fakhreddine Ben Youssef a accept\u00e9 de renouveler son contrat avec le club saoudien Al Ettifaq pour deux saisons suppl\u00e9mentaires.<\/p>\n","protected":false},"author":8,"featured_media":155798,"comment_status":"open","ping_status":"open","sticky":false,"template":"","format":"standard","meta":{"footnotes":""},"categories":[999,2433],"tags":[34982,241,33965,3261,3190,8091],"class_list":["post-155797","post","type-post","status-publish","format-standard","has-post-thumbnail","hentry","category-sport","category-tunisie","tag-al-ettifaq","tag-coupe-du-monde","tag-equipe-de-tunisie","tag-esperance-sportive-de-tunis","tag-fakhreddine-ben-youssef","tag-nabil-maaloul"],"yoast_head":"<!-- This site is optimized with the Yoast SEO plugin v26.6 - https:\/\/yoast.com\/wordpress\/plugins\/seo\/ -->\n<title>Fakhreddine Ben Youssef prolonge de 2 ans avec Al-Ettifaq - Kapitalis<\/title>\n<meta name=\"robots\" content=\"index, follow, max-snippet:-1, max-image-preview:large, max-video-preview:-1\" \/>\n<link rel=\"canonical\" href=\"https:\/\/kapitalis.com\/tunisie\/2018\/05\/24\/fakhreddine-ben-youssef-prolonge-de-2-ans-avec-al-ettifaq\/\" \/>\n<meta property=\"og:locale\" content=\"fr_FR\" \/>\n<meta property=\"og:type\" content=\"article\" \/>\n<meta property=\"og:title\" content=\"Fakhreddine Ben Youssef prolonge de 2 ans avec Al-Ettifaq - Kapitalis\" \/>\n<meta property=\"og:description\" content=\"L&rsquo;international tunisien Fakhreddine Ben Youssef a accept\u00e9 de renouveler son contrat avec le club saoudien Al Ettifaq pour deux saisons suppl\u00e9mentaires.\" \/>\n<meta property=\"og:url\" content=\"https:\/\/kapitalis.com\/tunisie\/2018\/05\/24\/fakhreddine-ben-youssef-prolonge-de-2-ans-avec-al-ettifaq\/\" \/>\n<meta property=\"og:site_name\" content=\"Kapitalis\" \/>\n<meta property=\"article:publisher\" content=\"https:\/\/www.facebook.com\/KapitalisInfo\/\" \/>\n<meta property=\"article:published_time\" content=\"2018-05-24T07:08:36+00:00\" \/>\n<meta property=\"og:image\" content=\"https:\/\/kapitalis.com\/tunisie\/wp-content\/uploads\/2022\/05\/kapitalis-logo-fb.png\" \/>\n\t<meta property=\"og:image:width\" content=\"1200\" \/>\n\t<meta property=\"og:image:height\" content=\"630\" \/>\n\t<meta property=\"og:image:type\" content=\"image\/png\" \/>\n<meta name=\"author\" content=\"webmaster kapitalis\" \/>\n<meta name=\"twitter:card\" content=\"summary_large_image\" \/>\n<meta name=\"twitter:creator\" content=\"@KapitalisInfo\" \/>\n<meta name=\"twitter:site\" content=\"@KapitalisInfo\" \/>\n<meta name=\"twitter:label1\" content=\"\u00c9crit par\" \/>\n\t<meta name=\"twitter:data1\" content=\"webmaster kapitalis\" \/>\n\t<meta name=\"twitter:label2\" content=\"Dur\u00e9e de lecture estim\u00e9e\" \/>\n\t<meta name=\"twitter:data2\" content=\"1 minute\" \/>\n<script type=\"application\/ld+json\" class=\"yoast-schema-graph\">{\"@context\":\"https:\/\/schema.org\",\"@graph\":[{\"@type\":\"Article\",\"@id\":\"https:\/\/kapitalis.com\/tunisie\/2018\/05\/24\/fakhreddine-ben-youssef-prolonge-de-2-ans-avec-al-ettifaq\/#article\",\"isPartOf\":{\"@id\":\"https:\/\/kapitalis.com\/tunisie\/2018\/05\/24\/fakhreddine-ben-youssef-prolonge-de-2-ans-avec-al-ettifaq\/\"},\"author\":{\"name\":\"webmaster kapitalis\",\"@id\":\"https:\/\/kapitalis.com\/tunisie\/#\/schema\/person\/d71f33a9ca44f7bad4698210b480c8e9\"},\"headline\":\"Fakhreddine Ben Youssef prolonge de 2 ans avec Al-Ettifaq\",\"datePublished\":\"2018-05-24T07:08:36+00:00\",\"mainEntityOfPage\":{\"@id\":\"https:\/\/kapitalis.com\/tunisie\/2018\/05\/24\/fakhreddine-ben-youssef-prolonge-de-2-ans-avec-al-ettifaq\/\"},\"wordCount\":237,\"commentCount\":0,\"publisher\":{\"@id\":\"https:\/\/kapitalis.com\/tunisie\/#organization\"},\"image\":{\"@id\":\"https:\/\/kapitalis.com\/tunisie\/2018\/05\/24\/fakhreddine-ben-youssef-prolonge-de-2-ans-avec-al-ettifaq\/#primaryimage\"},\"thumbnailUrl\":\"\",\"keywords\":[\"Al Ettifaq\",\"Coupe du Monde\",\"\u00e9quipe de Tunisie\",\"Esp\u00e9rance sportive de Tunis\",\"Fakhreddine Ben Youssef\",\"Nabil Ma\u00e2loul\"],\"articleSection\":[\"SPORT\",\"Tunisie\"],\"inLanguage\":\"fr-FR\",\"potentialAction\":[{\"@type\":\"CommentAction\",\"name\":\"Comment\",\"target\":[\"https:\/\/kapitalis.com\/tunisie\/2018\/05\/24\/fakhreddine-ben-youssef-prolonge-de-2-ans-avec-al-ettifaq\/#respond\"]}]},{\"@type\":\"WebPage\",\"@id\":\"https:\/\/kapitalis.com\/tunisie\/2018\/05\/24\/fakhreddine-ben-youssef-prolonge-de-2-ans-avec-al-ettifaq\/\",\"url\":\"https:\/\/kapitalis.com\/tunisie\/2018\/05\/24\/fakhreddine-ben-youssef-prolonge-de-2-ans-avec-al-ettifaq\/\",\"name\":\"Fakhreddine Ben Youssef prolonge de 2 ans avec Al-Ettifaq - Kapitalis\",\"isPartOf\":{\"@id\":\"https:\/\/kapitalis.com\/tunisie\/#website\"},\"primaryImageOfPage\":{\"@id\":\"https:\/\/kapitalis.com\/tunisie\/2018\/05\/24\/fakhreddine-ben-youssef-prolonge-de-2-ans-avec-al-ettifaq\/#primaryimage\"},\"image\":{\"@id\":\"https:\/\/kapitalis.com\/tunisie\/2018\/05\/24\/fakhreddine-ben-youssef-prolonge-de-2-ans-avec-al-ettifaq\/#primaryimage\"},\"thumbnailUrl\":\"\",\"datePublished\":\"2018-05-24T07:08:36+00:00\",\"breadcrumb\":{\"@id\":\"https:\/\/kapitalis.com\/tunisie\/2018\/05\/24\/fakhreddine-ben-youssef-prolonge-de-2-ans-avec-al-ettifaq\/#breadcrumb\"},\"inLanguage\":\"fr-FR\",\"potentialAction\":[{\"@type\":\"ReadAction\",\"target\":[\"https:\/\/kapitalis.com\/tunisie\/2018\/05\/24\/fakhreddine-ben-youssef-prolonge-de-2-ans-avec-al-ettifaq\/\"]}]},{\"@type\":\"ImageObject\",\"inLanguage\":\"fr-FR\",\"@id\":\"https:\/\/kapitalis.com\/tunisie\/2018\/05\/24\/fakhreddine-ben-youssef-prolonge-de-2-ans-avec-al-ettifaq\/#primaryimage\",\"url\":\"\",\"contentUrl\":\"\"},{\"@type\":\"BreadcrumbList\",\"@id\":\"https:\/\/kapitalis.com\/tunisie\/2018\/05\/24\/fakhreddine-ben-youssef-prolonge-de-2-ans-avec-al-ettifaq\/#breadcrumb\",\"itemListElement\":[{\"@type\":\"ListItem\",\"position\":1,\"name\":\"Accueil\",\"item\":\"https:\/\/kapitalis.com\/tunisie\/\"},{\"@type\":\"ListItem\",\"position\":2,\"name\":\"Fakhreddine Ben Youssef prolonge de 2 ans avec Al-Ettifaq\"}]},{\"@type\":\"WebSite\",\"@id\":\"https:\/\/kapitalis.com\/tunisie\/#website\",\"url\":\"https:\/\/kapitalis.com\/tunisie\/\",\"name\":\"Kapitalis\",\"description\":\"L&#039;actualit\u00e9 en Tunisie et dans le monde\",\"publisher\":{\"@id\":\"https:\/\/kapitalis.com\/tunisie\/#organization\"},\"potentialAction\":[{\"@type\":\"SearchAction\",\"target\":{\"@type\":\"EntryPoint\",\"urlTemplate\":\"https:\/\/kapitalis.com\/tunisie\/?s={search_term_string}\"},\"query-input\":{\"@type\":\"PropertyValueSpecification\",\"valueRequired\":true,\"valueName\":\"search_term_string\"}}],\"inLanguage\":\"fr-FR\"},{\"@type\":\"Organization\",\"@id\":\"https:\/\/kapitalis.com\/tunisie\/#organization\",\"name\":\"Kapitalis\",\"url\":\"https:\/\/kapitalis.com\/tunisie\/\",\"logo\":{\"@type\":\"ImageObject\",\"inLanguage\":\"fr-FR\",\"@id\":\"https:\/\/kapitalis.com\/tunisie\/#\/schema\/logo\/image\/\",\"url\":\"https:\/\/kapitalis.com\/tunisie\/wp-content\/uploads\/2022\/05\/Kapitalis-big-size.png\",\"contentUrl\":\"https:\/\/kapitalis.com\/tunisie\/wp-content\/uploads\/2022\/05\/Kapitalis-big-size.png\",\"width\":5000,\"height\":1500,\"caption\":\"Kapitalis\"},\"image\":{\"@id\":\"https:\/\/kapitalis.com\/tunisie\/#\/schema\/logo\/image\/\"},\"sameAs\":[\"https:\/\/www.facebook.com\/KapitalisInfo\/\",\"https:\/\/x.com\/KapitalisInfo\",\"https:\/\/www.youtube.com\/channel\/UC-yDYrHyfFBWWZaOw3FPg9Q\"]},{\"@type\":\"Person\",\"@id\":\"https:\/\/kapitalis.com\/tunisie\/#\/schema\/person\/d71f33a9ca44f7bad4698210b480c8e9\",\"name\":\"webmaster kapitalis\",\"url\":\"https:\/\/kapitalis.com\/tunisie\/author\/webmaster-kapitalis\/\"}]}<\/script>\n<!-- \/ Yoast SEO plugin. -->","yoast_head_json":{"title":"Fakhreddine Ben Youssef prolonge de 2 ans avec Al-Ettifaq - Kapitalis","robots":{"index":"index","follow":"follow","max-snippet":"max-snippet:-1","max-image-preview":"max-image-preview:large","max-video-preview":"max-video-preview:-1"},"canonical":"https:\/\/kapitalis.com\/tunisie\/2018\/05\/24\/fakhreddine-ben-youssef-prolonge-de-2-ans-avec-al-ettifaq\/","og_locale":"fr_FR","og_type":"article","og_title":"Fakhreddine Ben Youssef prolonge de 2 ans avec Al-Ettifaq - Kapitalis","og_description":"L&rsquo;international tunisien Fakhreddine Ben Youssef a accept\u00e9 de renouveler son contrat avec le club saoudien Al Ettifaq pour deux saisons suppl\u00e9mentaires.","og_url":"https:\/\/kapitalis.com\/tunisie\/2018\/05\/24\/fakhreddine-ben-youssef-prolonge-de-2-ans-avec-al-ettifaq\/","og_site_name":"Kapitalis","article_publisher":"https:\/\/www.facebook.com\/KapitalisInfo\/","article_published_time":"2018-05-24T07:08:36+00:00","og_image":[{"width":1200,"height":630,"url":"https:\/\/kapitalis.com\/tunisie\/wp-content\/uploads\/2022\/05\/kapitalis-logo-fb.png","type":"image\/png"}],"author":"webmaster kapitalis","twitter_card":"summary_large_image","twitter_creator":"@KapitalisInfo","twitter_site":"@KapitalisInfo","twitter_misc":{"\u00c9crit par":"webmaster kapitalis","Dur\u00e9e de lecture estim\u00e9e":"1 minute"},"schema":{"@context":"https:\/\/schema.org","@graph":[{"@type":"Article","@id":"https:\/\/kapitalis.com\/tunisie\/2018\/05\/24\/fakhreddine-ben-youssef-prolonge-de-2-ans-avec-al-ettifaq\/#article","isPartOf":{"@id":"https:\/\/kapitalis.com\/tunisie\/2018\/05\/24\/fakhreddine-ben-youssef-prolonge-de-2-ans-avec-al-ettifaq\/"},"author":{"name":"webmaster kapitalis","@id":"https:\/\/kapitalis.com\/tunisie\/#\/schema\/person\/d71f33a9ca44f7bad4698210b480c8e9"},"headline":"Fakhreddine Ben Youssef prolonge de 2 ans avec Al-Ettifaq","datePublished":"2018-05-24T07:08:36+00:00","mainEntityOfPage":{"@id":"https:\/\/kapitalis.com\/tunisie\/2018\/05\/24\/fakhreddine-ben-youssef-prolonge-de-2-ans-avec-al-ettifaq\/"},"wordCount":237,"commentCount":0,"publisher":{"@id":"https:\/\/kapitalis.com\/tunisie\/#organization"},"image":{"@id":"https:\/\/kapitalis.com\/tunisie\/2018\/05\/24\/fakhreddine-ben-youssef-prolonge-de-2-ans-avec-al-ettifaq\/#primaryimage"},"thumbnailUrl":"","keywords":["Al Ettifaq","Coupe du Monde","\u00e9quipe de Tunisie","Esp\u00e9rance sportive de Tunis","Fakhreddine Ben Youssef","Nabil Ma\u00e2loul"],"articleSection":["SPORT","Tunisie"],"inLanguage":"fr-FR","potentialAction":[{"@type":"CommentAction","name":"Comment","target":["https:\/\/kapitalis.com\/tunisie\/2018\/05\/24\/fakhreddine-ben-youssef-prolonge-de-2-ans-avec-al-ettifaq\/#respond"]}]},{"@type":"WebPage","@id":"https:\/\/kapitalis.com\/tunisie\/2018\/05\/24\/fakhreddine-ben-youssef-prolonge-de-2-ans-avec-al-ettifaq\/","url":"https:\/\/kapitalis.com\/tunisie\/2018\/05\/24\/fakhreddine-ben-youssef-prolonge-de-2-ans-avec-al-ettifaq\/","name":"Fakhreddine Ben Youssef prolonge de 2 ans avec Al-Ettifaq - Kapitalis","isPartOf":{"@id":"https:\/\/kapitalis.com\/tunisie\/#website"},"primaryImageOfPage":{"@id":"https:\/\/kapitalis.com\/tunisie\/2018\/05\/24\/fakhreddine-ben-youssef-prolonge-de-2-ans-avec-al-ettifaq\/#primaryimage"},"image":{"@id":"https:\/\/kapitalis.com\/tunisie\/2018\/05\/24\/fakhreddine-ben-youssef-prolonge-de-2-ans-avec-al-ettifaq\/#primaryimage"},"thumbnailUrl":"","datePublished":"2018-05-24T07:08:36+00:00","breadcrumb":{"@id":"https:\/\/kapitalis.com\/tunisie\/2018\/05\/24\/fakhreddine-ben-youssef-prolonge-de-2-ans-avec-al-ettifaq\/#breadcrumb"},"inLanguage":"fr-FR","potentialAction":[{"@type":"ReadAction","target":["https:\/\/kapitalis.com\/tunisie\/2018\/05\/24\/fakhreddine-ben-youssef-prolonge-de-2-ans-avec-al-ettifaq\/"]}]},{"@type":"ImageObject","inLanguage":"fr-FR","@id":"https:\/\/kapitalis.com\/tunisie\/2018\/05\/24\/fakhreddine-ben-youssef-prolonge-de-2-ans-avec-al-ettifaq\/#primaryimage","url":"","contentUrl":""},{"@type":"BreadcrumbList","@id":"https:\/\/kapitalis.com\/tunisie\/2018\/05\/24\/fakhreddine-ben-youssef-prolonge-de-2-ans-avec-al-ettifaq\/#breadcrumb","itemListElement":[{"@type":"ListItem","position":1,"name":"Accueil","item":"https:\/\/kapitalis.com\/tunisie\/"},{"@type":"ListItem","position":2,"name":"Fakhreddine Ben Youssef prolonge de 2 ans avec Al-Ettifaq"}]},{"@type":"WebSite","@id":"https:\/\/kapitalis.com\/tunisie\/#website","url":"https:\/\/kapitalis.com\/tunisie\/","name":"Kapitalis","description":"L&#039;actualit\u00e9 en Tunisie et dans le monde","publisher":{"@id":"https:\/\/kapitalis.com\/tunisie\/#organization"},"potentialAction":[{"@type":"SearchAction","target":{"@type":"EntryPoint","urlTemplate":"https:\/\/kapitalis.com\/tunisie\/?s={search_term_string}"},"query-input":{"@type":"PropertyValueSpecification","valueRequired":true,"valueName":"search_term_string"}}],"inLanguage":"fr-FR"},{"@type":"Organization","@id":"https:\/\/kapitalis.com\/tunisie\/#organization","name":"Kapitalis","url":"https:\/\/kapitalis.com\/tunisie\/","logo":{"@type":"ImageObject","inLanguage":"fr-FR","@id":"https:\/\/kapitalis.com\/tunisie\/#\/schema\/logo\/image\/","url":"https:\/\/kapitalis.com\/tunisie\/wp-content\/uploads\/2022\/05\/Kapitalis-big-size.png","contentUrl":"https:\/\/kapitalis.com\/tunisie\/wp-content\/uploads\/2022\/05\/Kapitalis-big-size.png","width":5000,"height":1500,"caption":"Kapitalis"},"image":{"@id":"https:\/\/kapitalis.com\/tunisie\/#\/schema\/logo\/image\/"},"sameAs":["https:\/\/www.facebook.com\/KapitalisInfo\/","https:\/\/x.com\/KapitalisInfo","https:\/\/www.youtube.com\/channel\/UC-yDYrHyfFBWWZaOw3FPg9Q"]},{"@type":"Person","@id":"https:\/\/kapitalis.com\/tunisie\/#\/schema\/person\/d71f33a9ca44f7bad4698210b480c8e9","name":"webmaster kapitalis","url":"https:\/\/kapitalis.com\/tunisie\/author\/webmaster-kapitalis\/"}]}},"_links":{"self":[{"href":"https:\/\/kapitalis.com\/tunisie\/wp-json\/wp\/v2\/posts\/155797","targetHints":{"allow":["GET"]}}],"collection":[{"href":"https:\/\/kapitalis.com\/tunisie\/wp-json\/wp\/v2\/posts"}],"about":[{"href":"https:\/\/kapitalis.com\/tunisie\/wp-json\/wp\/v2\/types\/post"}],"author":[{"embeddable":true,"href":"https:\/\/kapitalis.com\/tunisie\/wp-json\/wp\/v2\/users\/8"}],"replies":[{"embeddable":true,"href":"https:\/\/kapitalis.com\/tunisie\/wp-json\/wp\/v2\/comments?post=155797"}],"version-history":[{"count":0,"href":"https:\/\/kapitalis.com\/tunisie\/wp-json\/wp\/v2\/posts\/155797\/revisions"}],"wp:featuredmedia":[{"embeddable":true,"href":"https:\/\/kapitalis.com\/tunisie\/wp-json\/wp\/v2\/media\/155798"}],"wp:attachment":[{"href":"https:\/\/kapitalis.com\/tunisie\/wp-json\/wp\/v2\/media?parent=155797"}],"wp:term":[{"taxonomy":"category","embeddable":true,"href":"https:\/\/kapitalis.com\/tunisie\/wp-json\/wp\/v2\/categories?post=155797"},{"taxonomy":"post_tag","embeddable":true,"href":"https:\/\/kapitalis.com\/tunisie\/wp-json\/wp\/v2\/tags?post=155797"}],"curies":[{"name":"wp","href":"https:\/\/api.w.org\/{rel}","templated":true}]}}