{"id":155803,"date":"2018-05-24T09:52:51","date_gmt":"2018-05-24T08:52:51","guid":{"rendered":"http:\/\/kapitalis.com\/tunisie\/?p=155803"},"modified":"2018-05-24T09:52:51","modified_gmt":"2018-05-24T08:52:51","slug":"tunisie-malgre-linterdiction-la-manifestation-des-non-jeuneurs-maintenue","status":"publish","type":"post","link":"https:\/\/kapitalis.com\/tunisie\/2018\/05\/24\/tunisie-malgre-linterdiction-la-manifestation-des-non-jeuneurs-maintenue\/","title":{"rendered":"Tunisie : Malgr\u00e9 l&rsquo;interdiction, la manifestation des non-je\u00fbneurs maintenue"},"content":{"rendered":"<p style=\"text-align: center;\"><img loading=\"lazy\" decoding=\"async\" class=\"alignnone size-full wp-image-101141\" src=\"http:\/\/kapitalis.com\/tunisie\/wp-content\/uploads\/2017\/06\/Mouch-Bessif-Manif-Tunis.jpg\" alt=\"\" width=\"626\" height=\"380\" \/><\/p>\n<p><em><strong>Le minist\u00e8re de l&rsquo;Int\u00e9rieur n&rsquo;a pas autoris\u00e9 les non-je\u00fbneurs (\u00abfattaras\u00bb) \u00e0 organiser une manifestation, dimanche 27 mai 2018, \u00e0 14h, devant le minist\u00e8re du Tourisme et de l&rsquo;Artisanat, au centre-ville de Tunis, pour diff\u00e9rentes raisons.<\/strong><\/em><!--more--><\/p>\n<p>C&rsquo;est ce qu&rsquo;a indiqu\u00e9 l&rsquo;Association des libres penseurs (ALP), organisatrice de cet \u00e9v\u00e9nement baptis\u00e9e \u00ab<em>#Mouch bessif<\/em>\u00bb (Pas de contrainte), dans un communiqu\u00e9 publi\u00e9 mercredi 23 mai, en pr\u00e9cisant que le d\u00e9partement de l&rsquo;Int\u00e9rieur l&rsquo;a contact\u00e9e pour l&rsquo;informer que la manifestation des non-je\u00fbneurs, souhaitant exprimer leur col\u00e8re contre la fermeture des caf\u00e9s et des restaurants pendant la journ\u00e9e durant le je\u00fbne de ramadan, est non autoris\u00e9e, d\u00e9cision que l&rsquo;association\u00a0consid\u00e8re comme anti-constitutionnelle et une violation de la libert\u00e9 d&rsquo;expression.<\/p>\n<p>L&rsquo;ALP, qui oeuvre \u00e0 la promotion de la la\u00efcit\u00e9 en Tunisie conform\u00e9ment \u00e0 l&rsquo;article 6 de la constitution de 2014, a, par ailleurs, annonc\u00e9 que la manifestation en question se tiendra \u00e0 la m\u00eame date et \u00e0 la m\u00eame heure et a aussi appel\u00e9 les Tunisiens \u00e0 venir en masse pour y prendre part.<\/p>\n<p>Notons que le ministre de l&rsquo;Int\u00e9rieur, Lotfi Brahem, a fermement d\u00e9fendu l&rsquo;application de la circulaire Mzali de 1981, qui interdit l&rsquo;ouverture des caf\u00e9s et des restaurants durant les horaires de je\u00fbne de ramadan, en expliquant que les minorit\u00e9s religieuses doivent respecter le je\u00fbne de la majorit\u00e9 musulmane durant le mois saint.<\/p>\n<p style=\"text-align: right;\"><strong>E. B. A.<\/strong><\/p>\n<blockquote class=\"wp-embedded-content\" data-secret=\"GC1AvSqDYw\"><p><a href=\"https:\/\/kapitalis.com\/tunisie\/2018\/05\/22\/jeuneurs-et-non-jeuneurs-lerreur-du-ministre-lotfi-brahem\/\">Je\u00fbneurs et non-je\u00fbneurs : L&rsquo;erreur du ministre Lotfi Brahem<\/a><\/p><\/blockquote>\n<p><iframe loading=\"lazy\" class=\"wp-embedded-content\" sandbox=\"allow-scripts\" security=\"restricted\" style=\"position: absolute; clip: rect(1px, 1px, 1px, 1px);\" title=\"\u00ab\u00a0Je\u00fbneurs et non-je\u00fbneurs : L&rsquo;erreur du ministre Lotfi Brahem\u00a0\u00bb &#8212; Kapitalis\" src=\"https:\/\/kapitalis.com\/tunisie\/2018\/05\/22\/jeuneurs-et-non-jeuneurs-lerreur-du-ministre-lotfi-brahem\/embed\/#?secret=Qu2Z6GGDzk#?secret=GC1AvSqDYw\" data-secret=\"GC1AvSqDYw\" width=\"600\" height=\"338\" frameborder=\"0\" marginwidth=\"0\" marginheight=\"0\" scrolling=\"no\"><\/iframe><\/p>\n<blockquote class=\"wp-embedded-content\" data-secret=\"g8TfbQF1xl\"><p><a href=\"https:\/\/kapitalis.com\/tunisie\/2018\/05\/16\/ramadan-les-non-jeuneurs-vont-manifester-contre-la-fermeture-des-cafes\/\">Ramadan : Les non-je\u00fbneurs vont manifester contre la fermeture des caf\u00e9s<\/a><\/p><\/blockquote>\n<p><iframe loading=\"lazy\" class=\"wp-embedded-content\" sandbox=\"allow-scripts\" security=\"restricted\" style=\"position: absolute; clip: rect(1px, 1px, 1px, 1px);\" title=\"\u00ab\u00a0Ramadan : Les non-je\u00fbneurs vont manifester contre la fermeture des caf\u00e9s\u00a0\u00bb &#8212; Kapitalis\" src=\"https:\/\/kapitalis.com\/tunisie\/2018\/05\/16\/ramadan-les-non-jeuneurs-vont-manifester-contre-la-fermeture-des-cafes\/embed\/#?secret=UDBFJQ20qd#?secret=g8TfbQF1xl\" data-secret=\"g8TfbQF1xl\" width=\"600\" height=\"338\" frameborder=\"0\" marginwidth=\"0\" marginheight=\"0\" scrolling=\"no\"><\/iframe><\/p>\n","protected":false},"excerpt":{"rendered":"<p>Le minist\u00e8re de l&rsquo;Int\u00e9rieur n&rsquo;a pas autoris\u00e9 les non-je\u00fbneurs (\u00abfattaras\u00bb) \u00e0 organiser une manifestation, dimanche 27 mai 2018, \u00e0 14h, devant le minist\u00e8re du Tourisme et de l&rsquo;Artisanat, au centre-ville de Tunis, pour diff\u00e9rentes raisons.<\/p>\n","protected":false},"author":16,"featured_media":0,"comment_status":"open","ping_status":"open","sticky":false,"template":"","format":"standard","meta":{"footnotes":""},"categories":[998,2433],"tags":[8060,36109,31919,761],"class_list":["post-155803","post","type-post","status-publish","format-standard","hentry","category-societe","category-tunisie","tag-laicite","tag-lotfi-brahem","tag-non-jeuneurs","tag-ramadan"],"yoast_head":"<!-- This site is optimized with the Yoast SEO plugin v26.6 - https:\/\/yoast.com\/wordpress\/plugins\/seo\/ -->\n<title>Tunisie : Malgr\u00e9 l&#039;interdiction, la manifestation des non-je\u00fbneurs maintenue - Kapitalis<\/title>\n<meta name=\"robots\" content=\"index, follow, max-snippet:-1, max-image-preview:large, max-video-preview:-1\" \/>\n<link rel=\"canonical\" href=\"https:\/\/kapitalis.com\/tunisie\/2018\/05\/24\/tunisie-malgre-linterdiction-la-manifestation-des-non-jeuneurs-maintenue\/\" \/>\n<meta property=\"og:locale\" content=\"fr_FR\" \/>\n<meta property=\"og:type\" content=\"article\" \/>\n<meta property=\"og:title\" content=\"Tunisie : Malgr\u00e9 l&#039;interdiction, la manifestation des non-je\u00fbneurs maintenue - Kapitalis\" \/>\n<meta property=\"og:description\" content=\"Le minist\u00e8re de l&rsquo;Int\u00e9rieur n&rsquo;a pas autoris\u00e9 les non-je\u00fbneurs (\u00abfattaras\u00bb) \u00e0 organiser une manifestation, dimanche 27 mai 2018, \u00e0 14h, devant le minist\u00e8re du Tourisme et de l&rsquo;Artisanat, au centre-ville de Tunis, pour diff\u00e9rentes raisons.\" \/>\n<meta property=\"og:url\" content=\"https:\/\/kapitalis.com\/tunisie\/2018\/05\/24\/tunisie-malgre-linterdiction-la-manifestation-des-non-jeuneurs-maintenue\/\" \/>\n<meta property=\"og:site_name\" content=\"Kapitalis\" \/>\n<meta property=\"article:publisher\" content=\"https:\/\/www.facebook.com\/KapitalisInfo\/\" \/>\n<meta property=\"article:published_time\" content=\"2018-05-24T08:52:51+00:00\" \/>\n<meta property=\"og:image\" content=\"http:\/\/kapitalis.com\/tunisie\/wp-content\/uploads\/2017\/06\/Mouch-Bessif-Manif-Tunis.jpg\" \/>\n<meta name=\"author\" content=\"emna benabdallah\" \/>\n<meta name=\"twitter:card\" content=\"summary_large_image\" \/>\n<meta name=\"twitter:creator\" content=\"@KapitalisInfo\" \/>\n<meta name=\"twitter:site\" content=\"@KapitalisInfo\" \/>\n<meta name=\"twitter:label1\" content=\"\u00c9crit par\" \/>\n\t<meta name=\"twitter:data1\" content=\"emna benabdallah\" \/>\n\t<meta name=\"twitter:label2\" content=\"Dur\u00e9e de lecture estim\u00e9e\" \/>\n\t<meta name=\"twitter:data2\" content=\"1 minute\" \/>\n<script type=\"application\/ld+json\" class=\"yoast-schema-graph\">{\"@context\":\"https:\/\/schema.org\",\"@graph\":[{\"@type\":\"Article\",\"@id\":\"https:\/\/kapitalis.com\/tunisie\/2018\/05\/24\/tunisie-malgre-linterdiction-la-manifestation-des-non-jeuneurs-maintenue\/#article\",\"isPartOf\":{\"@id\":\"https:\/\/kapitalis.com\/tunisie\/2018\/05\/24\/tunisie-malgre-linterdiction-la-manifestation-des-non-jeuneurs-maintenue\/\"},\"author\":{\"name\":\"emna benabdallah\",\"@id\":\"https:\/\/kapitalis.com\/tunisie\/#\/schema\/person\/2c6e134b2f3369dffcd1daf5f087d28b\"},\"headline\":\"Tunisie : Malgr\u00e9 l&rsquo;interdiction, la manifestation des non-je\u00fbneurs maintenue\",\"datePublished\":\"2018-05-24T08:52:51+00:00\",\"mainEntityOfPage\":{\"@id\":\"https:\/\/kapitalis.com\/tunisie\/2018\/05\/24\/tunisie-malgre-linterdiction-la-manifestation-des-non-jeuneurs-maintenue\/\"},\"wordCount\":256,\"commentCount\":18,\"publisher\":{\"@id\":\"https:\/\/kapitalis.com\/tunisie\/#organization\"},\"image\":{\"@id\":\"https:\/\/kapitalis.com\/tunisie\/2018\/05\/24\/tunisie-malgre-linterdiction-la-manifestation-des-non-jeuneurs-maintenue\/#primaryimage\"},\"thumbnailUrl\":\"http:\/\/kapitalis.com\/tunisie\/wp-content\/uploads\/2017\/06\/Mouch-Bessif-Manif-Tunis.jpg\",\"keywords\":[\"la\u00efcit\u00e9\",\"Lotfi Brahem;\",\"non je\u00fbneurs\",\"Ramadan\"],\"articleSection\":[\"SOCIETE\",\"Tunisie\"],\"inLanguage\":\"fr-FR\",\"potentialAction\":[{\"@type\":\"CommentAction\",\"name\":\"Comment\",\"target\":[\"https:\/\/kapitalis.com\/tunisie\/2018\/05\/24\/tunisie-malgre-linterdiction-la-manifestation-des-non-jeuneurs-maintenue\/#respond\"]}]},{\"@type\":\"WebPage\",\"@id\":\"https:\/\/kapitalis.com\/tunisie\/2018\/05\/24\/tunisie-malgre-linterdiction-la-manifestation-des-non-jeuneurs-maintenue\/\",\"url\":\"https:\/\/kapitalis.com\/tunisie\/2018\/05\/24\/tunisie-malgre-linterdiction-la-manifestation-des-non-jeuneurs-maintenue\/\",\"name\":\"Tunisie : Malgr\u00e9 l'interdiction, la manifestation des non-je\u00fbneurs maintenue - Kapitalis\",\"isPartOf\":{\"@id\":\"https:\/\/kapitalis.com\/tunisie\/#website\"},\"primaryImageOfPage\":{\"@id\":\"https:\/\/kapitalis.com\/tunisie\/2018\/05\/24\/tunisie-malgre-linterdiction-la-manifestation-des-non-jeuneurs-maintenue\/#primaryimage\"},\"image\":{\"@id\":\"https:\/\/kapitalis.com\/tunisie\/2018\/05\/24\/tunisie-malgre-linterdiction-la-manifestation-des-non-jeuneurs-maintenue\/#primaryimage\"},\"thumbnailUrl\":\"http:\/\/kapitalis.com\/tunisie\/wp-content\/uploads\/2017\/06\/Mouch-Bessif-Manif-Tunis.jpg\",\"datePublished\":\"2018-05-24T08:52:51+00:00\",\"breadcrumb\":{\"@id\":\"https:\/\/kapitalis.com\/tunisie\/2018\/05\/24\/tunisie-malgre-linterdiction-la-manifestation-des-non-jeuneurs-maintenue\/#breadcrumb\"},\"inLanguage\":\"fr-FR\",\"potentialAction\":[{\"@type\":\"ReadAction\",\"target\":[\"https:\/\/kapitalis.com\/tunisie\/2018\/05\/24\/tunisie-malgre-linterdiction-la-manifestation-des-non-jeuneurs-maintenue\/\"]}]},{\"@type\":\"ImageObject\",\"inLanguage\":\"fr-FR\",\"@id\":\"https:\/\/kapitalis.com\/tunisie\/2018\/05\/24\/tunisie-malgre-linterdiction-la-manifestation-des-non-jeuneurs-maintenue\/#primaryimage\",\"url\":\"http:\/\/kapitalis.com\/tunisie\/wp-content\/uploads\/2017\/06\/Mouch-Bessif-Manif-Tunis.jpg\",\"contentUrl\":\"http:\/\/kapitalis.com\/tunisie\/wp-content\/uploads\/2017\/06\/Mouch-Bessif-Manif-Tunis.jpg\"},{\"@type\":\"BreadcrumbList\",\"@id\":\"https:\/\/kapitalis.com\/tunisie\/2018\/05\/24\/tunisie-malgre-linterdiction-la-manifestation-des-non-jeuneurs-maintenue\/#breadcrumb\",\"itemListElement\":[{\"@type\":\"ListItem\",\"position\":1,\"name\":\"Accueil\",\"item\":\"https:\/\/kapitalis.com\/tunisie\/\"},{\"@type\":\"ListItem\",\"position\":2,\"name\":\"Tunisie : Malgr\u00e9 l&rsquo;interdiction, la manifestation des non-je\u00fbneurs maintenue\"}]},{\"@type\":\"WebSite\",\"@id\":\"https:\/\/kapitalis.com\/tunisie\/#website\",\"url\":\"https:\/\/kapitalis.com\/tunisie\/\",\"name\":\"Kapitalis\",\"description\":\"L&#039;actualit\u00e9 en Tunisie et dans le monde\",\"publisher\":{\"@id\":\"https:\/\/kapitalis.com\/tunisie\/#organization\"},\"potentialAction\":[{\"@type\":\"SearchAction\",\"target\":{\"@type\":\"EntryPoint\",\"urlTemplate\":\"https:\/\/kapitalis.com\/tunisie\/?s={search_term_string}\"},\"query-input\":{\"@type\":\"PropertyValueSpecification\",\"valueRequired\":true,\"valueName\":\"search_term_string\"}}],\"inLanguage\":\"fr-FR\"},{\"@type\":\"Organization\",\"@id\":\"https:\/\/kapitalis.com\/tunisie\/#organization\",\"name\":\"Kapitalis\",\"url\":\"https:\/\/kapitalis.com\/tunisie\/\",\"logo\":{\"@type\":\"ImageObject\",\"inLanguage\":\"fr-FR\",\"@id\":\"https:\/\/kapitalis.com\/tunisie\/#\/schema\/logo\/image\/\",\"url\":\"https:\/\/kapitalis.com\/tunisie\/wp-content\/uploads\/2022\/05\/Kapitalis-big-size.png\",\"contentUrl\":\"https:\/\/kapitalis.com\/tunisie\/wp-content\/uploads\/2022\/05\/Kapitalis-big-size.png\",\"width\":5000,\"height\":1500,\"caption\":\"Kapitalis\"},\"image\":{\"@id\":\"https:\/\/kapitalis.com\/tunisie\/#\/schema\/logo\/image\/\"},\"sameAs\":[\"https:\/\/www.facebook.com\/KapitalisInfo\/\",\"https:\/\/x.com\/KapitalisInfo\",\"https:\/\/www.youtube.com\/channel\/UC-yDYrHyfFBWWZaOw3FPg9Q\"]},{\"@type\":\"Person\",\"@id\":\"https:\/\/kapitalis.com\/tunisie\/#\/schema\/person\/2c6e134b2f3369dffcd1daf5f087d28b\",\"name\":\"emna benabdallah\",\"url\":\"https:\/\/kapitalis.com\/tunisie\/author\/emna\/\"}]}<\/script>\n<!-- \/ Yoast SEO plugin. -->","yoast_head_json":{"title":"Tunisie : Malgr\u00e9 l'interdiction, la manifestation des non-je\u00fbneurs maintenue - Kapitalis","robots":{"index":"index","follow":"follow","max-snippet":"max-snippet:-1","max-image-preview":"max-image-preview:large","max-video-preview":"max-video-preview:-1"},"canonical":"https:\/\/kapitalis.com\/tunisie\/2018\/05\/24\/tunisie-malgre-linterdiction-la-manifestation-des-non-jeuneurs-maintenue\/","og_locale":"fr_FR","og_type":"article","og_title":"Tunisie : Malgr\u00e9 l'interdiction, la manifestation des non-je\u00fbneurs maintenue - Kapitalis","og_description":"Le minist\u00e8re de l&rsquo;Int\u00e9rieur n&rsquo;a pas autoris\u00e9 les non-je\u00fbneurs (\u00abfattaras\u00bb) \u00e0 organiser une manifestation, dimanche 27 mai 2018, \u00e0 14h, devant le minist\u00e8re du Tourisme et de l&rsquo;Artisanat, au centre-ville de Tunis, pour diff\u00e9rentes raisons.","og_url":"https:\/\/kapitalis.com\/tunisie\/2018\/05\/24\/tunisie-malgre-linterdiction-la-manifestation-des-non-jeuneurs-maintenue\/","og_site_name":"Kapitalis","article_publisher":"https:\/\/www.facebook.com\/KapitalisInfo\/","article_published_time":"2018-05-24T08:52:51+00:00","og_image":[{"url":"http:\/\/kapitalis.com\/tunisie\/wp-content\/uploads\/2017\/06\/Mouch-Bessif-Manif-Tunis.jpg","type":"","width":"","height":""}],"author":"emna benabdallah","twitter_card":"summary_large_image","twitter_creator":"@KapitalisInfo","twitter_site":"@KapitalisInfo","twitter_misc":{"\u00c9crit par":"emna benabdallah","Dur\u00e9e de lecture estim\u00e9e":"1 minute"},"schema":{"@context":"https:\/\/schema.org","@graph":[{"@type":"Article","@id":"https:\/\/kapitalis.com\/tunisie\/2018\/05\/24\/tunisie-malgre-linterdiction-la-manifestation-des-non-jeuneurs-maintenue\/#article","isPartOf":{"@id":"https:\/\/kapitalis.com\/tunisie\/2018\/05\/24\/tunisie-malgre-linterdiction-la-manifestation-des-non-jeuneurs-maintenue\/"},"author":{"name":"emna benabdallah","@id":"https:\/\/kapitalis.com\/tunisie\/#\/schema\/person\/2c6e134b2f3369dffcd1daf5f087d28b"},"headline":"Tunisie : Malgr\u00e9 l&rsquo;interdiction, la manifestation des non-je\u00fbneurs maintenue","datePublished":"2018-05-24T08:52:51+00:00","mainEntityOfPage":{"@id":"https:\/\/kapitalis.com\/tunisie\/2018\/05\/24\/tunisie-malgre-linterdiction-la-manifestation-des-non-jeuneurs-maintenue\/"},"wordCount":256,"commentCount":18,"publisher":{"@id":"https:\/\/kapitalis.com\/tunisie\/#organization"},"image":{"@id":"https:\/\/kapitalis.com\/tunisie\/2018\/05\/24\/tunisie-malgre-linterdiction-la-manifestation-des-non-jeuneurs-maintenue\/#primaryimage"},"thumbnailUrl":"http:\/\/kapitalis.com\/tunisie\/wp-content\/uploads\/2017\/06\/Mouch-Bessif-Manif-Tunis.jpg","keywords":["la\u00efcit\u00e9","Lotfi Brahem;","non je\u00fbneurs","Ramadan"],"articleSection":["SOCIETE","Tunisie"],"inLanguage":"fr-FR","potentialAction":[{"@type":"CommentAction","name":"Comment","target":["https:\/\/kapitalis.com\/tunisie\/2018\/05\/24\/tunisie-malgre-linterdiction-la-manifestation-des-non-jeuneurs-maintenue\/#respond"]}]},{"@type":"WebPage","@id":"https:\/\/kapitalis.com\/tunisie\/2018\/05\/24\/tunisie-malgre-linterdiction-la-manifestation-des-non-jeuneurs-maintenue\/","url":"https:\/\/kapitalis.com\/tunisie\/2018\/05\/24\/tunisie-malgre-linterdiction-la-manifestation-des-non-jeuneurs-maintenue\/","name":"Tunisie : Malgr\u00e9 l'interdiction, la manifestation des non-je\u00fbneurs maintenue - Kapitalis","isPartOf":{"@id":"https:\/\/kapitalis.com\/tunisie\/#website"},"primaryImageOfPage":{"@id":"https:\/\/kapitalis.com\/tunisie\/2018\/05\/24\/tunisie-malgre-linterdiction-la-manifestation-des-non-jeuneurs-maintenue\/#primaryimage"},"image":{"@id":"https:\/\/kapitalis.com\/tunisie\/2018\/05\/24\/tunisie-malgre-linterdiction-la-manifestation-des-non-jeuneurs-maintenue\/#primaryimage"},"thumbnailUrl":"http:\/\/kapitalis.com\/tunisie\/wp-content\/uploads\/2017\/06\/Mouch-Bessif-Manif-Tunis.jpg","datePublished":"2018-05-24T08:52:51+00:00","breadcrumb":{"@id":"https:\/\/kapitalis.com\/tunisie\/2018\/05\/24\/tunisie-malgre-linterdiction-la-manifestation-des-non-jeuneurs-maintenue\/#breadcrumb"},"inLanguage":"fr-FR","potentialAction":[{"@type":"ReadAction","target":["https:\/\/kapitalis.com\/tunisie\/2018\/05\/24\/tunisie-malgre-linterdiction-la-manifestation-des-non-jeuneurs-maintenue\/"]}]},{"@type":"ImageObject","inLanguage":"fr-FR","@id":"https:\/\/kapitalis.com\/tunisie\/2018\/05\/24\/tunisie-malgre-linterdiction-la-manifestation-des-non-jeuneurs-maintenue\/#primaryimage","url":"http:\/\/kapitalis.com\/tunisie\/wp-content\/uploads\/2017\/06\/Mouch-Bessif-Manif-Tunis.jpg","contentUrl":"http:\/\/kapitalis.com\/tunisie\/wp-content\/uploads\/2017\/06\/Mouch-Bessif-Manif-Tunis.jpg"},{"@type":"BreadcrumbList","@id":"https:\/\/kapitalis.com\/tunisie\/2018\/05\/24\/tunisie-malgre-linterdiction-la-manifestation-des-non-jeuneurs-maintenue\/#breadcrumb","itemListElement":[{"@type":"ListItem","position":1,"name":"Accueil","item":"https:\/\/kapitalis.com\/tunisie\/"},{"@type":"ListItem","position":2,"name":"Tunisie : Malgr\u00e9 l&rsquo;interdiction, la manifestation des non-je\u00fbneurs maintenue"}]},{"@type":"WebSite","@id":"https:\/\/kapitalis.com\/tunisie\/#website","url":"https:\/\/kapitalis.com\/tunisie\/","name":"Kapitalis","description":"L&#039;actualit\u00e9 en Tunisie et dans le monde","publisher":{"@id":"https:\/\/kapitalis.com\/tunisie\/#organization"},"potentialAction":[{"@type":"SearchAction","target":{"@type":"EntryPoint","urlTemplate":"https:\/\/kapitalis.com\/tunisie\/?s={search_term_string}"},"query-input":{"@type":"PropertyValueSpecification","valueRequired":true,"valueName":"search_term_string"}}],"inLanguage":"fr-FR"},{"@type":"Organization","@id":"https:\/\/kapitalis.com\/tunisie\/#organization","name":"Kapitalis","url":"https:\/\/kapitalis.com\/tunisie\/","logo":{"@type":"ImageObject","inLanguage":"fr-FR","@id":"https:\/\/kapitalis.com\/tunisie\/#\/schema\/logo\/image\/","url":"https:\/\/kapitalis.com\/tunisie\/wp-content\/uploads\/2022\/05\/Kapitalis-big-size.png","contentUrl":"https:\/\/kapitalis.com\/tunisie\/wp-content\/uploads\/2022\/05\/Kapitalis-big-size.png","width":5000,"height":1500,"caption":"Kapitalis"},"image":{"@id":"https:\/\/kapitalis.com\/tunisie\/#\/schema\/logo\/image\/"},"sameAs":["https:\/\/www.facebook.com\/KapitalisInfo\/","https:\/\/x.com\/KapitalisInfo","https:\/\/www.youtube.com\/channel\/UC-yDYrHyfFBWWZaOw3FPg9Q"]},{"@type":"Person","@id":"https:\/\/kapitalis.com\/tunisie\/#\/schema\/person\/2c6e134b2f3369dffcd1daf5f087d28b","name":"emna benabdallah","url":"https:\/\/kapitalis.com\/tunisie\/author\/emna\/"}]}},"_links":{"self":[{"href":"https:\/\/kapitalis.com\/tunisie\/wp-json\/wp\/v2\/posts\/155803","targetHints":{"allow":["GET"]}}],"collection":[{"href":"https:\/\/kapitalis.com\/tunisie\/wp-json\/wp\/v2\/posts"}],"about":[{"href":"https:\/\/kapitalis.com\/tunisie\/wp-json\/wp\/v2\/types\/post"}],"author":[{"embeddable":true,"href":"https:\/\/kapitalis.com\/tunisie\/wp-json\/wp\/v2\/users\/16"}],"replies":[{"embeddable":true,"href":"https:\/\/kapitalis.com\/tunisie\/wp-json\/wp\/v2\/comments?post=155803"}],"version-history":[{"count":0,"href":"https:\/\/kapitalis.com\/tunisie\/wp-json\/wp\/v2\/posts\/155803\/revisions"}],"wp:attachment":[{"href":"https:\/\/kapitalis.com\/tunisie\/wp-json\/wp\/v2\/media?parent=155803"}],"wp:term":[{"taxonomy":"category","embeddable":true,"href":"https:\/\/kapitalis.com\/tunisie\/wp-json\/wp\/v2\/categories?post=155803"},{"taxonomy":"post_tag","embeddable":true,"href":"https:\/\/kapitalis.com\/tunisie\/wp-json\/wp\/v2\/tags?post=155803"}],"curies":[{"name":"wp","href":"https:\/\/api.w.org\/{rel}","templated":true}]}}