{"id":155851,"date":"2018-05-24T11:53:28","date_gmt":"2018-05-24T10:53:28","guid":{"rendered":"http:\/\/kapitalis.com\/tunisie\/?p=155851"},"modified":"2018-05-24T10:56:58","modified_gmt":"2018-05-24T09:56:58","slug":"alaeddine-marzouki-confirme-des-contacts-avec-lesperance","status":"publish","type":"post","link":"https:\/\/kapitalis.com\/tunisie\/2018\/05\/24\/alaeddine-marzouki-confirme-des-contacts-avec-lesperance\/","title":{"rendered":"Alaeddine Marzouki confirme des contacts avec l\u2019Esp\u00e9rance"},"content":{"rendered":"<p style=\"text-align: center;\"><img loading=\"lazy\" decoding=\"async\" class=\"alignnone size-full wp-image-155852\" src=\"http:\/\/kapitalis.com\/tunisie\/wp-content\/uploads\/2018\/05\/Alaeddine-Marzouki.jpg\" alt=\"\" width=\"626\" height=\"380\" \/><\/p>\n<p><em><strong>L\u2019attaquant Club sportif sfaxien (CSS), Alaeddine Marzouki, a confirm\u00e9 avoir \u00e9t\u00e9 contact\u00e9 officiellement par l\u2019Esp\u00e9rance sportive de Tunis (EST), qui cherche \u00e0 renforcer son effectif en pr\u00e9vision des dures \u00e9preuves de la Ligue des champions d\u2019Afrique.<\/strong><\/em><\/p>\n<p><!--more--><\/p>\n<p>Meilleur buteur de la saison pass\u00e9e (9 buts), Alaeddine Marzouki a affirm\u00e9 qu\u2019il est int\u00e9ress\u00e9 \u00e0 rejoindre le club <em>\u00absang et or\u00bb<\/em> mais il partira si le CSS n\u2019y est pas oppos\u00e9, car il est actuellement sous contrat avec le club <em>\u00abnoir et blanc\u00bb<\/em> jusqu&rsquo;au mois de juin 2019.<\/p>\n<p>Par ailleurs, le milieu de terrain nig\u00e9rian Kingsley Sokari ne devrait pas prolonger l\u2019aventure avec le CSS.<\/p>\n<p>Le joueur, dont les relations avec le club se sont d\u00e9t\u00e9rior\u00e9es ces derniers temps, veut tenter une nouvelle exp\u00e9rience. Les dirigeants ne devraient plus le retenir, mais pas \u00e0 n\u2019importe quelle condition.<\/p>\n<p>Le club turc \u0130stanbul Basaksehir a fait une offre de 800.000 euros mais le CSS demande un million, payable imm\u00e9diatement apr\u00e8s la signature du contrat. Cette condition coince momentan\u00e9ment la transaction.<\/p>\n<p style=\"text-align: right;\"><strong>H. M.<\/strong><\/p>\n<blockquote class=\"wp-embedded-content\" data-secret=\"DVXv5EnYM7\"><p><a href=\"https:\/\/kapitalis.com\/tunisie\/2018\/05\/24\/esperance-de-tunis-mouez-hassen-et-syam-ben-youssef-pas-interesses\/\">Esp\u00e9rance de Tunis : Mouez Hassen et Syam Ben Youssef pas int\u00e9ress\u00e9s<\/a><\/p><\/blockquote>\n<p><iframe loading=\"lazy\" class=\"wp-embedded-content\" sandbox=\"allow-scripts\" security=\"restricted\" style=\"position: absolute; clip: rect(1px, 1px, 1px, 1px);\" title=\"\u00ab\u00a0Esp\u00e9rance de Tunis : Mouez Hassen et Syam Ben Youssef pas int\u00e9ress\u00e9s\u00a0\u00bb &#8212; Kapitalis\" src=\"https:\/\/kapitalis.com\/tunisie\/2018\/05\/24\/esperance-de-tunis-mouez-hassen-et-syam-ben-youssef-pas-interesses\/embed\/#?secret=7CWfYfhulH#?secret=DVXv5EnYM7\" data-secret=\"DVXv5EnYM7\" width=\"600\" height=\"338\" frameborder=\"0\" marginwidth=\"0\" marginheight=\"0\" scrolling=\"no\"><\/iframe><\/p>\n<blockquote class=\"wp-embedded-content\" data-secret=\"7GTrt9Dyww\"><p><a href=\"https:\/\/kapitalis.com\/tunisie\/2018\/05\/24\/fousseny-coulibaly-quitte-lesperance-pour-al-ittihad-djeddah\/\">Fousseny Coulibaly quitte l\u2019Esp\u00e9rance pour Al Ittihad Djeddah<\/a><\/p><\/blockquote>\n<p><iframe loading=\"lazy\" class=\"wp-embedded-content\" sandbox=\"allow-scripts\" security=\"restricted\" style=\"position: absolute; clip: rect(1px, 1px, 1px, 1px);\" title=\"\u00ab\u00a0Fousseny Coulibaly quitte l\u2019Esp\u00e9rance pour Al Ittihad Djeddah\u00a0\u00bb &#8212; Kapitalis\" src=\"https:\/\/kapitalis.com\/tunisie\/2018\/05\/24\/fousseny-coulibaly-quitte-lesperance-pour-al-ittihad-djeddah\/embed\/#?secret=5aSqNNiNLB#?secret=7GTrt9Dyww\" data-secret=\"7GTrt9Dyww\" width=\"600\" height=\"338\" frameborder=\"0\" marginwidth=\"0\" marginheight=\"0\" scrolling=\"no\"><\/iframe><\/p>\n","protected":false},"excerpt":{"rendered":"<p>L\u2019attaquant Club sportif sfaxien (CSS), Alaeddine Marzouki, a confirm\u00e9 avoir \u00e9t\u00e9 contact\u00e9 officiellement par l\u2019Esp\u00e9rance sportive de Tunis (EST), qui cherche \u00e0 renforcer son effectif en pr\u00e9vision des dures \u00e9preuves de la Ligue des champions d\u2019Afrique.<\/p>\n","protected":false},"author":8,"featured_media":155852,"comment_status":"open","ping_status":"open","sticky":false,"template":"","format":"standard","meta":{"footnotes":""},"categories":[999,2433],"tags":[42114,4268,3261,11267,14013],"class_list":["post-155851","post","type-post","status-publish","format-standard","has-post-thumbnail","hentry","category-sport","category-tunisie","tag-alaeddine-marzouki","tag-club-sportif-sfaxien","tag-esperance-sportive-de-tunis","tag-kingsley-sokari","tag-ligue-des-champions-dafrique"],"yoast_head":"<!-- This site is optimized with the Yoast SEO plugin v26.6 - https:\/\/yoast.com\/wordpress\/plugins\/seo\/ -->\n<title>Alaeddine Marzouki confirme des contacts avec l\u2019Esp\u00e9rance - Kapitalis<\/title>\n<meta name=\"robots\" content=\"index, follow, max-snippet:-1, max-image-preview:large, max-video-preview:-1\" \/>\n<link rel=\"canonical\" href=\"https:\/\/kapitalis.com\/tunisie\/2018\/05\/24\/alaeddine-marzouki-confirme-des-contacts-avec-lesperance\/\" \/>\n<meta property=\"og:locale\" content=\"fr_FR\" \/>\n<meta property=\"og:type\" content=\"article\" \/>\n<meta property=\"og:title\" content=\"Alaeddine Marzouki confirme des contacts avec l\u2019Esp\u00e9rance - Kapitalis\" \/>\n<meta property=\"og:description\" content=\"L\u2019attaquant Club sportif sfaxien (CSS), Alaeddine Marzouki, a confirm\u00e9 avoir \u00e9t\u00e9 contact\u00e9 officiellement par l\u2019Esp\u00e9rance sportive de Tunis (EST), qui cherche \u00e0 renforcer son effectif en pr\u00e9vision des dures \u00e9preuves de la Ligue des champions d\u2019Afrique.\" \/>\n<meta property=\"og:url\" content=\"https:\/\/kapitalis.com\/tunisie\/2018\/05\/24\/alaeddine-marzouki-confirme-des-contacts-avec-lesperance\/\" \/>\n<meta property=\"og:site_name\" content=\"Kapitalis\" \/>\n<meta property=\"article:publisher\" content=\"https:\/\/www.facebook.com\/KapitalisInfo\/\" \/>\n<meta property=\"article:published_time\" content=\"2018-05-24T10:53:28+00:00\" \/>\n<meta property=\"og:image\" content=\"https:\/\/kapitalis.com\/tunisie\/wp-content\/uploads\/2022\/05\/kapitalis-logo-fb.png\" \/>\n\t<meta property=\"og:image:width\" content=\"1200\" \/>\n\t<meta property=\"og:image:height\" content=\"630\" \/>\n\t<meta property=\"og:image:type\" content=\"image\/png\" \/>\n<meta name=\"author\" content=\"webmaster kapitalis\" \/>\n<meta name=\"twitter:card\" content=\"summary_large_image\" \/>\n<meta name=\"twitter:creator\" content=\"@KapitalisInfo\" \/>\n<meta name=\"twitter:site\" content=\"@KapitalisInfo\" \/>\n<meta name=\"twitter:label1\" content=\"\u00c9crit par\" \/>\n\t<meta name=\"twitter:data1\" content=\"webmaster kapitalis\" \/>\n\t<meta name=\"twitter:label2\" content=\"Dur\u00e9e de lecture estim\u00e9e\" \/>\n\t<meta name=\"twitter:data2\" content=\"1 minute\" \/>\n<script type=\"application\/ld+json\" class=\"yoast-schema-graph\">{\"@context\":\"https:\/\/schema.org\",\"@graph\":[{\"@type\":\"Article\",\"@id\":\"https:\/\/kapitalis.com\/tunisie\/2018\/05\/24\/alaeddine-marzouki-confirme-des-contacts-avec-lesperance\/#article\",\"isPartOf\":{\"@id\":\"https:\/\/kapitalis.com\/tunisie\/2018\/05\/24\/alaeddine-marzouki-confirme-des-contacts-avec-lesperance\/\"},\"author\":{\"name\":\"webmaster kapitalis\",\"@id\":\"https:\/\/kapitalis.com\/tunisie\/#\/schema\/person\/d71f33a9ca44f7bad4698210b480c8e9\"},\"headline\":\"Alaeddine Marzouki confirme des contacts avec l\u2019Esp\u00e9rance\",\"datePublished\":\"2018-05-24T10:53:28+00:00\",\"mainEntityOfPage\":{\"@id\":\"https:\/\/kapitalis.com\/tunisie\/2018\/05\/24\/alaeddine-marzouki-confirme-des-contacts-avec-lesperance\/\"},\"wordCount\":199,\"commentCount\":0,\"publisher\":{\"@id\":\"https:\/\/kapitalis.com\/tunisie\/#organization\"},\"image\":{\"@id\":\"https:\/\/kapitalis.com\/tunisie\/2018\/05\/24\/alaeddine-marzouki-confirme-des-contacts-avec-lesperance\/#primaryimage\"},\"thumbnailUrl\":\"\",\"keywords\":[\"Alaeddine Marzouki\",\"Club sportif sfaxien\",\"Esp\u00e9rance sportive de Tunis\",\"Kingsley Sokari\",\"Ligue des champions d\u2019Afrique\"],\"articleSection\":[\"SPORT\",\"Tunisie\"],\"inLanguage\":\"fr-FR\",\"potentialAction\":[{\"@type\":\"CommentAction\",\"name\":\"Comment\",\"target\":[\"https:\/\/kapitalis.com\/tunisie\/2018\/05\/24\/alaeddine-marzouki-confirme-des-contacts-avec-lesperance\/#respond\"]}]},{\"@type\":\"WebPage\",\"@id\":\"https:\/\/kapitalis.com\/tunisie\/2018\/05\/24\/alaeddine-marzouki-confirme-des-contacts-avec-lesperance\/\",\"url\":\"https:\/\/kapitalis.com\/tunisie\/2018\/05\/24\/alaeddine-marzouki-confirme-des-contacts-avec-lesperance\/\",\"name\":\"Alaeddine Marzouki confirme des contacts avec l\u2019Esp\u00e9rance - Kapitalis\",\"isPartOf\":{\"@id\":\"https:\/\/kapitalis.com\/tunisie\/#website\"},\"primaryImageOfPage\":{\"@id\":\"https:\/\/kapitalis.com\/tunisie\/2018\/05\/24\/alaeddine-marzouki-confirme-des-contacts-avec-lesperance\/#primaryimage\"},\"image\":{\"@id\":\"https:\/\/kapitalis.com\/tunisie\/2018\/05\/24\/alaeddine-marzouki-confirme-des-contacts-avec-lesperance\/#primaryimage\"},\"thumbnailUrl\":\"\",\"datePublished\":\"2018-05-24T10:53:28+00:00\",\"breadcrumb\":{\"@id\":\"https:\/\/kapitalis.com\/tunisie\/2018\/05\/24\/alaeddine-marzouki-confirme-des-contacts-avec-lesperance\/#breadcrumb\"},\"inLanguage\":\"fr-FR\",\"potentialAction\":[{\"@type\":\"ReadAction\",\"target\":[\"https:\/\/kapitalis.com\/tunisie\/2018\/05\/24\/alaeddine-marzouki-confirme-des-contacts-avec-lesperance\/\"]}]},{\"@type\":\"ImageObject\",\"inLanguage\":\"fr-FR\",\"@id\":\"https:\/\/kapitalis.com\/tunisie\/2018\/05\/24\/alaeddine-marzouki-confirme-des-contacts-avec-lesperance\/#primaryimage\",\"url\":\"\",\"contentUrl\":\"\"},{\"@type\":\"BreadcrumbList\",\"@id\":\"https:\/\/kapitalis.com\/tunisie\/2018\/05\/24\/alaeddine-marzouki-confirme-des-contacts-avec-lesperance\/#breadcrumb\",\"itemListElement\":[{\"@type\":\"ListItem\",\"position\":1,\"name\":\"Accueil\",\"item\":\"https:\/\/kapitalis.com\/tunisie\/\"},{\"@type\":\"ListItem\",\"position\":2,\"name\":\"Alaeddine Marzouki confirme des contacts avec l\u2019Esp\u00e9rance\"}]},{\"@type\":\"WebSite\",\"@id\":\"https:\/\/kapitalis.com\/tunisie\/#website\",\"url\":\"https:\/\/kapitalis.com\/tunisie\/\",\"name\":\"Kapitalis\",\"description\":\"L&#039;actualit\u00e9 en Tunisie et dans le monde\",\"publisher\":{\"@id\":\"https:\/\/kapitalis.com\/tunisie\/#organization\"},\"potentialAction\":[{\"@type\":\"SearchAction\",\"target\":{\"@type\":\"EntryPoint\",\"urlTemplate\":\"https:\/\/kapitalis.com\/tunisie\/?s={search_term_string}\"},\"query-input\":{\"@type\":\"PropertyValueSpecification\",\"valueRequired\":true,\"valueName\":\"search_term_string\"}}],\"inLanguage\":\"fr-FR\"},{\"@type\":\"Organization\",\"@id\":\"https:\/\/kapitalis.com\/tunisie\/#organization\",\"name\":\"Kapitalis\",\"url\":\"https:\/\/kapitalis.com\/tunisie\/\",\"logo\":{\"@type\":\"ImageObject\",\"inLanguage\":\"fr-FR\",\"@id\":\"https:\/\/kapitalis.com\/tunisie\/#\/schema\/logo\/image\/\",\"url\":\"https:\/\/kapitalis.com\/tunisie\/wp-content\/uploads\/2022\/05\/Kapitalis-big-size.png\",\"contentUrl\":\"https:\/\/kapitalis.com\/tunisie\/wp-content\/uploads\/2022\/05\/Kapitalis-big-size.png\",\"width\":5000,\"height\":1500,\"caption\":\"Kapitalis\"},\"image\":{\"@id\":\"https:\/\/kapitalis.com\/tunisie\/#\/schema\/logo\/image\/\"},\"sameAs\":[\"https:\/\/www.facebook.com\/KapitalisInfo\/\",\"https:\/\/x.com\/KapitalisInfo\",\"https:\/\/www.youtube.com\/channel\/UC-yDYrHyfFBWWZaOw3FPg9Q\"]},{\"@type\":\"Person\",\"@id\":\"https:\/\/kapitalis.com\/tunisie\/#\/schema\/person\/d71f33a9ca44f7bad4698210b480c8e9\",\"name\":\"webmaster kapitalis\",\"url\":\"https:\/\/kapitalis.com\/tunisie\/author\/webmaster-kapitalis\/\"}]}<\/script>\n<!-- \/ Yoast SEO plugin. -->","yoast_head_json":{"title":"Alaeddine Marzouki confirme des contacts avec l\u2019Esp\u00e9rance - Kapitalis","robots":{"index":"index","follow":"follow","max-snippet":"max-snippet:-1","max-image-preview":"max-image-preview:large","max-video-preview":"max-video-preview:-1"},"canonical":"https:\/\/kapitalis.com\/tunisie\/2018\/05\/24\/alaeddine-marzouki-confirme-des-contacts-avec-lesperance\/","og_locale":"fr_FR","og_type":"article","og_title":"Alaeddine Marzouki confirme des contacts avec l\u2019Esp\u00e9rance - Kapitalis","og_description":"L\u2019attaquant Club sportif sfaxien (CSS), Alaeddine Marzouki, a confirm\u00e9 avoir \u00e9t\u00e9 contact\u00e9 officiellement par l\u2019Esp\u00e9rance sportive de Tunis (EST), qui cherche \u00e0 renforcer son effectif en pr\u00e9vision des dures \u00e9preuves de la Ligue des champions d\u2019Afrique.","og_url":"https:\/\/kapitalis.com\/tunisie\/2018\/05\/24\/alaeddine-marzouki-confirme-des-contacts-avec-lesperance\/","og_site_name":"Kapitalis","article_publisher":"https:\/\/www.facebook.com\/KapitalisInfo\/","article_published_time":"2018-05-24T10:53:28+00:00","og_image":[{"width":1200,"height":630,"url":"https:\/\/kapitalis.com\/tunisie\/wp-content\/uploads\/2022\/05\/kapitalis-logo-fb.png","type":"image\/png"}],"author":"webmaster kapitalis","twitter_card":"summary_large_image","twitter_creator":"@KapitalisInfo","twitter_site":"@KapitalisInfo","twitter_misc":{"\u00c9crit par":"webmaster kapitalis","Dur\u00e9e de lecture estim\u00e9e":"1 minute"},"schema":{"@context":"https:\/\/schema.org","@graph":[{"@type":"Article","@id":"https:\/\/kapitalis.com\/tunisie\/2018\/05\/24\/alaeddine-marzouki-confirme-des-contacts-avec-lesperance\/#article","isPartOf":{"@id":"https:\/\/kapitalis.com\/tunisie\/2018\/05\/24\/alaeddine-marzouki-confirme-des-contacts-avec-lesperance\/"},"author":{"name":"webmaster kapitalis","@id":"https:\/\/kapitalis.com\/tunisie\/#\/schema\/person\/d71f33a9ca44f7bad4698210b480c8e9"},"headline":"Alaeddine Marzouki confirme des contacts avec l\u2019Esp\u00e9rance","datePublished":"2018-05-24T10:53:28+00:00","mainEntityOfPage":{"@id":"https:\/\/kapitalis.com\/tunisie\/2018\/05\/24\/alaeddine-marzouki-confirme-des-contacts-avec-lesperance\/"},"wordCount":199,"commentCount":0,"publisher":{"@id":"https:\/\/kapitalis.com\/tunisie\/#organization"},"image":{"@id":"https:\/\/kapitalis.com\/tunisie\/2018\/05\/24\/alaeddine-marzouki-confirme-des-contacts-avec-lesperance\/#primaryimage"},"thumbnailUrl":"","keywords":["Alaeddine Marzouki","Club sportif sfaxien","Esp\u00e9rance sportive de Tunis","Kingsley Sokari","Ligue des champions d\u2019Afrique"],"articleSection":["SPORT","Tunisie"],"inLanguage":"fr-FR","potentialAction":[{"@type":"CommentAction","name":"Comment","target":["https:\/\/kapitalis.com\/tunisie\/2018\/05\/24\/alaeddine-marzouki-confirme-des-contacts-avec-lesperance\/#respond"]}]},{"@type":"WebPage","@id":"https:\/\/kapitalis.com\/tunisie\/2018\/05\/24\/alaeddine-marzouki-confirme-des-contacts-avec-lesperance\/","url":"https:\/\/kapitalis.com\/tunisie\/2018\/05\/24\/alaeddine-marzouki-confirme-des-contacts-avec-lesperance\/","name":"Alaeddine Marzouki confirme des contacts avec l\u2019Esp\u00e9rance - Kapitalis","isPartOf":{"@id":"https:\/\/kapitalis.com\/tunisie\/#website"},"primaryImageOfPage":{"@id":"https:\/\/kapitalis.com\/tunisie\/2018\/05\/24\/alaeddine-marzouki-confirme-des-contacts-avec-lesperance\/#primaryimage"},"image":{"@id":"https:\/\/kapitalis.com\/tunisie\/2018\/05\/24\/alaeddine-marzouki-confirme-des-contacts-avec-lesperance\/#primaryimage"},"thumbnailUrl":"","datePublished":"2018-05-24T10:53:28+00:00","breadcrumb":{"@id":"https:\/\/kapitalis.com\/tunisie\/2018\/05\/24\/alaeddine-marzouki-confirme-des-contacts-avec-lesperance\/#breadcrumb"},"inLanguage":"fr-FR","potentialAction":[{"@type":"ReadAction","target":["https:\/\/kapitalis.com\/tunisie\/2018\/05\/24\/alaeddine-marzouki-confirme-des-contacts-avec-lesperance\/"]}]},{"@type":"ImageObject","inLanguage":"fr-FR","@id":"https:\/\/kapitalis.com\/tunisie\/2018\/05\/24\/alaeddine-marzouki-confirme-des-contacts-avec-lesperance\/#primaryimage","url":"","contentUrl":""},{"@type":"BreadcrumbList","@id":"https:\/\/kapitalis.com\/tunisie\/2018\/05\/24\/alaeddine-marzouki-confirme-des-contacts-avec-lesperance\/#breadcrumb","itemListElement":[{"@type":"ListItem","position":1,"name":"Accueil","item":"https:\/\/kapitalis.com\/tunisie\/"},{"@type":"ListItem","position":2,"name":"Alaeddine Marzouki confirme des contacts avec l\u2019Esp\u00e9rance"}]},{"@type":"WebSite","@id":"https:\/\/kapitalis.com\/tunisie\/#website","url":"https:\/\/kapitalis.com\/tunisie\/","name":"Kapitalis","description":"L&#039;actualit\u00e9 en Tunisie et dans le monde","publisher":{"@id":"https:\/\/kapitalis.com\/tunisie\/#organization"},"potentialAction":[{"@type":"SearchAction","target":{"@type":"EntryPoint","urlTemplate":"https:\/\/kapitalis.com\/tunisie\/?s={search_term_string}"},"query-input":{"@type":"PropertyValueSpecification","valueRequired":true,"valueName":"search_term_string"}}],"inLanguage":"fr-FR"},{"@type":"Organization","@id":"https:\/\/kapitalis.com\/tunisie\/#organization","name":"Kapitalis","url":"https:\/\/kapitalis.com\/tunisie\/","logo":{"@type":"ImageObject","inLanguage":"fr-FR","@id":"https:\/\/kapitalis.com\/tunisie\/#\/schema\/logo\/image\/","url":"https:\/\/kapitalis.com\/tunisie\/wp-content\/uploads\/2022\/05\/Kapitalis-big-size.png","contentUrl":"https:\/\/kapitalis.com\/tunisie\/wp-content\/uploads\/2022\/05\/Kapitalis-big-size.png","width":5000,"height":1500,"caption":"Kapitalis"},"image":{"@id":"https:\/\/kapitalis.com\/tunisie\/#\/schema\/logo\/image\/"},"sameAs":["https:\/\/www.facebook.com\/KapitalisInfo\/","https:\/\/x.com\/KapitalisInfo","https:\/\/www.youtube.com\/channel\/UC-yDYrHyfFBWWZaOw3FPg9Q"]},{"@type":"Person","@id":"https:\/\/kapitalis.com\/tunisie\/#\/schema\/person\/d71f33a9ca44f7bad4698210b480c8e9","name":"webmaster kapitalis","url":"https:\/\/kapitalis.com\/tunisie\/author\/webmaster-kapitalis\/"}]}},"_links":{"self":[{"href":"https:\/\/kapitalis.com\/tunisie\/wp-json\/wp\/v2\/posts\/155851","targetHints":{"allow":["GET"]}}],"collection":[{"href":"https:\/\/kapitalis.com\/tunisie\/wp-json\/wp\/v2\/posts"}],"about":[{"href":"https:\/\/kapitalis.com\/tunisie\/wp-json\/wp\/v2\/types\/post"}],"author":[{"embeddable":true,"href":"https:\/\/kapitalis.com\/tunisie\/wp-json\/wp\/v2\/users\/8"}],"replies":[{"embeddable":true,"href":"https:\/\/kapitalis.com\/tunisie\/wp-json\/wp\/v2\/comments?post=155851"}],"version-history":[{"count":0,"href":"https:\/\/kapitalis.com\/tunisie\/wp-json\/wp\/v2\/posts\/155851\/revisions"}],"wp:featuredmedia":[{"embeddable":true,"href":"https:\/\/kapitalis.com\/tunisie\/wp-json\/wp\/v2\/media\/155852"}],"wp:attachment":[{"href":"https:\/\/kapitalis.com\/tunisie\/wp-json\/wp\/v2\/media?parent=155851"}],"wp:term":[{"taxonomy":"category","embeddable":true,"href":"https:\/\/kapitalis.com\/tunisie\/wp-json\/wp\/v2\/categories?post=155851"},{"taxonomy":"post_tag","embeddable":true,"href":"https:\/\/kapitalis.com\/tunisie\/wp-json\/wp\/v2\/tags?post=155851"}],"curies":[{"name":"wp","href":"https:\/\/api.w.org\/{rel}","templated":true}]}}