{"id":155876,"date":"2018-05-24T13:35:42","date_gmt":"2018-05-24T12:35:42","guid":{"rendered":"http:\/\/kapitalis.com\/tunisie\/?p=155876"},"modified":"2018-05-24T13:35:42","modified_gmt":"2018-05-24T12:35:42","slug":"italie-ayari-un-detenu-radical-tunisien-fuit-dune-prison-de-milan","status":"publish","type":"post","link":"https:\/\/kapitalis.com\/tunisie\/2018\/05\/24\/italie-ayari-un-detenu-radical-tunisien-fuit-dune-prison-de-milan\/","title":{"rendered":"Italie : Ayari, un d\u00e9tenu radical tunisien, fuit d\u2019une prison de Milan"},"content":{"rendered":"<p style=\"text-align: center;\"><img loading=\"lazy\" decoding=\"async\" class=\"alignnone size-full wp-image-155885\" src=\"http:\/\/kapitalis.com\/tunisie\/wp-content\/uploads\/2018\/05\/Italie-Milan-Mohamed-Ayari-fuite-prison.jpg\" alt=\"\" width=\"626\" height=\"380\" \/><\/p>\n<p style=\"text-align: center;\"><em>Photo du\u00a0 d\u00e9partement de l&rsquo;administration p\u00e9nitentiaire.<\/em><\/p>\n<p><em><strong>Mohamed Ayari, surnomm\u00e9 \u00ab\u00a0l\u2019imam\u00a0\u00bb pour s\u2019\u00eatre radicalis\u00e9 derri\u00e8re les barreaux, est activement recherch\u00e9 par la police italienne apr\u00e8s avoir fui de prison dans la nuit du 22 au 23 mai 2018. Sa fuite a \u00e9t\u00e9 minutieusement pr\u00e9par\u00e9e\u2026<\/strong><\/em><!--more--><\/p>\n<p>L&rsquo;autorit\u00e9 p\u00e9nitentiaire italienne a lanc\u00e9, aujourd&rsquo;hui, jeudi 24 mai, un avis de recherche contre ce Tunisien de 43 ans, r\u00e9cemment condamn\u00e9 \u00e0 7 ans de prison ferme pour trafic de coca\u00efne et qui a pu s\u2019\u00e9chapper en simulant une tentative de suicide, le 18 mai dernier.<\/p>\n<p><em>\u00ab\u00a0L\u2019imam\u00a0\u00bb<\/em>, qui a aval\u00e9 une lame de rasoir, a \u00e9t\u00e9 transport\u00e9 \u00e0 l\u2019h\u00f4pital o\u00f9 il a \u00e9chapp\u00e9 \u00e0 la vigilance de 3 agents cens\u00e9s\u00a0le surveiller de pr\u00e8s, d&rsquo;autant qu&rsquo;il avait d\u00e9j\u00e0 tent\u00e9 de prendre la poudre d&rsquo;escampette.<\/p>\n<p>L\u2019ex-\u00e9pouse du fugitif a \u00e9t\u00e9 plac\u00e9e sous protection polici\u00e8re car le couple \u00e9tait en conflit pour un probl\u00e8me de garde d&rsquo;enfant et Mohamed Ayari a d\u00e9j\u00e0 menac\u00e9 la m\u00e8re de lui prendre sa fille.<\/p>\n<p style=\"text-align: right;\"><strong>Y. N.<\/strong><\/p>\n","protected":false},"excerpt":{"rendered":"<p>Photo du\u00a0 d\u00e9partement de l&rsquo;administration p\u00e9nitentiaire. Mohamed Ayari, surnomm\u00e9 \u00ab\u00a0l\u2019imam\u00a0\u00bb pour s\u2019\u00eatre radicalis\u00e9 derri\u00e8re les barreaux, est activement recherch\u00e9 par la police italienne apr\u00e8s avoir fui de prison dans la nuit du 22 au 23 mai 2018. Sa fuite a \u00e9t\u00e9 minutieusement pr\u00e9par\u00e9e\u2026<\/p>\n","protected":false},"author":6,"featured_media":155885,"comment_status":"open","ping_status":"open","sticky":false,"template":"","format":"standard","meta":{"footnotes":""},"categories":[998,2433],"tags":[1552,2282,2898,505,2202,5885,931],"class_list":["post-155876","post","type-post","status-publish","format-standard","has-post-thumbnail","hentry","category-societe","category-tunisie","tag-avis-de-recherche","tag-detenu","tag-imam","tag-italie","tag-milan","tag-radical","tag-tunisien"],"yoast_head":"<!-- This site is optimized with the Yoast SEO plugin v26.6 - https:\/\/yoast.com\/wordpress\/plugins\/seo\/ -->\n<title>Italie : Ayari, un d\u00e9tenu radical tunisien, fuit d\u2019une prison de Milan - Kapitalis<\/title>\n<meta name=\"robots\" content=\"index, follow, max-snippet:-1, max-image-preview:large, max-video-preview:-1\" \/>\n<link rel=\"canonical\" href=\"https:\/\/kapitalis.com\/tunisie\/2018\/05\/24\/italie-ayari-un-detenu-radical-tunisien-fuit-dune-prison-de-milan\/\" \/>\n<meta property=\"og:locale\" content=\"fr_FR\" \/>\n<meta property=\"og:type\" content=\"article\" \/>\n<meta property=\"og:title\" content=\"Italie : Ayari, un d\u00e9tenu radical tunisien, fuit d\u2019une prison de Milan - Kapitalis\" \/>\n<meta property=\"og:description\" content=\"Photo du\u00a0 d\u00e9partement de l&rsquo;administration p\u00e9nitentiaire. Mohamed Ayari, surnomm\u00e9 \u00ab\u00a0l\u2019imam\u00a0\u00bb pour s\u2019\u00eatre radicalis\u00e9 derri\u00e8re les barreaux, est activement recherch\u00e9 par la police italienne apr\u00e8s avoir fui de prison dans la nuit du 22 au 23 mai 2018. Sa fuite a \u00e9t\u00e9 minutieusement pr\u00e9par\u00e9e\u2026\" \/>\n<meta property=\"og:url\" content=\"https:\/\/kapitalis.com\/tunisie\/2018\/05\/24\/italie-ayari-un-detenu-radical-tunisien-fuit-dune-prison-de-milan\/\" \/>\n<meta property=\"og:site_name\" content=\"Kapitalis\" \/>\n<meta property=\"article:publisher\" content=\"https:\/\/www.facebook.com\/KapitalisInfo\/\" \/>\n<meta property=\"article:published_time\" content=\"2018-05-24T12:35:42+00:00\" \/>\n<meta property=\"og:image\" content=\"https:\/\/kapitalis.com\/tunisie\/wp-content\/uploads\/2022\/05\/kapitalis-logo-fb.png\" \/>\n\t<meta property=\"og:image:width\" content=\"1200\" \/>\n\t<meta property=\"og:image:height\" content=\"630\" \/>\n\t<meta property=\"og:image:type\" content=\"image\/png\" \/>\n<meta name=\"author\" content=\"Yusra NY\" \/>\n<meta name=\"twitter:card\" content=\"summary_large_image\" \/>\n<meta name=\"twitter:creator\" content=\"@KapitalisInfo\" \/>\n<meta name=\"twitter:site\" content=\"@KapitalisInfo\" \/>\n<meta name=\"twitter:label1\" content=\"\u00c9crit par\" \/>\n\t<meta name=\"twitter:data1\" content=\"Yusra NY\" \/>\n\t<meta name=\"twitter:label2\" content=\"Dur\u00e9e de lecture estim\u00e9e\" \/>\n\t<meta name=\"twitter:data2\" content=\"1 minute\" \/>\n<script type=\"application\/ld+json\" class=\"yoast-schema-graph\">{\"@context\":\"https:\/\/schema.org\",\"@graph\":[{\"@type\":\"Article\",\"@id\":\"https:\/\/kapitalis.com\/tunisie\/2018\/05\/24\/italie-ayari-un-detenu-radical-tunisien-fuit-dune-prison-de-milan\/#article\",\"isPartOf\":{\"@id\":\"https:\/\/kapitalis.com\/tunisie\/2018\/05\/24\/italie-ayari-un-detenu-radical-tunisien-fuit-dune-prison-de-milan\/\"},\"author\":{\"name\":\"Yusra NY\",\"@id\":\"https:\/\/kapitalis.com\/tunisie\/#\/schema\/person\/74bbde0154d49d790a92aaeac5bc01d5\"},\"headline\":\"Italie : Ayari, un d\u00e9tenu radical tunisien, fuit d\u2019une prison de Milan\",\"datePublished\":\"2018-05-24T12:35:42+00:00\",\"mainEntityOfPage\":{\"@id\":\"https:\/\/kapitalis.com\/tunisie\/2018\/05\/24\/italie-ayari-un-detenu-radical-tunisien-fuit-dune-prison-de-milan\/\"},\"wordCount\":190,\"commentCount\":3,\"publisher\":{\"@id\":\"https:\/\/kapitalis.com\/tunisie\/#organization\"},\"image\":{\"@id\":\"https:\/\/kapitalis.com\/tunisie\/2018\/05\/24\/italie-ayari-un-detenu-radical-tunisien-fuit-dune-prison-de-milan\/#primaryimage\"},\"thumbnailUrl\":\"\",\"keywords\":[\"avis de recherche\",\"d\u00e9tenu\",\"imam\",\"Italie\",\"Milan\",\"radical\",\"Tunisien\"],\"articleSection\":[\"SOCIETE\",\"Tunisie\"],\"inLanguage\":\"fr-FR\",\"potentialAction\":[{\"@type\":\"CommentAction\",\"name\":\"Comment\",\"target\":[\"https:\/\/kapitalis.com\/tunisie\/2018\/05\/24\/italie-ayari-un-detenu-radical-tunisien-fuit-dune-prison-de-milan\/#respond\"]}]},{\"@type\":\"WebPage\",\"@id\":\"https:\/\/kapitalis.com\/tunisie\/2018\/05\/24\/italie-ayari-un-detenu-radical-tunisien-fuit-dune-prison-de-milan\/\",\"url\":\"https:\/\/kapitalis.com\/tunisie\/2018\/05\/24\/italie-ayari-un-detenu-radical-tunisien-fuit-dune-prison-de-milan\/\",\"name\":\"Italie : Ayari, un d\u00e9tenu radical tunisien, fuit d\u2019une prison de Milan - Kapitalis\",\"isPartOf\":{\"@id\":\"https:\/\/kapitalis.com\/tunisie\/#website\"},\"primaryImageOfPage\":{\"@id\":\"https:\/\/kapitalis.com\/tunisie\/2018\/05\/24\/italie-ayari-un-detenu-radical-tunisien-fuit-dune-prison-de-milan\/#primaryimage\"},\"image\":{\"@id\":\"https:\/\/kapitalis.com\/tunisie\/2018\/05\/24\/italie-ayari-un-detenu-radical-tunisien-fuit-dune-prison-de-milan\/#primaryimage\"},\"thumbnailUrl\":\"\",\"datePublished\":\"2018-05-24T12:35:42+00:00\",\"breadcrumb\":{\"@id\":\"https:\/\/kapitalis.com\/tunisie\/2018\/05\/24\/italie-ayari-un-detenu-radical-tunisien-fuit-dune-prison-de-milan\/#breadcrumb\"},\"inLanguage\":\"fr-FR\",\"potentialAction\":[{\"@type\":\"ReadAction\",\"target\":[\"https:\/\/kapitalis.com\/tunisie\/2018\/05\/24\/italie-ayari-un-detenu-radical-tunisien-fuit-dune-prison-de-milan\/\"]}]},{\"@type\":\"ImageObject\",\"inLanguage\":\"fr-FR\",\"@id\":\"https:\/\/kapitalis.com\/tunisie\/2018\/05\/24\/italie-ayari-un-detenu-radical-tunisien-fuit-dune-prison-de-milan\/#primaryimage\",\"url\":\"\",\"contentUrl\":\"\"},{\"@type\":\"BreadcrumbList\",\"@id\":\"https:\/\/kapitalis.com\/tunisie\/2018\/05\/24\/italie-ayari-un-detenu-radical-tunisien-fuit-dune-prison-de-milan\/#breadcrumb\",\"itemListElement\":[{\"@type\":\"ListItem\",\"position\":1,\"name\":\"Accueil\",\"item\":\"https:\/\/kapitalis.com\/tunisie\/\"},{\"@type\":\"ListItem\",\"position\":2,\"name\":\"Italie : Ayari, un d\u00e9tenu radical tunisien, fuit d\u2019une prison de Milan\"}]},{\"@type\":\"WebSite\",\"@id\":\"https:\/\/kapitalis.com\/tunisie\/#website\",\"url\":\"https:\/\/kapitalis.com\/tunisie\/\",\"name\":\"Kapitalis\",\"description\":\"L&#039;actualit\u00e9 en Tunisie et dans le monde\",\"publisher\":{\"@id\":\"https:\/\/kapitalis.com\/tunisie\/#organization\"},\"potentialAction\":[{\"@type\":\"SearchAction\",\"target\":{\"@type\":\"EntryPoint\",\"urlTemplate\":\"https:\/\/kapitalis.com\/tunisie\/?s={search_term_string}\"},\"query-input\":{\"@type\":\"PropertyValueSpecification\",\"valueRequired\":true,\"valueName\":\"search_term_string\"}}],\"inLanguage\":\"fr-FR\"},{\"@type\":\"Organization\",\"@id\":\"https:\/\/kapitalis.com\/tunisie\/#organization\",\"name\":\"Kapitalis\",\"url\":\"https:\/\/kapitalis.com\/tunisie\/\",\"logo\":{\"@type\":\"ImageObject\",\"inLanguage\":\"fr-FR\",\"@id\":\"https:\/\/kapitalis.com\/tunisie\/#\/schema\/logo\/image\/\",\"url\":\"https:\/\/kapitalis.com\/tunisie\/wp-content\/uploads\/2022\/05\/Kapitalis-big-size.png\",\"contentUrl\":\"https:\/\/kapitalis.com\/tunisie\/wp-content\/uploads\/2022\/05\/Kapitalis-big-size.png\",\"width\":5000,\"height\":1500,\"caption\":\"Kapitalis\"},\"image\":{\"@id\":\"https:\/\/kapitalis.com\/tunisie\/#\/schema\/logo\/image\/\"},\"sameAs\":[\"https:\/\/www.facebook.com\/KapitalisInfo\/\",\"https:\/\/x.com\/KapitalisInfo\",\"https:\/\/www.youtube.com\/channel\/UC-yDYrHyfFBWWZaOw3FPg9Q\"]},{\"@type\":\"Person\",\"@id\":\"https:\/\/kapitalis.com\/tunisie\/#\/schema\/person\/74bbde0154d49d790a92aaeac5bc01d5\",\"name\":\"Yusra NY\",\"url\":\"https:\/\/kapitalis.com\/tunisie\/author\/yuza_adam\/\"}]}<\/script>\n<!-- \/ Yoast SEO plugin. -->","yoast_head_json":{"title":"Italie : Ayari, un d\u00e9tenu radical tunisien, fuit d\u2019une prison de Milan - Kapitalis","robots":{"index":"index","follow":"follow","max-snippet":"max-snippet:-1","max-image-preview":"max-image-preview:large","max-video-preview":"max-video-preview:-1"},"canonical":"https:\/\/kapitalis.com\/tunisie\/2018\/05\/24\/italie-ayari-un-detenu-radical-tunisien-fuit-dune-prison-de-milan\/","og_locale":"fr_FR","og_type":"article","og_title":"Italie : Ayari, un d\u00e9tenu radical tunisien, fuit d\u2019une prison de Milan - Kapitalis","og_description":"Photo du\u00a0 d\u00e9partement de l&rsquo;administration p\u00e9nitentiaire. Mohamed Ayari, surnomm\u00e9 \u00ab\u00a0l\u2019imam\u00a0\u00bb pour s\u2019\u00eatre radicalis\u00e9 derri\u00e8re les barreaux, est activement recherch\u00e9 par la police italienne apr\u00e8s avoir fui de prison dans la nuit du 22 au 23 mai 2018. Sa fuite a \u00e9t\u00e9 minutieusement pr\u00e9par\u00e9e\u2026","og_url":"https:\/\/kapitalis.com\/tunisie\/2018\/05\/24\/italie-ayari-un-detenu-radical-tunisien-fuit-dune-prison-de-milan\/","og_site_name":"Kapitalis","article_publisher":"https:\/\/www.facebook.com\/KapitalisInfo\/","article_published_time":"2018-05-24T12:35:42+00:00","og_image":[{"width":1200,"height":630,"url":"https:\/\/kapitalis.com\/tunisie\/wp-content\/uploads\/2022\/05\/kapitalis-logo-fb.png","type":"image\/png"}],"author":"Yusra NY","twitter_card":"summary_large_image","twitter_creator":"@KapitalisInfo","twitter_site":"@KapitalisInfo","twitter_misc":{"\u00c9crit par":"Yusra NY","Dur\u00e9e de lecture estim\u00e9e":"1 minute"},"schema":{"@context":"https:\/\/schema.org","@graph":[{"@type":"Article","@id":"https:\/\/kapitalis.com\/tunisie\/2018\/05\/24\/italie-ayari-un-detenu-radical-tunisien-fuit-dune-prison-de-milan\/#article","isPartOf":{"@id":"https:\/\/kapitalis.com\/tunisie\/2018\/05\/24\/italie-ayari-un-detenu-radical-tunisien-fuit-dune-prison-de-milan\/"},"author":{"name":"Yusra NY","@id":"https:\/\/kapitalis.com\/tunisie\/#\/schema\/person\/74bbde0154d49d790a92aaeac5bc01d5"},"headline":"Italie : Ayari, un d\u00e9tenu radical tunisien, fuit d\u2019une prison de Milan","datePublished":"2018-05-24T12:35:42+00:00","mainEntityOfPage":{"@id":"https:\/\/kapitalis.com\/tunisie\/2018\/05\/24\/italie-ayari-un-detenu-radical-tunisien-fuit-dune-prison-de-milan\/"},"wordCount":190,"commentCount":3,"publisher":{"@id":"https:\/\/kapitalis.com\/tunisie\/#organization"},"image":{"@id":"https:\/\/kapitalis.com\/tunisie\/2018\/05\/24\/italie-ayari-un-detenu-radical-tunisien-fuit-dune-prison-de-milan\/#primaryimage"},"thumbnailUrl":"","keywords":["avis de recherche","d\u00e9tenu","imam","Italie","Milan","radical","Tunisien"],"articleSection":["SOCIETE","Tunisie"],"inLanguage":"fr-FR","potentialAction":[{"@type":"CommentAction","name":"Comment","target":["https:\/\/kapitalis.com\/tunisie\/2018\/05\/24\/italie-ayari-un-detenu-radical-tunisien-fuit-dune-prison-de-milan\/#respond"]}]},{"@type":"WebPage","@id":"https:\/\/kapitalis.com\/tunisie\/2018\/05\/24\/italie-ayari-un-detenu-radical-tunisien-fuit-dune-prison-de-milan\/","url":"https:\/\/kapitalis.com\/tunisie\/2018\/05\/24\/italie-ayari-un-detenu-radical-tunisien-fuit-dune-prison-de-milan\/","name":"Italie : Ayari, un d\u00e9tenu radical tunisien, fuit d\u2019une prison de Milan - Kapitalis","isPartOf":{"@id":"https:\/\/kapitalis.com\/tunisie\/#website"},"primaryImageOfPage":{"@id":"https:\/\/kapitalis.com\/tunisie\/2018\/05\/24\/italie-ayari-un-detenu-radical-tunisien-fuit-dune-prison-de-milan\/#primaryimage"},"image":{"@id":"https:\/\/kapitalis.com\/tunisie\/2018\/05\/24\/italie-ayari-un-detenu-radical-tunisien-fuit-dune-prison-de-milan\/#primaryimage"},"thumbnailUrl":"","datePublished":"2018-05-24T12:35:42+00:00","breadcrumb":{"@id":"https:\/\/kapitalis.com\/tunisie\/2018\/05\/24\/italie-ayari-un-detenu-radical-tunisien-fuit-dune-prison-de-milan\/#breadcrumb"},"inLanguage":"fr-FR","potentialAction":[{"@type":"ReadAction","target":["https:\/\/kapitalis.com\/tunisie\/2018\/05\/24\/italie-ayari-un-detenu-radical-tunisien-fuit-dune-prison-de-milan\/"]}]},{"@type":"ImageObject","inLanguage":"fr-FR","@id":"https:\/\/kapitalis.com\/tunisie\/2018\/05\/24\/italie-ayari-un-detenu-radical-tunisien-fuit-dune-prison-de-milan\/#primaryimage","url":"","contentUrl":""},{"@type":"BreadcrumbList","@id":"https:\/\/kapitalis.com\/tunisie\/2018\/05\/24\/italie-ayari-un-detenu-radical-tunisien-fuit-dune-prison-de-milan\/#breadcrumb","itemListElement":[{"@type":"ListItem","position":1,"name":"Accueil","item":"https:\/\/kapitalis.com\/tunisie\/"},{"@type":"ListItem","position":2,"name":"Italie : Ayari, un d\u00e9tenu radical tunisien, fuit d\u2019une prison de Milan"}]},{"@type":"WebSite","@id":"https:\/\/kapitalis.com\/tunisie\/#website","url":"https:\/\/kapitalis.com\/tunisie\/","name":"Kapitalis","description":"L&#039;actualit\u00e9 en Tunisie et dans le monde","publisher":{"@id":"https:\/\/kapitalis.com\/tunisie\/#organization"},"potentialAction":[{"@type":"SearchAction","target":{"@type":"EntryPoint","urlTemplate":"https:\/\/kapitalis.com\/tunisie\/?s={search_term_string}"},"query-input":{"@type":"PropertyValueSpecification","valueRequired":true,"valueName":"search_term_string"}}],"inLanguage":"fr-FR"},{"@type":"Organization","@id":"https:\/\/kapitalis.com\/tunisie\/#organization","name":"Kapitalis","url":"https:\/\/kapitalis.com\/tunisie\/","logo":{"@type":"ImageObject","inLanguage":"fr-FR","@id":"https:\/\/kapitalis.com\/tunisie\/#\/schema\/logo\/image\/","url":"https:\/\/kapitalis.com\/tunisie\/wp-content\/uploads\/2022\/05\/Kapitalis-big-size.png","contentUrl":"https:\/\/kapitalis.com\/tunisie\/wp-content\/uploads\/2022\/05\/Kapitalis-big-size.png","width":5000,"height":1500,"caption":"Kapitalis"},"image":{"@id":"https:\/\/kapitalis.com\/tunisie\/#\/schema\/logo\/image\/"},"sameAs":["https:\/\/www.facebook.com\/KapitalisInfo\/","https:\/\/x.com\/KapitalisInfo","https:\/\/www.youtube.com\/channel\/UC-yDYrHyfFBWWZaOw3FPg9Q"]},{"@type":"Person","@id":"https:\/\/kapitalis.com\/tunisie\/#\/schema\/person\/74bbde0154d49d790a92aaeac5bc01d5","name":"Yusra NY","url":"https:\/\/kapitalis.com\/tunisie\/author\/yuza_adam\/"}]}},"_links":{"self":[{"href":"https:\/\/kapitalis.com\/tunisie\/wp-json\/wp\/v2\/posts\/155876","targetHints":{"allow":["GET"]}}],"collection":[{"href":"https:\/\/kapitalis.com\/tunisie\/wp-json\/wp\/v2\/posts"}],"about":[{"href":"https:\/\/kapitalis.com\/tunisie\/wp-json\/wp\/v2\/types\/post"}],"author":[{"embeddable":true,"href":"https:\/\/kapitalis.com\/tunisie\/wp-json\/wp\/v2\/users\/6"}],"replies":[{"embeddable":true,"href":"https:\/\/kapitalis.com\/tunisie\/wp-json\/wp\/v2\/comments?post=155876"}],"version-history":[{"count":0,"href":"https:\/\/kapitalis.com\/tunisie\/wp-json\/wp\/v2\/posts\/155876\/revisions"}],"wp:featuredmedia":[{"embeddable":true,"href":"https:\/\/kapitalis.com\/tunisie\/wp-json\/wp\/v2\/media\/155885"}],"wp:attachment":[{"href":"https:\/\/kapitalis.com\/tunisie\/wp-json\/wp\/v2\/media?parent=155876"}],"wp:term":[{"taxonomy":"category","embeddable":true,"href":"https:\/\/kapitalis.com\/tunisie\/wp-json\/wp\/v2\/categories?post=155876"},{"taxonomy":"post_tag","embeddable":true,"href":"https:\/\/kapitalis.com\/tunisie\/wp-json\/wp\/v2\/tags?post=155876"}],"curies":[{"name":"wp","href":"https:\/\/api.w.org\/{rel}","templated":true}]}}