{"id":15594186,"date":"2025-02-19T20:12:59","date_gmt":"2025-02-19T19:12:59","guid":{"rendered":"https:\/\/kapitalis.com\/tunisie\/?p=15594186"},"modified":"2025-02-19T20:30:19","modified_gmt":"2025-02-19T19:30:19","slug":"tunisie-le-pdl-annonce-une-greve-de-la-faim-collective-et-un-sit-in-a-son-siege","status":"publish","type":"post","link":"https:\/\/kapitalis.com\/tunisie\/2025\/02\/19\/tunisie-le-pdl-annonce-une-greve-de-la-faim-collective-et-un-sit-in-a-son-siege\/","title":{"rendered":"Tunisie | Le PDL annonce une gr\u00e8ve de la faim collective et un sit-in \u00e0 son si\u00e8ge"},"content":{"rendered":"\n<p><strong><em>Le Parti destourien libre (PDL) a d\u00e9cid\u00e9 d&rsquo;entamer une gr\u00e8ve de la faim collective et d&rsquo;observer un sit-in ouvert \u00e0 son si\u00e8ge \u00e0 partir de ce mercredi 19 f\u00e9vrier 2025, et ce en soutien \u00e0 sa pr\u00e9sidente Abir Moussi.<\/em><\/strong><\/p>\n\n\n\n<!--more-->\n\n\n\n<p>Dans son communiqu\u00e9, le PDL affirme que ce mouvement vise \u00e0 d\u00e9noncer \u00ab<em>les abus et les violations de l&rsquo;administration de la prison civile pour femmes de Manouba contre Abir Moussi et suite \u00e0 son transfert arbitraire \u00e0 la prison de Belli, par la force, sans aucune proc\u00e9dure administrative ni juridique<\/em>\u00bb.<\/p>\n\n\n\n<p>Le PDL pointe du doigt la gravit\u00e9 de tels pratiques et affirme qu&rsquo;Abir Moussi est victime d&rsquo;abus et fait face \u00e0 des proc\u00e8s politiques, ce qui l&rsquo;a pouss\u00e9e \u00e0 observer une gr\u00e8ve de la faim sauvage depuis le 12 f\u00e9vrier.<\/p>\n\n\n\n<p>Dans son communiqu\u00e9, le PDL a par ailleurs ajout\u00e9 avoir charg\u00e9 le comit\u00e9 de d\u00e9fense de demander \u00e0 Abir Moussi de lever sa gr\u00e8ve de la faim, tout en appelant \u00ab<em> toutes les forces vives du pays \u00e0 s&rsquo;unir contre la tyrannie, l&rsquo;injustice et la violation des droits et des libert\u00e9s<\/em>\u00bb.<\/p>\n\n\n\n<p class=\"has-text-align-right\"><strong>Y. N.<\/strong><\/p>\n","protected":false},"excerpt":{"rendered":"<p>Le Parti destourien libre (PDL) a d\u00e9cid\u00e9 d&rsquo;entamer une gr\u00e8ve de la faim collective et d&rsquo;observer un sit-in ouvert \u00e0 son si\u00e8ge \u00e0 partir de ce mercredi 19 f\u00e9vrier 2025, et ce en soutien \u00e0 sa pr\u00e9sidente Abir Moussi.<\/p>\n","protected":false},"author":6,"featured_media":811349,"comment_status":"open","ping_status":"open","sticky":false,"template":"","format":"standard","meta":{"footnotes":""},"categories":[997,2433],"tags":[15144,73027,33536,62643],"class_list":["post-15594186","post","type-post","status-publish","format-standard","has-post-thumbnail","hentry","category-politique","category-tunisie","tag-abir-moussi","tag-parti-destourien","tag-pdl","tag-tunisie"],"yoast_head":"<!-- This site is optimized with the Yoast SEO plugin v26.6 - https:\/\/yoast.com\/wordpress\/plugins\/seo\/ -->\n<title>Tunisie | Le PDL annonce une gr\u00e8ve de la faim collective et un sit-in \u00e0 son si\u00e8ge - Kapitalis<\/title>\n<meta name=\"robots\" content=\"index, follow, max-snippet:-1, max-image-preview:large, max-video-preview:-1\" \/>\n<link rel=\"canonical\" href=\"https:\/\/kapitalis.com\/tunisie\/2025\/02\/19\/tunisie-le-pdl-annonce-une-greve-de-la-faim-collective-et-un-sit-in-a-son-siege\/\" \/>\n<meta property=\"og:locale\" content=\"fr_FR\" \/>\n<meta property=\"og:type\" content=\"article\" \/>\n<meta property=\"og:title\" content=\"Tunisie | Le PDL annonce une gr\u00e8ve de la faim collective et un sit-in \u00e0 son si\u00e8ge - Kapitalis\" \/>\n<meta property=\"og:description\" content=\"Le Parti destourien libre (PDL) a d\u00e9cid\u00e9 d&rsquo;entamer une gr\u00e8ve de la faim collective et d&rsquo;observer un sit-in ouvert \u00e0 son si\u00e8ge \u00e0 partir de ce mercredi 19 f\u00e9vrier 2025, et ce en soutien \u00e0 sa pr\u00e9sidente Abir Moussi.\" \/>\n<meta property=\"og:url\" content=\"https:\/\/kapitalis.com\/tunisie\/2025\/02\/19\/tunisie-le-pdl-annonce-une-greve-de-la-faim-collective-et-un-sit-in-a-son-siege\/\" \/>\n<meta property=\"og:site_name\" content=\"Kapitalis\" \/>\n<meta property=\"article:publisher\" content=\"https:\/\/www.facebook.com\/KapitalisInfo\/\" \/>\n<meta property=\"article:published_time\" content=\"2025-02-19T19:12:59+00:00\" \/>\n<meta property=\"article:modified_time\" content=\"2025-02-19T19:30:19+00:00\" \/>\n<meta property=\"og:image\" content=\"https:\/\/kapitalis.com\/tunisie\/wp-content\/uploads\/2022\/05\/pdl.jpg\" \/>\n\t<meta property=\"og:image:width\" content=\"1200\" \/>\n\t<meta property=\"og:image:height\" content=\"630\" \/>\n\t<meta property=\"og:image:type\" content=\"image\/jpeg\" \/>\n<meta name=\"author\" content=\"Yusra NY\" \/>\n<meta name=\"twitter:card\" content=\"summary_large_image\" \/>\n<meta name=\"twitter:creator\" content=\"@KapitalisInfo\" \/>\n<meta name=\"twitter:site\" content=\"@KapitalisInfo\" \/>\n<meta name=\"twitter:label1\" content=\"\u00c9crit par\" \/>\n\t<meta name=\"twitter:data1\" content=\"Yusra NY\" \/>\n\t<meta name=\"twitter:label2\" content=\"Dur\u00e9e de lecture estim\u00e9e\" \/>\n\t<meta name=\"twitter:data2\" content=\"2 minutes\" \/>\n<script type=\"application\/ld+json\" class=\"yoast-schema-graph\">{\"@context\":\"https:\/\/schema.org\",\"@graph\":[{\"@type\":\"Article\",\"@id\":\"https:\/\/kapitalis.com\/tunisie\/2025\/02\/19\/tunisie-le-pdl-annonce-une-greve-de-la-faim-collective-et-un-sit-in-a-son-siege\/#article\",\"isPartOf\":{\"@id\":\"https:\/\/kapitalis.com\/tunisie\/2025\/02\/19\/tunisie-le-pdl-annonce-une-greve-de-la-faim-collective-et-un-sit-in-a-son-siege\/\"},\"author\":{\"name\":\"Yusra NY\",\"@id\":\"https:\/\/kapitalis.com\/tunisie\/#\/schema\/person\/74bbde0154d49d790a92aaeac5bc01d5\"},\"headline\":\"Tunisie | Le PDL annonce une gr\u00e8ve de la faim collective et un sit-in \u00e0 son si\u00e8ge\",\"datePublished\":\"2025-02-19T19:12:59+00:00\",\"dateModified\":\"2025-02-19T19:30:19+00:00\",\"mainEntityOfPage\":{\"@id\":\"https:\/\/kapitalis.com\/tunisie\/2025\/02\/19\/tunisie-le-pdl-annonce-une-greve-de-la-faim-collective-et-un-sit-in-a-son-siege\/\"},\"wordCount\":199,\"commentCount\":0,\"publisher\":{\"@id\":\"https:\/\/kapitalis.com\/tunisie\/#organization\"},\"image\":{\"@id\":\"https:\/\/kapitalis.com\/tunisie\/2025\/02\/19\/tunisie-le-pdl-annonce-une-greve-de-la-faim-collective-et-un-sit-in-a-son-siege\/#primaryimage\"},\"thumbnailUrl\":\"https:\/\/kapitalis.com\/tunisie\/wp-content\/uploads\/2022\/05\/pdl.jpg\",\"keywords\":[\"Abir Moussi\",\"parti destourien\",\"PDL\",\"Tunisie\"],\"articleSection\":[\"POLITIQUE\",\"Tunisie\"],\"inLanguage\":\"fr-FR\",\"potentialAction\":[{\"@type\":\"CommentAction\",\"name\":\"Comment\",\"target\":[\"https:\/\/kapitalis.com\/tunisie\/2025\/02\/19\/tunisie-le-pdl-annonce-une-greve-de-la-faim-collective-et-un-sit-in-a-son-siege\/#respond\"]}]},{\"@type\":\"WebPage\",\"@id\":\"https:\/\/kapitalis.com\/tunisie\/2025\/02\/19\/tunisie-le-pdl-annonce-une-greve-de-la-faim-collective-et-un-sit-in-a-son-siege\/\",\"url\":\"https:\/\/kapitalis.com\/tunisie\/2025\/02\/19\/tunisie-le-pdl-annonce-une-greve-de-la-faim-collective-et-un-sit-in-a-son-siege\/\",\"name\":\"Tunisie | Le PDL annonce une gr\u00e8ve de la faim collective et un sit-in \u00e0 son si\u00e8ge - Kapitalis\",\"isPartOf\":{\"@id\":\"https:\/\/kapitalis.com\/tunisie\/#website\"},\"primaryImageOfPage\":{\"@id\":\"https:\/\/kapitalis.com\/tunisie\/2025\/02\/19\/tunisie-le-pdl-annonce-une-greve-de-la-faim-collective-et-un-sit-in-a-son-siege\/#primaryimage\"},\"image\":{\"@id\":\"https:\/\/kapitalis.com\/tunisie\/2025\/02\/19\/tunisie-le-pdl-annonce-une-greve-de-la-faim-collective-et-un-sit-in-a-son-siege\/#primaryimage\"},\"thumbnailUrl\":\"https:\/\/kapitalis.com\/tunisie\/wp-content\/uploads\/2022\/05\/pdl.jpg\",\"datePublished\":\"2025-02-19T19:12:59+00:00\",\"dateModified\":\"2025-02-19T19:30:19+00:00\",\"breadcrumb\":{\"@id\":\"https:\/\/kapitalis.com\/tunisie\/2025\/02\/19\/tunisie-le-pdl-annonce-une-greve-de-la-faim-collective-et-un-sit-in-a-son-siege\/#breadcrumb\"},\"inLanguage\":\"fr-FR\",\"potentialAction\":[{\"@type\":\"ReadAction\",\"target\":[\"https:\/\/kapitalis.com\/tunisie\/2025\/02\/19\/tunisie-le-pdl-annonce-une-greve-de-la-faim-collective-et-un-sit-in-a-son-siege\/\"]}]},{\"@type\":\"ImageObject\",\"inLanguage\":\"fr-FR\",\"@id\":\"https:\/\/kapitalis.com\/tunisie\/2025\/02\/19\/tunisie-le-pdl-annonce-une-greve-de-la-faim-collective-et-un-sit-in-a-son-siege\/#primaryimage\",\"url\":\"https:\/\/kapitalis.com\/tunisie\/wp-content\/uploads\/2022\/05\/pdl.jpg\",\"contentUrl\":\"https:\/\/kapitalis.com\/tunisie\/wp-content\/uploads\/2022\/05\/pdl.jpg\",\"width\":1200,\"height\":630},{\"@type\":\"BreadcrumbList\",\"@id\":\"https:\/\/kapitalis.com\/tunisie\/2025\/02\/19\/tunisie-le-pdl-annonce-une-greve-de-la-faim-collective-et-un-sit-in-a-son-siege\/#breadcrumb\",\"itemListElement\":[{\"@type\":\"ListItem\",\"position\":1,\"name\":\"Accueil\",\"item\":\"https:\/\/kapitalis.com\/tunisie\/\"},{\"@type\":\"ListItem\",\"position\":2,\"name\":\"Tunisie | Le PDL annonce une gr\u00e8ve de la faim collective et un sit-in \u00e0 son si\u00e8ge\"}]},{\"@type\":\"WebSite\",\"@id\":\"https:\/\/kapitalis.com\/tunisie\/#website\",\"url\":\"https:\/\/kapitalis.com\/tunisie\/\",\"name\":\"Kapitalis\",\"description\":\"L&#039;actualit\u00e9 en Tunisie et dans le monde\",\"publisher\":{\"@id\":\"https:\/\/kapitalis.com\/tunisie\/#organization\"},\"potentialAction\":[{\"@type\":\"SearchAction\",\"target\":{\"@type\":\"EntryPoint\",\"urlTemplate\":\"https:\/\/kapitalis.com\/tunisie\/?s={search_term_string}\"},\"query-input\":{\"@type\":\"PropertyValueSpecification\",\"valueRequired\":true,\"valueName\":\"search_term_string\"}}],\"inLanguage\":\"fr-FR\"},{\"@type\":\"Organization\",\"@id\":\"https:\/\/kapitalis.com\/tunisie\/#organization\",\"name\":\"Kapitalis\",\"url\":\"https:\/\/kapitalis.com\/tunisie\/\",\"logo\":{\"@type\":\"ImageObject\",\"inLanguage\":\"fr-FR\",\"@id\":\"https:\/\/kapitalis.com\/tunisie\/#\/schema\/logo\/image\/\",\"url\":\"https:\/\/kapitalis.com\/tunisie\/wp-content\/uploads\/2022\/05\/Kapitalis-big-size.png\",\"contentUrl\":\"https:\/\/kapitalis.com\/tunisie\/wp-content\/uploads\/2022\/05\/Kapitalis-big-size.png\",\"width\":5000,\"height\":1500,\"caption\":\"Kapitalis\"},\"image\":{\"@id\":\"https:\/\/kapitalis.com\/tunisie\/#\/schema\/logo\/image\/\"},\"sameAs\":[\"https:\/\/www.facebook.com\/KapitalisInfo\/\",\"https:\/\/x.com\/KapitalisInfo\",\"https:\/\/www.youtube.com\/channel\/UC-yDYrHyfFBWWZaOw3FPg9Q\"]},{\"@type\":\"Person\",\"@id\":\"https:\/\/kapitalis.com\/tunisie\/#\/schema\/person\/74bbde0154d49d790a92aaeac5bc01d5\",\"name\":\"Yusra NY\",\"url\":\"https:\/\/kapitalis.com\/tunisie\/author\/yuza_adam\/\"}]}<\/script>\n<!-- \/ Yoast SEO plugin. -->","yoast_head_json":{"title":"Tunisie | Le PDL annonce une gr\u00e8ve de la faim collective et un sit-in \u00e0 son si\u00e8ge - Kapitalis","robots":{"index":"index","follow":"follow","max-snippet":"max-snippet:-1","max-image-preview":"max-image-preview:large","max-video-preview":"max-video-preview:-1"},"canonical":"https:\/\/kapitalis.com\/tunisie\/2025\/02\/19\/tunisie-le-pdl-annonce-une-greve-de-la-faim-collective-et-un-sit-in-a-son-siege\/","og_locale":"fr_FR","og_type":"article","og_title":"Tunisie | Le PDL annonce une gr\u00e8ve de la faim collective et un sit-in \u00e0 son si\u00e8ge - Kapitalis","og_description":"Le Parti destourien libre (PDL) a d\u00e9cid\u00e9 d&rsquo;entamer une gr\u00e8ve de la faim collective et d&rsquo;observer un sit-in ouvert \u00e0 son si\u00e8ge \u00e0 partir de ce mercredi 19 f\u00e9vrier 2025, et ce en soutien \u00e0 sa pr\u00e9sidente Abir Moussi.","og_url":"https:\/\/kapitalis.com\/tunisie\/2025\/02\/19\/tunisie-le-pdl-annonce-une-greve-de-la-faim-collective-et-un-sit-in-a-son-siege\/","og_site_name":"Kapitalis","article_publisher":"https:\/\/www.facebook.com\/KapitalisInfo\/","article_published_time":"2025-02-19T19:12:59+00:00","article_modified_time":"2025-02-19T19:30:19+00:00","og_image":[{"width":1200,"height":630,"url":"https:\/\/kapitalis.com\/tunisie\/wp-content\/uploads\/2022\/05\/pdl.jpg","type":"image\/jpeg"}],"author":"Yusra NY","twitter_card":"summary_large_image","twitter_creator":"@KapitalisInfo","twitter_site":"@KapitalisInfo","twitter_misc":{"\u00c9crit par":"Yusra NY","Dur\u00e9e de lecture estim\u00e9e":"2 minutes"},"schema":{"@context":"https:\/\/schema.org","@graph":[{"@type":"Article","@id":"https:\/\/kapitalis.com\/tunisie\/2025\/02\/19\/tunisie-le-pdl-annonce-une-greve-de-la-faim-collective-et-un-sit-in-a-son-siege\/#article","isPartOf":{"@id":"https:\/\/kapitalis.com\/tunisie\/2025\/02\/19\/tunisie-le-pdl-annonce-une-greve-de-la-faim-collective-et-un-sit-in-a-son-siege\/"},"author":{"name":"Yusra NY","@id":"https:\/\/kapitalis.com\/tunisie\/#\/schema\/person\/74bbde0154d49d790a92aaeac5bc01d5"},"headline":"Tunisie | Le PDL annonce une gr\u00e8ve de la faim collective et un sit-in \u00e0 son si\u00e8ge","datePublished":"2025-02-19T19:12:59+00:00","dateModified":"2025-02-19T19:30:19+00:00","mainEntityOfPage":{"@id":"https:\/\/kapitalis.com\/tunisie\/2025\/02\/19\/tunisie-le-pdl-annonce-une-greve-de-la-faim-collective-et-un-sit-in-a-son-siege\/"},"wordCount":199,"commentCount":0,"publisher":{"@id":"https:\/\/kapitalis.com\/tunisie\/#organization"},"image":{"@id":"https:\/\/kapitalis.com\/tunisie\/2025\/02\/19\/tunisie-le-pdl-annonce-une-greve-de-la-faim-collective-et-un-sit-in-a-son-siege\/#primaryimage"},"thumbnailUrl":"https:\/\/kapitalis.com\/tunisie\/wp-content\/uploads\/2022\/05\/pdl.jpg","keywords":["Abir Moussi","parti destourien","PDL","Tunisie"],"articleSection":["POLITIQUE","Tunisie"],"inLanguage":"fr-FR","potentialAction":[{"@type":"CommentAction","name":"Comment","target":["https:\/\/kapitalis.com\/tunisie\/2025\/02\/19\/tunisie-le-pdl-annonce-une-greve-de-la-faim-collective-et-un-sit-in-a-son-siege\/#respond"]}]},{"@type":"WebPage","@id":"https:\/\/kapitalis.com\/tunisie\/2025\/02\/19\/tunisie-le-pdl-annonce-une-greve-de-la-faim-collective-et-un-sit-in-a-son-siege\/","url":"https:\/\/kapitalis.com\/tunisie\/2025\/02\/19\/tunisie-le-pdl-annonce-une-greve-de-la-faim-collective-et-un-sit-in-a-son-siege\/","name":"Tunisie | Le PDL annonce une gr\u00e8ve de la faim collective et un sit-in \u00e0 son si\u00e8ge - Kapitalis","isPartOf":{"@id":"https:\/\/kapitalis.com\/tunisie\/#website"},"primaryImageOfPage":{"@id":"https:\/\/kapitalis.com\/tunisie\/2025\/02\/19\/tunisie-le-pdl-annonce-une-greve-de-la-faim-collective-et-un-sit-in-a-son-siege\/#primaryimage"},"image":{"@id":"https:\/\/kapitalis.com\/tunisie\/2025\/02\/19\/tunisie-le-pdl-annonce-une-greve-de-la-faim-collective-et-un-sit-in-a-son-siege\/#primaryimage"},"thumbnailUrl":"https:\/\/kapitalis.com\/tunisie\/wp-content\/uploads\/2022\/05\/pdl.jpg","datePublished":"2025-02-19T19:12:59+00:00","dateModified":"2025-02-19T19:30:19+00:00","breadcrumb":{"@id":"https:\/\/kapitalis.com\/tunisie\/2025\/02\/19\/tunisie-le-pdl-annonce-une-greve-de-la-faim-collective-et-un-sit-in-a-son-siege\/#breadcrumb"},"inLanguage":"fr-FR","potentialAction":[{"@type":"ReadAction","target":["https:\/\/kapitalis.com\/tunisie\/2025\/02\/19\/tunisie-le-pdl-annonce-une-greve-de-la-faim-collective-et-un-sit-in-a-son-siege\/"]}]},{"@type":"ImageObject","inLanguage":"fr-FR","@id":"https:\/\/kapitalis.com\/tunisie\/2025\/02\/19\/tunisie-le-pdl-annonce-une-greve-de-la-faim-collective-et-un-sit-in-a-son-siege\/#primaryimage","url":"https:\/\/kapitalis.com\/tunisie\/wp-content\/uploads\/2022\/05\/pdl.jpg","contentUrl":"https:\/\/kapitalis.com\/tunisie\/wp-content\/uploads\/2022\/05\/pdl.jpg","width":1200,"height":630},{"@type":"BreadcrumbList","@id":"https:\/\/kapitalis.com\/tunisie\/2025\/02\/19\/tunisie-le-pdl-annonce-une-greve-de-la-faim-collective-et-un-sit-in-a-son-siege\/#breadcrumb","itemListElement":[{"@type":"ListItem","position":1,"name":"Accueil","item":"https:\/\/kapitalis.com\/tunisie\/"},{"@type":"ListItem","position":2,"name":"Tunisie | Le PDL annonce une gr\u00e8ve de la faim collective et un sit-in \u00e0 son si\u00e8ge"}]},{"@type":"WebSite","@id":"https:\/\/kapitalis.com\/tunisie\/#website","url":"https:\/\/kapitalis.com\/tunisie\/","name":"Kapitalis","description":"L&#039;actualit\u00e9 en Tunisie et dans le monde","publisher":{"@id":"https:\/\/kapitalis.com\/tunisie\/#organization"},"potentialAction":[{"@type":"SearchAction","target":{"@type":"EntryPoint","urlTemplate":"https:\/\/kapitalis.com\/tunisie\/?s={search_term_string}"},"query-input":{"@type":"PropertyValueSpecification","valueRequired":true,"valueName":"search_term_string"}}],"inLanguage":"fr-FR"},{"@type":"Organization","@id":"https:\/\/kapitalis.com\/tunisie\/#organization","name":"Kapitalis","url":"https:\/\/kapitalis.com\/tunisie\/","logo":{"@type":"ImageObject","inLanguage":"fr-FR","@id":"https:\/\/kapitalis.com\/tunisie\/#\/schema\/logo\/image\/","url":"https:\/\/kapitalis.com\/tunisie\/wp-content\/uploads\/2022\/05\/Kapitalis-big-size.png","contentUrl":"https:\/\/kapitalis.com\/tunisie\/wp-content\/uploads\/2022\/05\/Kapitalis-big-size.png","width":5000,"height":1500,"caption":"Kapitalis"},"image":{"@id":"https:\/\/kapitalis.com\/tunisie\/#\/schema\/logo\/image\/"},"sameAs":["https:\/\/www.facebook.com\/KapitalisInfo\/","https:\/\/x.com\/KapitalisInfo","https:\/\/www.youtube.com\/channel\/UC-yDYrHyfFBWWZaOw3FPg9Q"]},{"@type":"Person","@id":"https:\/\/kapitalis.com\/tunisie\/#\/schema\/person\/74bbde0154d49d790a92aaeac5bc01d5","name":"Yusra NY","url":"https:\/\/kapitalis.com\/tunisie\/author\/yuza_adam\/"}]}},"_links":{"self":[{"href":"https:\/\/kapitalis.com\/tunisie\/wp-json\/wp\/v2\/posts\/15594186","targetHints":{"allow":["GET"]}}],"collection":[{"href":"https:\/\/kapitalis.com\/tunisie\/wp-json\/wp\/v2\/posts"}],"about":[{"href":"https:\/\/kapitalis.com\/tunisie\/wp-json\/wp\/v2\/types\/post"}],"author":[{"embeddable":true,"href":"https:\/\/kapitalis.com\/tunisie\/wp-json\/wp\/v2\/users\/6"}],"replies":[{"embeddable":true,"href":"https:\/\/kapitalis.com\/tunisie\/wp-json\/wp\/v2\/comments?post=15594186"}],"version-history":[{"count":1,"href":"https:\/\/kapitalis.com\/tunisie\/wp-json\/wp\/v2\/posts\/15594186\/revisions"}],"predecessor-version":[{"id":15594217,"href":"https:\/\/kapitalis.com\/tunisie\/wp-json\/wp\/v2\/posts\/15594186\/revisions\/15594217"}],"wp:featuredmedia":[{"embeddable":true,"href":"https:\/\/kapitalis.com\/tunisie\/wp-json\/wp\/v2\/media\/811349"}],"wp:attachment":[{"href":"https:\/\/kapitalis.com\/tunisie\/wp-json\/wp\/v2\/media?parent=15594186"}],"wp:term":[{"taxonomy":"category","embeddable":true,"href":"https:\/\/kapitalis.com\/tunisie\/wp-json\/wp\/v2\/categories?post=15594186"},{"taxonomy":"post_tag","embeddable":true,"href":"https:\/\/kapitalis.com\/tunisie\/wp-json\/wp\/v2\/tags?post=15594186"}],"curies":[{"name":"wp","href":"https:\/\/api.w.org\/{rel}","templated":true}]}}