{"id":155943,"date":"2018-05-24T15:58:41","date_gmt":"2018-05-24T14:58:41","guid":{"rendered":"http:\/\/kapitalis.com\/tunisie\/?p=155943"},"modified":"2018-05-24T15:58:41","modified_gmt":"2018-05-24T14:58:41","slug":"ellyes-skhiri-hesite-sur-une-eventuelle-prolongation","status":"publish","type":"post","link":"https:\/\/kapitalis.com\/tunisie\/2018\/05\/24\/ellyes-skhiri-hesite-sur-une-eventuelle-prolongation\/","title":{"rendered":"Ellyes Skhiri h\u00e9site sur une \u00e9ventuelle prolongation"},"content":{"rendered":"<p style=\"text-align: center;\"><img loading=\"lazy\" decoding=\"async\" class=\"alignnone size-full wp-image-146529\" src=\"http:\/\/kapitalis.com\/tunisie\/wp-content\/uploads\/2018\/04\/Ellyes-Shkiri.jpg\" alt=\"\" width=\"626\" height=\"380\" \/><\/p>\n<p><em><strong>Le milieu international tunisien Ellyes Skhiri a r\u00e9ussi une belle saison avec Montpellier. En 35 matches jou\u00e9s, il s\u2019est offert 4 r\u00e9alisations. Son contrat avec son \u00e9quipe court jusqu\u2019en 2020, mais la Coupe du Monde pourrait lui ouvrir des perspectives.<\/strong> <\/em><\/p>\n<p><!--more--><\/p>\n<p>Le joueur peut d\u2019autant plus r\u00eaver qu\u2019il a \u00e9t\u00e9 remarqu\u00e9 cette saison, notamment par <a href=\"http:\/\/kapitalis.com\/tunisie\/2018\/05\/04\/football-linternational-tunisien-ellyes-skhiri-convoite-par-las-monaco\/\">Monaco<\/a>. <em>\u00abIl va y avoir des discussions \u00e0 venir. Mais j\u2019ai la t\u00eate \u00e0 ce qui va arriver. Ce n\u2019est pas \u00e9vident. On trouvera apr\u00e8s un moment pour discuter\u00bb<\/em>, a-t-il d\u00e9clar\u00e9.<\/p>\n<p>Ellyes Skhiri n\u2019a pas affirm\u00e9 qu\u2019il souhaite prolonger son contrat avec Montpellier. Il aurait pu le faire avant la Coupe du Monde, comme l\u2019esp\u00e8re son club, mais le milieu de terrain devrait engager les discussions \u00e0 son retour de Russie.<\/p>\n<p>Il a confirm\u00e9 ses belles performances de la saison avec l\u2019\u00e9quipe de Tunisie lors des deux derniers matchs amicaux contre l\u2019Iran et le Costa Rica et ses prestations de haute vol\u00e9e ont tap\u00e9 dans l\u2019\u0153il de plusieurs clubs, dont <a href=\"http:\/\/kapitalis.com\/tunisie\/2018\/05\/18\/football-ellyes-skhiri-la-fiorentina-revient-a-la-charge\/\">Fiorentina<\/a>, le club italien de S\u00e9rie A, qui souhaite le faire signer avant la Coupe du monde.<\/p>\n<p style=\"text-align: right;\"><strong>H. M.<\/strong><\/p>\n<blockquote class=\"wp-embedded-content\" data-secret=\"B9Z6rnmeAt\"><p><a href=\"https:\/\/kapitalis.com\/tunisie\/2018\/03\/28\/equipe-de-tunisie-ellyes-skhiri-a-toute-vitesse-vers-la-russie\/\">Equipe de Tunisie : Ellyes Skhiri \u00e0 toute vitesse vers la Russie<\/a><\/p><\/blockquote>\n<p><iframe loading=\"lazy\" class=\"wp-embedded-content\" sandbox=\"allow-scripts\" security=\"restricted\" style=\"position: absolute; clip: rect(1px, 1px, 1px, 1px);\" title=\"\u00ab\u00a0Equipe de Tunisie : Ellyes Skhiri \u00e0 toute vitesse vers la Russie\u00a0\u00bb &#8212; Kapitalis\" src=\"https:\/\/kapitalis.com\/tunisie\/2018\/03\/28\/equipe-de-tunisie-ellyes-skhiri-a-toute-vitesse-vers-la-russie\/embed\/#?secret=uKXHH0gmdu#?secret=B9Z6rnmeAt\" data-secret=\"B9Z6rnmeAt\" width=\"600\" height=\"338\" frameborder=\"0\" marginwidth=\"0\" marginheight=\"0\" scrolling=\"no\"><\/iframe><\/p>\n","protected":false},"excerpt":{"rendered":"<p>Le milieu international tunisien Ellyes Skhiri a r\u00e9ussi une belle saison avec Montpellier. En 35 matches jou\u00e9s, il s\u2019est offert 4 r\u00e9alisations. Son contrat avec son \u00e9quipe court jusqu\u2019en 2020, mais la Coupe du Monde pourrait lui ouvrir des perspectives.<\/p>\n","protected":false},"author":8,"featured_media":0,"comment_status":"open","ping_status":"open","sticky":false,"template":"","format":"standard","meta":{"footnotes":""},"categories":[999,2433],"tags":[241,43247,33965,46514,632,1607],"class_list":["post-155943","post","type-post","status-publish","format-standard","hentry","category-sport","category-tunisie","tag-coupe-du-monde","tag-ellyes-skhiri","tag-equipe-de-tunisie","tag-fiorentina","tag-monaco","tag-montpellier"],"yoast_head":"<!-- This site is optimized with the Yoast SEO plugin v26.6 - https:\/\/yoast.com\/wordpress\/plugins\/seo\/ -->\n<title>Ellyes Skhiri h\u00e9site sur une \u00e9ventuelle prolongation - Kapitalis<\/title>\n<meta name=\"robots\" content=\"index, follow, max-snippet:-1, max-image-preview:large, max-video-preview:-1\" \/>\n<link rel=\"canonical\" href=\"https:\/\/kapitalis.com\/tunisie\/2018\/05\/24\/ellyes-skhiri-hesite-sur-une-eventuelle-prolongation\/\" \/>\n<meta property=\"og:locale\" content=\"fr_FR\" \/>\n<meta property=\"og:type\" content=\"article\" \/>\n<meta property=\"og:title\" content=\"Ellyes Skhiri h\u00e9site sur une \u00e9ventuelle prolongation - Kapitalis\" \/>\n<meta property=\"og:description\" content=\"Le milieu international tunisien Ellyes Skhiri a r\u00e9ussi une belle saison avec Montpellier. En 35 matches jou\u00e9s, il s\u2019est offert 4 r\u00e9alisations. Son contrat avec son \u00e9quipe court jusqu\u2019en 2020, mais la Coupe du Monde pourrait lui ouvrir des perspectives.\" \/>\n<meta property=\"og:url\" content=\"https:\/\/kapitalis.com\/tunisie\/2018\/05\/24\/ellyes-skhiri-hesite-sur-une-eventuelle-prolongation\/\" \/>\n<meta property=\"og:site_name\" content=\"Kapitalis\" \/>\n<meta property=\"article:publisher\" content=\"https:\/\/www.facebook.com\/KapitalisInfo\/\" \/>\n<meta property=\"article:published_time\" content=\"2018-05-24T14:58:41+00:00\" \/>\n<meta property=\"og:image\" content=\"http:\/\/kapitalis.com\/tunisie\/wp-content\/uploads\/2018\/04\/Ellyes-Shkiri.jpg\" \/>\n<meta name=\"author\" content=\"webmaster kapitalis\" \/>\n<meta name=\"twitter:card\" content=\"summary_large_image\" \/>\n<meta name=\"twitter:creator\" content=\"@KapitalisInfo\" \/>\n<meta name=\"twitter:site\" content=\"@KapitalisInfo\" \/>\n<meta name=\"twitter:label1\" content=\"\u00c9crit par\" \/>\n\t<meta name=\"twitter:data1\" content=\"webmaster kapitalis\" \/>\n\t<meta name=\"twitter:label2\" content=\"Dur\u00e9e de lecture estim\u00e9e\" \/>\n\t<meta name=\"twitter:data2\" content=\"1 minute\" \/>\n<script type=\"application\/ld+json\" class=\"yoast-schema-graph\">{\"@context\":\"https:\/\/schema.org\",\"@graph\":[{\"@type\":\"Article\",\"@id\":\"https:\/\/kapitalis.com\/tunisie\/2018\/05\/24\/ellyes-skhiri-hesite-sur-une-eventuelle-prolongation\/#article\",\"isPartOf\":{\"@id\":\"https:\/\/kapitalis.com\/tunisie\/2018\/05\/24\/ellyes-skhiri-hesite-sur-une-eventuelle-prolongation\/\"},\"author\":{\"name\":\"webmaster kapitalis\",\"@id\":\"https:\/\/kapitalis.com\/tunisie\/#\/schema\/person\/d71f33a9ca44f7bad4698210b480c8e9\"},\"headline\":\"Ellyes Skhiri h\u00e9site sur une \u00e9ventuelle prolongation\",\"datePublished\":\"2018-05-24T14:58:41+00:00\",\"mainEntityOfPage\":{\"@id\":\"https:\/\/kapitalis.com\/tunisie\/2018\/05\/24\/ellyes-skhiri-hesite-sur-une-eventuelle-prolongation\/\"},\"wordCount\":212,\"commentCount\":2,\"publisher\":{\"@id\":\"https:\/\/kapitalis.com\/tunisie\/#organization\"},\"image\":{\"@id\":\"https:\/\/kapitalis.com\/tunisie\/2018\/05\/24\/ellyes-skhiri-hesite-sur-une-eventuelle-prolongation\/#primaryimage\"},\"thumbnailUrl\":\"http:\/\/kapitalis.com\/tunisie\/wp-content\/uploads\/2018\/04\/Ellyes-Shkiri.jpg\",\"keywords\":[\"Coupe du Monde\",\"Ellyes Skhiri\",\"\u00e9quipe de Tunisie\",\"Fiorentina\",\"Monaco\",\"Montpellier\"],\"articleSection\":[\"SPORT\",\"Tunisie\"],\"inLanguage\":\"fr-FR\",\"potentialAction\":[{\"@type\":\"CommentAction\",\"name\":\"Comment\",\"target\":[\"https:\/\/kapitalis.com\/tunisie\/2018\/05\/24\/ellyes-skhiri-hesite-sur-une-eventuelle-prolongation\/#respond\"]}]},{\"@type\":\"WebPage\",\"@id\":\"https:\/\/kapitalis.com\/tunisie\/2018\/05\/24\/ellyes-skhiri-hesite-sur-une-eventuelle-prolongation\/\",\"url\":\"https:\/\/kapitalis.com\/tunisie\/2018\/05\/24\/ellyes-skhiri-hesite-sur-une-eventuelle-prolongation\/\",\"name\":\"Ellyes Skhiri h\u00e9site sur une \u00e9ventuelle prolongation - Kapitalis\",\"isPartOf\":{\"@id\":\"https:\/\/kapitalis.com\/tunisie\/#website\"},\"primaryImageOfPage\":{\"@id\":\"https:\/\/kapitalis.com\/tunisie\/2018\/05\/24\/ellyes-skhiri-hesite-sur-une-eventuelle-prolongation\/#primaryimage\"},\"image\":{\"@id\":\"https:\/\/kapitalis.com\/tunisie\/2018\/05\/24\/ellyes-skhiri-hesite-sur-une-eventuelle-prolongation\/#primaryimage\"},\"thumbnailUrl\":\"http:\/\/kapitalis.com\/tunisie\/wp-content\/uploads\/2018\/04\/Ellyes-Shkiri.jpg\",\"datePublished\":\"2018-05-24T14:58:41+00:00\",\"breadcrumb\":{\"@id\":\"https:\/\/kapitalis.com\/tunisie\/2018\/05\/24\/ellyes-skhiri-hesite-sur-une-eventuelle-prolongation\/#breadcrumb\"},\"inLanguage\":\"fr-FR\",\"potentialAction\":[{\"@type\":\"ReadAction\",\"target\":[\"https:\/\/kapitalis.com\/tunisie\/2018\/05\/24\/ellyes-skhiri-hesite-sur-une-eventuelle-prolongation\/\"]}]},{\"@type\":\"ImageObject\",\"inLanguage\":\"fr-FR\",\"@id\":\"https:\/\/kapitalis.com\/tunisie\/2018\/05\/24\/ellyes-skhiri-hesite-sur-une-eventuelle-prolongation\/#primaryimage\",\"url\":\"http:\/\/kapitalis.com\/tunisie\/wp-content\/uploads\/2018\/04\/Ellyes-Shkiri.jpg\",\"contentUrl\":\"http:\/\/kapitalis.com\/tunisie\/wp-content\/uploads\/2018\/04\/Ellyes-Shkiri.jpg\"},{\"@type\":\"BreadcrumbList\",\"@id\":\"https:\/\/kapitalis.com\/tunisie\/2018\/05\/24\/ellyes-skhiri-hesite-sur-une-eventuelle-prolongation\/#breadcrumb\",\"itemListElement\":[{\"@type\":\"ListItem\",\"position\":1,\"name\":\"Accueil\",\"item\":\"https:\/\/kapitalis.com\/tunisie\/\"},{\"@type\":\"ListItem\",\"position\":2,\"name\":\"Ellyes Skhiri h\u00e9site sur une \u00e9ventuelle prolongation\"}]},{\"@type\":\"WebSite\",\"@id\":\"https:\/\/kapitalis.com\/tunisie\/#website\",\"url\":\"https:\/\/kapitalis.com\/tunisie\/\",\"name\":\"Kapitalis\",\"description\":\"L&#039;actualit\u00e9 en Tunisie et dans le monde\",\"publisher\":{\"@id\":\"https:\/\/kapitalis.com\/tunisie\/#organization\"},\"potentialAction\":[{\"@type\":\"SearchAction\",\"target\":{\"@type\":\"EntryPoint\",\"urlTemplate\":\"https:\/\/kapitalis.com\/tunisie\/?s={search_term_string}\"},\"query-input\":{\"@type\":\"PropertyValueSpecification\",\"valueRequired\":true,\"valueName\":\"search_term_string\"}}],\"inLanguage\":\"fr-FR\"},{\"@type\":\"Organization\",\"@id\":\"https:\/\/kapitalis.com\/tunisie\/#organization\",\"name\":\"Kapitalis\",\"url\":\"https:\/\/kapitalis.com\/tunisie\/\",\"logo\":{\"@type\":\"ImageObject\",\"inLanguage\":\"fr-FR\",\"@id\":\"https:\/\/kapitalis.com\/tunisie\/#\/schema\/logo\/image\/\",\"url\":\"https:\/\/kapitalis.com\/tunisie\/wp-content\/uploads\/2022\/05\/Kapitalis-big-size.png\",\"contentUrl\":\"https:\/\/kapitalis.com\/tunisie\/wp-content\/uploads\/2022\/05\/Kapitalis-big-size.png\",\"width\":5000,\"height\":1500,\"caption\":\"Kapitalis\"},\"image\":{\"@id\":\"https:\/\/kapitalis.com\/tunisie\/#\/schema\/logo\/image\/\"},\"sameAs\":[\"https:\/\/www.facebook.com\/KapitalisInfo\/\",\"https:\/\/x.com\/KapitalisInfo\",\"https:\/\/www.youtube.com\/channel\/UC-yDYrHyfFBWWZaOw3FPg9Q\"]},{\"@type\":\"Person\",\"@id\":\"https:\/\/kapitalis.com\/tunisie\/#\/schema\/person\/d71f33a9ca44f7bad4698210b480c8e9\",\"name\":\"webmaster kapitalis\",\"url\":\"https:\/\/kapitalis.com\/tunisie\/author\/webmaster-kapitalis\/\"}]}<\/script>\n<!-- \/ Yoast SEO plugin. -->","yoast_head_json":{"title":"Ellyes Skhiri h\u00e9site sur une \u00e9ventuelle prolongation - Kapitalis","robots":{"index":"index","follow":"follow","max-snippet":"max-snippet:-1","max-image-preview":"max-image-preview:large","max-video-preview":"max-video-preview:-1"},"canonical":"https:\/\/kapitalis.com\/tunisie\/2018\/05\/24\/ellyes-skhiri-hesite-sur-une-eventuelle-prolongation\/","og_locale":"fr_FR","og_type":"article","og_title":"Ellyes Skhiri h\u00e9site sur une \u00e9ventuelle prolongation - Kapitalis","og_description":"Le milieu international tunisien Ellyes Skhiri a r\u00e9ussi une belle saison avec Montpellier. En 35 matches jou\u00e9s, il s\u2019est offert 4 r\u00e9alisations. Son contrat avec son \u00e9quipe court jusqu\u2019en 2020, mais la Coupe du Monde pourrait lui ouvrir des perspectives.","og_url":"https:\/\/kapitalis.com\/tunisie\/2018\/05\/24\/ellyes-skhiri-hesite-sur-une-eventuelle-prolongation\/","og_site_name":"Kapitalis","article_publisher":"https:\/\/www.facebook.com\/KapitalisInfo\/","article_published_time":"2018-05-24T14:58:41+00:00","og_image":[{"url":"http:\/\/kapitalis.com\/tunisie\/wp-content\/uploads\/2018\/04\/Ellyes-Shkiri.jpg","type":"","width":"","height":""}],"author":"webmaster kapitalis","twitter_card":"summary_large_image","twitter_creator":"@KapitalisInfo","twitter_site":"@KapitalisInfo","twitter_misc":{"\u00c9crit par":"webmaster kapitalis","Dur\u00e9e de lecture estim\u00e9e":"1 minute"},"schema":{"@context":"https:\/\/schema.org","@graph":[{"@type":"Article","@id":"https:\/\/kapitalis.com\/tunisie\/2018\/05\/24\/ellyes-skhiri-hesite-sur-une-eventuelle-prolongation\/#article","isPartOf":{"@id":"https:\/\/kapitalis.com\/tunisie\/2018\/05\/24\/ellyes-skhiri-hesite-sur-une-eventuelle-prolongation\/"},"author":{"name":"webmaster kapitalis","@id":"https:\/\/kapitalis.com\/tunisie\/#\/schema\/person\/d71f33a9ca44f7bad4698210b480c8e9"},"headline":"Ellyes Skhiri h\u00e9site sur une \u00e9ventuelle prolongation","datePublished":"2018-05-24T14:58:41+00:00","mainEntityOfPage":{"@id":"https:\/\/kapitalis.com\/tunisie\/2018\/05\/24\/ellyes-skhiri-hesite-sur-une-eventuelle-prolongation\/"},"wordCount":212,"commentCount":2,"publisher":{"@id":"https:\/\/kapitalis.com\/tunisie\/#organization"},"image":{"@id":"https:\/\/kapitalis.com\/tunisie\/2018\/05\/24\/ellyes-skhiri-hesite-sur-une-eventuelle-prolongation\/#primaryimage"},"thumbnailUrl":"http:\/\/kapitalis.com\/tunisie\/wp-content\/uploads\/2018\/04\/Ellyes-Shkiri.jpg","keywords":["Coupe du Monde","Ellyes Skhiri","\u00e9quipe de Tunisie","Fiorentina","Monaco","Montpellier"],"articleSection":["SPORT","Tunisie"],"inLanguage":"fr-FR","potentialAction":[{"@type":"CommentAction","name":"Comment","target":["https:\/\/kapitalis.com\/tunisie\/2018\/05\/24\/ellyes-skhiri-hesite-sur-une-eventuelle-prolongation\/#respond"]}]},{"@type":"WebPage","@id":"https:\/\/kapitalis.com\/tunisie\/2018\/05\/24\/ellyes-skhiri-hesite-sur-une-eventuelle-prolongation\/","url":"https:\/\/kapitalis.com\/tunisie\/2018\/05\/24\/ellyes-skhiri-hesite-sur-une-eventuelle-prolongation\/","name":"Ellyes Skhiri h\u00e9site sur une \u00e9ventuelle prolongation - Kapitalis","isPartOf":{"@id":"https:\/\/kapitalis.com\/tunisie\/#website"},"primaryImageOfPage":{"@id":"https:\/\/kapitalis.com\/tunisie\/2018\/05\/24\/ellyes-skhiri-hesite-sur-une-eventuelle-prolongation\/#primaryimage"},"image":{"@id":"https:\/\/kapitalis.com\/tunisie\/2018\/05\/24\/ellyes-skhiri-hesite-sur-une-eventuelle-prolongation\/#primaryimage"},"thumbnailUrl":"http:\/\/kapitalis.com\/tunisie\/wp-content\/uploads\/2018\/04\/Ellyes-Shkiri.jpg","datePublished":"2018-05-24T14:58:41+00:00","breadcrumb":{"@id":"https:\/\/kapitalis.com\/tunisie\/2018\/05\/24\/ellyes-skhiri-hesite-sur-une-eventuelle-prolongation\/#breadcrumb"},"inLanguage":"fr-FR","potentialAction":[{"@type":"ReadAction","target":["https:\/\/kapitalis.com\/tunisie\/2018\/05\/24\/ellyes-skhiri-hesite-sur-une-eventuelle-prolongation\/"]}]},{"@type":"ImageObject","inLanguage":"fr-FR","@id":"https:\/\/kapitalis.com\/tunisie\/2018\/05\/24\/ellyes-skhiri-hesite-sur-une-eventuelle-prolongation\/#primaryimage","url":"http:\/\/kapitalis.com\/tunisie\/wp-content\/uploads\/2018\/04\/Ellyes-Shkiri.jpg","contentUrl":"http:\/\/kapitalis.com\/tunisie\/wp-content\/uploads\/2018\/04\/Ellyes-Shkiri.jpg"},{"@type":"BreadcrumbList","@id":"https:\/\/kapitalis.com\/tunisie\/2018\/05\/24\/ellyes-skhiri-hesite-sur-une-eventuelle-prolongation\/#breadcrumb","itemListElement":[{"@type":"ListItem","position":1,"name":"Accueil","item":"https:\/\/kapitalis.com\/tunisie\/"},{"@type":"ListItem","position":2,"name":"Ellyes Skhiri h\u00e9site sur une \u00e9ventuelle prolongation"}]},{"@type":"WebSite","@id":"https:\/\/kapitalis.com\/tunisie\/#website","url":"https:\/\/kapitalis.com\/tunisie\/","name":"Kapitalis","description":"L&#039;actualit\u00e9 en Tunisie et dans le monde","publisher":{"@id":"https:\/\/kapitalis.com\/tunisie\/#organization"},"potentialAction":[{"@type":"SearchAction","target":{"@type":"EntryPoint","urlTemplate":"https:\/\/kapitalis.com\/tunisie\/?s={search_term_string}"},"query-input":{"@type":"PropertyValueSpecification","valueRequired":true,"valueName":"search_term_string"}}],"inLanguage":"fr-FR"},{"@type":"Organization","@id":"https:\/\/kapitalis.com\/tunisie\/#organization","name":"Kapitalis","url":"https:\/\/kapitalis.com\/tunisie\/","logo":{"@type":"ImageObject","inLanguage":"fr-FR","@id":"https:\/\/kapitalis.com\/tunisie\/#\/schema\/logo\/image\/","url":"https:\/\/kapitalis.com\/tunisie\/wp-content\/uploads\/2022\/05\/Kapitalis-big-size.png","contentUrl":"https:\/\/kapitalis.com\/tunisie\/wp-content\/uploads\/2022\/05\/Kapitalis-big-size.png","width":5000,"height":1500,"caption":"Kapitalis"},"image":{"@id":"https:\/\/kapitalis.com\/tunisie\/#\/schema\/logo\/image\/"},"sameAs":["https:\/\/www.facebook.com\/KapitalisInfo\/","https:\/\/x.com\/KapitalisInfo","https:\/\/www.youtube.com\/channel\/UC-yDYrHyfFBWWZaOw3FPg9Q"]},{"@type":"Person","@id":"https:\/\/kapitalis.com\/tunisie\/#\/schema\/person\/d71f33a9ca44f7bad4698210b480c8e9","name":"webmaster kapitalis","url":"https:\/\/kapitalis.com\/tunisie\/author\/webmaster-kapitalis\/"}]}},"_links":{"self":[{"href":"https:\/\/kapitalis.com\/tunisie\/wp-json\/wp\/v2\/posts\/155943","targetHints":{"allow":["GET"]}}],"collection":[{"href":"https:\/\/kapitalis.com\/tunisie\/wp-json\/wp\/v2\/posts"}],"about":[{"href":"https:\/\/kapitalis.com\/tunisie\/wp-json\/wp\/v2\/types\/post"}],"author":[{"embeddable":true,"href":"https:\/\/kapitalis.com\/tunisie\/wp-json\/wp\/v2\/users\/8"}],"replies":[{"embeddable":true,"href":"https:\/\/kapitalis.com\/tunisie\/wp-json\/wp\/v2\/comments?post=155943"}],"version-history":[{"count":0,"href":"https:\/\/kapitalis.com\/tunisie\/wp-json\/wp\/v2\/posts\/155943\/revisions"}],"wp:attachment":[{"href":"https:\/\/kapitalis.com\/tunisie\/wp-json\/wp\/v2\/media?parent=155943"}],"wp:term":[{"taxonomy":"category","embeddable":true,"href":"https:\/\/kapitalis.com\/tunisie\/wp-json\/wp\/v2\/categories?post=155943"},{"taxonomy":"post_tag","embeddable":true,"href":"https:\/\/kapitalis.com\/tunisie\/wp-json\/wp\/v2\/tags?post=155943"}],"curies":[{"name":"wp","href":"https:\/\/api.w.org\/{rel}","templated":true}]}}