{"id":155994,"date":"2018-05-24T21:20:16","date_gmt":"2018-05-24T20:20:16","guid":{"rendered":"http:\/\/kapitalis.com\/tunisie\/?p=155994"},"modified":"2018-05-24T18:29:54","modified_gmt":"2018-05-24T17:29:54","slug":"projet-face-tunisie-le-cv-video-pour-impulser-lemploi","status":"publish","type":"post","link":"https:\/\/kapitalis.com\/tunisie\/2018\/05\/24\/projet-face-tunisie-le-cv-video-pour-impulser-lemploi\/","title":{"rendered":"Projet Face Tunisie : Le CV-vid\u00e9o pour impulser l\u2019emploi"},"content":{"rendered":"<p style=\"text-align: center;\"><img loading=\"lazy\" decoding=\"async\" class=\"alignnone size-full wp-image-155995\" src=\"http:\/\/kapitalis.com\/tunisie\/wp-content\/uploads\/2018\/05\/CV-Video-Face-Ban.jpg\" alt=\"\" width=\"626\" height=\"380\" \/><\/p>\n<p><em><strong>Face Tunisie vient de lancer officiellement son projet \u2018\u2018<a href=\"http:\/\/www.facealemploi.tv\/\">Le CV-vid\u00e9o face \u00e0 l\u2019emploi<\/a>\u2019\u2019 , dont les annonces d\u2019emploi collect\u00e9es et les candidatures en vid\u00e9o film\u00e9es sont diffus\u00e9es sur les r\u00e9seaux sociaux et int\u00e9gr\u00e9es dans une plateforme web internationale de la Fondation Agir Contre l\u2019Exclusion.\u00a0<\/strong><\/em><\/p>\n<p><!--more--><\/p>\n<p>\u00c0 but non lucratif, ce projet associatif a \u00e9t\u00e9 mis en place avec l\u2019appui du minist\u00e8re de la Formation professionnelle et de l\u2019Emploi et de celui de l&rsquo;Enseignement sup\u00e9rieur et de la Recherche scientifique. Il vise \u00e0 optimiser le matching entre les jeunes talents tunisiens et les besoins du march\u00e9 de l\u2019emploi \u00e0 travers les nouvelles technologies et le multim\u00e9dia.<\/p>\n<p style=\"text-align: center;\"><img loading=\"lazy\" decoding=\"async\" class=\"alignnone wp-image-155998\" src=\"http:\/\/kapitalis.com\/tunisie\/wp-content\/uploads\/2018\/05\/CV-Video-Face-2-1.jpg\" alt=\"\" width=\"500\" height=\"281\" \/><\/p>\n<p>Le lancement du projet a eu lieu au courant du mois de mai 2018 \u00e0 Tunis en parall\u00e8le \u00e0 la tenue d\u2019un salon de l\u2019emploi Face \u00e0 Face entre une vingtaine d\u2019entreprises \u00e0 la recherche de ressources humaines qualifi\u00e9es et une centaine de jeunes, filles et gar\u00e7ons, de diverses disciplines.<\/p>\n<p>L\u2019\u00e9v\u00e9nement a \u00e9t\u00e9 soutenu par 5 entreprises partenaires de Face Tunisie qui sont Vermeg, Business &amp; Decision, SagemCom, ABC Bank et Smart Technology.<\/p>\n<p>D\u2019autres entreprises comme Teleperformance, Linedata, Bosch, Cynapsis, Filin, Sofia Holding, Aziza, Enda Tamweel, Groupe Rouleau Guichard, TACT, ou institutions d\u2019appui comme l\u2019Agence nationale de l\u2019emploi et du travail individuel (Aneti), les Centres de certification des comp\u00e9tences 4C ont \u00e9t\u00e9 aussi impliqu\u00e9es dans les activit\u00e9s du projet.<\/p>\n<p style=\"text-align: center;\"><img loading=\"lazy\" decoding=\"async\" class=\"alignnone size-full wp-image-155996\" src=\"http:\/\/kapitalis.com\/tunisie\/wp-content\/uploads\/2018\/05\/Zahra-Ben-Nasr.jpg\" alt=\"\" width=\"500\" height=\"350\" \/><\/p>\n<p style=\"text-align: center;\"><em> Zahra Ben Nasr.<\/em><\/p>\n<p>D\u2019apr\u00e8s Zahra Ben Nasr, pr\u00e9sidente de l\u2019association Face Tunisie <em>\u00abla particularit\u00e9 de la plateforme num\u00e9rique et du projet est d\u2019introduire le concept du CV vid\u00e9o et des offres d\u2019emploi vid\u00e9o, ce qui facilitera d\u2019une part aux entreprises la recherche de profils ad\u00e9quats des candidat(e)s en \u00e9pargnant le temps et les ressources et d\u2019autre part aux jeunes de pr\u00e9senter leur profil, de se d\u00e9marquer et de convaincre en seulement 45 secondes sans la n\u00e9cessit\u00e9 de se d\u00e9placer\u00bb.<\/em> Elle ajoute : <em>\u00abNotre plateforme est une innovation RH et un outil de Sourcing et de RSE favorisant l\u2019employabilit\u00e9 et l\u2019\u00e9galit\u00e9 des chances\u00bb.<\/em><\/p>\n<p>Il est \u00e0 noter que des journ\u00e9es d&rsquo;information se sont d\u00e9roul\u00e9es dans plusieurs r\u00e9gions afin de faire conna\u00eetre ce nouvel outil de recherche d&#8217;emploi et de faire adh\u00e9rer les jeunes candidats.<\/p>\n<p style=\"text-align: center;\"><img loading=\"lazy\" decoding=\"async\" class=\"alignnone wp-image-155997\" src=\"http:\/\/kapitalis.com\/tunisie\/wp-content\/uploads\/2018\/05\/CV-Video-Face-2.jpg\" alt=\"\" width=\"500\" height=\"281\" \/><\/p>\n<p>Plus de 600 jeunes (chercheurs d&#8217;emploi et \u00e9tudiants en classes terminales toutes sp\u00e9cialit\u00e9s confondues) ont b\u00e9n\u00e9fici\u00e9 d&rsquo;accompagnement parmi lesquels des dizaines ont d\u00e9j\u00e0 tourn\u00e9 leurs CV vid\u00e9os.<\/p>\n<p><em><strong>Source<\/strong><\/em> : communiqu\u00e9.<\/p>\n<p><em><strong>Les premi\u00e8res vid\u00e9os sur la page<a href=\"https:\/\/www.facebook.com\/fondationface.tn\/\"> Facebook de Face Tunisie.<\/a>\u00a0\u00a0<\/strong><\/em><\/p>\n<blockquote class=\"wp-embedded-content\" data-secret=\"DaCDAuId9b\"><p><a href=\"https:\/\/kapitalis.com\/tunisie\/2017\/10\/29\/lassociation-face-tunisie-lance-le-projet-cv-video\/\">L\u2019association Face Tunisie lance le projet CV-Vid\u00e9o<\/a><\/p><\/blockquote>\n<p><iframe loading=\"lazy\" class=\"wp-embedded-content\" sandbox=\"allow-scripts\" security=\"restricted\" style=\"position: absolute; clip: rect(1px, 1px, 1px, 1px);\" title=\"\u00ab\u00a0L\u2019association Face Tunisie lance le projet CV-Vid\u00e9o\u00a0\u00bb &#8212; Kapitalis\" src=\"https:\/\/kapitalis.com\/tunisie\/2017\/10\/29\/lassociation-face-tunisie-lance-le-projet-cv-video\/embed\/#?secret=kr22HfeO2w#?secret=DaCDAuId9b\" data-secret=\"DaCDAuId9b\" width=\"600\" height=\"338\" frameborder=\"0\" marginwidth=\"0\" marginheight=\"0\" scrolling=\"no\"><\/iframe><\/p>\n","protected":false},"excerpt":{"rendered":"<p>Face Tunisie vient de lancer officiellement son projet \u2018\u2018Le CV-vid\u00e9o face \u00e0 l\u2019emploi\u2019\u2019 , dont les annonces d\u2019emploi collect\u00e9es et les candidatures en vid\u00e9o film\u00e9es sont diffus\u00e9es sur les r\u00e9seaux sociaux et int\u00e9gr\u00e9es dans une plateforme web internationale de la Fondation Agir Contre l\u2019Exclusion.\u00a0<\/p>\n","protected":false},"author":8,"featured_media":155995,"comment_status":"open","ping_status":"open","sticky":false,"template":"","format":"standard","meta":{"footnotes":""},"categories":[995,2433],"tags":[38828,5139,38360],"class_list":["post-155994","post","type-post","status-publish","format-standard","has-post-thumbnail","hentry","category-economie","category-tunisie","tag-face-tunisie","tag-vermeg","tag-zahra-ben-nasr"],"yoast_head":"<!-- This site is optimized with the Yoast SEO plugin v26.6 - https:\/\/yoast.com\/wordpress\/plugins\/seo\/ -->\n<title>Projet Face Tunisie : Le CV-vid\u00e9o pour impulser l\u2019emploi - Kapitalis<\/title>\n<meta name=\"robots\" content=\"index, follow, max-snippet:-1, max-image-preview:large, max-video-preview:-1\" \/>\n<link rel=\"canonical\" href=\"https:\/\/kapitalis.com\/tunisie\/2018\/05\/24\/projet-face-tunisie-le-cv-video-pour-impulser-lemploi\/\" \/>\n<meta property=\"og:locale\" content=\"fr_FR\" \/>\n<meta property=\"og:type\" content=\"article\" \/>\n<meta property=\"og:title\" content=\"Projet Face Tunisie : Le CV-vid\u00e9o pour impulser l\u2019emploi - Kapitalis\" \/>\n<meta property=\"og:description\" content=\"Face Tunisie vient de lancer officiellement son projet \u2018\u2018Le CV-vid\u00e9o face \u00e0 l\u2019emploi\u2019\u2019 , dont les annonces d\u2019emploi collect\u00e9es et les candidatures en vid\u00e9o film\u00e9es sont diffus\u00e9es sur les r\u00e9seaux sociaux et int\u00e9gr\u00e9es dans une plateforme web internationale de la Fondation Agir Contre l\u2019Exclusion.\u00a0\" \/>\n<meta property=\"og:url\" content=\"https:\/\/kapitalis.com\/tunisie\/2018\/05\/24\/projet-face-tunisie-le-cv-video-pour-impulser-lemploi\/\" \/>\n<meta property=\"og:site_name\" content=\"Kapitalis\" \/>\n<meta property=\"article:publisher\" content=\"https:\/\/www.facebook.com\/KapitalisInfo\/\" \/>\n<meta property=\"article:published_time\" content=\"2018-05-24T20:20:16+00:00\" \/>\n<meta property=\"og:image\" content=\"https:\/\/kapitalis.com\/tunisie\/wp-content\/uploads\/2022\/05\/kapitalis-logo-fb.png\" \/>\n\t<meta property=\"og:image:width\" content=\"1200\" \/>\n\t<meta property=\"og:image:height\" content=\"630\" \/>\n\t<meta property=\"og:image:type\" content=\"image\/png\" \/>\n<meta name=\"author\" content=\"webmaster kapitalis\" \/>\n<meta name=\"twitter:card\" content=\"summary_large_image\" \/>\n<meta name=\"twitter:creator\" content=\"@KapitalisInfo\" \/>\n<meta name=\"twitter:site\" content=\"@KapitalisInfo\" \/>\n<meta name=\"twitter:label1\" content=\"\u00c9crit par\" \/>\n\t<meta name=\"twitter:data1\" content=\"webmaster kapitalis\" \/>\n\t<meta name=\"twitter:label2\" content=\"Dur\u00e9e de lecture estim\u00e9e\" \/>\n\t<meta name=\"twitter:data2\" content=\"2 minutes\" \/>\n<script type=\"application\/ld+json\" class=\"yoast-schema-graph\">{\"@context\":\"https:\/\/schema.org\",\"@graph\":[{\"@type\":\"Article\",\"@id\":\"https:\/\/kapitalis.com\/tunisie\/2018\/05\/24\/projet-face-tunisie-le-cv-video-pour-impulser-lemploi\/#article\",\"isPartOf\":{\"@id\":\"https:\/\/kapitalis.com\/tunisie\/2018\/05\/24\/projet-face-tunisie-le-cv-video-pour-impulser-lemploi\/\"},\"author\":{\"name\":\"webmaster kapitalis\",\"@id\":\"https:\/\/kapitalis.com\/tunisie\/#\/schema\/person\/d71f33a9ca44f7bad4698210b480c8e9\"},\"headline\":\"Projet Face Tunisie : Le CV-vid\u00e9o pour impulser l\u2019emploi\",\"datePublished\":\"2018-05-24T20:20:16+00:00\",\"mainEntityOfPage\":{\"@id\":\"https:\/\/kapitalis.com\/tunisie\/2018\/05\/24\/projet-face-tunisie-le-cv-video-pour-impulser-lemploi\/\"},\"wordCount\":461,\"commentCount\":0,\"publisher\":{\"@id\":\"https:\/\/kapitalis.com\/tunisie\/#organization\"},\"image\":{\"@id\":\"https:\/\/kapitalis.com\/tunisie\/2018\/05\/24\/projet-face-tunisie-le-cv-video-pour-impulser-lemploi\/#primaryimage\"},\"thumbnailUrl\":\"\",\"keywords\":[\"Face Tunisie\",\"Vermeg\",\"Zahra Ben Nasr\"],\"articleSection\":[\"ECONOMIE\",\"Tunisie\"],\"inLanguage\":\"fr-FR\",\"potentialAction\":[{\"@type\":\"CommentAction\",\"name\":\"Comment\",\"target\":[\"https:\/\/kapitalis.com\/tunisie\/2018\/05\/24\/projet-face-tunisie-le-cv-video-pour-impulser-lemploi\/#respond\"]}]},{\"@type\":\"WebPage\",\"@id\":\"https:\/\/kapitalis.com\/tunisie\/2018\/05\/24\/projet-face-tunisie-le-cv-video-pour-impulser-lemploi\/\",\"url\":\"https:\/\/kapitalis.com\/tunisie\/2018\/05\/24\/projet-face-tunisie-le-cv-video-pour-impulser-lemploi\/\",\"name\":\"Projet Face Tunisie : Le CV-vid\u00e9o pour impulser l\u2019emploi - Kapitalis\",\"isPartOf\":{\"@id\":\"https:\/\/kapitalis.com\/tunisie\/#website\"},\"primaryImageOfPage\":{\"@id\":\"https:\/\/kapitalis.com\/tunisie\/2018\/05\/24\/projet-face-tunisie-le-cv-video-pour-impulser-lemploi\/#primaryimage\"},\"image\":{\"@id\":\"https:\/\/kapitalis.com\/tunisie\/2018\/05\/24\/projet-face-tunisie-le-cv-video-pour-impulser-lemploi\/#primaryimage\"},\"thumbnailUrl\":\"\",\"datePublished\":\"2018-05-24T20:20:16+00:00\",\"breadcrumb\":{\"@id\":\"https:\/\/kapitalis.com\/tunisie\/2018\/05\/24\/projet-face-tunisie-le-cv-video-pour-impulser-lemploi\/#breadcrumb\"},\"inLanguage\":\"fr-FR\",\"potentialAction\":[{\"@type\":\"ReadAction\",\"target\":[\"https:\/\/kapitalis.com\/tunisie\/2018\/05\/24\/projet-face-tunisie-le-cv-video-pour-impulser-lemploi\/\"]}]},{\"@type\":\"ImageObject\",\"inLanguage\":\"fr-FR\",\"@id\":\"https:\/\/kapitalis.com\/tunisie\/2018\/05\/24\/projet-face-tunisie-le-cv-video-pour-impulser-lemploi\/#primaryimage\",\"url\":\"\",\"contentUrl\":\"\"},{\"@type\":\"BreadcrumbList\",\"@id\":\"https:\/\/kapitalis.com\/tunisie\/2018\/05\/24\/projet-face-tunisie-le-cv-video-pour-impulser-lemploi\/#breadcrumb\",\"itemListElement\":[{\"@type\":\"ListItem\",\"position\":1,\"name\":\"Accueil\",\"item\":\"https:\/\/kapitalis.com\/tunisie\/\"},{\"@type\":\"ListItem\",\"position\":2,\"name\":\"Projet Face Tunisie : Le CV-vid\u00e9o pour impulser l\u2019emploi\"}]},{\"@type\":\"WebSite\",\"@id\":\"https:\/\/kapitalis.com\/tunisie\/#website\",\"url\":\"https:\/\/kapitalis.com\/tunisie\/\",\"name\":\"Kapitalis\",\"description\":\"L&#039;actualit\u00e9 en Tunisie et dans le monde\",\"publisher\":{\"@id\":\"https:\/\/kapitalis.com\/tunisie\/#organization\"},\"potentialAction\":[{\"@type\":\"SearchAction\",\"target\":{\"@type\":\"EntryPoint\",\"urlTemplate\":\"https:\/\/kapitalis.com\/tunisie\/?s={search_term_string}\"},\"query-input\":{\"@type\":\"PropertyValueSpecification\",\"valueRequired\":true,\"valueName\":\"search_term_string\"}}],\"inLanguage\":\"fr-FR\"},{\"@type\":\"Organization\",\"@id\":\"https:\/\/kapitalis.com\/tunisie\/#organization\",\"name\":\"Kapitalis\",\"url\":\"https:\/\/kapitalis.com\/tunisie\/\",\"logo\":{\"@type\":\"ImageObject\",\"inLanguage\":\"fr-FR\",\"@id\":\"https:\/\/kapitalis.com\/tunisie\/#\/schema\/logo\/image\/\",\"url\":\"https:\/\/kapitalis.com\/tunisie\/wp-content\/uploads\/2022\/05\/Kapitalis-big-size.png\",\"contentUrl\":\"https:\/\/kapitalis.com\/tunisie\/wp-content\/uploads\/2022\/05\/Kapitalis-big-size.png\",\"width\":5000,\"height\":1500,\"caption\":\"Kapitalis\"},\"image\":{\"@id\":\"https:\/\/kapitalis.com\/tunisie\/#\/schema\/logo\/image\/\"},\"sameAs\":[\"https:\/\/www.facebook.com\/KapitalisInfo\/\",\"https:\/\/x.com\/KapitalisInfo\",\"https:\/\/www.youtube.com\/channel\/UC-yDYrHyfFBWWZaOw3FPg9Q\"]},{\"@type\":\"Person\",\"@id\":\"https:\/\/kapitalis.com\/tunisie\/#\/schema\/person\/d71f33a9ca44f7bad4698210b480c8e9\",\"name\":\"webmaster kapitalis\",\"url\":\"https:\/\/kapitalis.com\/tunisie\/author\/webmaster-kapitalis\/\"}]}<\/script>\n<!-- \/ Yoast SEO plugin. -->","yoast_head_json":{"title":"Projet Face Tunisie : Le CV-vid\u00e9o pour impulser l\u2019emploi - Kapitalis","robots":{"index":"index","follow":"follow","max-snippet":"max-snippet:-1","max-image-preview":"max-image-preview:large","max-video-preview":"max-video-preview:-1"},"canonical":"https:\/\/kapitalis.com\/tunisie\/2018\/05\/24\/projet-face-tunisie-le-cv-video-pour-impulser-lemploi\/","og_locale":"fr_FR","og_type":"article","og_title":"Projet Face Tunisie : Le CV-vid\u00e9o pour impulser l\u2019emploi - Kapitalis","og_description":"Face Tunisie vient de lancer officiellement son projet \u2018\u2018Le CV-vid\u00e9o face \u00e0 l\u2019emploi\u2019\u2019 , dont les annonces d\u2019emploi collect\u00e9es et les candidatures en vid\u00e9o film\u00e9es sont diffus\u00e9es sur les r\u00e9seaux sociaux et int\u00e9gr\u00e9es dans une plateforme web internationale de la Fondation Agir Contre l\u2019Exclusion.\u00a0","og_url":"https:\/\/kapitalis.com\/tunisie\/2018\/05\/24\/projet-face-tunisie-le-cv-video-pour-impulser-lemploi\/","og_site_name":"Kapitalis","article_publisher":"https:\/\/www.facebook.com\/KapitalisInfo\/","article_published_time":"2018-05-24T20:20:16+00:00","og_image":[{"width":1200,"height":630,"url":"https:\/\/kapitalis.com\/tunisie\/wp-content\/uploads\/2022\/05\/kapitalis-logo-fb.png","type":"image\/png"}],"author":"webmaster kapitalis","twitter_card":"summary_large_image","twitter_creator":"@KapitalisInfo","twitter_site":"@KapitalisInfo","twitter_misc":{"\u00c9crit par":"webmaster kapitalis","Dur\u00e9e de lecture estim\u00e9e":"2 minutes"},"schema":{"@context":"https:\/\/schema.org","@graph":[{"@type":"Article","@id":"https:\/\/kapitalis.com\/tunisie\/2018\/05\/24\/projet-face-tunisie-le-cv-video-pour-impulser-lemploi\/#article","isPartOf":{"@id":"https:\/\/kapitalis.com\/tunisie\/2018\/05\/24\/projet-face-tunisie-le-cv-video-pour-impulser-lemploi\/"},"author":{"name":"webmaster kapitalis","@id":"https:\/\/kapitalis.com\/tunisie\/#\/schema\/person\/d71f33a9ca44f7bad4698210b480c8e9"},"headline":"Projet Face Tunisie : Le CV-vid\u00e9o pour impulser l\u2019emploi","datePublished":"2018-05-24T20:20:16+00:00","mainEntityOfPage":{"@id":"https:\/\/kapitalis.com\/tunisie\/2018\/05\/24\/projet-face-tunisie-le-cv-video-pour-impulser-lemploi\/"},"wordCount":461,"commentCount":0,"publisher":{"@id":"https:\/\/kapitalis.com\/tunisie\/#organization"},"image":{"@id":"https:\/\/kapitalis.com\/tunisie\/2018\/05\/24\/projet-face-tunisie-le-cv-video-pour-impulser-lemploi\/#primaryimage"},"thumbnailUrl":"","keywords":["Face Tunisie","Vermeg","Zahra Ben Nasr"],"articleSection":["ECONOMIE","Tunisie"],"inLanguage":"fr-FR","potentialAction":[{"@type":"CommentAction","name":"Comment","target":["https:\/\/kapitalis.com\/tunisie\/2018\/05\/24\/projet-face-tunisie-le-cv-video-pour-impulser-lemploi\/#respond"]}]},{"@type":"WebPage","@id":"https:\/\/kapitalis.com\/tunisie\/2018\/05\/24\/projet-face-tunisie-le-cv-video-pour-impulser-lemploi\/","url":"https:\/\/kapitalis.com\/tunisie\/2018\/05\/24\/projet-face-tunisie-le-cv-video-pour-impulser-lemploi\/","name":"Projet Face Tunisie : Le CV-vid\u00e9o pour impulser l\u2019emploi - Kapitalis","isPartOf":{"@id":"https:\/\/kapitalis.com\/tunisie\/#website"},"primaryImageOfPage":{"@id":"https:\/\/kapitalis.com\/tunisie\/2018\/05\/24\/projet-face-tunisie-le-cv-video-pour-impulser-lemploi\/#primaryimage"},"image":{"@id":"https:\/\/kapitalis.com\/tunisie\/2018\/05\/24\/projet-face-tunisie-le-cv-video-pour-impulser-lemploi\/#primaryimage"},"thumbnailUrl":"","datePublished":"2018-05-24T20:20:16+00:00","breadcrumb":{"@id":"https:\/\/kapitalis.com\/tunisie\/2018\/05\/24\/projet-face-tunisie-le-cv-video-pour-impulser-lemploi\/#breadcrumb"},"inLanguage":"fr-FR","potentialAction":[{"@type":"ReadAction","target":["https:\/\/kapitalis.com\/tunisie\/2018\/05\/24\/projet-face-tunisie-le-cv-video-pour-impulser-lemploi\/"]}]},{"@type":"ImageObject","inLanguage":"fr-FR","@id":"https:\/\/kapitalis.com\/tunisie\/2018\/05\/24\/projet-face-tunisie-le-cv-video-pour-impulser-lemploi\/#primaryimage","url":"","contentUrl":""},{"@type":"BreadcrumbList","@id":"https:\/\/kapitalis.com\/tunisie\/2018\/05\/24\/projet-face-tunisie-le-cv-video-pour-impulser-lemploi\/#breadcrumb","itemListElement":[{"@type":"ListItem","position":1,"name":"Accueil","item":"https:\/\/kapitalis.com\/tunisie\/"},{"@type":"ListItem","position":2,"name":"Projet Face Tunisie : Le CV-vid\u00e9o pour impulser l\u2019emploi"}]},{"@type":"WebSite","@id":"https:\/\/kapitalis.com\/tunisie\/#website","url":"https:\/\/kapitalis.com\/tunisie\/","name":"Kapitalis","description":"L&#039;actualit\u00e9 en Tunisie et dans le monde","publisher":{"@id":"https:\/\/kapitalis.com\/tunisie\/#organization"},"potentialAction":[{"@type":"SearchAction","target":{"@type":"EntryPoint","urlTemplate":"https:\/\/kapitalis.com\/tunisie\/?s={search_term_string}"},"query-input":{"@type":"PropertyValueSpecification","valueRequired":true,"valueName":"search_term_string"}}],"inLanguage":"fr-FR"},{"@type":"Organization","@id":"https:\/\/kapitalis.com\/tunisie\/#organization","name":"Kapitalis","url":"https:\/\/kapitalis.com\/tunisie\/","logo":{"@type":"ImageObject","inLanguage":"fr-FR","@id":"https:\/\/kapitalis.com\/tunisie\/#\/schema\/logo\/image\/","url":"https:\/\/kapitalis.com\/tunisie\/wp-content\/uploads\/2022\/05\/Kapitalis-big-size.png","contentUrl":"https:\/\/kapitalis.com\/tunisie\/wp-content\/uploads\/2022\/05\/Kapitalis-big-size.png","width":5000,"height":1500,"caption":"Kapitalis"},"image":{"@id":"https:\/\/kapitalis.com\/tunisie\/#\/schema\/logo\/image\/"},"sameAs":["https:\/\/www.facebook.com\/KapitalisInfo\/","https:\/\/x.com\/KapitalisInfo","https:\/\/www.youtube.com\/channel\/UC-yDYrHyfFBWWZaOw3FPg9Q"]},{"@type":"Person","@id":"https:\/\/kapitalis.com\/tunisie\/#\/schema\/person\/d71f33a9ca44f7bad4698210b480c8e9","name":"webmaster kapitalis","url":"https:\/\/kapitalis.com\/tunisie\/author\/webmaster-kapitalis\/"}]}},"_links":{"self":[{"href":"https:\/\/kapitalis.com\/tunisie\/wp-json\/wp\/v2\/posts\/155994","targetHints":{"allow":["GET"]}}],"collection":[{"href":"https:\/\/kapitalis.com\/tunisie\/wp-json\/wp\/v2\/posts"}],"about":[{"href":"https:\/\/kapitalis.com\/tunisie\/wp-json\/wp\/v2\/types\/post"}],"author":[{"embeddable":true,"href":"https:\/\/kapitalis.com\/tunisie\/wp-json\/wp\/v2\/users\/8"}],"replies":[{"embeddable":true,"href":"https:\/\/kapitalis.com\/tunisie\/wp-json\/wp\/v2\/comments?post=155994"}],"version-history":[{"count":0,"href":"https:\/\/kapitalis.com\/tunisie\/wp-json\/wp\/v2\/posts\/155994\/revisions"}],"wp:featuredmedia":[{"embeddable":true,"href":"https:\/\/kapitalis.com\/tunisie\/wp-json\/wp\/v2\/media\/155995"}],"wp:attachment":[{"href":"https:\/\/kapitalis.com\/tunisie\/wp-json\/wp\/v2\/media?parent=155994"}],"wp:term":[{"taxonomy":"category","embeddable":true,"href":"https:\/\/kapitalis.com\/tunisie\/wp-json\/wp\/v2\/categories?post=155994"},{"taxonomy":"post_tag","embeddable":true,"href":"https:\/\/kapitalis.com\/tunisie\/wp-json\/wp\/v2\/tags?post=155994"}],"curies":[{"name":"wp","href":"https:\/\/api.w.org\/{rel}","templated":true}]}}