{"id":15601365,"date":"2025-02-20T09:52:48","date_gmt":"2025-02-20T08:52:48","guid":{"rendered":"https:\/\/kapitalis.com\/tunisie\/?p=15601365"},"modified":"2025-02-20T09:52:50","modified_gmt":"2025-02-20T08:52:50","slug":"colloque-a-tunis-sur-la-gestion-des-catastrophes-naturelles","status":"publish","type":"post","link":"https:\/\/kapitalis.com\/tunisie\/2025\/02\/20\/colloque-a-tunis-sur-la-gestion-des-catastrophes-naturelles\/","title":{"rendered":"Colloque \u00e0 Tunis sur la gestion des catastrophes naturelles"},"content":{"rendered":"\n<p><strong><em>\u00ab<\/em><\/strong><strong><em>Une plus grande coop\u00e9ration arabe est n\u00e9cessaire pour faire face aux catastrophes naturelles, qui deviennent de plus en plus fr\u00e9quentes dans les pays arabes en raison du changement climatique et de ses r\u00e9percussions sur ces pays.\u00bb<\/em><\/strong><\/p>\n\n\n\n<!--more-->\n\n\n\n<p>C\u2019est ce qu\u2019ont affirm\u00e9 les participants \u00e0 un colloque scientifique intitul\u00e9 <em>\u00abUrgence, gestion des risques et r\u00e9ponse aux catastrophes naturelles\u00bb<\/em>, organis\u00e9 par la Protection civile tunisienne, en collaboration avec l\u2019Universit\u00e9 arabe Naif des sciences de s\u00e9curit\u00e9 (Nauss) et l\u2019Organisation internationale de protection civile (OIPC), qui a r\u00e9uni des experts pour discuter des strat\u00e9gies de contr\u00f4le et des m\u00e9canismes efficaces pour g\u00e9rer les r\u00e9ponses sur le terrain en cas d\u2019urgence, de crise ou de catastrophe naturelle.<\/p>\n\n\n\n<p>La conf\u00e9rence s\u2019est \u00e9galement concentr\u00e9e sur les m\u00e9thodes permettant de pr\u00e9venir et d\u2019att\u00e9nuer l\u2019impact des catastrophes gr\u00e2ce \u00e0 des plans et techniques int\u00e9gr\u00e9s de pr\u00e9vision et de r\u00e9ponse rapide, afin de sensibiliser les participants aux cons\u00e9quences du changement climatique et aux nouvelles formes de criminalit\u00e9 environnementale qui influencent les strat\u00e9gies de protection civile.<\/p>\n\n\n\n<p>Le ministre de l&rsquo;Int\u00e9rieur, Khaled Nouri, a d\u00e9clar\u00e9 qu\u2019aucun pays, quelles que soient ses capacit\u00e9s, ne peut faire face seul aux crises et aux catastrophes naturelles sans le soutien de ses partenaires internationaux.<\/p>\n","protected":false},"excerpt":{"rendered":"<p>Une plus grande coop\u00e9ration arabe est n\u00e9cessaire pour faire face aux catastrophes naturelles. <\/p>\n","protected":false},"author":8,"featured_media":15601411,"comment_status":"open","ping_status":"open","sticky":false,"template":"","format":"standard","meta":{"footnotes":""},"categories":[995,998,2433],"tags":[4498,24073,115889,754],"class_list":["post-15601365","post","type-post","status-publish","format-standard","has-post-thumbnail","hentry","category-economie","category-societe","category-tunisie","tag-catastrophes-naturelles","tag-changement-climatique","tag-khaled-nouri","tag-protection-civile"],"yoast_head":"<!-- This site is optimized with the Yoast SEO plugin v26.6 - https:\/\/yoast.com\/wordpress\/plugins\/seo\/ -->\n<title>Colloque \u00e0 Tunis sur la gestion des catastrophes naturelles - Kapitalis<\/title>\n<meta name=\"robots\" content=\"index, follow, max-snippet:-1, max-image-preview:large, max-video-preview:-1\" \/>\n<link rel=\"canonical\" href=\"https:\/\/kapitalis.com\/tunisie\/2025\/02\/20\/colloque-a-tunis-sur-la-gestion-des-catastrophes-naturelles\/\" \/>\n<meta property=\"og:locale\" content=\"fr_FR\" \/>\n<meta property=\"og:type\" content=\"article\" \/>\n<meta property=\"og:title\" content=\"Colloque \u00e0 Tunis sur la gestion des catastrophes naturelles - Kapitalis\" \/>\n<meta property=\"og:description\" content=\"Une plus grande coop\u00e9ration arabe est n\u00e9cessaire pour faire face aux catastrophes naturelles.\" \/>\n<meta property=\"og:url\" content=\"https:\/\/kapitalis.com\/tunisie\/2025\/02\/20\/colloque-a-tunis-sur-la-gestion-des-catastrophes-naturelles\/\" \/>\n<meta property=\"og:site_name\" content=\"Kapitalis\" \/>\n<meta property=\"article:publisher\" content=\"https:\/\/www.facebook.com\/KapitalisInfo\/\" \/>\n<meta property=\"article:published_time\" content=\"2025-02-20T08:52:48+00:00\" \/>\n<meta property=\"article:modified_time\" content=\"2025-02-20T08:52:50+00:00\" \/>\n<meta property=\"og:image\" content=\"https:\/\/kapitalis.com\/tunisie\/wp-content\/uploads\/2025\/02\/Protection-civile.jpg\" \/>\n\t<meta property=\"og:image:width\" content=\"1200\" \/>\n\t<meta property=\"og:image:height\" content=\"630\" \/>\n\t<meta property=\"og:image:type\" content=\"image\/jpeg\" \/>\n<meta name=\"author\" content=\"webmaster kapitalis\" \/>\n<meta name=\"twitter:card\" content=\"summary_large_image\" \/>\n<meta name=\"twitter:creator\" content=\"@KapitalisInfo\" \/>\n<meta name=\"twitter:site\" content=\"@KapitalisInfo\" \/>\n<meta name=\"twitter:label1\" content=\"\u00c9crit par\" \/>\n\t<meta name=\"twitter:data1\" content=\"webmaster kapitalis\" \/>\n\t<meta name=\"twitter:label2\" content=\"Dur\u00e9e de lecture estim\u00e9e\" \/>\n\t<meta name=\"twitter:data2\" content=\"2 minutes\" \/>\n<script type=\"application\/ld+json\" class=\"yoast-schema-graph\">{\"@context\":\"https:\/\/schema.org\",\"@graph\":[{\"@type\":\"Article\",\"@id\":\"https:\/\/kapitalis.com\/tunisie\/2025\/02\/20\/colloque-a-tunis-sur-la-gestion-des-catastrophes-naturelles\/#article\",\"isPartOf\":{\"@id\":\"https:\/\/kapitalis.com\/tunisie\/2025\/02\/20\/colloque-a-tunis-sur-la-gestion-des-catastrophes-naturelles\/\"},\"author\":{\"name\":\"webmaster kapitalis\",\"@id\":\"https:\/\/kapitalis.com\/tunisie\/#\/schema\/person\/d71f33a9ca44f7bad4698210b480c8e9\"},\"headline\":\"Colloque \u00e0 Tunis sur la gestion des catastrophes naturelles\",\"datePublished\":\"2025-02-20T08:52:48+00:00\",\"dateModified\":\"2025-02-20T08:52:50+00:00\",\"mainEntityOfPage\":{\"@id\":\"https:\/\/kapitalis.com\/tunisie\/2025\/02\/20\/colloque-a-tunis-sur-la-gestion-des-catastrophes-naturelles\/\"},\"wordCount\":239,\"commentCount\":0,\"publisher\":{\"@id\":\"https:\/\/kapitalis.com\/tunisie\/#organization\"},\"image\":{\"@id\":\"https:\/\/kapitalis.com\/tunisie\/2025\/02\/20\/colloque-a-tunis-sur-la-gestion-des-catastrophes-naturelles\/#primaryimage\"},\"thumbnailUrl\":\"https:\/\/kapitalis.com\/tunisie\/wp-content\/uploads\/2025\/02\/Protection-civile.jpg\",\"keywords\":[\"catastrophes naturelles\",\"changement climatique\",\"Khaled Nouri\",\"protection civile\"],\"articleSection\":[\"ECONOMIE\",\"SOCIETE\",\"Tunisie\"],\"inLanguage\":\"fr-FR\",\"potentialAction\":[{\"@type\":\"CommentAction\",\"name\":\"Comment\",\"target\":[\"https:\/\/kapitalis.com\/tunisie\/2025\/02\/20\/colloque-a-tunis-sur-la-gestion-des-catastrophes-naturelles\/#respond\"]}]},{\"@type\":\"WebPage\",\"@id\":\"https:\/\/kapitalis.com\/tunisie\/2025\/02\/20\/colloque-a-tunis-sur-la-gestion-des-catastrophes-naturelles\/\",\"url\":\"https:\/\/kapitalis.com\/tunisie\/2025\/02\/20\/colloque-a-tunis-sur-la-gestion-des-catastrophes-naturelles\/\",\"name\":\"Colloque \u00e0 Tunis sur la gestion des catastrophes naturelles - Kapitalis\",\"isPartOf\":{\"@id\":\"https:\/\/kapitalis.com\/tunisie\/#website\"},\"primaryImageOfPage\":{\"@id\":\"https:\/\/kapitalis.com\/tunisie\/2025\/02\/20\/colloque-a-tunis-sur-la-gestion-des-catastrophes-naturelles\/#primaryimage\"},\"image\":{\"@id\":\"https:\/\/kapitalis.com\/tunisie\/2025\/02\/20\/colloque-a-tunis-sur-la-gestion-des-catastrophes-naturelles\/#primaryimage\"},\"thumbnailUrl\":\"https:\/\/kapitalis.com\/tunisie\/wp-content\/uploads\/2025\/02\/Protection-civile.jpg\",\"datePublished\":\"2025-02-20T08:52:48+00:00\",\"dateModified\":\"2025-02-20T08:52:50+00:00\",\"breadcrumb\":{\"@id\":\"https:\/\/kapitalis.com\/tunisie\/2025\/02\/20\/colloque-a-tunis-sur-la-gestion-des-catastrophes-naturelles\/#breadcrumb\"},\"inLanguage\":\"fr-FR\",\"potentialAction\":[{\"@type\":\"ReadAction\",\"target\":[\"https:\/\/kapitalis.com\/tunisie\/2025\/02\/20\/colloque-a-tunis-sur-la-gestion-des-catastrophes-naturelles\/\"]}]},{\"@type\":\"ImageObject\",\"inLanguage\":\"fr-FR\",\"@id\":\"https:\/\/kapitalis.com\/tunisie\/2025\/02\/20\/colloque-a-tunis-sur-la-gestion-des-catastrophes-naturelles\/#primaryimage\",\"url\":\"https:\/\/kapitalis.com\/tunisie\/wp-content\/uploads\/2025\/02\/Protection-civile.jpg\",\"contentUrl\":\"https:\/\/kapitalis.com\/tunisie\/wp-content\/uploads\/2025\/02\/Protection-civile.jpg\",\"width\":1200,\"height\":630},{\"@type\":\"BreadcrumbList\",\"@id\":\"https:\/\/kapitalis.com\/tunisie\/2025\/02\/20\/colloque-a-tunis-sur-la-gestion-des-catastrophes-naturelles\/#breadcrumb\",\"itemListElement\":[{\"@type\":\"ListItem\",\"position\":1,\"name\":\"Accueil\",\"item\":\"https:\/\/kapitalis.com\/tunisie\/\"},{\"@type\":\"ListItem\",\"position\":2,\"name\":\"Colloque \u00e0 Tunis sur la gestion des catastrophes naturelles\"}]},{\"@type\":\"WebSite\",\"@id\":\"https:\/\/kapitalis.com\/tunisie\/#website\",\"url\":\"https:\/\/kapitalis.com\/tunisie\/\",\"name\":\"Kapitalis\",\"description\":\"L&#039;actualit\u00e9 en Tunisie et dans le monde\",\"publisher\":{\"@id\":\"https:\/\/kapitalis.com\/tunisie\/#organization\"},\"potentialAction\":[{\"@type\":\"SearchAction\",\"target\":{\"@type\":\"EntryPoint\",\"urlTemplate\":\"https:\/\/kapitalis.com\/tunisie\/?s={search_term_string}\"},\"query-input\":{\"@type\":\"PropertyValueSpecification\",\"valueRequired\":true,\"valueName\":\"search_term_string\"}}],\"inLanguage\":\"fr-FR\"},{\"@type\":\"Organization\",\"@id\":\"https:\/\/kapitalis.com\/tunisie\/#organization\",\"name\":\"Kapitalis\",\"url\":\"https:\/\/kapitalis.com\/tunisie\/\",\"logo\":{\"@type\":\"ImageObject\",\"inLanguage\":\"fr-FR\",\"@id\":\"https:\/\/kapitalis.com\/tunisie\/#\/schema\/logo\/image\/\",\"url\":\"https:\/\/kapitalis.com\/tunisie\/wp-content\/uploads\/2022\/05\/Kapitalis-big-size.png\",\"contentUrl\":\"https:\/\/kapitalis.com\/tunisie\/wp-content\/uploads\/2022\/05\/Kapitalis-big-size.png\",\"width\":5000,\"height\":1500,\"caption\":\"Kapitalis\"},\"image\":{\"@id\":\"https:\/\/kapitalis.com\/tunisie\/#\/schema\/logo\/image\/\"},\"sameAs\":[\"https:\/\/www.facebook.com\/KapitalisInfo\/\",\"https:\/\/x.com\/KapitalisInfo\",\"https:\/\/www.youtube.com\/channel\/UC-yDYrHyfFBWWZaOw3FPg9Q\"]},{\"@type\":\"Person\",\"@id\":\"https:\/\/kapitalis.com\/tunisie\/#\/schema\/person\/d71f33a9ca44f7bad4698210b480c8e9\",\"name\":\"webmaster kapitalis\",\"url\":\"https:\/\/kapitalis.com\/tunisie\/author\/webmaster-kapitalis\/\"}]}<\/script>\n<!-- \/ Yoast SEO plugin. -->","yoast_head_json":{"title":"Colloque \u00e0 Tunis sur la gestion des catastrophes naturelles - Kapitalis","robots":{"index":"index","follow":"follow","max-snippet":"max-snippet:-1","max-image-preview":"max-image-preview:large","max-video-preview":"max-video-preview:-1"},"canonical":"https:\/\/kapitalis.com\/tunisie\/2025\/02\/20\/colloque-a-tunis-sur-la-gestion-des-catastrophes-naturelles\/","og_locale":"fr_FR","og_type":"article","og_title":"Colloque \u00e0 Tunis sur la gestion des catastrophes naturelles - Kapitalis","og_description":"Une plus grande coop\u00e9ration arabe est n\u00e9cessaire pour faire face aux catastrophes naturelles.","og_url":"https:\/\/kapitalis.com\/tunisie\/2025\/02\/20\/colloque-a-tunis-sur-la-gestion-des-catastrophes-naturelles\/","og_site_name":"Kapitalis","article_publisher":"https:\/\/www.facebook.com\/KapitalisInfo\/","article_published_time":"2025-02-20T08:52:48+00:00","article_modified_time":"2025-02-20T08:52:50+00:00","og_image":[{"width":1200,"height":630,"url":"https:\/\/kapitalis.com\/tunisie\/wp-content\/uploads\/2025\/02\/Protection-civile.jpg","type":"image\/jpeg"}],"author":"webmaster kapitalis","twitter_card":"summary_large_image","twitter_creator":"@KapitalisInfo","twitter_site":"@KapitalisInfo","twitter_misc":{"\u00c9crit par":"webmaster kapitalis","Dur\u00e9e de lecture estim\u00e9e":"2 minutes"},"schema":{"@context":"https:\/\/schema.org","@graph":[{"@type":"Article","@id":"https:\/\/kapitalis.com\/tunisie\/2025\/02\/20\/colloque-a-tunis-sur-la-gestion-des-catastrophes-naturelles\/#article","isPartOf":{"@id":"https:\/\/kapitalis.com\/tunisie\/2025\/02\/20\/colloque-a-tunis-sur-la-gestion-des-catastrophes-naturelles\/"},"author":{"name":"webmaster kapitalis","@id":"https:\/\/kapitalis.com\/tunisie\/#\/schema\/person\/d71f33a9ca44f7bad4698210b480c8e9"},"headline":"Colloque \u00e0 Tunis sur la gestion des catastrophes naturelles","datePublished":"2025-02-20T08:52:48+00:00","dateModified":"2025-02-20T08:52:50+00:00","mainEntityOfPage":{"@id":"https:\/\/kapitalis.com\/tunisie\/2025\/02\/20\/colloque-a-tunis-sur-la-gestion-des-catastrophes-naturelles\/"},"wordCount":239,"commentCount":0,"publisher":{"@id":"https:\/\/kapitalis.com\/tunisie\/#organization"},"image":{"@id":"https:\/\/kapitalis.com\/tunisie\/2025\/02\/20\/colloque-a-tunis-sur-la-gestion-des-catastrophes-naturelles\/#primaryimage"},"thumbnailUrl":"https:\/\/kapitalis.com\/tunisie\/wp-content\/uploads\/2025\/02\/Protection-civile.jpg","keywords":["catastrophes naturelles","changement climatique","Khaled Nouri","protection civile"],"articleSection":["ECONOMIE","SOCIETE","Tunisie"],"inLanguage":"fr-FR","potentialAction":[{"@type":"CommentAction","name":"Comment","target":["https:\/\/kapitalis.com\/tunisie\/2025\/02\/20\/colloque-a-tunis-sur-la-gestion-des-catastrophes-naturelles\/#respond"]}]},{"@type":"WebPage","@id":"https:\/\/kapitalis.com\/tunisie\/2025\/02\/20\/colloque-a-tunis-sur-la-gestion-des-catastrophes-naturelles\/","url":"https:\/\/kapitalis.com\/tunisie\/2025\/02\/20\/colloque-a-tunis-sur-la-gestion-des-catastrophes-naturelles\/","name":"Colloque \u00e0 Tunis sur la gestion des catastrophes naturelles - Kapitalis","isPartOf":{"@id":"https:\/\/kapitalis.com\/tunisie\/#website"},"primaryImageOfPage":{"@id":"https:\/\/kapitalis.com\/tunisie\/2025\/02\/20\/colloque-a-tunis-sur-la-gestion-des-catastrophes-naturelles\/#primaryimage"},"image":{"@id":"https:\/\/kapitalis.com\/tunisie\/2025\/02\/20\/colloque-a-tunis-sur-la-gestion-des-catastrophes-naturelles\/#primaryimage"},"thumbnailUrl":"https:\/\/kapitalis.com\/tunisie\/wp-content\/uploads\/2025\/02\/Protection-civile.jpg","datePublished":"2025-02-20T08:52:48+00:00","dateModified":"2025-02-20T08:52:50+00:00","breadcrumb":{"@id":"https:\/\/kapitalis.com\/tunisie\/2025\/02\/20\/colloque-a-tunis-sur-la-gestion-des-catastrophes-naturelles\/#breadcrumb"},"inLanguage":"fr-FR","potentialAction":[{"@type":"ReadAction","target":["https:\/\/kapitalis.com\/tunisie\/2025\/02\/20\/colloque-a-tunis-sur-la-gestion-des-catastrophes-naturelles\/"]}]},{"@type":"ImageObject","inLanguage":"fr-FR","@id":"https:\/\/kapitalis.com\/tunisie\/2025\/02\/20\/colloque-a-tunis-sur-la-gestion-des-catastrophes-naturelles\/#primaryimage","url":"https:\/\/kapitalis.com\/tunisie\/wp-content\/uploads\/2025\/02\/Protection-civile.jpg","contentUrl":"https:\/\/kapitalis.com\/tunisie\/wp-content\/uploads\/2025\/02\/Protection-civile.jpg","width":1200,"height":630},{"@type":"BreadcrumbList","@id":"https:\/\/kapitalis.com\/tunisie\/2025\/02\/20\/colloque-a-tunis-sur-la-gestion-des-catastrophes-naturelles\/#breadcrumb","itemListElement":[{"@type":"ListItem","position":1,"name":"Accueil","item":"https:\/\/kapitalis.com\/tunisie\/"},{"@type":"ListItem","position":2,"name":"Colloque \u00e0 Tunis sur la gestion des catastrophes naturelles"}]},{"@type":"WebSite","@id":"https:\/\/kapitalis.com\/tunisie\/#website","url":"https:\/\/kapitalis.com\/tunisie\/","name":"Kapitalis","description":"L&#039;actualit\u00e9 en Tunisie et dans le monde","publisher":{"@id":"https:\/\/kapitalis.com\/tunisie\/#organization"},"potentialAction":[{"@type":"SearchAction","target":{"@type":"EntryPoint","urlTemplate":"https:\/\/kapitalis.com\/tunisie\/?s={search_term_string}"},"query-input":{"@type":"PropertyValueSpecification","valueRequired":true,"valueName":"search_term_string"}}],"inLanguage":"fr-FR"},{"@type":"Organization","@id":"https:\/\/kapitalis.com\/tunisie\/#organization","name":"Kapitalis","url":"https:\/\/kapitalis.com\/tunisie\/","logo":{"@type":"ImageObject","inLanguage":"fr-FR","@id":"https:\/\/kapitalis.com\/tunisie\/#\/schema\/logo\/image\/","url":"https:\/\/kapitalis.com\/tunisie\/wp-content\/uploads\/2022\/05\/Kapitalis-big-size.png","contentUrl":"https:\/\/kapitalis.com\/tunisie\/wp-content\/uploads\/2022\/05\/Kapitalis-big-size.png","width":5000,"height":1500,"caption":"Kapitalis"},"image":{"@id":"https:\/\/kapitalis.com\/tunisie\/#\/schema\/logo\/image\/"},"sameAs":["https:\/\/www.facebook.com\/KapitalisInfo\/","https:\/\/x.com\/KapitalisInfo","https:\/\/www.youtube.com\/channel\/UC-yDYrHyfFBWWZaOw3FPg9Q"]},{"@type":"Person","@id":"https:\/\/kapitalis.com\/tunisie\/#\/schema\/person\/d71f33a9ca44f7bad4698210b480c8e9","name":"webmaster kapitalis","url":"https:\/\/kapitalis.com\/tunisie\/author\/webmaster-kapitalis\/"}]}},"_links":{"self":[{"href":"https:\/\/kapitalis.com\/tunisie\/wp-json\/wp\/v2\/posts\/15601365","targetHints":{"allow":["GET"]}}],"collection":[{"href":"https:\/\/kapitalis.com\/tunisie\/wp-json\/wp\/v2\/posts"}],"about":[{"href":"https:\/\/kapitalis.com\/tunisie\/wp-json\/wp\/v2\/types\/post"}],"author":[{"embeddable":true,"href":"https:\/\/kapitalis.com\/tunisie\/wp-json\/wp\/v2\/users\/8"}],"replies":[{"embeddable":true,"href":"https:\/\/kapitalis.com\/tunisie\/wp-json\/wp\/v2\/comments?post=15601365"}],"version-history":[{"count":1,"href":"https:\/\/kapitalis.com\/tunisie\/wp-json\/wp\/v2\/posts\/15601365\/revisions"}],"predecessor-version":[{"id":15601420,"href":"https:\/\/kapitalis.com\/tunisie\/wp-json\/wp\/v2\/posts\/15601365\/revisions\/15601420"}],"wp:featuredmedia":[{"embeddable":true,"href":"https:\/\/kapitalis.com\/tunisie\/wp-json\/wp\/v2\/media\/15601411"}],"wp:attachment":[{"href":"https:\/\/kapitalis.com\/tunisie\/wp-json\/wp\/v2\/media?parent=15601365"}],"wp:term":[{"taxonomy":"category","embeddable":true,"href":"https:\/\/kapitalis.com\/tunisie\/wp-json\/wp\/v2\/categories?post=15601365"},{"taxonomy":"post_tag","embeddable":true,"href":"https:\/\/kapitalis.com\/tunisie\/wp-json\/wp\/v2\/tags?post=15601365"}],"curies":[{"name":"wp","href":"https:\/\/api.w.org\/{rel}","templated":true}]}}