{"id":15631892,"date":"2025-02-22T12:44:33","date_gmt":"2025-02-22T11:44:33","guid":{"rendered":"https:\/\/kapitalis.com\/tunisie\/?p=15631892"},"modified":"2025-02-22T12:44:35","modified_gmt":"2025-02-22T11:44:35","slug":"ces-migrants-et-mineurs-sadonnant-a-la-mendicite-en-tunisie","status":"publish","type":"post","link":"https:\/\/kapitalis.com\/tunisie\/2025\/02\/22\/ces-migrants-et-mineurs-sadonnant-a-la-mendicite-en-tunisie\/","title":{"rendered":"Ces migrants et mineurs s\u2019adonnant \u00e0 la mendicit\u00e9 en Tunisie"},"content":{"rendered":"\n<p><strong><em>\u00a0\u00abUtilis\u00e9 pour r\u00e9colter des fonds dans les rues des villes tunisiennes, des migrants et des mineurs seraient employ\u00e9s par des organisations criminelles en Tunisie pour obtenir de l\u2019argent en mendiant.\u00bb<\/em><\/strong> <em>(Photo: migrants subsahariens \u00e0 El-Amra, Sfax).  <\/em><\/p>\n\n\n\n<!--more-->\n\n\n\n<p>C\u2019est l\u2019Association internationale de d\u00e9fense des droits de l\u2019homme et des m\u00e9dias en Tunisie qui tire la sonnette d\u2019alarme sur ce ph\u00e9nom\u00e8ne d\u2019exploitation des \u00eatres humains, dont les enfants, par des r\u00e9seaux criminels dans les rues de diff\u00e9rentes villes tunisiennes.<\/p>\n\n\n\n<p>Ces groupes organis\u00e9s sont capables de g\u00e9n\u00e9rer des b\u00e9n\u00e9fices allant jusqu\u2019\u00e0 150 dinars par jour (50 euros) pour chaque personne exploit\u00e9e gr\u00e2ce \u00e0 la collecte d\u2019aum\u00f4nes, indique un responsable de cette association dans une d\u00e9claration \u00e0 la radio nationale &nbsp;le 21 f\u00e9vrier 2025. Alors que le nombre de mendiants tunisiens est en baisse, on observe une augmentation significative des mendiants parmi les migrants d\u2019Afrique subsaharienne, ajoute-t-on.<\/p>\n\n\n\n<p>L\u2019association s\u2019est \u00e9galement dite particuli\u00e8rement pr\u00e9occup\u00e9e par l\u2019exploitation des mineurs impliqu\u00e9s dans ces activit\u00e9s illicites. Face \u00e0 cette urgence, elle exhorte les citoyens \u00e0 ne pas donner d\u2019argent directement aux mendiants, mais \u00e0 orienter leurs dons vers des organismes l\u00e9galement reconnus qui viennent en aide aux n\u00e9cessiteux.<\/p>\n\n\n\n<p class=\"has-text-align-right\"><strong>I. B.<\/strong>  <\/p>\n","protected":false},"excerpt":{"rendered":"<p>De plus en plus de migrants et de mineurs s&rsquo;adonnent \u00e0 la mendicit\u00e9 en Tunisie. <\/p>\n","protected":false},"author":8,"featured_media":9861079,"comment_status":"open","ping_status":"open","sticky":false,"template":"","format":"standard","meta":{"footnotes":""},"categories":[998,2433],"tags":[8124,110725,17632,21905,3145,16759,823,62643],"class_list":["post-15631892","post","type-post","status-publish","format-standard","has-post-thumbnail","hentry","category-societe","category-tunisie","tag-afrique-subsaharienne","tag-el-amra","tag-mendiants","tag-mendicite","tag-migrants","tag-mineurs","tag-sfax","tag-tunisie"],"yoast_head":"<!-- This site is optimized with the Yoast SEO plugin v26.6 - https:\/\/yoast.com\/wordpress\/plugins\/seo\/ -->\n<title>Ces migrants et mineurs s\u2019adonnant \u00e0 la mendicit\u00e9 en Tunisie - Kapitalis<\/title>\n<meta name=\"robots\" content=\"index, follow, max-snippet:-1, max-image-preview:large, max-video-preview:-1\" \/>\n<link rel=\"canonical\" href=\"https:\/\/kapitalis.com\/tunisie\/2025\/02\/22\/ces-migrants-et-mineurs-sadonnant-a-la-mendicite-en-tunisie\/\" \/>\n<meta property=\"og:locale\" content=\"fr_FR\" \/>\n<meta property=\"og:type\" content=\"article\" \/>\n<meta property=\"og:title\" content=\"Ces migrants et mineurs s\u2019adonnant \u00e0 la mendicit\u00e9 en Tunisie - Kapitalis\" \/>\n<meta property=\"og:description\" content=\"De plus en plus de migrants et de mineurs s&#039;adonnent \u00e0 la mendicit\u00e9 en Tunisie.\" \/>\n<meta property=\"og:url\" content=\"https:\/\/kapitalis.com\/tunisie\/2025\/02\/22\/ces-migrants-et-mineurs-sadonnant-a-la-mendicite-en-tunisie\/\" \/>\n<meta property=\"og:site_name\" content=\"Kapitalis\" \/>\n<meta property=\"article:publisher\" content=\"https:\/\/www.facebook.com\/KapitalisInfo\/\" \/>\n<meta property=\"article:published_time\" content=\"2025-02-22T11:44:33+00:00\" \/>\n<meta property=\"article:modified_time\" content=\"2025-02-22T11:44:35+00:00\" \/>\n<meta property=\"og:image\" content=\"https:\/\/kapitalis.com\/tunisie\/wp-content\/uploads\/2023\/09\/El-Amra-migrants-subsahariens.jpg\" \/>\n\t<meta property=\"og:image:width\" content=\"1200\" \/>\n\t<meta property=\"og:image:height\" content=\"630\" \/>\n\t<meta property=\"og:image:type\" content=\"image\/jpeg\" \/>\n<meta name=\"author\" content=\"webmaster kapitalis\" \/>\n<meta name=\"twitter:card\" content=\"summary_large_image\" \/>\n<meta name=\"twitter:creator\" content=\"@KapitalisInfo\" \/>\n<meta name=\"twitter:site\" content=\"@KapitalisInfo\" \/>\n<meta name=\"twitter:label1\" content=\"\u00c9crit par\" \/>\n\t<meta name=\"twitter:data1\" content=\"webmaster kapitalis\" \/>\n\t<meta name=\"twitter:label2\" content=\"Dur\u00e9e de lecture estim\u00e9e\" \/>\n\t<meta name=\"twitter:data2\" content=\"2 minutes\" \/>\n<script type=\"application\/ld+json\" class=\"yoast-schema-graph\">{\"@context\":\"https:\/\/schema.org\",\"@graph\":[{\"@type\":\"Article\",\"@id\":\"https:\/\/kapitalis.com\/tunisie\/2025\/02\/22\/ces-migrants-et-mineurs-sadonnant-a-la-mendicite-en-tunisie\/#article\",\"isPartOf\":{\"@id\":\"https:\/\/kapitalis.com\/tunisie\/2025\/02\/22\/ces-migrants-et-mineurs-sadonnant-a-la-mendicite-en-tunisie\/\"},\"author\":{\"name\":\"webmaster kapitalis\",\"@id\":\"https:\/\/kapitalis.com\/tunisie\/#\/schema\/person\/d71f33a9ca44f7bad4698210b480c8e9\"},\"headline\":\"Ces migrants et mineurs s\u2019adonnant \u00e0 la mendicit\u00e9 en Tunisie\",\"datePublished\":\"2025-02-22T11:44:33+00:00\",\"dateModified\":\"2025-02-22T11:44:35+00:00\",\"mainEntityOfPage\":{\"@id\":\"https:\/\/kapitalis.com\/tunisie\/2025\/02\/22\/ces-migrants-et-mineurs-sadonnant-a-la-mendicite-en-tunisie\/\"},\"wordCount\":229,\"commentCount\":1,\"publisher\":{\"@id\":\"https:\/\/kapitalis.com\/tunisie\/#organization\"},\"image\":{\"@id\":\"https:\/\/kapitalis.com\/tunisie\/2025\/02\/22\/ces-migrants-et-mineurs-sadonnant-a-la-mendicite-en-tunisie\/#primaryimage\"},\"thumbnailUrl\":\"https:\/\/kapitalis.com\/tunisie\/wp-content\/uploads\/2023\/09\/El-Amra-migrants-subsahariens.jpg\",\"keywords\":[\"afrique subsaharienne\",\"El-Amra\",\"mendiants\",\"mendicit\u00e9\",\"migrants\",\"mineurs\",\"Sfax\",\"Tunisie\"],\"articleSection\":[\"SOCIETE\",\"Tunisie\"],\"inLanguage\":\"fr-FR\",\"potentialAction\":[{\"@type\":\"CommentAction\",\"name\":\"Comment\",\"target\":[\"https:\/\/kapitalis.com\/tunisie\/2025\/02\/22\/ces-migrants-et-mineurs-sadonnant-a-la-mendicite-en-tunisie\/#respond\"]}]},{\"@type\":\"WebPage\",\"@id\":\"https:\/\/kapitalis.com\/tunisie\/2025\/02\/22\/ces-migrants-et-mineurs-sadonnant-a-la-mendicite-en-tunisie\/\",\"url\":\"https:\/\/kapitalis.com\/tunisie\/2025\/02\/22\/ces-migrants-et-mineurs-sadonnant-a-la-mendicite-en-tunisie\/\",\"name\":\"Ces migrants et mineurs s\u2019adonnant \u00e0 la mendicit\u00e9 en Tunisie - Kapitalis\",\"isPartOf\":{\"@id\":\"https:\/\/kapitalis.com\/tunisie\/#website\"},\"primaryImageOfPage\":{\"@id\":\"https:\/\/kapitalis.com\/tunisie\/2025\/02\/22\/ces-migrants-et-mineurs-sadonnant-a-la-mendicite-en-tunisie\/#primaryimage\"},\"image\":{\"@id\":\"https:\/\/kapitalis.com\/tunisie\/2025\/02\/22\/ces-migrants-et-mineurs-sadonnant-a-la-mendicite-en-tunisie\/#primaryimage\"},\"thumbnailUrl\":\"https:\/\/kapitalis.com\/tunisie\/wp-content\/uploads\/2023\/09\/El-Amra-migrants-subsahariens.jpg\",\"datePublished\":\"2025-02-22T11:44:33+00:00\",\"dateModified\":\"2025-02-22T11:44:35+00:00\",\"breadcrumb\":{\"@id\":\"https:\/\/kapitalis.com\/tunisie\/2025\/02\/22\/ces-migrants-et-mineurs-sadonnant-a-la-mendicite-en-tunisie\/#breadcrumb\"},\"inLanguage\":\"fr-FR\",\"potentialAction\":[{\"@type\":\"ReadAction\",\"target\":[\"https:\/\/kapitalis.com\/tunisie\/2025\/02\/22\/ces-migrants-et-mineurs-sadonnant-a-la-mendicite-en-tunisie\/\"]}]},{\"@type\":\"ImageObject\",\"inLanguage\":\"fr-FR\",\"@id\":\"https:\/\/kapitalis.com\/tunisie\/2025\/02\/22\/ces-migrants-et-mineurs-sadonnant-a-la-mendicite-en-tunisie\/#primaryimage\",\"url\":\"https:\/\/kapitalis.com\/tunisie\/wp-content\/uploads\/2023\/09\/El-Amra-migrants-subsahariens.jpg\",\"contentUrl\":\"https:\/\/kapitalis.com\/tunisie\/wp-content\/uploads\/2023\/09\/El-Amra-migrants-subsahariens.jpg\",\"width\":1200,\"height\":630},{\"@type\":\"BreadcrumbList\",\"@id\":\"https:\/\/kapitalis.com\/tunisie\/2025\/02\/22\/ces-migrants-et-mineurs-sadonnant-a-la-mendicite-en-tunisie\/#breadcrumb\",\"itemListElement\":[{\"@type\":\"ListItem\",\"position\":1,\"name\":\"Accueil\",\"item\":\"https:\/\/kapitalis.com\/tunisie\/\"},{\"@type\":\"ListItem\",\"position\":2,\"name\":\"Ces migrants et mineurs s\u2019adonnant \u00e0 la mendicit\u00e9 en Tunisie\"}]},{\"@type\":\"WebSite\",\"@id\":\"https:\/\/kapitalis.com\/tunisie\/#website\",\"url\":\"https:\/\/kapitalis.com\/tunisie\/\",\"name\":\"Kapitalis\",\"description\":\"L&#039;actualit\u00e9 en Tunisie et dans le monde\",\"publisher\":{\"@id\":\"https:\/\/kapitalis.com\/tunisie\/#organization\"},\"potentialAction\":[{\"@type\":\"SearchAction\",\"target\":{\"@type\":\"EntryPoint\",\"urlTemplate\":\"https:\/\/kapitalis.com\/tunisie\/?s={search_term_string}\"},\"query-input\":{\"@type\":\"PropertyValueSpecification\",\"valueRequired\":true,\"valueName\":\"search_term_string\"}}],\"inLanguage\":\"fr-FR\"},{\"@type\":\"Organization\",\"@id\":\"https:\/\/kapitalis.com\/tunisie\/#organization\",\"name\":\"Kapitalis\",\"url\":\"https:\/\/kapitalis.com\/tunisie\/\",\"logo\":{\"@type\":\"ImageObject\",\"inLanguage\":\"fr-FR\",\"@id\":\"https:\/\/kapitalis.com\/tunisie\/#\/schema\/logo\/image\/\",\"url\":\"https:\/\/kapitalis.com\/tunisie\/wp-content\/uploads\/2022\/05\/Kapitalis-big-size.png\",\"contentUrl\":\"https:\/\/kapitalis.com\/tunisie\/wp-content\/uploads\/2022\/05\/Kapitalis-big-size.png\",\"width\":5000,\"height\":1500,\"caption\":\"Kapitalis\"},\"image\":{\"@id\":\"https:\/\/kapitalis.com\/tunisie\/#\/schema\/logo\/image\/\"},\"sameAs\":[\"https:\/\/www.facebook.com\/KapitalisInfo\/\",\"https:\/\/x.com\/KapitalisInfo\",\"https:\/\/www.youtube.com\/channel\/UC-yDYrHyfFBWWZaOw3FPg9Q\"]},{\"@type\":\"Person\",\"@id\":\"https:\/\/kapitalis.com\/tunisie\/#\/schema\/person\/d71f33a9ca44f7bad4698210b480c8e9\",\"name\":\"webmaster kapitalis\",\"url\":\"https:\/\/kapitalis.com\/tunisie\/author\/webmaster-kapitalis\/\"}]}<\/script>\n<!-- \/ Yoast SEO plugin. -->","yoast_head_json":{"title":"Ces migrants et mineurs s\u2019adonnant \u00e0 la mendicit\u00e9 en Tunisie - Kapitalis","robots":{"index":"index","follow":"follow","max-snippet":"max-snippet:-1","max-image-preview":"max-image-preview:large","max-video-preview":"max-video-preview:-1"},"canonical":"https:\/\/kapitalis.com\/tunisie\/2025\/02\/22\/ces-migrants-et-mineurs-sadonnant-a-la-mendicite-en-tunisie\/","og_locale":"fr_FR","og_type":"article","og_title":"Ces migrants et mineurs s\u2019adonnant \u00e0 la mendicit\u00e9 en Tunisie - Kapitalis","og_description":"De plus en plus de migrants et de mineurs s'adonnent \u00e0 la mendicit\u00e9 en Tunisie.","og_url":"https:\/\/kapitalis.com\/tunisie\/2025\/02\/22\/ces-migrants-et-mineurs-sadonnant-a-la-mendicite-en-tunisie\/","og_site_name":"Kapitalis","article_publisher":"https:\/\/www.facebook.com\/KapitalisInfo\/","article_published_time":"2025-02-22T11:44:33+00:00","article_modified_time":"2025-02-22T11:44:35+00:00","og_image":[{"width":1200,"height":630,"url":"https:\/\/kapitalis.com\/tunisie\/wp-content\/uploads\/2023\/09\/El-Amra-migrants-subsahariens.jpg","type":"image\/jpeg"}],"author":"webmaster kapitalis","twitter_card":"summary_large_image","twitter_creator":"@KapitalisInfo","twitter_site":"@KapitalisInfo","twitter_misc":{"\u00c9crit par":"webmaster kapitalis","Dur\u00e9e de lecture estim\u00e9e":"2 minutes"},"schema":{"@context":"https:\/\/schema.org","@graph":[{"@type":"Article","@id":"https:\/\/kapitalis.com\/tunisie\/2025\/02\/22\/ces-migrants-et-mineurs-sadonnant-a-la-mendicite-en-tunisie\/#article","isPartOf":{"@id":"https:\/\/kapitalis.com\/tunisie\/2025\/02\/22\/ces-migrants-et-mineurs-sadonnant-a-la-mendicite-en-tunisie\/"},"author":{"name":"webmaster kapitalis","@id":"https:\/\/kapitalis.com\/tunisie\/#\/schema\/person\/d71f33a9ca44f7bad4698210b480c8e9"},"headline":"Ces migrants et mineurs s\u2019adonnant \u00e0 la mendicit\u00e9 en Tunisie","datePublished":"2025-02-22T11:44:33+00:00","dateModified":"2025-02-22T11:44:35+00:00","mainEntityOfPage":{"@id":"https:\/\/kapitalis.com\/tunisie\/2025\/02\/22\/ces-migrants-et-mineurs-sadonnant-a-la-mendicite-en-tunisie\/"},"wordCount":229,"commentCount":1,"publisher":{"@id":"https:\/\/kapitalis.com\/tunisie\/#organization"},"image":{"@id":"https:\/\/kapitalis.com\/tunisie\/2025\/02\/22\/ces-migrants-et-mineurs-sadonnant-a-la-mendicite-en-tunisie\/#primaryimage"},"thumbnailUrl":"https:\/\/kapitalis.com\/tunisie\/wp-content\/uploads\/2023\/09\/El-Amra-migrants-subsahariens.jpg","keywords":["afrique subsaharienne","El-Amra","mendiants","mendicit\u00e9","migrants","mineurs","Sfax","Tunisie"],"articleSection":["SOCIETE","Tunisie"],"inLanguage":"fr-FR","potentialAction":[{"@type":"CommentAction","name":"Comment","target":["https:\/\/kapitalis.com\/tunisie\/2025\/02\/22\/ces-migrants-et-mineurs-sadonnant-a-la-mendicite-en-tunisie\/#respond"]}]},{"@type":"WebPage","@id":"https:\/\/kapitalis.com\/tunisie\/2025\/02\/22\/ces-migrants-et-mineurs-sadonnant-a-la-mendicite-en-tunisie\/","url":"https:\/\/kapitalis.com\/tunisie\/2025\/02\/22\/ces-migrants-et-mineurs-sadonnant-a-la-mendicite-en-tunisie\/","name":"Ces migrants et mineurs s\u2019adonnant \u00e0 la mendicit\u00e9 en Tunisie - Kapitalis","isPartOf":{"@id":"https:\/\/kapitalis.com\/tunisie\/#website"},"primaryImageOfPage":{"@id":"https:\/\/kapitalis.com\/tunisie\/2025\/02\/22\/ces-migrants-et-mineurs-sadonnant-a-la-mendicite-en-tunisie\/#primaryimage"},"image":{"@id":"https:\/\/kapitalis.com\/tunisie\/2025\/02\/22\/ces-migrants-et-mineurs-sadonnant-a-la-mendicite-en-tunisie\/#primaryimage"},"thumbnailUrl":"https:\/\/kapitalis.com\/tunisie\/wp-content\/uploads\/2023\/09\/El-Amra-migrants-subsahariens.jpg","datePublished":"2025-02-22T11:44:33+00:00","dateModified":"2025-02-22T11:44:35+00:00","breadcrumb":{"@id":"https:\/\/kapitalis.com\/tunisie\/2025\/02\/22\/ces-migrants-et-mineurs-sadonnant-a-la-mendicite-en-tunisie\/#breadcrumb"},"inLanguage":"fr-FR","potentialAction":[{"@type":"ReadAction","target":["https:\/\/kapitalis.com\/tunisie\/2025\/02\/22\/ces-migrants-et-mineurs-sadonnant-a-la-mendicite-en-tunisie\/"]}]},{"@type":"ImageObject","inLanguage":"fr-FR","@id":"https:\/\/kapitalis.com\/tunisie\/2025\/02\/22\/ces-migrants-et-mineurs-sadonnant-a-la-mendicite-en-tunisie\/#primaryimage","url":"https:\/\/kapitalis.com\/tunisie\/wp-content\/uploads\/2023\/09\/El-Amra-migrants-subsahariens.jpg","contentUrl":"https:\/\/kapitalis.com\/tunisie\/wp-content\/uploads\/2023\/09\/El-Amra-migrants-subsahariens.jpg","width":1200,"height":630},{"@type":"BreadcrumbList","@id":"https:\/\/kapitalis.com\/tunisie\/2025\/02\/22\/ces-migrants-et-mineurs-sadonnant-a-la-mendicite-en-tunisie\/#breadcrumb","itemListElement":[{"@type":"ListItem","position":1,"name":"Accueil","item":"https:\/\/kapitalis.com\/tunisie\/"},{"@type":"ListItem","position":2,"name":"Ces migrants et mineurs s\u2019adonnant \u00e0 la mendicit\u00e9 en Tunisie"}]},{"@type":"WebSite","@id":"https:\/\/kapitalis.com\/tunisie\/#website","url":"https:\/\/kapitalis.com\/tunisie\/","name":"Kapitalis","description":"L&#039;actualit\u00e9 en Tunisie et dans le monde","publisher":{"@id":"https:\/\/kapitalis.com\/tunisie\/#organization"},"potentialAction":[{"@type":"SearchAction","target":{"@type":"EntryPoint","urlTemplate":"https:\/\/kapitalis.com\/tunisie\/?s={search_term_string}"},"query-input":{"@type":"PropertyValueSpecification","valueRequired":true,"valueName":"search_term_string"}}],"inLanguage":"fr-FR"},{"@type":"Organization","@id":"https:\/\/kapitalis.com\/tunisie\/#organization","name":"Kapitalis","url":"https:\/\/kapitalis.com\/tunisie\/","logo":{"@type":"ImageObject","inLanguage":"fr-FR","@id":"https:\/\/kapitalis.com\/tunisie\/#\/schema\/logo\/image\/","url":"https:\/\/kapitalis.com\/tunisie\/wp-content\/uploads\/2022\/05\/Kapitalis-big-size.png","contentUrl":"https:\/\/kapitalis.com\/tunisie\/wp-content\/uploads\/2022\/05\/Kapitalis-big-size.png","width":5000,"height":1500,"caption":"Kapitalis"},"image":{"@id":"https:\/\/kapitalis.com\/tunisie\/#\/schema\/logo\/image\/"},"sameAs":["https:\/\/www.facebook.com\/KapitalisInfo\/","https:\/\/x.com\/KapitalisInfo","https:\/\/www.youtube.com\/channel\/UC-yDYrHyfFBWWZaOw3FPg9Q"]},{"@type":"Person","@id":"https:\/\/kapitalis.com\/tunisie\/#\/schema\/person\/d71f33a9ca44f7bad4698210b480c8e9","name":"webmaster kapitalis","url":"https:\/\/kapitalis.com\/tunisie\/author\/webmaster-kapitalis\/"}]}},"_links":{"self":[{"href":"https:\/\/kapitalis.com\/tunisie\/wp-json\/wp\/v2\/posts\/15631892","targetHints":{"allow":["GET"]}}],"collection":[{"href":"https:\/\/kapitalis.com\/tunisie\/wp-json\/wp\/v2\/posts"}],"about":[{"href":"https:\/\/kapitalis.com\/tunisie\/wp-json\/wp\/v2\/types\/post"}],"author":[{"embeddable":true,"href":"https:\/\/kapitalis.com\/tunisie\/wp-json\/wp\/v2\/users\/8"}],"replies":[{"embeddable":true,"href":"https:\/\/kapitalis.com\/tunisie\/wp-json\/wp\/v2\/comments?post=15631892"}],"version-history":[{"count":1,"href":"https:\/\/kapitalis.com\/tunisie\/wp-json\/wp\/v2\/posts\/15631892\/revisions"}],"predecessor-version":[{"id":15631909,"href":"https:\/\/kapitalis.com\/tunisie\/wp-json\/wp\/v2\/posts\/15631892\/revisions\/15631909"}],"wp:featuredmedia":[{"embeddable":true,"href":"https:\/\/kapitalis.com\/tunisie\/wp-json\/wp\/v2\/media\/9861079"}],"wp:attachment":[{"href":"https:\/\/kapitalis.com\/tunisie\/wp-json\/wp\/v2\/media?parent=15631892"}],"wp:term":[{"taxonomy":"category","embeddable":true,"href":"https:\/\/kapitalis.com\/tunisie\/wp-json\/wp\/v2\/categories?post=15631892"},{"taxonomy":"post_tag","embeddable":true,"href":"https:\/\/kapitalis.com\/tunisie\/wp-json\/wp\/v2\/tags?post=15631892"}],"curies":[{"name":"wp","href":"https:\/\/api.w.org\/{rel}","templated":true}]}}