{"id":156564,"date":"2018-05-28T14:22:50","date_gmt":"2018-05-28T13:22:50","guid":{"rendered":"http:\/\/kapitalis.com\/tunisie\/?p=156564"},"modified":"2018-05-28T14:23:23","modified_gmt":"2018-05-28T13:23:23","slug":"italie-arrestation-du-prisonnier-tunisien-en-fuite-borhan-ayari","status":"publish","type":"post","link":"https:\/\/kapitalis.com\/tunisie\/2018\/05\/28\/italie-arrestation-du-prisonnier-tunisien-en-fuite-borhan-ayari\/","title":{"rendered":"Italie : Arrestation du prisonnier tunisien en fuite Borhan Ayari"},"content":{"rendered":"<p style=\"text-align: center;\"><img loading=\"lazy\" decoding=\"async\" class=\"alignnone size-full wp-image-156565\" src=\"http:\/\/kapitalis.com\/tunisie\/wp-content\/uploads\/2018\/05\/Borhen-Ayari_Italie.jpg\" alt=\"\" width=\"626\" height=\"380\" \/><\/p>\n<p style=\"text-align: center;\"><em>Photo de la police italienne.<\/em><\/p>\n<p><em><strong>Prisonnier tunisien en fuite, Borhen Ben Mohamed Ayari, surnomm\u00e9 \u00ab\u00a0L&rsquo;imam\u00a0\u00bb et connu pour s&rsquo;\u00eatre radicalis\u00e9 derri\u00e8re les barreaux, a \u00e9t\u00e9 arr\u00eat\u00e9 \u00e0 Palerme (Italie).<\/strong><\/em><!--more--><\/p>\n<p>C&rsquo;est ce qu&rsquo;a indiqu\u00e9 le journal italien \u00ab\u00a0<a href=\"http:\/\/palermo.repubblica.it\/cronaca\/2018\/05\/27\/news\/arrestato_a_palermo_un_tunisino_a_rischio_radicalizzazione_che_era_evaso_a_milano-197463006\/\"><em>La Repubblica<\/em><\/a>\u00ab\u00a0, dimanche 27 mai 2018, en pr\u00e9cisant que le Tunisien de 43 ans, condamn\u00e9 \u00e0 7 ans de prison ferme pour trafic de coca\u00efne, avait l&rsquo;intention de revenir \u00e0 son pays natal, et ce apr\u00e8s avoir achet\u00e9 un billet d&rsquo;avion en\u00a0 direction de Tunis et r\u00e9ussi \u00e0 se procurer un faux passeport.<\/p>\n<p>Les agents de la s\u00e9curit\u00e9 italienne interrogent en ce moment Borhen Ayari pour conna\u00eetre l&rsquo;identit\u00e9 des personnes qui l&rsquo;ont aid\u00e9 \u00e0 s&rsquo;\u00e9chapper de l&rsquo;h\u00f4pital o\u00f9 il \u00e9tait soign\u00e9, dans la nuit du 22 au mai courant, et ce apr\u00e8s avoir simul\u00e9 une tentative de suicide, le 18 mai.<\/p>\n<p>Le d\u00e9tenu, qui \u00e9tait surveill\u00e9 de pr\u00e8s par les autorit\u00e9s p\u00e9nitentiaires italienne pour son appel incessant au jihad, avait aval\u00e9 une lame de rasoir.<\/p>\n<p style=\"text-align: right;\"><strong>E. B. A.<\/strong><\/p>\n<blockquote class=\"wp-embedded-content\" data-secret=\"zC4LORITvj\"><p><a href=\"https:\/\/kapitalis.com\/tunisie\/2018\/05\/24\/italie-ayari-un-detenu-radical-tunisien-fuit-dune-prison-de-milan\/\">Italie : Ayari, un d\u00e9tenu radical tunisien, fuit d\u2019une prison de Milan<\/a><\/p><\/blockquote>\n<p><iframe loading=\"lazy\" class=\"wp-embedded-content\" sandbox=\"allow-scripts\" security=\"restricted\" style=\"position: absolute; clip: rect(1px, 1px, 1px, 1px);\" title=\"\u00ab\u00a0Italie : Ayari, un d\u00e9tenu radical tunisien, fuit d\u2019une prison de Milan\u00a0\u00bb &#8212; Kapitalis\" src=\"https:\/\/kapitalis.com\/tunisie\/2018\/05\/24\/italie-ayari-un-detenu-radical-tunisien-fuit-dune-prison-de-milan\/embed\/#?secret=XToRua3vMs#?secret=zC4LORITvj\" data-secret=\"zC4LORITvj\" width=\"600\" height=\"338\" frameborder=\"0\" marginwidth=\"0\" marginheight=\"0\" scrolling=\"no\"><\/iframe><\/p>\n","protected":false},"excerpt":{"rendered":"<p>Photo de la police italienne. Prisonnier tunisien en fuite, Borhen Ben Mohamed Ayari, surnomm\u00e9 \u00ab\u00a0L&rsquo;imam\u00a0\u00bb et connu pour s&rsquo;\u00eatre radicalis\u00e9 derri\u00e8re les barreaux, a \u00e9t\u00e9 arr\u00eat\u00e9 \u00e0 Palerme (Italie).<\/p>\n","protected":false},"author":16,"featured_media":156565,"comment_status":"open","ping_status":"open","sticky":false,"template":"","format":"standard","meta":{"footnotes":""},"categories":[998,2433],"tags":[505,10215,931],"class_list":["post-156564","post","type-post","status-publish","format-standard","has-post-thumbnail","hentry","category-societe","category-tunisie","tag-italie","tag-palerme","tag-tunisien"],"yoast_head":"<!-- This site is optimized with the Yoast SEO plugin v26.6 - https:\/\/yoast.com\/wordpress\/plugins\/seo\/ -->\n<title>Italie : Arrestation du prisonnier tunisien en fuite Borhan Ayari - Kapitalis<\/title>\n<meta name=\"robots\" content=\"index, follow, max-snippet:-1, max-image-preview:large, max-video-preview:-1\" \/>\n<link rel=\"canonical\" href=\"https:\/\/kapitalis.com\/tunisie\/2018\/05\/28\/italie-arrestation-du-prisonnier-tunisien-en-fuite-borhan-ayari\/\" \/>\n<meta property=\"og:locale\" content=\"fr_FR\" \/>\n<meta property=\"og:type\" content=\"article\" \/>\n<meta property=\"og:title\" content=\"Italie : Arrestation du prisonnier tunisien en fuite Borhan Ayari - Kapitalis\" \/>\n<meta property=\"og:description\" content=\"Photo de la police italienne. Prisonnier tunisien en fuite, Borhen Ben Mohamed Ayari, surnomm\u00e9 \u00ab\u00a0L&rsquo;imam\u00a0\u00bb et connu pour s&rsquo;\u00eatre radicalis\u00e9 derri\u00e8re les barreaux, a \u00e9t\u00e9 arr\u00eat\u00e9 \u00e0 Palerme (Italie).\" \/>\n<meta property=\"og:url\" content=\"https:\/\/kapitalis.com\/tunisie\/2018\/05\/28\/italie-arrestation-du-prisonnier-tunisien-en-fuite-borhan-ayari\/\" \/>\n<meta property=\"og:site_name\" content=\"Kapitalis\" \/>\n<meta property=\"article:publisher\" content=\"https:\/\/www.facebook.com\/KapitalisInfo\/\" \/>\n<meta property=\"article:published_time\" content=\"2018-05-28T13:22:50+00:00\" \/>\n<meta property=\"article:modified_time\" content=\"2018-05-28T13:23:23+00:00\" \/>\n<meta property=\"og:image\" content=\"https:\/\/kapitalis.com\/tunisie\/wp-content\/uploads\/2022\/05\/kapitalis-logo-fb.png\" \/>\n\t<meta property=\"og:image:width\" content=\"1200\" \/>\n\t<meta property=\"og:image:height\" content=\"630\" \/>\n\t<meta property=\"og:image:type\" content=\"image\/png\" \/>\n<meta name=\"author\" content=\"emna benabdallah\" \/>\n<meta name=\"twitter:card\" content=\"summary_large_image\" \/>\n<meta name=\"twitter:creator\" content=\"@KapitalisInfo\" \/>\n<meta name=\"twitter:site\" content=\"@KapitalisInfo\" \/>\n<meta name=\"twitter:label1\" content=\"\u00c9crit par\" \/>\n\t<meta name=\"twitter:data1\" content=\"emna benabdallah\" \/>\n\t<meta name=\"twitter:label2\" content=\"Dur\u00e9e de lecture estim\u00e9e\" \/>\n\t<meta name=\"twitter:data2\" content=\"1 minute\" \/>\n<script type=\"application\/ld+json\" class=\"yoast-schema-graph\">{\"@context\":\"https:\/\/schema.org\",\"@graph\":[{\"@type\":\"Article\",\"@id\":\"https:\/\/kapitalis.com\/tunisie\/2018\/05\/28\/italie-arrestation-du-prisonnier-tunisien-en-fuite-borhan-ayari\/#article\",\"isPartOf\":{\"@id\":\"https:\/\/kapitalis.com\/tunisie\/2018\/05\/28\/italie-arrestation-du-prisonnier-tunisien-en-fuite-borhan-ayari\/\"},\"author\":{\"name\":\"emna benabdallah\",\"@id\":\"https:\/\/kapitalis.com\/tunisie\/#\/schema\/person\/2c6e134b2f3369dffcd1daf5f087d28b\"},\"headline\":\"Italie : Arrestation du prisonnier tunisien en fuite Borhan Ayari\",\"datePublished\":\"2018-05-28T13:22:50+00:00\",\"dateModified\":\"2018-05-28T13:23:23+00:00\",\"mainEntityOfPage\":{\"@id\":\"https:\/\/kapitalis.com\/tunisie\/2018\/05\/28\/italie-arrestation-du-prisonnier-tunisien-en-fuite-borhan-ayari\/\"},\"wordCount\":183,\"commentCount\":0,\"publisher\":{\"@id\":\"https:\/\/kapitalis.com\/tunisie\/#organization\"},\"image\":{\"@id\":\"https:\/\/kapitalis.com\/tunisie\/2018\/05\/28\/italie-arrestation-du-prisonnier-tunisien-en-fuite-borhan-ayari\/#primaryimage\"},\"thumbnailUrl\":\"\",\"keywords\":[\"Italie\",\"Palerme\",\"Tunisien\"],\"articleSection\":[\"SOCIETE\",\"Tunisie\"],\"inLanguage\":\"fr-FR\",\"potentialAction\":[{\"@type\":\"CommentAction\",\"name\":\"Comment\",\"target\":[\"https:\/\/kapitalis.com\/tunisie\/2018\/05\/28\/italie-arrestation-du-prisonnier-tunisien-en-fuite-borhan-ayari\/#respond\"]}]},{\"@type\":\"WebPage\",\"@id\":\"https:\/\/kapitalis.com\/tunisie\/2018\/05\/28\/italie-arrestation-du-prisonnier-tunisien-en-fuite-borhan-ayari\/\",\"url\":\"https:\/\/kapitalis.com\/tunisie\/2018\/05\/28\/italie-arrestation-du-prisonnier-tunisien-en-fuite-borhan-ayari\/\",\"name\":\"Italie : Arrestation du prisonnier tunisien en fuite Borhan Ayari - Kapitalis\",\"isPartOf\":{\"@id\":\"https:\/\/kapitalis.com\/tunisie\/#website\"},\"primaryImageOfPage\":{\"@id\":\"https:\/\/kapitalis.com\/tunisie\/2018\/05\/28\/italie-arrestation-du-prisonnier-tunisien-en-fuite-borhan-ayari\/#primaryimage\"},\"image\":{\"@id\":\"https:\/\/kapitalis.com\/tunisie\/2018\/05\/28\/italie-arrestation-du-prisonnier-tunisien-en-fuite-borhan-ayari\/#primaryimage\"},\"thumbnailUrl\":\"\",\"datePublished\":\"2018-05-28T13:22:50+00:00\",\"dateModified\":\"2018-05-28T13:23:23+00:00\",\"breadcrumb\":{\"@id\":\"https:\/\/kapitalis.com\/tunisie\/2018\/05\/28\/italie-arrestation-du-prisonnier-tunisien-en-fuite-borhan-ayari\/#breadcrumb\"},\"inLanguage\":\"fr-FR\",\"potentialAction\":[{\"@type\":\"ReadAction\",\"target\":[\"https:\/\/kapitalis.com\/tunisie\/2018\/05\/28\/italie-arrestation-du-prisonnier-tunisien-en-fuite-borhan-ayari\/\"]}]},{\"@type\":\"ImageObject\",\"inLanguage\":\"fr-FR\",\"@id\":\"https:\/\/kapitalis.com\/tunisie\/2018\/05\/28\/italie-arrestation-du-prisonnier-tunisien-en-fuite-borhan-ayari\/#primaryimage\",\"url\":\"\",\"contentUrl\":\"\"},{\"@type\":\"BreadcrumbList\",\"@id\":\"https:\/\/kapitalis.com\/tunisie\/2018\/05\/28\/italie-arrestation-du-prisonnier-tunisien-en-fuite-borhan-ayari\/#breadcrumb\",\"itemListElement\":[{\"@type\":\"ListItem\",\"position\":1,\"name\":\"Accueil\",\"item\":\"https:\/\/kapitalis.com\/tunisie\/\"},{\"@type\":\"ListItem\",\"position\":2,\"name\":\"Italie : Arrestation du prisonnier tunisien en fuite Borhan Ayari\"}]},{\"@type\":\"WebSite\",\"@id\":\"https:\/\/kapitalis.com\/tunisie\/#website\",\"url\":\"https:\/\/kapitalis.com\/tunisie\/\",\"name\":\"Kapitalis\",\"description\":\"L&#039;actualit\u00e9 en Tunisie et dans le monde\",\"publisher\":{\"@id\":\"https:\/\/kapitalis.com\/tunisie\/#organization\"},\"potentialAction\":[{\"@type\":\"SearchAction\",\"target\":{\"@type\":\"EntryPoint\",\"urlTemplate\":\"https:\/\/kapitalis.com\/tunisie\/?s={search_term_string}\"},\"query-input\":{\"@type\":\"PropertyValueSpecification\",\"valueRequired\":true,\"valueName\":\"search_term_string\"}}],\"inLanguage\":\"fr-FR\"},{\"@type\":\"Organization\",\"@id\":\"https:\/\/kapitalis.com\/tunisie\/#organization\",\"name\":\"Kapitalis\",\"url\":\"https:\/\/kapitalis.com\/tunisie\/\",\"logo\":{\"@type\":\"ImageObject\",\"inLanguage\":\"fr-FR\",\"@id\":\"https:\/\/kapitalis.com\/tunisie\/#\/schema\/logo\/image\/\",\"url\":\"https:\/\/kapitalis.com\/tunisie\/wp-content\/uploads\/2022\/05\/Kapitalis-big-size.png\",\"contentUrl\":\"https:\/\/kapitalis.com\/tunisie\/wp-content\/uploads\/2022\/05\/Kapitalis-big-size.png\",\"width\":5000,\"height\":1500,\"caption\":\"Kapitalis\"},\"image\":{\"@id\":\"https:\/\/kapitalis.com\/tunisie\/#\/schema\/logo\/image\/\"},\"sameAs\":[\"https:\/\/www.facebook.com\/KapitalisInfo\/\",\"https:\/\/x.com\/KapitalisInfo\",\"https:\/\/www.youtube.com\/channel\/UC-yDYrHyfFBWWZaOw3FPg9Q\"]},{\"@type\":\"Person\",\"@id\":\"https:\/\/kapitalis.com\/tunisie\/#\/schema\/person\/2c6e134b2f3369dffcd1daf5f087d28b\",\"name\":\"emna benabdallah\",\"url\":\"https:\/\/kapitalis.com\/tunisie\/author\/emna\/\"}]}<\/script>\n<!-- \/ Yoast SEO plugin. -->","yoast_head_json":{"title":"Italie : Arrestation du prisonnier tunisien en fuite Borhan Ayari - Kapitalis","robots":{"index":"index","follow":"follow","max-snippet":"max-snippet:-1","max-image-preview":"max-image-preview:large","max-video-preview":"max-video-preview:-1"},"canonical":"https:\/\/kapitalis.com\/tunisie\/2018\/05\/28\/italie-arrestation-du-prisonnier-tunisien-en-fuite-borhan-ayari\/","og_locale":"fr_FR","og_type":"article","og_title":"Italie : Arrestation du prisonnier tunisien en fuite Borhan Ayari - Kapitalis","og_description":"Photo de la police italienne. Prisonnier tunisien en fuite, Borhen Ben Mohamed Ayari, surnomm\u00e9 \u00ab\u00a0L&rsquo;imam\u00a0\u00bb et connu pour s&rsquo;\u00eatre radicalis\u00e9 derri\u00e8re les barreaux, a \u00e9t\u00e9 arr\u00eat\u00e9 \u00e0 Palerme (Italie).","og_url":"https:\/\/kapitalis.com\/tunisie\/2018\/05\/28\/italie-arrestation-du-prisonnier-tunisien-en-fuite-borhan-ayari\/","og_site_name":"Kapitalis","article_publisher":"https:\/\/www.facebook.com\/KapitalisInfo\/","article_published_time":"2018-05-28T13:22:50+00:00","article_modified_time":"2018-05-28T13:23:23+00:00","og_image":[{"width":1200,"height":630,"url":"https:\/\/kapitalis.com\/tunisie\/wp-content\/uploads\/2022\/05\/kapitalis-logo-fb.png","type":"image\/png"}],"author":"emna benabdallah","twitter_card":"summary_large_image","twitter_creator":"@KapitalisInfo","twitter_site":"@KapitalisInfo","twitter_misc":{"\u00c9crit par":"emna benabdallah","Dur\u00e9e de lecture estim\u00e9e":"1 minute"},"schema":{"@context":"https:\/\/schema.org","@graph":[{"@type":"Article","@id":"https:\/\/kapitalis.com\/tunisie\/2018\/05\/28\/italie-arrestation-du-prisonnier-tunisien-en-fuite-borhan-ayari\/#article","isPartOf":{"@id":"https:\/\/kapitalis.com\/tunisie\/2018\/05\/28\/italie-arrestation-du-prisonnier-tunisien-en-fuite-borhan-ayari\/"},"author":{"name":"emna benabdallah","@id":"https:\/\/kapitalis.com\/tunisie\/#\/schema\/person\/2c6e134b2f3369dffcd1daf5f087d28b"},"headline":"Italie : Arrestation du prisonnier tunisien en fuite Borhan Ayari","datePublished":"2018-05-28T13:22:50+00:00","dateModified":"2018-05-28T13:23:23+00:00","mainEntityOfPage":{"@id":"https:\/\/kapitalis.com\/tunisie\/2018\/05\/28\/italie-arrestation-du-prisonnier-tunisien-en-fuite-borhan-ayari\/"},"wordCount":183,"commentCount":0,"publisher":{"@id":"https:\/\/kapitalis.com\/tunisie\/#organization"},"image":{"@id":"https:\/\/kapitalis.com\/tunisie\/2018\/05\/28\/italie-arrestation-du-prisonnier-tunisien-en-fuite-borhan-ayari\/#primaryimage"},"thumbnailUrl":"","keywords":["Italie","Palerme","Tunisien"],"articleSection":["SOCIETE","Tunisie"],"inLanguage":"fr-FR","potentialAction":[{"@type":"CommentAction","name":"Comment","target":["https:\/\/kapitalis.com\/tunisie\/2018\/05\/28\/italie-arrestation-du-prisonnier-tunisien-en-fuite-borhan-ayari\/#respond"]}]},{"@type":"WebPage","@id":"https:\/\/kapitalis.com\/tunisie\/2018\/05\/28\/italie-arrestation-du-prisonnier-tunisien-en-fuite-borhan-ayari\/","url":"https:\/\/kapitalis.com\/tunisie\/2018\/05\/28\/italie-arrestation-du-prisonnier-tunisien-en-fuite-borhan-ayari\/","name":"Italie : Arrestation du prisonnier tunisien en fuite Borhan Ayari - Kapitalis","isPartOf":{"@id":"https:\/\/kapitalis.com\/tunisie\/#website"},"primaryImageOfPage":{"@id":"https:\/\/kapitalis.com\/tunisie\/2018\/05\/28\/italie-arrestation-du-prisonnier-tunisien-en-fuite-borhan-ayari\/#primaryimage"},"image":{"@id":"https:\/\/kapitalis.com\/tunisie\/2018\/05\/28\/italie-arrestation-du-prisonnier-tunisien-en-fuite-borhan-ayari\/#primaryimage"},"thumbnailUrl":"","datePublished":"2018-05-28T13:22:50+00:00","dateModified":"2018-05-28T13:23:23+00:00","breadcrumb":{"@id":"https:\/\/kapitalis.com\/tunisie\/2018\/05\/28\/italie-arrestation-du-prisonnier-tunisien-en-fuite-borhan-ayari\/#breadcrumb"},"inLanguage":"fr-FR","potentialAction":[{"@type":"ReadAction","target":["https:\/\/kapitalis.com\/tunisie\/2018\/05\/28\/italie-arrestation-du-prisonnier-tunisien-en-fuite-borhan-ayari\/"]}]},{"@type":"ImageObject","inLanguage":"fr-FR","@id":"https:\/\/kapitalis.com\/tunisie\/2018\/05\/28\/italie-arrestation-du-prisonnier-tunisien-en-fuite-borhan-ayari\/#primaryimage","url":"","contentUrl":""},{"@type":"BreadcrumbList","@id":"https:\/\/kapitalis.com\/tunisie\/2018\/05\/28\/italie-arrestation-du-prisonnier-tunisien-en-fuite-borhan-ayari\/#breadcrumb","itemListElement":[{"@type":"ListItem","position":1,"name":"Accueil","item":"https:\/\/kapitalis.com\/tunisie\/"},{"@type":"ListItem","position":2,"name":"Italie : Arrestation du prisonnier tunisien en fuite Borhan Ayari"}]},{"@type":"WebSite","@id":"https:\/\/kapitalis.com\/tunisie\/#website","url":"https:\/\/kapitalis.com\/tunisie\/","name":"Kapitalis","description":"L&#039;actualit\u00e9 en Tunisie et dans le monde","publisher":{"@id":"https:\/\/kapitalis.com\/tunisie\/#organization"},"potentialAction":[{"@type":"SearchAction","target":{"@type":"EntryPoint","urlTemplate":"https:\/\/kapitalis.com\/tunisie\/?s={search_term_string}"},"query-input":{"@type":"PropertyValueSpecification","valueRequired":true,"valueName":"search_term_string"}}],"inLanguage":"fr-FR"},{"@type":"Organization","@id":"https:\/\/kapitalis.com\/tunisie\/#organization","name":"Kapitalis","url":"https:\/\/kapitalis.com\/tunisie\/","logo":{"@type":"ImageObject","inLanguage":"fr-FR","@id":"https:\/\/kapitalis.com\/tunisie\/#\/schema\/logo\/image\/","url":"https:\/\/kapitalis.com\/tunisie\/wp-content\/uploads\/2022\/05\/Kapitalis-big-size.png","contentUrl":"https:\/\/kapitalis.com\/tunisie\/wp-content\/uploads\/2022\/05\/Kapitalis-big-size.png","width":5000,"height":1500,"caption":"Kapitalis"},"image":{"@id":"https:\/\/kapitalis.com\/tunisie\/#\/schema\/logo\/image\/"},"sameAs":["https:\/\/www.facebook.com\/KapitalisInfo\/","https:\/\/x.com\/KapitalisInfo","https:\/\/www.youtube.com\/channel\/UC-yDYrHyfFBWWZaOw3FPg9Q"]},{"@type":"Person","@id":"https:\/\/kapitalis.com\/tunisie\/#\/schema\/person\/2c6e134b2f3369dffcd1daf5f087d28b","name":"emna benabdallah","url":"https:\/\/kapitalis.com\/tunisie\/author\/emna\/"}]}},"_links":{"self":[{"href":"https:\/\/kapitalis.com\/tunisie\/wp-json\/wp\/v2\/posts\/156564","targetHints":{"allow":["GET"]}}],"collection":[{"href":"https:\/\/kapitalis.com\/tunisie\/wp-json\/wp\/v2\/posts"}],"about":[{"href":"https:\/\/kapitalis.com\/tunisie\/wp-json\/wp\/v2\/types\/post"}],"author":[{"embeddable":true,"href":"https:\/\/kapitalis.com\/tunisie\/wp-json\/wp\/v2\/users\/16"}],"replies":[{"embeddable":true,"href":"https:\/\/kapitalis.com\/tunisie\/wp-json\/wp\/v2\/comments?post=156564"}],"version-history":[{"count":0,"href":"https:\/\/kapitalis.com\/tunisie\/wp-json\/wp\/v2\/posts\/156564\/revisions"}],"wp:featuredmedia":[{"embeddable":true,"href":"https:\/\/kapitalis.com\/tunisie\/wp-json\/wp\/v2\/media\/156565"}],"wp:attachment":[{"href":"https:\/\/kapitalis.com\/tunisie\/wp-json\/wp\/v2\/media?parent=156564"}],"wp:term":[{"taxonomy":"category","embeddable":true,"href":"https:\/\/kapitalis.com\/tunisie\/wp-json\/wp\/v2\/categories?post=156564"},{"taxonomy":"post_tag","embeddable":true,"href":"https:\/\/kapitalis.com\/tunisie\/wp-json\/wp\/v2\/tags?post=156564"}],"curies":[{"name":"wp","href":"https:\/\/api.w.org\/{rel}","templated":true}]}}