{"id":15657615,"date":"2025-02-24T23:02:04","date_gmt":"2025-02-24T22:02:04","guid":{"rendered":"https:\/\/kapitalis.com\/tunisie\/?p=15657615"},"modified":"2025-02-24T23:06:34","modified_gmt":"2025-02-24T22:06:34","slug":"ift-projection-du-film-aicha-de-mehdi-barsaoui-bande-annonce","status":"publish","type":"post","link":"https:\/\/kapitalis.com\/tunisie\/2025\/02\/24\/ift-projection-du-film-aicha-de-mehdi-barsaoui-bande-annonce\/","title":{"rendered":"IFT | Projection du film A\u00efcha de Mehdi Barsaoui (Bande-annonce)"},"content":{"rendered":"\n<p><em><strong>L&rsquo;Institut fran\u00e7ais de Tunisie (IFT) organise, mercredi 26 f\u00e9vrier 2025, la projection du film A\u00efcha de Mehdi Barsaoui.<\/strong><\/em><\/p>\n\n\n\n<!--more-->\n\n\n\n<p>L&rsquo;\u00e9v\u00e8nement est pr\u00e9vu \u00e0 18h \u00e0 l&rsquo;Auditorium de l&rsquo;IFT et les billets (Tarif : 6 DT) sont en vente \u00e0 l&rsquo;accueil de l&rsquo;Institut ou en ligne sur son<a href=\"http:\/\/urlz.fr\/tPiE\"> site web <\/a><\/p>\n\n\n\n<p><\/p>\n\n\n\n<figure class=\"wp-block-embed is-type-video is-provider-youtube wp-block-embed-youtube wp-embed-aspect-16-9 wp-has-aspect-ratio\"><div class=\"wp-block-embed__wrapper\">\n<iframe loading=\"lazy\" title=\"A\u00efcha \u0639\u0627\u064a\u0634\u0629  de Mehdi M. Barsaoui | Bande-annonce\" width=\"1160\" height=\"653\" src=\"https:\/\/www.youtube.com\/embed\/1b2oDF-xsk0?feature=oembed\" frameborder=\"0\" allow=\"accelerometer; autoplay; clipboard-write; encrypted-media; gyroscope; picture-in-picture; web-share\" referrerpolicy=\"strict-origin-when-cross-origin\" allowfullscreen><\/iframe>\n<\/div><\/figure>\n\n\n\n<p><strong>&#8212;- R\u00e9sum\u00e9 &#8212;-<\/strong><\/p>\n\n\n\n<p>Aya, la vingtaine, vit encore chez ses parents dans le sud de la Tunisie et se sent prisonni\u00e8re d\u2019une vie sans perspectives. Un jour, le minibus dans lequel elle fait quotidiennement la navette entre sa ville et l\u2019h\u00f4tel o\u00f9 elle travaille s\u2019\u00e9crase. Seule survivante de l\u2019accident, elle r\u00e9alise que c\u2019est peut-\u00eatre sa chance de commencer une nouvelle vie. Elle se r\u00e9fugie \u00e0 Tunis sous une nouvelle identit\u00e9, mais tout est bient\u00f4t compromis lorsqu\u2019elle devient le principal t\u00e9moin d\u2019une bavure polici\u00e8re.<\/p>\n\n\n\n<p><\/p>\n","protected":false},"excerpt":{"rendered":"<p>L&rsquo;Institut fran\u00e7ais de Tunisie (IFT) organise, mercredi 26 f\u00e9vrier 2025, la projection du film A\u00efcha de Mehdi Barsaoui.<\/p>\n","protected":false},"author":6,"featured_media":15657709,"comment_status":"open","ping_status":"open","sticky":false,"template":"","format":"standard","meta":{"footnotes":""},"categories":[994,2433,4806],"tags":[99065,462,16816,63724,62643],"class_list":["post-15657615","post","type-post","status-publish","format-standard","has-post-thumbnail","hentry","category-culture","category-tunisie","category-videos","tag-aicha-2","tag-ift","tag-institut-francais","tag-mehdi-barsaoui","tag-tunisie"],"yoast_head":"<!-- This site is optimized with the Yoast SEO plugin v26.6 - https:\/\/yoast.com\/wordpress\/plugins\/seo\/ -->\n<title>IFT | Projection du film A\u00efcha de Mehdi Barsaoui (Bande-annonce) - Kapitalis<\/title>\n<meta name=\"robots\" content=\"index, follow, max-snippet:-1, max-image-preview:large, max-video-preview:-1\" \/>\n<link rel=\"canonical\" href=\"https:\/\/kapitalis.com\/tunisie\/2025\/02\/24\/ift-projection-du-film-aicha-de-mehdi-barsaoui-bande-annonce\/\" \/>\n<meta property=\"og:locale\" content=\"fr_FR\" \/>\n<meta property=\"og:type\" content=\"article\" \/>\n<meta property=\"og:title\" content=\"IFT | Projection du film A\u00efcha de Mehdi Barsaoui (Bande-annonce) - Kapitalis\" \/>\n<meta property=\"og:description\" content=\"L&rsquo;Institut fran\u00e7ais de Tunisie (IFT) organise, mercredi 26 f\u00e9vrier 2025, la projection du film A\u00efcha de Mehdi Barsaoui.\" \/>\n<meta property=\"og:url\" content=\"https:\/\/kapitalis.com\/tunisie\/2025\/02\/24\/ift-projection-du-film-aicha-de-mehdi-barsaoui-bande-annonce\/\" \/>\n<meta property=\"og:site_name\" content=\"Kapitalis\" \/>\n<meta property=\"article:publisher\" content=\"https:\/\/www.facebook.com\/KapitalisInfo\/\" \/>\n<meta property=\"article:published_time\" content=\"2025-02-24T22:02:04+00:00\" \/>\n<meta property=\"article:modified_time\" content=\"2025-02-24T22:06:34+00:00\" \/>\n<meta property=\"og:image\" content=\"https:\/\/kapitalis.com\/tunisie\/wp-content\/uploads\/2025\/02\/Aicha-de-Mehdi-Barsaoui.jpg\" \/>\n\t<meta property=\"og:image:width\" content=\"1200\" \/>\n\t<meta property=\"og:image:height\" content=\"630\" \/>\n\t<meta property=\"og:image:type\" content=\"image\/jpeg\" \/>\n<meta name=\"author\" content=\"Yusra NY\" \/>\n<meta name=\"twitter:card\" content=\"summary_large_image\" \/>\n<meta name=\"twitter:creator\" content=\"@KapitalisInfo\" \/>\n<meta name=\"twitter:site\" content=\"@KapitalisInfo\" \/>\n<meta name=\"twitter:label1\" content=\"\u00c9crit par\" \/>\n\t<meta name=\"twitter:data1\" content=\"Yusra NY\" \/>\n\t<meta name=\"twitter:label2\" content=\"Dur\u00e9e de lecture estim\u00e9e\" \/>\n\t<meta name=\"twitter:data2\" content=\"1 minute\" \/>\n<script type=\"application\/ld+json\" class=\"yoast-schema-graph\">{\"@context\":\"https:\/\/schema.org\",\"@graph\":[{\"@type\":\"Article\",\"@id\":\"https:\/\/kapitalis.com\/tunisie\/2025\/02\/24\/ift-projection-du-film-aicha-de-mehdi-barsaoui-bande-annonce\/#article\",\"isPartOf\":{\"@id\":\"https:\/\/kapitalis.com\/tunisie\/2025\/02\/24\/ift-projection-du-film-aicha-de-mehdi-barsaoui-bande-annonce\/\"},\"author\":{\"name\":\"Yusra NY\",\"@id\":\"https:\/\/kapitalis.com\/tunisie\/#\/schema\/person\/74bbde0154d49d790a92aaeac5bc01d5\"},\"headline\":\"IFT | Projection du film A\u00efcha de Mehdi Barsaoui (Bande-annonce)\",\"datePublished\":\"2025-02-24T22:02:04+00:00\",\"dateModified\":\"2025-02-24T22:06:34+00:00\",\"mainEntityOfPage\":{\"@id\":\"https:\/\/kapitalis.com\/tunisie\/2025\/02\/24\/ift-projection-du-film-aicha-de-mehdi-barsaoui-bande-annonce\/\"},\"wordCount\":163,\"commentCount\":0,\"publisher\":{\"@id\":\"https:\/\/kapitalis.com\/tunisie\/#organization\"},\"image\":{\"@id\":\"https:\/\/kapitalis.com\/tunisie\/2025\/02\/24\/ift-projection-du-film-aicha-de-mehdi-barsaoui-bande-annonce\/#primaryimage\"},\"thumbnailUrl\":\"https:\/\/kapitalis.com\/tunisie\/wp-content\/uploads\/2025\/02\/Aicha-de-Mehdi-Barsaoui.jpg\",\"keywords\":[\"A\u00efcha\",\"IFT\",\"Institut fran\u00e7ais\",\"Mehdi Barsaoui\",\"Tunisie\"],\"articleSection\":[\"CULTURE\",\"Tunisie\",\"VIDEOS\"],\"inLanguage\":\"fr-FR\",\"potentialAction\":[{\"@type\":\"CommentAction\",\"name\":\"Comment\",\"target\":[\"https:\/\/kapitalis.com\/tunisie\/2025\/02\/24\/ift-projection-du-film-aicha-de-mehdi-barsaoui-bande-annonce\/#respond\"]}]},{\"@type\":\"WebPage\",\"@id\":\"https:\/\/kapitalis.com\/tunisie\/2025\/02\/24\/ift-projection-du-film-aicha-de-mehdi-barsaoui-bande-annonce\/\",\"url\":\"https:\/\/kapitalis.com\/tunisie\/2025\/02\/24\/ift-projection-du-film-aicha-de-mehdi-barsaoui-bande-annonce\/\",\"name\":\"IFT | Projection du film A\u00efcha de Mehdi Barsaoui (Bande-annonce) - Kapitalis\",\"isPartOf\":{\"@id\":\"https:\/\/kapitalis.com\/tunisie\/#website\"},\"primaryImageOfPage\":{\"@id\":\"https:\/\/kapitalis.com\/tunisie\/2025\/02\/24\/ift-projection-du-film-aicha-de-mehdi-barsaoui-bande-annonce\/#primaryimage\"},\"image\":{\"@id\":\"https:\/\/kapitalis.com\/tunisie\/2025\/02\/24\/ift-projection-du-film-aicha-de-mehdi-barsaoui-bande-annonce\/#primaryimage\"},\"thumbnailUrl\":\"https:\/\/kapitalis.com\/tunisie\/wp-content\/uploads\/2025\/02\/Aicha-de-Mehdi-Barsaoui.jpg\",\"datePublished\":\"2025-02-24T22:02:04+00:00\",\"dateModified\":\"2025-02-24T22:06:34+00:00\",\"breadcrumb\":{\"@id\":\"https:\/\/kapitalis.com\/tunisie\/2025\/02\/24\/ift-projection-du-film-aicha-de-mehdi-barsaoui-bande-annonce\/#breadcrumb\"},\"inLanguage\":\"fr-FR\",\"potentialAction\":[{\"@type\":\"ReadAction\",\"target\":[\"https:\/\/kapitalis.com\/tunisie\/2025\/02\/24\/ift-projection-du-film-aicha-de-mehdi-barsaoui-bande-annonce\/\"]}]},{\"@type\":\"ImageObject\",\"inLanguage\":\"fr-FR\",\"@id\":\"https:\/\/kapitalis.com\/tunisie\/2025\/02\/24\/ift-projection-du-film-aicha-de-mehdi-barsaoui-bande-annonce\/#primaryimage\",\"url\":\"https:\/\/kapitalis.com\/tunisie\/wp-content\/uploads\/2025\/02\/Aicha-de-Mehdi-Barsaoui.jpg\",\"contentUrl\":\"https:\/\/kapitalis.com\/tunisie\/wp-content\/uploads\/2025\/02\/Aicha-de-Mehdi-Barsaoui.jpg\",\"width\":1200,\"height\":630},{\"@type\":\"BreadcrumbList\",\"@id\":\"https:\/\/kapitalis.com\/tunisie\/2025\/02\/24\/ift-projection-du-film-aicha-de-mehdi-barsaoui-bande-annonce\/#breadcrumb\",\"itemListElement\":[{\"@type\":\"ListItem\",\"position\":1,\"name\":\"Accueil\",\"item\":\"https:\/\/kapitalis.com\/tunisie\/\"},{\"@type\":\"ListItem\",\"position\":2,\"name\":\"IFT | Projection du film A\u00efcha de Mehdi Barsaoui (Bande-annonce)\"}]},{\"@type\":\"WebSite\",\"@id\":\"https:\/\/kapitalis.com\/tunisie\/#website\",\"url\":\"https:\/\/kapitalis.com\/tunisie\/\",\"name\":\"Kapitalis\",\"description\":\"L&#039;actualit\u00e9 en Tunisie et dans le monde\",\"publisher\":{\"@id\":\"https:\/\/kapitalis.com\/tunisie\/#organization\"},\"potentialAction\":[{\"@type\":\"SearchAction\",\"target\":{\"@type\":\"EntryPoint\",\"urlTemplate\":\"https:\/\/kapitalis.com\/tunisie\/?s={search_term_string}\"},\"query-input\":{\"@type\":\"PropertyValueSpecification\",\"valueRequired\":true,\"valueName\":\"search_term_string\"}}],\"inLanguage\":\"fr-FR\"},{\"@type\":\"Organization\",\"@id\":\"https:\/\/kapitalis.com\/tunisie\/#organization\",\"name\":\"Kapitalis\",\"url\":\"https:\/\/kapitalis.com\/tunisie\/\",\"logo\":{\"@type\":\"ImageObject\",\"inLanguage\":\"fr-FR\",\"@id\":\"https:\/\/kapitalis.com\/tunisie\/#\/schema\/logo\/image\/\",\"url\":\"https:\/\/kapitalis.com\/tunisie\/wp-content\/uploads\/2022\/05\/Kapitalis-big-size.png\",\"contentUrl\":\"https:\/\/kapitalis.com\/tunisie\/wp-content\/uploads\/2022\/05\/Kapitalis-big-size.png\",\"width\":5000,\"height\":1500,\"caption\":\"Kapitalis\"},\"image\":{\"@id\":\"https:\/\/kapitalis.com\/tunisie\/#\/schema\/logo\/image\/\"},\"sameAs\":[\"https:\/\/www.facebook.com\/KapitalisInfo\/\",\"https:\/\/x.com\/KapitalisInfo\",\"https:\/\/www.youtube.com\/channel\/UC-yDYrHyfFBWWZaOw3FPg9Q\"]},{\"@type\":\"Person\",\"@id\":\"https:\/\/kapitalis.com\/tunisie\/#\/schema\/person\/74bbde0154d49d790a92aaeac5bc01d5\",\"name\":\"Yusra NY\",\"url\":\"https:\/\/kapitalis.com\/tunisie\/author\/yuza_adam\/\"}]}<\/script>\n<!-- \/ Yoast SEO plugin. -->","yoast_head_json":{"title":"IFT | Projection du film A\u00efcha de Mehdi Barsaoui (Bande-annonce) - Kapitalis","robots":{"index":"index","follow":"follow","max-snippet":"max-snippet:-1","max-image-preview":"max-image-preview:large","max-video-preview":"max-video-preview:-1"},"canonical":"https:\/\/kapitalis.com\/tunisie\/2025\/02\/24\/ift-projection-du-film-aicha-de-mehdi-barsaoui-bande-annonce\/","og_locale":"fr_FR","og_type":"article","og_title":"IFT | Projection du film A\u00efcha de Mehdi Barsaoui (Bande-annonce) - Kapitalis","og_description":"L&rsquo;Institut fran\u00e7ais de Tunisie (IFT) organise, mercredi 26 f\u00e9vrier 2025, la projection du film A\u00efcha de Mehdi Barsaoui.","og_url":"https:\/\/kapitalis.com\/tunisie\/2025\/02\/24\/ift-projection-du-film-aicha-de-mehdi-barsaoui-bande-annonce\/","og_site_name":"Kapitalis","article_publisher":"https:\/\/www.facebook.com\/KapitalisInfo\/","article_published_time":"2025-02-24T22:02:04+00:00","article_modified_time":"2025-02-24T22:06:34+00:00","og_image":[{"width":1200,"height":630,"url":"https:\/\/kapitalis.com\/tunisie\/wp-content\/uploads\/2025\/02\/Aicha-de-Mehdi-Barsaoui.jpg","type":"image\/jpeg"}],"author":"Yusra NY","twitter_card":"summary_large_image","twitter_creator":"@KapitalisInfo","twitter_site":"@KapitalisInfo","twitter_misc":{"\u00c9crit par":"Yusra NY","Dur\u00e9e de lecture estim\u00e9e":"1 minute"},"schema":{"@context":"https:\/\/schema.org","@graph":[{"@type":"Article","@id":"https:\/\/kapitalis.com\/tunisie\/2025\/02\/24\/ift-projection-du-film-aicha-de-mehdi-barsaoui-bande-annonce\/#article","isPartOf":{"@id":"https:\/\/kapitalis.com\/tunisie\/2025\/02\/24\/ift-projection-du-film-aicha-de-mehdi-barsaoui-bande-annonce\/"},"author":{"name":"Yusra NY","@id":"https:\/\/kapitalis.com\/tunisie\/#\/schema\/person\/74bbde0154d49d790a92aaeac5bc01d5"},"headline":"IFT | Projection du film A\u00efcha de Mehdi Barsaoui (Bande-annonce)","datePublished":"2025-02-24T22:02:04+00:00","dateModified":"2025-02-24T22:06:34+00:00","mainEntityOfPage":{"@id":"https:\/\/kapitalis.com\/tunisie\/2025\/02\/24\/ift-projection-du-film-aicha-de-mehdi-barsaoui-bande-annonce\/"},"wordCount":163,"commentCount":0,"publisher":{"@id":"https:\/\/kapitalis.com\/tunisie\/#organization"},"image":{"@id":"https:\/\/kapitalis.com\/tunisie\/2025\/02\/24\/ift-projection-du-film-aicha-de-mehdi-barsaoui-bande-annonce\/#primaryimage"},"thumbnailUrl":"https:\/\/kapitalis.com\/tunisie\/wp-content\/uploads\/2025\/02\/Aicha-de-Mehdi-Barsaoui.jpg","keywords":["A\u00efcha","IFT","Institut fran\u00e7ais","Mehdi Barsaoui","Tunisie"],"articleSection":["CULTURE","Tunisie","VIDEOS"],"inLanguage":"fr-FR","potentialAction":[{"@type":"CommentAction","name":"Comment","target":["https:\/\/kapitalis.com\/tunisie\/2025\/02\/24\/ift-projection-du-film-aicha-de-mehdi-barsaoui-bande-annonce\/#respond"]}]},{"@type":"WebPage","@id":"https:\/\/kapitalis.com\/tunisie\/2025\/02\/24\/ift-projection-du-film-aicha-de-mehdi-barsaoui-bande-annonce\/","url":"https:\/\/kapitalis.com\/tunisie\/2025\/02\/24\/ift-projection-du-film-aicha-de-mehdi-barsaoui-bande-annonce\/","name":"IFT | Projection du film A\u00efcha de Mehdi Barsaoui (Bande-annonce) - Kapitalis","isPartOf":{"@id":"https:\/\/kapitalis.com\/tunisie\/#website"},"primaryImageOfPage":{"@id":"https:\/\/kapitalis.com\/tunisie\/2025\/02\/24\/ift-projection-du-film-aicha-de-mehdi-barsaoui-bande-annonce\/#primaryimage"},"image":{"@id":"https:\/\/kapitalis.com\/tunisie\/2025\/02\/24\/ift-projection-du-film-aicha-de-mehdi-barsaoui-bande-annonce\/#primaryimage"},"thumbnailUrl":"https:\/\/kapitalis.com\/tunisie\/wp-content\/uploads\/2025\/02\/Aicha-de-Mehdi-Barsaoui.jpg","datePublished":"2025-02-24T22:02:04+00:00","dateModified":"2025-02-24T22:06:34+00:00","breadcrumb":{"@id":"https:\/\/kapitalis.com\/tunisie\/2025\/02\/24\/ift-projection-du-film-aicha-de-mehdi-barsaoui-bande-annonce\/#breadcrumb"},"inLanguage":"fr-FR","potentialAction":[{"@type":"ReadAction","target":["https:\/\/kapitalis.com\/tunisie\/2025\/02\/24\/ift-projection-du-film-aicha-de-mehdi-barsaoui-bande-annonce\/"]}]},{"@type":"ImageObject","inLanguage":"fr-FR","@id":"https:\/\/kapitalis.com\/tunisie\/2025\/02\/24\/ift-projection-du-film-aicha-de-mehdi-barsaoui-bande-annonce\/#primaryimage","url":"https:\/\/kapitalis.com\/tunisie\/wp-content\/uploads\/2025\/02\/Aicha-de-Mehdi-Barsaoui.jpg","contentUrl":"https:\/\/kapitalis.com\/tunisie\/wp-content\/uploads\/2025\/02\/Aicha-de-Mehdi-Barsaoui.jpg","width":1200,"height":630},{"@type":"BreadcrumbList","@id":"https:\/\/kapitalis.com\/tunisie\/2025\/02\/24\/ift-projection-du-film-aicha-de-mehdi-barsaoui-bande-annonce\/#breadcrumb","itemListElement":[{"@type":"ListItem","position":1,"name":"Accueil","item":"https:\/\/kapitalis.com\/tunisie\/"},{"@type":"ListItem","position":2,"name":"IFT | Projection du film A\u00efcha de Mehdi Barsaoui (Bande-annonce)"}]},{"@type":"WebSite","@id":"https:\/\/kapitalis.com\/tunisie\/#website","url":"https:\/\/kapitalis.com\/tunisie\/","name":"Kapitalis","description":"L&#039;actualit\u00e9 en Tunisie et dans le monde","publisher":{"@id":"https:\/\/kapitalis.com\/tunisie\/#organization"},"potentialAction":[{"@type":"SearchAction","target":{"@type":"EntryPoint","urlTemplate":"https:\/\/kapitalis.com\/tunisie\/?s={search_term_string}"},"query-input":{"@type":"PropertyValueSpecification","valueRequired":true,"valueName":"search_term_string"}}],"inLanguage":"fr-FR"},{"@type":"Organization","@id":"https:\/\/kapitalis.com\/tunisie\/#organization","name":"Kapitalis","url":"https:\/\/kapitalis.com\/tunisie\/","logo":{"@type":"ImageObject","inLanguage":"fr-FR","@id":"https:\/\/kapitalis.com\/tunisie\/#\/schema\/logo\/image\/","url":"https:\/\/kapitalis.com\/tunisie\/wp-content\/uploads\/2022\/05\/Kapitalis-big-size.png","contentUrl":"https:\/\/kapitalis.com\/tunisie\/wp-content\/uploads\/2022\/05\/Kapitalis-big-size.png","width":5000,"height":1500,"caption":"Kapitalis"},"image":{"@id":"https:\/\/kapitalis.com\/tunisie\/#\/schema\/logo\/image\/"},"sameAs":["https:\/\/www.facebook.com\/KapitalisInfo\/","https:\/\/x.com\/KapitalisInfo","https:\/\/www.youtube.com\/channel\/UC-yDYrHyfFBWWZaOw3FPg9Q"]},{"@type":"Person","@id":"https:\/\/kapitalis.com\/tunisie\/#\/schema\/person\/74bbde0154d49d790a92aaeac5bc01d5","name":"Yusra NY","url":"https:\/\/kapitalis.com\/tunisie\/author\/yuza_adam\/"}]}},"_links":{"self":[{"href":"https:\/\/kapitalis.com\/tunisie\/wp-json\/wp\/v2\/posts\/15657615","targetHints":{"allow":["GET"]}}],"collection":[{"href":"https:\/\/kapitalis.com\/tunisie\/wp-json\/wp\/v2\/posts"}],"about":[{"href":"https:\/\/kapitalis.com\/tunisie\/wp-json\/wp\/v2\/types\/post"}],"author":[{"embeddable":true,"href":"https:\/\/kapitalis.com\/tunisie\/wp-json\/wp\/v2\/users\/6"}],"replies":[{"embeddable":true,"href":"https:\/\/kapitalis.com\/tunisie\/wp-json\/wp\/v2\/comments?post=15657615"}],"version-history":[{"count":2,"href":"https:\/\/kapitalis.com\/tunisie\/wp-json\/wp\/v2\/posts\/15657615\/revisions"}],"predecessor-version":[{"id":15657792,"href":"https:\/\/kapitalis.com\/tunisie\/wp-json\/wp\/v2\/posts\/15657615\/revisions\/15657792"}],"wp:featuredmedia":[{"embeddable":true,"href":"https:\/\/kapitalis.com\/tunisie\/wp-json\/wp\/v2\/media\/15657709"}],"wp:attachment":[{"href":"https:\/\/kapitalis.com\/tunisie\/wp-json\/wp\/v2\/media?parent=15657615"}],"wp:term":[{"taxonomy":"category","embeddable":true,"href":"https:\/\/kapitalis.com\/tunisie\/wp-json\/wp\/v2\/categories?post=15657615"},{"taxonomy":"post_tag","embeddable":true,"href":"https:\/\/kapitalis.com\/tunisie\/wp-json\/wp\/v2\/tags?post=15657615"}],"curies":[{"name":"wp","href":"https:\/\/api.w.org\/{rel}","templated":true}]}}