{"id":15680185,"date":"2025-02-26T09:16:54","date_gmt":"2025-02-26T08:16:54","guid":{"rendered":"https:\/\/kapitalis.com\/tunisie\/?p=15680185"},"modified":"2025-02-26T09:16:56","modified_gmt":"2025-02-26T08:16:56","slug":"liban-apres-les-funerailles-de-nasrallah-quelle-vision-pour-lavenir","status":"publish","type":"post","link":"https:\/\/kapitalis.com\/tunisie\/2025\/02\/26\/liban-apres-les-funerailles-de-nasrallah-quelle-vision-pour-lavenir\/","title":{"rendered":"Liban : Apr\u00e8s les fun\u00e9railles de Nasrallah, quelle vision pour l\u2019avenir ?"},"content":{"rendered":"\n<p><strong><em>Le 23 f\u00e9vrier 2025, Beyrouth a vu d\u00e9filer des centaines de milliers de personnes venues rendre un dernier hommage \u00e0 Hassan Nasrallah. Une foule compacte, travers\u00e9e par cette ferveur \u00e9trange qui na\u00eet lorsque l\u2019histoire vacille. Il ne s\u2019agissait pas simplement de pleurer un leader, mais de sceller une page du destin collectif. Dans cet instant suspendu, une conscience obscure flottait : quelque chose ici d\u00e9passait l\u2019individu. <\/em><\/strong><strong><em>&nbsp;<\/em><\/strong><strong><em><\/em><\/strong><\/p>\n\n\n\n<p><strong>Manel Albouchi <\/strong><strong>*<\/strong><strong><em><\/em><\/strong><\/p>\n\n\n\n<!--more-->\n\n\n<div class=\"wp-block-image\">\n<figure class=\"alignleft size-full\"><img loading=\"lazy\" decoding=\"async\" width=\"200\" height=\"200\" src=\"https:\/\/kapitalis.com\/tunisie\/wp-content\/uploads\/2025\/01\/Manel-Albouchi-1.jpg\" alt=\"\" class=\"wp-image-15290578\" srcset=\"https:\/\/kapitalis.com\/tunisie\/wp-content\/uploads\/2025\/01\/Manel-Albouchi-1.jpg 200w, https:\/\/kapitalis.com\/tunisie\/wp-content\/uploads\/2025\/01\/Manel-Albouchi-1-150x150.jpg 150w, https:\/\/kapitalis.com\/tunisie\/wp-content\/uploads\/2025\/01\/Manel-Albouchi-1-120x120.jpg 120w\" sizes=\"auto, (max-width: 200px) 100vw, 200px\" \/><\/figure>\n<\/div>\n\n\n<p>Les fun\u00e9railles de Hassan Nasrallah ont marqu\u00e9 un moment de recueillement intense, o\u00f9 la tristesse s\u2019est m\u00eal\u00e9e \u00e0 la solennit\u00e9 d\u2019un rituel qui d\u00e9passe la simple perte pour toucher une m\u00e9moire plus vaste. Ce type d\u2019\u00e9v\u00e9nement ne s\u2019efface jamais imm\u00e9diatement; il laisse une empreinte, r\u00e9active des souvenirs collectifs et ouvre une p\u00e9riode d\u2019incertitude o\u00f9 chacun cherche \u00e0 comprendre ce qui va suivre.<\/p>\n\n\n\n<p>La psychologie des foules, th\u00e9oris\u00e9e par Gustave Le Bon, montre que dans les moments de crise, l\u2019individu tend \u00e0 s\u2019effacer derri\u00e8re le collectif, adoptant des comportements \u00e9motionnels plut\u00f4t que rationnels. L\u2019effet de contagion \u00e9motionnelle est alors \u00e0 son apog\u00e9e : une col\u00e8re mal canalis\u00e9e peut devenir un incendie difficile \u00e0 ma\u00eetriser.<\/p>\n\n\n\n<p>L\u2019histoire nous a maintes fois montr\u00e9 que ces instants de flottement sont d\u00e9cisifs. Qui parvient \u00e0 modeler le r\u00e9cit dans l\u2019imm\u00e9diat contr\u00f4le souvent l\u2019avenir.<\/p>\n\n\n\n<h2 class=\"wp-block-heading\">Un mythe en construction<\/h2>\n\n\n\n<p>\u00c0 travers les \u00e2ges, les grandes figures politiques n\u2019ont jamais vraiment disparu. C\u00e9sar assassin\u00e9 devient un embl\u00e8me plus puissant que C\u00e9sar vivant; Napol\u00e9on en exil, loin d\u2019\u00eatre un homme d\u00e9fait, devient une id\u00e9e qui traverse les si\u00e8cles. Hassan Nasrallah, \u00e0 sa mani\u00e8re, entre dans cette logique. Il cesse d\u2019\u00eatre un homme pour devenir un r\u00e9cit.<\/p>\n\n\n\n<p>La disparition d\u2019un leader ne laisse pas seulement un vide; elle cr\u00e9e une br\u00e8che dans laquelle se projettent attentes, craintes et espoirs. Freud, dans <em>Deuil et m\u00e9lancolie<\/em>, expliquait que le deuil bien int\u00e9gr\u00e9 permet de transformer la perte en moteur d\u2019\u00e9volution. \u00c0 l\u2019inverse, un deuil non r\u00e9solu peut conduire \u00e0 une fixation sur le pass\u00e9, emp\u00eachant tout renouveau. Tout se joue donc dans la capacit\u00e9 d\u2019une soci\u00e9t\u00e9 \u00e0 symboliser l\u2019absence, \u00e0 en faire un levier plut\u00f4t qu\u2019une entrave.<\/p>\n\n\n\n<p>Les fun\u00e9railles de Hassan Nasrallah ne sont pas un point final, mais le d\u00e9but d\u2019un r\u00e9cit en mutation. Elles sont un moment de catharsis collective, o\u00f9 l\u2019\u00e9motion brute se transforme en rituel structurant. Ce deuil ne concerne pas un homme seul; il touche une soci\u00e9t\u00e9 enti\u00e8re, en qu\u00eate d\u2019un nouvel \u00e9quilibre identitaire et strat\u00e9gique.<\/p>\n\n\n\n<p>Un pays au bord du gouffre ou d\u2019une renaissance? Le Liban oscille entre l\u2019ab\u00eeme et la lumi\u00e8re, entre l\u2019\u00e9ternel retour du chaos et la volont\u00e9 farouche de rena\u00eetre. \u00c0 chaque \u00e9preuve, il vacille sans tomber tout \u00e0 fait. Mais jusqu\u2019\u00e0 quand?<\/p>\n\n\n\n<p>Le deuil collectif auquel nous assistons n\u2019est pas seulement un ph\u00e9nom\u00e8ne psychologique; il est un r\u00e9v\u00e9lateur des tensions profondes qui traversent le pays. \u00c0 court terme, la disparition de Hassan Nasrallah cr\u00e9e un \u00e9tat de sid\u00e9ration. Vient ensuite la n\u00e9cessit\u00e9 de donner un sens \u00e0 la perte. Deux chemins se dessinent. Le premier, celui de la r\u00e9p\u00e9tition, o\u00f9 l\u2019\u00e9motion brute prend le dessus et pousse le pays vers une nouvelle escalade. C\u2019est le pi\u00e8ge du trauma collectif non r\u00e9solu, ce cycle infernal o\u00f9 chaque g\u00e9n\u00e9ration rejoue les m\u00eames drames que la pr\u00e9c\u00e9dente, prisonni\u00e8re d\u2019un pass\u00e9 jamais dig\u00e9r\u00e9. Le second, plus rare, plus exigeant, serait celui d\u2019une recomposition subtile. Une prise de conscience, non pas dict\u00e9e par l\u2019urgence, mais par une volont\u00e9 de rupture avec les sch\u00e9mas du pass\u00e9. C\u2019est ici que tout se joue. Car si l\u2019on sait que l\u2019histoire se r\u00e9p\u00e8te, elle n\u2019est pas pour autant condamn\u00e9e \u00e0 toujours le faire de la m\u00eame mani\u00e8re.<\/p>\n\n\n\n<h2 class=\"wp-block-heading\">La recomposition des forces<\/h2>\n\n\n\n<p>Au-del\u00e0 des fronti\u00e8res libanaises, cette disparition est un s\u00e9isme dont les ondes se propagent bien au-del\u00e0 du Levant. Dans un jeu d\u2019\u00e9checs o\u00f9 chaque acteur avance ses pions avec prudence, le vide laiss\u00e9 par Hassan Nasrallah sera combl\u00e9, d\u2019une mani\u00e8re ou d\u2019une autre. Les puissances r\u00e9gionales ne manqueront pas d\u2019exploiter cette br\u00e8che, chacune avec son agenda propre. Certains chercheront \u00e0 y voir une opportunit\u00e9 d\u2019affaiblissement, d\u2019autres, au contraire, tenteront d\u2019en faire un levier de mobilisation. L\u2019\u00e9quilibre fragile dans lequel se trouvait le Liban se trouve d\u00e9sormais soumis \u00e0 de nouvelles pressions, o\u00f9 la strat\u00e9gie primera sur l\u2019\u00e9motion brute. Mais la v\u00e9ritable question demeure: le Liban peut-il encore exister en tant qu\u2019entit\u00e9 autonome, ou sera-t-il condamn\u00e9 \u00e0 n\u2019\u00eatre qu\u2019un terrain de jeu pour des int\u00e9r\u00eats qui le d\u00e9passent?<\/p>\n\n\n\n<h2 class=\"wp-block-heading\">Le choix d\u2019un destin<\/h2>\n\n\n\n<p>L\u2019avenir d\u2019une nation ne se joue jamais sur un seul \u00e9v\u00e9nement. Il se fa\u00e7onne dans l\u2019accumulation des d\u00e9cisions, des r\u00e9actions, des r\u00e9cits que l\u2019on construit autour des faits. La disparition d\u2019un leader, aussi marquante soit-elle, n\u2019est qu\u2019un r\u00e9v\u00e9lateur des tensions latentes.<\/p>\n\n\n\n<p>Si le Liban veut \u00e9viter de retomber dans une logique de conflits sans fin, il devra se poser la question fondamentale de son propre r\u00e9cit. Qui veut-il \u00eatre ? Un pays condamn\u00e9 \u00e0 revivre les m\u00eames fractures, ou une nation capable de transcender ses divisions?<\/p>\n\n\n\n<p>L\u2019\u00e9motion collective est une force puissante, mais elle peut \u00eatre une arme \u00e0 double tranchant. Elle peut nourrir la vengeance autant que la reconstruction. Le pays se trouve aujourd\u2019hui \u00e0 une bifurcation : r\u00e9p\u00e9ter les erreurs du pass\u00e9, ou r\u00e9\u00e9crire son propre destin. L\u2019histoire, capricieuse, laisse parfois une chance \u00e0 ceux qui savent lire entre ses lignes. Mais encore faut-il vouloir la saisir.<\/p>\n\n\n\n<p>Si le Liban veut \u00e9viter de retomber dans une logique de conflits sans fin, il devra se poser la question fondamentale de son propre r\u00e9cit. Qui veut-il \u00eatre? Un pays condamn\u00e9 \u00e0 revivre les m\u00eames fractures, ou une nation capable de transcender ses divisions? L\u2019\u00e9motion collective est une force puissante, mais elle peut \u00eatre une arme \u00e0 double tranchant. Elle peut nourrir la vengeance autant que la reconstruction.<\/p>\n\n\n\n<p>Le pays se trouve aujourd\u2019hui \u00e0 une bifurcation : r\u00e9p\u00e9ter les erreurs du pass\u00e9, ou r\u00e9\u00e9crire son propre destin. L\u2019histoire, capricieuse, laisse parfois une chance \u00e0 ceux qui savent lire entre ses lignes. Mais encore faut-il vouloir la saisir.<\/p>\n\n\n\n<p>*<em> Psychologue, psychanalyste. <\/em><\/p>\n\n\n\n<figure class=\"wp-block-embed is-type-wp-embed is-provider-kapitalis wp-block-embed-kapitalis\"><div class=\"wp-block-embed__wrapper\">\n<blockquote class=\"wp-embedded-content\" data-secret=\"SCUhwDzm7L\"><a href=\"https:\/\/kapitalis.com\/tunisie\/2025\/02\/26\/trois-mois-apres-le-cessez-le-feu-comment-va-le-hezbollah\/\">Trois mois apr\u00e8s le cessez-le-feu, comment va le Hezbollah?<\/a><\/blockquote><iframe loading=\"lazy\" class=\"wp-embedded-content\" sandbox=\"allow-scripts\" security=\"restricted\" style=\"position: absolute; visibility: hidden;\" title=\"\u00ab\u00a0Trois mois apr\u00e8s le cessez-le-feu, comment va le Hezbollah?\u00a0\u00bb &#8212; Kapitalis\" src=\"https:\/\/kapitalis.com\/tunisie\/2025\/02\/26\/trois-mois-apres-le-cessez-le-feu-comment-va-le-hezbollah\/embed\/#?secret=jTTvvC8fug#?secret=SCUhwDzm7L\" data-secret=\"SCUhwDzm7L\" width=\"600\" height=\"338\" frameborder=\"0\" marginwidth=\"0\" marginheight=\"0\" scrolling=\"no\"><\/iframe>\n<\/div><\/figure>\n","protected":false},"excerpt":{"rendered":"<p>Les fun\u00e9railles de Hassan Nasrallah ne sont pas un point final, mais le d\u00e9but d\u2019un r\u00e9cit en mutation.<\/p>\n","protected":false},"author":8,"featured_media":15680208,"comment_status":"open","ping_status":"open","sticky":false,"template":"","format":"standard","meta":{"footnotes":""},"categories":[992,997,1000,2433],"tags":[8600,120995,5552,80566,8563,120262],"class_list":["post-15680185","post","type-post","status-publish","format-standard","has-post-thumbnail","hentry","category-a-la-une","category-politique","category-tribune","category-tunisie","tag-beyrouth","tag-deuil-collectif","tag-funerailles","tag-hassan-nasrallah","tag-liban","tag-manel-albouchi"],"yoast_head":"<!-- This site is optimized with the Yoast SEO plugin v26.6 - https:\/\/yoast.com\/wordpress\/plugins\/seo\/ -->\n<title>Liban : Apr\u00e8s les fun\u00e9railles de Nasrallah, quelle vision pour l\u2019avenir ? - Kapitalis<\/title>\n<meta name=\"robots\" content=\"index, follow, max-snippet:-1, max-image-preview:large, max-video-preview:-1\" \/>\n<link rel=\"canonical\" href=\"https:\/\/kapitalis.com\/tunisie\/2025\/02\/26\/liban-apres-les-funerailles-de-nasrallah-quelle-vision-pour-lavenir\/\" \/>\n<meta property=\"og:locale\" content=\"fr_FR\" \/>\n<meta property=\"og:type\" content=\"article\" \/>\n<meta property=\"og:title\" content=\"Liban : Apr\u00e8s les fun\u00e9railles de Nasrallah, quelle vision pour l\u2019avenir ? - Kapitalis\" \/>\n<meta property=\"og:description\" content=\"Les fun\u00e9railles de Hassan Nasrallah ne sont pas un point final, mais le d\u00e9but d\u2019un r\u00e9cit en mutation.\" \/>\n<meta property=\"og:url\" content=\"https:\/\/kapitalis.com\/tunisie\/2025\/02\/26\/liban-apres-les-funerailles-de-nasrallah-quelle-vision-pour-lavenir\/\" \/>\n<meta property=\"og:site_name\" content=\"Kapitalis\" \/>\n<meta property=\"article:publisher\" content=\"https:\/\/www.facebook.com\/KapitalisInfo\/\" \/>\n<meta property=\"article:published_time\" content=\"2025-02-26T08:16:54+00:00\" \/>\n<meta property=\"article:modified_time\" content=\"2025-02-26T08:16:56+00:00\" \/>\n<meta property=\"og:image\" content=\"https:\/\/kapitalis.com\/tunisie\/wp-content\/uploads\/2025\/02\/Funerailles-Nasrallah-1.jpg\" \/>\n\t<meta property=\"og:image:width\" content=\"1200\" \/>\n\t<meta property=\"og:image:height\" content=\"630\" \/>\n\t<meta property=\"og:image:type\" content=\"image\/jpeg\" \/>\n<meta name=\"author\" content=\"webmaster kapitalis\" \/>\n<meta name=\"twitter:card\" content=\"summary_large_image\" \/>\n<meta name=\"twitter:creator\" content=\"@KapitalisInfo\" \/>\n<meta name=\"twitter:site\" content=\"@KapitalisInfo\" \/>\n<meta name=\"twitter:label1\" content=\"\u00c9crit par\" \/>\n\t<meta name=\"twitter:data1\" content=\"webmaster kapitalis\" \/>\n\t<meta name=\"twitter:label2\" content=\"Dur\u00e9e de lecture estim\u00e9e\" \/>\n\t<meta name=\"twitter:data2\" content=\"6 minutes\" \/>\n<script type=\"application\/ld+json\" class=\"yoast-schema-graph\">{\"@context\":\"https:\/\/schema.org\",\"@graph\":[{\"@type\":\"Article\",\"@id\":\"https:\/\/kapitalis.com\/tunisie\/2025\/02\/26\/liban-apres-les-funerailles-de-nasrallah-quelle-vision-pour-lavenir\/#article\",\"isPartOf\":{\"@id\":\"https:\/\/kapitalis.com\/tunisie\/2025\/02\/26\/liban-apres-les-funerailles-de-nasrallah-quelle-vision-pour-lavenir\/\"},\"author\":{\"name\":\"webmaster kapitalis\",\"@id\":\"https:\/\/kapitalis.com\/tunisie\/#\/schema\/person\/d71f33a9ca44f7bad4698210b480c8e9\"},\"headline\":\"Liban : Apr\u00e8s les fun\u00e9railles de Nasrallah, quelle vision pour l\u2019avenir ?\",\"datePublished\":\"2025-02-26T08:16:54+00:00\",\"dateModified\":\"2025-02-26T08:16:56+00:00\",\"mainEntityOfPage\":{\"@id\":\"https:\/\/kapitalis.com\/tunisie\/2025\/02\/26\/liban-apres-les-funerailles-de-nasrallah-quelle-vision-pour-lavenir\/\"},\"wordCount\":1140,\"commentCount\":4,\"publisher\":{\"@id\":\"https:\/\/kapitalis.com\/tunisie\/#organization\"},\"image\":{\"@id\":\"https:\/\/kapitalis.com\/tunisie\/2025\/02\/26\/liban-apres-les-funerailles-de-nasrallah-quelle-vision-pour-lavenir\/#primaryimage\"},\"thumbnailUrl\":\"https:\/\/kapitalis.com\/tunisie\/wp-content\/uploads\/2025\/02\/Funerailles-Nasrallah-1.jpg\",\"keywords\":[\"Beyrouth\",\"deuil collectif\",\"fun\u00e9railles\",\"Hassan Nasrallah\",\"Liban\",\"Manel Albouchi\"],\"articleSection\":[\"A LA UNE\",\"POLITIQUE\",\"TRIBUNE\",\"Tunisie\"],\"inLanguage\":\"fr-FR\",\"potentialAction\":[{\"@type\":\"CommentAction\",\"name\":\"Comment\",\"target\":[\"https:\/\/kapitalis.com\/tunisie\/2025\/02\/26\/liban-apres-les-funerailles-de-nasrallah-quelle-vision-pour-lavenir\/#respond\"]}]},{\"@type\":\"WebPage\",\"@id\":\"https:\/\/kapitalis.com\/tunisie\/2025\/02\/26\/liban-apres-les-funerailles-de-nasrallah-quelle-vision-pour-lavenir\/\",\"url\":\"https:\/\/kapitalis.com\/tunisie\/2025\/02\/26\/liban-apres-les-funerailles-de-nasrallah-quelle-vision-pour-lavenir\/\",\"name\":\"Liban : Apr\u00e8s les fun\u00e9railles de Nasrallah, quelle vision pour l\u2019avenir ? - Kapitalis\",\"isPartOf\":{\"@id\":\"https:\/\/kapitalis.com\/tunisie\/#website\"},\"primaryImageOfPage\":{\"@id\":\"https:\/\/kapitalis.com\/tunisie\/2025\/02\/26\/liban-apres-les-funerailles-de-nasrallah-quelle-vision-pour-lavenir\/#primaryimage\"},\"image\":{\"@id\":\"https:\/\/kapitalis.com\/tunisie\/2025\/02\/26\/liban-apres-les-funerailles-de-nasrallah-quelle-vision-pour-lavenir\/#primaryimage\"},\"thumbnailUrl\":\"https:\/\/kapitalis.com\/tunisie\/wp-content\/uploads\/2025\/02\/Funerailles-Nasrallah-1.jpg\",\"datePublished\":\"2025-02-26T08:16:54+00:00\",\"dateModified\":\"2025-02-26T08:16:56+00:00\",\"breadcrumb\":{\"@id\":\"https:\/\/kapitalis.com\/tunisie\/2025\/02\/26\/liban-apres-les-funerailles-de-nasrallah-quelle-vision-pour-lavenir\/#breadcrumb\"},\"inLanguage\":\"fr-FR\",\"potentialAction\":[{\"@type\":\"ReadAction\",\"target\":[\"https:\/\/kapitalis.com\/tunisie\/2025\/02\/26\/liban-apres-les-funerailles-de-nasrallah-quelle-vision-pour-lavenir\/\"]}]},{\"@type\":\"ImageObject\",\"inLanguage\":\"fr-FR\",\"@id\":\"https:\/\/kapitalis.com\/tunisie\/2025\/02\/26\/liban-apres-les-funerailles-de-nasrallah-quelle-vision-pour-lavenir\/#primaryimage\",\"url\":\"https:\/\/kapitalis.com\/tunisie\/wp-content\/uploads\/2025\/02\/Funerailles-Nasrallah-1.jpg\",\"contentUrl\":\"https:\/\/kapitalis.com\/tunisie\/wp-content\/uploads\/2025\/02\/Funerailles-Nasrallah-1.jpg\",\"width\":1200,\"height\":630},{\"@type\":\"BreadcrumbList\",\"@id\":\"https:\/\/kapitalis.com\/tunisie\/2025\/02\/26\/liban-apres-les-funerailles-de-nasrallah-quelle-vision-pour-lavenir\/#breadcrumb\",\"itemListElement\":[{\"@type\":\"ListItem\",\"position\":1,\"name\":\"Accueil\",\"item\":\"https:\/\/kapitalis.com\/tunisie\/\"},{\"@type\":\"ListItem\",\"position\":2,\"name\":\"Liban : Apr\u00e8s les fun\u00e9railles de Nasrallah, quelle vision pour l\u2019avenir ?\"}]},{\"@type\":\"WebSite\",\"@id\":\"https:\/\/kapitalis.com\/tunisie\/#website\",\"url\":\"https:\/\/kapitalis.com\/tunisie\/\",\"name\":\"Kapitalis\",\"description\":\"L&#039;actualit\u00e9 en Tunisie et dans le monde\",\"publisher\":{\"@id\":\"https:\/\/kapitalis.com\/tunisie\/#organization\"},\"potentialAction\":[{\"@type\":\"SearchAction\",\"target\":{\"@type\":\"EntryPoint\",\"urlTemplate\":\"https:\/\/kapitalis.com\/tunisie\/?s={search_term_string}\"},\"query-input\":{\"@type\":\"PropertyValueSpecification\",\"valueRequired\":true,\"valueName\":\"search_term_string\"}}],\"inLanguage\":\"fr-FR\"},{\"@type\":\"Organization\",\"@id\":\"https:\/\/kapitalis.com\/tunisie\/#organization\",\"name\":\"Kapitalis\",\"url\":\"https:\/\/kapitalis.com\/tunisie\/\",\"logo\":{\"@type\":\"ImageObject\",\"inLanguage\":\"fr-FR\",\"@id\":\"https:\/\/kapitalis.com\/tunisie\/#\/schema\/logo\/image\/\",\"url\":\"https:\/\/kapitalis.com\/tunisie\/wp-content\/uploads\/2022\/05\/Kapitalis-big-size.png\",\"contentUrl\":\"https:\/\/kapitalis.com\/tunisie\/wp-content\/uploads\/2022\/05\/Kapitalis-big-size.png\",\"width\":5000,\"height\":1500,\"caption\":\"Kapitalis\"},\"image\":{\"@id\":\"https:\/\/kapitalis.com\/tunisie\/#\/schema\/logo\/image\/\"},\"sameAs\":[\"https:\/\/www.facebook.com\/KapitalisInfo\/\",\"https:\/\/x.com\/KapitalisInfo\",\"https:\/\/www.youtube.com\/channel\/UC-yDYrHyfFBWWZaOw3FPg9Q\"]},{\"@type\":\"Person\",\"@id\":\"https:\/\/kapitalis.com\/tunisie\/#\/schema\/person\/d71f33a9ca44f7bad4698210b480c8e9\",\"name\":\"webmaster kapitalis\",\"url\":\"https:\/\/kapitalis.com\/tunisie\/author\/webmaster-kapitalis\/\"}]}<\/script>\n<!-- \/ Yoast SEO plugin. -->","yoast_head_json":{"title":"Liban : Apr\u00e8s les fun\u00e9railles de Nasrallah, quelle vision pour l\u2019avenir ? - Kapitalis","robots":{"index":"index","follow":"follow","max-snippet":"max-snippet:-1","max-image-preview":"max-image-preview:large","max-video-preview":"max-video-preview:-1"},"canonical":"https:\/\/kapitalis.com\/tunisie\/2025\/02\/26\/liban-apres-les-funerailles-de-nasrallah-quelle-vision-pour-lavenir\/","og_locale":"fr_FR","og_type":"article","og_title":"Liban : Apr\u00e8s les fun\u00e9railles de Nasrallah, quelle vision pour l\u2019avenir ? - Kapitalis","og_description":"Les fun\u00e9railles de Hassan Nasrallah ne sont pas un point final, mais le d\u00e9but d\u2019un r\u00e9cit en mutation.","og_url":"https:\/\/kapitalis.com\/tunisie\/2025\/02\/26\/liban-apres-les-funerailles-de-nasrallah-quelle-vision-pour-lavenir\/","og_site_name":"Kapitalis","article_publisher":"https:\/\/www.facebook.com\/KapitalisInfo\/","article_published_time":"2025-02-26T08:16:54+00:00","article_modified_time":"2025-02-26T08:16:56+00:00","og_image":[{"width":1200,"height":630,"url":"https:\/\/kapitalis.com\/tunisie\/wp-content\/uploads\/2025\/02\/Funerailles-Nasrallah-1.jpg","type":"image\/jpeg"}],"author":"webmaster kapitalis","twitter_card":"summary_large_image","twitter_creator":"@KapitalisInfo","twitter_site":"@KapitalisInfo","twitter_misc":{"\u00c9crit par":"webmaster kapitalis","Dur\u00e9e de lecture estim\u00e9e":"6 minutes"},"schema":{"@context":"https:\/\/schema.org","@graph":[{"@type":"Article","@id":"https:\/\/kapitalis.com\/tunisie\/2025\/02\/26\/liban-apres-les-funerailles-de-nasrallah-quelle-vision-pour-lavenir\/#article","isPartOf":{"@id":"https:\/\/kapitalis.com\/tunisie\/2025\/02\/26\/liban-apres-les-funerailles-de-nasrallah-quelle-vision-pour-lavenir\/"},"author":{"name":"webmaster kapitalis","@id":"https:\/\/kapitalis.com\/tunisie\/#\/schema\/person\/d71f33a9ca44f7bad4698210b480c8e9"},"headline":"Liban : Apr\u00e8s les fun\u00e9railles de Nasrallah, quelle vision pour l\u2019avenir ?","datePublished":"2025-02-26T08:16:54+00:00","dateModified":"2025-02-26T08:16:56+00:00","mainEntityOfPage":{"@id":"https:\/\/kapitalis.com\/tunisie\/2025\/02\/26\/liban-apres-les-funerailles-de-nasrallah-quelle-vision-pour-lavenir\/"},"wordCount":1140,"commentCount":4,"publisher":{"@id":"https:\/\/kapitalis.com\/tunisie\/#organization"},"image":{"@id":"https:\/\/kapitalis.com\/tunisie\/2025\/02\/26\/liban-apres-les-funerailles-de-nasrallah-quelle-vision-pour-lavenir\/#primaryimage"},"thumbnailUrl":"https:\/\/kapitalis.com\/tunisie\/wp-content\/uploads\/2025\/02\/Funerailles-Nasrallah-1.jpg","keywords":["Beyrouth","deuil collectif","fun\u00e9railles","Hassan Nasrallah","Liban","Manel Albouchi"],"articleSection":["A LA UNE","POLITIQUE","TRIBUNE","Tunisie"],"inLanguage":"fr-FR","potentialAction":[{"@type":"CommentAction","name":"Comment","target":["https:\/\/kapitalis.com\/tunisie\/2025\/02\/26\/liban-apres-les-funerailles-de-nasrallah-quelle-vision-pour-lavenir\/#respond"]}]},{"@type":"WebPage","@id":"https:\/\/kapitalis.com\/tunisie\/2025\/02\/26\/liban-apres-les-funerailles-de-nasrallah-quelle-vision-pour-lavenir\/","url":"https:\/\/kapitalis.com\/tunisie\/2025\/02\/26\/liban-apres-les-funerailles-de-nasrallah-quelle-vision-pour-lavenir\/","name":"Liban : Apr\u00e8s les fun\u00e9railles de Nasrallah, quelle vision pour l\u2019avenir ? - Kapitalis","isPartOf":{"@id":"https:\/\/kapitalis.com\/tunisie\/#website"},"primaryImageOfPage":{"@id":"https:\/\/kapitalis.com\/tunisie\/2025\/02\/26\/liban-apres-les-funerailles-de-nasrallah-quelle-vision-pour-lavenir\/#primaryimage"},"image":{"@id":"https:\/\/kapitalis.com\/tunisie\/2025\/02\/26\/liban-apres-les-funerailles-de-nasrallah-quelle-vision-pour-lavenir\/#primaryimage"},"thumbnailUrl":"https:\/\/kapitalis.com\/tunisie\/wp-content\/uploads\/2025\/02\/Funerailles-Nasrallah-1.jpg","datePublished":"2025-02-26T08:16:54+00:00","dateModified":"2025-02-26T08:16:56+00:00","breadcrumb":{"@id":"https:\/\/kapitalis.com\/tunisie\/2025\/02\/26\/liban-apres-les-funerailles-de-nasrallah-quelle-vision-pour-lavenir\/#breadcrumb"},"inLanguage":"fr-FR","potentialAction":[{"@type":"ReadAction","target":["https:\/\/kapitalis.com\/tunisie\/2025\/02\/26\/liban-apres-les-funerailles-de-nasrallah-quelle-vision-pour-lavenir\/"]}]},{"@type":"ImageObject","inLanguage":"fr-FR","@id":"https:\/\/kapitalis.com\/tunisie\/2025\/02\/26\/liban-apres-les-funerailles-de-nasrallah-quelle-vision-pour-lavenir\/#primaryimage","url":"https:\/\/kapitalis.com\/tunisie\/wp-content\/uploads\/2025\/02\/Funerailles-Nasrallah-1.jpg","contentUrl":"https:\/\/kapitalis.com\/tunisie\/wp-content\/uploads\/2025\/02\/Funerailles-Nasrallah-1.jpg","width":1200,"height":630},{"@type":"BreadcrumbList","@id":"https:\/\/kapitalis.com\/tunisie\/2025\/02\/26\/liban-apres-les-funerailles-de-nasrallah-quelle-vision-pour-lavenir\/#breadcrumb","itemListElement":[{"@type":"ListItem","position":1,"name":"Accueil","item":"https:\/\/kapitalis.com\/tunisie\/"},{"@type":"ListItem","position":2,"name":"Liban : Apr\u00e8s les fun\u00e9railles de Nasrallah, quelle vision pour l\u2019avenir ?"}]},{"@type":"WebSite","@id":"https:\/\/kapitalis.com\/tunisie\/#website","url":"https:\/\/kapitalis.com\/tunisie\/","name":"Kapitalis","description":"L&#039;actualit\u00e9 en Tunisie et dans le monde","publisher":{"@id":"https:\/\/kapitalis.com\/tunisie\/#organization"},"potentialAction":[{"@type":"SearchAction","target":{"@type":"EntryPoint","urlTemplate":"https:\/\/kapitalis.com\/tunisie\/?s={search_term_string}"},"query-input":{"@type":"PropertyValueSpecification","valueRequired":true,"valueName":"search_term_string"}}],"inLanguage":"fr-FR"},{"@type":"Organization","@id":"https:\/\/kapitalis.com\/tunisie\/#organization","name":"Kapitalis","url":"https:\/\/kapitalis.com\/tunisie\/","logo":{"@type":"ImageObject","inLanguage":"fr-FR","@id":"https:\/\/kapitalis.com\/tunisie\/#\/schema\/logo\/image\/","url":"https:\/\/kapitalis.com\/tunisie\/wp-content\/uploads\/2022\/05\/Kapitalis-big-size.png","contentUrl":"https:\/\/kapitalis.com\/tunisie\/wp-content\/uploads\/2022\/05\/Kapitalis-big-size.png","width":5000,"height":1500,"caption":"Kapitalis"},"image":{"@id":"https:\/\/kapitalis.com\/tunisie\/#\/schema\/logo\/image\/"},"sameAs":["https:\/\/www.facebook.com\/KapitalisInfo\/","https:\/\/x.com\/KapitalisInfo","https:\/\/www.youtube.com\/channel\/UC-yDYrHyfFBWWZaOw3FPg9Q"]},{"@type":"Person","@id":"https:\/\/kapitalis.com\/tunisie\/#\/schema\/person\/d71f33a9ca44f7bad4698210b480c8e9","name":"webmaster kapitalis","url":"https:\/\/kapitalis.com\/tunisie\/author\/webmaster-kapitalis\/"}]}},"_links":{"self":[{"href":"https:\/\/kapitalis.com\/tunisie\/wp-json\/wp\/v2\/posts\/15680185","targetHints":{"allow":["GET"]}}],"collection":[{"href":"https:\/\/kapitalis.com\/tunisie\/wp-json\/wp\/v2\/posts"}],"about":[{"href":"https:\/\/kapitalis.com\/tunisie\/wp-json\/wp\/v2\/types\/post"}],"author":[{"embeddable":true,"href":"https:\/\/kapitalis.com\/tunisie\/wp-json\/wp\/v2\/users\/8"}],"replies":[{"embeddable":true,"href":"https:\/\/kapitalis.com\/tunisie\/wp-json\/wp\/v2\/comments?post=15680185"}],"version-history":[{"count":1,"href":"https:\/\/kapitalis.com\/tunisie\/wp-json\/wp\/v2\/posts\/15680185\/revisions"}],"predecessor-version":[{"id":15680217,"href":"https:\/\/kapitalis.com\/tunisie\/wp-json\/wp\/v2\/posts\/15680185\/revisions\/15680217"}],"wp:featuredmedia":[{"embeddable":true,"href":"https:\/\/kapitalis.com\/tunisie\/wp-json\/wp\/v2\/media\/15680208"}],"wp:attachment":[{"href":"https:\/\/kapitalis.com\/tunisie\/wp-json\/wp\/v2\/media?parent=15680185"}],"wp:term":[{"taxonomy":"category","embeddable":true,"href":"https:\/\/kapitalis.com\/tunisie\/wp-json\/wp\/v2\/categories?post=15680185"},{"taxonomy":"post_tag","embeddable":true,"href":"https:\/\/kapitalis.com\/tunisie\/wp-json\/wp\/v2\/tags?post=15680185"}],"curies":[{"name":"wp","href":"https:\/\/api.w.org\/{rel}","templated":true}]}}