{"id":15711212,"date":"2025-02-27T12:52:47","date_gmt":"2025-02-27T11:52:47","guid":{"rendered":"https:\/\/kapitalis.com\/tunisie\/?p=15711212"},"modified":"2025-02-27T12:52:48","modified_gmt":"2025-02-27T11:52:48","slug":"legypte-celebre-lannee-oum-kalthoum","status":"publish","type":"post","link":"https:\/\/kapitalis.com\/tunisie\/2025\/02\/27\/legypte-celebre-lannee-oum-kalthoum\/","title":{"rendered":"L\u2019Egypte c\u00e9l\u00e8bre l\u2019ann\u00e9e Oum Kalthoum"},"content":{"rendered":"\n<p><strong><em>L\u2019\u00c9gypte c\u00e9l\u00e8bre, cette ann\u00e9e 2025, l\u2019Ann\u00e9e Oum Kalthoum\u00a0(ou Umm Kulthum). Tout au long de l\u2019ann\u00e9e, un hommage est rendu \u00e0 \u00abl\u2019\u00c9toile de l\u2019Orient\u00bb<\/em> <em>\u00e0<\/em><\/strong> <strong><em>l\u2019occasion du 50<sup>e<\/sup> anniversaire de son d\u00e9c\u00e8s.<\/em><\/strong><\/p>\n\n\n\n<!--more-->\n\n\n\n<p>L\u2019initiative, promue par le minist\u00e8re de la Culture, vise \u00e0 red\u00e9couvrir l\u2019h\u00e9ritage artistique et culturel de la <em>\u00abVoix de l<\/em><em>\u2019<\/em><em>Egypte\u00bb<\/em>, en soulignant son influence durable sur la musique arabe et son r\u00f4le d\u2019ambassadrice de la culture \u00e9gyptienne dans le monde.<\/p>\n\n\n\n<p>Le ministre de la Culture, Ahmed Hanno, a d\u00e9clar\u00e9 qu\u2019Oum Kulthum est un symbole national et est la voix qui repr\u00e9sente le mieux l\u2019histoire et la civilisation \u00e9gyptiennes, comme le rapporte un communiqu\u00e9 du minist\u00e8re publi\u00e9 sur Facebook par la pr\u00e9sidence du conseil des ministres.<\/p>\n\n\n\n<p>Avec cette c\u00e9l\u00e9bration, le gouvernement souhaite r\u00e9affirmer le r\u00f4le de l\u2019\u00c9gypte en tant que phare des beaux-arts et de la cr\u00e9ativit\u00e9 musicale.<\/p>\n\n\n\n<p>L\u2019\u00e9v\u00e9nement offrira \u00e9galement l\u2019opportunit\u00e9 de d\u00e9couvrir de nouveaux talents \u00e0 travers un concours qui se d\u00e9roulera dans les provinces pour trouver l\u2019<em>\u00ab Oum Kalthoum 2025\u00bb<\/em>.<\/p>\n\n\n\n<p>Les c\u00e9l\u00e9brations comprendront une s\u00e9rie d\u2019\u00e9v\u00e9nements artistiques et culturels impliquant tout le pays.<\/p>\n\n\n\n<p>Il y aura le Festival de musique et de chant d\u00e9di\u00e9 \u00e0 Oum Kulthum, qui partira du village natal de l&rsquo;artiste, Tamay ez-Zahayra, dans le gouvernorat de Dakahlia. Il y aura aussi une exposition de portraits et de photographies rares, un documentaire sur sa carri\u00e8re et un atelier p\u00e9dagogique sur son h\u00e9ritage musical.<\/p>\n\n\n\n<p>Des concerts suivront dans diff\u00e9rentes villes, avec des orchestres locaux interpr\u00e9tant ses pi\u00e8ces les plus c\u00e9l\u00e8bres.<\/p>\n\n\n\n<p>Dans le quartier Al-Manial du Caire, le Mus\u00e9e Oum Kalthoum a offert une entr\u00e9e gratuite tout au long du mois de f\u00e9vrier, donnant aux visiteurs la possibilit\u00e9 de voir des objets personnels, des lettres et des enregistrements in\u00e9dits.<\/p>\n\n\n\n<p>En outre, la Biblioth\u00e8que nationale et les Archives de l\u2019\u00c9tat exposeront des documents historiques retra\u00e7ant la vie de la chanteuse et son impact sur la sc\u00e8ne culturelle \u00e9gyptienne et internationale.<\/p>\n\n\n\n<p>La Foire internationale du livre du Caire rendra \u00e9galement hommage \u00e0 <em>\u00abl<\/em><em>\u2019<\/em><em>\u00c9toile de l<\/em><em>\u2019<\/em><em>Orient\u00bb<\/em> &nbsp;avec une journ\u00e9e enti\u00e8re d\u00e9di\u00e9e \u00e0 sa figure, avec des concerts et des conf\u00e9rences.<\/p>\n\n\n\n<p>L\u2019Op\u00e9ra du Caire pr\u00e9sentera des spectacles th\u00e9matiques, tandis qu\u2019\u00e0 Paris l\u2019Ensemble de musique arabe, dirig\u00e9 par le maestro Alaa Abdel Salam, donnera un concert \u00e0 la Philharmonie de Paris, soulignant une fois de plus la port\u00e9e mondiale de son h\u00e9ritage musical.<\/p>\n\n\n\n<p>Enfin, le minist\u00e8re de la Culture a soulign\u00e9 que cette initiative n\u2019est pas seulement une comm\u00e9moration, mais aussi une opportunit\u00e9 d\u2019inspirer les nouvelles g\u00e9n\u00e9rations et de r\u00e9affirmer l\u2019identit\u00e9 artistique de l\u2019\u00c9gypte, en projetant son extraordinaire patrimoine musical dans le futur.<\/p>\n","protected":false},"excerpt":{"rendered":"<p>L\u2019\u00c9gypte c\u00e9l\u00e8bre, cette ann\u00e9e 2025, l\u2019Ann\u00e9e Oum Kalthoum\u00a0\u00e0 l\u2019occasion du 50e anniversaire de son d\u00e9c\u00e8s.<\/p>\n","protected":false},"author":8,"featured_media":15711394,"comment_status":"open","ping_status":"open","sticky":false,"template":"","format":"standard","meta":{"footnotes":""},"categories":[994,2433],"tags":[121019,2379,108898,121020,81658,121021],"class_list":["post-15711212","post","type-post","status-publish","format-standard","has-post-thumbnail","hentry","category-culture","category-tunisie","tag-ahmed-hanno","tag-egypte","tag-musique-arabe","tag-opera-du-caire","tag-oum-kalthoum","tag-umm-kulthum"],"yoast_head":"<!-- This site is optimized with the Yoast SEO plugin v26.6 - https:\/\/yoast.com\/wordpress\/plugins\/seo\/ -->\n<title>L\u2019Egypte c\u00e9l\u00e8bre l\u2019ann\u00e9e Oum Kalthoum - Kapitalis<\/title>\n<meta name=\"robots\" content=\"index, follow, max-snippet:-1, max-image-preview:large, max-video-preview:-1\" \/>\n<link rel=\"canonical\" href=\"https:\/\/kapitalis.com\/tunisie\/2025\/02\/27\/legypte-celebre-lannee-oum-kalthoum\/\" \/>\n<meta property=\"og:locale\" content=\"fr_FR\" \/>\n<meta property=\"og:type\" content=\"article\" \/>\n<meta property=\"og:title\" content=\"L\u2019Egypte c\u00e9l\u00e8bre l\u2019ann\u00e9e Oum Kalthoum - Kapitalis\" \/>\n<meta property=\"og:description\" content=\"L\u2019\u00c9gypte c\u00e9l\u00e8bre, cette ann\u00e9e 2025, l\u2019Ann\u00e9e Oum Kalthoum\u00a0\u00e0 l\u2019occasion du 50e anniversaire de son d\u00e9c\u00e8s.\" \/>\n<meta property=\"og:url\" content=\"https:\/\/kapitalis.com\/tunisie\/2025\/02\/27\/legypte-celebre-lannee-oum-kalthoum\/\" \/>\n<meta property=\"og:site_name\" content=\"Kapitalis\" \/>\n<meta property=\"article:publisher\" content=\"https:\/\/www.facebook.com\/KapitalisInfo\/\" \/>\n<meta property=\"article:published_time\" content=\"2025-02-27T11:52:47+00:00\" \/>\n<meta property=\"article:modified_time\" content=\"2025-02-27T11:52:48+00:00\" \/>\n<meta property=\"og:image\" content=\"https:\/\/kapitalis.com\/tunisie\/wp-content\/uploads\/2025\/02\/Oum-Kalthoum.jpg\" \/>\n\t<meta property=\"og:image:width\" content=\"1200\" \/>\n\t<meta property=\"og:image:height\" content=\"630\" \/>\n\t<meta property=\"og:image:type\" content=\"image\/jpeg\" \/>\n<meta name=\"author\" content=\"webmaster kapitalis\" \/>\n<meta name=\"twitter:card\" content=\"summary_large_image\" \/>\n<meta name=\"twitter:creator\" content=\"@KapitalisInfo\" \/>\n<meta name=\"twitter:site\" content=\"@KapitalisInfo\" \/>\n<meta name=\"twitter:label1\" content=\"\u00c9crit par\" \/>\n\t<meta name=\"twitter:data1\" content=\"webmaster kapitalis\" \/>\n\t<meta name=\"twitter:label2\" content=\"Dur\u00e9e de lecture estim\u00e9e\" \/>\n\t<meta name=\"twitter:data2\" content=\"3 minutes\" \/>\n<script type=\"application\/ld+json\" class=\"yoast-schema-graph\">{\"@context\":\"https:\/\/schema.org\",\"@graph\":[{\"@type\":\"Article\",\"@id\":\"https:\/\/kapitalis.com\/tunisie\/2025\/02\/27\/legypte-celebre-lannee-oum-kalthoum\/#article\",\"isPartOf\":{\"@id\":\"https:\/\/kapitalis.com\/tunisie\/2025\/02\/27\/legypte-celebre-lannee-oum-kalthoum\/\"},\"author\":{\"name\":\"webmaster kapitalis\",\"@id\":\"https:\/\/kapitalis.com\/tunisie\/#\/schema\/person\/d71f33a9ca44f7bad4698210b480c8e9\"},\"headline\":\"L\u2019Egypte c\u00e9l\u00e8bre l\u2019ann\u00e9e Oum Kalthoum\",\"datePublished\":\"2025-02-27T11:52:47+00:00\",\"dateModified\":\"2025-02-27T11:52:48+00:00\",\"mainEntityOfPage\":{\"@id\":\"https:\/\/kapitalis.com\/tunisie\/2025\/02\/27\/legypte-celebre-lannee-oum-kalthoum\/\"},\"wordCount\":507,\"commentCount\":0,\"publisher\":{\"@id\":\"https:\/\/kapitalis.com\/tunisie\/#organization\"},\"image\":{\"@id\":\"https:\/\/kapitalis.com\/tunisie\/2025\/02\/27\/legypte-celebre-lannee-oum-kalthoum\/#primaryimage\"},\"thumbnailUrl\":\"https:\/\/kapitalis.com\/tunisie\/wp-content\/uploads\/2025\/02\/Oum-Kalthoum.jpg\",\"keywords\":[\"Ahmed Hanno\",\"Egypte\",\"musique arabe\",\"Op\u00e9ra du Caire\",\"Oum Kalthoum\",\"Umm Kulthum\"],\"articleSection\":[\"CULTURE\",\"Tunisie\"],\"inLanguage\":\"fr-FR\",\"potentialAction\":[{\"@type\":\"CommentAction\",\"name\":\"Comment\",\"target\":[\"https:\/\/kapitalis.com\/tunisie\/2025\/02\/27\/legypte-celebre-lannee-oum-kalthoum\/#respond\"]}]},{\"@type\":\"WebPage\",\"@id\":\"https:\/\/kapitalis.com\/tunisie\/2025\/02\/27\/legypte-celebre-lannee-oum-kalthoum\/\",\"url\":\"https:\/\/kapitalis.com\/tunisie\/2025\/02\/27\/legypte-celebre-lannee-oum-kalthoum\/\",\"name\":\"L\u2019Egypte c\u00e9l\u00e8bre l\u2019ann\u00e9e Oum Kalthoum - Kapitalis\",\"isPartOf\":{\"@id\":\"https:\/\/kapitalis.com\/tunisie\/#website\"},\"primaryImageOfPage\":{\"@id\":\"https:\/\/kapitalis.com\/tunisie\/2025\/02\/27\/legypte-celebre-lannee-oum-kalthoum\/#primaryimage\"},\"image\":{\"@id\":\"https:\/\/kapitalis.com\/tunisie\/2025\/02\/27\/legypte-celebre-lannee-oum-kalthoum\/#primaryimage\"},\"thumbnailUrl\":\"https:\/\/kapitalis.com\/tunisie\/wp-content\/uploads\/2025\/02\/Oum-Kalthoum.jpg\",\"datePublished\":\"2025-02-27T11:52:47+00:00\",\"dateModified\":\"2025-02-27T11:52:48+00:00\",\"breadcrumb\":{\"@id\":\"https:\/\/kapitalis.com\/tunisie\/2025\/02\/27\/legypte-celebre-lannee-oum-kalthoum\/#breadcrumb\"},\"inLanguage\":\"fr-FR\",\"potentialAction\":[{\"@type\":\"ReadAction\",\"target\":[\"https:\/\/kapitalis.com\/tunisie\/2025\/02\/27\/legypte-celebre-lannee-oum-kalthoum\/\"]}]},{\"@type\":\"ImageObject\",\"inLanguage\":\"fr-FR\",\"@id\":\"https:\/\/kapitalis.com\/tunisie\/2025\/02\/27\/legypte-celebre-lannee-oum-kalthoum\/#primaryimage\",\"url\":\"https:\/\/kapitalis.com\/tunisie\/wp-content\/uploads\/2025\/02\/Oum-Kalthoum.jpg\",\"contentUrl\":\"https:\/\/kapitalis.com\/tunisie\/wp-content\/uploads\/2025\/02\/Oum-Kalthoum.jpg\",\"width\":1200,\"height\":630},{\"@type\":\"BreadcrumbList\",\"@id\":\"https:\/\/kapitalis.com\/tunisie\/2025\/02\/27\/legypte-celebre-lannee-oum-kalthoum\/#breadcrumb\",\"itemListElement\":[{\"@type\":\"ListItem\",\"position\":1,\"name\":\"Accueil\",\"item\":\"https:\/\/kapitalis.com\/tunisie\/\"},{\"@type\":\"ListItem\",\"position\":2,\"name\":\"L\u2019Egypte c\u00e9l\u00e8bre l\u2019ann\u00e9e Oum Kalthoum\"}]},{\"@type\":\"WebSite\",\"@id\":\"https:\/\/kapitalis.com\/tunisie\/#website\",\"url\":\"https:\/\/kapitalis.com\/tunisie\/\",\"name\":\"Kapitalis\",\"description\":\"L&#039;actualit\u00e9 en Tunisie et dans le monde\",\"publisher\":{\"@id\":\"https:\/\/kapitalis.com\/tunisie\/#organization\"},\"potentialAction\":[{\"@type\":\"SearchAction\",\"target\":{\"@type\":\"EntryPoint\",\"urlTemplate\":\"https:\/\/kapitalis.com\/tunisie\/?s={search_term_string}\"},\"query-input\":{\"@type\":\"PropertyValueSpecification\",\"valueRequired\":true,\"valueName\":\"search_term_string\"}}],\"inLanguage\":\"fr-FR\"},{\"@type\":\"Organization\",\"@id\":\"https:\/\/kapitalis.com\/tunisie\/#organization\",\"name\":\"Kapitalis\",\"url\":\"https:\/\/kapitalis.com\/tunisie\/\",\"logo\":{\"@type\":\"ImageObject\",\"inLanguage\":\"fr-FR\",\"@id\":\"https:\/\/kapitalis.com\/tunisie\/#\/schema\/logo\/image\/\",\"url\":\"https:\/\/kapitalis.com\/tunisie\/wp-content\/uploads\/2022\/05\/Kapitalis-big-size.png\",\"contentUrl\":\"https:\/\/kapitalis.com\/tunisie\/wp-content\/uploads\/2022\/05\/Kapitalis-big-size.png\",\"width\":5000,\"height\":1500,\"caption\":\"Kapitalis\"},\"image\":{\"@id\":\"https:\/\/kapitalis.com\/tunisie\/#\/schema\/logo\/image\/\"},\"sameAs\":[\"https:\/\/www.facebook.com\/KapitalisInfo\/\",\"https:\/\/x.com\/KapitalisInfo\",\"https:\/\/www.youtube.com\/channel\/UC-yDYrHyfFBWWZaOw3FPg9Q\"]},{\"@type\":\"Person\",\"@id\":\"https:\/\/kapitalis.com\/tunisie\/#\/schema\/person\/d71f33a9ca44f7bad4698210b480c8e9\",\"name\":\"webmaster kapitalis\",\"url\":\"https:\/\/kapitalis.com\/tunisie\/author\/webmaster-kapitalis\/\"}]}<\/script>\n<!-- \/ Yoast SEO plugin. -->","yoast_head_json":{"title":"L\u2019Egypte c\u00e9l\u00e8bre l\u2019ann\u00e9e Oum Kalthoum - Kapitalis","robots":{"index":"index","follow":"follow","max-snippet":"max-snippet:-1","max-image-preview":"max-image-preview:large","max-video-preview":"max-video-preview:-1"},"canonical":"https:\/\/kapitalis.com\/tunisie\/2025\/02\/27\/legypte-celebre-lannee-oum-kalthoum\/","og_locale":"fr_FR","og_type":"article","og_title":"L\u2019Egypte c\u00e9l\u00e8bre l\u2019ann\u00e9e Oum Kalthoum - Kapitalis","og_description":"L\u2019\u00c9gypte c\u00e9l\u00e8bre, cette ann\u00e9e 2025, l\u2019Ann\u00e9e Oum Kalthoum\u00a0\u00e0 l\u2019occasion du 50e anniversaire de son d\u00e9c\u00e8s.","og_url":"https:\/\/kapitalis.com\/tunisie\/2025\/02\/27\/legypte-celebre-lannee-oum-kalthoum\/","og_site_name":"Kapitalis","article_publisher":"https:\/\/www.facebook.com\/KapitalisInfo\/","article_published_time":"2025-02-27T11:52:47+00:00","article_modified_time":"2025-02-27T11:52:48+00:00","og_image":[{"width":1200,"height":630,"url":"https:\/\/kapitalis.com\/tunisie\/wp-content\/uploads\/2025\/02\/Oum-Kalthoum.jpg","type":"image\/jpeg"}],"author":"webmaster kapitalis","twitter_card":"summary_large_image","twitter_creator":"@KapitalisInfo","twitter_site":"@KapitalisInfo","twitter_misc":{"\u00c9crit par":"webmaster kapitalis","Dur\u00e9e de lecture estim\u00e9e":"3 minutes"},"schema":{"@context":"https:\/\/schema.org","@graph":[{"@type":"Article","@id":"https:\/\/kapitalis.com\/tunisie\/2025\/02\/27\/legypte-celebre-lannee-oum-kalthoum\/#article","isPartOf":{"@id":"https:\/\/kapitalis.com\/tunisie\/2025\/02\/27\/legypte-celebre-lannee-oum-kalthoum\/"},"author":{"name":"webmaster kapitalis","@id":"https:\/\/kapitalis.com\/tunisie\/#\/schema\/person\/d71f33a9ca44f7bad4698210b480c8e9"},"headline":"L\u2019Egypte c\u00e9l\u00e8bre l\u2019ann\u00e9e Oum Kalthoum","datePublished":"2025-02-27T11:52:47+00:00","dateModified":"2025-02-27T11:52:48+00:00","mainEntityOfPage":{"@id":"https:\/\/kapitalis.com\/tunisie\/2025\/02\/27\/legypte-celebre-lannee-oum-kalthoum\/"},"wordCount":507,"commentCount":0,"publisher":{"@id":"https:\/\/kapitalis.com\/tunisie\/#organization"},"image":{"@id":"https:\/\/kapitalis.com\/tunisie\/2025\/02\/27\/legypte-celebre-lannee-oum-kalthoum\/#primaryimage"},"thumbnailUrl":"https:\/\/kapitalis.com\/tunisie\/wp-content\/uploads\/2025\/02\/Oum-Kalthoum.jpg","keywords":["Ahmed Hanno","Egypte","musique arabe","Op\u00e9ra du Caire","Oum Kalthoum","Umm Kulthum"],"articleSection":["CULTURE","Tunisie"],"inLanguage":"fr-FR","potentialAction":[{"@type":"CommentAction","name":"Comment","target":["https:\/\/kapitalis.com\/tunisie\/2025\/02\/27\/legypte-celebre-lannee-oum-kalthoum\/#respond"]}]},{"@type":"WebPage","@id":"https:\/\/kapitalis.com\/tunisie\/2025\/02\/27\/legypte-celebre-lannee-oum-kalthoum\/","url":"https:\/\/kapitalis.com\/tunisie\/2025\/02\/27\/legypte-celebre-lannee-oum-kalthoum\/","name":"L\u2019Egypte c\u00e9l\u00e8bre l\u2019ann\u00e9e Oum Kalthoum - Kapitalis","isPartOf":{"@id":"https:\/\/kapitalis.com\/tunisie\/#website"},"primaryImageOfPage":{"@id":"https:\/\/kapitalis.com\/tunisie\/2025\/02\/27\/legypte-celebre-lannee-oum-kalthoum\/#primaryimage"},"image":{"@id":"https:\/\/kapitalis.com\/tunisie\/2025\/02\/27\/legypte-celebre-lannee-oum-kalthoum\/#primaryimage"},"thumbnailUrl":"https:\/\/kapitalis.com\/tunisie\/wp-content\/uploads\/2025\/02\/Oum-Kalthoum.jpg","datePublished":"2025-02-27T11:52:47+00:00","dateModified":"2025-02-27T11:52:48+00:00","breadcrumb":{"@id":"https:\/\/kapitalis.com\/tunisie\/2025\/02\/27\/legypte-celebre-lannee-oum-kalthoum\/#breadcrumb"},"inLanguage":"fr-FR","potentialAction":[{"@type":"ReadAction","target":["https:\/\/kapitalis.com\/tunisie\/2025\/02\/27\/legypte-celebre-lannee-oum-kalthoum\/"]}]},{"@type":"ImageObject","inLanguage":"fr-FR","@id":"https:\/\/kapitalis.com\/tunisie\/2025\/02\/27\/legypte-celebre-lannee-oum-kalthoum\/#primaryimage","url":"https:\/\/kapitalis.com\/tunisie\/wp-content\/uploads\/2025\/02\/Oum-Kalthoum.jpg","contentUrl":"https:\/\/kapitalis.com\/tunisie\/wp-content\/uploads\/2025\/02\/Oum-Kalthoum.jpg","width":1200,"height":630},{"@type":"BreadcrumbList","@id":"https:\/\/kapitalis.com\/tunisie\/2025\/02\/27\/legypte-celebre-lannee-oum-kalthoum\/#breadcrumb","itemListElement":[{"@type":"ListItem","position":1,"name":"Accueil","item":"https:\/\/kapitalis.com\/tunisie\/"},{"@type":"ListItem","position":2,"name":"L\u2019Egypte c\u00e9l\u00e8bre l\u2019ann\u00e9e Oum Kalthoum"}]},{"@type":"WebSite","@id":"https:\/\/kapitalis.com\/tunisie\/#website","url":"https:\/\/kapitalis.com\/tunisie\/","name":"Kapitalis","description":"L&#039;actualit\u00e9 en Tunisie et dans le monde","publisher":{"@id":"https:\/\/kapitalis.com\/tunisie\/#organization"},"potentialAction":[{"@type":"SearchAction","target":{"@type":"EntryPoint","urlTemplate":"https:\/\/kapitalis.com\/tunisie\/?s={search_term_string}"},"query-input":{"@type":"PropertyValueSpecification","valueRequired":true,"valueName":"search_term_string"}}],"inLanguage":"fr-FR"},{"@type":"Organization","@id":"https:\/\/kapitalis.com\/tunisie\/#organization","name":"Kapitalis","url":"https:\/\/kapitalis.com\/tunisie\/","logo":{"@type":"ImageObject","inLanguage":"fr-FR","@id":"https:\/\/kapitalis.com\/tunisie\/#\/schema\/logo\/image\/","url":"https:\/\/kapitalis.com\/tunisie\/wp-content\/uploads\/2022\/05\/Kapitalis-big-size.png","contentUrl":"https:\/\/kapitalis.com\/tunisie\/wp-content\/uploads\/2022\/05\/Kapitalis-big-size.png","width":5000,"height":1500,"caption":"Kapitalis"},"image":{"@id":"https:\/\/kapitalis.com\/tunisie\/#\/schema\/logo\/image\/"},"sameAs":["https:\/\/www.facebook.com\/KapitalisInfo\/","https:\/\/x.com\/KapitalisInfo","https:\/\/www.youtube.com\/channel\/UC-yDYrHyfFBWWZaOw3FPg9Q"]},{"@type":"Person","@id":"https:\/\/kapitalis.com\/tunisie\/#\/schema\/person\/d71f33a9ca44f7bad4698210b480c8e9","name":"webmaster kapitalis","url":"https:\/\/kapitalis.com\/tunisie\/author\/webmaster-kapitalis\/"}]}},"_links":{"self":[{"href":"https:\/\/kapitalis.com\/tunisie\/wp-json\/wp\/v2\/posts\/15711212","targetHints":{"allow":["GET"]}}],"collection":[{"href":"https:\/\/kapitalis.com\/tunisie\/wp-json\/wp\/v2\/posts"}],"about":[{"href":"https:\/\/kapitalis.com\/tunisie\/wp-json\/wp\/v2\/types\/post"}],"author":[{"embeddable":true,"href":"https:\/\/kapitalis.com\/tunisie\/wp-json\/wp\/v2\/users\/8"}],"replies":[{"embeddable":true,"href":"https:\/\/kapitalis.com\/tunisie\/wp-json\/wp\/v2\/comments?post=15711212"}],"version-history":[{"count":1,"href":"https:\/\/kapitalis.com\/tunisie\/wp-json\/wp\/v2\/posts\/15711212\/revisions"}],"predecessor-version":[{"id":15711434,"href":"https:\/\/kapitalis.com\/tunisie\/wp-json\/wp\/v2\/posts\/15711212\/revisions\/15711434"}],"wp:featuredmedia":[{"embeddable":true,"href":"https:\/\/kapitalis.com\/tunisie\/wp-json\/wp\/v2\/media\/15711394"}],"wp:attachment":[{"href":"https:\/\/kapitalis.com\/tunisie\/wp-json\/wp\/v2\/media?parent=15711212"}],"wp:term":[{"taxonomy":"category","embeddable":true,"href":"https:\/\/kapitalis.com\/tunisie\/wp-json\/wp\/v2\/categories?post=15711212"},{"taxonomy":"post_tag","embeddable":true,"href":"https:\/\/kapitalis.com\/tunisie\/wp-json\/wp\/v2\/tags?post=15711212"}],"curies":[{"name":"wp","href":"https:\/\/api.w.org\/{rel}","templated":true}]}}