{"id":157121,"date":"2018-05-30T15:55:22","date_gmt":"2018-05-30T14:55:22","guid":{"rendered":"http:\/\/kapitalis.com\/tunisie\/?p=157121"},"modified":"2018-05-30T15:55:22","modified_gmt":"2018-05-30T14:55:22","slug":"football-lesperance-revient-a-la-charge-pour-yassine-meriah","status":"publish","type":"post","link":"https:\/\/kapitalis.com\/tunisie\/2018\/05\/30\/football-lesperance-revient-a-la-charge-pour-yassine-meriah\/","title":{"rendered":"Football : L\u2019Esp\u00e9rance revient \u00e0 la charge pour Yassine Meriah"},"content":{"rendered":"<p style=\"text-align: center;\"><img loading=\"lazy\" decoding=\"async\" class=\"alignnone size-full wp-image-131099\" src=\"http:\/\/kapitalis.com\/tunisie\/wp-content\/uploads\/2018\/01\/Yassine-Meriah.jpg\" alt=\"\" width=\"626\" height=\"380\" \/><\/p>\n<p><em><strong>C\u2019est le journal \u00e9lectronique \u2018\u2018Hakaekonline\u2019\u2019 qui donne l\u2019information, sur la foi du manager du joueur : Hamdi Meddeb revient \u00e0 la charge pour obtenir la signature de Yassine Meriah, le d\u00e9fenseur international du Club sportif sfaxien (CSS).<\/strong><\/em><\/p>\n<p><!--more--><\/p>\n<p>Selon le manager du joueur, Mehrez Aouida, le pr\u00e9sident de l\u2019Esp\u00e9rance sportive de Tunis (EST) l\u2019a appel\u00e9 pour annoncer qu\u2019il va avancer une offre.<\/p>\n<p>Les pourparlers avec le joueur et son manager avancent et un accord ne serait pas difficile \u00e0 obtenir, m\u00eame si le joueur dispose de deux offres fran\u00e7aises qu\u2019il ne rejette pas pour le moment. On parle de Dijon et Nice, apr\u00e8s que les n\u00e9gociations avec Strasbourg se soient arr\u00eat\u00e9s.<\/p>\n<p>Le seul hic pour l\u2019EST serait la position du CSS qui aime laisser partir son joueur \u00e0 un club \u00e0 l\u2019\u00e9tranger!<\/p>\n<p>L\u2019EST suit l\u2019international tunisien depuis le mercato d\u2019hiver. Elle r\u00e9active la piste de cet athl\u00e9tique d\u00e9fenseur central de 25 ans, dont le contrat court jusqu\u2019\u00e0 juin 2019 avec le CSS, afin de renforcer son \u00e9quipe en vue des difficiles man\u0153uvres de la Ligue des champions et de la Coupe arabe des clubs pr\u00e9vues cet \u00e9t\u00e9.<\/p>\n<p>Une \u00e9ventuelle arriv\u00e9e de ce joueur serait une tr\u00e8s bonne acquisition et surtout un investissement sur b\u00e9n\u00e9fice non n\u00e9gligeable.<\/p>\n<p style=\"text-align: right;\"><strong>H. M.<\/strong><\/p>\n<blockquote class=\"wp-embedded-content\" data-secret=\"WuKM8Pb3kO\"><p><a href=\"https:\/\/kapitalis.com\/tunisie\/2017\/12\/31\/club-sfaxien-le-defenseur-yassine-meriah-attendu-a-strasbourg\/\">Club sfaxien : Le d\u00e9fenseur Yassine Meriah attendu \u00e0 Strasbourg<\/a><\/p><\/blockquote>\n<p><iframe loading=\"lazy\" class=\"wp-embedded-content\" sandbox=\"allow-scripts\" security=\"restricted\" style=\"position: absolute; clip: rect(1px, 1px, 1px, 1px);\" title=\"\u00ab\u00a0Club sfaxien : Le d\u00e9fenseur Yassine Meriah attendu \u00e0 Strasbourg\u00a0\u00bb &#8212; Kapitalis\" src=\"https:\/\/kapitalis.com\/tunisie\/2017\/12\/31\/club-sfaxien-le-defenseur-yassine-meriah-attendu-a-strasbourg\/embed\/#?secret=lGA6w5iptW#?secret=WuKM8Pb3kO\" data-secret=\"WuKM8Pb3kO\" width=\"600\" height=\"338\" frameborder=\"0\" marginwidth=\"0\" marginheight=\"0\" scrolling=\"no\"><\/iframe><\/p>\n<blockquote class=\"wp-embedded-content\" data-secret=\"DojBSH9uYP\"><p><a href=\"https:\/\/kapitalis.com\/tunisie\/2017\/11\/19\/club-sfaxien-meriah-et-mathlouthi-pistes-par-antalyaspor\/\">Club sfaxien : Meriah et Mathlouthi pist\u00e9s par Antalyaspor<\/a><\/p><\/blockquote>\n<p><iframe loading=\"lazy\" class=\"wp-embedded-content\" sandbox=\"allow-scripts\" security=\"restricted\" style=\"position: absolute; clip: rect(1px, 1px, 1px, 1px);\" title=\"\u00ab\u00a0Club sfaxien : Meriah et Mathlouthi pist\u00e9s par Antalyaspor\u00a0\u00bb &#8212; Kapitalis\" src=\"https:\/\/kapitalis.com\/tunisie\/2017\/11\/19\/club-sfaxien-meriah-et-mathlouthi-pistes-par-antalyaspor\/embed\/#?secret=VUVbC7LJaA#?secret=DojBSH9uYP\" data-secret=\"DojBSH9uYP\" width=\"600\" height=\"338\" frameborder=\"0\" marginwidth=\"0\" marginheight=\"0\" scrolling=\"no\"><\/iframe><\/p>\n","protected":false},"excerpt":{"rendered":"<p>C\u2019est le journal \u00e9lectronique \u2018\u2018Hakaekonline\u2019\u2019 qui donne l\u2019information, sur la foi du manager du joueur : Hamdi Meddeb revient \u00e0 la charge pour obtenir la signature de Yassine Meriah, le d\u00e9fenseur international du Club sportif sfaxien (CSS).<\/p>\n","protected":false},"author":8,"featured_media":0,"comment_status":"open","ping_status":"open","sticky":false,"template":"","format":"standard","meta":{"footnotes":""},"categories":[999,2433],"tags":[4268,20009,3261,2472,15920,34983],"class_list":["post-157121","post","type-post","status-publish","format-standard","hentry","category-sport","category-tunisie","tag-club-sportif-sfaxien","tag-dijon","tag-esperance-sportive-de-tunis","tag-hamdi-meddeb","tag-nice","tag-yassine-meriah"],"yoast_head":"<!-- This site is optimized with the Yoast SEO plugin v26.6 - https:\/\/yoast.com\/wordpress\/plugins\/seo\/ -->\n<title>Football : L\u2019Esp\u00e9rance revient \u00e0 la charge pour Yassine Meriah - Kapitalis<\/title>\n<meta name=\"robots\" content=\"index, follow, max-snippet:-1, max-image-preview:large, max-video-preview:-1\" \/>\n<link rel=\"canonical\" href=\"https:\/\/kapitalis.com\/tunisie\/2018\/05\/30\/football-lesperance-revient-a-la-charge-pour-yassine-meriah\/\" \/>\n<meta property=\"og:locale\" content=\"fr_FR\" \/>\n<meta property=\"og:type\" content=\"article\" \/>\n<meta property=\"og:title\" content=\"Football : L\u2019Esp\u00e9rance revient \u00e0 la charge pour Yassine Meriah - Kapitalis\" \/>\n<meta property=\"og:description\" content=\"C\u2019est le journal \u00e9lectronique \u2018\u2018Hakaekonline\u2019\u2019 qui donne l\u2019information, sur la foi du manager du joueur : Hamdi Meddeb revient \u00e0 la charge pour obtenir la signature de Yassine Meriah, le d\u00e9fenseur international du Club sportif sfaxien (CSS).\" \/>\n<meta property=\"og:url\" content=\"https:\/\/kapitalis.com\/tunisie\/2018\/05\/30\/football-lesperance-revient-a-la-charge-pour-yassine-meriah\/\" \/>\n<meta property=\"og:site_name\" content=\"Kapitalis\" \/>\n<meta property=\"article:publisher\" content=\"https:\/\/www.facebook.com\/KapitalisInfo\/\" \/>\n<meta property=\"article:published_time\" content=\"2018-05-30T14:55:22+00:00\" \/>\n<meta property=\"og:image\" content=\"http:\/\/kapitalis.com\/tunisie\/wp-content\/uploads\/2018\/01\/Yassine-Meriah.jpg\" \/>\n<meta name=\"author\" content=\"webmaster kapitalis\" \/>\n<meta name=\"twitter:card\" content=\"summary_large_image\" \/>\n<meta name=\"twitter:creator\" content=\"@KapitalisInfo\" \/>\n<meta name=\"twitter:site\" content=\"@KapitalisInfo\" \/>\n<meta name=\"twitter:label1\" content=\"\u00c9crit par\" \/>\n\t<meta name=\"twitter:data1\" content=\"webmaster kapitalis\" \/>\n\t<meta name=\"twitter:label2\" content=\"Dur\u00e9e de lecture estim\u00e9e\" \/>\n\t<meta name=\"twitter:data2\" content=\"1 minute\" \/>\n<script type=\"application\/ld+json\" class=\"yoast-schema-graph\">{\"@context\":\"https:\/\/schema.org\",\"@graph\":[{\"@type\":\"Article\",\"@id\":\"https:\/\/kapitalis.com\/tunisie\/2018\/05\/30\/football-lesperance-revient-a-la-charge-pour-yassine-meriah\/#article\",\"isPartOf\":{\"@id\":\"https:\/\/kapitalis.com\/tunisie\/2018\/05\/30\/football-lesperance-revient-a-la-charge-pour-yassine-meriah\/\"},\"author\":{\"name\":\"webmaster kapitalis\",\"@id\":\"https:\/\/kapitalis.com\/tunisie\/#\/schema\/person\/d71f33a9ca44f7bad4698210b480c8e9\"},\"headline\":\"Football : L\u2019Esp\u00e9rance revient \u00e0 la charge pour Yassine Meriah\",\"datePublished\":\"2018-05-30T14:55:22+00:00\",\"mainEntityOfPage\":{\"@id\":\"https:\/\/kapitalis.com\/tunisie\/2018\/05\/30\/football-lesperance-revient-a-la-charge-pour-yassine-meriah\/\"},\"wordCount\":250,\"commentCount\":1,\"publisher\":{\"@id\":\"https:\/\/kapitalis.com\/tunisie\/#organization\"},\"image\":{\"@id\":\"https:\/\/kapitalis.com\/tunisie\/2018\/05\/30\/football-lesperance-revient-a-la-charge-pour-yassine-meriah\/#primaryimage\"},\"thumbnailUrl\":\"http:\/\/kapitalis.com\/tunisie\/wp-content\/uploads\/2018\/01\/Yassine-Meriah.jpg\",\"keywords\":[\"Club sportif sfaxien\",\"Dijon\",\"Esp\u00e9rance sportive de Tunis\",\"Hamdi Meddeb\",\"Nice\",\"Yassine Meriah\"],\"articleSection\":[\"SPORT\",\"Tunisie\"],\"inLanguage\":\"fr-FR\",\"potentialAction\":[{\"@type\":\"CommentAction\",\"name\":\"Comment\",\"target\":[\"https:\/\/kapitalis.com\/tunisie\/2018\/05\/30\/football-lesperance-revient-a-la-charge-pour-yassine-meriah\/#respond\"]}]},{\"@type\":\"WebPage\",\"@id\":\"https:\/\/kapitalis.com\/tunisie\/2018\/05\/30\/football-lesperance-revient-a-la-charge-pour-yassine-meriah\/\",\"url\":\"https:\/\/kapitalis.com\/tunisie\/2018\/05\/30\/football-lesperance-revient-a-la-charge-pour-yassine-meriah\/\",\"name\":\"Football : L\u2019Esp\u00e9rance revient \u00e0 la charge pour Yassine Meriah - Kapitalis\",\"isPartOf\":{\"@id\":\"https:\/\/kapitalis.com\/tunisie\/#website\"},\"primaryImageOfPage\":{\"@id\":\"https:\/\/kapitalis.com\/tunisie\/2018\/05\/30\/football-lesperance-revient-a-la-charge-pour-yassine-meriah\/#primaryimage\"},\"image\":{\"@id\":\"https:\/\/kapitalis.com\/tunisie\/2018\/05\/30\/football-lesperance-revient-a-la-charge-pour-yassine-meriah\/#primaryimage\"},\"thumbnailUrl\":\"http:\/\/kapitalis.com\/tunisie\/wp-content\/uploads\/2018\/01\/Yassine-Meriah.jpg\",\"datePublished\":\"2018-05-30T14:55:22+00:00\",\"breadcrumb\":{\"@id\":\"https:\/\/kapitalis.com\/tunisie\/2018\/05\/30\/football-lesperance-revient-a-la-charge-pour-yassine-meriah\/#breadcrumb\"},\"inLanguage\":\"fr-FR\",\"potentialAction\":[{\"@type\":\"ReadAction\",\"target\":[\"https:\/\/kapitalis.com\/tunisie\/2018\/05\/30\/football-lesperance-revient-a-la-charge-pour-yassine-meriah\/\"]}]},{\"@type\":\"ImageObject\",\"inLanguage\":\"fr-FR\",\"@id\":\"https:\/\/kapitalis.com\/tunisie\/2018\/05\/30\/football-lesperance-revient-a-la-charge-pour-yassine-meriah\/#primaryimage\",\"url\":\"http:\/\/kapitalis.com\/tunisie\/wp-content\/uploads\/2018\/01\/Yassine-Meriah.jpg\",\"contentUrl\":\"http:\/\/kapitalis.com\/tunisie\/wp-content\/uploads\/2018\/01\/Yassine-Meriah.jpg\"},{\"@type\":\"BreadcrumbList\",\"@id\":\"https:\/\/kapitalis.com\/tunisie\/2018\/05\/30\/football-lesperance-revient-a-la-charge-pour-yassine-meriah\/#breadcrumb\",\"itemListElement\":[{\"@type\":\"ListItem\",\"position\":1,\"name\":\"Accueil\",\"item\":\"https:\/\/kapitalis.com\/tunisie\/\"},{\"@type\":\"ListItem\",\"position\":2,\"name\":\"Football : L\u2019Esp\u00e9rance revient \u00e0 la charge pour Yassine Meriah\"}]},{\"@type\":\"WebSite\",\"@id\":\"https:\/\/kapitalis.com\/tunisie\/#website\",\"url\":\"https:\/\/kapitalis.com\/tunisie\/\",\"name\":\"Kapitalis\",\"description\":\"L&#039;actualit\u00e9 en Tunisie et dans le monde\",\"publisher\":{\"@id\":\"https:\/\/kapitalis.com\/tunisie\/#organization\"},\"potentialAction\":[{\"@type\":\"SearchAction\",\"target\":{\"@type\":\"EntryPoint\",\"urlTemplate\":\"https:\/\/kapitalis.com\/tunisie\/?s={search_term_string}\"},\"query-input\":{\"@type\":\"PropertyValueSpecification\",\"valueRequired\":true,\"valueName\":\"search_term_string\"}}],\"inLanguage\":\"fr-FR\"},{\"@type\":\"Organization\",\"@id\":\"https:\/\/kapitalis.com\/tunisie\/#organization\",\"name\":\"Kapitalis\",\"url\":\"https:\/\/kapitalis.com\/tunisie\/\",\"logo\":{\"@type\":\"ImageObject\",\"inLanguage\":\"fr-FR\",\"@id\":\"https:\/\/kapitalis.com\/tunisie\/#\/schema\/logo\/image\/\",\"url\":\"https:\/\/kapitalis.com\/tunisie\/wp-content\/uploads\/2022\/05\/Kapitalis-big-size.png\",\"contentUrl\":\"https:\/\/kapitalis.com\/tunisie\/wp-content\/uploads\/2022\/05\/Kapitalis-big-size.png\",\"width\":5000,\"height\":1500,\"caption\":\"Kapitalis\"},\"image\":{\"@id\":\"https:\/\/kapitalis.com\/tunisie\/#\/schema\/logo\/image\/\"},\"sameAs\":[\"https:\/\/www.facebook.com\/KapitalisInfo\/\",\"https:\/\/x.com\/KapitalisInfo\",\"https:\/\/www.youtube.com\/channel\/UC-yDYrHyfFBWWZaOw3FPg9Q\"]},{\"@type\":\"Person\",\"@id\":\"https:\/\/kapitalis.com\/tunisie\/#\/schema\/person\/d71f33a9ca44f7bad4698210b480c8e9\",\"name\":\"webmaster kapitalis\",\"url\":\"https:\/\/kapitalis.com\/tunisie\/author\/webmaster-kapitalis\/\"}]}<\/script>\n<!-- \/ Yoast SEO plugin. -->","yoast_head_json":{"title":"Football : L\u2019Esp\u00e9rance revient \u00e0 la charge pour Yassine Meriah - Kapitalis","robots":{"index":"index","follow":"follow","max-snippet":"max-snippet:-1","max-image-preview":"max-image-preview:large","max-video-preview":"max-video-preview:-1"},"canonical":"https:\/\/kapitalis.com\/tunisie\/2018\/05\/30\/football-lesperance-revient-a-la-charge-pour-yassine-meriah\/","og_locale":"fr_FR","og_type":"article","og_title":"Football : L\u2019Esp\u00e9rance revient \u00e0 la charge pour Yassine Meriah - Kapitalis","og_description":"C\u2019est le journal \u00e9lectronique \u2018\u2018Hakaekonline\u2019\u2019 qui donne l\u2019information, sur la foi du manager du joueur : Hamdi Meddeb revient \u00e0 la charge pour obtenir la signature de Yassine Meriah, le d\u00e9fenseur international du Club sportif sfaxien (CSS).","og_url":"https:\/\/kapitalis.com\/tunisie\/2018\/05\/30\/football-lesperance-revient-a-la-charge-pour-yassine-meriah\/","og_site_name":"Kapitalis","article_publisher":"https:\/\/www.facebook.com\/KapitalisInfo\/","article_published_time":"2018-05-30T14:55:22+00:00","og_image":[{"url":"http:\/\/kapitalis.com\/tunisie\/wp-content\/uploads\/2018\/01\/Yassine-Meriah.jpg","type":"","width":"","height":""}],"author":"webmaster kapitalis","twitter_card":"summary_large_image","twitter_creator":"@KapitalisInfo","twitter_site":"@KapitalisInfo","twitter_misc":{"\u00c9crit par":"webmaster kapitalis","Dur\u00e9e de lecture estim\u00e9e":"1 minute"},"schema":{"@context":"https:\/\/schema.org","@graph":[{"@type":"Article","@id":"https:\/\/kapitalis.com\/tunisie\/2018\/05\/30\/football-lesperance-revient-a-la-charge-pour-yassine-meriah\/#article","isPartOf":{"@id":"https:\/\/kapitalis.com\/tunisie\/2018\/05\/30\/football-lesperance-revient-a-la-charge-pour-yassine-meriah\/"},"author":{"name":"webmaster kapitalis","@id":"https:\/\/kapitalis.com\/tunisie\/#\/schema\/person\/d71f33a9ca44f7bad4698210b480c8e9"},"headline":"Football : L\u2019Esp\u00e9rance revient \u00e0 la charge pour Yassine Meriah","datePublished":"2018-05-30T14:55:22+00:00","mainEntityOfPage":{"@id":"https:\/\/kapitalis.com\/tunisie\/2018\/05\/30\/football-lesperance-revient-a-la-charge-pour-yassine-meriah\/"},"wordCount":250,"commentCount":1,"publisher":{"@id":"https:\/\/kapitalis.com\/tunisie\/#organization"},"image":{"@id":"https:\/\/kapitalis.com\/tunisie\/2018\/05\/30\/football-lesperance-revient-a-la-charge-pour-yassine-meriah\/#primaryimage"},"thumbnailUrl":"http:\/\/kapitalis.com\/tunisie\/wp-content\/uploads\/2018\/01\/Yassine-Meriah.jpg","keywords":["Club sportif sfaxien","Dijon","Esp\u00e9rance sportive de Tunis","Hamdi Meddeb","Nice","Yassine Meriah"],"articleSection":["SPORT","Tunisie"],"inLanguage":"fr-FR","potentialAction":[{"@type":"CommentAction","name":"Comment","target":["https:\/\/kapitalis.com\/tunisie\/2018\/05\/30\/football-lesperance-revient-a-la-charge-pour-yassine-meriah\/#respond"]}]},{"@type":"WebPage","@id":"https:\/\/kapitalis.com\/tunisie\/2018\/05\/30\/football-lesperance-revient-a-la-charge-pour-yassine-meriah\/","url":"https:\/\/kapitalis.com\/tunisie\/2018\/05\/30\/football-lesperance-revient-a-la-charge-pour-yassine-meriah\/","name":"Football : L\u2019Esp\u00e9rance revient \u00e0 la charge pour Yassine Meriah - Kapitalis","isPartOf":{"@id":"https:\/\/kapitalis.com\/tunisie\/#website"},"primaryImageOfPage":{"@id":"https:\/\/kapitalis.com\/tunisie\/2018\/05\/30\/football-lesperance-revient-a-la-charge-pour-yassine-meriah\/#primaryimage"},"image":{"@id":"https:\/\/kapitalis.com\/tunisie\/2018\/05\/30\/football-lesperance-revient-a-la-charge-pour-yassine-meriah\/#primaryimage"},"thumbnailUrl":"http:\/\/kapitalis.com\/tunisie\/wp-content\/uploads\/2018\/01\/Yassine-Meriah.jpg","datePublished":"2018-05-30T14:55:22+00:00","breadcrumb":{"@id":"https:\/\/kapitalis.com\/tunisie\/2018\/05\/30\/football-lesperance-revient-a-la-charge-pour-yassine-meriah\/#breadcrumb"},"inLanguage":"fr-FR","potentialAction":[{"@type":"ReadAction","target":["https:\/\/kapitalis.com\/tunisie\/2018\/05\/30\/football-lesperance-revient-a-la-charge-pour-yassine-meriah\/"]}]},{"@type":"ImageObject","inLanguage":"fr-FR","@id":"https:\/\/kapitalis.com\/tunisie\/2018\/05\/30\/football-lesperance-revient-a-la-charge-pour-yassine-meriah\/#primaryimage","url":"http:\/\/kapitalis.com\/tunisie\/wp-content\/uploads\/2018\/01\/Yassine-Meriah.jpg","contentUrl":"http:\/\/kapitalis.com\/tunisie\/wp-content\/uploads\/2018\/01\/Yassine-Meriah.jpg"},{"@type":"BreadcrumbList","@id":"https:\/\/kapitalis.com\/tunisie\/2018\/05\/30\/football-lesperance-revient-a-la-charge-pour-yassine-meriah\/#breadcrumb","itemListElement":[{"@type":"ListItem","position":1,"name":"Accueil","item":"https:\/\/kapitalis.com\/tunisie\/"},{"@type":"ListItem","position":2,"name":"Football : L\u2019Esp\u00e9rance revient \u00e0 la charge pour Yassine Meriah"}]},{"@type":"WebSite","@id":"https:\/\/kapitalis.com\/tunisie\/#website","url":"https:\/\/kapitalis.com\/tunisie\/","name":"Kapitalis","description":"L&#039;actualit\u00e9 en Tunisie et dans le monde","publisher":{"@id":"https:\/\/kapitalis.com\/tunisie\/#organization"},"potentialAction":[{"@type":"SearchAction","target":{"@type":"EntryPoint","urlTemplate":"https:\/\/kapitalis.com\/tunisie\/?s={search_term_string}"},"query-input":{"@type":"PropertyValueSpecification","valueRequired":true,"valueName":"search_term_string"}}],"inLanguage":"fr-FR"},{"@type":"Organization","@id":"https:\/\/kapitalis.com\/tunisie\/#organization","name":"Kapitalis","url":"https:\/\/kapitalis.com\/tunisie\/","logo":{"@type":"ImageObject","inLanguage":"fr-FR","@id":"https:\/\/kapitalis.com\/tunisie\/#\/schema\/logo\/image\/","url":"https:\/\/kapitalis.com\/tunisie\/wp-content\/uploads\/2022\/05\/Kapitalis-big-size.png","contentUrl":"https:\/\/kapitalis.com\/tunisie\/wp-content\/uploads\/2022\/05\/Kapitalis-big-size.png","width":5000,"height":1500,"caption":"Kapitalis"},"image":{"@id":"https:\/\/kapitalis.com\/tunisie\/#\/schema\/logo\/image\/"},"sameAs":["https:\/\/www.facebook.com\/KapitalisInfo\/","https:\/\/x.com\/KapitalisInfo","https:\/\/www.youtube.com\/channel\/UC-yDYrHyfFBWWZaOw3FPg9Q"]},{"@type":"Person","@id":"https:\/\/kapitalis.com\/tunisie\/#\/schema\/person\/d71f33a9ca44f7bad4698210b480c8e9","name":"webmaster kapitalis","url":"https:\/\/kapitalis.com\/tunisie\/author\/webmaster-kapitalis\/"}]}},"_links":{"self":[{"href":"https:\/\/kapitalis.com\/tunisie\/wp-json\/wp\/v2\/posts\/157121","targetHints":{"allow":["GET"]}}],"collection":[{"href":"https:\/\/kapitalis.com\/tunisie\/wp-json\/wp\/v2\/posts"}],"about":[{"href":"https:\/\/kapitalis.com\/tunisie\/wp-json\/wp\/v2\/types\/post"}],"author":[{"embeddable":true,"href":"https:\/\/kapitalis.com\/tunisie\/wp-json\/wp\/v2\/users\/8"}],"replies":[{"embeddable":true,"href":"https:\/\/kapitalis.com\/tunisie\/wp-json\/wp\/v2\/comments?post=157121"}],"version-history":[{"count":0,"href":"https:\/\/kapitalis.com\/tunisie\/wp-json\/wp\/v2\/posts\/157121\/revisions"}],"wp:attachment":[{"href":"https:\/\/kapitalis.com\/tunisie\/wp-json\/wp\/v2\/media?parent=157121"}],"wp:term":[{"taxonomy":"category","embeddable":true,"href":"https:\/\/kapitalis.com\/tunisie\/wp-json\/wp\/v2\/categories?post=157121"},{"taxonomy":"post_tag","embeddable":true,"href":"https:\/\/kapitalis.com\/tunisie\/wp-json\/wp\/v2\/tags?post=157121"}],"curies":[{"name":"wp","href":"https:\/\/api.w.org\/{rel}","templated":true}]}}