{"id":15723527,"date":"2025-02-27T21:49:41","date_gmt":"2025-02-27T20:49:41","guid":{"rendered":"https:\/\/kapitalis.com\/tunisie\/?p=15723527"},"modified":"2025-02-28T09:22:10","modified_gmt":"2025-02-28T08:22:10","slug":"tunis-le-carthage-symphony-orchestra-rend-hommage-a-om-kalthoum","status":"publish","type":"post","link":"https:\/\/kapitalis.com\/tunisie\/2025\/02\/27\/tunis-le-carthage-symphony-orchestra-rend-hommage-a-om-kalthoum\/","title":{"rendered":"Tunis | Le Carthage Symphony Orchestra rend hommage \u00e0 Oum Kalthoum"},"content":{"rendered":"\n<p><strong><em>\u00c0 l\u2019occasion des 50 ans de la disparition de la l\u00e9gendaire Oum Kalthoum, le Carthage Symphony Orchestra organise un concert exceptionnel plac\u00e9 sous le signe de l\u2019\u00e9motion et de la tradition : \u00ab\u00a0Une Nuit des Mille et une Nuits\u00a0\u00bb.<\/em><\/strong><\/p>\n\n\n\n<!--more-->\n\n\n\n<p>C&rsquo;est au Th\u00e9\u00e2tre municipal de Tunis que le rendez-vous est donn\u00e9 pour le jeudi 6 mars 2025 : Sous la baguette des talentueux Mohamed et Hafedh Makni, et avec la participation du ch\u0153ur dirig\u00e9 par Mourad Gaaloul, cette soir\u00e9e sera un vibrant hommage \u00e0 la diva de la musique arabe.<\/p>\n\n\n\n<p>Le ch\u0153ur et l\u2019orchestre interpr\u00e9teront ses plus beaux airs, sublim\u00e9s par les chefs-d&rsquo;\u0153uvre des compositeurs qui ont marqu\u00e9 son parcours : Riadh Sonbati, Al Kasabji, Mohamed Abdelwahab, Zakaria Ahmed et Baligh Hamdi.<\/p>\n\n\n\n<p>Au programme, sont \u00e9galement attendues des \u0153uvres d\u00e9di\u00e9es au mois sacr\u00e9 de Ramadan et des waslat tunisiennes et orientales, pour une immersion musicale unique.<\/p>\n\n\n\n<p>Les billets sont en vente au th\u00e9\u00e2tre municipal et au centre culturel le Boulevard des arts \u00e0 Mutuelleville ou encore directement en ligne. &#8211; sur <a href=\"https:\/\/shorturl.at\/aMtqQ\">teskerti<\/a> <\/p>\n\n\n\n<p>Ne manquez pas cette soir\u00e9e m\u00e9morable, o\u00f9 la magie d\u2019Oum Kalthoum revivra \u00e0 travers la puissance et la beaut\u00e9 de la musique ! <\/p>\n","protected":false},"excerpt":{"rendered":"<p>\u00c0 l\u2019occasion des 50 ans de la disparition de la l\u00e9gendaire Oum Kalthoum, le Carthage Symphony Orchestra organise un concert exceptionnel plac\u00e9 sous le signe de l\u2019\u00e9motion et de la tradition : \u00ab\u00a0Une Nuit des Mille et une Nuits\u00a0\u00bb.<\/p>\n","protected":false},"author":6,"featured_media":15723577,"comment_status":"open","ping_status":"open","sticky":false,"template":"","format":"standard","meta":{"footnotes":""},"categories":[994,2433],"tags":[71621,121026,62643,121027],"class_list":["post-15723527","post","type-post","status-publish","format-standard","has-post-thumbnail","hentry","category-culture","category-tunisie","tag-carthage-symphony-orchestra","tag-om-kalthoum","tag-tunisie","tag-une-nuit-des-mille-et-une-nuits"],"yoast_head":"<!-- This site is optimized with the Yoast SEO plugin v26.6 - https:\/\/yoast.com\/wordpress\/plugins\/seo\/ -->\n<title>Tunis | Le Carthage Symphony Orchestra rend hommage \u00e0 Oum Kalthoum - Kapitalis<\/title>\n<meta name=\"robots\" content=\"index, follow, max-snippet:-1, max-image-preview:large, max-video-preview:-1\" \/>\n<link rel=\"canonical\" href=\"https:\/\/kapitalis.com\/tunisie\/2025\/02\/27\/tunis-le-carthage-symphony-orchestra-rend-hommage-a-om-kalthoum\/\" \/>\n<meta property=\"og:locale\" content=\"fr_FR\" \/>\n<meta property=\"og:type\" content=\"article\" \/>\n<meta property=\"og:title\" content=\"Tunis | Le Carthage Symphony Orchestra rend hommage \u00e0 Oum Kalthoum - Kapitalis\" \/>\n<meta property=\"og:description\" content=\"\u00c0 l\u2019occasion des 50 ans de la disparition de la l\u00e9gendaire Oum Kalthoum, le Carthage Symphony Orchestra organise un concert exceptionnel plac\u00e9 sous le signe de l\u2019\u00e9motion et de la tradition : \u00ab\u00a0Une Nuit des Mille et une Nuits\u00a0\u00bb.\" \/>\n<meta property=\"og:url\" content=\"https:\/\/kapitalis.com\/tunisie\/2025\/02\/27\/tunis-le-carthage-symphony-orchestra-rend-hommage-a-om-kalthoum\/\" \/>\n<meta property=\"og:site_name\" content=\"Kapitalis\" \/>\n<meta property=\"article:publisher\" content=\"https:\/\/www.facebook.com\/KapitalisInfo\/\" \/>\n<meta property=\"article:published_time\" content=\"2025-02-27T20:49:41+00:00\" \/>\n<meta property=\"article:modified_time\" content=\"2025-02-28T08:22:10+00:00\" \/>\n<meta property=\"og:image\" content=\"https:\/\/kapitalis.com\/tunisie\/wp-content\/uploads\/2025\/02\/Om-Kalthoum-Carthage-Symphony-Orchestra.jpg\" \/>\n\t<meta property=\"og:image:width\" content=\"1200\" \/>\n\t<meta property=\"og:image:height\" content=\"630\" \/>\n\t<meta property=\"og:image:type\" content=\"image\/jpeg\" \/>\n<meta name=\"author\" content=\"Yusra NY\" \/>\n<meta name=\"twitter:card\" content=\"summary_large_image\" \/>\n<meta name=\"twitter:creator\" content=\"@KapitalisInfo\" \/>\n<meta name=\"twitter:site\" content=\"@KapitalisInfo\" \/>\n<meta name=\"twitter:label1\" content=\"\u00c9crit par\" \/>\n\t<meta name=\"twitter:data1\" content=\"Yusra NY\" \/>\n\t<meta name=\"twitter:label2\" content=\"Dur\u00e9e de lecture estim\u00e9e\" \/>\n\t<meta name=\"twitter:data2\" content=\"2 minutes\" \/>\n<script type=\"application\/ld+json\" class=\"yoast-schema-graph\">{\"@context\":\"https:\/\/schema.org\",\"@graph\":[{\"@type\":\"Article\",\"@id\":\"https:\/\/kapitalis.com\/tunisie\/2025\/02\/27\/tunis-le-carthage-symphony-orchestra-rend-hommage-a-om-kalthoum\/#article\",\"isPartOf\":{\"@id\":\"https:\/\/kapitalis.com\/tunisie\/2025\/02\/27\/tunis-le-carthage-symphony-orchestra-rend-hommage-a-om-kalthoum\/\"},\"author\":{\"name\":\"Yusra NY\",\"@id\":\"https:\/\/kapitalis.com\/tunisie\/#\/schema\/person\/74bbde0154d49d790a92aaeac5bc01d5\"},\"headline\":\"Tunis | Le Carthage Symphony Orchestra rend hommage \u00e0 Oum Kalthoum\",\"datePublished\":\"2025-02-27T20:49:41+00:00\",\"dateModified\":\"2025-02-28T08:22:10+00:00\",\"mainEntityOfPage\":{\"@id\":\"https:\/\/kapitalis.com\/tunisie\/2025\/02\/27\/tunis-le-carthage-symphony-orchestra-rend-hommage-a-om-kalthoum\/\"},\"wordCount\":209,\"commentCount\":0,\"publisher\":{\"@id\":\"https:\/\/kapitalis.com\/tunisie\/#organization\"},\"image\":{\"@id\":\"https:\/\/kapitalis.com\/tunisie\/2025\/02\/27\/tunis-le-carthage-symphony-orchestra-rend-hommage-a-om-kalthoum\/#primaryimage\"},\"thumbnailUrl\":\"https:\/\/kapitalis.com\/tunisie\/wp-content\/uploads\/2025\/02\/Om-Kalthoum-Carthage-Symphony-Orchestra.jpg\",\"keywords\":[\"Carthage Symphony Orchestra\",\"Om Kalthoum\",\"Tunisie\",\"Une Nuit des Mille et une Nuits\"],\"articleSection\":[\"CULTURE\",\"Tunisie\"],\"inLanguage\":\"fr-FR\",\"potentialAction\":[{\"@type\":\"CommentAction\",\"name\":\"Comment\",\"target\":[\"https:\/\/kapitalis.com\/tunisie\/2025\/02\/27\/tunis-le-carthage-symphony-orchestra-rend-hommage-a-om-kalthoum\/#respond\"]}]},{\"@type\":\"WebPage\",\"@id\":\"https:\/\/kapitalis.com\/tunisie\/2025\/02\/27\/tunis-le-carthage-symphony-orchestra-rend-hommage-a-om-kalthoum\/\",\"url\":\"https:\/\/kapitalis.com\/tunisie\/2025\/02\/27\/tunis-le-carthage-symphony-orchestra-rend-hommage-a-om-kalthoum\/\",\"name\":\"Tunis | Le Carthage Symphony Orchestra rend hommage \u00e0 Oum Kalthoum - Kapitalis\",\"isPartOf\":{\"@id\":\"https:\/\/kapitalis.com\/tunisie\/#website\"},\"primaryImageOfPage\":{\"@id\":\"https:\/\/kapitalis.com\/tunisie\/2025\/02\/27\/tunis-le-carthage-symphony-orchestra-rend-hommage-a-om-kalthoum\/#primaryimage\"},\"image\":{\"@id\":\"https:\/\/kapitalis.com\/tunisie\/2025\/02\/27\/tunis-le-carthage-symphony-orchestra-rend-hommage-a-om-kalthoum\/#primaryimage\"},\"thumbnailUrl\":\"https:\/\/kapitalis.com\/tunisie\/wp-content\/uploads\/2025\/02\/Om-Kalthoum-Carthage-Symphony-Orchestra.jpg\",\"datePublished\":\"2025-02-27T20:49:41+00:00\",\"dateModified\":\"2025-02-28T08:22:10+00:00\",\"breadcrumb\":{\"@id\":\"https:\/\/kapitalis.com\/tunisie\/2025\/02\/27\/tunis-le-carthage-symphony-orchestra-rend-hommage-a-om-kalthoum\/#breadcrumb\"},\"inLanguage\":\"fr-FR\",\"potentialAction\":[{\"@type\":\"ReadAction\",\"target\":[\"https:\/\/kapitalis.com\/tunisie\/2025\/02\/27\/tunis-le-carthage-symphony-orchestra-rend-hommage-a-om-kalthoum\/\"]}]},{\"@type\":\"ImageObject\",\"inLanguage\":\"fr-FR\",\"@id\":\"https:\/\/kapitalis.com\/tunisie\/2025\/02\/27\/tunis-le-carthage-symphony-orchestra-rend-hommage-a-om-kalthoum\/#primaryimage\",\"url\":\"https:\/\/kapitalis.com\/tunisie\/wp-content\/uploads\/2025\/02\/Om-Kalthoum-Carthage-Symphony-Orchestra.jpg\",\"contentUrl\":\"https:\/\/kapitalis.com\/tunisie\/wp-content\/uploads\/2025\/02\/Om-Kalthoum-Carthage-Symphony-Orchestra.jpg\",\"width\":1200,\"height\":630},{\"@type\":\"BreadcrumbList\",\"@id\":\"https:\/\/kapitalis.com\/tunisie\/2025\/02\/27\/tunis-le-carthage-symphony-orchestra-rend-hommage-a-om-kalthoum\/#breadcrumb\",\"itemListElement\":[{\"@type\":\"ListItem\",\"position\":1,\"name\":\"Accueil\",\"item\":\"https:\/\/kapitalis.com\/tunisie\/\"},{\"@type\":\"ListItem\",\"position\":2,\"name\":\"Tunis | Le Carthage Symphony Orchestra rend hommage \u00e0 Oum Kalthoum\"}]},{\"@type\":\"WebSite\",\"@id\":\"https:\/\/kapitalis.com\/tunisie\/#website\",\"url\":\"https:\/\/kapitalis.com\/tunisie\/\",\"name\":\"Kapitalis\",\"description\":\"L&#039;actualit\u00e9 en Tunisie et dans le monde\",\"publisher\":{\"@id\":\"https:\/\/kapitalis.com\/tunisie\/#organization\"},\"potentialAction\":[{\"@type\":\"SearchAction\",\"target\":{\"@type\":\"EntryPoint\",\"urlTemplate\":\"https:\/\/kapitalis.com\/tunisie\/?s={search_term_string}\"},\"query-input\":{\"@type\":\"PropertyValueSpecification\",\"valueRequired\":true,\"valueName\":\"search_term_string\"}}],\"inLanguage\":\"fr-FR\"},{\"@type\":\"Organization\",\"@id\":\"https:\/\/kapitalis.com\/tunisie\/#organization\",\"name\":\"Kapitalis\",\"url\":\"https:\/\/kapitalis.com\/tunisie\/\",\"logo\":{\"@type\":\"ImageObject\",\"inLanguage\":\"fr-FR\",\"@id\":\"https:\/\/kapitalis.com\/tunisie\/#\/schema\/logo\/image\/\",\"url\":\"https:\/\/kapitalis.com\/tunisie\/wp-content\/uploads\/2022\/05\/Kapitalis-big-size.png\",\"contentUrl\":\"https:\/\/kapitalis.com\/tunisie\/wp-content\/uploads\/2022\/05\/Kapitalis-big-size.png\",\"width\":5000,\"height\":1500,\"caption\":\"Kapitalis\"},\"image\":{\"@id\":\"https:\/\/kapitalis.com\/tunisie\/#\/schema\/logo\/image\/\"},\"sameAs\":[\"https:\/\/www.facebook.com\/KapitalisInfo\/\",\"https:\/\/x.com\/KapitalisInfo\",\"https:\/\/www.youtube.com\/channel\/UC-yDYrHyfFBWWZaOw3FPg9Q\"]},{\"@type\":\"Person\",\"@id\":\"https:\/\/kapitalis.com\/tunisie\/#\/schema\/person\/74bbde0154d49d790a92aaeac5bc01d5\",\"name\":\"Yusra NY\",\"url\":\"https:\/\/kapitalis.com\/tunisie\/author\/yuza_adam\/\"}]}<\/script>\n<!-- \/ Yoast SEO plugin. -->","yoast_head_json":{"title":"Tunis | Le Carthage Symphony Orchestra rend hommage \u00e0 Oum Kalthoum - Kapitalis","robots":{"index":"index","follow":"follow","max-snippet":"max-snippet:-1","max-image-preview":"max-image-preview:large","max-video-preview":"max-video-preview:-1"},"canonical":"https:\/\/kapitalis.com\/tunisie\/2025\/02\/27\/tunis-le-carthage-symphony-orchestra-rend-hommage-a-om-kalthoum\/","og_locale":"fr_FR","og_type":"article","og_title":"Tunis | Le Carthage Symphony Orchestra rend hommage \u00e0 Oum Kalthoum - Kapitalis","og_description":"\u00c0 l\u2019occasion des 50 ans de la disparition de la l\u00e9gendaire Oum Kalthoum, le Carthage Symphony Orchestra organise un concert exceptionnel plac\u00e9 sous le signe de l\u2019\u00e9motion et de la tradition : \u00ab\u00a0Une Nuit des Mille et une Nuits\u00a0\u00bb.","og_url":"https:\/\/kapitalis.com\/tunisie\/2025\/02\/27\/tunis-le-carthage-symphony-orchestra-rend-hommage-a-om-kalthoum\/","og_site_name":"Kapitalis","article_publisher":"https:\/\/www.facebook.com\/KapitalisInfo\/","article_published_time":"2025-02-27T20:49:41+00:00","article_modified_time":"2025-02-28T08:22:10+00:00","og_image":[{"width":1200,"height":630,"url":"https:\/\/kapitalis.com\/tunisie\/wp-content\/uploads\/2025\/02\/Om-Kalthoum-Carthage-Symphony-Orchestra.jpg","type":"image\/jpeg"}],"author":"Yusra NY","twitter_card":"summary_large_image","twitter_creator":"@KapitalisInfo","twitter_site":"@KapitalisInfo","twitter_misc":{"\u00c9crit par":"Yusra NY","Dur\u00e9e de lecture estim\u00e9e":"2 minutes"},"schema":{"@context":"https:\/\/schema.org","@graph":[{"@type":"Article","@id":"https:\/\/kapitalis.com\/tunisie\/2025\/02\/27\/tunis-le-carthage-symphony-orchestra-rend-hommage-a-om-kalthoum\/#article","isPartOf":{"@id":"https:\/\/kapitalis.com\/tunisie\/2025\/02\/27\/tunis-le-carthage-symphony-orchestra-rend-hommage-a-om-kalthoum\/"},"author":{"name":"Yusra NY","@id":"https:\/\/kapitalis.com\/tunisie\/#\/schema\/person\/74bbde0154d49d790a92aaeac5bc01d5"},"headline":"Tunis | Le Carthage Symphony Orchestra rend hommage \u00e0 Oum Kalthoum","datePublished":"2025-02-27T20:49:41+00:00","dateModified":"2025-02-28T08:22:10+00:00","mainEntityOfPage":{"@id":"https:\/\/kapitalis.com\/tunisie\/2025\/02\/27\/tunis-le-carthage-symphony-orchestra-rend-hommage-a-om-kalthoum\/"},"wordCount":209,"commentCount":0,"publisher":{"@id":"https:\/\/kapitalis.com\/tunisie\/#organization"},"image":{"@id":"https:\/\/kapitalis.com\/tunisie\/2025\/02\/27\/tunis-le-carthage-symphony-orchestra-rend-hommage-a-om-kalthoum\/#primaryimage"},"thumbnailUrl":"https:\/\/kapitalis.com\/tunisie\/wp-content\/uploads\/2025\/02\/Om-Kalthoum-Carthage-Symphony-Orchestra.jpg","keywords":["Carthage Symphony Orchestra","Om Kalthoum","Tunisie","Une Nuit des Mille et une Nuits"],"articleSection":["CULTURE","Tunisie"],"inLanguage":"fr-FR","potentialAction":[{"@type":"CommentAction","name":"Comment","target":["https:\/\/kapitalis.com\/tunisie\/2025\/02\/27\/tunis-le-carthage-symphony-orchestra-rend-hommage-a-om-kalthoum\/#respond"]}]},{"@type":"WebPage","@id":"https:\/\/kapitalis.com\/tunisie\/2025\/02\/27\/tunis-le-carthage-symphony-orchestra-rend-hommage-a-om-kalthoum\/","url":"https:\/\/kapitalis.com\/tunisie\/2025\/02\/27\/tunis-le-carthage-symphony-orchestra-rend-hommage-a-om-kalthoum\/","name":"Tunis | Le Carthage Symphony Orchestra rend hommage \u00e0 Oum Kalthoum - Kapitalis","isPartOf":{"@id":"https:\/\/kapitalis.com\/tunisie\/#website"},"primaryImageOfPage":{"@id":"https:\/\/kapitalis.com\/tunisie\/2025\/02\/27\/tunis-le-carthage-symphony-orchestra-rend-hommage-a-om-kalthoum\/#primaryimage"},"image":{"@id":"https:\/\/kapitalis.com\/tunisie\/2025\/02\/27\/tunis-le-carthage-symphony-orchestra-rend-hommage-a-om-kalthoum\/#primaryimage"},"thumbnailUrl":"https:\/\/kapitalis.com\/tunisie\/wp-content\/uploads\/2025\/02\/Om-Kalthoum-Carthage-Symphony-Orchestra.jpg","datePublished":"2025-02-27T20:49:41+00:00","dateModified":"2025-02-28T08:22:10+00:00","breadcrumb":{"@id":"https:\/\/kapitalis.com\/tunisie\/2025\/02\/27\/tunis-le-carthage-symphony-orchestra-rend-hommage-a-om-kalthoum\/#breadcrumb"},"inLanguage":"fr-FR","potentialAction":[{"@type":"ReadAction","target":["https:\/\/kapitalis.com\/tunisie\/2025\/02\/27\/tunis-le-carthage-symphony-orchestra-rend-hommage-a-om-kalthoum\/"]}]},{"@type":"ImageObject","inLanguage":"fr-FR","@id":"https:\/\/kapitalis.com\/tunisie\/2025\/02\/27\/tunis-le-carthage-symphony-orchestra-rend-hommage-a-om-kalthoum\/#primaryimage","url":"https:\/\/kapitalis.com\/tunisie\/wp-content\/uploads\/2025\/02\/Om-Kalthoum-Carthage-Symphony-Orchestra.jpg","contentUrl":"https:\/\/kapitalis.com\/tunisie\/wp-content\/uploads\/2025\/02\/Om-Kalthoum-Carthage-Symphony-Orchestra.jpg","width":1200,"height":630},{"@type":"BreadcrumbList","@id":"https:\/\/kapitalis.com\/tunisie\/2025\/02\/27\/tunis-le-carthage-symphony-orchestra-rend-hommage-a-om-kalthoum\/#breadcrumb","itemListElement":[{"@type":"ListItem","position":1,"name":"Accueil","item":"https:\/\/kapitalis.com\/tunisie\/"},{"@type":"ListItem","position":2,"name":"Tunis | Le Carthage Symphony Orchestra rend hommage \u00e0 Oum Kalthoum"}]},{"@type":"WebSite","@id":"https:\/\/kapitalis.com\/tunisie\/#website","url":"https:\/\/kapitalis.com\/tunisie\/","name":"Kapitalis","description":"L&#039;actualit\u00e9 en Tunisie et dans le monde","publisher":{"@id":"https:\/\/kapitalis.com\/tunisie\/#organization"},"potentialAction":[{"@type":"SearchAction","target":{"@type":"EntryPoint","urlTemplate":"https:\/\/kapitalis.com\/tunisie\/?s={search_term_string}"},"query-input":{"@type":"PropertyValueSpecification","valueRequired":true,"valueName":"search_term_string"}}],"inLanguage":"fr-FR"},{"@type":"Organization","@id":"https:\/\/kapitalis.com\/tunisie\/#organization","name":"Kapitalis","url":"https:\/\/kapitalis.com\/tunisie\/","logo":{"@type":"ImageObject","inLanguage":"fr-FR","@id":"https:\/\/kapitalis.com\/tunisie\/#\/schema\/logo\/image\/","url":"https:\/\/kapitalis.com\/tunisie\/wp-content\/uploads\/2022\/05\/Kapitalis-big-size.png","contentUrl":"https:\/\/kapitalis.com\/tunisie\/wp-content\/uploads\/2022\/05\/Kapitalis-big-size.png","width":5000,"height":1500,"caption":"Kapitalis"},"image":{"@id":"https:\/\/kapitalis.com\/tunisie\/#\/schema\/logo\/image\/"},"sameAs":["https:\/\/www.facebook.com\/KapitalisInfo\/","https:\/\/x.com\/KapitalisInfo","https:\/\/www.youtube.com\/channel\/UC-yDYrHyfFBWWZaOw3FPg9Q"]},{"@type":"Person","@id":"https:\/\/kapitalis.com\/tunisie\/#\/schema\/person\/74bbde0154d49d790a92aaeac5bc01d5","name":"Yusra NY","url":"https:\/\/kapitalis.com\/tunisie\/author\/yuza_adam\/"}]}},"_links":{"self":[{"href":"https:\/\/kapitalis.com\/tunisie\/wp-json\/wp\/v2\/posts\/15723527","targetHints":{"allow":["GET"]}}],"collection":[{"href":"https:\/\/kapitalis.com\/tunisie\/wp-json\/wp\/v2\/posts"}],"about":[{"href":"https:\/\/kapitalis.com\/tunisie\/wp-json\/wp\/v2\/types\/post"}],"author":[{"embeddable":true,"href":"https:\/\/kapitalis.com\/tunisie\/wp-json\/wp\/v2\/users\/6"}],"replies":[{"embeddable":true,"href":"https:\/\/kapitalis.com\/tunisie\/wp-json\/wp\/v2\/comments?post=15723527"}],"version-history":[{"count":4,"href":"https:\/\/kapitalis.com\/tunisie\/wp-json\/wp\/v2\/posts\/15723527\/revisions"}],"predecessor-version":[{"id":15728653,"href":"https:\/\/kapitalis.com\/tunisie\/wp-json\/wp\/v2\/posts\/15723527\/revisions\/15728653"}],"wp:featuredmedia":[{"embeddable":true,"href":"https:\/\/kapitalis.com\/tunisie\/wp-json\/wp\/v2\/media\/15723577"}],"wp:attachment":[{"href":"https:\/\/kapitalis.com\/tunisie\/wp-json\/wp\/v2\/media?parent=15723527"}],"wp:term":[{"taxonomy":"category","embeddable":true,"href":"https:\/\/kapitalis.com\/tunisie\/wp-json\/wp\/v2\/categories?post=15723527"},{"taxonomy":"post_tag","embeddable":true,"href":"https:\/\/kapitalis.com\/tunisie\/wp-json\/wp\/v2\/tags?post=15723527"}],"curies":[{"name":"wp","href":"https:\/\/api.w.org\/{rel}","templated":true}]}}