{"id":157386,"date":"2018-05-31T20:40:48","date_gmt":"2018-05-31T19:40:48","guid":{"rendered":"http:\/\/kapitalis.com\/tunisie\/?p=157386"},"modified":"2018-05-31T18:49:58","modified_gmt":"2018-05-31T17:49:58","slug":"qatar-airways-interessee-par-le-rachat-du-catering-de-tunisair","status":"publish","type":"post","link":"https:\/\/kapitalis.com\/tunisie\/2018\/05\/31\/qatar-airways-interessee-par-le-rachat-du-catering-de-tunisair\/","title":{"rendered":"Qatar Airways int\u00e9ress\u00e9e par le rachat du Catering de Tunisair"},"content":{"rendered":"<p style=\"text-align: center;\"><img loading=\"lazy\" decoding=\"async\" class=\"alignnone size-full wp-image-157387\" src=\"http:\/\/kapitalis.com\/tunisie\/wp-content\/uploads\/2018\/05\/Tunisair-Qatar-Airways.jpg\" alt=\"\" width=\"626\" height=\"380\" \/><\/p>\n<p><em><strong>Selon le pr\u00e9sident du groupe Tunisair, Ily\u00e8s Mnakbi, des n\u00e9gociations sont en cours avec la direction de Qatar Airways pour \u00e9tablir un partenariat gagnant-gagnant entre les deux transporteurs nationaux.<\/strong> <\/em><\/p>\n<p><!--more--><\/p>\n<p>La partie tunisienne est particuli\u00e8rement int\u00e9ress\u00e9e par la cession du catering \u00e0 Qatar Airways dont les responsables sont convaincus de tout projet li\u00e9 \u00e0 l\u2019aviation civile en Tunisie, qui serait<em> \u00able nombril du monde\u00bb,<\/em> selon les termes utilis\u00e9s par M. Mnakbi lors d\u2019une rencontre avec un responsable qatari et qui ont \u00e9t\u00e9 rapport\u00e9s aux m\u00e9dias.<\/p>\n<p>Pour m\u00e9moire, le catering de Tunisair, qui a \u00e9t\u00e9 touch\u00e9 par le programme de filialisation-restructuration du groupe au d\u00e9but des ann\u00e9es 2000, a \u00e9t\u00e9 s\u00e9rieusement endommag\u00e9 lors du soul\u00e8vement du 14 janvier 2011, avant d\u2019\u00eatre int\u00e9gr\u00e9 ensuite au groupe. Depuis, cette activit\u00e9 est devenue une lourde charge pour Tunisair.<\/p>\n<p>Pour M. Mnakbi, si jamais Qatar Airways ach\u00e8te le catering, toutes les autres compagnies prestigieuses, Lufthansa, Air France et autres, vont suivre. <em>\u00abIl y a un grand business \u00e0 d\u00e9velopper avec la compagnie qatarie\u00bb<\/em>, insiste-a-t-il.<\/p>\n<p style=\"text-align: right;\"><strong>Kh\u00e9maies Krimi<\/strong><\/p>\n<blockquote class=\"wp-embedded-content\" data-secret=\"GQKrFOpX9N\"><p><a href=\"https:\/\/kapitalis.com\/tunisie\/2018\/05\/31\/transport-aerien-un-ete-tres-chaud-pour-la-compagnie-tunisair\/\">Transport a\u00e9rien : Un \u00e9t\u00e9 tr\u00e8s chaud pour la compagnie Tunisair<\/a><\/p><\/blockquote>\n<p><iframe loading=\"lazy\" class=\"wp-embedded-content\" sandbox=\"allow-scripts\" security=\"restricted\" style=\"position: absolute; clip: rect(1px, 1px, 1px, 1px);\" title=\"\u00ab\u00a0Transport a\u00e9rien : Un \u00e9t\u00e9 tr\u00e8s chaud pour la compagnie Tunisair\u00a0\u00bb &#8212; Kapitalis\" src=\"https:\/\/kapitalis.com\/tunisie\/2018\/05\/31\/transport-aerien-un-ete-tres-chaud-pour-la-compagnie-tunisair\/embed\/#?secret=lpmCE6JSpL#?secret=GQKrFOpX9N\" data-secret=\"GQKrFOpX9N\" width=\"600\" height=\"338\" frameborder=\"0\" marginwidth=\"0\" marginheight=\"0\" scrolling=\"no\"><\/iframe><\/p>\n<blockquote class=\"wp-embedded-content\" data-secret=\"zhSFFy0fSJ\"><p><a href=\"https:\/\/kapitalis.com\/tunisie\/2018\/05\/24\/tunisair-le-plan-social-serait-il-renvoye-aux-calendes-grecques\/\">Tunisair : Le plan social serait-il renvoy\u00e9 aux calendes grecques ?<\/a><\/p><\/blockquote>\n<p><iframe loading=\"lazy\" class=\"wp-embedded-content\" sandbox=\"allow-scripts\" security=\"restricted\" style=\"position: absolute; clip: rect(1px, 1px, 1px, 1px);\" title=\"\u00ab\u00a0Tunisair : Le plan social serait-il renvoy\u00e9 aux calendes grecques ?\u00a0\u00bb &#8212; Kapitalis\" src=\"https:\/\/kapitalis.com\/tunisie\/2018\/05\/24\/tunisair-le-plan-social-serait-il-renvoye-aux-calendes-grecques\/embed\/#?secret=QnTg3KoW3A#?secret=zhSFFy0fSJ\" data-secret=\"zhSFFy0fSJ\" width=\"600\" height=\"338\" frameborder=\"0\" marginwidth=\"0\" marginheight=\"0\" scrolling=\"no\"><\/iframe><\/p>\n<blockquote class=\"wp-embedded-content\" data-secret=\"qKMM4yiiHh\"><p><a href=\"https:\/\/kapitalis.com\/tunisie\/2018\/05\/21\/transport-aerien-laventure-transatlantique-de-tunisair-se-poursuit\/\">Transport a\u00e9rien : L&rsquo;aventure transatlantique de Tunisair se poursuit<\/a><\/p><\/blockquote>\n<p><iframe loading=\"lazy\" class=\"wp-embedded-content\" sandbox=\"allow-scripts\" security=\"restricted\" style=\"position: absolute; clip: rect(1px, 1px, 1px, 1px);\" title=\"\u00ab\u00a0Transport a\u00e9rien : L&rsquo;aventure transatlantique de Tunisair se poursuit\u00a0\u00bb &#8212; Kapitalis\" src=\"https:\/\/kapitalis.com\/tunisie\/2018\/05\/21\/transport-aerien-laventure-transatlantique-de-tunisair-se-poursuit\/embed\/#?secret=jtddGcPoTn#?secret=qKMM4yiiHh\" data-secret=\"qKMM4yiiHh\" width=\"600\" height=\"338\" frameborder=\"0\" marginwidth=\"0\" marginheight=\"0\" scrolling=\"no\"><\/iframe><\/p>\n","protected":false},"excerpt":{"rendered":"<p>Selon le pr\u00e9sident du groupe Tunisair, Ily\u00e8s Mnakbi, des n\u00e9gociations sont en cours avec la direction de Qatar Airways pour \u00e9tablir un partenariat gagnant-gagnant entre les deux transporteurs nationaux.<\/p>\n","protected":false},"author":8,"featured_media":157387,"comment_status":"open","ping_status":"open","sticky":false,"template":"","format":"standard","meta":{"footnotes":""},"categories":[995,2433],"tags":[5505,28109,24711,1501],"class_list":["post-157386","post","type-post","status-publish","format-standard","has-post-thumbnail","hentry","category-economie","category-tunisie","tag-aviation-civile","tag-ilyes-mnakbi","tag-qatar-airways","tag-tunisair"],"yoast_head":"<!-- This site is optimized with the Yoast SEO plugin v26.6 - https:\/\/yoast.com\/wordpress\/plugins\/seo\/ -->\n<title>Qatar Airways int\u00e9ress\u00e9e par le rachat du Catering de Tunisair - Kapitalis<\/title>\n<meta name=\"robots\" content=\"index, follow, max-snippet:-1, max-image-preview:large, max-video-preview:-1\" \/>\n<link rel=\"canonical\" href=\"https:\/\/kapitalis.com\/tunisie\/2018\/05\/31\/qatar-airways-interessee-par-le-rachat-du-catering-de-tunisair\/\" \/>\n<meta property=\"og:locale\" content=\"fr_FR\" \/>\n<meta property=\"og:type\" content=\"article\" \/>\n<meta property=\"og:title\" content=\"Qatar Airways int\u00e9ress\u00e9e par le rachat du Catering de Tunisair - Kapitalis\" \/>\n<meta property=\"og:description\" content=\"Selon le pr\u00e9sident du groupe Tunisair, Ily\u00e8s Mnakbi, des n\u00e9gociations sont en cours avec la direction de Qatar Airways pour \u00e9tablir un partenariat gagnant-gagnant entre les deux transporteurs nationaux.\" \/>\n<meta property=\"og:url\" content=\"https:\/\/kapitalis.com\/tunisie\/2018\/05\/31\/qatar-airways-interessee-par-le-rachat-du-catering-de-tunisair\/\" \/>\n<meta property=\"og:site_name\" content=\"Kapitalis\" \/>\n<meta property=\"article:publisher\" content=\"https:\/\/www.facebook.com\/KapitalisInfo\/\" \/>\n<meta property=\"article:published_time\" content=\"2018-05-31T19:40:48+00:00\" \/>\n<meta property=\"og:image\" content=\"https:\/\/kapitalis.com\/tunisie\/wp-content\/uploads\/2022\/05\/kapitalis-logo-fb.png\" \/>\n\t<meta property=\"og:image:width\" content=\"1200\" \/>\n\t<meta property=\"og:image:height\" content=\"630\" \/>\n\t<meta property=\"og:image:type\" content=\"image\/png\" \/>\n<meta name=\"author\" content=\"webmaster kapitalis\" \/>\n<meta name=\"twitter:card\" content=\"summary_large_image\" \/>\n<meta name=\"twitter:creator\" content=\"@KapitalisInfo\" \/>\n<meta name=\"twitter:site\" content=\"@KapitalisInfo\" \/>\n<meta name=\"twitter:label1\" content=\"\u00c9crit par\" \/>\n\t<meta name=\"twitter:data1\" content=\"webmaster kapitalis\" \/>\n\t<meta name=\"twitter:label2\" content=\"Dur\u00e9e de lecture estim\u00e9e\" \/>\n\t<meta name=\"twitter:data2\" content=\"1 minute\" \/>\n<script type=\"application\/ld+json\" class=\"yoast-schema-graph\">{\"@context\":\"https:\/\/schema.org\",\"@graph\":[{\"@type\":\"Article\",\"@id\":\"https:\/\/kapitalis.com\/tunisie\/2018\/05\/31\/qatar-airways-interessee-par-le-rachat-du-catering-de-tunisair\/#article\",\"isPartOf\":{\"@id\":\"https:\/\/kapitalis.com\/tunisie\/2018\/05\/31\/qatar-airways-interessee-par-le-rachat-du-catering-de-tunisair\/\"},\"author\":{\"name\":\"webmaster kapitalis\",\"@id\":\"https:\/\/kapitalis.com\/tunisie\/#\/schema\/person\/d71f33a9ca44f7bad4698210b480c8e9\"},\"headline\":\"Qatar Airways int\u00e9ress\u00e9e par le rachat du Catering de Tunisair\",\"datePublished\":\"2018-05-31T19:40:48+00:00\",\"mainEntityOfPage\":{\"@id\":\"https:\/\/kapitalis.com\/tunisie\/2018\/05\/31\/qatar-airways-interessee-par-le-rachat-du-catering-de-tunisair\/\"},\"wordCount\":212,\"commentCount\":4,\"publisher\":{\"@id\":\"https:\/\/kapitalis.com\/tunisie\/#organization\"},\"image\":{\"@id\":\"https:\/\/kapitalis.com\/tunisie\/2018\/05\/31\/qatar-airways-interessee-par-le-rachat-du-catering-de-tunisair\/#primaryimage\"},\"thumbnailUrl\":\"\",\"keywords\":[\"aviation civile\",\"Ilyes Mnakbi\",\"Qatar Airways\",\"Tunisair\"],\"articleSection\":[\"ECONOMIE\",\"Tunisie\"],\"inLanguage\":\"fr-FR\",\"potentialAction\":[{\"@type\":\"CommentAction\",\"name\":\"Comment\",\"target\":[\"https:\/\/kapitalis.com\/tunisie\/2018\/05\/31\/qatar-airways-interessee-par-le-rachat-du-catering-de-tunisair\/#respond\"]}]},{\"@type\":\"WebPage\",\"@id\":\"https:\/\/kapitalis.com\/tunisie\/2018\/05\/31\/qatar-airways-interessee-par-le-rachat-du-catering-de-tunisair\/\",\"url\":\"https:\/\/kapitalis.com\/tunisie\/2018\/05\/31\/qatar-airways-interessee-par-le-rachat-du-catering-de-tunisair\/\",\"name\":\"Qatar Airways int\u00e9ress\u00e9e par le rachat du Catering de Tunisair - Kapitalis\",\"isPartOf\":{\"@id\":\"https:\/\/kapitalis.com\/tunisie\/#website\"},\"primaryImageOfPage\":{\"@id\":\"https:\/\/kapitalis.com\/tunisie\/2018\/05\/31\/qatar-airways-interessee-par-le-rachat-du-catering-de-tunisair\/#primaryimage\"},\"image\":{\"@id\":\"https:\/\/kapitalis.com\/tunisie\/2018\/05\/31\/qatar-airways-interessee-par-le-rachat-du-catering-de-tunisair\/#primaryimage\"},\"thumbnailUrl\":\"\",\"datePublished\":\"2018-05-31T19:40:48+00:00\",\"breadcrumb\":{\"@id\":\"https:\/\/kapitalis.com\/tunisie\/2018\/05\/31\/qatar-airways-interessee-par-le-rachat-du-catering-de-tunisair\/#breadcrumb\"},\"inLanguage\":\"fr-FR\",\"potentialAction\":[{\"@type\":\"ReadAction\",\"target\":[\"https:\/\/kapitalis.com\/tunisie\/2018\/05\/31\/qatar-airways-interessee-par-le-rachat-du-catering-de-tunisair\/\"]}]},{\"@type\":\"ImageObject\",\"inLanguage\":\"fr-FR\",\"@id\":\"https:\/\/kapitalis.com\/tunisie\/2018\/05\/31\/qatar-airways-interessee-par-le-rachat-du-catering-de-tunisair\/#primaryimage\",\"url\":\"\",\"contentUrl\":\"\"},{\"@type\":\"BreadcrumbList\",\"@id\":\"https:\/\/kapitalis.com\/tunisie\/2018\/05\/31\/qatar-airways-interessee-par-le-rachat-du-catering-de-tunisair\/#breadcrumb\",\"itemListElement\":[{\"@type\":\"ListItem\",\"position\":1,\"name\":\"Accueil\",\"item\":\"https:\/\/kapitalis.com\/tunisie\/\"},{\"@type\":\"ListItem\",\"position\":2,\"name\":\"Qatar Airways int\u00e9ress\u00e9e par le rachat du Catering de Tunisair\"}]},{\"@type\":\"WebSite\",\"@id\":\"https:\/\/kapitalis.com\/tunisie\/#website\",\"url\":\"https:\/\/kapitalis.com\/tunisie\/\",\"name\":\"Kapitalis\",\"description\":\"L&#039;actualit\u00e9 en Tunisie et dans le monde\",\"publisher\":{\"@id\":\"https:\/\/kapitalis.com\/tunisie\/#organization\"},\"potentialAction\":[{\"@type\":\"SearchAction\",\"target\":{\"@type\":\"EntryPoint\",\"urlTemplate\":\"https:\/\/kapitalis.com\/tunisie\/?s={search_term_string}\"},\"query-input\":{\"@type\":\"PropertyValueSpecification\",\"valueRequired\":true,\"valueName\":\"search_term_string\"}}],\"inLanguage\":\"fr-FR\"},{\"@type\":\"Organization\",\"@id\":\"https:\/\/kapitalis.com\/tunisie\/#organization\",\"name\":\"Kapitalis\",\"url\":\"https:\/\/kapitalis.com\/tunisie\/\",\"logo\":{\"@type\":\"ImageObject\",\"inLanguage\":\"fr-FR\",\"@id\":\"https:\/\/kapitalis.com\/tunisie\/#\/schema\/logo\/image\/\",\"url\":\"https:\/\/kapitalis.com\/tunisie\/wp-content\/uploads\/2022\/05\/Kapitalis-big-size.png\",\"contentUrl\":\"https:\/\/kapitalis.com\/tunisie\/wp-content\/uploads\/2022\/05\/Kapitalis-big-size.png\",\"width\":5000,\"height\":1500,\"caption\":\"Kapitalis\"},\"image\":{\"@id\":\"https:\/\/kapitalis.com\/tunisie\/#\/schema\/logo\/image\/\"},\"sameAs\":[\"https:\/\/www.facebook.com\/KapitalisInfo\/\",\"https:\/\/x.com\/KapitalisInfo\",\"https:\/\/www.youtube.com\/channel\/UC-yDYrHyfFBWWZaOw3FPg9Q\"]},{\"@type\":\"Person\",\"@id\":\"https:\/\/kapitalis.com\/tunisie\/#\/schema\/person\/d71f33a9ca44f7bad4698210b480c8e9\",\"name\":\"webmaster kapitalis\",\"url\":\"https:\/\/kapitalis.com\/tunisie\/author\/webmaster-kapitalis\/\"}]}<\/script>\n<!-- \/ Yoast SEO plugin. -->","yoast_head_json":{"title":"Qatar Airways int\u00e9ress\u00e9e par le rachat du Catering de Tunisair - Kapitalis","robots":{"index":"index","follow":"follow","max-snippet":"max-snippet:-1","max-image-preview":"max-image-preview:large","max-video-preview":"max-video-preview:-1"},"canonical":"https:\/\/kapitalis.com\/tunisie\/2018\/05\/31\/qatar-airways-interessee-par-le-rachat-du-catering-de-tunisair\/","og_locale":"fr_FR","og_type":"article","og_title":"Qatar Airways int\u00e9ress\u00e9e par le rachat du Catering de Tunisair - Kapitalis","og_description":"Selon le pr\u00e9sident du groupe Tunisair, Ily\u00e8s Mnakbi, des n\u00e9gociations sont en cours avec la direction de Qatar Airways pour \u00e9tablir un partenariat gagnant-gagnant entre les deux transporteurs nationaux.","og_url":"https:\/\/kapitalis.com\/tunisie\/2018\/05\/31\/qatar-airways-interessee-par-le-rachat-du-catering-de-tunisair\/","og_site_name":"Kapitalis","article_publisher":"https:\/\/www.facebook.com\/KapitalisInfo\/","article_published_time":"2018-05-31T19:40:48+00:00","og_image":[{"width":1200,"height":630,"url":"https:\/\/kapitalis.com\/tunisie\/wp-content\/uploads\/2022\/05\/kapitalis-logo-fb.png","type":"image\/png"}],"author":"webmaster kapitalis","twitter_card":"summary_large_image","twitter_creator":"@KapitalisInfo","twitter_site":"@KapitalisInfo","twitter_misc":{"\u00c9crit par":"webmaster kapitalis","Dur\u00e9e de lecture estim\u00e9e":"1 minute"},"schema":{"@context":"https:\/\/schema.org","@graph":[{"@type":"Article","@id":"https:\/\/kapitalis.com\/tunisie\/2018\/05\/31\/qatar-airways-interessee-par-le-rachat-du-catering-de-tunisair\/#article","isPartOf":{"@id":"https:\/\/kapitalis.com\/tunisie\/2018\/05\/31\/qatar-airways-interessee-par-le-rachat-du-catering-de-tunisair\/"},"author":{"name":"webmaster kapitalis","@id":"https:\/\/kapitalis.com\/tunisie\/#\/schema\/person\/d71f33a9ca44f7bad4698210b480c8e9"},"headline":"Qatar Airways int\u00e9ress\u00e9e par le rachat du Catering de Tunisair","datePublished":"2018-05-31T19:40:48+00:00","mainEntityOfPage":{"@id":"https:\/\/kapitalis.com\/tunisie\/2018\/05\/31\/qatar-airways-interessee-par-le-rachat-du-catering-de-tunisair\/"},"wordCount":212,"commentCount":4,"publisher":{"@id":"https:\/\/kapitalis.com\/tunisie\/#organization"},"image":{"@id":"https:\/\/kapitalis.com\/tunisie\/2018\/05\/31\/qatar-airways-interessee-par-le-rachat-du-catering-de-tunisair\/#primaryimage"},"thumbnailUrl":"","keywords":["aviation civile","Ilyes Mnakbi","Qatar Airways","Tunisair"],"articleSection":["ECONOMIE","Tunisie"],"inLanguage":"fr-FR","potentialAction":[{"@type":"CommentAction","name":"Comment","target":["https:\/\/kapitalis.com\/tunisie\/2018\/05\/31\/qatar-airways-interessee-par-le-rachat-du-catering-de-tunisair\/#respond"]}]},{"@type":"WebPage","@id":"https:\/\/kapitalis.com\/tunisie\/2018\/05\/31\/qatar-airways-interessee-par-le-rachat-du-catering-de-tunisair\/","url":"https:\/\/kapitalis.com\/tunisie\/2018\/05\/31\/qatar-airways-interessee-par-le-rachat-du-catering-de-tunisair\/","name":"Qatar Airways int\u00e9ress\u00e9e par le rachat du Catering de Tunisair - Kapitalis","isPartOf":{"@id":"https:\/\/kapitalis.com\/tunisie\/#website"},"primaryImageOfPage":{"@id":"https:\/\/kapitalis.com\/tunisie\/2018\/05\/31\/qatar-airways-interessee-par-le-rachat-du-catering-de-tunisair\/#primaryimage"},"image":{"@id":"https:\/\/kapitalis.com\/tunisie\/2018\/05\/31\/qatar-airways-interessee-par-le-rachat-du-catering-de-tunisair\/#primaryimage"},"thumbnailUrl":"","datePublished":"2018-05-31T19:40:48+00:00","breadcrumb":{"@id":"https:\/\/kapitalis.com\/tunisie\/2018\/05\/31\/qatar-airways-interessee-par-le-rachat-du-catering-de-tunisair\/#breadcrumb"},"inLanguage":"fr-FR","potentialAction":[{"@type":"ReadAction","target":["https:\/\/kapitalis.com\/tunisie\/2018\/05\/31\/qatar-airways-interessee-par-le-rachat-du-catering-de-tunisair\/"]}]},{"@type":"ImageObject","inLanguage":"fr-FR","@id":"https:\/\/kapitalis.com\/tunisie\/2018\/05\/31\/qatar-airways-interessee-par-le-rachat-du-catering-de-tunisair\/#primaryimage","url":"","contentUrl":""},{"@type":"BreadcrumbList","@id":"https:\/\/kapitalis.com\/tunisie\/2018\/05\/31\/qatar-airways-interessee-par-le-rachat-du-catering-de-tunisair\/#breadcrumb","itemListElement":[{"@type":"ListItem","position":1,"name":"Accueil","item":"https:\/\/kapitalis.com\/tunisie\/"},{"@type":"ListItem","position":2,"name":"Qatar Airways int\u00e9ress\u00e9e par le rachat du Catering de Tunisair"}]},{"@type":"WebSite","@id":"https:\/\/kapitalis.com\/tunisie\/#website","url":"https:\/\/kapitalis.com\/tunisie\/","name":"Kapitalis","description":"L&#039;actualit\u00e9 en Tunisie et dans le monde","publisher":{"@id":"https:\/\/kapitalis.com\/tunisie\/#organization"},"potentialAction":[{"@type":"SearchAction","target":{"@type":"EntryPoint","urlTemplate":"https:\/\/kapitalis.com\/tunisie\/?s={search_term_string}"},"query-input":{"@type":"PropertyValueSpecification","valueRequired":true,"valueName":"search_term_string"}}],"inLanguage":"fr-FR"},{"@type":"Organization","@id":"https:\/\/kapitalis.com\/tunisie\/#organization","name":"Kapitalis","url":"https:\/\/kapitalis.com\/tunisie\/","logo":{"@type":"ImageObject","inLanguage":"fr-FR","@id":"https:\/\/kapitalis.com\/tunisie\/#\/schema\/logo\/image\/","url":"https:\/\/kapitalis.com\/tunisie\/wp-content\/uploads\/2022\/05\/Kapitalis-big-size.png","contentUrl":"https:\/\/kapitalis.com\/tunisie\/wp-content\/uploads\/2022\/05\/Kapitalis-big-size.png","width":5000,"height":1500,"caption":"Kapitalis"},"image":{"@id":"https:\/\/kapitalis.com\/tunisie\/#\/schema\/logo\/image\/"},"sameAs":["https:\/\/www.facebook.com\/KapitalisInfo\/","https:\/\/x.com\/KapitalisInfo","https:\/\/www.youtube.com\/channel\/UC-yDYrHyfFBWWZaOw3FPg9Q"]},{"@type":"Person","@id":"https:\/\/kapitalis.com\/tunisie\/#\/schema\/person\/d71f33a9ca44f7bad4698210b480c8e9","name":"webmaster kapitalis","url":"https:\/\/kapitalis.com\/tunisie\/author\/webmaster-kapitalis\/"}]}},"_links":{"self":[{"href":"https:\/\/kapitalis.com\/tunisie\/wp-json\/wp\/v2\/posts\/157386","targetHints":{"allow":["GET"]}}],"collection":[{"href":"https:\/\/kapitalis.com\/tunisie\/wp-json\/wp\/v2\/posts"}],"about":[{"href":"https:\/\/kapitalis.com\/tunisie\/wp-json\/wp\/v2\/types\/post"}],"author":[{"embeddable":true,"href":"https:\/\/kapitalis.com\/tunisie\/wp-json\/wp\/v2\/users\/8"}],"replies":[{"embeddable":true,"href":"https:\/\/kapitalis.com\/tunisie\/wp-json\/wp\/v2\/comments?post=157386"}],"version-history":[{"count":0,"href":"https:\/\/kapitalis.com\/tunisie\/wp-json\/wp\/v2\/posts\/157386\/revisions"}],"wp:featuredmedia":[{"embeddable":true,"href":"https:\/\/kapitalis.com\/tunisie\/wp-json\/wp\/v2\/media\/157387"}],"wp:attachment":[{"href":"https:\/\/kapitalis.com\/tunisie\/wp-json\/wp\/v2\/media?parent=157386"}],"wp:term":[{"taxonomy":"category","embeddable":true,"href":"https:\/\/kapitalis.com\/tunisie\/wp-json\/wp\/v2\/categories?post=157386"},{"taxonomy":"post_tag","embeddable":true,"href":"https:\/\/kapitalis.com\/tunisie\/wp-json\/wp\/v2\/tags?post=157386"}],"curies":[{"name":"wp","href":"https:\/\/api.w.org\/{rel}","templated":true}]}}